{"id":28750,"date":"2025-05-21T09:00:17","date_gmt":"2025-05-21T07:00:17","guid":{"rendered":"https:\/\/www.caudete.org\/ayuntamiento\/?p=28750"},"modified":"2025-05-20T14:40:16","modified_gmt":"2025-05-20T12:40:16","slug":"finaliza-con-gran-exito-la-exposicion-un-manton-un-baile-una-fiesta-en-la-sala-jose-perezgil","status":"publish","type":"post","link":"https:\/\/www.caudete.org\/ayuntamiento\/finaliza-con-gran-exito-la-exposicion-un-manton-un-baile-una-fiesta-en-la-sala-jose-perezgil\/","title":{"rendered":"Finaliza con gran \u00e9xito la Exposici\u00f3n \u201cUn mant\u00f3n, un baile, una fiesta\u201d en la Sala Jos\u00e9 P\u00e9rezgil"},"content":{"rendered":"<p><strong>La exposici\u00f3n \u201cUn mant\u00f3n, un baile, una fiesta\u201d,<\/strong> celebrada en la <strong>Sala de Exposiciones Jos\u00e9 P\u00e9rezgil<\/strong> del 24 de abril al 18 de mayo, ha llegado a su fin con un <strong>extraordinario balance de 1.047 visitantes<\/strong>, consolid\u00e1ndose como uno de los eventos culturales m\u00e1s destacados de la temporada en Caudete.<\/p>\n<p>Organizada por la <strong>Casa de Cultura<\/strong>, con la colaboraci\u00f3n de la <strong>Cofrad\u00eda de los Bailes del Ni\u00f1o y el Taller de Arte<\/strong>, esta exposici\u00f3n rindi\u00f3 homenaje a una de las prendas m\u00e1s emblem\u00e1ticas del patrimonio textil y cultural: el <strong>mant\u00f3n de Manila<\/strong>. La muestra no solo permiti\u00f3 contemplar la riqueza est\u00e9tica y artesanal de estas piezas, sino que tambi\u00e9n profundiz\u00f3 en su historia, evoluci\u00f3n y simbolismo, especialmente en el contexto de los tradicionales <strong>Bailes de Navidad<\/strong>, donde los mantones cobran un protagonismo especial en la memoria colectiva local.<\/p>\n<p>Uno de los grandes valores de esta exposici\u00f3n fue su planteamiento educativo y divulgativo. Los mantones se organizaron en una <strong>l\u00ednea temporal hist\u00f3rica<\/strong>, permitiendo apreciar la evoluci\u00f3n de estilos y t\u00e9cnicas a lo largo de los siglos. La clasificaci\u00f3n incluy\u00f3 mantones del periodo Imperio, isabelinos y tard\u00edos, pasando por los a\u00f1os 1890\u20131930 \u2014con ejemplos como los chinos, modernistas y cupleteros\u2014 hasta llegar a modelos m\u00e1s contempor\u00e1neos, siempre con atenci\u00f3n a detalles como el bordado, el flecado y el uso simb\u00f3lico.<\/p>\n<p>Durante la inauguraci\u00f3n, se destac\u00f3 que el mant\u00f3n de Manila es una prenda que, aunque originaria de China, fue adaptada para el mercado occidental y lleg\u00f3 a Espa\u00f1a tras un largo periplo a trav\u00e9s del <strong>Gale\u00f3n de Manila<\/strong>. En sus inicios, fue un art\u00edculo de lujo reservado a las \u00e9lites, y con el tiempo se convirti\u00f3 en una herencia familiar y un s\u00edmbolo de identidad y elegancia.<\/p>\n<p>La excelente acogida por parte del p\u00fablico, tanto local como for\u00e1neo, demuestra el gran <strong>inter\u00e9s por el patrimonio cultural inmaterial<\/strong> y la necesidad de seguir impulsando propuestas que rescaten y pongan en valor nuestras tradiciones. Esta exposici\u00f3n ha sido tambi\u00e9n un acto de comunidad, en el que muchas familias han colaborado aportando sus propios mantones, acompa\u00f1ando con historias personales a cada pieza expuesta.<\/p>\n<p>Desde la Casa de Cultura, se agradece profundamente la implicaci\u00f3n de todas las personas que han hecho posible esta exposici\u00f3n, reafirmando que el <strong>mant\u00f3n no es solo una prenda, sino un s\u00edmbolo de fiesta, memoria y transmisi\u00f3n generacional<\/strong>.<\/p>\n<p><a href=\"https:\/\/www.caudete.org\/ayuntamiento\/wp-content\/uploads\/2025\/05\/FOTO-NOTICIA-2.jpg\" rel='prettyPhoto'><img fetchpriority=\"high\" decoding=\"async\" class=\"alignnone size-full wp-image-28755\" src=\"https:\/\/www.caudete.org\/ayuntamiento\/wp-content\/uploads\/2025\/05\/FOTO-NOTICIA-2.jpg\" alt=\"\" width=\"1000\" height=\"450\" srcset=\"https:\/\/www.caudete.org\/ayuntamiento\/wp-content\/uploads\/2025\/05\/FOTO-NOTICIA-2.jpg 1000w, https:\/\/www.caudete.org\/ayuntamiento\/wp-content\/uploads\/2025\/05\/FOTO-NOTICIA-2-600x270.jpg 600w, https:\/\/www.caudete.org\/ayuntamiento\/wp-content\/uploads\/2025\/05\/FOTO-NOTICIA-2-768x346.jpg 768w\" sizes=\"(max-width: 1000px) 100vw, 1000px\" \/><\/a> <a href=\"https:\/\/www.caudete.org\/ayuntamiento\/wp-content\/uploads\/2025\/05\/FOTO-NOTICIA-3.jpg\" rel='prettyPhoto'><img decoding=\"async\" class=\"alignnone size-full wp-image-28756\" src=\"https:\/\/www.caudete.org\/ayuntamiento\/wp-content\/uploads\/2025\/05\/FOTO-NOTICIA-3.jpg\" alt=\"\" width=\"1000\" height=\"450\" srcset=\"https:\/\/www.caudete.org\/ayuntamiento\/wp-content\/uploads\/2025\/05\/FOTO-NOTICIA-3.jpg 1000w, https:\/\/www.caudete.org\/ayuntamiento\/wp-content\/uploads\/2025\/05\/FOTO-NOTICIA-3-600x270.jpg 600w, https:\/\/www.caudete.org\/ayuntamiento\/wp-content\/uploads\/2025\/05\/FOTO-NOTICIA-3-768x346.jpg 768w\" sizes=\"(max-width: 1000px) 100vw, 1000px\" \/><\/a> <a href=\"https:\/\/www.caudete.org\/ayuntamiento\/wp-content\/uploads\/2025\/05\/FOTO-NOTICIA-4.jpg\" rel='prettyPhoto'><img decoding=\"async\" class=\"alignnone size-full wp-image-28757\" src=\"https:\/\/www.caudete.org\/ayuntamiento\/wp-content\/uploads\/2025\/05\/FOTO-NOTICIA-4.jpg\" alt=\"\" width=\"1000\" height=\"450\" srcset=\"https:\/\/www.caudete.org\/ayuntamiento\/wp-content\/uploads\/2025\/05\/FOTO-NOTICIA-4.jpg 1000w, https:\/\/www.caudete.org\/ayuntamiento\/wp-content\/uploads\/2025\/05\/FOTO-NOTICIA-4-600x270.jpg 600w, https:\/\/www.caudete.org\/ayuntamiento\/wp-content\/uploads\/2025\/05\/FOTO-NOTICIA-4-768x346.jpg 768w\" sizes=\"(max-width: 1000px) 100vw, 1000px\" \/><\/a> <a href=\"https:\/\/www.caudete.org\/ayuntamiento\/wp-content\/uploads\/2025\/05\/FOTO-NOTICIA-5.jpg\" rel='prettyPhoto'><img loading=\"lazy\" decoding=\"async\" class=\"alignnone size-full wp-image-28758\" src=\"https:\/\/www.caudete.org\/ayuntamiento\/wp-content\/uploads\/2025\/05\/FOTO-NOTICIA-5.jpg\" alt=\"\" width=\"1000\" height=\"450\" srcset=\"https:\/\/www.caudete.org\/ayuntamiento\/wp-content\/uploads\/2025\/05\/FOTO-NOTICIA-5.jpg 1000w, https:\/\/www.caudete.org\/ayuntamiento\/wp-content\/uploads\/2025\/05\/FOTO-NOTICIA-5-600x270.jpg 600w, https:\/\/www.caudete.org\/ayuntamiento\/wp-content\/uploads\/2025\/05\/FOTO-NOTICIA-5-768x346.jpg 768w\" sizes=\"(max-width: 1000px) 100vw, 1000px\" \/><\/a> <a href=\"https:\/\/www.caudete.org\/ayuntamiento\/wp-content\/uploads\/2025\/05\/FOTO-NOTICIA.jpg\" rel='prettyPhoto'><img loading=\"lazy\" decoding=\"async\" class=\"alignnone size-full wp-image-28759\" src=\"https:\/\/www.caudete.org\/ayuntamiento\/wp-content\/uploads\/2025\/05\/FOTO-NOTICIA.jpg\" alt=\"\" width=\"1000\" height=\"450\" srcset=\"https:\/\/www.caudete.org\/ayuntamiento\/wp-content\/uploads\/2025\/05\/FOTO-NOTICIA.jpg 1000w, https:\/\/www.caudete.org\/ayuntamiento\/wp-content\/uploads\/2025\/05\/FOTO-NOTICIA-600x270.jpg 600w, https:\/\/www.caudete.org\/ayuntamiento\/wp-content\/uploads\/2025\/05\/FOTO-NOTICIA-768x346.jpg 768w\" sizes=\"(max-width: 1000px) 100vw, 1000px\" \/><\/a> <a href=\"https:\/\/www.caudete.org\/ayuntamiento\/wp-content\/uploads\/2025\/05\/Imagen-de-WhatsApp-2025-05-19-a-las-13.33.11_86a51d9e.jpg\" rel='prettyPhoto'><img loading=\"lazy\" decoding=\"async\" class=\"alignnone size-full wp-image-28760\" src=\"https:\/\/www.caudete.org\/ayuntamiento\/wp-content\/uploads\/2025\/05\/Imagen-de-WhatsApp-2025-05-19-a-las-13.33.11_86a51d9e.jpg\" alt=\"\" width=\"1000\" height=\"450\" srcset=\"https:\/\/www.caudete.org\/ayuntamiento\/wp-content\/uploads\/2025\/05\/Imagen-de-WhatsApp-2025-05-19-a-las-13.33.11_86a51d9e.jpg 1000w, https:\/\/www.caudete.org\/ayuntamiento\/wp-content\/uploads\/2025\/05\/Imagen-de-WhatsApp-2025-05-19-a-las-13.33.11_86a51d9e-600x270.jpg 600w, https:\/\/www.caudete.org\/ayuntamiento\/wp-content\/uploads\/2025\/05\/Imagen-de-WhatsApp-2025-05-19-a-las-13.33.11_86a51d9e-768x346.jpg 768w\" sizes=\"(max-width: 1000px) 100vw, 1000px\" \/><\/a><\/p>\n","protected":false},"excerpt":{"rendered":"<p>La exposici\u00f3n \u201cUn mant\u00f3n, un baile, una fiesta\u201d, celebrada en la Sala de Exposiciones Jos\u00e9 P\u00e9rezgil del 24 de abril al 18 de mayo, ha llegado a su fin con un extraordinario balance de 1.047 visitantes, consolid\u00e1ndose como uno de los eventos culturales m\u00e1s destacados de la temporada en Caudete. Organizada por la Casa de &hellip;<\/p>\n","protected":false},"author":5,"featured_media":28754,"comment_status":"closed","ping_status":"open","sticky":false,"template":"","format":"standard","meta":{"ngg_post_thumbnail":0,"footnotes":""},"categories":[14],"tags":[],"class_list":["post-28750","post","type-post","status-publish","format-standard","has-post-thumbnail","hentry","category-cultura"],"yoast_head":"<!-- This site is optimized with the Yoast SEO plugin v27.4 - https:\/\/yoast.com\/product\/yoast-seo-wordpress\/ -->\n<title>Finaliza con gran \u00e9xito la Exposici\u00f3n \u201cUn mant\u00f3n, un baile, una fiesta\u201d en la Sala Jos\u00e9 P\u00e9rezgil - MI Ayuntamiento de Caudete<\/title>\n<meta name=\"description\" content=\"P\u00e1gina Oficial del Ayuntamiento de Caudete (Albacete)\" \/>\n<meta name=\"robots\" content=\"index, follow, max-snippet:-1, max-image-preview:large, max-video-preview:-1\" \/>\n<link rel=\"canonical\" href=\"https:\/\/www.caudete.org\/ayuntamiento\/finaliza-con-gran-exito-la-exposicion-un-manton-un-baile-una-fiesta-en-la-sala-jose-perezgil\/\" \/>\n<meta property=\"og:locale\" content=\"es_ES\" \/>\n<meta property=\"og:type\" content=\"article\" \/>\n<meta property=\"og:title\" content=\"Finaliza con gran \u00e9xito la Exposici\u00f3n \u201cUn mant\u00f3n, un baile, una fiesta\u201d en la Sala Jos\u00e9 P\u00e9rezgil - MI Ayuntamiento de Caudete\" \/>\n<meta property=\"og:description\" content=\"P\u00e1gina Oficial del Ayuntamiento de Caudete (Albacete)\" \/>\n<meta property=\"og:url\" content=\"https:\/\/www.caudete.org\/ayuntamiento\/finaliza-con-gran-exito-la-exposicion-un-manton-un-baile-una-fiesta-en-la-sala-jose-perezgil\/\" \/>\n<meta property=\"og:site_name\" content=\"MI Ayuntamiento de Caudete\" \/>\n<meta property=\"article:publisher\" content=\"https:\/\/www.facebook.com\/ayuntamientocaudete\/\" \/>\n<meta property=\"article:published_time\" content=\"2025-05-21T07:00:17+00:00\" \/>\n<meta property=\"og:image\" content=\"https:\/\/www.caudete.org\/ayuntamiento\/wp-content\/uploads\/2025\/05\/FOTO-NOTICIA-1.jpg\" \/>\n\t<meta property=\"og:image:width\" content=\"1000\" \/>\n\t<meta property=\"og:image:height\" content=\"450\" \/>\n\t<meta property=\"og:image:type\" content=\"image\/jpeg\" \/>\n<meta name=\"author\" content=\"Dpto Informatica MI Ayuntamiento de Caudete\" \/>\n<meta name=\"twitter:card\" content=\"summary_large_image\" \/>\n<meta name=\"twitter:label1\" content=\"Escrito por\" \/>\n\t<meta name=\"twitter:data1\" content=\"Dpto Informatica MI Ayuntamiento de Caudete\" \/>\n\t<meta name=\"twitter:label2\" content=\"Tiempo de lectura\" \/>\n\t<meta name=\"twitter:data2\" content=\"4 minutos\" \/>\n<script type=\"application\/ld+json\" class=\"yoast-schema-graph\">{\"@context\":\"https:\\\/\\\/schema.org\",\"@graph\":[{\"@type\":\"Article\",\"@id\":\"https:\\\/\\\/www.caudete.org\\\/ayuntamiento\\\/finaliza-con-gran-exito-la-exposicion-un-manton-un-baile-una-fiesta-en-la-sala-jose-perezgil\\\/#article\",\"isPartOf\":{\"@id\":\"https:\\\/\\\/www.caudete.org\\\/ayuntamiento\\\/finaliza-con-gran-exito-la-exposicion-un-manton-un-baile-una-fiesta-en-la-sala-jose-perezgil\\\/\"},\"author\":{\"name\":\"Dpto Informatica MI Ayuntamiento de Caudete\",\"@id\":\"https:\\\/\\\/www.caudete.org\\\/ayuntamiento\\\/#\\\/schema\\\/person\\\/4b9eab41761957db9b1bf9c418d1ef46\"},\"headline\":\"Finaliza con gran \u00e9xito la Exposici\u00f3n \u201cUn mant\u00f3n, un baile, una fiesta\u201d en la Sala Jos\u00e9 P\u00e9rezgil\",\"datePublished\":\"2025-05-21T07:00:17+00:00\",\"mainEntityOfPage\":{\"@id\":\"https:\\\/\\\/www.caudete.org\\\/ayuntamiento\\\/finaliza-con-gran-exito-la-exposicion-un-manton-un-baile-una-fiesta-en-la-sala-jose-perezgil\\\/\"},\"wordCount\":447,\"publisher\":{\"@id\":\"https:\\\/\\\/www.caudete.org\\\/ayuntamiento\\\/#organization\"},\"image\":{\"@id\":\"https:\\\/\\\/www.caudete.org\\\/ayuntamiento\\\/finaliza-con-gran-exito-la-exposicion-un-manton-un-baile-una-fiesta-en-la-sala-jose-perezgil\\\/#primaryimage\"},\"thumbnailUrl\":\"https:\\\/\\\/www.caudete.org\\\/ayuntamiento\\\/wp-content\\\/uploads\\\/2025\\\/05\\\/FOTO-NOTICIA-1.jpg\",\"articleSection\":[\"Cultura\"],\"inLanguage\":\"es\"},{\"@type\":\"WebPage\",\"@id\":\"https:\\\/\\\/www.caudete.org\\\/ayuntamiento\\\/finaliza-con-gran-exito-la-exposicion-un-manton-un-baile-una-fiesta-en-la-sala-jose-perezgil\\\/\",\"url\":\"https:\\\/\\\/www.caudete.org\\\/ayuntamiento\\\/finaliza-con-gran-exito-la-exposicion-un-manton-un-baile-una-fiesta-en-la-sala-jose-perezgil\\\/\",\"name\":\"Finaliza con gran \u00e9xito la Exposici\u00f3n \u201cUn mant\u00f3n, un baile, una fiesta\u201d en la Sala Jos\u00e9 P\u00e9rezgil - MI Ayuntamiento de Caudete\",\"isPartOf\":{\"@id\":\"https:\\\/\\\/www.caudete.org\\\/ayuntamiento\\\/#website\"},\"primaryImageOfPage\":{\"@id\":\"https:\\\/\\\/www.caudete.org\\\/ayuntamiento\\\/finaliza-con-gran-exito-la-exposicion-un-manton-un-baile-una-fiesta-en-la-sala-jose-perezgil\\\/#primaryimage\"},\"image\":{\"@id\":\"https:\\\/\\\/www.caudete.org\\\/ayuntamiento\\\/finaliza-con-gran-exito-la-exposicion-un-manton-un-baile-una-fiesta-en-la-sala-jose-perezgil\\\/#primaryimage\"},\"thumbnailUrl\":\"https:\\\/\\\/www.caudete.org\\\/ayuntamiento\\\/wp-content\\\/uploads\\\/2025\\\/05\\\/FOTO-NOTICIA-1.jpg\",\"datePublished\":\"2025-05-21T07:00:17+00:00\",\"description\":\"P\u00e1gina Oficial del Ayuntamiento de Caudete (Albacete)\",\"breadcrumb\":{\"@id\":\"https:\\\/\\\/www.caudete.org\\\/ayuntamiento\\\/finaliza-con-gran-exito-la-exposicion-un-manton-un-baile-una-fiesta-en-la-sala-jose-perezgil\\\/#breadcrumb\"},\"inLanguage\":\"es\",\"potentialAction\":[{\"@type\":\"ReadAction\",\"target\":[\"https:\\\/\\\/www.caudete.org\\\/ayuntamiento\\\/finaliza-con-gran-exito-la-exposicion-un-manton-un-baile-una-fiesta-en-la-sala-jose-perezgil\\\/\"]}]},{\"@type\":\"ImageObject\",\"inLanguage\":\"es\",\"@id\":\"https:\\\/\\\/www.caudete.org\\\/ayuntamiento\\\/finaliza-con-gran-exito-la-exposicion-un-manton-un-baile-una-fiesta-en-la-sala-jose-perezgil\\\/#primaryimage\",\"url\":\"https:\\\/\\\/www.caudete.org\\\/ayuntamiento\\\/wp-content\\\/uploads\\\/2025\\\/05\\\/FOTO-NOTICIA-1.jpg\",\"contentUrl\":\"https:\\\/\\\/www.caudete.org\\\/ayuntamiento\\\/wp-content\\\/uploads\\\/2025\\\/05\\\/FOTO-NOTICIA-1.jpg\",\"width\":1000,\"height\":450},{\"@type\":\"BreadcrumbList\",\"@id\":\"https:\\\/\\\/www.caudete.org\\\/ayuntamiento\\\/finaliza-con-gran-exito-la-exposicion-un-manton-un-baile-una-fiesta-en-la-sala-jose-perezgil\\\/#breadcrumb\",\"itemListElement\":[{\"@type\":\"ListItem\",\"position\":1,\"name\":\"Inicio\",\"item\":\"https:\\\/\\\/www.caudete.org\\\/ayuntamiento\\\/\"},{\"@type\":\"ListItem\",\"position\":2,\"name\":\"Finaliza con gran \u00e9xito la Exposici\u00f3n \u201cUn mant\u00f3n, un baile, una fiesta\u201d en la Sala Jos\u00e9 P\u00e9rezgil\"}]},{\"@type\":\"WebSite\",\"@id\":\"https:\\\/\\\/www.caudete.org\\\/ayuntamiento\\\/#website\",\"url\":\"https:\\\/\\\/www.caudete.org\\\/ayuntamiento\\\/\",\"name\":\"MI Ayuntamiento de Caudete\",\"description\":\"P\u00e1gina Oficial del MI Ayuntamiento de Caudete\",\"publisher\":{\"@id\":\"https:\\\/\\\/www.caudete.org\\\/ayuntamiento\\\/#organization\"},\"potentialAction\":[{\"@type\":\"SearchAction\",\"target\":{\"@type\":\"EntryPoint\",\"urlTemplate\":\"https:\\\/\\\/www.caudete.org\\\/ayuntamiento\\\/?s={search_term_string}\"},\"query-input\":{\"@type\":\"PropertyValueSpecification\",\"valueRequired\":true,\"valueName\":\"search_term_string\"}}],\"inLanguage\":\"es\"},{\"@type\":\"Organization\",\"@id\":\"https:\\\/\\\/www.caudete.org\\\/ayuntamiento\\\/#organization\",\"name\":\"Ayuntamiento de Caudete\",\"url\":\"https:\\\/\\\/www.caudete.org\\\/ayuntamiento\\\/\",\"logo\":{\"@type\":\"ImageObject\",\"inLanguage\":\"es\",\"@id\":\"https:\\\/\\\/www.caudete.org\\\/ayuntamiento\\\/#\\\/schema\\\/logo\\\/image\\\/\",\"url\":\"https:\\\/\\\/www.caudete.org\\\/ayuntamiento\\\/wp-content\\\/uploads\\\/2020\\\/11\\\/logo_ayuntamiento_caudete.jpg\",\"contentUrl\":\"https:\\\/\\\/www.caudete.org\\\/ayuntamiento\\\/wp-content\\\/uploads\\\/2020\\\/11\\\/logo_ayuntamiento_caudete.jpg\",\"width\":600,\"height\":150,\"caption\":\"Ayuntamiento de Caudete\"},\"image\":{\"@id\":\"https:\\\/\\\/www.caudete.org\\\/ayuntamiento\\\/#\\\/schema\\\/logo\\\/image\\\/\"},\"sameAs\":[\"https:\\\/\\\/www.facebook.com\\\/ayuntamientocaudete\\\/\",\"https:\\\/\\\/www.youtube.com\\\/channel\\\/UC6VztHaooNsGpw-tNoBEFnQ\"]},{\"@type\":\"Person\",\"@id\":\"https:\\\/\\\/www.caudete.org\\\/ayuntamiento\\\/#\\\/schema\\\/person\\\/4b9eab41761957db9b1bf9c418d1ef46\",\"name\":\"Dpto Informatica MI Ayuntamiento de Caudete\",\"image\":{\"@type\":\"ImageObject\",\"inLanguage\":\"es\",\"@id\":\"https:\\\/\\\/secure.gravatar.com\\\/avatar\\\/ac0321ee4a0a83e82a253e7b2d348ef539e2c8fe16d06b600bde04de1b364fa7?s=96&d=mm&r=g\",\"url\":\"https:\\\/\\\/secure.gravatar.com\\\/avatar\\\/ac0321ee4a0a83e82a253e7b2d348ef539e2c8fe16d06b600bde04de1b364fa7?s=96&d=mm&r=g\",\"contentUrl\":\"https:\\\/\\\/secure.gravatar.com\\\/avatar\\\/ac0321ee4a0a83e82a253e7b2d348ef539e2c8fe16d06b600bde04de1b364fa7?s=96&d=mm&r=g\",\"caption\":\"Dpto Informatica MI Ayuntamiento de Caudete\"},\"url\":\"https:\\\/\\\/www.caudete.org\\\/ayuntamiento\\\/author\\\/informatica\\\/\"}]}<\/script>\n<!-- \/ Yoast SEO plugin. -->","yoast_head_json":{"title":"Finaliza con gran \u00e9xito la Exposici\u00f3n \u201cUn mant\u00f3n, un baile, una fiesta\u201d en la Sala Jos\u00e9 P\u00e9rezgil - MI Ayuntamiento de Caudete","description":"P\u00e1gina Oficial del Ayuntamiento de Caudete (Albacete)","robots":{"index":"index","follow":"follow","max-snippet":"max-snippet:-1","max-image-preview":"max-image-preview:large","max-video-preview":"max-video-preview:-1"},"canonical":"https:\/\/www.caudete.org\/ayuntamiento\/finaliza-con-gran-exito-la-exposicion-un-manton-un-baile-una-fiesta-en-la-sala-jose-perezgil\/","og_locale":"es_ES","og_type":"article","og_title":"Finaliza con gran \u00e9xito la Exposici\u00f3n \u201cUn mant\u00f3n, un baile, una fiesta\u201d en la Sala Jos\u00e9 P\u00e9rezgil - MI Ayuntamiento de Caudete","og_description":"P\u00e1gina Oficial del Ayuntamiento de Caudete (Albacete)","og_url":"https:\/\/www.caudete.org\/ayuntamiento\/finaliza-con-gran-exito-la-exposicion-un-manton-un-baile-una-fiesta-en-la-sala-jose-perezgil\/","og_site_name":"MI Ayuntamiento de Caudete","article_publisher":"https:\/\/www.facebook.com\/ayuntamientocaudete\/","article_published_time":"2025-05-21T07:00:17+00:00","og_image":[{"width":1000,"height":450,"url":"https:\/\/www.caudete.org\/ayuntamiento\/wp-content\/uploads\/2025\/05\/FOTO-NOTICIA-1.jpg","type":"image\/jpeg"}],"author":"Dpto Informatica MI Ayuntamiento de Caudete","twitter_card":"summary_large_image","twitter_misc":{"Escrito por":"Dpto Informatica MI Ayuntamiento de Caudete","Tiempo de lectura":"4 minutos"},"schema":{"@context":"https:\/\/schema.org","@graph":[{"@type":"Article","@id":"https:\/\/www.caudete.org\/ayuntamiento\/finaliza-con-gran-exito-la-exposicion-un-manton-un-baile-una-fiesta-en-la-sala-jose-perezgil\/#article","isPartOf":{"@id":"https:\/\/www.caudete.org\/ayuntamiento\/finaliza-con-gran-exito-la-exposicion-un-manton-un-baile-una-fiesta-en-la-sala-jose-perezgil\/"},"author":{"name":"Dpto Informatica MI Ayuntamiento de Caudete","@id":"https:\/\/www.caudete.org\/ayuntamiento\/#\/schema\/person\/4b9eab41761957db9b1bf9c418d1ef46"},"headline":"Finaliza con gran \u00e9xito la Exposici\u00f3n \u201cUn mant\u00f3n, un baile, una fiesta\u201d en la Sala Jos\u00e9 P\u00e9rezgil","datePublished":"2025-05-21T07:00:17+00:00","mainEntityOfPage":{"@id":"https:\/\/www.caudete.org\/ayuntamiento\/finaliza-con-gran-exito-la-exposicion-un-manton-un-baile-una-fiesta-en-la-sala-jose-perezgil\/"},"wordCount":447,"publisher":{"@id":"https:\/\/www.caudete.org\/ayuntamiento\/#organization"},"image":{"@id":"https:\/\/www.caudete.org\/ayuntamiento\/finaliza-con-gran-exito-la-exposicion-un-manton-un-baile-una-fiesta-en-la-sala-jose-perezgil\/#primaryimage"},"thumbnailUrl":"https:\/\/www.caudete.org\/ayuntamiento\/wp-content\/uploads\/2025\/05\/FOTO-NOTICIA-1.jpg","articleSection":["Cultura"],"inLanguage":"es"},{"@type":"WebPage","@id":"https:\/\/www.caudete.org\/ayuntamiento\/finaliza-con-gran-exito-la-exposicion-un-manton-un-baile-una-fiesta-en-la-sala-jose-perezgil\/","url":"https:\/\/www.caudete.org\/ayuntamiento\/finaliza-con-gran-exito-la-exposicion-un-manton-un-baile-una-fiesta-en-la-sala-jose-perezgil\/","name":"Finaliza con gran \u00e9xito la Exposici\u00f3n \u201cUn mant\u00f3n, un baile, una fiesta\u201d en la Sala Jos\u00e9 P\u00e9rezgil - MI Ayuntamiento de Caudete","isPartOf":{"@id":"https:\/\/www.caudete.org\/ayuntamiento\/#website"},"primaryImageOfPage":{"@id":"https:\/\/www.caudete.org\/ayuntamiento\/finaliza-con-gran-exito-la-exposicion-un-manton-un-baile-una-fiesta-en-la-sala-jose-perezgil\/#primaryimage"},"image":{"@id":"https:\/\/www.caudete.org\/ayuntamiento\/finaliza-con-gran-exito-la-exposicion-un-manton-un-baile-una-fiesta-en-la-sala-jose-perezgil\/#primaryimage"},"thumbnailUrl":"https:\/\/www.caudete.org\/ayuntamiento\/wp-content\/uploads\/2025\/05\/FOTO-NOTICIA-1.jpg","datePublished":"2025-05-21T07:00:17+00:00","description":"P\u00e1gina Oficial del Ayuntamiento de Caudete (Albacete)","breadcrumb":{"@id":"https:\/\/www.caudete.org\/ayuntamiento\/finaliza-con-gran-exito-la-exposicion-un-manton-un-baile-una-fiesta-en-la-sala-jose-perezgil\/#breadcrumb"},"inLanguage":"es","potentialAction":[{"@type":"ReadAction","target":["https:\/\/www.caudete.org\/ayuntamiento\/finaliza-con-gran-exito-la-exposicion-un-manton-un-baile-una-fiesta-en-la-sala-jose-perezgil\/"]}]},{"@type":"ImageObject","inLanguage":"es","@id":"https:\/\/www.caudete.org\/ayuntamiento\/finaliza-con-gran-exito-la-exposicion-un-manton-un-baile-una-fiesta-en-la-sala-jose-perezgil\/#primaryimage","url":"https:\/\/www.caudete.org\/ayuntamiento\/wp-content\/uploads\/2025\/05\/FOTO-NOTICIA-1.jpg","contentUrl":"https:\/\/www.caudete.org\/ayuntamiento\/wp-content\/uploads\/2025\/05\/FOTO-NOTICIA-1.jpg","width":1000,"height":450},{"@type":"BreadcrumbList","@id":"https:\/\/www.caudete.org\/ayuntamiento\/finaliza-con-gran-exito-la-exposicion-un-manton-un-baile-una-fiesta-en-la-sala-jose-perezgil\/#breadcrumb","itemListElement":[{"@type":"ListItem","position":1,"name":"Inicio","item":"https:\/\/www.caudete.org\/ayuntamiento\/"},{"@type":"ListItem","position":2,"name":"Finaliza con gran \u00e9xito la Exposici\u00f3n \u201cUn mant\u00f3n, un baile, una fiesta\u201d en la Sala Jos\u00e9 P\u00e9rezgil"}]},{"@type":"WebSite","@id":"https:\/\/www.caudete.org\/ayuntamiento\/#website","url":"https:\/\/www.caudete.org\/ayuntamiento\/","name":"MI Ayuntamiento de Caudete","description":"P\u00e1gina Oficial del MI Ayuntamiento de Caudete","publisher":{"@id":"https:\/\/www.caudete.org\/ayuntamiento\/#organization"},"potentialAction":[{"@type":"SearchAction","target":{"@type":"EntryPoint","urlTemplate":"https:\/\/www.caudete.org\/ayuntamiento\/?s={search_term_string}"},"query-input":{"@type":"PropertyValueSpecification","valueRequired":true,"valueName":"search_term_string"}}],"inLanguage":"es"},{"@type":"Organization","@id":"https:\/\/www.caudete.org\/ayuntamiento\/#organization","name":"Ayuntamiento de Caudete","url":"https:\/\/www.caudete.org\/ayuntamiento\/","logo":{"@type":"ImageObject","inLanguage":"es","@id":"https:\/\/www.caudete.org\/ayuntamiento\/#\/schema\/logo\/image\/","url":"https:\/\/www.caudete.org\/ayuntamiento\/wp-content\/uploads\/2020\/11\/logo_ayuntamiento_caudete.jpg","contentUrl":"https:\/\/www.caudete.org\/ayuntamiento\/wp-content\/uploads\/2020\/11\/logo_ayuntamiento_caudete.jpg","width":600,"height":150,"caption":"Ayuntamiento de Caudete"},"image":{"@id":"https:\/\/www.caudete.org\/ayuntamiento\/#\/schema\/logo\/image\/"},"sameAs":["https:\/\/www.facebook.com\/ayuntamientocaudete\/","https:\/\/www.youtube.com\/channel\/UC6VztHaooNsGpw-tNoBEFnQ"]},{"@type":"Person","@id":"https:\/\/www.caudete.org\/ayuntamiento\/#\/schema\/person\/4b9eab41761957db9b1bf9c418d1ef46","name":"Dpto Informatica MI Ayuntamiento de Caudete","image":{"@type":"ImageObject","inLanguage":"es","@id":"https:\/\/secure.gravatar.com\/avatar\/ac0321ee4a0a83e82a253e7b2d348ef539e2c8fe16d06b600bde04de1b364fa7?s=96&d=mm&r=g","url":"https:\/\/secure.gravatar.com\/avatar\/ac0321ee4a0a83e82a253e7b2d348ef539e2c8fe16d06b600bde04de1b364fa7?s=96&d=mm&r=g","contentUrl":"https:\/\/secure.gravatar.com\/avatar\/ac0321ee4a0a83e82a253e7b2d348ef539e2c8fe16d06b600bde04de1b364fa7?s=96&d=mm&r=g","caption":"Dpto Informatica MI Ayuntamiento de Caudete"},"url":"https:\/\/www.caudete.org\/ayuntamiento\/author\/informatica\/"}]}},"_links":{"self":[{"href":"https:\/\/www.caudete.org\/ayuntamiento\/wp-json\/wp\/v2\/posts\/28750","targetHints":{"allow":["GET"]}}],"collection":[{"href":"https:\/\/www.caudete.org\/ayuntamiento\/wp-json\/wp\/v2\/posts"}],"about":[{"href":"https:\/\/www.caudete.org\/ayuntamiento\/wp-json\/wp\/v2\/types\/post"}],"author":[{"embeddable":true,"href":"https:\/\/www.caudete.org\/ayuntamiento\/wp-json\/wp\/v2\/users\/5"}],"replies":[{"embeddable":true,"href":"https:\/\/www.caudete.org\/ayuntamiento\/wp-json\/wp\/v2\/comments?post=28750"}],"version-history":[{"count":4,"href":"https:\/\/www.caudete.org\/ayuntamiento\/wp-json\/wp\/v2\/posts\/28750\/revisions"}],"predecessor-version":[{"id":28761,"href":"https:\/\/www.caudete.org\/ayuntamiento\/wp-json\/wp\/v2\/posts\/28750\/revisions\/28761"}],"wp:featuredmedia":[{"embeddable":true,"href":"https:\/\/www.caudete.org\/ayuntamiento\/wp-json\/wp\/v2\/media\/28754"}],"wp:attachment":[{"href":"https:\/\/www.caudete.org\/ayuntamiento\/wp-json\/wp\/v2\/media?parent=28750"}],"wp:term":[{"taxonomy":"category","embeddable":true,"href":"https:\/\/www.caudete.org\/ayuntamiento\/wp-json\/wp\/v2\/categories?post=28750"},{"taxonomy":"post_tag","embeddable":true,"href":"https:\/\/www.caudete.org\/ayuntamiento\/wp-json\/wp\/v2\/tags?post=28750"}],"curies":[{"name":"wp","href":"https:\/\/api.w.org\/{rel}","templated":true}]}}