{"id":28762,"date":"2025-05-22T15:16:32","date_gmt":"2025-05-22T13:16:32","guid":{"rendered":"https:\/\/www.caudete.org\/ayuntamiento\/?p=28762"},"modified":"2025-05-23T09:08:37","modified_gmt":"2025-05-23T07:08:37","slug":"el-ayuntamiento-ajusta-la-tasa-del-agua-41-cts-de-media-el-m%c2%b3-y-el-gobierno-de-clm-nos-impone-un-canon-o-impuesto-de-54-cts-de-media-el-m%c2%b3","status":"publish","type":"post","link":"https:\/\/www.caudete.org\/ayuntamiento\/el-ayuntamiento-ajusta-la-tasa-del-agua-41-cts-de-media-el-m%c2%b3-y-el-gobierno-de-clm-nos-impone-un-canon-o-impuesto-de-54-cts-de-media-el-m%c2%b3\/","title":{"rendered":"El Ayuntamiento ajusta la tasa del agua 41 cts de media el m\u00b3, y el Gobierno de CLM nos impone un  Canon (o impuesto) de  54 cts de media el m\u00b3"},"content":{"rendered":"<p>Antes de comenzar a explicar en que consisten la aplicaci\u00f3n de la tasa y el canon (o impuesto) que anuncia el titular, creo que es conveniente explicar, una vez m\u00e1s, en que consiste cada cosa con el fin de evitar malos entendidos.<\/p>\n<p><span style=\"text-decoration: underline;\"><strong>Una tasa<\/strong><\/span> es el precio que se paga por un servicio que se recibe, en este caso el suministro de agua y la depuraci\u00f3n. La ley exige, y el sentido com\u00fan tambi\u00e9n, que su importe sea el equivalente al costo que genera la prestaci\u00f3n de dicho servicio, nunca mayor. Cuando se presta un servicio X y se cobra menos de su costo al usuario que se beneficia de el, quiere decir, que la diferencia la pagamos entre los dem\u00e1s caudetanos a trav\u00e9s de pr\u00e9stamos o impuestos.<\/p>\n<p>Por poner un ejemplo: es como si alguien lleva su coche al taller a reparar, la factura asciende a 1.000\u20ac el due\u00f1o solo paga 500 y los otros 500 nos los cobran al resto del pueblo \u00bfte parece justo esto? \u00bfa que no? Pues eso es lo que est\u00e1 ocurriendo, por eso la hemos ajustado.<\/p>\n<p><span style=\"text-decoration: underline;\"><strong>El canon (o impuesto) de CLM<\/strong><\/span> es, en este caso, lo que nos va a cobrar el gobierno de Castilla &#8211; La Mancha a casi todos los castellanomanchegos, y a los caudetanos como es l\u00f3gico tambi\u00e9n, sin prestarnos ning\u00fan tipo de servicio a cambio, ninguno.<\/p>\n<p>Bien, una vez aclarados los t\u00e9rminos que vamos a manejar en este comunicado, paso a explicar como nos afectan.<\/p>\n<h3>Modificaci\u00f3n precio suministro del agua<\/h3>\n<p>A finales de 2024 el Ayuntamiento de Caudete se vio obligado a actualizar varias tasas Municipales entre las que se encontraba la del agua, por ser tremendamente deficitaria, tanto es as\u00ed, que para equilibrar los costes reales del servicio con el importe de la tasa nos hemos visto obligados a aumentar un 84% el importe de esta.<\/p>\n<p>Para que os hag\u00e1is una idea, os voy a facilitar los datos econ\u00f3micos de estos servicios:<\/p>\n<p><strong>Coste del servicio de suministro de agua en 2023:<\/strong> 699.643\u20ac<\/p>\n<p><strong>Ingresos por venta de agua en 2023<\/strong>: 379.621\u20ac<\/p>\n<p><strong>DIFERENCIA (d\u00e9ficit o p\u00e9rdida) en 2023: 320.022\u20ac<\/strong> esto, solamente con el agua, pero no olvidemos que en el Ayuntamiento se prestan muchos m\u00e1s servicios que tambi\u00e9n son deficitarios.<\/p>\n<p>La repercusi\u00f3n del ajuste de precios que hemos tenido que aplicar es el siguiente:<\/p>\n<ul>\n<li>1er tramo facturado: 22 cts de \u20ac x m<sup>3<\/sup><\/li>\n<li>2\u00ba tramo facturado: 40 cts de \u20ac x m<sup>3<\/sup><\/li>\n<li>3er tramo facturado: 50 cts de \u20ac x m\u00b3<\/li>\n<li>4\u00ba tramo facturado: 52 cts de \u20ac. x m<sup>3<\/sup><\/li>\n<\/ul>\n<p><strong>La media del ajuste de todos los tramos es de 41 cts de euros por m\u00b3 de agua (cada 1.000 L).<\/strong><br \/>\n<strong>Este ajuste comenzar\u00e1 a aplicarse a partir del tercer trimestre de 2025.<\/strong><\/p>\n<h3>Modificaci\u00f3n precio del alcantarillado<\/h3>\n<p>En el caso del alcantarillado que, como sab\u00e9is, tambi\u00e9n se cobra en la misma factura, ocurr\u00eda algo similar. Los n\u00fameros en 2023 fueron los siguientes: El d\u00e9ficit entre gastos e ingresos fue de <strong>36.884\u20ac<\/strong> por lo que el incremento necesario para evitar este d\u00e9ficit es de un 74%. <strong>La media ajustada en todos los tramos es de 38 cts por m\u00b3 (cada 1.000L) de agua depurada.<\/strong><\/p>\n<p><strong>Este ajuste comenzar\u00e1 a aplicarse a partir del primer trimestre de 2025.<\/strong><\/p>\n<p>Continuar como est\u00e1bamos hasta ahora, ech\u00e1ndonos trampas al solitario \u00bfes sostenible? Indudablemente no, hab\u00eda que ajustar el importe de ambas tasas con su coste real.<\/p>\n<h3>Implantaci\u00f3n Canon Medioambiental<\/h3>\n<p>Respecto al canon (o impuesto) del agua que, por primera vez,<strong> nos va a cobrar el gobierno de Castilla \u2013 La Mancha<\/strong> hay muy pocos datos que aportar, pero vamos a intentar hacer una comparativa con el ajuste realizado en la tasa del agua del Ayuntamiento:<\/p>\n<p><strong>Coste previsto del servicio para CLM: 0\u20ac<\/strong>&#8230; no presta ning\u00fan servicio.<\/p>\n<p><strong>Ingresos por este canon<\/strong> (o impuesto) <strong>en el primer trimestre de 2025 para el gobierno de CLM solamente en Caudete: 61.040\u20ac.<\/strong><\/p>\n<p><strong>DIFERENCIA (d\u00e9ficit o p\u00e9rdida para gobierno de CLM):<\/strong> 0\u20ac. todo son beneficios y, adem\u00e1s, el Ayuntamiento tiene que asumir los costos de gesti\u00f3n del cobro y, el pago del canon (o impuesto) que son considerables, as\u00ed como los impagos que se produzcan.<\/p>\n<p>Este nuevo canon (o impuesto) del gobierno de CLM incrementa el precio del m\u00b3 una <strong>media de 54 c\u00e9ntimos de euro, <\/strong>es decir,<strong> 13 cts m\u00e1s que el ajuste realizado en la tasa del agua del Ayuntamiento <\/strong>y, sin ofrecernos ning\u00fan tipo de servicio o prestaci\u00f3n a los caudetanos.<\/p>\n<p><a href=\"https:\/\/www.caudete.org\/ayuntamiento\/wp-content\/uploads\/2025\/05\/canonpartefija.jpg\" rel='prettyPhoto'><img fetchpriority=\"high\" decoding=\"async\" class=\"alignnone size-full wp-image-28766\" src=\"https:\/\/www.caudete.org\/ayuntamiento\/wp-content\/uploads\/2025\/05\/canonpartefija.jpg\" alt=\"\" width=\"651\" height=\"261\" srcset=\"https:\/\/www.caudete.org\/ayuntamiento\/wp-content\/uploads\/2025\/05\/canonpartefija.jpg 651w, https:\/\/www.caudete.org\/ayuntamiento\/wp-content\/uploads\/2025\/05\/canonpartefija-600x241.jpg 600w\" sizes=\"(max-width: 651px) 100vw, 651px\" \/><\/a><\/p>\n<h3>Cambios en la factura del agua<\/h3>\n<p>Como consecuencia de todo lo anterior, la pr\u00f3xima factura del agua y alcantarillado quedar\u00eda como sigue:<\/p>\n<p><a href=\"https:\/\/www.caudete.org\/ayuntamiento\/wp-content\/uploads\/2025\/05\/Cambiotarifasdepuracionycanon.jpg\" rel='prettyPhoto'><img decoding=\"async\" class=\"alignnone size-full wp-image-28764\" src=\"https:\/\/www.caudete.org\/ayuntamiento\/wp-content\/uploads\/2025\/05\/Cambiotarifasdepuracionycanon.jpg\" alt=\"\" width=\"602\" height=\"655\" srcset=\"https:\/\/www.caudete.org\/ayuntamiento\/wp-content\/uploads\/2025\/05\/Cambiotarifasdepuracionycanon.jpg 602w, https:\/\/www.caudete.org\/ayuntamiento\/wp-content\/uploads\/2025\/05\/Cambiotarifasdepuracionycanon-368x400.jpg 368w\" sizes=\"(max-width: 602px) 100vw, 602px\" \/><\/a><\/p>\n<p>Para terminar, deciros que, en todo este impuestazo del Gobierno de CLM, el Ayuntamiento no tiene nada que ver, y que tan solo somos un mero\u00a0 intermediario para cobraros y pagarles a ellos lo cobrado y, el Ayuntamiento, tambi\u00e9n les pagar\u00e1 por el agua consumida, igual que vosotros.<\/p>\n<h3><strong>IMPORTANTISIMO:<\/strong><\/h3>\n<p>Si necesita alguna aclaraci\u00f3n o realizar alguna reclamaci\u00f3n (familia numerosa, vulnerabilidad, etc) deber\u00e1 dirigirse a la Junta de Comunidades de Castilla-La Mancha o con la Agencia del Agua de Castilla-La Mancha, que son quienes tienen la potestad para resolver todas las cuestiones que le puedan afectar: Tlf: 925259212 o al correo: <a href=\"mailto:canondma.info@jccm.es\" target=\"_blank\" rel=\"nofollow\">canondma.info@jccm.es<\/a><\/p>\n<p><strong>Insisto como siempre. Para mejorar el servicio del agua necesitamos vuestra colaboraci\u00f3n, que cuando surja un problema, de cualquier \u00edndole, os pong\u00e1is en contacto con nosotros llamando al siguiente tel\u00e9fono: 96 582 58 69 y con la mayor brevedad posible se os atender\u00e1.<\/strong><\/p>\n<p style=\"text-align: center;\"><span style=\"color: #72cfce;\"><strong><em><u>\u00a1\u00a1En la Concejal\u00eda del Ciclo Integral del Agua nos esforzamos en dar un buen servicio y gestionar bien tu dinero!!<\/u><\/em><\/strong><\/span><\/p>\n","protected":false},"excerpt":{"rendered":"<p>Antes de comenzar a explicar en que consisten la aplicaci\u00f3n de la tasa y el canon (o impuesto) que anuncia el titular, creo que es conveniente explicar, una vez m\u00e1s, en que consiste cada cosa con el fin de evitar malos entendidos. Una tasa es el precio que se paga por un servicio que se &hellip;<\/p>\n","protected":false},"author":5,"featured_media":16555,"comment_status":"closed","ping_status":"open","sticky":false,"template":"","format":"standard","meta":{"ngg_post_thumbnail":0,"footnotes":""},"categories":[49],"tags":[],"class_list":["post-28762","post","type-post","status-publish","format-standard","has-post-thumbnail","hentry","category-ciclo-integral-del-agua"],"yoast_head":"<!-- This site is optimized with the Yoast SEO plugin v27.5 - https:\/\/yoast.com\/product\/yoast-seo-wordpress\/ -->\n<title>El Ayuntamiento ajusta la tasa del agua 41 cts de media el m\u00b3, y el Gobierno de CLM nos impone un Canon (o impuesto) de 54 cts de media el m\u00b3 - MI Ayuntamiento de Caudete<\/title>\n<meta name=\"description\" content=\"P\u00e1gina Oficial del Ayuntamiento de Caudete (Albacete)\" \/>\n<meta name=\"robots\" content=\"index, follow, max-snippet:-1, max-image-preview:large, max-video-preview:-1\" \/>\n<link rel=\"canonical\" href=\"https:\/\/www.caudete.org\/ayuntamiento\/el-ayuntamiento-ajusta-la-tasa-del-agua-41-cts-de-media-el-m\u00b3-y-el-gobierno-de-clm-nos-impone-un-canon-o-impuesto-de-54-cts-de-media-el-m\u00b3\/\" \/>\n<meta property=\"og:locale\" content=\"es_ES\" \/>\n<meta property=\"og:type\" content=\"article\" \/>\n<meta property=\"og:title\" content=\"El Ayuntamiento ajusta la tasa del agua 41 cts de media el m\u00b3, y el Gobierno de CLM nos impone un Canon (o impuesto) de 54 cts de media el m\u00b3 - MI Ayuntamiento de Caudete\" \/>\n<meta property=\"og:description\" content=\"P\u00e1gina Oficial del Ayuntamiento de Caudete (Albacete)\" \/>\n<meta property=\"og:url\" content=\"https:\/\/www.caudete.org\/ayuntamiento\/el-ayuntamiento-ajusta-la-tasa-del-agua-41-cts-de-media-el-m\u00b3-y-el-gobierno-de-clm-nos-impone-un-canon-o-impuesto-de-54-cts-de-media-el-m\u00b3\/\" \/>\n<meta property=\"og:site_name\" content=\"MI Ayuntamiento de Caudete\" \/>\n<meta property=\"article:publisher\" content=\"https:\/\/www.facebook.com\/ayuntamientocaudete\/\" \/>\n<meta property=\"article:published_time\" content=\"2025-05-22T13:16:32+00:00\" \/>\n<meta property=\"article:modified_time\" content=\"2025-05-23T07:08:37+00:00\" \/>\n<meta property=\"og:image\" content=\"https:\/\/www.caudete.org\/ayuntamiento\/wp-content\/uploads\/2021\/10\/agua.jpg\" \/>\n\t<meta property=\"og:image:width\" content=\"800\" \/>\n\t<meta property=\"og:image:height\" content=\"397\" \/>\n\t<meta property=\"og:image:type\" content=\"image\/jpeg\" \/>\n<meta name=\"author\" content=\"Dpto Informatica MI Ayuntamiento de Caudete\" \/>\n<meta name=\"twitter:card\" content=\"summary_large_image\" \/>\n<meta name=\"twitter:label1\" content=\"Escrito por\" \/>\n\t<meta name=\"twitter:data1\" content=\"Dpto Informatica MI Ayuntamiento de Caudete\" \/>\n\t<meta name=\"twitter:label2\" content=\"Tiempo de lectura\" \/>\n\t<meta name=\"twitter:data2\" content=\"5 minutos\" \/>\n<script type=\"application\/ld+json\" class=\"yoast-schema-graph\">{\"@context\":\"https:\\\/\\\/schema.org\",\"@graph\":[{\"@type\":\"Article\",\"@id\":\"https:\\\/\\\/www.caudete.org\\\/ayuntamiento\\\/el-ayuntamiento-ajusta-la-tasa-del-agua-41-cts-de-media-el-m%c2%b3-y-el-gobierno-de-clm-nos-impone-un-canon-o-impuesto-de-54-cts-de-media-el-m%c2%b3\\\/#article\",\"isPartOf\":{\"@id\":\"https:\\\/\\\/www.caudete.org\\\/ayuntamiento\\\/el-ayuntamiento-ajusta-la-tasa-del-agua-41-cts-de-media-el-m%c2%b3-y-el-gobierno-de-clm-nos-impone-un-canon-o-impuesto-de-54-cts-de-media-el-m%c2%b3\\\/\"},\"author\":{\"name\":\"Dpto Informatica MI Ayuntamiento de Caudete\",\"@id\":\"https:\\\/\\\/www.caudete.org\\\/ayuntamiento\\\/#\\\/schema\\\/person\\\/4b9eab41761957db9b1bf9c418d1ef46\"},\"headline\":\"El Ayuntamiento ajusta la tasa del agua 41 cts de media el m\u00b3, y el Gobierno de CLM nos impone un Canon (o impuesto) de 54 cts de media el m\u00b3\",\"datePublished\":\"2025-05-22T13:16:32+00:00\",\"dateModified\":\"2025-05-23T07:08:37+00:00\",\"mainEntityOfPage\":{\"@id\":\"https:\\\/\\\/www.caudete.org\\\/ayuntamiento\\\/el-ayuntamiento-ajusta-la-tasa-del-agua-41-cts-de-media-el-m%c2%b3-y-el-gobierno-de-clm-nos-impone-un-canon-o-impuesto-de-54-cts-de-media-el-m%c2%b3\\\/\"},\"wordCount\":961,\"image\":{\"@id\":\"https:\\\/\\\/www.caudete.org\\\/ayuntamiento\\\/el-ayuntamiento-ajusta-la-tasa-del-agua-41-cts-de-media-el-m%c2%b3-y-el-gobierno-de-clm-nos-impone-un-canon-o-impuesto-de-54-cts-de-media-el-m%c2%b3\\\/#primaryimage\"},\"thumbnailUrl\":\"https:\\\/\\\/www.caudete.org\\\/ayuntamiento\\\/wp-content\\\/uploads\\\/2021\\\/10\\\/agua.jpg\",\"articleSection\":[\"Ciclo Integral del Agua\"],\"inLanguage\":\"es\"},{\"@type\":\"WebPage\",\"@id\":\"https:\\\/\\\/www.caudete.org\\\/ayuntamiento\\\/el-ayuntamiento-ajusta-la-tasa-del-agua-41-cts-de-media-el-m%c2%b3-y-el-gobierno-de-clm-nos-impone-un-canon-o-impuesto-de-54-cts-de-media-el-m%c2%b3\\\/\",\"url\":\"https:\\\/\\\/www.caudete.org\\\/ayuntamiento\\\/el-ayuntamiento-ajusta-la-tasa-del-agua-41-cts-de-media-el-m%c2%b3-y-el-gobierno-de-clm-nos-impone-un-canon-o-impuesto-de-54-cts-de-media-el-m%c2%b3\\\/\",\"name\":\"El Ayuntamiento ajusta la tasa del agua 41 cts de media el m\u00b3, y el Gobierno de CLM nos impone un Canon (o impuesto) de 54 cts de media el m\u00b3 - MI Ayuntamiento de Caudete\",\"isPartOf\":{\"@id\":\"https:\\\/\\\/www.caudete.org\\\/ayuntamiento\\\/#website\"},\"primaryImageOfPage\":{\"@id\":\"https:\\\/\\\/www.caudete.org\\\/ayuntamiento\\\/el-ayuntamiento-ajusta-la-tasa-del-agua-41-cts-de-media-el-m%c2%b3-y-el-gobierno-de-clm-nos-impone-un-canon-o-impuesto-de-54-cts-de-media-el-m%c2%b3\\\/#primaryimage\"},\"image\":{\"@id\":\"https:\\\/\\\/www.caudete.org\\\/ayuntamiento\\\/el-ayuntamiento-ajusta-la-tasa-del-agua-41-cts-de-media-el-m%c2%b3-y-el-gobierno-de-clm-nos-impone-un-canon-o-impuesto-de-54-cts-de-media-el-m%c2%b3\\\/#primaryimage\"},\"thumbnailUrl\":\"https:\\\/\\\/www.caudete.org\\\/ayuntamiento\\\/wp-content\\\/uploads\\\/2021\\\/10\\\/agua.jpg\",\"datePublished\":\"2025-05-22T13:16:32+00:00\",\"dateModified\":\"2025-05-23T07:08:37+00:00\",\"author\":{\"@id\":\"https:\\\/\\\/www.caudete.org\\\/ayuntamiento\\\/#\\\/schema\\\/person\\\/4b9eab41761957db9b1bf9c418d1ef46\"},\"description\":\"P\u00e1gina Oficial del Ayuntamiento de Caudete (Albacete)\",\"breadcrumb\":{\"@id\":\"https:\\\/\\\/www.caudete.org\\\/ayuntamiento\\\/el-ayuntamiento-ajusta-la-tasa-del-agua-41-cts-de-media-el-m%c2%b3-y-el-gobierno-de-clm-nos-impone-un-canon-o-impuesto-de-54-cts-de-media-el-m%c2%b3\\\/#breadcrumb\"},\"inLanguage\":\"es\",\"potentialAction\":[{\"@type\":\"ReadAction\",\"target\":[\"https:\\\/\\\/www.caudete.org\\\/ayuntamiento\\\/el-ayuntamiento-ajusta-la-tasa-del-agua-41-cts-de-media-el-m%c2%b3-y-el-gobierno-de-clm-nos-impone-un-canon-o-impuesto-de-54-cts-de-media-el-m%c2%b3\\\/\"]}]},{\"@type\":\"ImageObject\",\"inLanguage\":\"es\",\"@id\":\"https:\\\/\\\/www.caudete.org\\\/ayuntamiento\\\/el-ayuntamiento-ajusta-la-tasa-del-agua-41-cts-de-media-el-m%c2%b3-y-el-gobierno-de-clm-nos-impone-un-canon-o-impuesto-de-54-cts-de-media-el-m%c2%b3\\\/#primaryimage\",\"url\":\"https:\\\/\\\/www.caudete.org\\\/ayuntamiento\\\/wp-content\\\/uploads\\\/2021\\\/10\\\/agua.jpg\",\"contentUrl\":\"https:\\\/\\\/www.caudete.org\\\/ayuntamiento\\\/wp-content\\\/uploads\\\/2021\\\/10\\\/agua.jpg\",\"width\":800,\"height\":397,\"caption\":\"Corte agua\"},{\"@type\":\"BreadcrumbList\",\"@id\":\"https:\\\/\\\/www.caudete.org\\\/ayuntamiento\\\/el-ayuntamiento-ajusta-la-tasa-del-agua-41-cts-de-media-el-m%c2%b3-y-el-gobierno-de-clm-nos-impone-un-canon-o-impuesto-de-54-cts-de-media-el-m%c2%b3\\\/#breadcrumb\",\"itemListElement\":[{\"@type\":\"ListItem\",\"position\":1,\"name\":\"Inicio\",\"item\":\"https:\\\/\\\/www.caudete.org\\\/ayuntamiento\\\/\"},{\"@type\":\"ListItem\",\"position\":2,\"name\":\"El Ayuntamiento ajusta la tasa del agua 41 cts de media el m\u00b3, y el Gobierno de CLM nos impone un Canon (o impuesto) de 54 cts de media el m\u00b3\"}]},{\"@type\":\"WebSite\",\"@id\":\"https:\\\/\\\/www.caudete.org\\\/ayuntamiento\\\/#website\",\"url\":\"https:\\\/\\\/www.caudete.org\\\/ayuntamiento\\\/\",\"name\":\"MI Ayuntamiento de Caudete\",\"description\":\"P\u00e1gina Oficial del MI Ayuntamiento de Caudete\",\"potentialAction\":[{\"@type\":\"SearchAction\",\"target\":{\"@type\":\"EntryPoint\",\"urlTemplate\":\"https:\\\/\\\/www.caudete.org\\\/ayuntamiento\\\/?s={search_term_string}\"},\"query-input\":{\"@type\":\"PropertyValueSpecification\",\"valueRequired\":true,\"valueName\":\"search_term_string\"}}],\"inLanguage\":\"es\"},{\"@type\":\"Person\",\"@id\":\"https:\\\/\\\/www.caudete.org\\\/ayuntamiento\\\/#\\\/schema\\\/person\\\/4b9eab41761957db9b1bf9c418d1ef46\",\"name\":\"Dpto Informatica MI Ayuntamiento de Caudete\",\"image\":{\"@type\":\"ImageObject\",\"inLanguage\":\"es\",\"@id\":\"https:\\\/\\\/secure.gravatar.com\\\/avatar\\\/ac0321ee4a0a83e82a253e7b2d348ef539e2c8fe16d06b600bde04de1b364fa7?s=96&d=mm&r=g\",\"url\":\"https:\\\/\\\/secure.gravatar.com\\\/avatar\\\/ac0321ee4a0a83e82a253e7b2d348ef539e2c8fe16d06b600bde04de1b364fa7?s=96&d=mm&r=g\",\"contentUrl\":\"https:\\\/\\\/secure.gravatar.com\\\/avatar\\\/ac0321ee4a0a83e82a253e7b2d348ef539e2c8fe16d06b600bde04de1b364fa7?s=96&d=mm&r=g\",\"caption\":\"Dpto Informatica MI Ayuntamiento de Caudete\"},\"url\":\"https:\\\/\\\/www.caudete.org\\\/ayuntamiento\\\/author\\\/informatica\\\/\"}]}<\/script>\n<!-- \/ Yoast SEO plugin. -->","yoast_head_json":{"title":"El Ayuntamiento ajusta la tasa del agua 41 cts de media el m\u00b3, y el Gobierno de CLM nos impone un Canon (o impuesto) de 54 cts de media el m\u00b3 - MI Ayuntamiento de Caudete","description":"P\u00e1gina Oficial del Ayuntamiento de Caudete (Albacete)","robots":{"index":"index","follow":"follow","max-snippet":"max-snippet:-1","max-image-preview":"max-image-preview:large","max-video-preview":"max-video-preview:-1"},"canonical":"https:\/\/www.caudete.org\/ayuntamiento\/el-ayuntamiento-ajusta-la-tasa-del-agua-41-cts-de-media-el-m\u00b3-y-el-gobierno-de-clm-nos-impone-un-canon-o-impuesto-de-54-cts-de-media-el-m\u00b3\/","og_locale":"es_ES","og_type":"article","og_title":"El Ayuntamiento ajusta la tasa del agua 41 cts de media el m\u00b3, y el Gobierno de CLM nos impone un Canon (o impuesto) de 54 cts de media el m\u00b3 - MI Ayuntamiento de Caudete","og_description":"P\u00e1gina Oficial del Ayuntamiento de Caudete (Albacete)","og_url":"https:\/\/www.caudete.org\/ayuntamiento\/el-ayuntamiento-ajusta-la-tasa-del-agua-41-cts-de-media-el-m\u00b3-y-el-gobierno-de-clm-nos-impone-un-canon-o-impuesto-de-54-cts-de-media-el-m\u00b3\/","og_site_name":"MI Ayuntamiento de Caudete","article_publisher":"https:\/\/www.facebook.com\/ayuntamientocaudete\/","article_published_time":"2025-05-22T13:16:32+00:00","article_modified_time":"2025-05-23T07:08:37+00:00","og_image":[{"width":800,"height":397,"url":"https:\/\/www.caudete.org\/ayuntamiento\/wp-content\/uploads\/2021\/10\/agua.jpg","type":"image\/jpeg"}],"author":"Dpto Informatica MI Ayuntamiento de Caudete","twitter_card":"summary_large_image","twitter_misc":{"Escrito por":"Dpto Informatica MI Ayuntamiento de Caudete","Tiempo de lectura":"5 minutos"},"schema":{"@context":"https:\/\/schema.org","@graph":[{"@type":"Article","@id":"https:\/\/www.caudete.org\/ayuntamiento\/el-ayuntamiento-ajusta-la-tasa-del-agua-41-cts-de-media-el-m%c2%b3-y-el-gobierno-de-clm-nos-impone-un-canon-o-impuesto-de-54-cts-de-media-el-m%c2%b3\/#article","isPartOf":{"@id":"https:\/\/www.caudete.org\/ayuntamiento\/el-ayuntamiento-ajusta-la-tasa-del-agua-41-cts-de-media-el-m%c2%b3-y-el-gobierno-de-clm-nos-impone-un-canon-o-impuesto-de-54-cts-de-media-el-m%c2%b3\/"},"author":{"name":"Dpto Informatica MI Ayuntamiento de Caudete","@id":"https:\/\/www.caudete.org\/ayuntamiento\/#\/schema\/person\/4b9eab41761957db9b1bf9c418d1ef46"},"headline":"El Ayuntamiento ajusta la tasa del agua 41 cts de media el m\u00b3, y el Gobierno de CLM nos impone un Canon (o impuesto) de 54 cts de media el m\u00b3","datePublished":"2025-05-22T13:16:32+00:00","dateModified":"2025-05-23T07:08:37+00:00","mainEntityOfPage":{"@id":"https:\/\/www.caudete.org\/ayuntamiento\/el-ayuntamiento-ajusta-la-tasa-del-agua-41-cts-de-media-el-m%c2%b3-y-el-gobierno-de-clm-nos-impone-un-canon-o-impuesto-de-54-cts-de-media-el-m%c2%b3\/"},"wordCount":961,"image":{"@id":"https:\/\/www.caudete.org\/ayuntamiento\/el-ayuntamiento-ajusta-la-tasa-del-agua-41-cts-de-media-el-m%c2%b3-y-el-gobierno-de-clm-nos-impone-un-canon-o-impuesto-de-54-cts-de-media-el-m%c2%b3\/#primaryimage"},"thumbnailUrl":"https:\/\/www.caudete.org\/ayuntamiento\/wp-content\/uploads\/2021\/10\/agua.jpg","articleSection":["Ciclo Integral del Agua"],"inLanguage":"es"},{"@type":"WebPage","@id":"https:\/\/www.caudete.org\/ayuntamiento\/el-ayuntamiento-ajusta-la-tasa-del-agua-41-cts-de-media-el-m%c2%b3-y-el-gobierno-de-clm-nos-impone-un-canon-o-impuesto-de-54-cts-de-media-el-m%c2%b3\/","url":"https:\/\/www.caudete.org\/ayuntamiento\/el-ayuntamiento-ajusta-la-tasa-del-agua-41-cts-de-media-el-m%c2%b3-y-el-gobierno-de-clm-nos-impone-un-canon-o-impuesto-de-54-cts-de-media-el-m%c2%b3\/","name":"El Ayuntamiento ajusta la tasa del agua 41 cts de media el m\u00b3, y el Gobierno de CLM nos impone un Canon (o impuesto) de 54 cts de media el m\u00b3 - MI Ayuntamiento de Caudete","isPartOf":{"@id":"https:\/\/www.caudete.org\/ayuntamiento\/#website"},"primaryImageOfPage":{"@id":"https:\/\/www.caudete.org\/ayuntamiento\/el-ayuntamiento-ajusta-la-tasa-del-agua-41-cts-de-media-el-m%c2%b3-y-el-gobierno-de-clm-nos-impone-un-canon-o-impuesto-de-54-cts-de-media-el-m%c2%b3\/#primaryimage"},"image":{"@id":"https:\/\/www.caudete.org\/ayuntamiento\/el-ayuntamiento-ajusta-la-tasa-del-agua-41-cts-de-media-el-m%c2%b3-y-el-gobierno-de-clm-nos-impone-un-canon-o-impuesto-de-54-cts-de-media-el-m%c2%b3\/#primaryimage"},"thumbnailUrl":"https:\/\/www.caudete.org\/ayuntamiento\/wp-content\/uploads\/2021\/10\/agua.jpg","datePublished":"2025-05-22T13:16:32+00:00","dateModified":"2025-05-23T07:08:37+00:00","author":{"@id":"https:\/\/www.caudete.org\/ayuntamiento\/#\/schema\/person\/4b9eab41761957db9b1bf9c418d1ef46"},"description":"P\u00e1gina Oficial del Ayuntamiento de Caudete (Albacete)","breadcrumb":{"@id":"https:\/\/www.caudete.org\/ayuntamiento\/el-ayuntamiento-ajusta-la-tasa-del-agua-41-cts-de-media-el-m%c2%b3-y-el-gobierno-de-clm-nos-impone-un-canon-o-impuesto-de-54-cts-de-media-el-m%c2%b3\/#breadcrumb"},"inLanguage":"es","potentialAction":[{"@type":"ReadAction","target":["https:\/\/www.caudete.org\/ayuntamiento\/el-ayuntamiento-ajusta-la-tasa-del-agua-41-cts-de-media-el-m%c2%b3-y-el-gobierno-de-clm-nos-impone-un-canon-o-impuesto-de-54-cts-de-media-el-m%c2%b3\/"]}]},{"@type":"ImageObject","inLanguage":"es","@id":"https:\/\/www.caudete.org\/ayuntamiento\/el-ayuntamiento-ajusta-la-tasa-del-agua-41-cts-de-media-el-m%c2%b3-y-el-gobierno-de-clm-nos-impone-un-canon-o-impuesto-de-54-cts-de-media-el-m%c2%b3\/#primaryimage","url":"https:\/\/www.caudete.org\/ayuntamiento\/wp-content\/uploads\/2021\/10\/agua.jpg","contentUrl":"https:\/\/www.caudete.org\/ayuntamiento\/wp-content\/uploads\/2021\/10\/agua.jpg","width":800,"height":397,"caption":"Corte agua"},{"@type":"BreadcrumbList","@id":"https:\/\/www.caudete.org\/ayuntamiento\/el-ayuntamiento-ajusta-la-tasa-del-agua-41-cts-de-media-el-m%c2%b3-y-el-gobierno-de-clm-nos-impone-un-canon-o-impuesto-de-54-cts-de-media-el-m%c2%b3\/#breadcrumb","itemListElement":[{"@type":"ListItem","position":1,"name":"Inicio","item":"https:\/\/www.caudete.org\/ayuntamiento\/"},{"@type":"ListItem","position":2,"name":"El Ayuntamiento ajusta la tasa del agua 41 cts de media el m\u00b3, y el Gobierno de CLM nos impone un Canon (o impuesto) de 54 cts de media el m\u00b3"}]},{"@type":"WebSite","@id":"https:\/\/www.caudete.org\/ayuntamiento\/#website","url":"https:\/\/www.caudete.org\/ayuntamiento\/","name":"MI Ayuntamiento de Caudete","description":"P\u00e1gina Oficial del MI Ayuntamiento de Caudete","potentialAction":[{"@type":"SearchAction","target":{"@type":"EntryPoint","urlTemplate":"https:\/\/www.caudete.org\/ayuntamiento\/?s={search_term_string}"},"query-input":{"@type":"PropertyValueSpecification","valueRequired":true,"valueName":"search_term_string"}}],"inLanguage":"es"},{"@type":"Person","@id":"https:\/\/www.caudete.org\/ayuntamiento\/#\/schema\/person\/4b9eab41761957db9b1bf9c418d1ef46","name":"Dpto Informatica MI Ayuntamiento de Caudete","image":{"@type":"ImageObject","inLanguage":"es","@id":"https:\/\/secure.gravatar.com\/avatar\/ac0321ee4a0a83e82a253e7b2d348ef539e2c8fe16d06b600bde04de1b364fa7?s=96&d=mm&r=g","url":"https:\/\/secure.gravatar.com\/avatar\/ac0321ee4a0a83e82a253e7b2d348ef539e2c8fe16d06b600bde04de1b364fa7?s=96&d=mm&r=g","contentUrl":"https:\/\/secure.gravatar.com\/avatar\/ac0321ee4a0a83e82a253e7b2d348ef539e2c8fe16d06b600bde04de1b364fa7?s=96&d=mm&r=g","caption":"Dpto Informatica MI Ayuntamiento de Caudete"},"url":"https:\/\/www.caudete.org\/ayuntamiento\/author\/informatica\/"}]}},"_links":{"self":[{"href":"https:\/\/www.caudete.org\/ayuntamiento\/wp-json\/wp\/v2\/posts\/28762","targetHints":{"allow":["GET"]}}],"collection":[{"href":"https:\/\/www.caudete.org\/ayuntamiento\/wp-json\/wp\/v2\/posts"}],"about":[{"href":"https:\/\/www.caudete.org\/ayuntamiento\/wp-json\/wp\/v2\/types\/post"}],"author":[{"embeddable":true,"href":"https:\/\/www.caudete.org\/ayuntamiento\/wp-json\/wp\/v2\/users\/5"}],"replies":[{"embeddable":true,"href":"https:\/\/www.caudete.org\/ayuntamiento\/wp-json\/wp\/v2\/comments?post=28762"}],"version-history":[{"count":8,"href":"https:\/\/www.caudete.org\/ayuntamiento\/wp-json\/wp\/v2\/posts\/28762\/revisions"}],"predecessor-version":[{"id":28772,"href":"https:\/\/www.caudete.org\/ayuntamiento\/wp-json\/wp\/v2\/posts\/28762\/revisions\/28772"}],"wp:featuredmedia":[{"embeddable":true,"href":"https:\/\/www.caudete.org\/ayuntamiento\/wp-json\/wp\/v2\/media\/16555"}],"wp:attachment":[{"href":"https:\/\/www.caudete.org\/ayuntamiento\/wp-json\/wp\/v2\/media?parent=28762"}],"wp:term":[{"taxonomy":"category","embeddable":true,"href":"https:\/\/www.caudete.org\/ayuntamiento\/wp-json\/wp\/v2\/categories?post=28762"},{"taxonomy":"post_tag","embeddable":true,"href":"https:\/\/www.caudete.org\/ayuntamiento\/wp-json\/wp\/v2\/tags?post=28762"}],"curies":[{"name":"wp","href":"https:\/\/api.w.org\/{rel}","templated":true}]}}