{"id":28779,"date":"2025-05-23T14:37:23","date_gmt":"2025-05-23T12:37:23","guid":{"rendered":"https:\/\/www.caudete.org\/ayuntamiento\/?p=28779"},"modified":"2025-06-01T10:17:55","modified_gmt":"2025-06-01T08:17:55","slug":"las-escuelas-deportivas-municipales-de-patinaje-celebraran-su-clausura-con-la-tradicional-exhibicion-de-patinaje-artistico","status":"publish","type":"post","link":"https:\/\/www.caudete.org\/ayuntamiento\/las-escuelas-deportivas-municipales-de-patinaje-celebraran-su-clausura-con-la-tradicional-exhibicion-de-patinaje-artistico\/","title":{"rendered":"Las Escuelas Deportivas Municipales de Patinaje celebrar\u00e1n su clausura con la tradicional Exhibici\u00f3n de Patinaje Art\u00edstico"},"content":{"rendered":"<p>El pr\u00f3ximo <strong>viernes 30 de mayo, a las 20:30 horas<\/strong>, el Pabell\u00f3n Polideportivo Municipal de Caudete se convertir\u00e1 en el escenario de la Exhibici\u00f3n de Patinaje Art\u00edstico de las Escuelas Deportivas Municipales. La Concejal de Deportes del Ayuntamiento de Caudete, <strong>Pilar Egea<\/strong>, ha presentado hoy los detalles de este evento que promete una tarde llena de ritmo, color y talento sobre ruedas.<\/p>\n<p>En esta ocasi\u00f3n, ser\u00e1n <strong>60 patinadores y patinadoras<\/strong> de las Escuelas Deportivas Municipales, con edades comprendidas <strong>entre los 3 y los 16 a\u00f1os<\/strong>, quienes demostrar\u00e1n las habilidades aprendidas durante el curso. &#8220;Estamos muy orgullosos del trabajo y la dedicaci\u00f3n de nuestros j\u00f3venes deportistas y de su monitora&#8221;, ha afirmado la Concejal Egea. &#8220;Esta exhibici\u00f3n es el reflejo del esfuerzo y la pasi\u00f3n que le ponen a este deporte&#8221;.<\/p>\n<p>La tem\u00e1tica escogida para esta edici\u00f3n girar\u00e1 en torno a los <strong>estilos musicales<\/strong>. Los asistentes podr\u00e1n disfrutar de coreograf\u00edas inspiradas en la <strong>danza, el rock, el country, la samba, el flamenco y el pop<\/strong>, prometiendo una puesta en escena variada y entretenida para todos los p\u00fablicos.<\/p>\n<p>La exhibici\u00f3n concluir\u00e1 con la tradicional <strong>entrega de medallas<\/strong> a todos los participantes, un momento emotivo en el que la Concejal de Deportes reconocer\u00e1 el empe\u00f1o y la constancia de cada patinador.<\/p>\n<p>Pilar Egea ha querido invitar a todos los vecinos y vecinas de Caudete a asistir a este evento. &#8220;Es una oportunidad fant\u00e1stica para apoyar a nuestros deportistas locales y disfrutar de una tarde diferente. \u00a1Os esperamos a todos para llenar el pabell\u00f3n y aplaudir el gran trabajo de nuestras Escuelas Deportivas!&#8221;.<\/p>\n<p><a href=\"https:\/\/www.caudete.org\/ayuntamiento\/wp-content\/uploads\/2025\/05\/ExhibicionPatinaje2025.jpg\" rel='prettyPhoto'><img fetchpriority=\"high\" decoding=\"async\" class=\"alignnone size-full wp-image-28780\" src=\"https:\/\/www.caudete.org\/ayuntamiento\/wp-content\/uploads\/2025\/05\/ExhibicionPatinaje2025.jpg\" alt=\"\" width=\"707\" height=\"1000\" srcset=\"https:\/\/www.caudete.org\/ayuntamiento\/wp-content\/uploads\/2025\/05\/ExhibicionPatinaje2025.jpg 707w, https:\/\/www.caudete.org\/ayuntamiento\/wp-content\/uploads\/2025\/05\/ExhibicionPatinaje2025-283x400.jpg 283w, https:\/\/www.caudete.org\/ayuntamiento\/wp-content\/uploads\/2025\/05\/ExhibicionPatinaje2025-566x800.jpg 566w\" sizes=\"(max-width: 707px) 100vw, 707px\" \/><\/a><\/p>\n","protected":false},"excerpt":{"rendered":"<p>El pr\u00f3ximo viernes 30 de mayo, a las 20:30 horas, el Pabell\u00f3n Polideportivo Municipal de Caudete se convertir\u00e1 en el escenario de la Exhibici\u00f3n de Patinaje Art\u00edstico de las Escuelas Deportivas Municipales. La Concejal de Deportes del Ayuntamiento de Caudete, Pilar Egea, ha presentado hoy los detalles de este evento que promete una tarde llena &hellip;<\/p>\n","protected":false},"author":5,"featured_media":28781,"comment_status":"closed","ping_status":"open","sticky":false,"template":"","format":"standard","meta":{"ngg_post_thumbnail":0,"footnotes":""},"categories":[23],"tags":[],"class_list":["post-28779","post","type-post","status-publish","format-standard","has-post-thumbnail","hentry","category-deportes"],"yoast_head":"<!-- This site is optimized with the Yoast SEO plugin v27.5 - https:\/\/yoast.com\/product\/yoast-seo-wordpress\/ -->\n<title>Las Escuelas Deportivas Municipales de Patinaje celebrar\u00e1n su clausura con la tradicional Exhibici\u00f3n de Patinaje Art\u00edstico - MI Ayuntamiento de Caudete<\/title>\n<meta name=\"description\" content=\"P\u00e1gina Oficial del Ayuntamiento de Caudete (Albacete)\" \/>\n<meta name=\"robots\" content=\"index, follow, max-snippet:-1, max-image-preview:large, max-video-preview:-1\" \/>\n<link rel=\"canonical\" href=\"https:\/\/www.caudete.org\/ayuntamiento\/las-escuelas-deportivas-municipales-de-patinaje-celebraran-su-clausura-con-la-tradicional-exhibicion-de-patinaje-artistico\/\" \/>\n<meta property=\"og:locale\" content=\"es_ES\" \/>\n<meta property=\"og:type\" content=\"article\" \/>\n<meta property=\"og:title\" content=\"Las Escuelas Deportivas Municipales de Patinaje celebrar\u00e1n su clausura con la tradicional Exhibici\u00f3n de Patinaje Art\u00edstico - MI Ayuntamiento de Caudete\" \/>\n<meta property=\"og:description\" content=\"P\u00e1gina Oficial del Ayuntamiento de Caudete (Albacete)\" \/>\n<meta property=\"og:url\" content=\"https:\/\/www.caudete.org\/ayuntamiento\/las-escuelas-deportivas-municipales-de-patinaje-celebraran-su-clausura-con-la-tradicional-exhibicion-de-patinaje-artistico\/\" \/>\n<meta property=\"og:site_name\" content=\"MI Ayuntamiento de Caudete\" \/>\n<meta property=\"article:publisher\" content=\"https:\/\/www.facebook.com\/ayuntamientocaudete\/\" \/>\n<meta property=\"article:published_time\" content=\"2025-05-23T12:37:23+00:00\" \/>\n<meta property=\"article:modified_time\" content=\"2025-06-01T08:17:55+00:00\" \/>\n<meta property=\"og:image\" content=\"https:\/\/www.caudete.org\/ayuntamiento\/wp-content\/uploads\/2025\/05\/ExhibicionPatinaje2025port.jpg\" \/>\n\t<meta property=\"og:image:width\" content=\"707\" \/>\n\t<meta property=\"og:image:height\" content=\"296\" \/>\n\t<meta property=\"og:image:type\" content=\"image\/jpeg\" \/>\n<meta name=\"author\" content=\"Dpto Informatica MI Ayuntamiento de Caudete\" \/>\n<meta name=\"twitter:card\" content=\"summary_large_image\" \/>\n<meta name=\"twitter:label1\" content=\"Escrito por\" \/>\n\t<meta name=\"twitter:data1\" content=\"Dpto Informatica MI Ayuntamiento de Caudete\" \/>\n\t<meta name=\"twitter:label2\" content=\"Tiempo de lectura\" \/>\n\t<meta name=\"twitter:data2\" content=\"2 minutos\" \/>\n<script type=\"application\/ld+json\" class=\"yoast-schema-graph\">{\"@context\":\"https:\\\/\\\/schema.org\",\"@graph\":[{\"@type\":\"Article\",\"@id\":\"https:\\\/\\\/www.caudete.org\\\/ayuntamiento\\\/las-escuelas-deportivas-municipales-de-patinaje-celebraran-su-clausura-con-la-tradicional-exhibicion-de-patinaje-artistico\\\/#article\",\"isPartOf\":{\"@id\":\"https:\\\/\\\/www.caudete.org\\\/ayuntamiento\\\/las-escuelas-deportivas-municipales-de-patinaje-celebraran-su-clausura-con-la-tradicional-exhibicion-de-patinaje-artistico\\\/\"},\"author\":{\"name\":\"Dpto Informatica MI Ayuntamiento de Caudete\",\"@id\":\"https:\\\/\\\/www.caudete.org\\\/ayuntamiento\\\/#\\\/schema\\\/person\\\/4b9eab41761957db9b1bf9c418d1ef46\"},\"headline\":\"Las Escuelas Deportivas Municipales de Patinaje celebrar\u00e1n su clausura con la tradicional Exhibici\u00f3n de Patinaje Art\u00edstico\",\"datePublished\":\"2025-05-23T12:37:23+00:00\",\"dateModified\":\"2025-06-01T08:17:55+00:00\",\"mainEntityOfPage\":{\"@id\":\"https:\\\/\\\/www.caudete.org\\\/ayuntamiento\\\/las-escuelas-deportivas-municipales-de-patinaje-celebraran-su-clausura-con-la-tradicional-exhibicion-de-patinaje-artistico\\\/\"},\"wordCount\":294,\"image\":{\"@id\":\"https:\\\/\\\/www.caudete.org\\\/ayuntamiento\\\/las-escuelas-deportivas-municipales-de-patinaje-celebraran-su-clausura-con-la-tradicional-exhibicion-de-patinaje-artistico\\\/#primaryimage\"},\"thumbnailUrl\":\"https:\\\/\\\/www.caudete.org\\\/ayuntamiento\\\/wp-content\\\/uploads\\\/2025\\\/05\\\/ExhibicionPatinaje2025port.jpg\",\"articleSection\":[\"Deportes\"],\"inLanguage\":\"es\"},{\"@type\":\"WebPage\",\"@id\":\"https:\\\/\\\/www.caudete.org\\\/ayuntamiento\\\/las-escuelas-deportivas-municipales-de-patinaje-celebraran-su-clausura-con-la-tradicional-exhibicion-de-patinaje-artistico\\\/\",\"url\":\"https:\\\/\\\/www.caudete.org\\\/ayuntamiento\\\/las-escuelas-deportivas-municipales-de-patinaje-celebraran-su-clausura-con-la-tradicional-exhibicion-de-patinaje-artistico\\\/\",\"name\":\"Las Escuelas Deportivas Municipales de Patinaje celebrar\u00e1n su clausura con la tradicional Exhibici\u00f3n de Patinaje Art\u00edstico - MI Ayuntamiento de Caudete\",\"isPartOf\":{\"@id\":\"https:\\\/\\\/www.caudete.org\\\/ayuntamiento\\\/#website\"},\"primaryImageOfPage\":{\"@id\":\"https:\\\/\\\/www.caudete.org\\\/ayuntamiento\\\/las-escuelas-deportivas-municipales-de-patinaje-celebraran-su-clausura-con-la-tradicional-exhibicion-de-patinaje-artistico\\\/#primaryimage\"},\"image\":{\"@id\":\"https:\\\/\\\/www.caudete.org\\\/ayuntamiento\\\/las-escuelas-deportivas-municipales-de-patinaje-celebraran-su-clausura-con-la-tradicional-exhibicion-de-patinaje-artistico\\\/#primaryimage\"},\"thumbnailUrl\":\"https:\\\/\\\/www.caudete.org\\\/ayuntamiento\\\/wp-content\\\/uploads\\\/2025\\\/05\\\/ExhibicionPatinaje2025port.jpg\",\"datePublished\":\"2025-05-23T12:37:23+00:00\",\"dateModified\":\"2025-06-01T08:17:55+00:00\",\"author\":{\"@id\":\"https:\\\/\\\/www.caudete.org\\\/ayuntamiento\\\/#\\\/schema\\\/person\\\/4b9eab41761957db9b1bf9c418d1ef46\"},\"description\":\"P\u00e1gina Oficial del Ayuntamiento de Caudete (Albacete)\",\"breadcrumb\":{\"@id\":\"https:\\\/\\\/www.caudete.org\\\/ayuntamiento\\\/las-escuelas-deportivas-municipales-de-patinaje-celebraran-su-clausura-con-la-tradicional-exhibicion-de-patinaje-artistico\\\/#breadcrumb\"},\"inLanguage\":\"es\",\"potentialAction\":[{\"@type\":\"ReadAction\",\"target\":[\"https:\\\/\\\/www.caudete.org\\\/ayuntamiento\\\/las-escuelas-deportivas-municipales-de-patinaje-celebraran-su-clausura-con-la-tradicional-exhibicion-de-patinaje-artistico\\\/\"]}]},{\"@type\":\"ImageObject\",\"inLanguage\":\"es\",\"@id\":\"https:\\\/\\\/www.caudete.org\\\/ayuntamiento\\\/las-escuelas-deportivas-municipales-de-patinaje-celebraran-su-clausura-con-la-tradicional-exhibicion-de-patinaje-artistico\\\/#primaryimage\",\"url\":\"https:\\\/\\\/www.caudete.org\\\/ayuntamiento\\\/wp-content\\\/uploads\\\/2025\\\/05\\\/ExhibicionPatinaje2025port.jpg\",\"contentUrl\":\"https:\\\/\\\/www.caudete.org\\\/ayuntamiento\\\/wp-content\\\/uploads\\\/2025\\\/05\\\/ExhibicionPatinaje2025port.jpg\",\"width\":707,\"height\":296},{\"@type\":\"BreadcrumbList\",\"@id\":\"https:\\\/\\\/www.caudete.org\\\/ayuntamiento\\\/las-escuelas-deportivas-municipales-de-patinaje-celebraran-su-clausura-con-la-tradicional-exhibicion-de-patinaje-artistico\\\/#breadcrumb\",\"itemListElement\":[{\"@type\":\"ListItem\",\"position\":1,\"name\":\"Inicio\",\"item\":\"https:\\\/\\\/www.caudete.org\\\/ayuntamiento\\\/\"},{\"@type\":\"ListItem\",\"position\":2,\"name\":\"Las Escuelas Deportivas Municipales de Patinaje celebrar\u00e1n su clausura con la tradicional Exhibici\u00f3n de Patinaje Art\u00edstico\"}]},{\"@type\":\"WebSite\",\"@id\":\"https:\\\/\\\/www.caudete.org\\\/ayuntamiento\\\/#website\",\"url\":\"https:\\\/\\\/www.caudete.org\\\/ayuntamiento\\\/\",\"name\":\"MI Ayuntamiento de Caudete\",\"description\":\"P\u00e1gina Oficial del MI Ayuntamiento de Caudete\",\"potentialAction\":[{\"@type\":\"SearchAction\",\"target\":{\"@type\":\"EntryPoint\",\"urlTemplate\":\"https:\\\/\\\/www.caudete.org\\\/ayuntamiento\\\/?s={search_term_string}\"},\"query-input\":{\"@type\":\"PropertyValueSpecification\",\"valueRequired\":true,\"valueName\":\"search_term_string\"}}],\"inLanguage\":\"es\"},{\"@type\":\"Person\",\"@id\":\"https:\\\/\\\/www.caudete.org\\\/ayuntamiento\\\/#\\\/schema\\\/person\\\/4b9eab41761957db9b1bf9c418d1ef46\",\"name\":\"Dpto Informatica MI Ayuntamiento de Caudete\",\"image\":{\"@type\":\"ImageObject\",\"inLanguage\":\"es\",\"@id\":\"https:\\\/\\\/secure.gravatar.com\\\/avatar\\\/ac0321ee4a0a83e82a253e7b2d348ef539e2c8fe16d06b600bde04de1b364fa7?s=96&d=mm&r=g\",\"url\":\"https:\\\/\\\/secure.gravatar.com\\\/avatar\\\/ac0321ee4a0a83e82a253e7b2d348ef539e2c8fe16d06b600bde04de1b364fa7?s=96&d=mm&r=g\",\"contentUrl\":\"https:\\\/\\\/secure.gravatar.com\\\/avatar\\\/ac0321ee4a0a83e82a253e7b2d348ef539e2c8fe16d06b600bde04de1b364fa7?s=96&d=mm&r=g\",\"caption\":\"Dpto Informatica MI Ayuntamiento de Caudete\"},\"url\":\"https:\\\/\\\/www.caudete.org\\\/ayuntamiento\\\/author\\\/informatica\\\/\"}]}<\/script>\n<!-- \/ Yoast SEO plugin. -->","yoast_head_json":{"title":"Las Escuelas Deportivas Municipales de Patinaje celebrar\u00e1n su clausura con la tradicional Exhibici\u00f3n de Patinaje Art\u00edstico - MI Ayuntamiento de Caudete","description":"P\u00e1gina Oficial del Ayuntamiento de Caudete (Albacete)","robots":{"index":"index","follow":"follow","max-snippet":"max-snippet:-1","max-image-preview":"max-image-preview:large","max-video-preview":"max-video-preview:-1"},"canonical":"https:\/\/www.caudete.org\/ayuntamiento\/las-escuelas-deportivas-municipales-de-patinaje-celebraran-su-clausura-con-la-tradicional-exhibicion-de-patinaje-artistico\/","og_locale":"es_ES","og_type":"article","og_title":"Las Escuelas Deportivas Municipales de Patinaje celebrar\u00e1n su clausura con la tradicional Exhibici\u00f3n de Patinaje Art\u00edstico - MI Ayuntamiento de Caudete","og_description":"P\u00e1gina Oficial del Ayuntamiento de Caudete (Albacete)","og_url":"https:\/\/www.caudete.org\/ayuntamiento\/las-escuelas-deportivas-municipales-de-patinaje-celebraran-su-clausura-con-la-tradicional-exhibicion-de-patinaje-artistico\/","og_site_name":"MI Ayuntamiento de Caudete","article_publisher":"https:\/\/www.facebook.com\/ayuntamientocaudete\/","article_published_time":"2025-05-23T12:37:23+00:00","article_modified_time":"2025-06-01T08:17:55+00:00","og_image":[{"width":707,"height":296,"url":"https:\/\/www.caudete.org\/ayuntamiento\/wp-content\/uploads\/2025\/05\/ExhibicionPatinaje2025port.jpg","type":"image\/jpeg"}],"author":"Dpto Informatica MI Ayuntamiento de Caudete","twitter_card":"summary_large_image","twitter_misc":{"Escrito por":"Dpto Informatica MI Ayuntamiento de Caudete","Tiempo de lectura":"2 minutos"},"schema":{"@context":"https:\/\/schema.org","@graph":[{"@type":"Article","@id":"https:\/\/www.caudete.org\/ayuntamiento\/las-escuelas-deportivas-municipales-de-patinaje-celebraran-su-clausura-con-la-tradicional-exhibicion-de-patinaje-artistico\/#article","isPartOf":{"@id":"https:\/\/www.caudete.org\/ayuntamiento\/las-escuelas-deportivas-municipales-de-patinaje-celebraran-su-clausura-con-la-tradicional-exhibicion-de-patinaje-artistico\/"},"author":{"name":"Dpto Informatica MI Ayuntamiento de Caudete","@id":"https:\/\/www.caudete.org\/ayuntamiento\/#\/schema\/person\/4b9eab41761957db9b1bf9c418d1ef46"},"headline":"Las Escuelas Deportivas Municipales de Patinaje celebrar\u00e1n su clausura con la tradicional Exhibici\u00f3n de Patinaje Art\u00edstico","datePublished":"2025-05-23T12:37:23+00:00","dateModified":"2025-06-01T08:17:55+00:00","mainEntityOfPage":{"@id":"https:\/\/www.caudete.org\/ayuntamiento\/las-escuelas-deportivas-municipales-de-patinaje-celebraran-su-clausura-con-la-tradicional-exhibicion-de-patinaje-artistico\/"},"wordCount":294,"image":{"@id":"https:\/\/www.caudete.org\/ayuntamiento\/las-escuelas-deportivas-municipales-de-patinaje-celebraran-su-clausura-con-la-tradicional-exhibicion-de-patinaje-artistico\/#primaryimage"},"thumbnailUrl":"https:\/\/www.caudete.org\/ayuntamiento\/wp-content\/uploads\/2025\/05\/ExhibicionPatinaje2025port.jpg","articleSection":["Deportes"],"inLanguage":"es"},{"@type":"WebPage","@id":"https:\/\/www.caudete.org\/ayuntamiento\/las-escuelas-deportivas-municipales-de-patinaje-celebraran-su-clausura-con-la-tradicional-exhibicion-de-patinaje-artistico\/","url":"https:\/\/www.caudete.org\/ayuntamiento\/las-escuelas-deportivas-municipales-de-patinaje-celebraran-su-clausura-con-la-tradicional-exhibicion-de-patinaje-artistico\/","name":"Las Escuelas Deportivas Municipales de Patinaje celebrar\u00e1n su clausura con la tradicional Exhibici\u00f3n de Patinaje Art\u00edstico - MI Ayuntamiento de Caudete","isPartOf":{"@id":"https:\/\/www.caudete.org\/ayuntamiento\/#website"},"primaryImageOfPage":{"@id":"https:\/\/www.caudete.org\/ayuntamiento\/las-escuelas-deportivas-municipales-de-patinaje-celebraran-su-clausura-con-la-tradicional-exhibicion-de-patinaje-artistico\/#primaryimage"},"image":{"@id":"https:\/\/www.caudete.org\/ayuntamiento\/las-escuelas-deportivas-municipales-de-patinaje-celebraran-su-clausura-con-la-tradicional-exhibicion-de-patinaje-artistico\/#primaryimage"},"thumbnailUrl":"https:\/\/www.caudete.org\/ayuntamiento\/wp-content\/uploads\/2025\/05\/ExhibicionPatinaje2025port.jpg","datePublished":"2025-05-23T12:37:23+00:00","dateModified":"2025-06-01T08:17:55+00:00","author":{"@id":"https:\/\/www.caudete.org\/ayuntamiento\/#\/schema\/person\/4b9eab41761957db9b1bf9c418d1ef46"},"description":"P\u00e1gina Oficial del Ayuntamiento de Caudete (Albacete)","breadcrumb":{"@id":"https:\/\/www.caudete.org\/ayuntamiento\/las-escuelas-deportivas-municipales-de-patinaje-celebraran-su-clausura-con-la-tradicional-exhibicion-de-patinaje-artistico\/#breadcrumb"},"inLanguage":"es","potentialAction":[{"@type":"ReadAction","target":["https:\/\/www.caudete.org\/ayuntamiento\/las-escuelas-deportivas-municipales-de-patinaje-celebraran-su-clausura-con-la-tradicional-exhibicion-de-patinaje-artistico\/"]}]},{"@type":"ImageObject","inLanguage":"es","@id":"https:\/\/www.caudete.org\/ayuntamiento\/las-escuelas-deportivas-municipales-de-patinaje-celebraran-su-clausura-con-la-tradicional-exhibicion-de-patinaje-artistico\/#primaryimage","url":"https:\/\/www.caudete.org\/ayuntamiento\/wp-content\/uploads\/2025\/05\/ExhibicionPatinaje2025port.jpg","contentUrl":"https:\/\/www.caudete.org\/ayuntamiento\/wp-content\/uploads\/2025\/05\/ExhibicionPatinaje2025port.jpg","width":707,"height":296},{"@type":"BreadcrumbList","@id":"https:\/\/www.caudete.org\/ayuntamiento\/las-escuelas-deportivas-municipales-de-patinaje-celebraran-su-clausura-con-la-tradicional-exhibicion-de-patinaje-artistico\/#breadcrumb","itemListElement":[{"@type":"ListItem","position":1,"name":"Inicio","item":"https:\/\/www.caudete.org\/ayuntamiento\/"},{"@type":"ListItem","position":2,"name":"Las Escuelas Deportivas Municipales de Patinaje celebrar\u00e1n su clausura con la tradicional Exhibici\u00f3n de Patinaje Art\u00edstico"}]},{"@type":"WebSite","@id":"https:\/\/www.caudete.org\/ayuntamiento\/#website","url":"https:\/\/www.caudete.org\/ayuntamiento\/","name":"MI Ayuntamiento de Caudete","description":"P\u00e1gina Oficial del MI Ayuntamiento de Caudete","potentialAction":[{"@type":"SearchAction","target":{"@type":"EntryPoint","urlTemplate":"https:\/\/www.caudete.org\/ayuntamiento\/?s={search_term_string}"},"query-input":{"@type":"PropertyValueSpecification","valueRequired":true,"valueName":"search_term_string"}}],"inLanguage":"es"},{"@type":"Person","@id":"https:\/\/www.caudete.org\/ayuntamiento\/#\/schema\/person\/4b9eab41761957db9b1bf9c418d1ef46","name":"Dpto Informatica MI Ayuntamiento de Caudete","image":{"@type":"ImageObject","inLanguage":"es","@id":"https:\/\/secure.gravatar.com\/avatar\/ac0321ee4a0a83e82a253e7b2d348ef539e2c8fe16d06b600bde04de1b364fa7?s=96&d=mm&r=g","url":"https:\/\/secure.gravatar.com\/avatar\/ac0321ee4a0a83e82a253e7b2d348ef539e2c8fe16d06b600bde04de1b364fa7?s=96&d=mm&r=g","contentUrl":"https:\/\/secure.gravatar.com\/avatar\/ac0321ee4a0a83e82a253e7b2d348ef539e2c8fe16d06b600bde04de1b364fa7?s=96&d=mm&r=g","caption":"Dpto Informatica MI Ayuntamiento de Caudete"},"url":"https:\/\/www.caudete.org\/ayuntamiento\/author\/informatica\/"}]}},"_links":{"self":[{"href":"https:\/\/www.caudete.org\/ayuntamiento\/wp-json\/wp\/v2\/posts\/28779","targetHints":{"allow":["GET"]}}],"collection":[{"href":"https:\/\/www.caudete.org\/ayuntamiento\/wp-json\/wp\/v2\/posts"}],"about":[{"href":"https:\/\/www.caudete.org\/ayuntamiento\/wp-json\/wp\/v2\/types\/post"}],"author":[{"embeddable":true,"href":"https:\/\/www.caudete.org\/ayuntamiento\/wp-json\/wp\/v2\/users\/5"}],"replies":[{"embeddable":true,"href":"https:\/\/www.caudete.org\/ayuntamiento\/wp-json\/wp\/v2\/comments?post=28779"}],"version-history":[{"count":1,"href":"https:\/\/www.caudete.org\/ayuntamiento\/wp-json\/wp\/v2\/posts\/28779\/revisions"}],"predecessor-version":[{"id":28782,"href":"https:\/\/www.caudete.org\/ayuntamiento\/wp-json\/wp\/v2\/posts\/28779\/revisions\/28782"}],"wp:featuredmedia":[{"embeddable":true,"href":"https:\/\/www.caudete.org\/ayuntamiento\/wp-json\/wp\/v2\/media\/28781"}],"wp:attachment":[{"href":"https:\/\/www.caudete.org\/ayuntamiento\/wp-json\/wp\/v2\/media?parent=28779"}],"wp:term":[{"taxonomy":"category","embeddable":true,"href":"https:\/\/www.caudete.org\/ayuntamiento\/wp-json\/wp\/v2\/categories?post=28779"},{"taxonomy":"post_tag","embeddable":true,"href":"https:\/\/www.caudete.org\/ayuntamiento\/wp-json\/wp\/v2\/tags?post=28779"}],"curies":[{"name":"wp","href":"https:\/\/api.w.org\/{rel}","templated":true}]}}