{"id":28787,"date":"2025-05-26T09:25:28","date_gmt":"2025-05-26T07:25:28","guid":{"rendered":"https:\/\/www.caudete.org\/ayuntamiento\/?p=28787"},"modified":"2025-06-01T10:17:48","modified_gmt":"2025-06-01T08:17:48","slug":"gala-fin-de-curso-de-la-universidad-popular-y-clubes-de-lectura-2024-2025","status":"publish","type":"post","link":"https:\/\/www.caudete.org\/ayuntamiento\/gala-fin-de-curso-de-la-universidad-popular-y-clubes-de-lectura-2024-2025\/","title":{"rendered":"Gala fin de curso de la Universidad Popular y Clubes de Lectura 2024\/2025"},"content":{"rendered":"<p>La Concejal\u00eda de Cultura del M.I. Ayuntamiento de Caudete tiene el placer de invitar a toda la ciudadan\u00eda a un evento muy especial: la Gala de Clausura de los cursos de la Universidad Popular y los Clubes de Lectura, correspondientes al ciclo 2024\/25.<\/p>\n<p>El pr\u00f3ximo viernes 30 de mayo, a las 20:30 horas, el Auditorio Municipal acoger\u00e1 este emotivo encuentro que pondr\u00e1 el broche de oro a un a\u00f1o de intenso aprendizaje, descubrimiento y enriquecimiento cultural para todos los participantes. Ha sido un curso vibrante, lleno de nuevas experiencias y el crecimiento personal de cada alumno y lector.<\/p>\n<p>Como es ya una sentida tradici\u00f3n, los dos pilares culturales de la Casa de Cultura se unen para despedir el curso de manera conjunta: los cursos de la Universidad Popular y los Clubes de Lectura de la Biblioteca P\u00fablica Municipal Ana Mar\u00eda Matute. Juntos, celebraremos el fruto de la dedicaci\u00f3n y la pasi\u00f3n por la cultura.<\/p>\n<p>La velada ofrecer\u00e1 el espect\u00e1culo con Rockola Circus, que promete ser el colof\u00f3n perfecto y una muestra del talento y la alegr\u00eda que han caracterizado este curso. Este grupo con una trayectoria de casi 10 a\u00f1os, se ha consolidado como el mejor tributo al pop-rock de la inolvidable \u00e9poca de la m\u00fasica en Espa\u00f1a.<\/p>\n<p>Al finalizar la gala, y como parte fundamental de esta gran celebraci\u00f3n, se inaugurar\u00e1 la Exposici\u00f3n de la Universidad Popular y Clubes de Lectura en la Sala de Exposiciones Jos\u00e9 P\u00e9rezgil. Esta muestra, que permanecer\u00e1 abierta al p\u00fablico hasta el 14 de junio, es un testimonio conmovedor del esfuerzo, la creatividad y la ilusi\u00f3n de los alumnos y usuarios a lo largo de este curso 2024\/25. En ella se podr\u00e1n apreciar los trabajos realizados y los proyectos desarrollados en las distintas disciplinas y clubes, reflejando el alma de nuestra comunidad cultural.<\/p>\n<p>La exposici\u00f3n podr\u00e1 visitarse en el horario habitual de la Sala: de lunes a viernes de 10:00 a 13:30 horas y de 18:00 a 21:00 horas.<br \/>\nLas entradas con invitaci\u00f3n estar\u00e1n disponibles en la Casa de Cultura a partir de hoy lunes 26 de mayo.<\/p>\n<p>Animamos a toda la ciudadan\u00eda a participar en esta celebraci\u00f3n tan significativa, que reconoce el talento, la dedicaci\u00f3n y el esp\u00edritu inquieto de quienes, un a\u00f1o m\u00e1s, han hecho de la Universidad Popular y los Clubes de Lectura un espacio vibrante y cercano de conocimiento, cultura y uni\u00f3n en Caudete.<\/p>\n<p><a href=\"https:\/\/www.caudete.org\/ayuntamiento\/wp-content\/uploads\/2025\/05\/findecursoup.jpg\" rel='prettyPhoto'><img fetchpriority=\"high\" decoding=\"async\" class=\"alignnone size-full wp-image-28790\" src=\"https:\/\/www.caudete.org\/ayuntamiento\/wp-content\/uploads\/2025\/05\/findecursoup.jpg\" alt=\"\" width=\"1000\" height=\"709\" srcset=\"https:\/\/www.caudete.org\/ayuntamiento\/wp-content\/uploads\/2025\/05\/findecursoup.jpg 1000w, https:\/\/www.caudete.org\/ayuntamiento\/wp-content\/uploads\/2025\/05\/findecursoup-564x400.jpg 564w, https:\/\/www.caudete.org\/ayuntamiento\/wp-content\/uploads\/2025\/05\/findecursoup-768x545.jpg 768w\" sizes=\"(max-width: 1000px) 100vw, 1000px\" \/><\/a><\/p>\n","protected":false},"excerpt":{"rendered":"<p>La Concejal\u00eda de Cultura del M.I. Ayuntamiento de Caudete tiene el placer de invitar a toda la ciudadan\u00eda a un evento muy especial: la Gala de Clausura de los cursos de la Universidad Popular y los Clubes de Lectura, correspondientes al ciclo 2024\/25. El pr\u00f3ximo viernes 30 de mayo, a las 20:30 horas, el Auditorio &hellip;<\/p>\n","protected":false},"author":5,"featured_media":28789,"comment_status":"closed","ping_status":"open","sticky":false,"template":"","format":"standard","meta":{"ngg_post_thumbnail":0,"footnotes":""},"categories":[14],"tags":[],"class_list":["post-28787","post","type-post","status-publish","format-standard","has-post-thumbnail","hentry","category-cultura"],"yoast_head":"<!-- This site is optimized with the Yoast SEO plugin v27.4 - https:\/\/yoast.com\/product\/yoast-seo-wordpress\/ -->\n<title>Gala fin de curso de la Universidad Popular y Clubes de Lectura 2024\/2025 - MI Ayuntamiento de Caudete<\/title>\n<meta name=\"description\" content=\"P\u00e1gina Oficial del Ayuntamiento de Caudete (Albacete)\" \/>\n<meta name=\"robots\" content=\"index, follow, max-snippet:-1, max-image-preview:large, max-video-preview:-1\" \/>\n<link rel=\"canonical\" href=\"https:\/\/www.caudete.org\/ayuntamiento\/gala-fin-de-curso-de-la-universidad-popular-y-clubes-de-lectura-2024-2025\/\" \/>\n<meta property=\"og:locale\" content=\"es_ES\" \/>\n<meta property=\"og:type\" content=\"article\" \/>\n<meta property=\"og:title\" content=\"Gala fin de curso de la Universidad Popular y Clubes de Lectura 2024\/2025 - MI Ayuntamiento de Caudete\" \/>\n<meta property=\"og:description\" content=\"P\u00e1gina Oficial del Ayuntamiento de Caudete (Albacete)\" \/>\n<meta property=\"og:url\" content=\"https:\/\/www.caudete.org\/ayuntamiento\/gala-fin-de-curso-de-la-universidad-popular-y-clubes-de-lectura-2024-2025\/\" \/>\n<meta property=\"og:site_name\" content=\"MI Ayuntamiento de Caudete\" \/>\n<meta property=\"article:publisher\" content=\"https:\/\/www.facebook.com\/ayuntamientocaudete\/\" \/>\n<meta property=\"article:published_time\" content=\"2025-05-26T07:25:28+00:00\" \/>\n<meta property=\"article:modified_time\" content=\"2025-06-01T08:17:48+00:00\" \/>\n<meta property=\"og:image\" content=\"https:\/\/www.caudete.org\/ayuntamiento\/wp-content\/uploads\/2025\/05\/findecursoup-port.jpg\" \/>\n\t<meta property=\"og:image:width\" content=\"826\" \/>\n\t<meta property=\"og:image:height\" content=\"332\" \/>\n\t<meta property=\"og:image:type\" content=\"image\/jpeg\" \/>\n<meta name=\"author\" content=\"Dpto Informatica MI Ayuntamiento de Caudete\" \/>\n<meta name=\"twitter:card\" content=\"summary_large_image\" \/>\n<meta name=\"twitter:label1\" content=\"Escrito por\" \/>\n\t<meta name=\"twitter:data1\" content=\"Dpto Informatica MI Ayuntamiento de Caudete\" \/>\n\t<meta name=\"twitter:label2\" content=\"Tiempo de lectura\" \/>\n\t<meta name=\"twitter:data2\" content=\"3 minutos\" \/>\n<script type=\"application\/ld+json\" class=\"yoast-schema-graph\">{\"@context\":\"https:\\\/\\\/schema.org\",\"@graph\":[{\"@type\":\"Article\",\"@id\":\"https:\\\/\\\/www.caudete.org\\\/ayuntamiento\\\/gala-fin-de-curso-de-la-universidad-popular-y-clubes-de-lectura-2024-2025\\\/#article\",\"isPartOf\":{\"@id\":\"https:\\\/\\\/www.caudete.org\\\/ayuntamiento\\\/gala-fin-de-curso-de-la-universidad-popular-y-clubes-de-lectura-2024-2025\\\/\"},\"author\":{\"name\":\"Dpto Informatica MI Ayuntamiento de Caudete\",\"@id\":\"https:\\\/\\\/www.caudete.org\\\/ayuntamiento\\\/#\\\/schema\\\/person\\\/4b9eab41761957db9b1bf9c418d1ef46\"},\"headline\":\"Gala fin de curso de la Universidad Popular y Clubes de Lectura 2024\\\/2025\",\"datePublished\":\"2025-05-26T07:25:28+00:00\",\"dateModified\":\"2025-06-01T08:17:48+00:00\",\"mainEntityOfPage\":{\"@id\":\"https:\\\/\\\/www.caudete.org\\\/ayuntamiento\\\/gala-fin-de-curso-de-la-universidad-popular-y-clubes-de-lectura-2024-2025\\\/\"},\"wordCount\":427,\"publisher\":{\"@id\":\"https:\\\/\\\/www.caudete.org\\\/ayuntamiento\\\/#organization\"},\"image\":{\"@id\":\"https:\\\/\\\/www.caudete.org\\\/ayuntamiento\\\/gala-fin-de-curso-de-la-universidad-popular-y-clubes-de-lectura-2024-2025\\\/#primaryimage\"},\"thumbnailUrl\":\"https:\\\/\\\/www.caudete.org\\\/ayuntamiento\\\/wp-content\\\/uploads\\\/2025\\\/05\\\/findecursoup-port.jpg\",\"articleSection\":[\"Cultura\"],\"inLanguage\":\"es\"},{\"@type\":\"WebPage\",\"@id\":\"https:\\\/\\\/www.caudete.org\\\/ayuntamiento\\\/gala-fin-de-curso-de-la-universidad-popular-y-clubes-de-lectura-2024-2025\\\/\",\"url\":\"https:\\\/\\\/www.caudete.org\\\/ayuntamiento\\\/gala-fin-de-curso-de-la-universidad-popular-y-clubes-de-lectura-2024-2025\\\/\",\"name\":\"Gala fin de curso de la Universidad Popular y Clubes de Lectura 2024\\\/2025 - MI Ayuntamiento de Caudete\",\"isPartOf\":{\"@id\":\"https:\\\/\\\/www.caudete.org\\\/ayuntamiento\\\/#website\"},\"primaryImageOfPage\":{\"@id\":\"https:\\\/\\\/www.caudete.org\\\/ayuntamiento\\\/gala-fin-de-curso-de-la-universidad-popular-y-clubes-de-lectura-2024-2025\\\/#primaryimage\"},\"image\":{\"@id\":\"https:\\\/\\\/www.caudete.org\\\/ayuntamiento\\\/gala-fin-de-curso-de-la-universidad-popular-y-clubes-de-lectura-2024-2025\\\/#primaryimage\"},\"thumbnailUrl\":\"https:\\\/\\\/www.caudete.org\\\/ayuntamiento\\\/wp-content\\\/uploads\\\/2025\\\/05\\\/findecursoup-port.jpg\",\"datePublished\":\"2025-05-26T07:25:28+00:00\",\"dateModified\":\"2025-06-01T08:17:48+00:00\",\"description\":\"P\u00e1gina Oficial del Ayuntamiento de Caudete (Albacete)\",\"breadcrumb\":{\"@id\":\"https:\\\/\\\/www.caudete.org\\\/ayuntamiento\\\/gala-fin-de-curso-de-la-universidad-popular-y-clubes-de-lectura-2024-2025\\\/#breadcrumb\"},\"inLanguage\":\"es\",\"potentialAction\":[{\"@type\":\"ReadAction\",\"target\":[\"https:\\\/\\\/www.caudete.org\\\/ayuntamiento\\\/gala-fin-de-curso-de-la-universidad-popular-y-clubes-de-lectura-2024-2025\\\/\"]}]},{\"@type\":\"ImageObject\",\"inLanguage\":\"es\",\"@id\":\"https:\\\/\\\/www.caudete.org\\\/ayuntamiento\\\/gala-fin-de-curso-de-la-universidad-popular-y-clubes-de-lectura-2024-2025\\\/#primaryimage\",\"url\":\"https:\\\/\\\/www.caudete.org\\\/ayuntamiento\\\/wp-content\\\/uploads\\\/2025\\\/05\\\/findecursoup-port.jpg\",\"contentUrl\":\"https:\\\/\\\/www.caudete.org\\\/ayuntamiento\\\/wp-content\\\/uploads\\\/2025\\\/05\\\/findecursoup-port.jpg\",\"width\":826,\"height\":332},{\"@type\":\"BreadcrumbList\",\"@id\":\"https:\\\/\\\/www.caudete.org\\\/ayuntamiento\\\/gala-fin-de-curso-de-la-universidad-popular-y-clubes-de-lectura-2024-2025\\\/#breadcrumb\",\"itemListElement\":[{\"@type\":\"ListItem\",\"position\":1,\"name\":\"Inicio\",\"item\":\"https:\\\/\\\/www.caudete.org\\\/ayuntamiento\\\/\"},{\"@type\":\"ListItem\",\"position\":2,\"name\":\"Gala fin de curso de la Universidad Popular y Clubes de Lectura 2024\\\/2025\"}]},{\"@type\":\"WebSite\",\"@id\":\"https:\\\/\\\/www.caudete.org\\\/ayuntamiento\\\/#website\",\"url\":\"https:\\\/\\\/www.caudete.org\\\/ayuntamiento\\\/\",\"name\":\"MI Ayuntamiento de Caudete\",\"description\":\"P\u00e1gina Oficial del MI Ayuntamiento de Caudete\",\"publisher\":{\"@id\":\"https:\\\/\\\/www.caudete.org\\\/ayuntamiento\\\/#organization\"},\"potentialAction\":[{\"@type\":\"SearchAction\",\"target\":{\"@type\":\"EntryPoint\",\"urlTemplate\":\"https:\\\/\\\/www.caudete.org\\\/ayuntamiento\\\/?s={search_term_string}\"},\"query-input\":{\"@type\":\"PropertyValueSpecification\",\"valueRequired\":true,\"valueName\":\"search_term_string\"}}],\"inLanguage\":\"es\"},{\"@type\":\"Organization\",\"@id\":\"https:\\\/\\\/www.caudete.org\\\/ayuntamiento\\\/#organization\",\"name\":\"Ayuntamiento de Caudete\",\"url\":\"https:\\\/\\\/www.caudete.org\\\/ayuntamiento\\\/\",\"logo\":{\"@type\":\"ImageObject\",\"inLanguage\":\"es\",\"@id\":\"https:\\\/\\\/www.caudete.org\\\/ayuntamiento\\\/#\\\/schema\\\/logo\\\/image\\\/\",\"url\":\"https:\\\/\\\/www.caudete.org\\\/ayuntamiento\\\/wp-content\\\/uploads\\\/2020\\\/11\\\/logo_ayuntamiento_caudete.jpg\",\"contentUrl\":\"https:\\\/\\\/www.caudete.org\\\/ayuntamiento\\\/wp-content\\\/uploads\\\/2020\\\/11\\\/logo_ayuntamiento_caudete.jpg\",\"width\":600,\"height\":150,\"caption\":\"Ayuntamiento de Caudete\"},\"image\":{\"@id\":\"https:\\\/\\\/www.caudete.org\\\/ayuntamiento\\\/#\\\/schema\\\/logo\\\/image\\\/\"},\"sameAs\":[\"https:\\\/\\\/www.facebook.com\\\/ayuntamientocaudete\\\/\",\"https:\\\/\\\/www.youtube.com\\\/channel\\\/UC6VztHaooNsGpw-tNoBEFnQ\"]},{\"@type\":\"Person\",\"@id\":\"https:\\\/\\\/www.caudete.org\\\/ayuntamiento\\\/#\\\/schema\\\/person\\\/4b9eab41761957db9b1bf9c418d1ef46\",\"name\":\"Dpto Informatica MI Ayuntamiento de Caudete\",\"image\":{\"@type\":\"ImageObject\",\"inLanguage\":\"es\",\"@id\":\"https:\\\/\\\/secure.gravatar.com\\\/avatar\\\/ac0321ee4a0a83e82a253e7b2d348ef539e2c8fe16d06b600bde04de1b364fa7?s=96&d=mm&r=g\",\"url\":\"https:\\\/\\\/secure.gravatar.com\\\/avatar\\\/ac0321ee4a0a83e82a253e7b2d348ef539e2c8fe16d06b600bde04de1b364fa7?s=96&d=mm&r=g\",\"contentUrl\":\"https:\\\/\\\/secure.gravatar.com\\\/avatar\\\/ac0321ee4a0a83e82a253e7b2d348ef539e2c8fe16d06b600bde04de1b364fa7?s=96&d=mm&r=g\",\"caption\":\"Dpto Informatica MI Ayuntamiento de Caudete\"},\"url\":\"https:\\\/\\\/www.caudete.org\\\/ayuntamiento\\\/author\\\/informatica\\\/\"}]}<\/script>\n<!-- \/ Yoast SEO plugin. -->","yoast_head_json":{"title":"Gala fin de curso de la Universidad Popular y Clubes de Lectura 2024\/2025 - MI Ayuntamiento de Caudete","description":"P\u00e1gina Oficial del Ayuntamiento de Caudete (Albacete)","robots":{"index":"index","follow":"follow","max-snippet":"max-snippet:-1","max-image-preview":"max-image-preview:large","max-video-preview":"max-video-preview:-1"},"canonical":"https:\/\/www.caudete.org\/ayuntamiento\/gala-fin-de-curso-de-la-universidad-popular-y-clubes-de-lectura-2024-2025\/","og_locale":"es_ES","og_type":"article","og_title":"Gala fin de curso de la Universidad Popular y Clubes de Lectura 2024\/2025 - MI Ayuntamiento de Caudete","og_description":"P\u00e1gina Oficial del Ayuntamiento de Caudete (Albacete)","og_url":"https:\/\/www.caudete.org\/ayuntamiento\/gala-fin-de-curso-de-la-universidad-popular-y-clubes-de-lectura-2024-2025\/","og_site_name":"MI Ayuntamiento de Caudete","article_publisher":"https:\/\/www.facebook.com\/ayuntamientocaudete\/","article_published_time":"2025-05-26T07:25:28+00:00","article_modified_time":"2025-06-01T08:17:48+00:00","og_image":[{"width":826,"height":332,"url":"https:\/\/www.caudete.org\/ayuntamiento\/wp-content\/uploads\/2025\/05\/findecursoup-port.jpg","type":"image\/jpeg"}],"author":"Dpto Informatica MI Ayuntamiento de Caudete","twitter_card":"summary_large_image","twitter_misc":{"Escrito por":"Dpto Informatica MI Ayuntamiento de Caudete","Tiempo de lectura":"3 minutos"},"schema":{"@context":"https:\/\/schema.org","@graph":[{"@type":"Article","@id":"https:\/\/www.caudete.org\/ayuntamiento\/gala-fin-de-curso-de-la-universidad-popular-y-clubes-de-lectura-2024-2025\/#article","isPartOf":{"@id":"https:\/\/www.caudete.org\/ayuntamiento\/gala-fin-de-curso-de-la-universidad-popular-y-clubes-de-lectura-2024-2025\/"},"author":{"name":"Dpto Informatica MI Ayuntamiento de Caudete","@id":"https:\/\/www.caudete.org\/ayuntamiento\/#\/schema\/person\/4b9eab41761957db9b1bf9c418d1ef46"},"headline":"Gala fin de curso de la Universidad Popular y Clubes de Lectura 2024\/2025","datePublished":"2025-05-26T07:25:28+00:00","dateModified":"2025-06-01T08:17:48+00:00","mainEntityOfPage":{"@id":"https:\/\/www.caudete.org\/ayuntamiento\/gala-fin-de-curso-de-la-universidad-popular-y-clubes-de-lectura-2024-2025\/"},"wordCount":427,"publisher":{"@id":"https:\/\/www.caudete.org\/ayuntamiento\/#organization"},"image":{"@id":"https:\/\/www.caudete.org\/ayuntamiento\/gala-fin-de-curso-de-la-universidad-popular-y-clubes-de-lectura-2024-2025\/#primaryimage"},"thumbnailUrl":"https:\/\/www.caudete.org\/ayuntamiento\/wp-content\/uploads\/2025\/05\/findecursoup-port.jpg","articleSection":["Cultura"],"inLanguage":"es"},{"@type":"WebPage","@id":"https:\/\/www.caudete.org\/ayuntamiento\/gala-fin-de-curso-de-la-universidad-popular-y-clubes-de-lectura-2024-2025\/","url":"https:\/\/www.caudete.org\/ayuntamiento\/gala-fin-de-curso-de-la-universidad-popular-y-clubes-de-lectura-2024-2025\/","name":"Gala fin de curso de la Universidad Popular y Clubes de Lectura 2024\/2025 - MI Ayuntamiento de Caudete","isPartOf":{"@id":"https:\/\/www.caudete.org\/ayuntamiento\/#website"},"primaryImageOfPage":{"@id":"https:\/\/www.caudete.org\/ayuntamiento\/gala-fin-de-curso-de-la-universidad-popular-y-clubes-de-lectura-2024-2025\/#primaryimage"},"image":{"@id":"https:\/\/www.caudete.org\/ayuntamiento\/gala-fin-de-curso-de-la-universidad-popular-y-clubes-de-lectura-2024-2025\/#primaryimage"},"thumbnailUrl":"https:\/\/www.caudete.org\/ayuntamiento\/wp-content\/uploads\/2025\/05\/findecursoup-port.jpg","datePublished":"2025-05-26T07:25:28+00:00","dateModified":"2025-06-01T08:17:48+00:00","description":"P\u00e1gina Oficial del Ayuntamiento de Caudete (Albacete)","breadcrumb":{"@id":"https:\/\/www.caudete.org\/ayuntamiento\/gala-fin-de-curso-de-la-universidad-popular-y-clubes-de-lectura-2024-2025\/#breadcrumb"},"inLanguage":"es","potentialAction":[{"@type":"ReadAction","target":["https:\/\/www.caudete.org\/ayuntamiento\/gala-fin-de-curso-de-la-universidad-popular-y-clubes-de-lectura-2024-2025\/"]}]},{"@type":"ImageObject","inLanguage":"es","@id":"https:\/\/www.caudete.org\/ayuntamiento\/gala-fin-de-curso-de-la-universidad-popular-y-clubes-de-lectura-2024-2025\/#primaryimage","url":"https:\/\/www.caudete.org\/ayuntamiento\/wp-content\/uploads\/2025\/05\/findecursoup-port.jpg","contentUrl":"https:\/\/www.caudete.org\/ayuntamiento\/wp-content\/uploads\/2025\/05\/findecursoup-port.jpg","width":826,"height":332},{"@type":"BreadcrumbList","@id":"https:\/\/www.caudete.org\/ayuntamiento\/gala-fin-de-curso-de-la-universidad-popular-y-clubes-de-lectura-2024-2025\/#breadcrumb","itemListElement":[{"@type":"ListItem","position":1,"name":"Inicio","item":"https:\/\/www.caudete.org\/ayuntamiento\/"},{"@type":"ListItem","position":2,"name":"Gala fin de curso de la Universidad Popular y Clubes de Lectura 2024\/2025"}]},{"@type":"WebSite","@id":"https:\/\/www.caudete.org\/ayuntamiento\/#website","url":"https:\/\/www.caudete.org\/ayuntamiento\/","name":"MI Ayuntamiento de Caudete","description":"P\u00e1gina Oficial del MI Ayuntamiento de Caudete","publisher":{"@id":"https:\/\/www.caudete.org\/ayuntamiento\/#organization"},"potentialAction":[{"@type":"SearchAction","target":{"@type":"EntryPoint","urlTemplate":"https:\/\/www.caudete.org\/ayuntamiento\/?s={search_term_string}"},"query-input":{"@type":"PropertyValueSpecification","valueRequired":true,"valueName":"search_term_string"}}],"inLanguage":"es"},{"@type":"Organization","@id":"https:\/\/www.caudete.org\/ayuntamiento\/#organization","name":"Ayuntamiento de Caudete","url":"https:\/\/www.caudete.org\/ayuntamiento\/","logo":{"@type":"ImageObject","inLanguage":"es","@id":"https:\/\/www.caudete.org\/ayuntamiento\/#\/schema\/logo\/image\/","url":"https:\/\/www.caudete.org\/ayuntamiento\/wp-content\/uploads\/2020\/11\/logo_ayuntamiento_caudete.jpg","contentUrl":"https:\/\/www.caudete.org\/ayuntamiento\/wp-content\/uploads\/2020\/11\/logo_ayuntamiento_caudete.jpg","width":600,"height":150,"caption":"Ayuntamiento de Caudete"},"image":{"@id":"https:\/\/www.caudete.org\/ayuntamiento\/#\/schema\/logo\/image\/"},"sameAs":["https:\/\/www.facebook.com\/ayuntamientocaudete\/","https:\/\/www.youtube.com\/channel\/UC6VztHaooNsGpw-tNoBEFnQ"]},{"@type":"Person","@id":"https:\/\/www.caudete.org\/ayuntamiento\/#\/schema\/person\/4b9eab41761957db9b1bf9c418d1ef46","name":"Dpto Informatica MI Ayuntamiento de Caudete","image":{"@type":"ImageObject","inLanguage":"es","@id":"https:\/\/secure.gravatar.com\/avatar\/ac0321ee4a0a83e82a253e7b2d348ef539e2c8fe16d06b600bde04de1b364fa7?s=96&d=mm&r=g","url":"https:\/\/secure.gravatar.com\/avatar\/ac0321ee4a0a83e82a253e7b2d348ef539e2c8fe16d06b600bde04de1b364fa7?s=96&d=mm&r=g","contentUrl":"https:\/\/secure.gravatar.com\/avatar\/ac0321ee4a0a83e82a253e7b2d348ef539e2c8fe16d06b600bde04de1b364fa7?s=96&d=mm&r=g","caption":"Dpto Informatica MI Ayuntamiento de Caudete"},"url":"https:\/\/www.caudete.org\/ayuntamiento\/author\/informatica\/"}]}},"_links":{"self":[{"href":"https:\/\/www.caudete.org\/ayuntamiento\/wp-json\/wp\/v2\/posts\/28787","targetHints":{"allow":["GET"]}}],"collection":[{"href":"https:\/\/www.caudete.org\/ayuntamiento\/wp-json\/wp\/v2\/posts"}],"about":[{"href":"https:\/\/www.caudete.org\/ayuntamiento\/wp-json\/wp\/v2\/types\/post"}],"author":[{"embeddable":true,"href":"https:\/\/www.caudete.org\/ayuntamiento\/wp-json\/wp\/v2\/users\/5"}],"replies":[{"embeddable":true,"href":"https:\/\/www.caudete.org\/ayuntamiento\/wp-json\/wp\/v2\/comments?post=28787"}],"version-history":[{"count":3,"href":"https:\/\/www.caudete.org\/ayuntamiento\/wp-json\/wp\/v2\/posts\/28787\/revisions"}],"predecessor-version":[{"id":28792,"href":"https:\/\/www.caudete.org\/ayuntamiento\/wp-json\/wp\/v2\/posts\/28787\/revisions\/28792"}],"wp:featuredmedia":[{"embeddable":true,"href":"https:\/\/www.caudete.org\/ayuntamiento\/wp-json\/wp\/v2\/media\/28789"}],"wp:attachment":[{"href":"https:\/\/www.caudete.org\/ayuntamiento\/wp-json\/wp\/v2\/media?parent=28787"}],"wp:term":[{"taxonomy":"category","embeddable":true,"href":"https:\/\/www.caudete.org\/ayuntamiento\/wp-json\/wp\/v2\/categories?post=28787"},{"taxonomy":"post_tag","embeddable":true,"href":"https:\/\/www.caudete.org\/ayuntamiento\/wp-json\/wp\/v2\/tags?post=28787"}],"curies":[{"name":"wp","href":"https:\/\/api.w.org\/{rel}","templated":true}]}}