{"id":28805,"date":"2025-05-26T12:30:51","date_gmt":"2025-05-26T10:30:51","guid":{"rendered":"https:\/\/www.caudete.org\/ayuntamiento\/?p=28805"},"modified":"2025-05-26T12:40:07","modified_gmt":"2025-05-26T10:40:07","slug":"reunion-para-la-constitucion-de-la-asociacion-y-junta-de-regantes-de-caudete","status":"publish","type":"post","link":"https:\/\/www.caudete.org\/ayuntamiento\/reunion-para-la-constitucion-de-la-asociacion-y-junta-de-regantes-de-caudete\/","title":{"rendered":"Reuni\u00f3n para la constituci\u00f3n de la asociaci\u00f3n y junta de regantes de Caudete"},"content":{"rendered":"<p>Desde la concejal\u00eda del ciclo integral del agua, vamos a dar otro paso importante para garantizar el suministro de agua en a\u00f1os venideros, esa es mi responsabilidad y mi compromiso.<\/p>\n<p>En esta ocasi\u00f3n se trata de formalizar una asociaci\u00f3n que nos permita trabajar unidos para conseguir los objetivos que en materia de agua nos propongamos y necesitemos como sociedad.<\/p>\n<p>Es por ello que te convoco como usuario de aguas en el t\u00e9rmino municipal de Caudete, dentro del \u00e1mbito de la Confederaci\u00f3n Hidrogr\u00e1fica del J\u00facar, a la Junta General Constitutiva de la ASOCIACI\u00d3N DE USUARIOS DE AGUAS DE CAUDETE que tendr\u00e1 lugar el pr\u00f3ximo mi\u00e9rcoles 28 de mayo de 2025 en el Ayuntamiento de Caudete, en la calle Mayor, 2, a las 10 horas en primera convocatoria y a las 10h30 horas en segunda convocatoria con el siguiente Orden del d\u00eda:<\/p>\n<p>1. Constituci\u00f3n de ASOCIACI\u00d3N DE USUARIOS DE AGUAS DE CAUDETE.<br \/>\n2. Relaci\u00f3n nominal de usuarios, votos, sus aprovechamientos y obras.<br \/>\n3. Bases a las que, dentro de la legislaci\u00f3n vigente, han de ajustarse los Estatutos por los que se regir\u00e1 la Asociaci\u00f3n, y aprobaci\u00f3n de los mismos.<br \/>\n4. Designaci\u00f3n de la Junta Directiva Provisional.<br \/>\n5. Aprobaci\u00f3n del Acta de esta Junta.<\/p>\n<p>Para mejorar el servicio del agua necesitamos vuestra colaboraci\u00f3n, y que cuando surja un problema, de cualquier \u00edndole relacionado con el agua, os pong\u00e1is en contacto con nosotros llamando al siguiente tel\u00e9fono: <strong>96 582 58 69<\/strong>, donde pod\u00e9is dejar mensajes de voz, fotos y v\u00eddeos como si de un m\u00f3vil se tratase.<\/p>\n<p style=\"text-align: center;\"><span style=\"color: #3366ff;\">\u00a1\u00a1En la concejal\u00eda del Ciclo Integral del Agua nos esforzamos en dar un buen servicio y gestionar bien tu dinero!!<\/span><\/p>\n<p style=\"text-align: center;\"><em>Comunicado de Jos\u00e9 Miguel Moll\u00e1 Nieto,<br \/>\n<\/em><strong><em><u>Concejal del Ciclo Integral del Agua<\/u><\/em><\/strong><\/p>\n<p>&nbsp;<\/p>\n","protected":false},"excerpt":{"rendered":"<p>Desde la concejal\u00eda del ciclo integral del agua, vamos a dar otro paso importante para garantizar el suministro de agua en a\u00f1os venideros, esa es mi responsabilidad y mi compromiso. En esta ocasi\u00f3n se trata de formalizar una asociaci\u00f3n que nos permita trabajar unidos para conseguir los objetivos que en materia de agua nos propongamos &hellip;<\/p>\n","protected":false},"author":5,"featured_media":23793,"comment_status":"closed","ping_status":"open","sticky":false,"template":"","format":"standard","meta":{"ngg_post_thumbnail":0,"footnotes":""},"categories":[49],"tags":[],"class_list":["post-28805","post","type-post","status-publish","format-standard","has-post-thumbnail","hentry","category-ciclo-integral-del-agua"],"yoast_head":"<!-- This site is optimized with the Yoast SEO plugin v27.5 - https:\/\/yoast.com\/product\/yoast-seo-wordpress\/ -->\n<title>Reuni\u00f3n para la constituci\u00f3n de la asociaci\u00f3n y junta de regantes de Caudete - MI Ayuntamiento de Caudete<\/title>\n<meta name=\"description\" content=\"P\u00e1gina Oficial del Ayuntamiento de Caudete (Albacete)\" \/>\n<meta name=\"robots\" content=\"index, follow, max-snippet:-1, max-image-preview:large, max-video-preview:-1\" \/>\n<link rel=\"canonical\" href=\"https:\/\/www.caudete.org\/ayuntamiento\/reunion-para-la-constitucion-de-la-asociacion-y-junta-de-regantes-de-caudete\/\" \/>\n<meta property=\"og:locale\" content=\"es_ES\" \/>\n<meta property=\"og:type\" content=\"article\" \/>\n<meta property=\"og:title\" content=\"Reuni\u00f3n para la constituci\u00f3n de la asociaci\u00f3n y junta de regantes de Caudete - MI Ayuntamiento de Caudete\" \/>\n<meta property=\"og:description\" content=\"P\u00e1gina Oficial del Ayuntamiento de Caudete (Albacete)\" \/>\n<meta property=\"og:url\" content=\"https:\/\/www.caudete.org\/ayuntamiento\/reunion-para-la-constitucion-de-la-asociacion-y-junta-de-regantes-de-caudete\/\" \/>\n<meta property=\"og:site_name\" content=\"MI Ayuntamiento de Caudete\" \/>\n<meta property=\"article:publisher\" content=\"https:\/\/www.facebook.com\/ayuntamientocaudete\/\" \/>\n<meta property=\"article:published_time\" content=\"2025-05-26T10:30:51+00:00\" \/>\n<meta property=\"article:modified_time\" content=\"2025-05-26T10:40:07+00:00\" \/>\n<meta property=\"og:image\" content=\"https:\/\/www.caudete.org\/ayuntamiento\/wp-content\/uploads\/2023\/11\/agua.jpg\" \/>\n\t<meta property=\"og:image:width\" content=\"1200\" \/>\n\t<meta property=\"og:image:height\" content=\"803\" \/>\n\t<meta property=\"og:image:type\" content=\"image\/jpeg\" \/>\n<meta name=\"author\" content=\"Dpto Informatica MI Ayuntamiento de Caudete\" \/>\n<meta name=\"twitter:card\" content=\"summary_large_image\" \/>\n<meta name=\"twitter:label1\" content=\"Escrito por\" \/>\n\t<meta name=\"twitter:data1\" content=\"Dpto Informatica MI Ayuntamiento de Caudete\" \/>\n\t<meta name=\"twitter:label2\" content=\"Tiempo de lectura\" \/>\n\t<meta name=\"twitter:data2\" content=\"2 minutos\" \/>\n<script type=\"application\/ld+json\" class=\"yoast-schema-graph\">{\"@context\":\"https:\\\/\\\/schema.org\",\"@graph\":[{\"@type\":\"Article\",\"@id\":\"https:\\\/\\\/www.caudete.org\\\/ayuntamiento\\\/reunion-para-la-constitucion-de-la-asociacion-y-junta-de-regantes-de-caudete\\\/#article\",\"isPartOf\":{\"@id\":\"https:\\\/\\\/www.caudete.org\\\/ayuntamiento\\\/reunion-para-la-constitucion-de-la-asociacion-y-junta-de-regantes-de-caudete\\\/\"},\"author\":{\"name\":\"Dpto Informatica MI Ayuntamiento de Caudete\",\"@id\":\"https:\\\/\\\/www.caudete.org\\\/ayuntamiento\\\/#\\\/schema\\\/person\\\/4b9eab41761957db9b1bf9c418d1ef46\"},\"headline\":\"Reuni\u00f3n para la constituci\u00f3n de la asociaci\u00f3n y junta de regantes de Caudete\",\"datePublished\":\"2025-05-26T10:30:51+00:00\",\"dateModified\":\"2025-05-26T10:40:07+00:00\",\"mainEntityOfPage\":{\"@id\":\"https:\\\/\\\/www.caudete.org\\\/ayuntamiento\\\/reunion-para-la-constitucion-de-la-asociacion-y-junta-de-regantes-de-caudete\\\/\"},\"wordCount\":316,\"image\":{\"@id\":\"https:\\\/\\\/www.caudete.org\\\/ayuntamiento\\\/reunion-para-la-constitucion-de-la-asociacion-y-junta-de-regantes-de-caudete\\\/#primaryimage\"},\"thumbnailUrl\":\"https:\\\/\\\/www.caudete.org\\\/ayuntamiento\\\/wp-content\\\/uploads\\\/2023\\\/11\\\/agua.jpg\",\"articleSection\":[\"Ciclo Integral del Agua\"],\"inLanguage\":\"es\"},{\"@type\":\"WebPage\",\"@id\":\"https:\\\/\\\/www.caudete.org\\\/ayuntamiento\\\/reunion-para-la-constitucion-de-la-asociacion-y-junta-de-regantes-de-caudete\\\/\",\"url\":\"https:\\\/\\\/www.caudete.org\\\/ayuntamiento\\\/reunion-para-la-constitucion-de-la-asociacion-y-junta-de-regantes-de-caudete\\\/\",\"name\":\"Reuni\u00f3n para la constituci\u00f3n de la asociaci\u00f3n y junta de regantes de Caudete - MI Ayuntamiento de Caudete\",\"isPartOf\":{\"@id\":\"https:\\\/\\\/www.caudete.org\\\/ayuntamiento\\\/#website\"},\"primaryImageOfPage\":{\"@id\":\"https:\\\/\\\/www.caudete.org\\\/ayuntamiento\\\/reunion-para-la-constitucion-de-la-asociacion-y-junta-de-regantes-de-caudete\\\/#primaryimage\"},\"image\":{\"@id\":\"https:\\\/\\\/www.caudete.org\\\/ayuntamiento\\\/reunion-para-la-constitucion-de-la-asociacion-y-junta-de-regantes-de-caudete\\\/#primaryimage\"},\"thumbnailUrl\":\"https:\\\/\\\/www.caudete.org\\\/ayuntamiento\\\/wp-content\\\/uploads\\\/2023\\\/11\\\/agua.jpg\",\"datePublished\":\"2025-05-26T10:30:51+00:00\",\"dateModified\":\"2025-05-26T10:40:07+00:00\",\"author\":{\"@id\":\"https:\\\/\\\/www.caudete.org\\\/ayuntamiento\\\/#\\\/schema\\\/person\\\/4b9eab41761957db9b1bf9c418d1ef46\"},\"description\":\"P\u00e1gina Oficial del Ayuntamiento de Caudete (Albacete)\",\"breadcrumb\":{\"@id\":\"https:\\\/\\\/www.caudete.org\\\/ayuntamiento\\\/reunion-para-la-constitucion-de-la-asociacion-y-junta-de-regantes-de-caudete\\\/#breadcrumb\"},\"inLanguage\":\"es\",\"potentialAction\":[{\"@type\":\"ReadAction\",\"target\":[\"https:\\\/\\\/www.caudete.org\\\/ayuntamiento\\\/reunion-para-la-constitucion-de-la-asociacion-y-junta-de-regantes-de-caudete\\\/\"]}]},{\"@type\":\"ImageObject\",\"inLanguage\":\"es\",\"@id\":\"https:\\\/\\\/www.caudete.org\\\/ayuntamiento\\\/reunion-para-la-constitucion-de-la-asociacion-y-junta-de-regantes-de-caudete\\\/#primaryimage\",\"url\":\"https:\\\/\\\/www.caudete.org\\\/ayuntamiento\\\/wp-content\\\/uploads\\\/2023\\\/11\\\/agua.jpg\",\"contentUrl\":\"https:\\\/\\\/www.caudete.org\\\/ayuntamiento\\\/wp-content\\\/uploads\\\/2023\\\/11\\\/agua.jpg\",\"width\":1200,\"height\":803},{\"@type\":\"BreadcrumbList\",\"@id\":\"https:\\\/\\\/www.caudete.org\\\/ayuntamiento\\\/reunion-para-la-constitucion-de-la-asociacion-y-junta-de-regantes-de-caudete\\\/#breadcrumb\",\"itemListElement\":[{\"@type\":\"ListItem\",\"position\":1,\"name\":\"Inicio\",\"item\":\"https:\\\/\\\/www.caudete.org\\\/ayuntamiento\\\/\"},{\"@type\":\"ListItem\",\"position\":2,\"name\":\"Reuni\u00f3n para la constituci\u00f3n de la asociaci\u00f3n y junta de regantes de Caudete\"}]},{\"@type\":\"WebSite\",\"@id\":\"https:\\\/\\\/www.caudete.org\\\/ayuntamiento\\\/#website\",\"url\":\"https:\\\/\\\/www.caudete.org\\\/ayuntamiento\\\/\",\"name\":\"MI Ayuntamiento de Caudete\",\"description\":\"P\u00e1gina Oficial del MI Ayuntamiento de Caudete\",\"potentialAction\":[{\"@type\":\"SearchAction\",\"target\":{\"@type\":\"EntryPoint\",\"urlTemplate\":\"https:\\\/\\\/www.caudete.org\\\/ayuntamiento\\\/?s={search_term_string}\"},\"query-input\":{\"@type\":\"PropertyValueSpecification\",\"valueRequired\":true,\"valueName\":\"search_term_string\"}}],\"inLanguage\":\"es\"},{\"@type\":\"Person\",\"@id\":\"https:\\\/\\\/www.caudete.org\\\/ayuntamiento\\\/#\\\/schema\\\/person\\\/4b9eab41761957db9b1bf9c418d1ef46\",\"name\":\"Dpto Informatica MI Ayuntamiento de Caudete\",\"image\":{\"@type\":\"ImageObject\",\"inLanguage\":\"es\",\"@id\":\"https:\\\/\\\/secure.gravatar.com\\\/avatar\\\/ac0321ee4a0a83e82a253e7b2d348ef539e2c8fe16d06b600bde04de1b364fa7?s=96&d=mm&r=g\",\"url\":\"https:\\\/\\\/secure.gravatar.com\\\/avatar\\\/ac0321ee4a0a83e82a253e7b2d348ef539e2c8fe16d06b600bde04de1b364fa7?s=96&d=mm&r=g\",\"contentUrl\":\"https:\\\/\\\/secure.gravatar.com\\\/avatar\\\/ac0321ee4a0a83e82a253e7b2d348ef539e2c8fe16d06b600bde04de1b364fa7?s=96&d=mm&r=g\",\"caption\":\"Dpto Informatica MI Ayuntamiento de Caudete\"},\"url\":\"https:\\\/\\\/www.caudete.org\\\/ayuntamiento\\\/author\\\/informatica\\\/\"}]}<\/script>\n<!-- \/ Yoast SEO plugin. -->","yoast_head_json":{"title":"Reuni\u00f3n para la constituci\u00f3n de la asociaci\u00f3n y junta de regantes de Caudete - MI Ayuntamiento de Caudete","description":"P\u00e1gina Oficial del Ayuntamiento de Caudete (Albacete)","robots":{"index":"index","follow":"follow","max-snippet":"max-snippet:-1","max-image-preview":"max-image-preview:large","max-video-preview":"max-video-preview:-1"},"canonical":"https:\/\/www.caudete.org\/ayuntamiento\/reunion-para-la-constitucion-de-la-asociacion-y-junta-de-regantes-de-caudete\/","og_locale":"es_ES","og_type":"article","og_title":"Reuni\u00f3n para la constituci\u00f3n de la asociaci\u00f3n y junta de regantes de Caudete - MI Ayuntamiento de Caudete","og_description":"P\u00e1gina Oficial del Ayuntamiento de Caudete (Albacete)","og_url":"https:\/\/www.caudete.org\/ayuntamiento\/reunion-para-la-constitucion-de-la-asociacion-y-junta-de-regantes-de-caudete\/","og_site_name":"MI Ayuntamiento de Caudete","article_publisher":"https:\/\/www.facebook.com\/ayuntamientocaudete\/","article_published_time":"2025-05-26T10:30:51+00:00","article_modified_time":"2025-05-26T10:40:07+00:00","og_image":[{"width":1200,"height":803,"url":"https:\/\/www.caudete.org\/ayuntamiento\/wp-content\/uploads\/2023\/11\/agua.jpg","type":"image\/jpeg"}],"author":"Dpto Informatica MI Ayuntamiento de Caudete","twitter_card":"summary_large_image","twitter_misc":{"Escrito por":"Dpto Informatica MI Ayuntamiento de Caudete","Tiempo de lectura":"2 minutos"},"schema":{"@context":"https:\/\/schema.org","@graph":[{"@type":"Article","@id":"https:\/\/www.caudete.org\/ayuntamiento\/reunion-para-la-constitucion-de-la-asociacion-y-junta-de-regantes-de-caudete\/#article","isPartOf":{"@id":"https:\/\/www.caudete.org\/ayuntamiento\/reunion-para-la-constitucion-de-la-asociacion-y-junta-de-regantes-de-caudete\/"},"author":{"name":"Dpto Informatica MI Ayuntamiento de Caudete","@id":"https:\/\/www.caudete.org\/ayuntamiento\/#\/schema\/person\/4b9eab41761957db9b1bf9c418d1ef46"},"headline":"Reuni\u00f3n para la constituci\u00f3n de la asociaci\u00f3n y junta de regantes de Caudete","datePublished":"2025-05-26T10:30:51+00:00","dateModified":"2025-05-26T10:40:07+00:00","mainEntityOfPage":{"@id":"https:\/\/www.caudete.org\/ayuntamiento\/reunion-para-la-constitucion-de-la-asociacion-y-junta-de-regantes-de-caudete\/"},"wordCount":316,"image":{"@id":"https:\/\/www.caudete.org\/ayuntamiento\/reunion-para-la-constitucion-de-la-asociacion-y-junta-de-regantes-de-caudete\/#primaryimage"},"thumbnailUrl":"https:\/\/www.caudete.org\/ayuntamiento\/wp-content\/uploads\/2023\/11\/agua.jpg","articleSection":["Ciclo Integral del Agua"],"inLanguage":"es"},{"@type":"WebPage","@id":"https:\/\/www.caudete.org\/ayuntamiento\/reunion-para-la-constitucion-de-la-asociacion-y-junta-de-regantes-de-caudete\/","url":"https:\/\/www.caudete.org\/ayuntamiento\/reunion-para-la-constitucion-de-la-asociacion-y-junta-de-regantes-de-caudete\/","name":"Reuni\u00f3n para la constituci\u00f3n de la asociaci\u00f3n y junta de regantes de Caudete - MI Ayuntamiento de Caudete","isPartOf":{"@id":"https:\/\/www.caudete.org\/ayuntamiento\/#website"},"primaryImageOfPage":{"@id":"https:\/\/www.caudete.org\/ayuntamiento\/reunion-para-la-constitucion-de-la-asociacion-y-junta-de-regantes-de-caudete\/#primaryimage"},"image":{"@id":"https:\/\/www.caudete.org\/ayuntamiento\/reunion-para-la-constitucion-de-la-asociacion-y-junta-de-regantes-de-caudete\/#primaryimage"},"thumbnailUrl":"https:\/\/www.caudete.org\/ayuntamiento\/wp-content\/uploads\/2023\/11\/agua.jpg","datePublished":"2025-05-26T10:30:51+00:00","dateModified":"2025-05-26T10:40:07+00:00","author":{"@id":"https:\/\/www.caudete.org\/ayuntamiento\/#\/schema\/person\/4b9eab41761957db9b1bf9c418d1ef46"},"description":"P\u00e1gina Oficial del Ayuntamiento de Caudete (Albacete)","breadcrumb":{"@id":"https:\/\/www.caudete.org\/ayuntamiento\/reunion-para-la-constitucion-de-la-asociacion-y-junta-de-regantes-de-caudete\/#breadcrumb"},"inLanguage":"es","potentialAction":[{"@type":"ReadAction","target":["https:\/\/www.caudete.org\/ayuntamiento\/reunion-para-la-constitucion-de-la-asociacion-y-junta-de-regantes-de-caudete\/"]}]},{"@type":"ImageObject","inLanguage":"es","@id":"https:\/\/www.caudete.org\/ayuntamiento\/reunion-para-la-constitucion-de-la-asociacion-y-junta-de-regantes-de-caudete\/#primaryimage","url":"https:\/\/www.caudete.org\/ayuntamiento\/wp-content\/uploads\/2023\/11\/agua.jpg","contentUrl":"https:\/\/www.caudete.org\/ayuntamiento\/wp-content\/uploads\/2023\/11\/agua.jpg","width":1200,"height":803},{"@type":"BreadcrumbList","@id":"https:\/\/www.caudete.org\/ayuntamiento\/reunion-para-la-constitucion-de-la-asociacion-y-junta-de-regantes-de-caudete\/#breadcrumb","itemListElement":[{"@type":"ListItem","position":1,"name":"Inicio","item":"https:\/\/www.caudete.org\/ayuntamiento\/"},{"@type":"ListItem","position":2,"name":"Reuni\u00f3n para la constituci\u00f3n de la asociaci\u00f3n y junta de regantes de Caudete"}]},{"@type":"WebSite","@id":"https:\/\/www.caudete.org\/ayuntamiento\/#website","url":"https:\/\/www.caudete.org\/ayuntamiento\/","name":"MI Ayuntamiento de Caudete","description":"P\u00e1gina Oficial del MI Ayuntamiento de Caudete","potentialAction":[{"@type":"SearchAction","target":{"@type":"EntryPoint","urlTemplate":"https:\/\/www.caudete.org\/ayuntamiento\/?s={search_term_string}"},"query-input":{"@type":"PropertyValueSpecification","valueRequired":true,"valueName":"search_term_string"}}],"inLanguage":"es"},{"@type":"Person","@id":"https:\/\/www.caudete.org\/ayuntamiento\/#\/schema\/person\/4b9eab41761957db9b1bf9c418d1ef46","name":"Dpto Informatica MI Ayuntamiento de Caudete","image":{"@type":"ImageObject","inLanguage":"es","@id":"https:\/\/secure.gravatar.com\/avatar\/ac0321ee4a0a83e82a253e7b2d348ef539e2c8fe16d06b600bde04de1b364fa7?s=96&d=mm&r=g","url":"https:\/\/secure.gravatar.com\/avatar\/ac0321ee4a0a83e82a253e7b2d348ef539e2c8fe16d06b600bde04de1b364fa7?s=96&d=mm&r=g","contentUrl":"https:\/\/secure.gravatar.com\/avatar\/ac0321ee4a0a83e82a253e7b2d348ef539e2c8fe16d06b600bde04de1b364fa7?s=96&d=mm&r=g","caption":"Dpto Informatica MI Ayuntamiento de Caudete"},"url":"https:\/\/www.caudete.org\/ayuntamiento\/author\/informatica\/"}]}},"_links":{"self":[{"href":"https:\/\/www.caudete.org\/ayuntamiento\/wp-json\/wp\/v2\/posts\/28805","targetHints":{"allow":["GET"]}}],"collection":[{"href":"https:\/\/www.caudete.org\/ayuntamiento\/wp-json\/wp\/v2\/posts"}],"about":[{"href":"https:\/\/www.caudete.org\/ayuntamiento\/wp-json\/wp\/v2\/types\/post"}],"author":[{"embeddable":true,"href":"https:\/\/www.caudete.org\/ayuntamiento\/wp-json\/wp\/v2\/users\/5"}],"replies":[{"embeddable":true,"href":"https:\/\/www.caudete.org\/ayuntamiento\/wp-json\/wp\/v2\/comments?post=28805"}],"version-history":[{"count":3,"href":"https:\/\/www.caudete.org\/ayuntamiento\/wp-json\/wp\/v2\/posts\/28805\/revisions"}],"predecessor-version":[{"id":28808,"href":"https:\/\/www.caudete.org\/ayuntamiento\/wp-json\/wp\/v2\/posts\/28805\/revisions\/28808"}],"wp:featuredmedia":[{"embeddable":true,"href":"https:\/\/www.caudete.org\/ayuntamiento\/wp-json\/wp\/v2\/media\/23793"}],"wp:attachment":[{"href":"https:\/\/www.caudete.org\/ayuntamiento\/wp-json\/wp\/v2\/media?parent=28805"}],"wp:term":[{"taxonomy":"category","embeddable":true,"href":"https:\/\/www.caudete.org\/ayuntamiento\/wp-json\/wp\/v2\/categories?post=28805"},{"taxonomy":"post_tag","embeddable":true,"href":"https:\/\/www.caudete.org\/ayuntamiento\/wp-json\/wp\/v2\/tags?post=28805"}],"curies":[{"name":"wp","href":"https:\/\/api.w.org\/{rel}","templated":true}]}}