{"id":28816,"date":"2025-05-27T17:04:25","date_gmt":"2025-05-27T15:04:25","guid":{"rendered":"https:\/\/www.caudete.org\/ayuntamiento\/?p=28816"},"modified":"2025-05-27T17:04:25","modified_gmt":"2025-05-27T15:04:25","slug":"la-memoria-2024-arroja-4-678-actuaciones-de-la-policia-local-un-10-mas-que-en-2023","status":"publish","type":"post","link":"https:\/\/www.caudete.org\/ayuntamiento\/la-memoria-2024-arroja-4-678-actuaciones-de-la-policia-local-un-10-mas-que-en-2023\/","title":{"rendered":"La Memoria 2024 arroja 4.678 actuaciones de la Polic\u00eda Local, un 10% m\u00e1s que en 2023"},"content":{"rendered":"<p style=\"text-align: justify;\" align=\"justify\">Desde la Concejal\u00eda de Seguridad Ciudadana, M\u00aa Dolores Requena, ha dado traslado de los datos m\u00e1s relevantes que se extraen de la <b>Memoria de actividades de la Polic\u00eda Local del a\u00f1o 2024,<\/b> presentada por el Subinspector-Jefe de la Polic\u00eda Local de Caudete.<\/p>\n<p style=\"text-align: justify;\" align=\"justify\">Este documento refleja el trabajo diario de la Polic\u00eda Local, de una plantilla de 17 agentes, que cuenta en la actualidad con 1 Subinspector-jefe, 2 Oficiales y 14 agentes , tras la reciente jubilaci\u00f3n de uno de ellos.<\/p>\n<p style=\"text-align: justify;\" align=\"justify\"><span style=\"font-family: georgia, palatino, serif;\"><span style=\"font-size: medium;\"><span style=\"color: #000000;\">Un trabajo caracterizado por la cercan\u00eda a la poblaci\u00f3n y su continua evoluci\u00f3n y especializaci\u00f3n, adapt\u00e1ndose a las necesidades reales que nuestro pueblo demanda d\u00eda tras d\u00eda.<\/span><\/span><\/span><\/p>\n<p style=\"text-align: justify;\" align=\"justify\"><span style=\"font-family: georgia, palatino, serif;\"><span style=\"font-size: medium;\"><span style=\"color: #000000;\">Entre las actuaciones e intervenciones que destacan en esta memoria, cabe resaltar que en el pasado a\u00f1o se realizaron un total de<b> <\/b><b>4.678 frente a las 4.264 <\/b>del a\u00f1o 2023, lo que viene a incrementar en un <b>9,70 %<\/b> el porcentaje de las mismas.<\/span><\/span><\/span><\/p>\n<p style=\"text-align: justify;\" align=\"justify\"><span style=\"font-family: georgia, palatino, serif;\"><span style=\"color: #000000;\"><span style=\"font-size: medium;\">En el \u00e1mbito de sanciones por infracciones de trafico, destacan las\u00a0<\/span><\/span><span style=\"color: #000000;\"><span style=\"font-size: medium;\"><b>2<\/b><\/span><\/span><span style=\"color: #000000;\"><span style=\"font-size: medium;\"><b>57<\/b><\/span><\/span><span style=\"color: #000000;\"><span style=\"font-size: medium;\"><b> denuncias<\/b><\/span><\/span><span style=\"color: #000000;\"><span style=\"font-size: medium;\">\u00a0por \u201c<\/span><\/span><span style=\"color: #000000;\"><span style=\"font-size: medium;\"><em>no obedecer una se\u00f1al de prohibici\u00f3n de estacionamiento<\/em><\/span><\/span><span style=\"color: #000000;\"><span style=\"font-size: medium;\">\u201d, las\u00a0<\/span><\/span><span style=\"color: #000000;\"><span style=\"font-size: medium;\"><b>3<\/b><\/span><\/span><span style=\"color: #000000;\"><span style=\"font-size: medium;\"><b>1<\/b><\/span><\/span><span style=\"color: #000000;\"><span style=\"font-size: medium;\"><b>\u00a0<\/b><\/span><\/span><span style=\"color: #000000;\"><span style=\"font-size: medium;\">impuestas por carecer del\u00a0<\/span><\/span><span style=\"color: #000000;\"><span style=\"font-size: medium;\"><b>SOA\u00a0<\/b><\/span><\/span><span style=\"color: #000000;\"><span style=\"font-size: medium;\">(contrato de seguro obligatorio de responsabilidad civil derivada de la circulaci\u00f3n) o las\u00a0<\/span><\/span><span style=\"color: #000000;\"><span style=\"font-size: medium;\"><b>1<\/b><\/span><\/span><span style=\"color: #000000;\"><span style=\"font-size: medium;\"><b>80<\/b><\/span><\/span><span style=\"color: #000000;\"><span style=\"font-size: medium;\"><b> por ITV caducada<\/b><\/span><\/span><span style=\"color: #000000;\"><span style=\"font-size: medium;\">.<\/span><\/span><\/span><\/p>\n<p style=\"text-align: justify;\" align=\"justify\"><span style=\"font-family: georgia, palatino, serif;\"><span style=\"color: #000000;\"><span style=\"font-size: medium;\">Es rese\u00f1able la instrucci\u00f3n de 14 atestados por delitos contra la segurida<\/span><\/span><span style=\"color: #000000;\"><span style=\"font-size: medium;\">d<\/span><\/span><span style=\"color: #000000;\"><span style=\"font-size: medium;\"> vial y accidentes de tr\u00e1fico con heridos.<\/span><\/span><\/span><\/p>\n<p style=\"text-align: justify;\" align=\"justify\"><span style=\"font-family: georgia, palatino, serif;\"><span style=\"font-size: medium;\"><span style=\"color: #000000;\">Otros \u00e1mbitos de actuaci\u00f3n son :<\/span><\/span><\/span><\/p>\n<ul style=\"text-align: justify;\">\n<li>\n<p align=\"justify\"><span style=\"font-family: georgia, palatino, serif;\"><span style=\"font-size: medium;\"><span style=\"color: #000000;\">los accidentes de trafico, realizando el atestado pertinente, siendo un total de <b>30<\/b>.<\/span><\/span><\/span><\/p>\n<\/li>\n<li>\n<p align=\"justify\"><span style=\"font-family: georgia, palatino, serif;\"><span style=\"font-size: medium;\"><span style=\"color: #000000;\">inmovilizaci\u00f3n y retirada de veh\u00edculos de la v\u00eda publica, (<b>222<\/b> turismos).<\/span><\/span><\/span><\/p>\n<\/li>\n<li>\n<p align=\"justify\"><span style=\"font-family: georgia, palatino, serif;\"><span style=\"font-size: medium;\"><span style=\"color: #000000;\">campa\u00f1as de la DGT\u00a0sobre el uso del cintur\u00f3n, vigilancia y control de alcohol y drogas, control de distracciones al volante, vigilancia y control de furgonetas.<\/span><\/span><\/span><\/p>\n<\/li>\n<li>\n<p align=\"justify\"><span style=\"font-family: georgia, palatino, serif;\"><span style=\"font-size: medium;\"><span style=\"color: #000000;\">elaboraci\u00f3n de informes sobre actuaciones policiales, de trafico, sociales, de actividades comerciales, de convivencia y denuncias por infracciones a ordenanzas municipales.<\/span><\/span><\/span><\/p>\n<\/li>\n<li>\n<p align=\"justify\"><span style=\"font-family: georgia, palatino, serif;\"><span style=\"font-size: medium;\"><span style=\"color: #000000;\">requerimientos por recogida de animales dom\u00e9sticos.<\/span><\/span><\/span><\/p>\n<\/li>\n<li>\n<p align=\"justify\"><span style=\"font-family: georgia, palatino, serif;\"><span style=\"font-size: medium;\"><span style=\"color: #000000;\">controles de seguimientos de penas de localizaci\u00f3n permanente.<\/span><\/span><\/span><\/p>\n<\/li>\n<li>\n<p align=\"justify\"><span style=\"font-family: georgia, palatino, serif;\"><span style=\"font-size: medium;\"><span style=\"color: #000000;\">notificaciones.<\/span><\/span><\/span><\/p>\n<\/li>\n<li>\n<p align=\"justify\"><span style=\"font-family: georgia, palatino, serif;\"><span style=\"font-size: medium;\"><span style=\"color: #000000;\">colaboraciones con otros Cuerpos y Fuerzas de Seguridad (Guardia Civil, Polic\u00eda Nacional ).<\/span><\/span><\/span><\/p>\n<p align=\"justify\">\n<\/li>\n<\/ul>\n<p style=\"text-align: justify;\" align=\"justify\"><span style=\"font-family: georgia, palatino, serif;\"><span style=\"font-size: medium;\"><span style=\"color: #000000;\">Como se ha mencionado, la plantilla de Polic\u00eda Local est\u00e1 en continua especializaci\u00f3n y formaci\u00f3n para dar un \u00f3ptimo servicio a los ciudadanos de Caudete .<\/span><\/span><\/span><\/p>\n<p style=\"text-align: justify;\" align=\"justify\"><span style=\"font-family: georgia, palatino, serif;\"><span style=\"font-size: medium;\"><span style=\"color: #000000;\">En el a\u00f1o 202<\/span>4, los agentes asistieron a<b>\u00a0<\/b><b>3<\/b><b> <\/b><b>cursos\/jornadas de formaci\u00f3n<\/b>\u00a0sobre temas de detecci\u00f3n de drogas en la conducci\u00f3n, reciclaje de tiro policial, formaci\u00f3n sobre usos pr\u00e1cticos en seguridad y emergencias a trav\u00e9s de la Inteligencia Artificial, b\u00fasqueda de personas desaparecidas e intervenci\u00f3n ante situaciones de violencia de g\u00e9nero.<\/span><\/span><\/p>\n<p style=\"text-align: justify;\" align=\"justify\"><span style=\"font-family: georgia, palatino, serif;\"><span style=\"font-size: medium;\"><span style=\"color: #000000;\">Se ha dotado de medios materiales necesarios para la detecci\u00f3n de drogas en el organismo de los conductores, mediante los test indiciarios desechables, los cuales son capaces de detectar la presencia de hasta 6 tipos de drogas en el organismo, con solo una muestra de saliva, que tras la extracci\u00f3n es enviada a un laboratorio para ser corroborada <\/span>y as\u00ed, servir de prueba evidencial para la instrucci\u00f3n del expediente sancionador correspondiente.<\/span><\/span><\/p>\n<p style=\"text-align: justify;\" align=\"justify\"><span style=\"font-family: georgia, palatino, serif;\"><span style=\"font-size: medium;\"><span style=\"color: #000000;\">Con motivo de la DANA, 12 agentes de nuestra Polic\u00eda prestaron asistencia ,de forma altruista y voluntaria , a varios municipios afectados por la misma, durante los meses de noviembre y diciembre.<\/span><\/span><\/span><\/p>\n<p style=\"text-align: justify;\" align=\"justify\"><span style=\"font-family: georgia, palatino, serif;\"><span style=\"font-size: medium;\"><span style=\"color: #000000;\">Todo lo recogido en este informe refleja la profesionalidad y saber hacer de nuestros agentes locales y el gran inter\u00e9s por crecer en n\u00famero y servicios al ciudadano.<\/span><\/span><\/span><\/p>\n<p style=\"text-align: justify;\">\n","protected":false},"excerpt":{"rendered":"<p>Desde la Concejal\u00eda de Seguridad Ciudadana, M\u00aa Dolores Requena, ha dado traslado de los datos m\u00e1s relevantes que se extraen de la Memoria de actividades de la Polic\u00eda Local del a\u00f1o 2024, presentada por el Subinspector-Jefe de la Polic\u00eda Local de Caudete. Este documento refleja el trabajo diario de la Polic\u00eda Local, de una plantilla &hellip;<\/p>\n","protected":false},"author":3,"featured_media":28817,"comment_status":"closed","ping_status":"open","sticky":false,"template":"","format":"standard","meta":{"ngg_post_thumbnail":0,"footnotes":""},"categories":[852],"tags":[],"class_list":["post-28816","post","type-post","status-publish","format-standard","has-post-thumbnail","hentry","category-seguridad-ciudadana"],"yoast_head":"<!-- This site is optimized with the Yoast SEO plugin v27.5 - https:\/\/yoast.com\/product\/yoast-seo-wordpress\/ -->\n<title>La Memoria 2024 arroja 4.678 actuaciones de la Polic\u00eda Local, un 10% m\u00e1s que en 2023 - MI Ayuntamiento de Caudete<\/title>\n<meta name=\"description\" content=\"P\u00e1gina Oficial del Ayuntamiento de Caudete (Albacete)\" \/>\n<meta name=\"robots\" content=\"index, follow, max-snippet:-1, max-image-preview:large, max-video-preview:-1\" \/>\n<link rel=\"canonical\" href=\"https:\/\/www.caudete.org\/ayuntamiento\/la-memoria-2024-arroja-4-678-actuaciones-de-la-policia-local-un-10-mas-que-en-2023\/\" \/>\n<meta property=\"og:locale\" content=\"es_ES\" \/>\n<meta property=\"og:type\" content=\"article\" \/>\n<meta property=\"og:title\" content=\"La Memoria 2024 arroja 4.678 actuaciones de la Polic\u00eda Local, un 10% m\u00e1s que en 2023 - MI Ayuntamiento de Caudete\" \/>\n<meta property=\"og:description\" content=\"P\u00e1gina Oficial del Ayuntamiento de Caudete (Albacete)\" \/>\n<meta property=\"og:url\" content=\"https:\/\/www.caudete.org\/ayuntamiento\/la-memoria-2024-arroja-4-678-actuaciones-de-la-policia-local-un-10-mas-que-en-2023\/\" \/>\n<meta property=\"og:site_name\" content=\"MI Ayuntamiento de Caudete\" \/>\n<meta property=\"article:publisher\" content=\"https:\/\/www.facebook.com\/ayuntamientocaudete\/\" \/>\n<meta property=\"article:published_time\" content=\"2025-05-27T15:04:25+00:00\" \/>\n<meta property=\"og:image\" content=\"https:\/\/www.caudete.org\/ayuntamiento\/wp-content\/uploads\/2025\/05\/comisaria-2.jpg\" \/>\n\t<meta property=\"og:image:width\" content=\"1200\" \/>\n\t<meta property=\"og:image:height\" content=\"742\" \/>\n\t<meta property=\"og:image:type\" content=\"image\/jpeg\" \/>\n<meta name=\"author\" content=\"alcalde\" \/>\n<meta name=\"twitter:card\" content=\"summary_large_image\" \/>\n<meta name=\"twitter:label1\" content=\"Escrito por\" \/>\n\t<meta name=\"twitter:data1\" content=\"alcalde\" \/>\n\t<meta name=\"twitter:label2\" content=\"Tiempo de lectura\" \/>\n\t<meta name=\"twitter:data2\" content=\"3 minutos\" \/>\n<script type=\"application\/ld+json\" class=\"yoast-schema-graph\">{\"@context\":\"https:\\\/\\\/schema.org\",\"@graph\":[{\"@type\":\"Article\",\"@id\":\"https:\\\/\\\/www.caudete.org\\\/ayuntamiento\\\/la-memoria-2024-arroja-4-678-actuaciones-de-la-policia-local-un-10-mas-que-en-2023\\\/#article\",\"isPartOf\":{\"@id\":\"https:\\\/\\\/www.caudete.org\\\/ayuntamiento\\\/la-memoria-2024-arroja-4-678-actuaciones-de-la-policia-local-un-10-mas-que-en-2023\\\/\"},\"author\":{\"name\":\"alcalde\",\"@id\":\"https:\\\/\\\/www.caudete.org\\\/ayuntamiento\\\/#\\\/schema\\\/person\\\/cc646da9133078ee4d8dd47457947253\"},\"headline\":\"La Memoria 2024 arroja 4.678 actuaciones de la Polic\u00eda Local, un 10% m\u00e1s que en 2023\",\"datePublished\":\"2025-05-27T15:04:25+00:00\",\"mainEntityOfPage\":{\"@id\":\"https:\\\/\\\/www.caudete.org\\\/ayuntamiento\\\/la-memoria-2024-arroja-4-678-actuaciones-de-la-policia-local-un-10-mas-que-en-2023\\\/\"},\"wordCount\":571,\"image\":{\"@id\":\"https:\\\/\\\/www.caudete.org\\\/ayuntamiento\\\/la-memoria-2024-arroja-4-678-actuaciones-de-la-policia-local-un-10-mas-que-en-2023\\\/#primaryimage\"},\"thumbnailUrl\":\"https:\\\/\\\/www.caudete.org\\\/ayuntamiento\\\/wp-content\\\/uploads\\\/2025\\\/05\\\/comisaria-2.jpg\",\"articleSection\":[\"Seguridad Ciudadana\"],\"inLanguage\":\"es\"},{\"@type\":\"WebPage\",\"@id\":\"https:\\\/\\\/www.caudete.org\\\/ayuntamiento\\\/la-memoria-2024-arroja-4-678-actuaciones-de-la-policia-local-un-10-mas-que-en-2023\\\/\",\"url\":\"https:\\\/\\\/www.caudete.org\\\/ayuntamiento\\\/la-memoria-2024-arroja-4-678-actuaciones-de-la-policia-local-un-10-mas-que-en-2023\\\/\",\"name\":\"La Memoria 2024 arroja 4.678 actuaciones de la Polic\u00eda Local, un 10% m\u00e1s que en 2023 - MI Ayuntamiento de Caudete\",\"isPartOf\":{\"@id\":\"https:\\\/\\\/www.caudete.org\\\/ayuntamiento\\\/#website\"},\"primaryImageOfPage\":{\"@id\":\"https:\\\/\\\/www.caudete.org\\\/ayuntamiento\\\/la-memoria-2024-arroja-4-678-actuaciones-de-la-policia-local-un-10-mas-que-en-2023\\\/#primaryimage\"},\"image\":{\"@id\":\"https:\\\/\\\/www.caudete.org\\\/ayuntamiento\\\/la-memoria-2024-arroja-4-678-actuaciones-de-la-policia-local-un-10-mas-que-en-2023\\\/#primaryimage\"},\"thumbnailUrl\":\"https:\\\/\\\/www.caudete.org\\\/ayuntamiento\\\/wp-content\\\/uploads\\\/2025\\\/05\\\/comisaria-2.jpg\",\"datePublished\":\"2025-05-27T15:04:25+00:00\",\"author\":{\"@id\":\"https:\\\/\\\/www.caudete.org\\\/ayuntamiento\\\/#\\\/schema\\\/person\\\/cc646da9133078ee4d8dd47457947253\"},\"description\":\"P\u00e1gina Oficial del Ayuntamiento de Caudete (Albacete)\",\"breadcrumb\":{\"@id\":\"https:\\\/\\\/www.caudete.org\\\/ayuntamiento\\\/la-memoria-2024-arroja-4-678-actuaciones-de-la-policia-local-un-10-mas-que-en-2023\\\/#breadcrumb\"},\"inLanguage\":\"es\",\"potentialAction\":[{\"@type\":\"ReadAction\",\"target\":[\"https:\\\/\\\/www.caudete.org\\\/ayuntamiento\\\/la-memoria-2024-arroja-4-678-actuaciones-de-la-policia-local-un-10-mas-que-en-2023\\\/\"]}]},{\"@type\":\"ImageObject\",\"inLanguage\":\"es\",\"@id\":\"https:\\\/\\\/www.caudete.org\\\/ayuntamiento\\\/la-memoria-2024-arroja-4-678-actuaciones-de-la-policia-local-un-10-mas-que-en-2023\\\/#primaryimage\",\"url\":\"https:\\\/\\\/www.caudete.org\\\/ayuntamiento\\\/wp-content\\\/uploads\\\/2025\\\/05\\\/comisaria-2.jpg\",\"contentUrl\":\"https:\\\/\\\/www.caudete.org\\\/ayuntamiento\\\/wp-content\\\/uploads\\\/2025\\\/05\\\/comisaria-2.jpg\",\"width\":1200,\"height\":742},{\"@type\":\"BreadcrumbList\",\"@id\":\"https:\\\/\\\/www.caudete.org\\\/ayuntamiento\\\/la-memoria-2024-arroja-4-678-actuaciones-de-la-policia-local-un-10-mas-que-en-2023\\\/#breadcrumb\",\"itemListElement\":[{\"@type\":\"ListItem\",\"position\":1,\"name\":\"Inicio\",\"item\":\"https:\\\/\\\/www.caudete.org\\\/ayuntamiento\\\/\"},{\"@type\":\"ListItem\",\"position\":2,\"name\":\"La Memoria 2024 arroja 4.678 actuaciones de la Polic\u00eda Local, un 10% m\u00e1s que en 2023\"}]},{\"@type\":\"WebSite\",\"@id\":\"https:\\\/\\\/www.caudete.org\\\/ayuntamiento\\\/#website\",\"url\":\"https:\\\/\\\/www.caudete.org\\\/ayuntamiento\\\/\",\"name\":\"MI Ayuntamiento de Caudete\",\"description\":\"P\u00e1gina Oficial del MI Ayuntamiento de Caudete\",\"potentialAction\":[{\"@type\":\"SearchAction\",\"target\":{\"@type\":\"EntryPoint\",\"urlTemplate\":\"https:\\\/\\\/www.caudete.org\\\/ayuntamiento\\\/?s={search_term_string}\"},\"query-input\":{\"@type\":\"PropertyValueSpecification\",\"valueRequired\":true,\"valueName\":\"search_term_string\"}}],\"inLanguage\":\"es\"},{\"@type\":\"Person\",\"@id\":\"https:\\\/\\\/www.caudete.org\\\/ayuntamiento\\\/#\\\/schema\\\/person\\\/cc646da9133078ee4d8dd47457947253\",\"name\":\"alcalde\",\"image\":{\"@type\":\"ImageObject\",\"inLanguage\":\"es\",\"@id\":\"https:\\\/\\\/secure.gravatar.com\\\/avatar\\\/84a817ba065b29ff08d666b215a215f5c79186a645ccb25b14a663d48a130f77?s=96&d=mm&r=g\",\"url\":\"https:\\\/\\\/secure.gravatar.com\\\/avatar\\\/84a817ba065b29ff08d666b215a215f5c79186a645ccb25b14a663d48a130f77?s=96&d=mm&r=g\",\"contentUrl\":\"https:\\\/\\\/secure.gravatar.com\\\/avatar\\\/84a817ba065b29ff08d666b215a215f5c79186a645ccb25b14a663d48a130f77?s=96&d=mm&r=g\",\"caption\":\"alcalde\"},\"url\":\"https:\\\/\\\/www.caudete.org\\\/ayuntamiento\\\/author\\\/alcalde\\\/\"}]}<\/script>\n<!-- \/ Yoast SEO plugin. -->","yoast_head_json":{"title":"La Memoria 2024 arroja 4.678 actuaciones de la Polic\u00eda Local, un 10% m\u00e1s que en 2023 - MI Ayuntamiento de Caudete","description":"P\u00e1gina Oficial del Ayuntamiento de Caudete (Albacete)","robots":{"index":"index","follow":"follow","max-snippet":"max-snippet:-1","max-image-preview":"max-image-preview:large","max-video-preview":"max-video-preview:-1"},"canonical":"https:\/\/www.caudete.org\/ayuntamiento\/la-memoria-2024-arroja-4-678-actuaciones-de-la-policia-local-un-10-mas-que-en-2023\/","og_locale":"es_ES","og_type":"article","og_title":"La Memoria 2024 arroja 4.678 actuaciones de la Polic\u00eda Local, un 10% m\u00e1s que en 2023 - MI Ayuntamiento de Caudete","og_description":"P\u00e1gina Oficial del Ayuntamiento de Caudete (Albacete)","og_url":"https:\/\/www.caudete.org\/ayuntamiento\/la-memoria-2024-arroja-4-678-actuaciones-de-la-policia-local-un-10-mas-que-en-2023\/","og_site_name":"MI Ayuntamiento de Caudete","article_publisher":"https:\/\/www.facebook.com\/ayuntamientocaudete\/","article_published_time":"2025-05-27T15:04:25+00:00","og_image":[{"width":1200,"height":742,"url":"https:\/\/www.caudete.org\/ayuntamiento\/wp-content\/uploads\/2025\/05\/comisaria-2.jpg","type":"image\/jpeg"}],"author":"alcalde","twitter_card":"summary_large_image","twitter_misc":{"Escrito por":"alcalde","Tiempo de lectura":"3 minutos"},"schema":{"@context":"https:\/\/schema.org","@graph":[{"@type":"Article","@id":"https:\/\/www.caudete.org\/ayuntamiento\/la-memoria-2024-arroja-4-678-actuaciones-de-la-policia-local-un-10-mas-que-en-2023\/#article","isPartOf":{"@id":"https:\/\/www.caudete.org\/ayuntamiento\/la-memoria-2024-arroja-4-678-actuaciones-de-la-policia-local-un-10-mas-que-en-2023\/"},"author":{"name":"alcalde","@id":"https:\/\/www.caudete.org\/ayuntamiento\/#\/schema\/person\/cc646da9133078ee4d8dd47457947253"},"headline":"La Memoria 2024 arroja 4.678 actuaciones de la Polic\u00eda Local, un 10% m\u00e1s que en 2023","datePublished":"2025-05-27T15:04:25+00:00","mainEntityOfPage":{"@id":"https:\/\/www.caudete.org\/ayuntamiento\/la-memoria-2024-arroja-4-678-actuaciones-de-la-policia-local-un-10-mas-que-en-2023\/"},"wordCount":571,"image":{"@id":"https:\/\/www.caudete.org\/ayuntamiento\/la-memoria-2024-arroja-4-678-actuaciones-de-la-policia-local-un-10-mas-que-en-2023\/#primaryimage"},"thumbnailUrl":"https:\/\/www.caudete.org\/ayuntamiento\/wp-content\/uploads\/2025\/05\/comisaria-2.jpg","articleSection":["Seguridad Ciudadana"],"inLanguage":"es"},{"@type":"WebPage","@id":"https:\/\/www.caudete.org\/ayuntamiento\/la-memoria-2024-arroja-4-678-actuaciones-de-la-policia-local-un-10-mas-que-en-2023\/","url":"https:\/\/www.caudete.org\/ayuntamiento\/la-memoria-2024-arroja-4-678-actuaciones-de-la-policia-local-un-10-mas-que-en-2023\/","name":"La Memoria 2024 arroja 4.678 actuaciones de la Polic\u00eda Local, un 10% m\u00e1s que en 2023 - MI Ayuntamiento de Caudete","isPartOf":{"@id":"https:\/\/www.caudete.org\/ayuntamiento\/#website"},"primaryImageOfPage":{"@id":"https:\/\/www.caudete.org\/ayuntamiento\/la-memoria-2024-arroja-4-678-actuaciones-de-la-policia-local-un-10-mas-que-en-2023\/#primaryimage"},"image":{"@id":"https:\/\/www.caudete.org\/ayuntamiento\/la-memoria-2024-arroja-4-678-actuaciones-de-la-policia-local-un-10-mas-que-en-2023\/#primaryimage"},"thumbnailUrl":"https:\/\/www.caudete.org\/ayuntamiento\/wp-content\/uploads\/2025\/05\/comisaria-2.jpg","datePublished":"2025-05-27T15:04:25+00:00","author":{"@id":"https:\/\/www.caudete.org\/ayuntamiento\/#\/schema\/person\/cc646da9133078ee4d8dd47457947253"},"description":"P\u00e1gina Oficial del Ayuntamiento de Caudete (Albacete)","breadcrumb":{"@id":"https:\/\/www.caudete.org\/ayuntamiento\/la-memoria-2024-arroja-4-678-actuaciones-de-la-policia-local-un-10-mas-que-en-2023\/#breadcrumb"},"inLanguage":"es","potentialAction":[{"@type":"ReadAction","target":["https:\/\/www.caudete.org\/ayuntamiento\/la-memoria-2024-arroja-4-678-actuaciones-de-la-policia-local-un-10-mas-que-en-2023\/"]}]},{"@type":"ImageObject","inLanguage":"es","@id":"https:\/\/www.caudete.org\/ayuntamiento\/la-memoria-2024-arroja-4-678-actuaciones-de-la-policia-local-un-10-mas-que-en-2023\/#primaryimage","url":"https:\/\/www.caudete.org\/ayuntamiento\/wp-content\/uploads\/2025\/05\/comisaria-2.jpg","contentUrl":"https:\/\/www.caudete.org\/ayuntamiento\/wp-content\/uploads\/2025\/05\/comisaria-2.jpg","width":1200,"height":742},{"@type":"BreadcrumbList","@id":"https:\/\/www.caudete.org\/ayuntamiento\/la-memoria-2024-arroja-4-678-actuaciones-de-la-policia-local-un-10-mas-que-en-2023\/#breadcrumb","itemListElement":[{"@type":"ListItem","position":1,"name":"Inicio","item":"https:\/\/www.caudete.org\/ayuntamiento\/"},{"@type":"ListItem","position":2,"name":"La Memoria 2024 arroja 4.678 actuaciones de la Polic\u00eda Local, un 10% m\u00e1s que en 2023"}]},{"@type":"WebSite","@id":"https:\/\/www.caudete.org\/ayuntamiento\/#website","url":"https:\/\/www.caudete.org\/ayuntamiento\/","name":"MI Ayuntamiento de Caudete","description":"P\u00e1gina Oficial del MI Ayuntamiento de Caudete","potentialAction":[{"@type":"SearchAction","target":{"@type":"EntryPoint","urlTemplate":"https:\/\/www.caudete.org\/ayuntamiento\/?s={search_term_string}"},"query-input":{"@type":"PropertyValueSpecification","valueRequired":true,"valueName":"search_term_string"}}],"inLanguage":"es"},{"@type":"Person","@id":"https:\/\/www.caudete.org\/ayuntamiento\/#\/schema\/person\/cc646da9133078ee4d8dd47457947253","name":"alcalde","image":{"@type":"ImageObject","inLanguage":"es","@id":"https:\/\/secure.gravatar.com\/avatar\/84a817ba065b29ff08d666b215a215f5c79186a645ccb25b14a663d48a130f77?s=96&d=mm&r=g","url":"https:\/\/secure.gravatar.com\/avatar\/84a817ba065b29ff08d666b215a215f5c79186a645ccb25b14a663d48a130f77?s=96&d=mm&r=g","contentUrl":"https:\/\/secure.gravatar.com\/avatar\/84a817ba065b29ff08d666b215a215f5c79186a645ccb25b14a663d48a130f77?s=96&d=mm&r=g","caption":"alcalde"},"url":"https:\/\/www.caudete.org\/ayuntamiento\/author\/alcalde\/"}]}},"_links":{"self":[{"href":"https:\/\/www.caudete.org\/ayuntamiento\/wp-json\/wp\/v2\/posts\/28816","targetHints":{"allow":["GET"]}}],"collection":[{"href":"https:\/\/www.caudete.org\/ayuntamiento\/wp-json\/wp\/v2\/posts"}],"about":[{"href":"https:\/\/www.caudete.org\/ayuntamiento\/wp-json\/wp\/v2\/types\/post"}],"author":[{"embeddable":true,"href":"https:\/\/www.caudete.org\/ayuntamiento\/wp-json\/wp\/v2\/users\/3"}],"replies":[{"embeddable":true,"href":"https:\/\/www.caudete.org\/ayuntamiento\/wp-json\/wp\/v2\/comments?post=28816"}],"version-history":[{"count":1,"href":"https:\/\/www.caudete.org\/ayuntamiento\/wp-json\/wp\/v2\/posts\/28816\/revisions"}],"predecessor-version":[{"id":28818,"href":"https:\/\/www.caudete.org\/ayuntamiento\/wp-json\/wp\/v2\/posts\/28816\/revisions\/28818"}],"wp:featuredmedia":[{"embeddable":true,"href":"https:\/\/www.caudete.org\/ayuntamiento\/wp-json\/wp\/v2\/media\/28817"}],"wp:attachment":[{"href":"https:\/\/www.caudete.org\/ayuntamiento\/wp-json\/wp\/v2\/media?parent=28816"}],"wp:term":[{"taxonomy":"category","embeddable":true,"href":"https:\/\/www.caudete.org\/ayuntamiento\/wp-json\/wp\/v2\/categories?post=28816"},{"taxonomy":"post_tag","embeddable":true,"href":"https:\/\/www.caudete.org\/ayuntamiento\/wp-json\/wp\/v2\/tags?post=28816"}],"curies":[{"name":"wp","href":"https:\/\/api.w.org\/{rel}","templated":true}]}}