{"id":28823,"date":"2025-05-28T08:24:33","date_gmt":"2025-05-28T06:24:33","guid":{"rendered":"https:\/\/www.caudete.org\/ayuntamiento\/?p=28823"},"modified":"2025-05-28T08:24:33","modified_gmt":"2025-05-28T06:24:33","slug":"pablo-escudero-y-marcos-herrero-galardonados-con-los-premios-conde-san-carlos-en-su-iv-edicion","status":"publish","type":"post","link":"https:\/\/www.caudete.org\/ayuntamiento\/pablo-escudero-y-marcos-herrero-galardonados-con-los-premios-conde-san-carlos-en-su-iv-edicion\/","title":{"rendered":"Pablo Escudero y Marcos Herrero, galardonados con los PREMIOS CONDE SAN CARLOS en su IV Edici\u00f3n"},"content":{"rendered":"<p style=\"text-align: justify;\">Los Premios \u201cConde San Carlos\u201d que se alzan en su IV Convocatoria, a impulso de la Concejal\u00eda de Educaci\u00f3n del M. I. Ayuntamiento, han sido objeto del Fallo del Jurado, por lo que ya tiene galardonados tras ser rubricada el Acta en el d\u00eda de ayer, y que ser\u00e1 puesta a p\u00fablica disposici\u00f3n en el Tabl\u00f3n de Anuncios Municipal.<\/p>\n<p style=\"text-align: justify;\">En la categor\u00eda Tem\u00e1tica Local, el Premio recae en el Trabajo de Fin de M\u00e1ster de Pablo Escudero Moll\u00e1, titulado \u201cCARACTERIZACI\u00d3N FLOR\u00cdSTICA DE LOS ARENALES DE CAUDETE (ALBACETE) Y PROPUESTAS PARA SU GESTI\u00d3N Y CONSERVACI\u00d3N\u201d, dotado con 600\u20ac y galard\u00f3n conmemorativo.<\/p>\n<p style=\"text-align: justify;\">Para la categor\u00eda Tem\u00e1tica General, el Premio ha sido otorgado a Marcos Herrero Arnedo,\u00a0por su Trabajo de Fin de Grado \u201cOBTENCI\u00d3N DE<br \/>\nM\u00c9TRICAS SOBRE LA ACTIVIDAD CEREBRAL DE USUARIOS A TRAV\u00c9S DE SE\u00d1ALES EEG Y MACHINE LEARNING\u201d, dotado con 400\u20ac y galard\u00f3n conmemorativo.<\/p>\n<p style=\"text-align: justify;\">Adem\u00e1s, a criterio del Jurado y tal y en aplicaci\u00f3n de las Bases Reguladoras, se ha otorgado un \u00c1ccesit en la Categor\u00eda de Tem\u00e1tica General a Manuel Peir\u00f3 Agull\u00f3, por su Trabajo de Fin de M\u00e1ster \u201cGAMIFICACI\u00d3N EN 2\u00ba DE LA ESO PARA LA ASIGNATURA INTELIGENCIA ARTIFICIAL, PROGRAMACI\u00d3N Y ROB\u00d3TICA,<br \/>\nUTILIZANDO LA TEM\u00c1TICA DEL VIDEOJUEGO FORTNITE\u201d, dotado con un galard\u00f3n conmemorativo.<\/p>\n<p style=\"text-align: justify;\">Seg\u00fan adelantaba la Edil de Educaci\u00f3n, Manuela Gonz\u00e1lez, el acto de exposici\u00f3n del trabajo y entrega de galard\u00f3n se llevar\u00e1 a cabo durante la celebraci\u00f3n de las III Jornadas de Estudios Locales, concretamente el martes 10 de Junio a las 20.00h en el Museo de Acuarela.<\/p>\n","protected":false},"excerpt":{"rendered":"<p>Los Premios \u201cConde San Carlos\u201d que se alzan en su IV Convocatoria, a impulso de la Concejal\u00eda de Educaci\u00f3n del M. I. Ayuntamiento, han sido objeto del Fallo del Jurado, por lo que ya tiene galardonados tras ser rubricada el Acta en el d\u00eda de ayer, y que ser\u00e1 puesta a p\u00fablica disposici\u00f3n en el &hellip;<\/p>\n","protected":false},"author":3,"featured_media":24999,"comment_status":"closed","ping_status":"open","sticky":false,"template":"","format":"standard","meta":{"ngg_post_thumbnail":0,"footnotes":""},"categories":[25],"tags":[],"class_list":["post-28823","post","type-post","status-publish","format-standard","has-post-thumbnail","hentry","category-educacion"],"yoast_head":"<!-- This site is optimized with the Yoast SEO plugin v27.4 - https:\/\/yoast.com\/product\/yoast-seo-wordpress\/ -->\n<title>Pablo Escudero y Marcos Herrero, galardonados con los PREMIOS CONDE SAN CARLOS en su IV Edici\u00f3n - MI Ayuntamiento de Caudete<\/title>\n<meta name=\"description\" content=\"P\u00e1gina Oficial del Ayuntamiento de Caudete (Albacete)\" \/>\n<meta name=\"robots\" content=\"index, follow, max-snippet:-1, max-image-preview:large, max-video-preview:-1\" \/>\n<link rel=\"canonical\" href=\"https:\/\/www.caudete.org\/ayuntamiento\/pablo-escudero-y-marcos-herrero-galardonados-con-los-premios-conde-san-carlos-en-su-iv-edicion\/\" \/>\n<meta property=\"og:locale\" content=\"es_ES\" \/>\n<meta property=\"og:type\" content=\"article\" \/>\n<meta property=\"og:title\" content=\"Pablo Escudero y Marcos Herrero, galardonados con los PREMIOS CONDE SAN CARLOS en su IV Edici\u00f3n - MI Ayuntamiento de Caudete\" \/>\n<meta property=\"og:description\" content=\"P\u00e1gina Oficial del Ayuntamiento de Caudete (Albacete)\" \/>\n<meta property=\"og:url\" content=\"https:\/\/www.caudete.org\/ayuntamiento\/pablo-escudero-y-marcos-herrero-galardonados-con-los-premios-conde-san-carlos-en-su-iv-edicion\/\" \/>\n<meta property=\"og:site_name\" content=\"MI Ayuntamiento de Caudete\" \/>\n<meta property=\"article:publisher\" content=\"https:\/\/www.facebook.com\/ayuntamientocaudete\/\" \/>\n<meta property=\"article:published_time\" content=\"2025-05-28T06:24:33+00:00\" \/>\n<meta property=\"og:image\" content=\"https:\/\/www.caudete.org\/ayuntamiento\/wp-content\/uploads\/2024\/04\/premio-conde-san-carlos-caudete-digital.jpg\" \/>\n\t<meta property=\"og:image:width\" content=\"1024\" \/>\n\t<meta property=\"og:image:height\" content=\"560\" \/>\n\t<meta property=\"og:image:type\" content=\"image\/jpeg\" \/>\n<meta name=\"author\" content=\"alcalde\" \/>\n<meta name=\"twitter:card\" content=\"summary_large_image\" \/>\n<meta name=\"twitter:label1\" content=\"Escrito por\" \/>\n\t<meta name=\"twitter:data1\" content=\"alcalde\" \/>\n\t<meta name=\"twitter:label2\" content=\"Tiempo de lectura\" \/>\n\t<meta name=\"twitter:data2\" content=\"2 minutos\" \/>\n<script type=\"application\/ld+json\" class=\"yoast-schema-graph\">{\"@context\":\"https:\\\/\\\/schema.org\",\"@graph\":[{\"@type\":\"Article\",\"@id\":\"https:\\\/\\\/www.caudete.org\\\/ayuntamiento\\\/pablo-escudero-y-marcos-herrero-galardonados-con-los-premios-conde-san-carlos-en-su-iv-edicion\\\/#article\",\"isPartOf\":{\"@id\":\"https:\\\/\\\/www.caudete.org\\\/ayuntamiento\\\/pablo-escudero-y-marcos-herrero-galardonados-con-los-premios-conde-san-carlos-en-su-iv-edicion\\\/\"},\"author\":{\"name\":\"alcalde\",\"@id\":\"https:\\\/\\\/www.caudete.org\\\/ayuntamiento\\\/#\\\/schema\\\/person\\\/cc646da9133078ee4d8dd47457947253\"},\"headline\":\"Pablo Escudero y Marcos Herrero, galardonados con los PREMIOS CONDE SAN CARLOS en su IV Edici\u00f3n\",\"datePublished\":\"2025-05-28T06:24:33+00:00\",\"mainEntityOfPage\":{\"@id\":\"https:\\\/\\\/www.caudete.org\\\/ayuntamiento\\\/pablo-escudero-y-marcos-herrero-galardonados-con-los-premios-conde-san-carlos-en-su-iv-edicion\\\/\"},\"wordCount\":301,\"publisher\":{\"@id\":\"https:\\\/\\\/www.caudete.org\\\/ayuntamiento\\\/#organization\"},\"image\":{\"@id\":\"https:\\\/\\\/www.caudete.org\\\/ayuntamiento\\\/pablo-escudero-y-marcos-herrero-galardonados-con-los-premios-conde-san-carlos-en-su-iv-edicion\\\/#primaryimage\"},\"thumbnailUrl\":\"https:\\\/\\\/www.caudete.org\\\/ayuntamiento\\\/wp-content\\\/uploads\\\/2024\\\/04\\\/premio-conde-san-carlos-caudete-digital.jpg\",\"articleSection\":[\"Educaci\u00f3n\"],\"inLanguage\":\"es\"},{\"@type\":\"WebPage\",\"@id\":\"https:\\\/\\\/www.caudete.org\\\/ayuntamiento\\\/pablo-escudero-y-marcos-herrero-galardonados-con-los-premios-conde-san-carlos-en-su-iv-edicion\\\/\",\"url\":\"https:\\\/\\\/www.caudete.org\\\/ayuntamiento\\\/pablo-escudero-y-marcos-herrero-galardonados-con-los-premios-conde-san-carlos-en-su-iv-edicion\\\/\",\"name\":\"Pablo Escudero y Marcos Herrero, galardonados con los PREMIOS CONDE SAN CARLOS en su IV Edici\u00f3n - MI Ayuntamiento de Caudete\",\"isPartOf\":{\"@id\":\"https:\\\/\\\/www.caudete.org\\\/ayuntamiento\\\/#website\"},\"primaryImageOfPage\":{\"@id\":\"https:\\\/\\\/www.caudete.org\\\/ayuntamiento\\\/pablo-escudero-y-marcos-herrero-galardonados-con-los-premios-conde-san-carlos-en-su-iv-edicion\\\/#primaryimage\"},\"image\":{\"@id\":\"https:\\\/\\\/www.caudete.org\\\/ayuntamiento\\\/pablo-escudero-y-marcos-herrero-galardonados-con-los-premios-conde-san-carlos-en-su-iv-edicion\\\/#primaryimage\"},\"thumbnailUrl\":\"https:\\\/\\\/www.caudete.org\\\/ayuntamiento\\\/wp-content\\\/uploads\\\/2024\\\/04\\\/premio-conde-san-carlos-caudete-digital.jpg\",\"datePublished\":\"2025-05-28T06:24:33+00:00\",\"description\":\"P\u00e1gina Oficial del Ayuntamiento de Caudete (Albacete)\",\"breadcrumb\":{\"@id\":\"https:\\\/\\\/www.caudete.org\\\/ayuntamiento\\\/pablo-escudero-y-marcos-herrero-galardonados-con-los-premios-conde-san-carlos-en-su-iv-edicion\\\/#breadcrumb\"},\"inLanguage\":\"es\",\"potentialAction\":[{\"@type\":\"ReadAction\",\"target\":[\"https:\\\/\\\/www.caudete.org\\\/ayuntamiento\\\/pablo-escudero-y-marcos-herrero-galardonados-con-los-premios-conde-san-carlos-en-su-iv-edicion\\\/\"]}]},{\"@type\":\"ImageObject\",\"inLanguage\":\"es\",\"@id\":\"https:\\\/\\\/www.caudete.org\\\/ayuntamiento\\\/pablo-escudero-y-marcos-herrero-galardonados-con-los-premios-conde-san-carlos-en-su-iv-edicion\\\/#primaryimage\",\"url\":\"https:\\\/\\\/www.caudete.org\\\/ayuntamiento\\\/wp-content\\\/uploads\\\/2024\\\/04\\\/premio-conde-san-carlos-caudete-digital.jpg\",\"contentUrl\":\"https:\\\/\\\/www.caudete.org\\\/ayuntamiento\\\/wp-content\\\/uploads\\\/2024\\\/04\\\/premio-conde-san-carlos-caudete-digital.jpg\",\"width\":1024,\"height\":560},{\"@type\":\"BreadcrumbList\",\"@id\":\"https:\\\/\\\/www.caudete.org\\\/ayuntamiento\\\/pablo-escudero-y-marcos-herrero-galardonados-con-los-premios-conde-san-carlos-en-su-iv-edicion\\\/#breadcrumb\",\"itemListElement\":[{\"@type\":\"ListItem\",\"position\":1,\"name\":\"Inicio\",\"item\":\"https:\\\/\\\/www.caudete.org\\\/ayuntamiento\\\/\"},{\"@type\":\"ListItem\",\"position\":2,\"name\":\"Pablo Escudero y Marcos Herrero, galardonados con los PREMIOS CONDE SAN CARLOS en su IV Edici\u00f3n\"}]},{\"@type\":\"WebSite\",\"@id\":\"https:\\\/\\\/www.caudete.org\\\/ayuntamiento\\\/#website\",\"url\":\"https:\\\/\\\/www.caudete.org\\\/ayuntamiento\\\/\",\"name\":\"MI Ayuntamiento de Caudete\",\"description\":\"P\u00e1gina Oficial del MI Ayuntamiento de Caudete\",\"publisher\":{\"@id\":\"https:\\\/\\\/www.caudete.org\\\/ayuntamiento\\\/#organization\"},\"potentialAction\":[{\"@type\":\"SearchAction\",\"target\":{\"@type\":\"EntryPoint\",\"urlTemplate\":\"https:\\\/\\\/www.caudete.org\\\/ayuntamiento\\\/?s={search_term_string}\"},\"query-input\":{\"@type\":\"PropertyValueSpecification\",\"valueRequired\":true,\"valueName\":\"search_term_string\"}}],\"inLanguage\":\"es\"},{\"@type\":\"Organization\",\"@id\":\"https:\\\/\\\/www.caudete.org\\\/ayuntamiento\\\/#organization\",\"name\":\"Ayuntamiento de Caudete\",\"url\":\"https:\\\/\\\/www.caudete.org\\\/ayuntamiento\\\/\",\"logo\":{\"@type\":\"ImageObject\",\"inLanguage\":\"es\",\"@id\":\"https:\\\/\\\/www.caudete.org\\\/ayuntamiento\\\/#\\\/schema\\\/logo\\\/image\\\/\",\"url\":\"https:\\\/\\\/www.caudete.org\\\/ayuntamiento\\\/wp-content\\\/uploads\\\/2020\\\/11\\\/logo_ayuntamiento_caudete.jpg\",\"contentUrl\":\"https:\\\/\\\/www.caudete.org\\\/ayuntamiento\\\/wp-content\\\/uploads\\\/2020\\\/11\\\/logo_ayuntamiento_caudete.jpg\",\"width\":600,\"height\":150,\"caption\":\"Ayuntamiento de Caudete\"},\"image\":{\"@id\":\"https:\\\/\\\/www.caudete.org\\\/ayuntamiento\\\/#\\\/schema\\\/logo\\\/image\\\/\"},\"sameAs\":[\"https:\\\/\\\/www.facebook.com\\\/ayuntamientocaudete\\\/\",\"https:\\\/\\\/www.youtube.com\\\/channel\\\/UC6VztHaooNsGpw-tNoBEFnQ\"]},{\"@type\":\"Person\",\"@id\":\"https:\\\/\\\/www.caudete.org\\\/ayuntamiento\\\/#\\\/schema\\\/person\\\/cc646da9133078ee4d8dd47457947253\",\"name\":\"alcalde\",\"image\":{\"@type\":\"ImageObject\",\"inLanguage\":\"es\",\"@id\":\"https:\\\/\\\/secure.gravatar.com\\\/avatar\\\/84a817ba065b29ff08d666b215a215f5c79186a645ccb25b14a663d48a130f77?s=96&d=mm&r=g\",\"url\":\"https:\\\/\\\/secure.gravatar.com\\\/avatar\\\/84a817ba065b29ff08d666b215a215f5c79186a645ccb25b14a663d48a130f77?s=96&d=mm&r=g\",\"contentUrl\":\"https:\\\/\\\/secure.gravatar.com\\\/avatar\\\/84a817ba065b29ff08d666b215a215f5c79186a645ccb25b14a663d48a130f77?s=96&d=mm&r=g\",\"caption\":\"alcalde\"},\"url\":\"https:\\\/\\\/www.caudete.org\\\/ayuntamiento\\\/author\\\/alcalde\\\/\"}]}<\/script>\n<!-- \/ Yoast SEO plugin. -->","yoast_head_json":{"title":"Pablo Escudero y Marcos Herrero, galardonados con los PREMIOS CONDE SAN CARLOS en su IV Edici\u00f3n - MI Ayuntamiento de Caudete","description":"P\u00e1gina Oficial del Ayuntamiento de Caudete (Albacete)","robots":{"index":"index","follow":"follow","max-snippet":"max-snippet:-1","max-image-preview":"max-image-preview:large","max-video-preview":"max-video-preview:-1"},"canonical":"https:\/\/www.caudete.org\/ayuntamiento\/pablo-escudero-y-marcos-herrero-galardonados-con-los-premios-conde-san-carlos-en-su-iv-edicion\/","og_locale":"es_ES","og_type":"article","og_title":"Pablo Escudero y Marcos Herrero, galardonados con los PREMIOS CONDE SAN CARLOS en su IV Edici\u00f3n - MI Ayuntamiento de Caudete","og_description":"P\u00e1gina Oficial del Ayuntamiento de Caudete (Albacete)","og_url":"https:\/\/www.caudete.org\/ayuntamiento\/pablo-escudero-y-marcos-herrero-galardonados-con-los-premios-conde-san-carlos-en-su-iv-edicion\/","og_site_name":"MI Ayuntamiento de Caudete","article_publisher":"https:\/\/www.facebook.com\/ayuntamientocaudete\/","article_published_time":"2025-05-28T06:24:33+00:00","og_image":[{"width":1024,"height":560,"url":"https:\/\/www.caudete.org\/ayuntamiento\/wp-content\/uploads\/2024\/04\/premio-conde-san-carlos-caudete-digital.jpg","type":"image\/jpeg"}],"author":"alcalde","twitter_card":"summary_large_image","twitter_misc":{"Escrito por":"alcalde","Tiempo de lectura":"2 minutos"},"schema":{"@context":"https:\/\/schema.org","@graph":[{"@type":"Article","@id":"https:\/\/www.caudete.org\/ayuntamiento\/pablo-escudero-y-marcos-herrero-galardonados-con-los-premios-conde-san-carlos-en-su-iv-edicion\/#article","isPartOf":{"@id":"https:\/\/www.caudete.org\/ayuntamiento\/pablo-escudero-y-marcos-herrero-galardonados-con-los-premios-conde-san-carlos-en-su-iv-edicion\/"},"author":{"name":"alcalde","@id":"https:\/\/www.caudete.org\/ayuntamiento\/#\/schema\/person\/cc646da9133078ee4d8dd47457947253"},"headline":"Pablo Escudero y Marcos Herrero, galardonados con los PREMIOS CONDE SAN CARLOS en su IV Edici\u00f3n","datePublished":"2025-05-28T06:24:33+00:00","mainEntityOfPage":{"@id":"https:\/\/www.caudete.org\/ayuntamiento\/pablo-escudero-y-marcos-herrero-galardonados-con-los-premios-conde-san-carlos-en-su-iv-edicion\/"},"wordCount":301,"publisher":{"@id":"https:\/\/www.caudete.org\/ayuntamiento\/#organization"},"image":{"@id":"https:\/\/www.caudete.org\/ayuntamiento\/pablo-escudero-y-marcos-herrero-galardonados-con-los-premios-conde-san-carlos-en-su-iv-edicion\/#primaryimage"},"thumbnailUrl":"https:\/\/www.caudete.org\/ayuntamiento\/wp-content\/uploads\/2024\/04\/premio-conde-san-carlos-caudete-digital.jpg","articleSection":["Educaci\u00f3n"],"inLanguage":"es"},{"@type":"WebPage","@id":"https:\/\/www.caudete.org\/ayuntamiento\/pablo-escudero-y-marcos-herrero-galardonados-con-los-premios-conde-san-carlos-en-su-iv-edicion\/","url":"https:\/\/www.caudete.org\/ayuntamiento\/pablo-escudero-y-marcos-herrero-galardonados-con-los-premios-conde-san-carlos-en-su-iv-edicion\/","name":"Pablo Escudero y Marcos Herrero, galardonados con los PREMIOS CONDE SAN CARLOS en su IV Edici\u00f3n - MI Ayuntamiento de Caudete","isPartOf":{"@id":"https:\/\/www.caudete.org\/ayuntamiento\/#website"},"primaryImageOfPage":{"@id":"https:\/\/www.caudete.org\/ayuntamiento\/pablo-escudero-y-marcos-herrero-galardonados-con-los-premios-conde-san-carlos-en-su-iv-edicion\/#primaryimage"},"image":{"@id":"https:\/\/www.caudete.org\/ayuntamiento\/pablo-escudero-y-marcos-herrero-galardonados-con-los-premios-conde-san-carlos-en-su-iv-edicion\/#primaryimage"},"thumbnailUrl":"https:\/\/www.caudete.org\/ayuntamiento\/wp-content\/uploads\/2024\/04\/premio-conde-san-carlos-caudete-digital.jpg","datePublished":"2025-05-28T06:24:33+00:00","description":"P\u00e1gina Oficial del Ayuntamiento de Caudete (Albacete)","breadcrumb":{"@id":"https:\/\/www.caudete.org\/ayuntamiento\/pablo-escudero-y-marcos-herrero-galardonados-con-los-premios-conde-san-carlos-en-su-iv-edicion\/#breadcrumb"},"inLanguage":"es","potentialAction":[{"@type":"ReadAction","target":["https:\/\/www.caudete.org\/ayuntamiento\/pablo-escudero-y-marcos-herrero-galardonados-con-los-premios-conde-san-carlos-en-su-iv-edicion\/"]}]},{"@type":"ImageObject","inLanguage":"es","@id":"https:\/\/www.caudete.org\/ayuntamiento\/pablo-escudero-y-marcos-herrero-galardonados-con-los-premios-conde-san-carlos-en-su-iv-edicion\/#primaryimage","url":"https:\/\/www.caudete.org\/ayuntamiento\/wp-content\/uploads\/2024\/04\/premio-conde-san-carlos-caudete-digital.jpg","contentUrl":"https:\/\/www.caudete.org\/ayuntamiento\/wp-content\/uploads\/2024\/04\/premio-conde-san-carlos-caudete-digital.jpg","width":1024,"height":560},{"@type":"BreadcrumbList","@id":"https:\/\/www.caudete.org\/ayuntamiento\/pablo-escudero-y-marcos-herrero-galardonados-con-los-premios-conde-san-carlos-en-su-iv-edicion\/#breadcrumb","itemListElement":[{"@type":"ListItem","position":1,"name":"Inicio","item":"https:\/\/www.caudete.org\/ayuntamiento\/"},{"@type":"ListItem","position":2,"name":"Pablo Escudero y Marcos Herrero, galardonados con los PREMIOS CONDE SAN CARLOS en su IV Edici\u00f3n"}]},{"@type":"WebSite","@id":"https:\/\/www.caudete.org\/ayuntamiento\/#website","url":"https:\/\/www.caudete.org\/ayuntamiento\/","name":"MI Ayuntamiento de Caudete","description":"P\u00e1gina Oficial del MI Ayuntamiento de Caudete","publisher":{"@id":"https:\/\/www.caudete.org\/ayuntamiento\/#organization"},"potentialAction":[{"@type":"SearchAction","target":{"@type":"EntryPoint","urlTemplate":"https:\/\/www.caudete.org\/ayuntamiento\/?s={search_term_string}"},"query-input":{"@type":"PropertyValueSpecification","valueRequired":true,"valueName":"search_term_string"}}],"inLanguage":"es"},{"@type":"Organization","@id":"https:\/\/www.caudete.org\/ayuntamiento\/#organization","name":"Ayuntamiento de Caudete","url":"https:\/\/www.caudete.org\/ayuntamiento\/","logo":{"@type":"ImageObject","inLanguage":"es","@id":"https:\/\/www.caudete.org\/ayuntamiento\/#\/schema\/logo\/image\/","url":"https:\/\/www.caudete.org\/ayuntamiento\/wp-content\/uploads\/2020\/11\/logo_ayuntamiento_caudete.jpg","contentUrl":"https:\/\/www.caudete.org\/ayuntamiento\/wp-content\/uploads\/2020\/11\/logo_ayuntamiento_caudete.jpg","width":600,"height":150,"caption":"Ayuntamiento de Caudete"},"image":{"@id":"https:\/\/www.caudete.org\/ayuntamiento\/#\/schema\/logo\/image\/"},"sameAs":["https:\/\/www.facebook.com\/ayuntamientocaudete\/","https:\/\/www.youtube.com\/channel\/UC6VztHaooNsGpw-tNoBEFnQ"]},{"@type":"Person","@id":"https:\/\/www.caudete.org\/ayuntamiento\/#\/schema\/person\/cc646da9133078ee4d8dd47457947253","name":"alcalde","image":{"@type":"ImageObject","inLanguage":"es","@id":"https:\/\/secure.gravatar.com\/avatar\/84a817ba065b29ff08d666b215a215f5c79186a645ccb25b14a663d48a130f77?s=96&d=mm&r=g","url":"https:\/\/secure.gravatar.com\/avatar\/84a817ba065b29ff08d666b215a215f5c79186a645ccb25b14a663d48a130f77?s=96&d=mm&r=g","contentUrl":"https:\/\/secure.gravatar.com\/avatar\/84a817ba065b29ff08d666b215a215f5c79186a645ccb25b14a663d48a130f77?s=96&d=mm&r=g","caption":"alcalde"},"url":"https:\/\/www.caudete.org\/ayuntamiento\/author\/alcalde\/"}]}},"_links":{"self":[{"href":"https:\/\/www.caudete.org\/ayuntamiento\/wp-json\/wp\/v2\/posts\/28823","targetHints":{"allow":["GET"]}}],"collection":[{"href":"https:\/\/www.caudete.org\/ayuntamiento\/wp-json\/wp\/v2\/posts"}],"about":[{"href":"https:\/\/www.caudete.org\/ayuntamiento\/wp-json\/wp\/v2\/types\/post"}],"author":[{"embeddable":true,"href":"https:\/\/www.caudete.org\/ayuntamiento\/wp-json\/wp\/v2\/users\/3"}],"replies":[{"embeddable":true,"href":"https:\/\/www.caudete.org\/ayuntamiento\/wp-json\/wp\/v2\/comments?post=28823"}],"version-history":[{"count":1,"href":"https:\/\/www.caudete.org\/ayuntamiento\/wp-json\/wp\/v2\/posts\/28823\/revisions"}],"predecessor-version":[{"id":28824,"href":"https:\/\/www.caudete.org\/ayuntamiento\/wp-json\/wp\/v2\/posts\/28823\/revisions\/28824"}],"wp:featuredmedia":[{"embeddable":true,"href":"https:\/\/www.caudete.org\/ayuntamiento\/wp-json\/wp\/v2\/media\/24999"}],"wp:attachment":[{"href":"https:\/\/www.caudete.org\/ayuntamiento\/wp-json\/wp\/v2\/media?parent=28823"}],"wp:term":[{"taxonomy":"category","embeddable":true,"href":"https:\/\/www.caudete.org\/ayuntamiento\/wp-json\/wp\/v2\/categories?post=28823"},{"taxonomy":"post_tag","embeddable":true,"href":"https:\/\/www.caudete.org\/ayuntamiento\/wp-json\/wp\/v2\/tags?post=28823"}],"curies":[{"name":"wp","href":"https:\/\/api.w.org\/{rel}","templated":true}]}}