{"id":28825,"date":"2025-05-28T08:32:25","date_gmt":"2025-05-28T06:32:25","guid":{"rendered":"https:\/\/www.caudete.org\/ayuntamiento\/?p=28825"},"modified":"2025-05-28T08:32:25","modified_gmt":"2025-05-28T06:32:25","slug":"66-personas-se-inscriben-para-la-plaza-funcionario-conserje","status":"publish","type":"post","link":"https:\/\/www.caudete.org\/ayuntamiento\/66-personas-se-inscriben-para-la-plaza-funcionario-conserje\/","title":{"rendered":"66 personas se inscriben para la Plaza Funcionario Conserje"},"content":{"rendered":"<p style=\"text-align: justify;\">Pilar Egea, Concejal de Recursos Humanos informaba que una vez concluido el plazo de solicitudes para participar en el proceso selectivo de 1 plaza de Funcionario de carrera para el puesto de CONSERJE, mediante el sistema de oposici\u00f3n y turno libre, han sido registradas un total de 66 solicitudes, de las que 55 han sido admitidas provisionalmente y 11 excluidas.<\/p>\n<p style=\"text-align: justify;\">Esta plaza, vacante en la plantilla municipal forma parte de la Oferta de Empleo P\u00fablico del a\u00f1o 2022, es la primera de las convocatorias de oposici\u00f3n para diferentes puestos que a lo largo del presente a\u00f1o 2025 se han programado.<\/p>\n<p style=\"text-align: justify;\">A partir de ahora, se ir\u00e1n sucediendo las diferentes pruebas, toda vez que quede oficializado el listado definitivo, siendo las pruebas previsiblemente extendidas al 3\u00ba Trimestre del a\u00f1o.<\/p>\n<p style=\"text-align: justify;\">Un total de dos ejercicios ser\u00e1n los puntuables en el proceso, tal y como establecen las bases. El primero, una prueba de conocimientos te\u00f3ricos, en cuestionario tipo test. Le seguir\u00e1 un segundo ejercicio, consistente en una prueba de conocimientos pr\u00e1cticos y evaluaci\u00f3n de competencias.<\/p>\n<p style=\"text-align: justify;\">Para ambas pruebas, se ha marcado un temario gen\u00e9rico y otro espec\u00edfico.<\/p>\n","protected":false},"excerpt":{"rendered":"<p>Pilar Egea, Concejal de Recursos Humanos informaba que una vez concluido el plazo de solicitudes para participar en el proceso selectivo de 1 plaza de Funcionario de carrera para el puesto de CONSERJE, mediante el sistema de oposici\u00f3n y turno libre, han sido registradas un total de 66 solicitudes, de las que 55 han sido &hellip;<\/p>\n","protected":false},"author":3,"featured_media":20410,"comment_status":"closed","ping_status":"open","sticky":false,"template":"","format":"standard","meta":{"ngg_post_thumbnail":0,"footnotes":""},"categories":[33],"tags":[],"class_list":["post-28825","post","type-post","status-publish","format-standard","has-post-thumbnail","hentry","category-recursos-humanos"],"yoast_head":"<!-- This site is optimized with the Yoast SEO plugin v27.5 - https:\/\/yoast.com\/product\/yoast-seo-wordpress\/ -->\n<title>66 personas se inscriben para la Plaza Funcionario Conserje - MI Ayuntamiento de Caudete<\/title>\n<meta name=\"description\" content=\"P\u00e1gina Oficial del Ayuntamiento de Caudete (Albacete)\" \/>\n<meta name=\"robots\" content=\"index, follow, max-snippet:-1, max-image-preview:large, max-video-preview:-1\" \/>\n<link rel=\"canonical\" href=\"https:\/\/www.caudete.org\/ayuntamiento\/66-personas-se-inscriben-para-la-plaza-funcionario-conserje\/\" \/>\n<meta property=\"og:locale\" content=\"es_ES\" \/>\n<meta property=\"og:type\" content=\"article\" \/>\n<meta property=\"og:title\" content=\"66 personas se inscriben para la Plaza Funcionario Conserje - MI Ayuntamiento de Caudete\" \/>\n<meta property=\"og:description\" content=\"P\u00e1gina Oficial del Ayuntamiento de Caudete (Albacete)\" \/>\n<meta property=\"og:url\" content=\"https:\/\/www.caudete.org\/ayuntamiento\/66-personas-se-inscriben-para-la-plaza-funcionario-conserje\/\" \/>\n<meta property=\"og:site_name\" content=\"MI Ayuntamiento de Caudete\" \/>\n<meta property=\"article:publisher\" content=\"https:\/\/www.facebook.com\/ayuntamientocaudete\/\" \/>\n<meta property=\"article:published_time\" content=\"2025-05-28T06:32:25+00:00\" \/>\n<meta property=\"og:image\" content=\"https:\/\/www.caudete.org\/ayuntamiento\/wp-content\/uploads\/2022\/10\/Captura-de-pantalla-2022-10-25-154937.jpg\" \/>\n\t<meta property=\"og:image:width\" content=\"1079\" \/>\n\t<meta property=\"og:image:height\" content=\"780\" \/>\n\t<meta property=\"og:image:type\" content=\"image\/jpeg\" \/>\n<meta name=\"author\" content=\"alcalde\" \/>\n<meta name=\"twitter:card\" content=\"summary_large_image\" \/>\n<meta name=\"twitter:label1\" content=\"Escrito por\" \/>\n\t<meta name=\"twitter:data1\" content=\"alcalde\" \/>\n\t<meta name=\"twitter:label2\" content=\"Tiempo de lectura\" \/>\n\t<meta name=\"twitter:data2\" content=\"2 minutos\" \/>\n<script type=\"application\/ld+json\" class=\"yoast-schema-graph\">{\"@context\":\"https:\\\/\\\/schema.org\",\"@graph\":[{\"@type\":\"Article\",\"@id\":\"https:\\\/\\\/www.caudete.org\\\/ayuntamiento\\\/66-personas-se-inscriben-para-la-plaza-funcionario-conserje\\\/#article\",\"isPartOf\":{\"@id\":\"https:\\\/\\\/www.caudete.org\\\/ayuntamiento\\\/66-personas-se-inscriben-para-la-plaza-funcionario-conserje\\\/\"},\"author\":{\"name\":\"alcalde\",\"@id\":\"https:\\\/\\\/www.caudete.org\\\/ayuntamiento\\\/#\\\/schema\\\/person\\\/cc646da9133078ee4d8dd47457947253\"},\"headline\":\"66 personas se inscriben para la Plaza Funcionario Conserje\",\"datePublished\":\"2025-05-28T06:32:25+00:00\",\"mainEntityOfPage\":{\"@id\":\"https:\\\/\\\/www.caudete.org\\\/ayuntamiento\\\/66-personas-se-inscriben-para-la-plaza-funcionario-conserje\\\/\"},\"wordCount\":198,\"image\":{\"@id\":\"https:\\\/\\\/www.caudete.org\\\/ayuntamiento\\\/66-personas-se-inscriben-para-la-plaza-funcionario-conserje\\\/#primaryimage\"},\"thumbnailUrl\":\"https:\\\/\\\/www.caudete.org\\\/ayuntamiento\\\/wp-content\\\/uploads\\\/2022\\\/10\\\/Captura-de-pantalla-2022-10-25-154937.jpg\",\"articleSection\":[\"Recursos Humanos\"],\"inLanguage\":\"es\"},{\"@type\":\"WebPage\",\"@id\":\"https:\\\/\\\/www.caudete.org\\\/ayuntamiento\\\/66-personas-se-inscriben-para-la-plaza-funcionario-conserje\\\/\",\"url\":\"https:\\\/\\\/www.caudete.org\\\/ayuntamiento\\\/66-personas-se-inscriben-para-la-plaza-funcionario-conserje\\\/\",\"name\":\"66 personas se inscriben para la Plaza Funcionario Conserje - MI Ayuntamiento de Caudete\",\"isPartOf\":{\"@id\":\"https:\\\/\\\/www.caudete.org\\\/ayuntamiento\\\/#website\"},\"primaryImageOfPage\":{\"@id\":\"https:\\\/\\\/www.caudete.org\\\/ayuntamiento\\\/66-personas-se-inscriben-para-la-plaza-funcionario-conserje\\\/#primaryimage\"},\"image\":{\"@id\":\"https:\\\/\\\/www.caudete.org\\\/ayuntamiento\\\/66-personas-se-inscriben-para-la-plaza-funcionario-conserje\\\/#primaryimage\"},\"thumbnailUrl\":\"https:\\\/\\\/www.caudete.org\\\/ayuntamiento\\\/wp-content\\\/uploads\\\/2022\\\/10\\\/Captura-de-pantalla-2022-10-25-154937.jpg\",\"datePublished\":\"2025-05-28T06:32:25+00:00\",\"author\":{\"@id\":\"https:\\\/\\\/www.caudete.org\\\/ayuntamiento\\\/#\\\/schema\\\/person\\\/cc646da9133078ee4d8dd47457947253\"},\"description\":\"P\u00e1gina Oficial del Ayuntamiento de Caudete (Albacete)\",\"breadcrumb\":{\"@id\":\"https:\\\/\\\/www.caudete.org\\\/ayuntamiento\\\/66-personas-se-inscriben-para-la-plaza-funcionario-conserje\\\/#breadcrumb\"},\"inLanguage\":\"es\",\"potentialAction\":[{\"@type\":\"ReadAction\",\"target\":[\"https:\\\/\\\/www.caudete.org\\\/ayuntamiento\\\/66-personas-se-inscriben-para-la-plaza-funcionario-conserje\\\/\"]}]},{\"@type\":\"ImageObject\",\"inLanguage\":\"es\",\"@id\":\"https:\\\/\\\/www.caudete.org\\\/ayuntamiento\\\/66-personas-se-inscriben-para-la-plaza-funcionario-conserje\\\/#primaryimage\",\"url\":\"https:\\\/\\\/www.caudete.org\\\/ayuntamiento\\\/wp-content\\\/uploads\\\/2022\\\/10\\\/Captura-de-pantalla-2022-10-25-154937.jpg\",\"contentUrl\":\"https:\\\/\\\/www.caudete.org\\\/ayuntamiento\\\/wp-content\\\/uploads\\\/2022\\\/10\\\/Captura-de-pantalla-2022-10-25-154937.jpg\",\"width\":1079,\"height\":780},{\"@type\":\"BreadcrumbList\",\"@id\":\"https:\\\/\\\/www.caudete.org\\\/ayuntamiento\\\/66-personas-se-inscriben-para-la-plaza-funcionario-conserje\\\/#breadcrumb\",\"itemListElement\":[{\"@type\":\"ListItem\",\"position\":1,\"name\":\"Inicio\",\"item\":\"https:\\\/\\\/www.caudete.org\\\/ayuntamiento\\\/\"},{\"@type\":\"ListItem\",\"position\":2,\"name\":\"66 personas se inscriben para la Plaza Funcionario Conserje\"}]},{\"@type\":\"WebSite\",\"@id\":\"https:\\\/\\\/www.caudete.org\\\/ayuntamiento\\\/#website\",\"url\":\"https:\\\/\\\/www.caudete.org\\\/ayuntamiento\\\/\",\"name\":\"MI Ayuntamiento de Caudete\",\"description\":\"P\u00e1gina Oficial del MI Ayuntamiento de Caudete\",\"potentialAction\":[{\"@type\":\"SearchAction\",\"target\":{\"@type\":\"EntryPoint\",\"urlTemplate\":\"https:\\\/\\\/www.caudete.org\\\/ayuntamiento\\\/?s={search_term_string}\"},\"query-input\":{\"@type\":\"PropertyValueSpecification\",\"valueRequired\":true,\"valueName\":\"search_term_string\"}}],\"inLanguage\":\"es\"},{\"@type\":\"Person\",\"@id\":\"https:\\\/\\\/www.caudete.org\\\/ayuntamiento\\\/#\\\/schema\\\/person\\\/cc646da9133078ee4d8dd47457947253\",\"name\":\"alcalde\",\"image\":{\"@type\":\"ImageObject\",\"inLanguage\":\"es\",\"@id\":\"https:\\\/\\\/secure.gravatar.com\\\/avatar\\\/84a817ba065b29ff08d666b215a215f5c79186a645ccb25b14a663d48a130f77?s=96&d=mm&r=g\",\"url\":\"https:\\\/\\\/secure.gravatar.com\\\/avatar\\\/84a817ba065b29ff08d666b215a215f5c79186a645ccb25b14a663d48a130f77?s=96&d=mm&r=g\",\"contentUrl\":\"https:\\\/\\\/secure.gravatar.com\\\/avatar\\\/84a817ba065b29ff08d666b215a215f5c79186a645ccb25b14a663d48a130f77?s=96&d=mm&r=g\",\"caption\":\"alcalde\"},\"url\":\"https:\\\/\\\/www.caudete.org\\\/ayuntamiento\\\/author\\\/alcalde\\\/\"}]}<\/script>\n<!-- \/ Yoast SEO plugin. -->","yoast_head_json":{"title":"66 personas se inscriben para la Plaza Funcionario Conserje - MI Ayuntamiento de Caudete","description":"P\u00e1gina Oficial del Ayuntamiento de Caudete (Albacete)","robots":{"index":"index","follow":"follow","max-snippet":"max-snippet:-1","max-image-preview":"max-image-preview:large","max-video-preview":"max-video-preview:-1"},"canonical":"https:\/\/www.caudete.org\/ayuntamiento\/66-personas-se-inscriben-para-la-plaza-funcionario-conserje\/","og_locale":"es_ES","og_type":"article","og_title":"66 personas se inscriben para la Plaza Funcionario Conserje - MI Ayuntamiento de Caudete","og_description":"P\u00e1gina Oficial del Ayuntamiento de Caudete (Albacete)","og_url":"https:\/\/www.caudete.org\/ayuntamiento\/66-personas-se-inscriben-para-la-plaza-funcionario-conserje\/","og_site_name":"MI Ayuntamiento de Caudete","article_publisher":"https:\/\/www.facebook.com\/ayuntamientocaudete\/","article_published_time":"2025-05-28T06:32:25+00:00","og_image":[{"width":1079,"height":780,"url":"https:\/\/www.caudete.org\/ayuntamiento\/wp-content\/uploads\/2022\/10\/Captura-de-pantalla-2022-10-25-154937.jpg","type":"image\/jpeg"}],"author":"alcalde","twitter_card":"summary_large_image","twitter_misc":{"Escrito por":"alcalde","Tiempo de lectura":"2 minutos"},"schema":{"@context":"https:\/\/schema.org","@graph":[{"@type":"Article","@id":"https:\/\/www.caudete.org\/ayuntamiento\/66-personas-se-inscriben-para-la-plaza-funcionario-conserje\/#article","isPartOf":{"@id":"https:\/\/www.caudete.org\/ayuntamiento\/66-personas-se-inscriben-para-la-plaza-funcionario-conserje\/"},"author":{"name":"alcalde","@id":"https:\/\/www.caudete.org\/ayuntamiento\/#\/schema\/person\/cc646da9133078ee4d8dd47457947253"},"headline":"66 personas se inscriben para la Plaza Funcionario Conserje","datePublished":"2025-05-28T06:32:25+00:00","mainEntityOfPage":{"@id":"https:\/\/www.caudete.org\/ayuntamiento\/66-personas-se-inscriben-para-la-plaza-funcionario-conserje\/"},"wordCount":198,"image":{"@id":"https:\/\/www.caudete.org\/ayuntamiento\/66-personas-se-inscriben-para-la-plaza-funcionario-conserje\/#primaryimage"},"thumbnailUrl":"https:\/\/www.caudete.org\/ayuntamiento\/wp-content\/uploads\/2022\/10\/Captura-de-pantalla-2022-10-25-154937.jpg","articleSection":["Recursos Humanos"],"inLanguage":"es"},{"@type":"WebPage","@id":"https:\/\/www.caudete.org\/ayuntamiento\/66-personas-se-inscriben-para-la-plaza-funcionario-conserje\/","url":"https:\/\/www.caudete.org\/ayuntamiento\/66-personas-se-inscriben-para-la-plaza-funcionario-conserje\/","name":"66 personas se inscriben para la Plaza Funcionario Conserje - MI Ayuntamiento de Caudete","isPartOf":{"@id":"https:\/\/www.caudete.org\/ayuntamiento\/#website"},"primaryImageOfPage":{"@id":"https:\/\/www.caudete.org\/ayuntamiento\/66-personas-se-inscriben-para-la-plaza-funcionario-conserje\/#primaryimage"},"image":{"@id":"https:\/\/www.caudete.org\/ayuntamiento\/66-personas-se-inscriben-para-la-plaza-funcionario-conserje\/#primaryimage"},"thumbnailUrl":"https:\/\/www.caudete.org\/ayuntamiento\/wp-content\/uploads\/2022\/10\/Captura-de-pantalla-2022-10-25-154937.jpg","datePublished":"2025-05-28T06:32:25+00:00","author":{"@id":"https:\/\/www.caudete.org\/ayuntamiento\/#\/schema\/person\/cc646da9133078ee4d8dd47457947253"},"description":"P\u00e1gina Oficial del Ayuntamiento de Caudete (Albacete)","breadcrumb":{"@id":"https:\/\/www.caudete.org\/ayuntamiento\/66-personas-se-inscriben-para-la-plaza-funcionario-conserje\/#breadcrumb"},"inLanguage":"es","potentialAction":[{"@type":"ReadAction","target":["https:\/\/www.caudete.org\/ayuntamiento\/66-personas-se-inscriben-para-la-plaza-funcionario-conserje\/"]}]},{"@type":"ImageObject","inLanguage":"es","@id":"https:\/\/www.caudete.org\/ayuntamiento\/66-personas-se-inscriben-para-la-plaza-funcionario-conserje\/#primaryimage","url":"https:\/\/www.caudete.org\/ayuntamiento\/wp-content\/uploads\/2022\/10\/Captura-de-pantalla-2022-10-25-154937.jpg","contentUrl":"https:\/\/www.caudete.org\/ayuntamiento\/wp-content\/uploads\/2022\/10\/Captura-de-pantalla-2022-10-25-154937.jpg","width":1079,"height":780},{"@type":"BreadcrumbList","@id":"https:\/\/www.caudete.org\/ayuntamiento\/66-personas-se-inscriben-para-la-plaza-funcionario-conserje\/#breadcrumb","itemListElement":[{"@type":"ListItem","position":1,"name":"Inicio","item":"https:\/\/www.caudete.org\/ayuntamiento\/"},{"@type":"ListItem","position":2,"name":"66 personas se inscriben para la Plaza Funcionario Conserje"}]},{"@type":"WebSite","@id":"https:\/\/www.caudete.org\/ayuntamiento\/#website","url":"https:\/\/www.caudete.org\/ayuntamiento\/","name":"MI Ayuntamiento de Caudete","description":"P\u00e1gina Oficial del MI Ayuntamiento de Caudete","potentialAction":[{"@type":"SearchAction","target":{"@type":"EntryPoint","urlTemplate":"https:\/\/www.caudete.org\/ayuntamiento\/?s={search_term_string}"},"query-input":{"@type":"PropertyValueSpecification","valueRequired":true,"valueName":"search_term_string"}}],"inLanguage":"es"},{"@type":"Person","@id":"https:\/\/www.caudete.org\/ayuntamiento\/#\/schema\/person\/cc646da9133078ee4d8dd47457947253","name":"alcalde","image":{"@type":"ImageObject","inLanguage":"es","@id":"https:\/\/secure.gravatar.com\/avatar\/84a817ba065b29ff08d666b215a215f5c79186a645ccb25b14a663d48a130f77?s=96&d=mm&r=g","url":"https:\/\/secure.gravatar.com\/avatar\/84a817ba065b29ff08d666b215a215f5c79186a645ccb25b14a663d48a130f77?s=96&d=mm&r=g","contentUrl":"https:\/\/secure.gravatar.com\/avatar\/84a817ba065b29ff08d666b215a215f5c79186a645ccb25b14a663d48a130f77?s=96&d=mm&r=g","caption":"alcalde"},"url":"https:\/\/www.caudete.org\/ayuntamiento\/author\/alcalde\/"}]}},"_links":{"self":[{"href":"https:\/\/www.caudete.org\/ayuntamiento\/wp-json\/wp\/v2\/posts\/28825","targetHints":{"allow":["GET"]}}],"collection":[{"href":"https:\/\/www.caudete.org\/ayuntamiento\/wp-json\/wp\/v2\/posts"}],"about":[{"href":"https:\/\/www.caudete.org\/ayuntamiento\/wp-json\/wp\/v2\/types\/post"}],"author":[{"embeddable":true,"href":"https:\/\/www.caudete.org\/ayuntamiento\/wp-json\/wp\/v2\/users\/3"}],"replies":[{"embeddable":true,"href":"https:\/\/www.caudete.org\/ayuntamiento\/wp-json\/wp\/v2\/comments?post=28825"}],"version-history":[{"count":1,"href":"https:\/\/www.caudete.org\/ayuntamiento\/wp-json\/wp\/v2\/posts\/28825\/revisions"}],"predecessor-version":[{"id":28826,"href":"https:\/\/www.caudete.org\/ayuntamiento\/wp-json\/wp\/v2\/posts\/28825\/revisions\/28826"}],"wp:featuredmedia":[{"embeddable":true,"href":"https:\/\/www.caudete.org\/ayuntamiento\/wp-json\/wp\/v2\/media\/20410"}],"wp:attachment":[{"href":"https:\/\/www.caudete.org\/ayuntamiento\/wp-json\/wp\/v2\/media?parent=28825"}],"wp:term":[{"taxonomy":"category","embeddable":true,"href":"https:\/\/www.caudete.org\/ayuntamiento\/wp-json\/wp\/v2\/categories?post=28825"},{"taxonomy":"post_tag","embeddable":true,"href":"https:\/\/www.caudete.org\/ayuntamiento\/wp-json\/wp\/v2\/tags?post=28825"}],"curies":[{"name":"wp","href":"https:\/\/api.w.org\/{rel}","templated":true}]}}