{"id":28832,"date":"2025-06-01T08:00:22","date_gmt":"2025-06-01T06:00:22","guid":{"rendered":"https:\/\/www.caudete.org\/ayuntamiento\/?p=28832"},"modified":"2025-05-29T08:50:18","modified_gmt":"2025-05-29T06:50:18","slug":"caudete-se-suma-a-las-ciudades-que-apoyan-la-visibilidad-de-la-hemocromatosis","status":"publish","type":"post","link":"https:\/\/www.caudete.org\/ayuntamiento\/caudete-se-suma-a-las-ciudades-que-apoyan-la-visibilidad-de-la-hemocromatosis\/","title":{"rendered":"Caudete se suma a las ciudades que apoyan la visibilidad de la hemocromatosis"},"content":{"rendered":"<p align=\"justify\"><span style=\"font-size: medium;\">Caudete, a trav\u00e9s de su Concejal\u00ed<\/span><span style=\"font-size: medium;\">a<\/span><span style=\"font-size: medium;\"> de Sanidad, se suma a las acciones que cientos de municipios de toda Espa\u00f1a van a realizar para visibilizar y dar apoyo a esta enfermedad poco com\u00fan. Una iniciativa de l<\/span><span style=\"font-size: medium;\">a Asociaci\u00f3n Espa\u00f1ola de Hemocromatosis (AEH), <\/span><span style=\"font-size: medium;\">que <\/span><span style=\"font-size: medium;\">busca<\/span><span style=\"font-size: medium;\">n apoyo institucional y de otras organizaciones,<\/span><span style=\"font-size: medium;\"> para que se sumen a la Campa\u00f1a <\/span><span style=\"font-size: medium;\">internacional <\/span><span style=\"font-size: medium;\">\u201cLight Up Red\u201d, promovida por la <\/span><span style=\"font-size: medium;\">Internationnal Alliance of Haemochromatosis Associations (HI)<\/span><span style=\"font-size: medium;\"> durante la Semana Mundial de la Hemocromatosis, que se celebra del 1 al 7 de junio de 2025. <\/span><\/p>\n<p align=\"justify\"><span style=\"font-size: medium;\">Mar\u00eda Mart\u00ednez Garc\u00eda Concejal de Sanidad informa que el objetivo de esta Campa\u00f1a es dar visibilidad a la hemocromatosis mediante la iluminaci\u00f3n en color rojo de edificios y sitios emblem\u00e1ticos de todo el mundo y la difusi\u00f3n en redes sociales de mensajes sobre esta patolog\u00eda.<\/span><\/p>\n<p align=\"justify\"><span style=\"font-size: medium;\">La alteraci\u00f3n gen\u00e9tica que causa esta enfermedad, caracterizada por la paulatina sobrecarga de hierro, se encuentra en una de cada mil personas espa\u00f1olas, muchas de las cuales est\u00e1n condenadas a cirrosis, c\u00e1ncer de h\u00edgado, disfunci\u00f3n sexual, artropat\u00edas, cardiopat\u00edas y otras graves consecuencias si no se les diagnostica a tiempo. <\/span><\/p>\n<p align=\"justify\"><span style=\"font-size: medium;\">Como en una fase temprana la hemocromatosis pasa desapercibida, el diagn\u00f3stico se realiza \u201cpor casualidad\u201d o porque el\/<\/span><span style=\"font-size: medium;\">la<\/span><span style=\"font-size: medium;\"> paciente ya presenta s\u00edntomas debidos a da\u00f1os org\u00e1nicos irreversibles. Pero, afortunadamente, la enfermedad se puede detectar f\u00e1cilmente mediante an\u00e1lisis baratos aplicados preventivamente a la poblaci\u00f3n.<\/span><\/p>\n<p align=\"justify\"><span style=\"font-size: medium;\">Si se detecta a tiempo, la hemocromatosis se controla con un tratamiento barato y sencillo, las flebotom\u00edas o sangr\u00edas, que en la mayor parte de los casos podr\u00edan utilizarse como donaciones de sangre y servir para la transfusi\u00f3n sangu\u00ednea. As\u00ed, adem\u00e1s de salvar la vida del paciente, tambi\u00e9n se salvar\u00edan otras vidas. <\/span><\/p>\n<p align=\"justify\"><span style=\"font-size: medium;\">Este Ayuntamiento de Caudete se solidariza con la AEH en su labor de llamar la atenci\u00f3n de la ciudadan\u00eda sobre esta patolog\u00eda. Por eso, hemos decidido ilumi<span style=\"color: #474747;\">na<\/span><span style=\"color: #000000;\">r <\/span><span style=\"color: #000000;\">de rojo <\/span><span style=\"color: #000000;\">el <\/span><span style=\"color: #000000;\">EDIFICIO DE LA VILLA, as\u00ed como la ROTONDA DE ENTRADA A CAUDETE por la Avda de Valencia,<\/span> <span style=\"color: #000000;\">en la tarde-noche del s\u00e1bado 7 de junio y dar difusi\u00f3n en nuestras redes sociales. <\/span><\/span><\/p>\n<p align=\"justify\"><span style=\"font-size: medium;\">Para obtener m\u00e1s informaci\u00f3n sobre la hemocromatosis y sobre la Asociaci\u00f3n Espa\u00f1ola de Hemocromatosis, pueden visitar la web <\/span><a href=\"https:\/\/www.hemocromatosis.es\/\" target=\"_blank\" rel=\"nofollow\"><span style=\"font-size: medium;\">www.hemocromatosis.es.<\/span><\/a><\/p>\n<p align=\"justify\">\n","protected":false},"excerpt":{"rendered":"<p>Caudete, a trav\u00e9s de su Concejal\u00eda de Sanidad, se suma a las acciones que cientos de municipios de toda Espa\u00f1a van a realizar para visibilizar y dar apoyo a esta enfermedad poco com\u00fan. Una iniciativa de la Asociaci\u00f3n Espa\u00f1ola de Hemocromatosis (AEH), que buscan apoyo institucional y de otras organizaciones, para que se sumen a &hellip;<\/p>\n","protected":false},"author":5,"featured_media":28840,"comment_status":"closed","ping_status":"open","sticky":false,"template":"","format":"standard","meta":{"ngg_post_thumbnail":0,"footnotes":""},"categories":[16],"tags":[],"class_list":["post-28832","post","type-post","status-publish","format-standard","has-post-thumbnail","hentry","category-sanidad"],"yoast_head":"<!-- This site is optimized with the Yoast SEO plugin v27.5 - https:\/\/yoast.com\/product\/yoast-seo-wordpress\/ -->\n<title>Caudete se suma a las ciudades que apoyan la visibilidad de la hemocromatosis - MI Ayuntamiento de Caudete<\/title>\n<meta name=\"description\" content=\"P\u00e1gina Oficial del Ayuntamiento de Caudete (Albacete)\" \/>\n<meta name=\"robots\" content=\"index, follow, max-snippet:-1, max-image-preview:large, max-video-preview:-1\" \/>\n<link rel=\"canonical\" href=\"https:\/\/www.caudete.org\/ayuntamiento\/caudete-se-suma-a-las-ciudades-que-apoyan-la-visibilidad-de-la-hemocromatosis\/\" \/>\n<meta property=\"og:locale\" content=\"es_ES\" \/>\n<meta property=\"og:type\" content=\"article\" \/>\n<meta property=\"og:title\" content=\"Caudete se suma a las ciudades que apoyan la visibilidad de la hemocromatosis - MI Ayuntamiento de Caudete\" \/>\n<meta property=\"og:description\" content=\"P\u00e1gina Oficial del Ayuntamiento de Caudete (Albacete)\" \/>\n<meta property=\"og:url\" content=\"https:\/\/www.caudete.org\/ayuntamiento\/caudete-se-suma-a-las-ciudades-que-apoyan-la-visibilidad-de-la-hemocromatosis\/\" \/>\n<meta property=\"og:site_name\" content=\"MI Ayuntamiento de Caudete\" \/>\n<meta property=\"article:publisher\" content=\"https:\/\/www.facebook.com\/ayuntamientocaudete\/\" \/>\n<meta property=\"article:published_time\" content=\"2025-06-01T06:00:22+00:00\" \/>\n<meta property=\"og:image\" content=\"https:\/\/www.caudete.org\/ayuntamiento\/wp-content\/uploads\/2025\/05\/CARTEL-ILUMINACION-EDIFICIO-HEMOCROMATOSIS-port.jpg\" \/>\n\t<meta property=\"og:image:width\" content=\"1000\" \/>\n\t<meta property=\"og:image:height\" content=\"348\" \/>\n\t<meta property=\"og:image:type\" content=\"image\/jpeg\" \/>\n<meta name=\"author\" content=\"Dpto Informatica MI Ayuntamiento de Caudete\" \/>\n<meta name=\"twitter:card\" content=\"summary_large_image\" \/>\n<meta name=\"twitter:label1\" content=\"Escrito por\" \/>\n\t<meta name=\"twitter:data1\" content=\"Dpto Informatica MI Ayuntamiento de Caudete\" \/>\n\t<meta name=\"twitter:label2\" content=\"Tiempo de lectura\" \/>\n\t<meta name=\"twitter:data2\" content=\"2 minutos\" \/>\n<script type=\"application\/ld+json\" class=\"yoast-schema-graph\">{\"@context\":\"https:\\\/\\\/schema.org\",\"@graph\":[{\"@type\":\"Article\",\"@id\":\"https:\\\/\\\/www.caudete.org\\\/ayuntamiento\\\/caudete-se-suma-a-las-ciudades-que-apoyan-la-visibilidad-de-la-hemocromatosis\\\/#article\",\"isPartOf\":{\"@id\":\"https:\\\/\\\/www.caudete.org\\\/ayuntamiento\\\/caudete-se-suma-a-las-ciudades-que-apoyan-la-visibilidad-de-la-hemocromatosis\\\/\"},\"author\":{\"name\":\"Dpto Informatica MI Ayuntamiento de Caudete\",\"@id\":\"https:\\\/\\\/www.caudete.org\\\/ayuntamiento\\\/#\\\/schema\\\/person\\\/4b9eab41761957db9b1bf9c418d1ef46\"},\"headline\":\"Caudete se suma a las ciudades que apoyan la visibilidad de la hemocromatosis\",\"datePublished\":\"2025-06-01T06:00:22+00:00\",\"mainEntityOfPage\":{\"@id\":\"https:\\\/\\\/www.caudete.org\\\/ayuntamiento\\\/caudete-se-suma-a-las-ciudades-que-apoyan-la-visibilidad-de-la-hemocromatosis\\\/\"},\"wordCount\":421,\"image\":{\"@id\":\"https:\\\/\\\/www.caudete.org\\\/ayuntamiento\\\/caudete-se-suma-a-las-ciudades-que-apoyan-la-visibilidad-de-la-hemocromatosis\\\/#primaryimage\"},\"thumbnailUrl\":\"https:\\\/\\\/www.caudete.org\\\/ayuntamiento\\\/wp-content\\\/uploads\\\/2025\\\/05\\\/CARTEL-ILUMINACION-EDIFICIO-HEMOCROMATOSIS-port.jpg\",\"articleSection\":[\"Sanidad\"],\"inLanguage\":\"es\"},{\"@type\":\"WebPage\",\"@id\":\"https:\\\/\\\/www.caudete.org\\\/ayuntamiento\\\/caudete-se-suma-a-las-ciudades-que-apoyan-la-visibilidad-de-la-hemocromatosis\\\/\",\"url\":\"https:\\\/\\\/www.caudete.org\\\/ayuntamiento\\\/caudete-se-suma-a-las-ciudades-que-apoyan-la-visibilidad-de-la-hemocromatosis\\\/\",\"name\":\"Caudete se suma a las ciudades que apoyan la visibilidad de la hemocromatosis - MI Ayuntamiento de Caudete\",\"isPartOf\":{\"@id\":\"https:\\\/\\\/www.caudete.org\\\/ayuntamiento\\\/#website\"},\"primaryImageOfPage\":{\"@id\":\"https:\\\/\\\/www.caudete.org\\\/ayuntamiento\\\/caudete-se-suma-a-las-ciudades-que-apoyan-la-visibilidad-de-la-hemocromatosis\\\/#primaryimage\"},\"image\":{\"@id\":\"https:\\\/\\\/www.caudete.org\\\/ayuntamiento\\\/caudete-se-suma-a-las-ciudades-que-apoyan-la-visibilidad-de-la-hemocromatosis\\\/#primaryimage\"},\"thumbnailUrl\":\"https:\\\/\\\/www.caudete.org\\\/ayuntamiento\\\/wp-content\\\/uploads\\\/2025\\\/05\\\/CARTEL-ILUMINACION-EDIFICIO-HEMOCROMATOSIS-port.jpg\",\"datePublished\":\"2025-06-01T06:00:22+00:00\",\"author\":{\"@id\":\"https:\\\/\\\/www.caudete.org\\\/ayuntamiento\\\/#\\\/schema\\\/person\\\/4b9eab41761957db9b1bf9c418d1ef46\"},\"description\":\"P\u00e1gina Oficial del Ayuntamiento de Caudete (Albacete)\",\"breadcrumb\":{\"@id\":\"https:\\\/\\\/www.caudete.org\\\/ayuntamiento\\\/caudete-se-suma-a-las-ciudades-que-apoyan-la-visibilidad-de-la-hemocromatosis\\\/#breadcrumb\"},\"inLanguage\":\"es\",\"potentialAction\":[{\"@type\":\"ReadAction\",\"target\":[\"https:\\\/\\\/www.caudete.org\\\/ayuntamiento\\\/caudete-se-suma-a-las-ciudades-que-apoyan-la-visibilidad-de-la-hemocromatosis\\\/\"]}]},{\"@type\":\"ImageObject\",\"inLanguage\":\"es\",\"@id\":\"https:\\\/\\\/www.caudete.org\\\/ayuntamiento\\\/caudete-se-suma-a-las-ciudades-que-apoyan-la-visibilidad-de-la-hemocromatosis\\\/#primaryimage\",\"url\":\"https:\\\/\\\/www.caudete.org\\\/ayuntamiento\\\/wp-content\\\/uploads\\\/2025\\\/05\\\/CARTEL-ILUMINACION-EDIFICIO-HEMOCROMATOSIS-port.jpg\",\"contentUrl\":\"https:\\\/\\\/www.caudete.org\\\/ayuntamiento\\\/wp-content\\\/uploads\\\/2025\\\/05\\\/CARTEL-ILUMINACION-EDIFICIO-HEMOCROMATOSIS-port.jpg\",\"width\":1000,\"height\":348},{\"@type\":\"BreadcrumbList\",\"@id\":\"https:\\\/\\\/www.caudete.org\\\/ayuntamiento\\\/caudete-se-suma-a-las-ciudades-que-apoyan-la-visibilidad-de-la-hemocromatosis\\\/#breadcrumb\",\"itemListElement\":[{\"@type\":\"ListItem\",\"position\":1,\"name\":\"Inicio\",\"item\":\"https:\\\/\\\/www.caudete.org\\\/ayuntamiento\\\/\"},{\"@type\":\"ListItem\",\"position\":2,\"name\":\"Caudete se suma a las ciudades que apoyan la visibilidad de la hemocromatosis\"}]},{\"@type\":\"WebSite\",\"@id\":\"https:\\\/\\\/www.caudete.org\\\/ayuntamiento\\\/#website\",\"url\":\"https:\\\/\\\/www.caudete.org\\\/ayuntamiento\\\/\",\"name\":\"MI Ayuntamiento de Caudete\",\"description\":\"P\u00e1gina Oficial del MI Ayuntamiento de Caudete\",\"potentialAction\":[{\"@type\":\"SearchAction\",\"target\":{\"@type\":\"EntryPoint\",\"urlTemplate\":\"https:\\\/\\\/www.caudete.org\\\/ayuntamiento\\\/?s={search_term_string}\"},\"query-input\":{\"@type\":\"PropertyValueSpecification\",\"valueRequired\":true,\"valueName\":\"search_term_string\"}}],\"inLanguage\":\"es\"},{\"@type\":\"Person\",\"@id\":\"https:\\\/\\\/www.caudete.org\\\/ayuntamiento\\\/#\\\/schema\\\/person\\\/4b9eab41761957db9b1bf9c418d1ef46\",\"name\":\"Dpto Informatica MI Ayuntamiento de Caudete\",\"image\":{\"@type\":\"ImageObject\",\"inLanguage\":\"es\",\"@id\":\"https:\\\/\\\/secure.gravatar.com\\\/avatar\\\/ac0321ee4a0a83e82a253e7b2d348ef539e2c8fe16d06b600bde04de1b364fa7?s=96&d=mm&r=g\",\"url\":\"https:\\\/\\\/secure.gravatar.com\\\/avatar\\\/ac0321ee4a0a83e82a253e7b2d348ef539e2c8fe16d06b600bde04de1b364fa7?s=96&d=mm&r=g\",\"contentUrl\":\"https:\\\/\\\/secure.gravatar.com\\\/avatar\\\/ac0321ee4a0a83e82a253e7b2d348ef539e2c8fe16d06b600bde04de1b364fa7?s=96&d=mm&r=g\",\"caption\":\"Dpto Informatica MI Ayuntamiento de Caudete\"},\"url\":\"https:\\\/\\\/www.caudete.org\\\/ayuntamiento\\\/author\\\/informatica\\\/\"}]}<\/script>\n<!-- \/ Yoast SEO plugin. -->","yoast_head_json":{"title":"Caudete se suma a las ciudades que apoyan la visibilidad de la hemocromatosis - MI Ayuntamiento de Caudete","description":"P\u00e1gina Oficial del Ayuntamiento de Caudete (Albacete)","robots":{"index":"index","follow":"follow","max-snippet":"max-snippet:-1","max-image-preview":"max-image-preview:large","max-video-preview":"max-video-preview:-1"},"canonical":"https:\/\/www.caudete.org\/ayuntamiento\/caudete-se-suma-a-las-ciudades-que-apoyan-la-visibilidad-de-la-hemocromatosis\/","og_locale":"es_ES","og_type":"article","og_title":"Caudete se suma a las ciudades que apoyan la visibilidad de la hemocromatosis - MI Ayuntamiento de Caudete","og_description":"P\u00e1gina Oficial del Ayuntamiento de Caudete (Albacete)","og_url":"https:\/\/www.caudete.org\/ayuntamiento\/caudete-se-suma-a-las-ciudades-que-apoyan-la-visibilidad-de-la-hemocromatosis\/","og_site_name":"MI Ayuntamiento de Caudete","article_publisher":"https:\/\/www.facebook.com\/ayuntamientocaudete\/","article_published_time":"2025-06-01T06:00:22+00:00","og_image":[{"width":1000,"height":348,"url":"https:\/\/www.caudete.org\/ayuntamiento\/wp-content\/uploads\/2025\/05\/CARTEL-ILUMINACION-EDIFICIO-HEMOCROMATOSIS-port.jpg","type":"image\/jpeg"}],"author":"Dpto Informatica MI Ayuntamiento de Caudete","twitter_card":"summary_large_image","twitter_misc":{"Escrito por":"Dpto Informatica MI Ayuntamiento de Caudete","Tiempo de lectura":"2 minutos"},"schema":{"@context":"https:\/\/schema.org","@graph":[{"@type":"Article","@id":"https:\/\/www.caudete.org\/ayuntamiento\/caudete-se-suma-a-las-ciudades-que-apoyan-la-visibilidad-de-la-hemocromatosis\/#article","isPartOf":{"@id":"https:\/\/www.caudete.org\/ayuntamiento\/caudete-se-suma-a-las-ciudades-que-apoyan-la-visibilidad-de-la-hemocromatosis\/"},"author":{"name":"Dpto Informatica MI Ayuntamiento de Caudete","@id":"https:\/\/www.caudete.org\/ayuntamiento\/#\/schema\/person\/4b9eab41761957db9b1bf9c418d1ef46"},"headline":"Caudete se suma a las ciudades que apoyan la visibilidad de la hemocromatosis","datePublished":"2025-06-01T06:00:22+00:00","mainEntityOfPage":{"@id":"https:\/\/www.caudete.org\/ayuntamiento\/caudete-se-suma-a-las-ciudades-que-apoyan-la-visibilidad-de-la-hemocromatosis\/"},"wordCount":421,"image":{"@id":"https:\/\/www.caudete.org\/ayuntamiento\/caudete-se-suma-a-las-ciudades-que-apoyan-la-visibilidad-de-la-hemocromatosis\/#primaryimage"},"thumbnailUrl":"https:\/\/www.caudete.org\/ayuntamiento\/wp-content\/uploads\/2025\/05\/CARTEL-ILUMINACION-EDIFICIO-HEMOCROMATOSIS-port.jpg","articleSection":["Sanidad"],"inLanguage":"es"},{"@type":"WebPage","@id":"https:\/\/www.caudete.org\/ayuntamiento\/caudete-se-suma-a-las-ciudades-que-apoyan-la-visibilidad-de-la-hemocromatosis\/","url":"https:\/\/www.caudete.org\/ayuntamiento\/caudete-se-suma-a-las-ciudades-que-apoyan-la-visibilidad-de-la-hemocromatosis\/","name":"Caudete se suma a las ciudades que apoyan la visibilidad de la hemocromatosis - MI Ayuntamiento de Caudete","isPartOf":{"@id":"https:\/\/www.caudete.org\/ayuntamiento\/#website"},"primaryImageOfPage":{"@id":"https:\/\/www.caudete.org\/ayuntamiento\/caudete-se-suma-a-las-ciudades-que-apoyan-la-visibilidad-de-la-hemocromatosis\/#primaryimage"},"image":{"@id":"https:\/\/www.caudete.org\/ayuntamiento\/caudete-se-suma-a-las-ciudades-que-apoyan-la-visibilidad-de-la-hemocromatosis\/#primaryimage"},"thumbnailUrl":"https:\/\/www.caudete.org\/ayuntamiento\/wp-content\/uploads\/2025\/05\/CARTEL-ILUMINACION-EDIFICIO-HEMOCROMATOSIS-port.jpg","datePublished":"2025-06-01T06:00:22+00:00","author":{"@id":"https:\/\/www.caudete.org\/ayuntamiento\/#\/schema\/person\/4b9eab41761957db9b1bf9c418d1ef46"},"description":"P\u00e1gina Oficial del Ayuntamiento de Caudete (Albacete)","breadcrumb":{"@id":"https:\/\/www.caudete.org\/ayuntamiento\/caudete-se-suma-a-las-ciudades-que-apoyan-la-visibilidad-de-la-hemocromatosis\/#breadcrumb"},"inLanguage":"es","potentialAction":[{"@type":"ReadAction","target":["https:\/\/www.caudete.org\/ayuntamiento\/caudete-se-suma-a-las-ciudades-que-apoyan-la-visibilidad-de-la-hemocromatosis\/"]}]},{"@type":"ImageObject","inLanguage":"es","@id":"https:\/\/www.caudete.org\/ayuntamiento\/caudete-se-suma-a-las-ciudades-que-apoyan-la-visibilidad-de-la-hemocromatosis\/#primaryimage","url":"https:\/\/www.caudete.org\/ayuntamiento\/wp-content\/uploads\/2025\/05\/CARTEL-ILUMINACION-EDIFICIO-HEMOCROMATOSIS-port.jpg","contentUrl":"https:\/\/www.caudete.org\/ayuntamiento\/wp-content\/uploads\/2025\/05\/CARTEL-ILUMINACION-EDIFICIO-HEMOCROMATOSIS-port.jpg","width":1000,"height":348},{"@type":"BreadcrumbList","@id":"https:\/\/www.caudete.org\/ayuntamiento\/caudete-se-suma-a-las-ciudades-que-apoyan-la-visibilidad-de-la-hemocromatosis\/#breadcrumb","itemListElement":[{"@type":"ListItem","position":1,"name":"Inicio","item":"https:\/\/www.caudete.org\/ayuntamiento\/"},{"@type":"ListItem","position":2,"name":"Caudete se suma a las ciudades que apoyan la visibilidad de la hemocromatosis"}]},{"@type":"WebSite","@id":"https:\/\/www.caudete.org\/ayuntamiento\/#website","url":"https:\/\/www.caudete.org\/ayuntamiento\/","name":"MI Ayuntamiento de Caudete","description":"P\u00e1gina Oficial del MI Ayuntamiento de Caudete","potentialAction":[{"@type":"SearchAction","target":{"@type":"EntryPoint","urlTemplate":"https:\/\/www.caudete.org\/ayuntamiento\/?s={search_term_string}"},"query-input":{"@type":"PropertyValueSpecification","valueRequired":true,"valueName":"search_term_string"}}],"inLanguage":"es"},{"@type":"Person","@id":"https:\/\/www.caudete.org\/ayuntamiento\/#\/schema\/person\/4b9eab41761957db9b1bf9c418d1ef46","name":"Dpto Informatica MI Ayuntamiento de Caudete","image":{"@type":"ImageObject","inLanguage":"es","@id":"https:\/\/secure.gravatar.com\/avatar\/ac0321ee4a0a83e82a253e7b2d348ef539e2c8fe16d06b600bde04de1b364fa7?s=96&d=mm&r=g","url":"https:\/\/secure.gravatar.com\/avatar\/ac0321ee4a0a83e82a253e7b2d348ef539e2c8fe16d06b600bde04de1b364fa7?s=96&d=mm&r=g","contentUrl":"https:\/\/secure.gravatar.com\/avatar\/ac0321ee4a0a83e82a253e7b2d348ef539e2c8fe16d06b600bde04de1b364fa7?s=96&d=mm&r=g","caption":"Dpto Informatica MI Ayuntamiento de Caudete"},"url":"https:\/\/www.caudete.org\/ayuntamiento\/author\/informatica\/"}]}},"_links":{"self":[{"href":"https:\/\/www.caudete.org\/ayuntamiento\/wp-json\/wp\/v2\/posts\/28832","targetHints":{"allow":["GET"]}}],"collection":[{"href":"https:\/\/www.caudete.org\/ayuntamiento\/wp-json\/wp\/v2\/posts"}],"about":[{"href":"https:\/\/www.caudete.org\/ayuntamiento\/wp-json\/wp\/v2\/types\/post"}],"author":[{"embeddable":true,"href":"https:\/\/www.caudete.org\/ayuntamiento\/wp-json\/wp\/v2\/users\/5"}],"replies":[{"embeddable":true,"href":"https:\/\/www.caudete.org\/ayuntamiento\/wp-json\/wp\/v2\/comments?post=28832"}],"version-history":[{"count":2,"href":"https:\/\/www.caudete.org\/ayuntamiento\/wp-json\/wp\/v2\/posts\/28832\/revisions"}],"predecessor-version":[{"id":28855,"href":"https:\/\/www.caudete.org\/ayuntamiento\/wp-json\/wp\/v2\/posts\/28832\/revisions\/28855"}],"wp:featuredmedia":[{"embeddable":true,"href":"https:\/\/www.caudete.org\/ayuntamiento\/wp-json\/wp\/v2\/media\/28840"}],"wp:attachment":[{"href":"https:\/\/www.caudete.org\/ayuntamiento\/wp-json\/wp\/v2\/media?parent=28832"}],"wp:term":[{"taxonomy":"category","embeddable":true,"href":"https:\/\/www.caudete.org\/ayuntamiento\/wp-json\/wp\/v2\/categories?post=28832"},{"taxonomy":"post_tag","embeddable":true,"href":"https:\/\/www.caudete.org\/ayuntamiento\/wp-json\/wp\/v2\/tags?post=28832"}],"curies":[{"name":"wp","href":"https:\/\/api.w.org\/{rel}","templated":true}]}}