{"id":28841,"date":"2025-05-29T08:30:31","date_gmt":"2025-05-29T06:30:31","guid":{"rendered":"https:\/\/www.caudete.org\/ayuntamiento\/?p=28841"},"modified":"2025-05-29T08:48:39","modified_gmt":"2025-05-29T06:48:39","slug":"las-edm-de-atletismo-brillan-en-los-campeonatos-de-clm-de-pista-con-cristina-asensio","status":"publish","type":"post","link":"https:\/\/www.caudete.org\/ayuntamiento\/las-edm-de-atletismo-brillan-en-los-campeonatos-de-clm-de-pista-con-cristina-asensio\/","title":{"rendered":"Las EDM de Atletismo brillan en los Campeonatos de CLM de pista con Cristina Asensio"},"content":{"rendered":"<p style=\"text-align: justify;\">La Concejal de Deportes, <strong>Pilar Egea<\/strong>, ha comparecido hoy para felicitar p\u00fablicamente a las <strong>Escuelas Deportivas Municipales (EDM) de Atletismo de Caudete<\/strong> por los &#8220;magn\u00edficos resultados&#8221; obtenidos en los recientes Campeonatos de Castilla-La Mancha, donde la actuaci\u00f3n estelar de <strong>Cristina Asensio Pastor<\/strong> ha sido el principal foco de atenci\u00f3n.<\/p>\n<p style=\"text-align: justify;\">Cristina Asensio Pastor ha protagonizado una actuaci\u00f3n hist\u00f3rica en la categor\u00eda sub-18, logrando <strong>cuatro medallas de oro<\/strong>: tres individuales y una por equipos. Asensio domin\u00f3 con una superioridad aplastante las pruebas de velocidad, alz\u00e1ndose con el oro en los 100 metros (con un tiempo de 12&#8221;06), 200 metros (24&#8221;60) y 400 metros (59&#8221;29). Un hito sin precedentes, ya que nadie antes hab\u00eda logrado ganar todas estas pruebas de velocidad en un mismo campeonato en la categor\u00eda sub-18. A estas victorias individuales se suma el oro en el relevo 4&#215;100, donde form\u00f3 un equipo imbatible junto a sus compa\u00f1eras de las EDM de Caudete <strong>Paula Navarro, Eva Navarro y Marta Puche<\/strong>.<\/p>\n<p style=\"text-align: justify;\">Adem\u00e1s de sus cuatro oros, Cristina Asensio consigui\u00f3 marca personal en todas las pruebas, situ\u00e1ndose en el ranking nacional de la temporada en la categor\u00eda sub-18 en tercera posici\u00f3n en los 100 metros y en segunda en los 200 metros.<\/p>\n<p style=\"text-align: justify;\">Pero los \u00e9xitos no se limitaron a la brillante actuaci\u00f3n de Asensio. <strong>\u00c1ngel Torres<\/strong> tambi\u00e9n subi\u00f3 al podio al conseguir la medalla de bronce en salto de altura sub-18, lo que demuestra la calidad y el futuro prometedor de los atletas de Caudete.<\/p>\n<h3 style=\"text-align: justify;\">M\u00faltiples finalistas y marcas personales en los Campeonatos Regionales<\/h3>\n<p style=\"text-align: justify;\">Adem\u00e1s de las medallas, la participaci\u00f3n de las EDM de Caudete en los Campeonatos de Castilla-La Mancha dej\u00f3 un excelente balance con <strong>seis puestos de finalistas<\/strong>:<\/p>\n<ul style=\"text-align: justify;\">\n<li>El equipo de <strong>relevos sub-18 masculino<\/strong> (Miguel Cantero, Miguel Rodr\u00edguez, Khalil Zaoua y \u00c1ngel Torres) logr\u00f3 un meritorio <strong>4\u00ba puesto<\/strong>.<\/li>\n<li><strong>\u00c1ngel Torres<\/strong> obtuvo un <strong>4\u00ba puesto<\/strong> en salto de longitud sub-18.<\/li>\n<li><strong>Marta Puche<\/strong> alcanz\u00f3 el <strong>4\u00ba puesto<\/strong> y <strong>Nerea Navarro<\/strong> el <strong>5\u00ba puesto<\/strong> en lanzamiento de jabalina sub-18.<\/li>\n<li><strong>Mar\u00eda Belda<\/strong> se posicion\u00f3 en el <strong>5\u00ba puesto<\/strong> en los 5000 metros sub-18.<\/li>\n<li><strong>Daniela Vicente<\/strong> consigui\u00f3 el <strong>6\u00ba puesto<\/strong> en lanzamiento de jabalina sub-16.<\/li>\n<\/ul>\n<p style=\"text-align: justify;\">Un dato que resalta el gran trabajo de los entrenadores y la dedicaci\u00f3n de los atletas es que, de los 16 deportistas que participaron en los regionales, <strong>12 mejoraron sus marcas personales<\/strong>. Esto evidencia el esfuerzo y la preparaci\u00f3n para llegar en la mejor forma posible a la competici\u00f3n m\u00e1s importante de la temporada.<\/p>\n<h3 style=\"text-align: justify;\">\u00c9xitos tambi\u00e9n en los Campeonatos Provinciales de Menores<\/h3>\n<p style=\"text-align: justify;\">La concejal Pilar Egea tambi\u00e9n quiso destacar los logros obtenidos en los campeonatos provinciales de menores de pista, celebrados recientemente en Albacete. All\u00ed, las EDM de Caudete sumaron <strong>tres medallas de oro<\/strong> m\u00e1s:<\/p>\n<ul style=\"text-align: justify;\">\n<li><strong>Lina Khamaich<\/strong> en los 500 metros sub-8.<\/li>\n<li><strong>Alejo Tierraseca<\/strong> en los 500 metros sub-8.<\/li>\n<li><strong>Luc\u00eda S\u00e1nchez<\/strong> en los 1000 metros sub-12.<\/li>\n<\/ul>\n<p style=\"text-align: justify;\">Egea concluy\u00f3 su intervenci\u00f3n felicitando a todos los atletas, entrenadores y familias por el esfuerzo y dedicaci\u00f3n, que se ven reflejados en estos excelentes resultados, consolidando a las Escuelas Deportivas Municipales de Atletismo de Caudete como un referente en la regi\u00f3n.<\/p>\n<p style=\"text-align: justify;\">Con la participaci\u00f3n en los Campeonatos de Castilla-La Mancha, se da por concluida la temporada para la mayor\u00eda de los atletas. Sin embargo, <strong>Cristina Asensio Pastor<\/strong> tendr\u00e1 una oportunidad de oro para corroborar su excelente estado de forma en el pr\u00f3ximo <strong>Campeonato de Espa\u00f1a de Federaciones el 21 de junio en Palafrugell (Girona)<\/strong> y en el <strong>Campeonato de Espa\u00f1a individual sub-18 el 5 y 6 de julio en Castell\u00f3n<\/strong>.<\/p>\n<p><a href=\"https:\/\/www.caudete.org\/ayuntamiento\/wp-content\/uploads\/2025\/05\/IMG-20250503-WA0042.jpg\" rel='prettyPhoto'><img fetchpriority=\"high\" decoding=\"async\" class=\"alignnone size-full wp-image-28843\" src=\"https:\/\/www.caudete.org\/ayuntamiento\/wp-content\/uploads\/2025\/05\/IMG-20250503-WA0042.jpg\" alt=\"\" width=\"750\" height=\"1000\" srcset=\"https:\/\/www.caudete.org\/ayuntamiento\/wp-content\/uploads\/2025\/05\/IMG-20250503-WA0042.jpg 750w, https:\/\/www.caudete.org\/ayuntamiento\/wp-content\/uploads\/2025\/05\/IMG-20250503-WA0042-300x400.jpg 300w, https:\/\/www.caudete.org\/ayuntamiento\/wp-content\/uploads\/2025\/05\/IMG-20250503-WA0042-600x800.jpg 600w\" sizes=\"(max-width: 750px) 100vw, 750px\" \/><\/a> <a href=\"https:\/\/www.caudete.org\/ayuntamiento\/wp-content\/uploads\/2025\/05\/IMG-20250503-WA0046.jpg\" rel='prettyPhoto'><img decoding=\"async\" class=\"alignnone size-full wp-image-28844\" src=\"https:\/\/www.caudete.org\/ayuntamiento\/wp-content\/uploads\/2025\/05\/IMG-20250503-WA0046.jpg\" alt=\"\" width=\"716\" height=\"1000\" srcset=\"https:\/\/www.caudete.org\/ayuntamiento\/wp-content\/uploads\/2025\/05\/IMG-20250503-WA0046.jpg 716w, https:\/\/www.caudete.org\/ayuntamiento\/wp-content\/uploads\/2025\/05\/IMG-20250503-WA0046-286x400.jpg 286w, https:\/\/www.caudete.org\/ayuntamiento\/wp-content\/uploads\/2025\/05\/IMG-20250503-WA0046-573x800.jpg 573w\" sizes=\"(max-width: 716px) 100vw, 716px\" \/><\/a> <a href=\"https:\/\/www.caudete.org\/ayuntamiento\/wp-content\/uploads\/2025\/05\/IMG-20250518-WA0025.jpg\" rel='prettyPhoto'><img decoding=\"async\" class=\"alignnone size-full wp-image-28845\" src=\"https:\/\/www.caudete.org\/ayuntamiento\/wp-content\/uploads\/2025\/05\/IMG-20250518-WA0025.jpg\" alt=\"\" width=\"1000\" height=\"806\" srcset=\"https:\/\/www.caudete.org\/ayuntamiento\/wp-content\/uploads\/2025\/05\/IMG-20250518-WA0025.jpg 1000w, https:\/\/www.caudete.org\/ayuntamiento\/wp-content\/uploads\/2025\/05\/IMG-20250518-WA0025-496x400.jpg 496w, https:\/\/www.caudete.org\/ayuntamiento\/wp-content\/uploads\/2025\/05\/IMG-20250518-WA0025-993x800.jpg 993w, https:\/\/www.caudete.org\/ayuntamiento\/wp-content\/uploads\/2025\/05\/IMG-20250518-WA0025-768x619.jpg 768w\" sizes=\"(max-width: 1000px) 100vw, 1000px\" \/><\/a> <a href=\"https:\/\/www.caudete.org\/ayuntamiento\/wp-content\/uploads\/2025\/05\/IMG-20250518-WA0026.jpg\" rel='prettyPhoto'><img loading=\"lazy\" decoding=\"async\" class=\"alignnone size-full wp-image-28846\" src=\"https:\/\/www.caudete.org\/ayuntamiento\/wp-content\/uploads\/2025\/05\/IMG-20250518-WA0026.jpg\" alt=\"\" width=\"1000\" height=\"753\" srcset=\"https:\/\/www.caudete.org\/ayuntamiento\/wp-content\/uploads\/2025\/05\/IMG-20250518-WA0026.jpg 1000w, https:\/\/www.caudete.org\/ayuntamiento\/wp-content\/uploads\/2025\/05\/IMG-20250518-WA0026-531x400.jpg 531w, https:\/\/www.caudete.org\/ayuntamiento\/wp-content\/uploads\/2025\/05\/IMG-20250518-WA0026-768x578.jpg 768w\" sizes=\"(max-width: 1000px) 100vw, 1000px\" \/><\/a> <a href=\"https:\/\/www.caudete.org\/ayuntamiento\/wp-content\/uploads\/2025\/05\/IMG-20250518-WA0027.jpg\" rel='prettyPhoto'><img loading=\"lazy\" decoding=\"async\" class=\"alignnone size-full wp-image-28847\" src=\"https:\/\/www.caudete.org\/ayuntamiento\/wp-content\/uploads\/2025\/05\/IMG-20250518-WA0027.jpg\" alt=\"\" width=\"1000\" height=\"753\" srcset=\"https:\/\/www.caudete.org\/ayuntamiento\/wp-content\/uploads\/2025\/05\/IMG-20250518-WA0027.jpg 1000w, https:\/\/www.caudete.org\/ayuntamiento\/wp-content\/uploads\/2025\/05\/IMG-20250518-WA0027-531x400.jpg 531w, https:\/\/www.caudete.org\/ayuntamiento\/wp-content\/uploads\/2025\/05\/IMG-20250518-WA0027-768x578.jpg 768w\" sizes=\"(max-width: 1000px) 100vw, 1000px\" \/><\/a> <a href=\"https:\/\/www.caudete.org\/ayuntamiento\/wp-content\/uploads\/2025\/05\/IMG-20250524-WA0024.jpg\" rel='prettyPhoto'><img loading=\"lazy\" decoding=\"async\" class=\"alignnone size-full wp-image-28848\" src=\"https:\/\/www.caudete.org\/ayuntamiento\/wp-content\/uploads\/2025\/05\/IMG-20250524-WA0024.jpg\" alt=\"\" width=\"1000\" height=\"750\" srcset=\"https:\/\/www.caudete.org\/ayuntamiento\/wp-content\/uploads\/2025\/05\/IMG-20250524-WA0024.jpg 1000w, https:\/\/www.caudete.org\/ayuntamiento\/wp-content\/uploads\/2025\/05\/IMG-20250524-WA0024-533x400.jpg 533w, https:\/\/www.caudete.org\/ayuntamiento\/wp-content\/uploads\/2025\/05\/IMG-20250524-WA0024-768x576.jpg 768w\" sizes=\"(max-width: 1000px) 100vw, 1000px\" \/><\/a> <a href=\"https:\/\/www.caudete.org\/ayuntamiento\/wp-content\/uploads\/2025\/05\/IMG-20250524-WA0027.jpg\" rel='prettyPhoto'><img loading=\"lazy\" decoding=\"async\" class=\"alignnone size-full wp-image-28849\" src=\"https:\/\/www.caudete.org\/ayuntamiento\/wp-content\/uploads\/2025\/05\/IMG-20250524-WA0027.jpg\" alt=\"\" width=\"1000\" height=\"750\" srcset=\"https:\/\/www.caudete.org\/ayuntamiento\/wp-content\/uploads\/2025\/05\/IMG-20250524-WA0027.jpg 1000w, https:\/\/www.caudete.org\/ayuntamiento\/wp-content\/uploads\/2025\/05\/IMG-20250524-WA0027-533x400.jpg 533w, https:\/\/www.caudete.org\/ayuntamiento\/wp-content\/uploads\/2025\/05\/IMG-20250524-WA0027-768x576.jpg 768w\" sizes=\"(max-width: 1000px) 100vw, 1000px\" \/><\/a> <a href=\"https:\/\/www.caudete.org\/ayuntamiento\/wp-content\/uploads\/2025\/05\/IMG-20250524-WA0029.jpg\" rel='prettyPhoto'><img loading=\"lazy\" decoding=\"async\" class=\"alignnone size-full wp-image-28850\" src=\"https:\/\/www.caudete.org\/ayuntamiento\/wp-content\/uploads\/2025\/05\/IMG-20250524-WA0029.jpg\" alt=\"\" width=\"750\" height=\"1000\" srcset=\"https:\/\/www.caudete.org\/ayuntamiento\/wp-content\/uploads\/2025\/05\/IMG-20250524-WA0029.jpg 750w, https:\/\/www.caudete.org\/ayuntamiento\/wp-content\/uploads\/2025\/05\/IMG-20250524-WA0029-300x400.jpg 300w, https:\/\/www.caudete.org\/ayuntamiento\/wp-content\/uploads\/2025\/05\/IMG-20250524-WA0029-600x800.jpg 600w\" sizes=\"(max-width: 750px) 100vw, 750px\" \/><\/a><\/p>\n","protected":false},"excerpt":{"rendered":"<p>La Concejal de Deportes, Pilar Egea, ha comparecido hoy para felicitar p\u00fablicamente a las Escuelas Deportivas Municipales (EDM) de Atletismo de Caudete por los &#8220;magn\u00edficos resultados&#8221; obtenidos en los recientes Campeonatos de Castilla-La Mancha, donde la actuaci\u00f3n estelar de Cristina Asensio Pastor ha sido el principal foco de atenci\u00f3n. Cristina Asensio Pastor ha protagonizado una &hellip;<\/p>\n","protected":false},"author":5,"featured_media":28850,"comment_status":"closed","ping_status":"open","sticky":false,"template":"","format":"standard","meta":{"ngg_post_thumbnail":0,"footnotes":""},"categories":[23],"tags":[],"class_list":["post-28841","post","type-post","status-publish","format-standard","has-post-thumbnail","hentry","category-deportes"],"yoast_head":"<!-- This site is optimized with the Yoast SEO plugin v27.5 - https:\/\/yoast.com\/product\/yoast-seo-wordpress\/ -->\n<title>Las EDM de Atletismo brillan en los Campeonatos de CLM de pista con Cristina Asensio - MI Ayuntamiento de Caudete<\/title>\n<meta name=\"description\" content=\"P\u00e1gina Oficial del Ayuntamiento de Caudete (Albacete)\" \/>\n<meta name=\"robots\" content=\"index, follow, max-snippet:-1, max-image-preview:large, max-video-preview:-1\" \/>\n<link rel=\"canonical\" href=\"https:\/\/www.caudete.org\/ayuntamiento\/las-edm-de-atletismo-brillan-en-los-campeonatos-de-clm-de-pista-con-cristina-asensio\/\" \/>\n<meta property=\"og:locale\" content=\"es_ES\" \/>\n<meta property=\"og:type\" content=\"article\" \/>\n<meta property=\"og:title\" content=\"Las EDM de Atletismo brillan en los Campeonatos de CLM de pista con Cristina Asensio - MI Ayuntamiento de Caudete\" \/>\n<meta property=\"og:description\" content=\"P\u00e1gina Oficial del Ayuntamiento de Caudete (Albacete)\" \/>\n<meta property=\"og:url\" content=\"https:\/\/www.caudete.org\/ayuntamiento\/las-edm-de-atletismo-brillan-en-los-campeonatos-de-clm-de-pista-con-cristina-asensio\/\" \/>\n<meta property=\"og:site_name\" content=\"MI Ayuntamiento de Caudete\" \/>\n<meta property=\"article:publisher\" content=\"https:\/\/www.facebook.com\/ayuntamientocaudete\/\" \/>\n<meta property=\"article:published_time\" content=\"2025-05-29T06:30:31+00:00\" \/>\n<meta property=\"article:modified_time\" content=\"2025-05-29T06:48:39+00:00\" \/>\n<meta property=\"og:image\" content=\"https:\/\/www.caudete.org\/ayuntamiento\/wp-content\/uploads\/2025\/05\/IMG-20250524-WA0029.jpg\" \/>\n\t<meta property=\"og:image:width\" content=\"750\" \/>\n\t<meta property=\"og:image:height\" content=\"1000\" \/>\n\t<meta property=\"og:image:type\" content=\"image\/jpeg\" \/>\n<meta name=\"author\" content=\"Dpto Informatica MI Ayuntamiento de Caudete\" \/>\n<meta name=\"twitter:card\" content=\"summary_large_image\" \/>\n<meta name=\"twitter:label1\" content=\"Escrito por\" \/>\n\t<meta name=\"twitter:data1\" content=\"Dpto Informatica MI Ayuntamiento de Caudete\" \/>\n\t<meta name=\"twitter:label2\" content=\"Tiempo de lectura\" \/>\n\t<meta name=\"twitter:data2\" content=\"5 minutos\" \/>\n<script type=\"application\/ld+json\" class=\"yoast-schema-graph\">{\"@context\":\"https:\\\/\\\/schema.org\",\"@graph\":[{\"@type\":\"Article\",\"@id\":\"https:\\\/\\\/www.caudete.org\\\/ayuntamiento\\\/las-edm-de-atletismo-brillan-en-los-campeonatos-de-clm-de-pista-con-cristina-asensio\\\/#article\",\"isPartOf\":{\"@id\":\"https:\\\/\\\/www.caudete.org\\\/ayuntamiento\\\/las-edm-de-atletismo-brillan-en-los-campeonatos-de-clm-de-pista-con-cristina-asensio\\\/\"},\"author\":{\"name\":\"Dpto Informatica MI Ayuntamiento de Caudete\",\"@id\":\"https:\\\/\\\/www.caudete.org\\\/ayuntamiento\\\/#\\\/schema\\\/person\\\/4b9eab41761957db9b1bf9c418d1ef46\"},\"headline\":\"Las EDM de Atletismo brillan en los Campeonatos de CLM de pista con Cristina Asensio\",\"datePublished\":\"2025-05-29T06:30:31+00:00\",\"dateModified\":\"2025-05-29T06:48:39+00:00\",\"mainEntityOfPage\":{\"@id\":\"https:\\\/\\\/www.caudete.org\\\/ayuntamiento\\\/las-edm-de-atletismo-brillan-en-los-campeonatos-de-clm-de-pista-con-cristina-asensio\\\/\"},\"wordCount\":607,\"image\":{\"@id\":\"https:\\\/\\\/www.caudete.org\\\/ayuntamiento\\\/las-edm-de-atletismo-brillan-en-los-campeonatos-de-clm-de-pista-con-cristina-asensio\\\/#primaryimage\"},\"thumbnailUrl\":\"https:\\\/\\\/www.caudete.org\\\/ayuntamiento\\\/wp-content\\\/uploads\\\/2025\\\/05\\\/IMG-20250524-WA0029.jpg\",\"articleSection\":[\"Deportes\"],\"inLanguage\":\"es\"},{\"@type\":\"WebPage\",\"@id\":\"https:\\\/\\\/www.caudete.org\\\/ayuntamiento\\\/las-edm-de-atletismo-brillan-en-los-campeonatos-de-clm-de-pista-con-cristina-asensio\\\/\",\"url\":\"https:\\\/\\\/www.caudete.org\\\/ayuntamiento\\\/las-edm-de-atletismo-brillan-en-los-campeonatos-de-clm-de-pista-con-cristina-asensio\\\/\",\"name\":\"Las EDM de Atletismo brillan en los Campeonatos de CLM de pista con Cristina Asensio - MI Ayuntamiento de Caudete\",\"isPartOf\":{\"@id\":\"https:\\\/\\\/www.caudete.org\\\/ayuntamiento\\\/#website\"},\"primaryImageOfPage\":{\"@id\":\"https:\\\/\\\/www.caudete.org\\\/ayuntamiento\\\/las-edm-de-atletismo-brillan-en-los-campeonatos-de-clm-de-pista-con-cristina-asensio\\\/#primaryimage\"},\"image\":{\"@id\":\"https:\\\/\\\/www.caudete.org\\\/ayuntamiento\\\/las-edm-de-atletismo-brillan-en-los-campeonatos-de-clm-de-pista-con-cristina-asensio\\\/#primaryimage\"},\"thumbnailUrl\":\"https:\\\/\\\/www.caudete.org\\\/ayuntamiento\\\/wp-content\\\/uploads\\\/2025\\\/05\\\/IMG-20250524-WA0029.jpg\",\"datePublished\":\"2025-05-29T06:30:31+00:00\",\"dateModified\":\"2025-05-29T06:48:39+00:00\",\"author\":{\"@id\":\"https:\\\/\\\/www.caudete.org\\\/ayuntamiento\\\/#\\\/schema\\\/person\\\/4b9eab41761957db9b1bf9c418d1ef46\"},\"description\":\"P\u00e1gina Oficial del Ayuntamiento de Caudete (Albacete)\",\"breadcrumb\":{\"@id\":\"https:\\\/\\\/www.caudete.org\\\/ayuntamiento\\\/las-edm-de-atletismo-brillan-en-los-campeonatos-de-clm-de-pista-con-cristina-asensio\\\/#breadcrumb\"},\"inLanguage\":\"es\",\"potentialAction\":[{\"@type\":\"ReadAction\",\"target\":[\"https:\\\/\\\/www.caudete.org\\\/ayuntamiento\\\/las-edm-de-atletismo-brillan-en-los-campeonatos-de-clm-de-pista-con-cristina-asensio\\\/\"]}]},{\"@type\":\"ImageObject\",\"inLanguage\":\"es\",\"@id\":\"https:\\\/\\\/www.caudete.org\\\/ayuntamiento\\\/las-edm-de-atletismo-brillan-en-los-campeonatos-de-clm-de-pista-con-cristina-asensio\\\/#primaryimage\",\"url\":\"https:\\\/\\\/www.caudete.org\\\/ayuntamiento\\\/wp-content\\\/uploads\\\/2025\\\/05\\\/IMG-20250524-WA0029.jpg\",\"contentUrl\":\"https:\\\/\\\/www.caudete.org\\\/ayuntamiento\\\/wp-content\\\/uploads\\\/2025\\\/05\\\/IMG-20250524-WA0029.jpg\",\"width\":750,\"height\":1000},{\"@type\":\"BreadcrumbList\",\"@id\":\"https:\\\/\\\/www.caudete.org\\\/ayuntamiento\\\/las-edm-de-atletismo-brillan-en-los-campeonatos-de-clm-de-pista-con-cristina-asensio\\\/#breadcrumb\",\"itemListElement\":[{\"@type\":\"ListItem\",\"position\":1,\"name\":\"Inicio\",\"item\":\"https:\\\/\\\/www.caudete.org\\\/ayuntamiento\\\/\"},{\"@type\":\"ListItem\",\"position\":2,\"name\":\"Las EDM de Atletismo brillan en los Campeonatos de CLM de pista con Cristina Asensio\"}]},{\"@type\":\"WebSite\",\"@id\":\"https:\\\/\\\/www.caudete.org\\\/ayuntamiento\\\/#website\",\"url\":\"https:\\\/\\\/www.caudete.org\\\/ayuntamiento\\\/\",\"name\":\"MI Ayuntamiento de Caudete\",\"description\":\"P\u00e1gina Oficial del MI Ayuntamiento de Caudete\",\"potentialAction\":[{\"@type\":\"SearchAction\",\"target\":{\"@type\":\"EntryPoint\",\"urlTemplate\":\"https:\\\/\\\/www.caudete.org\\\/ayuntamiento\\\/?s={search_term_string}\"},\"query-input\":{\"@type\":\"PropertyValueSpecification\",\"valueRequired\":true,\"valueName\":\"search_term_string\"}}],\"inLanguage\":\"es\"},{\"@type\":\"Person\",\"@id\":\"https:\\\/\\\/www.caudete.org\\\/ayuntamiento\\\/#\\\/schema\\\/person\\\/4b9eab41761957db9b1bf9c418d1ef46\",\"name\":\"Dpto Informatica MI Ayuntamiento de Caudete\",\"image\":{\"@type\":\"ImageObject\",\"inLanguage\":\"es\",\"@id\":\"https:\\\/\\\/secure.gravatar.com\\\/avatar\\\/ac0321ee4a0a83e82a253e7b2d348ef539e2c8fe16d06b600bde04de1b364fa7?s=96&d=mm&r=g\",\"url\":\"https:\\\/\\\/secure.gravatar.com\\\/avatar\\\/ac0321ee4a0a83e82a253e7b2d348ef539e2c8fe16d06b600bde04de1b364fa7?s=96&d=mm&r=g\",\"contentUrl\":\"https:\\\/\\\/secure.gravatar.com\\\/avatar\\\/ac0321ee4a0a83e82a253e7b2d348ef539e2c8fe16d06b600bde04de1b364fa7?s=96&d=mm&r=g\",\"caption\":\"Dpto Informatica MI Ayuntamiento de Caudete\"},\"url\":\"https:\\\/\\\/www.caudete.org\\\/ayuntamiento\\\/author\\\/informatica\\\/\"}]}<\/script>\n<!-- \/ Yoast SEO plugin. -->","yoast_head_json":{"title":"Las EDM de Atletismo brillan en los Campeonatos de CLM de pista con Cristina Asensio - MI Ayuntamiento de Caudete","description":"P\u00e1gina Oficial del Ayuntamiento de Caudete (Albacete)","robots":{"index":"index","follow":"follow","max-snippet":"max-snippet:-1","max-image-preview":"max-image-preview:large","max-video-preview":"max-video-preview:-1"},"canonical":"https:\/\/www.caudete.org\/ayuntamiento\/las-edm-de-atletismo-brillan-en-los-campeonatos-de-clm-de-pista-con-cristina-asensio\/","og_locale":"es_ES","og_type":"article","og_title":"Las EDM de Atletismo brillan en los Campeonatos de CLM de pista con Cristina Asensio - MI Ayuntamiento de Caudete","og_description":"P\u00e1gina Oficial del Ayuntamiento de Caudete (Albacete)","og_url":"https:\/\/www.caudete.org\/ayuntamiento\/las-edm-de-atletismo-brillan-en-los-campeonatos-de-clm-de-pista-con-cristina-asensio\/","og_site_name":"MI Ayuntamiento de Caudete","article_publisher":"https:\/\/www.facebook.com\/ayuntamientocaudete\/","article_published_time":"2025-05-29T06:30:31+00:00","article_modified_time":"2025-05-29T06:48:39+00:00","og_image":[{"width":750,"height":1000,"url":"https:\/\/www.caudete.org\/ayuntamiento\/wp-content\/uploads\/2025\/05\/IMG-20250524-WA0029.jpg","type":"image\/jpeg"}],"author":"Dpto Informatica MI Ayuntamiento de Caudete","twitter_card":"summary_large_image","twitter_misc":{"Escrito por":"Dpto Informatica MI Ayuntamiento de Caudete","Tiempo de lectura":"5 minutos"},"schema":{"@context":"https:\/\/schema.org","@graph":[{"@type":"Article","@id":"https:\/\/www.caudete.org\/ayuntamiento\/las-edm-de-atletismo-brillan-en-los-campeonatos-de-clm-de-pista-con-cristina-asensio\/#article","isPartOf":{"@id":"https:\/\/www.caudete.org\/ayuntamiento\/las-edm-de-atletismo-brillan-en-los-campeonatos-de-clm-de-pista-con-cristina-asensio\/"},"author":{"name":"Dpto Informatica MI Ayuntamiento de Caudete","@id":"https:\/\/www.caudete.org\/ayuntamiento\/#\/schema\/person\/4b9eab41761957db9b1bf9c418d1ef46"},"headline":"Las EDM de Atletismo brillan en los Campeonatos de CLM de pista con Cristina Asensio","datePublished":"2025-05-29T06:30:31+00:00","dateModified":"2025-05-29T06:48:39+00:00","mainEntityOfPage":{"@id":"https:\/\/www.caudete.org\/ayuntamiento\/las-edm-de-atletismo-brillan-en-los-campeonatos-de-clm-de-pista-con-cristina-asensio\/"},"wordCount":607,"image":{"@id":"https:\/\/www.caudete.org\/ayuntamiento\/las-edm-de-atletismo-brillan-en-los-campeonatos-de-clm-de-pista-con-cristina-asensio\/#primaryimage"},"thumbnailUrl":"https:\/\/www.caudete.org\/ayuntamiento\/wp-content\/uploads\/2025\/05\/IMG-20250524-WA0029.jpg","articleSection":["Deportes"],"inLanguage":"es"},{"@type":"WebPage","@id":"https:\/\/www.caudete.org\/ayuntamiento\/las-edm-de-atletismo-brillan-en-los-campeonatos-de-clm-de-pista-con-cristina-asensio\/","url":"https:\/\/www.caudete.org\/ayuntamiento\/las-edm-de-atletismo-brillan-en-los-campeonatos-de-clm-de-pista-con-cristina-asensio\/","name":"Las EDM de Atletismo brillan en los Campeonatos de CLM de pista con Cristina Asensio - MI Ayuntamiento de Caudete","isPartOf":{"@id":"https:\/\/www.caudete.org\/ayuntamiento\/#website"},"primaryImageOfPage":{"@id":"https:\/\/www.caudete.org\/ayuntamiento\/las-edm-de-atletismo-brillan-en-los-campeonatos-de-clm-de-pista-con-cristina-asensio\/#primaryimage"},"image":{"@id":"https:\/\/www.caudete.org\/ayuntamiento\/las-edm-de-atletismo-brillan-en-los-campeonatos-de-clm-de-pista-con-cristina-asensio\/#primaryimage"},"thumbnailUrl":"https:\/\/www.caudete.org\/ayuntamiento\/wp-content\/uploads\/2025\/05\/IMG-20250524-WA0029.jpg","datePublished":"2025-05-29T06:30:31+00:00","dateModified":"2025-05-29T06:48:39+00:00","author":{"@id":"https:\/\/www.caudete.org\/ayuntamiento\/#\/schema\/person\/4b9eab41761957db9b1bf9c418d1ef46"},"description":"P\u00e1gina Oficial del Ayuntamiento de Caudete (Albacete)","breadcrumb":{"@id":"https:\/\/www.caudete.org\/ayuntamiento\/las-edm-de-atletismo-brillan-en-los-campeonatos-de-clm-de-pista-con-cristina-asensio\/#breadcrumb"},"inLanguage":"es","potentialAction":[{"@type":"ReadAction","target":["https:\/\/www.caudete.org\/ayuntamiento\/las-edm-de-atletismo-brillan-en-los-campeonatos-de-clm-de-pista-con-cristina-asensio\/"]}]},{"@type":"ImageObject","inLanguage":"es","@id":"https:\/\/www.caudete.org\/ayuntamiento\/las-edm-de-atletismo-brillan-en-los-campeonatos-de-clm-de-pista-con-cristina-asensio\/#primaryimage","url":"https:\/\/www.caudete.org\/ayuntamiento\/wp-content\/uploads\/2025\/05\/IMG-20250524-WA0029.jpg","contentUrl":"https:\/\/www.caudete.org\/ayuntamiento\/wp-content\/uploads\/2025\/05\/IMG-20250524-WA0029.jpg","width":750,"height":1000},{"@type":"BreadcrumbList","@id":"https:\/\/www.caudete.org\/ayuntamiento\/las-edm-de-atletismo-brillan-en-los-campeonatos-de-clm-de-pista-con-cristina-asensio\/#breadcrumb","itemListElement":[{"@type":"ListItem","position":1,"name":"Inicio","item":"https:\/\/www.caudete.org\/ayuntamiento\/"},{"@type":"ListItem","position":2,"name":"Las EDM de Atletismo brillan en los Campeonatos de CLM de pista con Cristina Asensio"}]},{"@type":"WebSite","@id":"https:\/\/www.caudete.org\/ayuntamiento\/#website","url":"https:\/\/www.caudete.org\/ayuntamiento\/","name":"MI Ayuntamiento de Caudete","description":"P\u00e1gina Oficial del MI Ayuntamiento de Caudete","potentialAction":[{"@type":"SearchAction","target":{"@type":"EntryPoint","urlTemplate":"https:\/\/www.caudete.org\/ayuntamiento\/?s={search_term_string}"},"query-input":{"@type":"PropertyValueSpecification","valueRequired":true,"valueName":"search_term_string"}}],"inLanguage":"es"},{"@type":"Person","@id":"https:\/\/www.caudete.org\/ayuntamiento\/#\/schema\/person\/4b9eab41761957db9b1bf9c418d1ef46","name":"Dpto Informatica MI Ayuntamiento de Caudete","image":{"@type":"ImageObject","inLanguage":"es","@id":"https:\/\/secure.gravatar.com\/avatar\/ac0321ee4a0a83e82a253e7b2d348ef539e2c8fe16d06b600bde04de1b364fa7?s=96&d=mm&r=g","url":"https:\/\/secure.gravatar.com\/avatar\/ac0321ee4a0a83e82a253e7b2d348ef539e2c8fe16d06b600bde04de1b364fa7?s=96&d=mm&r=g","contentUrl":"https:\/\/secure.gravatar.com\/avatar\/ac0321ee4a0a83e82a253e7b2d348ef539e2c8fe16d06b600bde04de1b364fa7?s=96&d=mm&r=g","caption":"Dpto Informatica MI Ayuntamiento de Caudete"},"url":"https:\/\/www.caudete.org\/ayuntamiento\/author\/informatica\/"}]}},"_links":{"self":[{"href":"https:\/\/www.caudete.org\/ayuntamiento\/wp-json\/wp\/v2\/posts\/28841","targetHints":{"allow":["GET"]}}],"collection":[{"href":"https:\/\/www.caudete.org\/ayuntamiento\/wp-json\/wp\/v2\/posts"}],"about":[{"href":"https:\/\/www.caudete.org\/ayuntamiento\/wp-json\/wp\/v2\/types\/post"}],"author":[{"embeddable":true,"href":"https:\/\/www.caudete.org\/ayuntamiento\/wp-json\/wp\/v2\/users\/5"}],"replies":[{"embeddable":true,"href":"https:\/\/www.caudete.org\/ayuntamiento\/wp-json\/wp\/v2\/comments?post=28841"}],"version-history":[{"count":5,"href":"https:\/\/www.caudete.org\/ayuntamiento\/wp-json\/wp\/v2\/posts\/28841\/revisions"}],"predecessor-version":[{"id":28854,"href":"https:\/\/www.caudete.org\/ayuntamiento\/wp-json\/wp\/v2\/posts\/28841\/revisions\/28854"}],"wp:featuredmedia":[{"embeddable":true,"href":"https:\/\/www.caudete.org\/ayuntamiento\/wp-json\/wp\/v2\/media\/28850"}],"wp:attachment":[{"href":"https:\/\/www.caudete.org\/ayuntamiento\/wp-json\/wp\/v2\/media?parent=28841"}],"wp:term":[{"taxonomy":"category","embeddable":true,"href":"https:\/\/www.caudete.org\/ayuntamiento\/wp-json\/wp\/v2\/categories?post=28841"},{"taxonomy":"post_tag","embeddable":true,"href":"https:\/\/www.caudete.org\/ayuntamiento\/wp-json\/wp\/v2\/tags?post=28841"}],"curies":[{"name":"wp","href":"https:\/\/api.w.org\/{rel}","templated":true}]}}