{"id":28858,"date":"2025-05-29T09:10:59","date_gmt":"2025-05-29T07:10:59","guid":{"rendered":"https:\/\/www.caudete.org\/ayuntamiento\/?p=28858"},"modified":"2025-05-29T09:57:30","modified_gmt":"2025-05-29T07:57:30","slug":"la-fuente-del-mercado-incorpora-una-replica-de-la-farola-de-forja-original-culminando-el-proyecto-iniciado","status":"publish","type":"post","link":"https:\/\/www.caudete.org\/ayuntamiento\/la-fuente-del-mercado-incorpora-una-replica-de-la-farola-de-forja-original-culminando-el-proyecto-iniciado\/","title":{"rendered":"La fuente del Mercado incorpora una r\u00e9plica de la farola de forja original, culminando el proyecto iniciado"},"content":{"rendered":"<p><a href=\"https:\/\/www.caudete.org\/ayuntamiento\/wp-content\/uploads\/2025\/05\/WhatsApp-Image-2025-05-28-at-18.48.47.jpeg\" rel='prettyPhoto'><img fetchpriority=\"high\" decoding=\"async\" class=\"alignnone wp-image-28859 size-full\" src=\"https:\/\/www.caudete.org\/ayuntamiento\/wp-content\/uploads\/2025\/05\/WhatsApp-Image-2025-05-28-at-18.48.47.jpeg\" alt=\"\" width=\"1600\" height=\"1200\" srcset=\"https:\/\/www.caudete.org\/ayuntamiento\/wp-content\/uploads\/2025\/05\/WhatsApp-Image-2025-05-28-at-18.48.47.jpeg 1600w, https:\/\/www.caudete.org\/ayuntamiento\/wp-content\/uploads\/2025\/05\/WhatsApp-Image-2025-05-28-at-18.48.47-533x400.jpeg 533w, https:\/\/www.caudete.org\/ayuntamiento\/wp-content\/uploads\/2025\/05\/WhatsApp-Image-2025-05-28-at-18.48.47-1067x800.jpeg 1067w, https:\/\/www.caudete.org\/ayuntamiento\/wp-content\/uploads\/2025\/05\/WhatsApp-Image-2025-05-28-at-18.48.47-768x576.jpeg 768w, https:\/\/www.caudete.org\/ayuntamiento\/wp-content\/uploads\/2025\/05\/WhatsApp-Image-2025-05-28-at-18.48.47-1536x1152.jpeg 1536w\" sizes=\"(max-width: 1600px) 100vw, 1600px\" \/><\/a><\/p>\n<p style=\"text-align: justify;\">El Concejal de Patrimonio Hist\u00f3rico, Diego Cuenca, ha presentado la culminaci\u00f3n de la fuente del Mercado, recuperada a imagen y semejanza de la original en Abril de 2023.<\/p>\n<p style=\"text-align: justify;\">En esta ocasi\u00f3n, la acci\u00f3n ha consistido en la instalaci\u00f3n de la farola de forja, ubicada en la pilastra central, realizando una r\u00e9plica casi id\u00e9ntica de la original, la cual se encuentra en las instalaciones de Sierra Oliva. Ha sido realizada por la empresa local Talleres Ima, S.L., y colocada junto a operarios municipales en la ma\u00f1ana de ayer.<\/p>\n<p style=\"text-align: justify;\">Con ello, este elemento recuperado de la historia local, para ampliar el abanico patrimonial del municipio, pone fin a una de las acciones contempladas en el Plan Tur\u00edstico Municipal aprobado en marzo de 2021, medida que adem\u00e1s anunci\u00f3 en ese momento el propio Edil.<\/p>\n<p>\u00a0<a href=\"https:\/\/www.caudete.org\/ayuntamiento\/wp-content\/uploads\/2025\/05\/WhatsApp-Image-2025-05-28-at-18.49.07.jpeg\" rel='prettyPhoto'><img decoding=\"async\" class=\"alignnone wp-image-28860 size-full\" src=\"https:\/\/www.caudete.org\/ayuntamiento\/wp-content\/uploads\/2025\/05\/WhatsApp-Image-2025-05-28-at-18.49.07-e1748451982484.jpeg\" alt=\"\" width=\"1200\" height=\"1510\" srcset=\"https:\/\/www.caudete.org\/ayuntamiento\/wp-content\/uploads\/2025\/05\/WhatsApp-Image-2025-05-28-at-18.49.07-e1748451982484.jpeg 1200w, https:\/\/www.caudete.org\/ayuntamiento\/wp-content\/uploads\/2025\/05\/WhatsApp-Image-2025-05-28-at-18.49.07-e1748451982484-318x400.jpeg 318w, https:\/\/www.caudete.org\/ayuntamiento\/wp-content\/uploads\/2025\/05\/WhatsApp-Image-2025-05-28-at-18.49.07-e1748451982484-636x800.jpeg 636w, https:\/\/www.caudete.org\/ayuntamiento\/wp-content\/uploads\/2025\/05\/WhatsApp-Image-2025-05-28-at-18.49.07-e1748451982484-768x966.jpeg 768w\" sizes=\"(max-width: 1200px) 100vw, 1200px\" \/><\/a><\/p>\n","protected":false},"excerpt":{"rendered":"<p>El Concejal de Patrimonio Hist\u00f3rico, Diego Cuenca, ha presentado la culminaci\u00f3n de la fuente del Mercado, recuperada a imagen y semejanza de la original en Abril de 2023. En esta ocasi\u00f3n, la acci\u00f3n ha consistido en la instalaci\u00f3n de la farola de forja, ubicada en la pilastra central, realizando una r\u00e9plica casi id\u00e9ntica de la &hellip;<\/p>\n","protected":false},"author":3,"featured_media":28859,"comment_status":"closed","ping_status":"open","sticky":false,"template":"","format":"standard","meta":{"ngg_post_thumbnail":0,"footnotes":""},"categories":[45],"tags":[],"class_list":["post-28858","post","type-post","status-publish","format-standard","has-post-thumbnail","hentry","category-patrimonio"],"yoast_head":"<!-- This site is optimized with the Yoast SEO plugin v27.5 - https:\/\/yoast.com\/product\/yoast-seo-wordpress\/ -->\n<title>La fuente del Mercado incorpora una r\u00e9plica de la farola de forja original, culminando el proyecto iniciado - MI Ayuntamiento de Caudete<\/title>\n<meta name=\"description\" content=\"P\u00e1gina Oficial del Ayuntamiento de Caudete (Albacete)\" \/>\n<meta name=\"robots\" content=\"index, follow, max-snippet:-1, max-image-preview:large, max-video-preview:-1\" \/>\n<link rel=\"canonical\" href=\"https:\/\/www.caudete.org\/ayuntamiento\/la-fuente-del-mercado-incorpora-una-replica-de-la-farola-de-forja-original-culminando-el-proyecto-iniciado\/\" \/>\n<meta property=\"og:locale\" content=\"es_ES\" \/>\n<meta property=\"og:type\" content=\"article\" \/>\n<meta property=\"og:title\" content=\"La fuente del Mercado incorpora una r\u00e9plica de la farola de forja original, culminando el proyecto iniciado - MI Ayuntamiento de Caudete\" \/>\n<meta property=\"og:description\" content=\"P\u00e1gina Oficial del Ayuntamiento de Caudete (Albacete)\" \/>\n<meta property=\"og:url\" content=\"https:\/\/www.caudete.org\/ayuntamiento\/la-fuente-del-mercado-incorpora-una-replica-de-la-farola-de-forja-original-culminando-el-proyecto-iniciado\/\" \/>\n<meta property=\"og:site_name\" content=\"MI Ayuntamiento de Caudete\" \/>\n<meta property=\"article:publisher\" content=\"https:\/\/www.facebook.com\/ayuntamientocaudete\/\" \/>\n<meta property=\"article:published_time\" content=\"2025-05-29T07:10:59+00:00\" \/>\n<meta property=\"article:modified_time\" content=\"2025-05-29T07:57:30+00:00\" \/>\n<meta property=\"og:image\" content=\"https:\/\/www.caudete.org\/ayuntamiento\/wp-content\/uploads\/2025\/05\/WhatsApp-Image-2025-05-28-at-18.48.47.jpeg\" \/>\n\t<meta property=\"og:image:width\" content=\"1600\" \/>\n\t<meta property=\"og:image:height\" content=\"1200\" \/>\n\t<meta property=\"og:image:type\" content=\"image\/jpeg\" \/>\n<meta name=\"author\" content=\"alcalde\" \/>\n<meta name=\"twitter:card\" content=\"summary_large_image\" \/>\n<meta name=\"twitter:label1\" content=\"Escrito por\" \/>\n\t<meta name=\"twitter:data1\" content=\"alcalde\" \/>\n\t<meta name=\"twitter:label2\" content=\"Tiempo de lectura\" \/>\n\t<meta name=\"twitter:data2\" content=\"2 minutos\" \/>\n<script type=\"application\/ld+json\" class=\"yoast-schema-graph\">{\"@context\":\"https:\\\/\\\/schema.org\",\"@graph\":[{\"@type\":\"Article\",\"@id\":\"https:\\\/\\\/www.caudete.org\\\/ayuntamiento\\\/la-fuente-del-mercado-incorpora-una-replica-de-la-farola-de-forja-original-culminando-el-proyecto-iniciado\\\/#article\",\"isPartOf\":{\"@id\":\"https:\\\/\\\/www.caudete.org\\\/ayuntamiento\\\/la-fuente-del-mercado-incorpora-una-replica-de-la-farola-de-forja-original-culminando-el-proyecto-iniciado\\\/\"},\"author\":{\"name\":\"alcalde\",\"@id\":\"https:\\\/\\\/www.caudete.org\\\/ayuntamiento\\\/#\\\/schema\\\/person\\\/cc646da9133078ee4d8dd47457947253\"},\"headline\":\"La fuente del Mercado incorpora una r\u00e9plica de la farola de forja original, culminando el proyecto iniciado\",\"datePublished\":\"2025-05-29T07:10:59+00:00\",\"dateModified\":\"2025-05-29T07:57:30+00:00\",\"mainEntityOfPage\":{\"@id\":\"https:\\\/\\\/www.caudete.org\\\/ayuntamiento\\\/la-fuente-del-mercado-incorpora-una-replica-de-la-farola-de-forja-original-culminando-el-proyecto-iniciado\\\/\"},\"wordCount\":158,\"image\":{\"@id\":\"https:\\\/\\\/www.caudete.org\\\/ayuntamiento\\\/la-fuente-del-mercado-incorpora-una-replica-de-la-farola-de-forja-original-culminando-el-proyecto-iniciado\\\/#primaryimage\"},\"thumbnailUrl\":\"https:\\\/\\\/www.caudete.org\\\/ayuntamiento\\\/wp-content\\\/uploads\\\/2025\\\/05\\\/WhatsApp-Image-2025-05-28-at-18.48.47.jpeg\",\"articleSection\":[\"Patrimonio\"],\"inLanguage\":\"es\"},{\"@type\":\"WebPage\",\"@id\":\"https:\\\/\\\/www.caudete.org\\\/ayuntamiento\\\/la-fuente-del-mercado-incorpora-una-replica-de-la-farola-de-forja-original-culminando-el-proyecto-iniciado\\\/\",\"url\":\"https:\\\/\\\/www.caudete.org\\\/ayuntamiento\\\/la-fuente-del-mercado-incorpora-una-replica-de-la-farola-de-forja-original-culminando-el-proyecto-iniciado\\\/\",\"name\":\"La fuente del Mercado incorpora una r\u00e9plica de la farola de forja original, culminando el proyecto iniciado - MI Ayuntamiento de Caudete\",\"isPartOf\":{\"@id\":\"https:\\\/\\\/www.caudete.org\\\/ayuntamiento\\\/#website\"},\"primaryImageOfPage\":{\"@id\":\"https:\\\/\\\/www.caudete.org\\\/ayuntamiento\\\/la-fuente-del-mercado-incorpora-una-replica-de-la-farola-de-forja-original-culminando-el-proyecto-iniciado\\\/#primaryimage\"},\"image\":{\"@id\":\"https:\\\/\\\/www.caudete.org\\\/ayuntamiento\\\/la-fuente-del-mercado-incorpora-una-replica-de-la-farola-de-forja-original-culminando-el-proyecto-iniciado\\\/#primaryimage\"},\"thumbnailUrl\":\"https:\\\/\\\/www.caudete.org\\\/ayuntamiento\\\/wp-content\\\/uploads\\\/2025\\\/05\\\/WhatsApp-Image-2025-05-28-at-18.48.47.jpeg\",\"datePublished\":\"2025-05-29T07:10:59+00:00\",\"dateModified\":\"2025-05-29T07:57:30+00:00\",\"author\":{\"@id\":\"https:\\\/\\\/www.caudete.org\\\/ayuntamiento\\\/#\\\/schema\\\/person\\\/cc646da9133078ee4d8dd47457947253\"},\"description\":\"P\u00e1gina Oficial del Ayuntamiento de Caudete (Albacete)\",\"breadcrumb\":{\"@id\":\"https:\\\/\\\/www.caudete.org\\\/ayuntamiento\\\/la-fuente-del-mercado-incorpora-una-replica-de-la-farola-de-forja-original-culminando-el-proyecto-iniciado\\\/#breadcrumb\"},\"inLanguage\":\"es\",\"potentialAction\":[{\"@type\":\"ReadAction\",\"target\":[\"https:\\\/\\\/www.caudete.org\\\/ayuntamiento\\\/la-fuente-del-mercado-incorpora-una-replica-de-la-farola-de-forja-original-culminando-el-proyecto-iniciado\\\/\"]}]},{\"@type\":\"ImageObject\",\"inLanguage\":\"es\",\"@id\":\"https:\\\/\\\/www.caudete.org\\\/ayuntamiento\\\/la-fuente-del-mercado-incorpora-una-replica-de-la-farola-de-forja-original-culminando-el-proyecto-iniciado\\\/#primaryimage\",\"url\":\"https:\\\/\\\/www.caudete.org\\\/ayuntamiento\\\/wp-content\\\/uploads\\\/2025\\\/05\\\/WhatsApp-Image-2025-05-28-at-18.48.47.jpeg\",\"contentUrl\":\"https:\\\/\\\/www.caudete.org\\\/ayuntamiento\\\/wp-content\\\/uploads\\\/2025\\\/05\\\/WhatsApp-Image-2025-05-28-at-18.48.47.jpeg\",\"width\":1600,\"height\":1200},{\"@type\":\"BreadcrumbList\",\"@id\":\"https:\\\/\\\/www.caudete.org\\\/ayuntamiento\\\/la-fuente-del-mercado-incorpora-una-replica-de-la-farola-de-forja-original-culminando-el-proyecto-iniciado\\\/#breadcrumb\",\"itemListElement\":[{\"@type\":\"ListItem\",\"position\":1,\"name\":\"Inicio\",\"item\":\"https:\\\/\\\/www.caudete.org\\\/ayuntamiento\\\/\"},{\"@type\":\"ListItem\",\"position\":2,\"name\":\"La fuente del Mercado incorpora una r\u00e9plica de la farola de forja original, culminando el proyecto iniciado\"}]},{\"@type\":\"WebSite\",\"@id\":\"https:\\\/\\\/www.caudete.org\\\/ayuntamiento\\\/#website\",\"url\":\"https:\\\/\\\/www.caudete.org\\\/ayuntamiento\\\/\",\"name\":\"MI Ayuntamiento de Caudete\",\"description\":\"P\u00e1gina Oficial del MI Ayuntamiento de Caudete\",\"potentialAction\":[{\"@type\":\"SearchAction\",\"target\":{\"@type\":\"EntryPoint\",\"urlTemplate\":\"https:\\\/\\\/www.caudete.org\\\/ayuntamiento\\\/?s={search_term_string}\"},\"query-input\":{\"@type\":\"PropertyValueSpecification\",\"valueRequired\":true,\"valueName\":\"search_term_string\"}}],\"inLanguage\":\"es\"},{\"@type\":\"Person\",\"@id\":\"https:\\\/\\\/www.caudete.org\\\/ayuntamiento\\\/#\\\/schema\\\/person\\\/cc646da9133078ee4d8dd47457947253\",\"name\":\"alcalde\",\"image\":{\"@type\":\"ImageObject\",\"inLanguage\":\"es\",\"@id\":\"https:\\\/\\\/secure.gravatar.com\\\/avatar\\\/84a817ba065b29ff08d666b215a215f5c79186a645ccb25b14a663d48a130f77?s=96&d=mm&r=g\",\"url\":\"https:\\\/\\\/secure.gravatar.com\\\/avatar\\\/84a817ba065b29ff08d666b215a215f5c79186a645ccb25b14a663d48a130f77?s=96&d=mm&r=g\",\"contentUrl\":\"https:\\\/\\\/secure.gravatar.com\\\/avatar\\\/84a817ba065b29ff08d666b215a215f5c79186a645ccb25b14a663d48a130f77?s=96&d=mm&r=g\",\"caption\":\"alcalde\"},\"url\":\"https:\\\/\\\/www.caudete.org\\\/ayuntamiento\\\/author\\\/alcalde\\\/\"}]}<\/script>\n<!-- \/ Yoast SEO plugin. -->","yoast_head_json":{"title":"La fuente del Mercado incorpora una r\u00e9plica de la farola de forja original, culminando el proyecto iniciado - MI Ayuntamiento de Caudete","description":"P\u00e1gina Oficial del Ayuntamiento de Caudete (Albacete)","robots":{"index":"index","follow":"follow","max-snippet":"max-snippet:-1","max-image-preview":"max-image-preview:large","max-video-preview":"max-video-preview:-1"},"canonical":"https:\/\/www.caudete.org\/ayuntamiento\/la-fuente-del-mercado-incorpora-una-replica-de-la-farola-de-forja-original-culminando-el-proyecto-iniciado\/","og_locale":"es_ES","og_type":"article","og_title":"La fuente del Mercado incorpora una r\u00e9plica de la farola de forja original, culminando el proyecto iniciado - MI Ayuntamiento de Caudete","og_description":"P\u00e1gina Oficial del Ayuntamiento de Caudete (Albacete)","og_url":"https:\/\/www.caudete.org\/ayuntamiento\/la-fuente-del-mercado-incorpora-una-replica-de-la-farola-de-forja-original-culminando-el-proyecto-iniciado\/","og_site_name":"MI Ayuntamiento de Caudete","article_publisher":"https:\/\/www.facebook.com\/ayuntamientocaudete\/","article_published_time":"2025-05-29T07:10:59+00:00","article_modified_time":"2025-05-29T07:57:30+00:00","og_image":[{"width":1600,"height":1200,"url":"https:\/\/www.caudete.org\/ayuntamiento\/wp-content\/uploads\/2025\/05\/WhatsApp-Image-2025-05-28-at-18.48.47.jpeg","type":"image\/jpeg"}],"author":"alcalde","twitter_card":"summary_large_image","twitter_misc":{"Escrito por":"alcalde","Tiempo de lectura":"2 minutos"},"schema":{"@context":"https:\/\/schema.org","@graph":[{"@type":"Article","@id":"https:\/\/www.caudete.org\/ayuntamiento\/la-fuente-del-mercado-incorpora-una-replica-de-la-farola-de-forja-original-culminando-el-proyecto-iniciado\/#article","isPartOf":{"@id":"https:\/\/www.caudete.org\/ayuntamiento\/la-fuente-del-mercado-incorpora-una-replica-de-la-farola-de-forja-original-culminando-el-proyecto-iniciado\/"},"author":{"name":"alcalde","@id":"https:\/\/www.caudete.org\/ayuntamiento\/#\/schema\/person\/cc646da9133078ee4d8dd47457947253"},"headline":"La fuente del Mercado incorpora una r\u00e9plica de la farola de forja original, culminando el proyecto iniciado","datePublished":"2025-05-29T07:10:59+00:00","dateModified":"2025-05-29T07:57:30+00:00","mainEntityOfPage":{"@id":"https:\/\/www.caudete.org\/ayuntamiento\/la-fuente-del-mercado-incorpora-una-replica-de-la-farola-de-forja-original-culminando-el-proyecto-iniciado\/"},"wordCount":158,"image":{"@id":"https:\/\/www.caudete.org\/ayuntamiento\/la-fuente-del-mercado-incorpora-una-replica-de-la-farola-de-forja-original-culminando-el-proyecto-iniciado\/#primaryimage"},"thumbnailUrl":"https:\/\/www.caudete.org\/ayuntamiento\/wp-content\/uploads\/2025\/05\/WhatsApp-Image-2025-05-28-at-18.48.47.jpeg","articleSection":["Patrimonio"],"inLanguage":"es"},{"@type":"WebPage","@id":"https:\/\/www.caudete.org\/ayuntamiento\/la-fuente-del-mercado-incorpora-una-replica-de-la-farola-de-forja-original-culminando-el-proyecto-iniciado\/","url":"https:\/\/www.caudete.org\/ayuntamiento\/la-fuente-del-mercado-incorpora-una-replica-de-la-farola-de-forja-original-culminando-el-proyecto-iniciado\/","name":"La fuente del Mercado incorpora una r\u00e9plica de la farola de forja original, culminando el proyecto iniciado - MI Ayuntamiento de Caudete","isPartOf":{"@id":"https:\/\/www.caudete.org\/ayuntamiento\/#website"},"primaryImageOfPage":{"@id":"https:\/\/www.caudete.org\/ayuntamiento\/la-fuente-del-mercado-incorpora-una-replica-de-la-farola-de-forja-original-culminando-el-proyecto-iniciado\/#primaryimage"},"image":{"@id":"https:\/\/www.caudete.org\/ayuntamiento\/la-fuente-del-mercado-incorpora-una-replica-de-la-farola-de-forja-original-culminando-el-proyecto-iniciado\/#primaryimage"},"thumbnailUrl":"https:\/\/www.caudete.org\/ayuntamiento\/wp-content\/uploads\/2025\/05\/WhatsApp-Image-2025-05-28-at-18.48.47.jpeg","datePublished":"2025-05-29T07:10:59+00:00","dateModified":"2025-05-29T07:57:30+00:00","author":{"@id":"https:\/\/www.caudete.org\/ayuntamiento\/#\/schema\/person\/cc646da9133078ee4d8dd47457947253"},"description":"P\u00e1gina Oficial del Ayuntamiento de Caudete (Albacete)","breadcrumb":{"@id":"https:\/\/www.caudete.org\/ayuntamiento\/la-fuente-del-mercado-incorpora-una-replica-de-la-farola-de-forja-original-culminando-el-proyecto-iniciado\/#breadcrumb"},"inLanguage":"es","potentialAction":[{"@type":"ReadAction","target":["https:\/\/www.caudete.org\/ayuntamiento\/la-fuente-del-mercado-incorpora-una-replica-de-la-farola-de-forja-original-culminando-el-proyecto-iniciado\/"]}]},{"@type":"ImageObject","inLanguage":"es","@id":"https:\/\/www.caudete.org\/ayuntamiento\/la-fuente-del-mercado-incorpora-una-replica-de-la-farola-de-forja-original-culminando-el-proyecto-iniciado\/#primaryimage","url":"https:\/\/www.caudete.org\/ayuntamiento\/wp-content\/uploads\/2025\/05\/WhatsApp-Image-2025-05-28-at-18.48.47.jpeg","contentUrl":"https:\/\/www.caudete.org\/ayuntamiento\/wp-content\/uploads\/2025\/05\/WhatsApp-Image-2025-05-28-at-18.48.47.jpeg","width":1600,"height":1200},{"@type":"BreadcrumbList","@id":"https:\/\/www.caudete.org\/ayuntamiento\/la-fuente-del-mercado-incorpora-una-replica-de-la-farola-de-forja-original-culminando-el-proyecto-iniciado\/#breadcrumb","itemListElement":[{"@type":"ListItem","position":1,"name":"Inicio","item":"https:\/\/www.caudete.org\/ayuntamiento\/"},{"@type":"ListItem","position":2,"name":"La fuente del Mercado incorpora una r\u00e9plica de la farola de forja original, culminando el proyecto iniciado"}]},{"@type":"WebSite","@id":"https:\/\/www.caudete.org\/ayuntamiento\/#website","url":"https:\/\/www.caudete.org\/ayuntamiento\/","name":"MI Ayuntamiento de Caudete","description":"P\u00e1gina Oficial del MI Ayuntamiento de Caudete","potentialAction":[{"@type":"SearchAction","target":{"@type":"EntryPoint","urlTemplate":"https:\/\/www.caudete.org\/ayuntamiento\/?s={search_term_string}"},"query-input":{"@type":"PropertyValueSpecification","valueRequired":true,"valueName":"search_term_string"}}],"inLanguage":"es"},{"@type":"Person","@id":"https:\/\/www.caudete.org\/ayuntamiento\/#\/schema\/person\/cc646da9133078ee4d8dd47457947253","name":"alcalde","image":{"@type":"ImageObject","inLanguage":"es","@id":"https:\/\/secure.gravatar.com\/avatar\/84a817ba065b29ff08d666b215a215f5c79186a645ccb25b14a663d48a130f77?s=96&d=mm&r=g","url":"https:\/\/secure.gravatar.com\/avatar\/84a817ba065b29ff08d666b215a215f5c79186a645ccb25b14a663d48a130f77?s=96&d=mm&r=g","contentUrl":"https:\/\/secure.gravatar.com\/avatar\/84a817ba065b29ff08d666b215a215f5c79186a645ccb25b14a663d48a130f77?s=96&d=mm&r=g","caption":"alcalde"},"url":"https:\/\/www.caudete.org\/ayuntamiento\/author\/alcalde\/"}]}},"_links":{"self":[{"href":"https:\/\/www.caudete.org\/ayuntamiento\/wp-json\/wp\/v2\/posts\/28858","targetHints":{"allow":["GET"]}}],"collection":[{"href":"https:\/\/www.caudete.org\/ayuntamiento\/wp-json\/wp\/v2\/posts"}],"about":[{"href":"https:\/\/www.caudete.org\/ayuntamiento\/wp-json\/wp\/v2\/types\/post"}],"author":[{"embeddable":true,"href":"https:\/\/www.caudete.org\/ayuntamiento\/wp-json\/wp\/v2\/users\/3"}],"replies":[{"embeddable":true,"href":"https:\/\/www.caudete.org\/ayuntamiento\/wp-json\/wp\/v2\/comments?post=28858"}],"version-history":[{"count":1,"href":"https:\/\/www.caudete.org\/ayuntamiento\/wp-json\/wp\/v2\/posts\/28858\/revisions"}],"predecessor-version":[{"id":28861,"href":"https:\/\/www.caudete.org\/ayuntamiento\/wp-json\/wp\/v2\/posts\/28858\/revisions\/28861"}],"wp:featuredmedia":[{"embeddable":true,"href":"https:\/\/www.caudete.org\/ayuntamiento\/wp-json\/wp\/v2\/media\/28859"}],"wp:attachment":[{"href":"https:\/\/www.caudete.org\/ayuntamiento\/wp-json\/wp\/v2\/media?parent=28858"}],"wp:term":[{"taxonomy":"category","embeddable":true,"href":"https:\/\/www.caudete.org\/ayuntamiento\/wp-json\/wp\/v2\/categories?post=28858"},{"taxonomy":"post_tag","embeddable":true,"href":"https:\/\/www.caudete.org\/ayuntamiento\/wp-json\/wp\/v2\/tags?post=28858"}],"curies":[{"name":"wp","href":"https:\/\/api.w.org\/{rel}","templated":true}]}}