{"id":28865,"date":"2025-06-04T09:01:04","date_gmt":"2025-06-04T07:01:04","guid":{"rendered":"https:\/\/www.caudete.org\/ayuntamiento\/?p=28865"},"modified":"2025-06-04T11:17:40","modified_gmt":"2025-06-04T09:17:40","slug":"el-molino-de-abajo-acogera-a-partir-del-6-de-junio-una-exposicion-temporal-del-patrimonio-natural","status":"publish","type":"post","link":"https:\/\/www.caudete.org\/ayuntamiento\/el-molino-de-abajo-acogera-a-partir-del-6-de-junio-una-exposicion-temporal-del-patrimonio-natural\/","title":{"rendered":"El Molino de Abajo acoger\u00e1 a partir del 6 de Junio una exposici\u00f3n temporal de la patrimonio natural"},"content":{"rendered":"<p><strong>Caudete acoge una exposici\u00f3n de fotograf\u00edas sobre su patrimonio natural organizada por Discite Natura y la Concejal\u00eda de Turismo<\/strong><\/p>\n<p style=\"text-align: justify;\">Diego Cuenca, Concejal de Turismo ha presentado la exposici\u00f3n fotogr\u00e1fica que acoger\u00e1 el Molino de Abajo gracias a la colaboraci\u00f3n de Discite Natura.<\/p>\n<p style=\"text-align: justify;\">La riqueza natural del entorno de Caudete ser\u00e1 la protagonista de la exposici\u00f3n fotogr\u00e1fica organizada por la Asociaci\u00f3n Discite Natura, en colaboraci\u00f3n con la Concejal\u00eda de Turismo del Ayuntamiento de Caudete. La jornada, titulada <em>\u201c<strong>Biodiversidad de Caudete<\/strong>\u201d<\/em>, consistir\u00e1 en una exposici\u00f3n de fotograf\u00edas de algunas de las especies de animales y plantas m\u00e1s representativas de Caudete, con el objetivo de acercar a la ciudadan\u00eda la biodiversidad del municipio y concienciar sobre su conservaci\u00f3n.<\/p>\n<p style=\"text-align: justify;\">Discite Natura es una agrupaci\u00f3n sin \u00e1nimo de lucro dedicada al estudio y divulgaci\u00f3n de los aspectos naturales de Caudete. Los miembros fundadores de la asociaci\u00f3n,\u00a0 Alejandro Carpena, Pablo Escudero y Francisco Javier Carpena, son los autores de las im\u00e1genes y los encargados de la presentaci\u00f3n de la jornada.<\/p>\n<p style=\"text-align: justify;\">La exposici\u00f3n tendr\u00e1 lugar en el Molino de Abajo. La jornada comenzar\u00e1 el viernes 6 de junio a las 19:00 h con una introducci\u00f3n sobre la naturaleza de Caudete, destacando la biodiversidad que alberga y dando a conocer la importancia de proteger y poner en valor nuestro patrimonio natural. A continuaci\u00f3n, se realizar\u00e1 una visita guiada por la exposici\u00f3n, comentando diferentes aspectos de las especies representadas por parte de los miembros de la Asociaci\u00f3n Discite Natura.<\/p>\n<p style=\"text-align: justify;\">El espacio permanecer\u00e1 abierto al p\u00fablico durante el s\u00e1bado 7 de junio con los miembros de Discite Natura presentes para dar a conocer la exposici\u00f3n fotogr\u00e1fica y compartir diferentes aspectos sobre la naturaleza de Caudete.<\/p>\n<p style=\"text-align: justify;\">Para ello, se deber\u00e1n de apuntar en el siguiente correo: turismo@caudete.org<\/p>\n<p style=\"text-align: justify;\">Los horarios ser\u00e1n los siguientes:<\/p>\n<p style=\"text-align: justify;\">Viernes 6 de junio de 19:00 h a 20.30h<\/p>\n<p style=\"text-align: justify;\">S\u00e1bado 7 de junio de 10:00 a 13:30 y de 17:00 a 20:30 h.<\/p>\n<p><a href=\"https:\/\/www.caudete.org\/ayuntamiento\/wp-content\/uploads\/2025\/06\/exposicion-fotografica.jpg\" rel='prettyPhoto'><img fetchpriority=\"high\" decoding=\"async\" class=\"alignnone size-full wp-image-29020\" src=\"https:\/\/www.caudete.org\/ayuntamiento\/wp-content\/uploads\/2025\/06\/exposicion-fotografica.jpg\" alt=\"\" width=\"1000\" height=\"1415\" srcset=\"https:\/\/www.caudete.org\/ayuntamiento\/wp-content\/uploads\/2025\/06\/exposicion-fotografica.jpg 1000w, https:\/\/www.caudete.org\/ayuntamiento\/wp-content\/uploads\/2025\/06\/exposicion-fotografica-283x400.jpg 283w, https:\/\/www.caudete.org\/ayuntamiento\/wp-content\/uploads\/2025\/06\/exposicion-fotografica-565x800.jpg 565w, https:\/\/www.caudete.org\/ayuntamiento\/wp-content\/uploads\/2025\/06\/exposicion-fotografica-768x1087.jpg 768w\" sizes=\"(max-width: 1000px) 100vw, 1000px\" \/><\/a><\/p>\n<p>&nbsp;<\/p>\n","protected":false},"excerpt":{"rendered":"<p>Caudete acoge una exposici\u00f3n de fotograf\u00edas sobre su patrimonio natural organizada por Discite Natura y la Concejal\u00eda de Turismo Diego Cuenca, Concejal de Turismo ha presentado la exposici\u00f3n fotogr\u00e1fica que acoger\u00e1 el Molino de Abajo gracias a la colaboraci\u00f3n de Discite Natura. La riqueza natural del entorno de Caudete ser\u00e1 la protagonista de la exposici\u00f3n &hellip;<\/p>\n","protected":false},"author":3,"featured_media":29023,"comment_status":"closed","ping_status":"open","sticky":false,"template":"","format":"standard","meta":{"ngg_post_thumbnail":0,"footnotes":""},"categories":[43],"tags":[],"class_list":["post-28865","post","type-post","status-publish","format-standard","has-post-thumbnail","hentry","category-turismo"],"yoast_head":"<!-- This site is optimized with the Yoast SEO plugin v27.5 - https:\/\/yoast.com\/product\/yoast-seo-wordpress\/ -->\n<title>El Molino de Abajo acoger\u00e1 a partir del 6 de Junio una exposici\u00f3n temporal de la patrimonio natural - MI Ayuntamiento de Caudete<\/title>\n<meta name=\"description\" content=\"P\u00e1gina Oficial del Ayuntamiento de Caudete (Albacete)\" \/>\n<meta name=\"robots\" content=\"index, follow, max-snippet:-1, max-image-preview:large, max-video-preview:-1\" \/>\n<link rel=\"canonical\" href=\"https:\/\/www.caudete.org\/ayuntamiento\/el-molino-de-abajo-acogera-a-partir-del-6-de-junio-una-exposicion-temporal-del-patrimonio-natural\/\" \/>\n<meta property=\"og:locale\" content=\"es_ES\" \/>\n<meta property=\"og:type\" content=\"article\" \/>\n<meta property=\"og:title\" content=\"El Molino de Abajo acoger\u00e1 a partir del 6 de Junio una exposici\u00f3n temporal de la patrimonio natural - MI Ayuntamiento de Caudete\" \/>\n<meta property=\"og:description\" content=\"P\u00e1gina Oficial del Ayuntamiento de Caudete (Albacete)\" \/>\n<meta property=\"og:url\" content=\"https:\/\/www.caudete.org\/ayuntamiento\/el-molino-de-abajo-acogera-a-partir-del-6-de-junio-una-exposicion-temporal-del-patrimonio-natural\/\" \/>\n<meta property=\"og:site_name\" content=\"MI Ayuntamiento de Caudete\" \/>\n<meta property=\"article:publisher\" content=\"https:\/\/www.facebook.com\/ayuntamientocaudete\/\" \/>\n<meta property=\"article:published_time\" content=\"2025-06-04T07:01:04+00:00\" \/>\n<meta property=\"article:modified_time\" content=\"2025-06-04T09:17:40+00:00\" \/>\n<meta property=\"og:image\" content=\"https:\/\/www.caudete.org\/ayuntamiento\/wp-content\/uploads\/2025\/06\/exposicion-fotografica-port.jpg\" \/>\n\t<meta property=\"og:image:width\" content=\"1120\" \/>\n\t<meta property=\"og:image:height\" content=\"681\" \/>\n\t<meta property=\"og:image:type\" content=\"image\/jpeg\" \/>\n<meta name=\"author\" content=\"alcalde\" \/>\n<meta name=\"twitter:card\" content=\"summary_large_image\" \/>\n<meta name=\"twitter:label1\" content=\"Escrito por\" \/>\n\t<meta name=\"twitter:data1\" content=\"alcalde\" \/>\n\t<meta name=\"twitter:label2\" content=\"Tiempo de lectura\" \/>\n\t<meta name=\"twitter:data2\" content=\"2 minutos\" \/>\n<script type=\"application\/ld+json\" class=\"yoast-schema-graph\">{\"@context\":\"https:\\\/\\\/schema.org\",\"@graph\":[{\"@type\":\"Article\",\"@id\":\"https:\\\/\\\/www.caudete.org\\\/ayuntamiento\\\/el-molino-de-abajo-acogera-a-partir-del-6-de-junio-una-exposicion-temporal-del-patrimonio-natural\\\/#article\",\"isPartOf\":{\"@id\":\"https:\\\/\\\/www.caudete.org\\\/ayuntamiento\\\/el-molino-de-abajo-acogera-a-partir-del-6-de-junio-una-exposicion-temporal-del-patrimonio-natural\\\/\"},\"author\":{\"name\":\"alcalde\",\"@id\":\"https:\\\/\\\/www.caudete.org\\\/ayuntamiento\\\/#\\\/schema\\\/person\\\/cc646da9133078ee4d8dd47457947253\"},\"headline\":\"El Molino de Abajo acoger\u00e1 a partir del 6 de Junio una exposici\u00f3n temporal de la patrimonio natural\",\"datePublished\":\"2025-06-04T07:01:04+00:00\",\"dateModified\":\"2025-06-04T09:17:40+00:00\",\"mainEntityOfPage\":{\"@id\":\"https:\\\/\\\/www.caudete.org\\\/ayuntamiento\\\/el-molino-de-abajo-acogera-a-partir-del-6-de-junio-una-exposicion-temporal-del-patrimonio-natural\\\/\"},\"wordCount\":358,\"image\":{\"@id\":\"https:\\\/\\\/www.caudete.org\\\/ayuntamiento\\\/el-molino-de-abajo-acogera-a-partir-del-6-de-junio-una-exposicion-temporal-del-patrimonio-natural\\\/#primaryimage\"},\"thumbnailUrl\":\"https:\\\/\\\/www.caudete.org\\\/ayuntamiento\\\/wp-content\\\/uploads\\\/2025\\\/06\\\/exposicion-fotografica-port.jpg\",\"articleSection\":[\"Turismo\"],\"inLanguage\":\"es\"},{\"@type\":\"WebPage\",\"@id\":\"https:\\\/\\\/www.caudete.org\\\/ayuntamiento\\\/el-molino-de-abajo-acogera-a-partir-del-6-de-junio-una-exposicion-temporal-del-patrimonio-natural\\\/\",\"url\":\"https:\\\/\\\/www.caudete.org\\\/ayuntamiento\\\/el-molino-de-abajo-acogera-a-partir-del-6-de-junio-una-exposicion-temporal-del-patrimonio-natural\\\/\",\"name\":\"El Molino de Abajo acoger\u00e1 a partir del 6 de Junio una exposici\u00f3n temporal de la patrimonio natural - MI Ayuntamiento de Caudete\",\"isPartOf\":{\"@id\":\"https:\\\/\\\/www.caudete.org\\\/ayuntamiento\\\/#website\"},\"primaryImageOfPage\":{\"@id\":\"https:\\\/\\\/www.caudete.org\\\/ayuntamiento\\\/el-molino-de-abajo-acogera-a-partir-del-6-de-junio-una-exposicion-temporal-del-patrimonio-natural\\\/#primaryimage\"},\"image\":{\"@id\":\"https:\\\/\\\/www.caudete.org\\\/ayuntamiento\\\/el-molino-de-abajo-acogera-a-partir-del-6-de-junio-una-exposicion-temporal-del-patrimonio-natural\\\/#primaryimage\"},\"thumbnailUrl\":\"https:\\\/\\\/www.caudete.org\\\/ayuntamiento\\\/wp-content\\\/uploads\\\/2025\\\/06\\\/exposicion-fotografica-port.jpg\",\"datePublished\":\"2025-06-04T07:01:04+00:00\",\"dateModified\":\"2025-06-04T09:17:40+00:00\",\"author\":{\"@id\":\"https:\\\/\\\/www.caudete.org\\\/ayuntamiento\\\/#\\\/schema\\\/person\\\/cc646da9133078ee4d8dd47457947253\"},\"description\":\"P\u00e1gina Oficial del Ayuntamiento de Caudete (Albacete)\",\"breadcrumb\":{\"@id\":\"https:\\\/\\\/www.caudete.org\\\/ayuntamiento\\\/el-molino-de-abajo-acogera-a-partir-del-6-de-junio-una-exposicion-temporal-del-patrimonio-natural\\\/#breadcrumb\"},\"inLanguage\":\"es\",\"potentialAction\":[{\"@type\":\"ReadAction\",\"target\":[\"https:\\\/\\\/www.caudete.org\\\/ayuntamiento\\\/el-molino-de-abajo-acogera-a-partir-del-6-de-junio-una-exposicion-temporal-del-patrimonio-natural\\\/\"]}]},{\"@type\":\"ImageObject\",\"inLanguage\":\"es\",\"@id\":\"https:\\\/\\\/www.caudete.org\\\/ayuntamiento\\\/el-molino-de-abajo-acogera-a-partir-del-6-de-junio-una-exposicion-temporal-del-patrimonio-natural\\\/#primaryimage\",\"url\":\"https:\\\/\\\/www.caudete.org\\\/ayuntamiento\\\/wp-content\\\/uploads\\\/2025\\\/06\\\/exposicion-fotografica-port.jpg\",\"contentUrl\":\"https:\\\/\\\/www.caudete.org\\\/ayuntamiento\\\/wp-content\\\/uploads\\\/2025\\\/06\\\/exposicion-fotografica-port.jpg\",\"width\":1120,\"height\":681},{\"@type\":\"BreadcrumbList\",\"@id\":\"https:\\\/\\\/www.caudete.org\\\/ayuntamiento\\\/el-molino-de-abajo-acogera-a-partir-del-6-de-junio-una-exposicion-temporal-del-patrimonio-natural\\\/#breadcrumb\",\"itemListElement\":[{\"@type\":\"ListItem\",\"position\":1,\"name\":\"Inicio\",\"item\":\"https:\\\/\\\/www.caudete.org\\\/ayuntamiento\\\/\"},{\"@type\":\"ListItem\",\"position\":2,\"name\":\"El Molino de Abajo acoger\u00e1 a partir del 6 de Junio una exposici\u00f3n temporal de la patrimonio natural\"}]},{\"@type\":\"WebSite\",\"@id\":\"https:\\\/\\\/www.caudete.org\\\/ayuntamiento\\\/#website\",\"url\":\"https:\\\/\\\/www.caudete.org\\\/ayuntamiento\\\/\",\"name\":\"MI Ayuntamiento de Caudete\",\"description\":\"P\u00e1gina Oficial del MI Ayuntamiento de Caudete\",\"potentialAction\":[{\"@type\":\"SearchAction\",\"target\":{\"@type\":\"EntryPoint\",\"urlTemplate\":\"https:\\\/\\\/www.caudete.org\\\/ayuntamiento\\\/?s={search_term_string}\"},\"query-input\":{\"@type\":\"PropertyValueSpecification\",\"valueRequired\":true,\"valueName\":\"search_term_string\"}}],\"inLanguage\":\"es\"},{\"@type\":\"Person\",\"@id\":\"https:\\\/\\\/www.caudete.org\\\/ayuntamiento\\\/#\\\/schema\\\/person\\\/cc646da9133078ee4d8dd47457947253\",\"name\":\"alcalde\",\"image\":{\"@type\":\"ImageObject\",\"inLanguage\":\"es\",\"@id\":\"https:\\\/\\\/secure.gravatar.com\\\/avatar\\\/84a817ba065b29ff08d666b215a215f5c79186a645ccb25b14a663d48a130f77?s=96&d=mm&r=g\",\"url\":\"https:\\\/\\\/secure.gravatar.com\\\/avatar\\\/84a817ba065b29ff08d666b215a215f5c79186a645ccb25b14a663d48a130f77?s=96&d=mm&r=g\",\"contentUrl\":\"https:\\\/\\\/secure.gravatar.com\\\/avatar\\\/84a817ba065b29ff08d666b215a215f5c79186a645ccb25b14a663d48a130f77?s=96&d=mm&r=g\",\"caption\":\"alcalde\"},\"url\":\"https:\\\/\\\/www.caudete.org\\\/ayuntamiento\\\/author\\\/alcalde\\\/\"}]}<\/script>\n<!-- \/ Yoast SEO plugin. -->","yoast_head_json":{"title":"El Molino de Abajo acoger\u00e1 a partir del 6 de Junio una exposici\u00f3n temporal de la patrimonio natural - MI Ayuntamiento de Caudete","description":"P\u00e1gina Oficial del Ayuntamiento de Caudete (Albacete)","robots":{"index":"index","follow":"follow","max-snippet":"max-snippet:-1","max-image-preview":"max-image-preview:large","max-video-preview":"max-video-preview:-1"},"canonical":"https:\/\/www.caudete.org\/ayuntamiento\/el-molino-de-abajo-acogera-a-partir-del-6-de-junio-una-exposicion-temporal-del-patrimonio-natural\/","og_locale":"es_ES","og_type":"article","og_title":"El Molino de Abajo acoger\u00e1 a partir del 6 de Junio una exposici\u00f3n temporal de la patrimonio natural - MI Ayuntamiento de Caudete","og_description":"P\u00e1gina Oficial del Ayuntamiento de Caudete (Albacete)","og_url":"https:\/\/www.caudete.org\/ayuntamiento\/el-molino-de-abajo-acogera-a-partir-del-6-de-junio-una-exposicion-temporal-del-patrimonio-natural\/","og_site_name":"MI Ayuntamiento de Caudete","article_publisher":"https:\/\/www.facebook.com\/ayuntamientocaudete\/","article_published_time":"2025-06-04T07:01:04+00:00","article_modified_time":"2025-06-04T09:17:40+00:00","og_image":[{"width":1120,"height":681,"url":"https:\/\/www.caudete.org\/ayuntamiento\/wp-content\/uploads\/2025\/06\/exposicion-fotografica-port.jpg","type":"image\/jpeg"}],"author":"alcalde","twitter_card":"summary_large_image","twitter_misc":{"Escrito por":"alcalde","Tiempo de lectura":"2 minutos"},"schema":{"@context":"https:\/\/schema.org","@graph":[{"@type":"Article","@id":"https:\/\/www.caudete.org\/ayuntamiento\/el-molino-de-abajo-acogera-a-partir-del-6-de-junio-una-exposicion-temporal-del-patrimonio-natural\/#article","isPartOf":{"@id":"https:\/\/www.caudete.org\/ayuntamiento\/el-molino-de-abajo-acogera-a-partir-del-6-de-junio-una-exposicion-temporal-del-patrimonio-natural\/"},"author":{"name":"alcalde","@id":"https:\/\/www.caudete.org\/ayuntamiento\/#\/schema\/person\/cc646da9133078ee4d8dd47457947253"},"headline":"El Molino de Abajo acoger\u00e1 a partir del 6 de Junio una exposici\u00f3n temporal de la patrimonio natural","datePublished":"2025-06-04T07:01:04+00:00","dateModified":"2025-06-04T09:17:40+00:00","mainEntityOfPage":{"@id":"https:\/\/www.caudete.org\/ayuntamiento\/el-molino-de-abajo-acogera-a-partir-del-6-de-junio-una-exposicion-temporal-del-patrimonio-natural\/"},"wordCount":358,"image":{"@id":"https:\/\/www.caudete.org\/ayuntamiento\/el-molino-de-abajo-acogera-a-partir-del-6-de-junio-una-exposicion-temporal-del-patrimonio-natural\/#primaryimage"},"thumbnailUrl":"https:\/\/www.caudete.org\/ayuntamiento\/wp-content\/uploads\/2025\/06\/exposicion-fotografica-port.jpg","articleSection":["Turismo"],"inLanguage":"es"},{"@type":"WebPage","@id":"https:\/\/www.caudete.org\/ayuntamiento\/el-molino-de-abajo-acogera-a-partir-del-6-de-junio-una-exposicion-temporal-del-patrimonio-natural\/","url":"https:\/\/www.caudete.org\/ayuntamiento\/el-molino-de-abajo-acogera-a-partir-del-6-de-junio-una-exposicion-temporal-del-patrimonio-natural\/","name":"El Molino de Abajo acoger\u00e1 a partir del 6 de Junio una exposici\u00f3n temporal de la patrimonio natural - MI Ayuntamiento de Caudete","isPartOf":{"@id":"https:\/\/www.caudete.org\/ayuntamiento\/#website"},"primaryImageOfPage":{"@id":"https:\/\/www.caudete.org\/ayuntamiento\/el-molino-de-abajo-acogera-a-partir-del-6-de-junio-una-exposicion-temporal-del-patrimonio-natural\/#primaryimage"},"image":{"@id":"https:\/\/www.caudete.org\/ayuntamiento\/el-molino-de-abajo-acogera-a-partir-del-6-de-junio-una-exposicion-temporal-del-patrimonio-natural\/#primaryimage"},"thumbnailUrl":"https:\/\/www.caudete.org\/ayuntamiento\/wp-content\/uploads\/2025\/06\/exposicion-fotografica-port.jpg","datePublished":"2025-06-04T07:01:04+00:00","dateModified":"2025-06-04T09:17:40+00:00","author":{"@id":"https:\/\/www.caudete.org\/ayuntamiento\/#\/schema\/person\/cc646da9133078ee4d8dd47457947253"},"description":"P\u00e1gina Oficial del Ayuntamiento de Caudete (Albacete)","breadcrumb":{"@id":"https:\/\/www.caudete.org\/ayuntamiento\/el-molino-de-abajo-acogera-a-partir-del-6-de-junio-una-exposicion-temporal-del-patrimonio-natural\/#breadcrumb"},"inLanguage":"es","potentialAction":[{"@type":"ReadAction","target":["https:\/\/www.caudete.org\/ayuntamiento\/el-molino-de-abajo-acogera-a-partir-del-6-de-junio-una-exposicion-temporal-del-patrimonio-natural\/"]}]},{"@type":"ImageObject","inLanguage":"es","@id":"https:\/\/www.caudete.org\/ayuntamiento\/el-molino-de-abajo-acogera-a-partir-del-6-de-junio-una-exposicion-temporal-del-patrimonio-natural\/#primaryimage","url":"https:\/\/www.caudete.org\/ayuntamiento\/wp-content\/uploads\/2025\/06\/exposicion-fotografica-port.jpg","contentUrl":"https:\/\/www.caudete.org\/ayuntamiento\/wp-content\/uploads\/2025\/06\/exposicion-fotografica-port.jpg","width":1120,"height":681},{"@type":"BreadcrumbList","@id":"https:\/\/www.caudete.org\/ayuntamiento\/el-molino-de-abajo-acogera-a-partir-del-6-de-junio-una-exposicion-temporal-del-patrimonio-natural\/#breadcrumb","itemListElement":[{"@type":"ListItem","position":1,"name":"Inicio","item":"https:\/\/www.caudete.org\/ayuntamiento\/"},{"@type":"ListItem","position":2,"name":"El Molino de Abajo acoger\u00e1 a partir del 6 de Junio una exposici\u00f3n temporal de la patrimonio natural"}]},{"@type":"WebSite","@id":"https:\/\/www.caudete.org\/ayuntamiento\/#website","url":"https:\/\/www.caudete.org\/ayuntamiento\/","name":"MI Ayuntamiento de Caudete","description":"P\u00e1gina Oficial del MI Ayuntamiento de Caudete","potentialAction":[{"@type":"SearchAction","target":{"@type":"EntryPoint","urlTemplate":"https:\/\/www.caudete.org\/ayuntamiento\/?s={search_term_string}"},"query-input":{"@type":"PropertyValueSpecification","valueRequired":true,"valueName":"search_term_string"}}],"inLanguage":"es"},{"@type":"Person","@id":"https:\/\/www.caudete.org\/ayuntamiento\/#\/schema\/person\/cc646da9133078ee4d8dd47457947253","name":"alcalde","image":{"@type":"ImageObject","inLanguage":"es","@id":"https:\/\/secure.gravatar.com\/avatar\/84a817ba065b29ff08d666b215a215f5c79186a645ccb25b14a663d48a130f77?s=96&d=mm&r=g","url":"https:\/\/secure.gravatar.com\/avatar\/84a817ba065b29ff08d666b215a215f5c79186a645ccb25b14a663d48a130f77?s=96&d=mm&r=g","contentUrl":"https:\/\/secure.gravatar.com\/avatar\/84a817ba065b29ff08d666b215a215f5c79186a645ccb25b14a663d48a130f77?s=96&d=mm&r=g","caption":"alcalde"},"url":"https:\/\/www.caudete.org\/ayuntamiento\/author\/alcalde\/"}]}},"_links":{"self":[{"href":"https:\/\/www.caudete.org\/ayuntamiento\/wp-json\/wp\/v2\/posts\/28865","targetHints":{"allow":["GET"]}}],"collection":[{"href":"https:\/\/www.caudete.org\/ayuntamiento\/wp-json\/wp\/v2\/posts"}],"about":[{"href":"https:\/\/www.caudete.org\/ayuntamiento\/wp-json\/wp\/v2\/types\/post"}],"author":[{"embeddable":true,"href":"https:\/\/www.caudete.org\/ayuntamiento\/wp-json\/wp\/v2\/users\/3"}],"replies":[{"embeddable":true,"href":"https:\/\/www.caudete.org\/ayuntamiento\/wp-json\/wp\/v2\/comments?post=28865"}],"version-history":[{"count":6,"href":"https:\/\/www.caudete.org\/ayuntamiento\/wp-json\/wp\/v2\/posts\/28865\/revisions"}],"predecessor-version":[{"id":29022,"href":"https:\/\/www.caudete.org\/ayuntamiento\/wp-json\/wp\/v2\/posts\/28865\/revisions\/29022"}],"wp:featuredmedia":[{"embeddable":true,"href":"https:\/\/www.caudete.org\/ayuntamiento\/wp-json\/wp\/v2\/media\/29023"}],"wp:attachment":[{"href":"https:\/\/www.caudete.org\/ayuntamiento\/wp-json\/wp\/v2\/media?parent=28865"}],"wp:term":[{"taxonomy":"category","embeddable":true,"href":"https:\/\/www.caudete.org\/ayuntamiento\/wp-json\/wp\/v2\/categories?post=28865"},{"taxonomy":"post_tag","embeddable":true,"href":"https:\/\/www.caudete.org\/ayuntamiento\/wp-json\/wp\/v2\/tags?post=28865"}],"curies":[{"name":"wp","href":"https:\/\/api.w.org\/{rel}","templated":true}]}}