{"id":28869,"date":"2025-05-30T08:00:32","date_gmt":"2025-05-30T06:00:32","guid":{"rendered":"https:\/\/www.caudete.org\/ayuntamiento\/?p=28869"},"modified":"2025-05-30T08:32:27","modified_gmt":"2025-05-30T06:32:27","slug":"enriquecedora-y-amplia-colaboracion-entre-la-escuela-de-musica-musichalle-de-toulouse-y-la-escuela-municipal-de-musica-y-danza-de-caudete-en-el-marco-de-la-acreditacion-erasmus-educacion-de","status":"publish","type":"post","link":"https:\/\/www.caudete.org\/ayuntamiento\/enriquecedora-y-amplia-colaboracion-entre-la-escuela-de-musica-musichalle-de-toulouse-y-la-escuela-municipal-de-musica-y-danza-de-caudete-en-el-marco-de-la-acreditacion-erasmus-educacion-de\/","title":{"rendered":"Contin\u00faa la colaboraci\u00f3n Erasmus+ entre Music\u2019Halle de Toulouse y la Escuela Municipal de M\u00fasica y Danza de Caudete"},"content":{"rendered":"<p>M.\u00aa Dolores Requena Azor\u00edn, concejal responsable de proyectos europeos del Ayuntamiento de Caudete, informa de la enriquecedora y amplia colaboraci\u00f3n entre la escuela de m\u00fasica Music\u2019 Halle de Toulouse y la Escuela Municipal de M\u00fasica y Danza de Caudete.<\/p>\n<p>Durante este curso 2024\/2025, la EMMD de Caudete cont\u00f3, en el mes de febrero, con la visita como experto invitado del profesor David Dutech, que imparti\u00f3 un innovador taller<br \/>\n\u201cLas 3 llaves de oro\u201d para compartir con la comunidad educativa de la escuela su conocimiento en metodolog\u00edas de aprendizaje a trav\u00e9s del cuerpo, el baile, la m\u00fasica y el juego.<\/p>\n<p>La actividad supuso una experiencia inmersiva basada en m\u00e9todos como O\u2019Passo, Dalcroze y Freinet, que combinan el movimiento, el canto, la improvisaci\u00f3n y el placer del juego para descubrir las nuevas formas de sentir la m\u00fasica.<\/p>\n<p>Esta exploraci\u00f3n de nuevas formas de aprendizaje sensorial y creativo refuerza el compromiso de la EMMD de Caudete con la excelencia educativa y la formaci\u00f3n continua.<\/p>\n<p>Adem\u00e1s, en el mes de abril, un grupo de alumnas adultas de Canto de la escuela, acompa\u00f1adas de su profesora; una alumna adulta de Violonchelo y un profesor de viol\u00edn, participaron en diferentes actividades formativas en la escuela de m\u00fasica de Toulouse.<\/p>\n<p>Todos los participantes vivieron una intensa inmersi\u00f3n musical en un entorno pedag\u00f3gico abierto a la experimentaci\u00f3n y a las m\u00fasicas contempor\u00e1neas.<\/p>\n<p>El prestigioso centro franc\u00e9s Music\u2019Halle ofreci\u00f3 al personal y alumnado visitante la oportunidad de asistir y participar activamente en clases pr\u00e1cticas de jazz, m\u00fasica afrocubana, m\u00fasicas del mundo y pop-rock, compartiendo experiencias con el alumnado y profesorado del centro anfitri\u00f3n. La participaci\u00f3n activa de las alumnas y docentes caudetanos fue muy bien acogida, permitiendo un intercambio musical y humano enriquecedor.<\/p>\n<p>Adem\u00e1s de las sesiones formativas, los participantes pudieron disfrutar de visitas culturales por la ciudad de Toulouse, y de momentos de convivencia con m\u00fasicos de distintos pa\u00edses, reforzando as\u00ed el aprendizaje art\u00edstico con una valiosa dimensi\u00f3n intercultural.<\/p>\n<p>Estas actividades han supuesto una experiencia transformadora para el alumnado y profesorado participante, contribuyendo al crecimiento musical, personal y profesional de todos ellos, y reafirmando el compromiso de la Escuela Municipal de M\u00fasica y Danza de Caudete con la proyecci\u00f3n internacional y los valores educativos del programa Erasmus+.<\/p>\n<p><a href=\"https:\/\/www.caudete.org\/ayuntamiento\/wp-content\/uploads\/2025\/05\/PHOTO-2025-03-13-11-40-295.jpg\" rel='prettyPhoto'><img fetchpriority=\"high\" decoding=\"async\" class=\"alignnone size-full wp-image-28870\" src=\"https:\/\/www.caudete.org\/ayuntamiento\/wp-content\/uploads\/2025\/05\/PHOTO-2025-03-13-11-40-295.jpg\" alt=\"\" width=\"640\" height=\"480\" srcset=\"https:\/\/www.caudete.org\/ayuntamiento\/wp-content\/uploads\/2025\/05\/PHOTO-2025-03-13-11-40-295.jpg 640w, https:\/\/www.caudete.org\/ayuntamiento\/wp-content\/uploads\/2025\/05\/PHOTO-2025-03-13-11-40-295-533x400.jpg 533w\" sizes=\"(max-width: 640px) 100vw, 640px\" \/><\/a> <a href=\"https:\/\/www.caudete.org\/ayuntamiento\/wp-content\/uploads\/2025\/05\/PHOTO-2025-03-13-11-40-302.jpg\" rel='prettyPhoto'><img decoding=\"async\" class=\"alignnone size-full wp-image-28871\" src=\"https:\/\/www.caudete.org\/ayuntamiento\/wp-content\/uploads\/2025\/05\/PHOTO-2025-03-13-11-40-302.jpg\" alt=\"\" width=\"640\" height=\"480\" srcset=\"https:\/\/www.caudete.org\/ayuntamiento\/wp-content\/uploads\/2025\/05\/PHOTO-2025-03-13-11-40-302.jpg 640w, https:\/\/www.caudete.org\/ayuntamiento\/wp-content\/uploads\/2025\/05\/PHOTO-2025-03-13-11-40-302-533x400.jpg 533w\" sizes=\"(max-width: 640px) 100vw, 640px\" \/><\/a> <a href=\"https:\/\/www.caudete.org\/ayuntamiento\/wp-content\/uploads\/2025\/05\/PHOTO-2025-03-13-11-40-303.jpg\" rel='prettyPhoto'><img decoding=\"async\" class=\"alignnone size-full wp-image-28872\" src=\"https:\/\/www.caudete.org\/ayuntamiento\/wp-content\/uploads\/2025\/05\/PHOTO-2025-03-13-11-40-303.jpg\" alt=\"\" width=\"1000\" height=\"685\" srcset=\"https:\/\/www.caudete.org\/ayuntamiento\/wp-content\/uploads\/2025\/05\/PHOTO-2025-03-13-11-40-303.jpg 1000w, https:\/\/www.caudete.org\/ayuntamiento\/wp-content\/uploads\/2025\/05\/PHOTO-2025-03-13-11-40-303-584x400.jpg 584w, https:\/\/www.caudete.org\/ayuntamiento\/wp-content\/uploads\/2025\/05\/PHOTO-2025-03-13-11-40-303-768x526.jpg 768w\" sizes=\"(max-width: 1000px) 100vw, 1000px\" \/><\/a> <a href=\"https:\/\/www.caudete.org\/ayuntamiento\/wp-content\/uploads\/2025\/05\/PHOTO-2025-05-12-10-16-343.jpg\" rel='prettyPhoto'><img loading=\"lazy\" decoding=\"async\" class=\"alignnone size-full wp-image-28873\" src=\"https:\/\/www.caudete.org\/ayuntamiento\/wp-content\/uploads\/2025\/05\/PHOTO-2025-05-12-10-16-343.jpg\" alt=\"\" width=\"640\" height=\"480\" srcset=\"https:\/\/www.caudete.org\/ayuntamiento\/wp-content\/uploads\/2025\/05\/PHOTO-2025-05-12-10-16-343.jpg 640w, https:\/\/www.caudete.org\/ayuntamiento\/wp-content\/uploads\/2025\/05\/PHOTO-2025-05-12-10-16-343-533x400.jpg 533w\" sizes=\"(max-width: 640px) 100vw, 640px\" \/><\/a> <a href=\"https:\/\/www.caudete.org\/ayuntamiento\/wp-content\/uploads\/2025\/05\/PHOTO-2025-05-12-10-16-345.jpg\" rel='prettyPhoto'><img loading=\"lazy\" decoding=\"async\" class=\"alignnone size-full wp-image-28874\" src=\"https:\/\/www.caudete.org\/ayuntamiento\/wp-content\/uploads\/2025\/05\/PHOTO-2025-05-12-10-16-345.jpg\" alt=\"\" width=\"566\" height=\"1000\" srcset=\"https:\/\/www.caudete.org\/ayuntamiento\/wp-content\/uploads\/2025\/05\/PHOTO-2025-05-12-10-16-345.jpg 566w, https:\/\/www.caudete.org\/ayuntamiento\/wp-content\/uploads\/2025\/05\/PHOTO-2025-05-12-10-16-345-226x400.jpg 226w, https:\/\/www.caudete.org\/ayuntamiento\/wp-content\/uploads\/2025\/05\/PHOTO-2025-05-12-10-16-345-453x800.jpg 453w\" sizes=\"(max-width: 566px) 100vw, 566px\" \/><\/a><\/p>\n","protected":false},"excerpt":{"rendered":"<p>M.\u00aa Dolores Requena Azor\u00edn, concejal responsable de proyectos europeos del Ayuntamiento de Caudete, informa de la enriquecedora y amplia colaboraci\u00f3n entre la escuela de m\u00fasica Music\u2019 Halle de Toulouse y la Escuela Municipal de M\u00fasica y Danza de Caudete. Durante este curso 2024\/2025, la EMMD de Caudete cont\u00f3, en el mes de febrero, con la &hellip;<\/p>\n","protected":false},"author":5,"featured_media":28875,"comment_status":"closed","ping_status":"open","sticky":false,"template":"","format":"standard","meta":{"ngg_post_thumbnail":0,"footnotes":""},"categories":[87],"tags":[],"class_list":["post-28869","post","type-post","status-publish","format-standard","has-post-thumbnail","hentry","category-desarrollo-local"],"yoast_head":"<!-- This site is optimized with the Yoast SEO plugin v27.4 - https:\/\/yoast.com\/product\/yoast-seo-wordpress\/ -->\n<title>Contin\u00faa la colaboraci\u00f3n Erasmus+ entre Music\u2019Halle de Toulouse y la Escuela Municipal de M\u00fasica y Danza de Caudete - MI Ayuntamiento de Caudete<\/title>\n<meta name=\"description\" content=\"P\u00e1gina Oficial del Ayuntamiento de Caudete (Albacete)\" \/>\n<meta name=\"robots\" content=\"index, follow, max-snippet:-1, max-image-preview:large, max-video-preview:-1\" \/>\n<link rel=\"canonical\" href=\"https:\/\/www.caudete.org\/ayuntamiento\/enriquecedora-y-amplia-colaboracion-entre-la-escuela-de-musica-musichalle-de-toulouse-y-la-escuela-municipal-de-musica-y-danza-de-caudete-en-el-marco-de-la-acreditacion-erasmus-educacion-de\/\" \/>\n<meta property=\"og:locale\" content=\"es_ES\" \/>\n<meta property=\"og:type\" content=\"article\" \/>\n<meta property=\"og:title\" content=\"Contin\u00faa la colaboraci\u00f3n Erasmus+ entre Music\u2019Halle de Toulouse y la Escuela Municipal de M\u00fasica y Danza de Caudete - MI Ayuntamiento de Caudete\" \/>\n<meta property=\"og:description\" content=\"P\u00e1gina Oficial del Ayuntamiento de Caudete (Albacete)\" \/>\n<meta property=\"og:url\" content=\"https:\/\/www.caudete.org\/ayuntamiento\/enriquecedora-y-amplia-colaboracion-entre-la-escuela-de-musica-musichalle-de-toulouse-y-la-escuela-municipal-de-musica-y-danza-de-caudete-en-el-marco-de-la-acreditacion-erasmus-educacion-de\/\" \/>\n<meta property=\"og:site_name\" content=\"MI Ayuntamiento de Caudete\" \/>\n<meta property=\"article:publisher\" content=\"https:\/\/www.facebook.com\/ayuntamientocaudete\/\" \/>\n<meta property=\"article:published_time\" content=\"2025-05-30T06:00:32+00:00\" \/>\n<meta property=\"article:modified_time\" content=\"2025-05-30T06:32:27+00:00\" \/>\n<meta property=\"og:image\" content=\"https:\/\/www.caudete.org\/ayuntamiento\/wp-content\/uploads\/2025\/05\/PHOTO-2025-05-12-10-16-34.jpg\" \/>\n\t<meta property=\"og:image:width\" content=\"1000\" \/>\n\t<meta property=\"og:image:height\" content=\"562\" \/>\n\t<meta property=\"og:image:type\" content=\"image\/jpeg\" \/>\n<meta name=\"author\" content=\"Dpto Informatica MI Ayuntamiento de Caudete\" \/>\n<meta name=\"twitter:card\" content=\"summary_large_image\" \/>\n<meta name=\"twitter:label1\" content=\"Escrito por\" \/>\n\t<meta name=\"twitter:data1\" content=\"Dpto Informatica MI Ayuntamiento de Caudete\" \/>\n\t<meta name=\"twitter:label2\" content=\"Tiempo de lectura\" \/>\n\t<meta name=\"twitter:data2\" content=\"3 minutos\" \/>\n<script type=\"application\/ld+json\" class=\"yoast-schema-graph\">{\"@context\":\"https:\\\/\\\/schema.org\",\"@graph\":[{\"@type\":\"Article\",\"@id\":\"https:\\\/\\\/www.caudete.org\\\/ayuntamiento\\\/enriquecedora-y-amplia-colaboracion-entre-la-escuela-de-musica-musichalle-de-toulouse-y-la-escuela-municipal-de-musica-y-danza-de-caudete-en-el-marco-de-la-acreditacion-erasmus-educacion-de\\\/#article\",\"isPartOf\":{\"@id\":\"https:\\\/\\\/www.caudete.org\\\/ayuntamiento\\\/enriquecedora-y-amplia-colaboracion-entre-la-escuela-de-musica-musichalle-de-toulouse-y-la-escuela-municipal-de-musica-y-danza-de-caudete-en-el-marco-de-la-acreditacion-erasmus-educacion-de\\\/\"},\"author\":{\"name\":\"Dpto Informatica MI Ayuntamiento de Caudete\",\"@id\":\"https:\\\/\\\/www.caudete.org\\\/ayuntamiento\\\/#\\\/schema\\\/person\\\/4b9eab41761957db9b1bf9c418d1ef46\"},\"headline\":\"Contin\u00faa la colaboraci\u00f3n Erasmus+ entre Music\u2019Halle de Toulouse y la Escuela Municipal de M\u00fasica y Danza de Caudete\",\"datePublished\":\"2025-05-30T06:00:32+00:00\",\"dateModified\":\"2025-05-30T06:32:27+00:00\",\"mainEntityOfPage\":{\"@id\":\"https:\\\/\\\/www.caudete.org\\\/ayuntamiento\\\/enriquecedora-y-amplia-colaboracion-entre-la-escuela-de-musica-musichalle-de-toulouse-y-la-escuela-municipal-de-musica-y-danza-de-caudete-en-el-marco-de-la-acreditacion-erasmus-educacion-de\\\/\"},\"wordCount\":425,\"publisher\":{\"@id\":\"https:\\\/\\\/www.caudete.org\\\/ayuntamiento\\\/#organization\"},\"image\":{\"@id\":\"https:\\\/\\\/www.caudete.org\\\/ayuntamiento\\\/enriquecedora-y-amplia-colaboracion-entre-la-escuela-de-musica-musichalle-de-toulouse-y-la-escuela-municipal-de-musica-y-danza-de-caudete-en-el-marco-de-la-acreditacion-erasmus-educacion-de\\\/#primaryimage\"},\"thumbnailUrl\":\"https:\\\/\\\/www.caudete.org\\\/ayuntamiento\\\/wp-content\\\/uploads\\\/2025\\\/05\\\/PHOTO-2025-05-12-10-16-34.jpg\",\"articleSection\":[\"Desarrollo Local\"],\"inLanguage\":\"es\"},{\"@type\":\"WebPage\",\"@id\":\"https:\\\/\\\/www.caudete.org\\\/ayuntamiento\\\/enriquecedora-y-amplia-colaboracion-entre-la-escuela-de-musica-musichalle-de-toulouse-y-la-escuela-municipal-de-musica-y-danza-de-caudete-en-el-marco-de-la-acreditacion-erasmus-educacion-de\\\/\",\"url\":\"https:\\\/\\\/www.caudete.org\\\/ayuntamiento\\\/enriquecedora-y-amplia-colaboracion-entre-la-escuela-de-musica-musichalle-de-toulouse-y-la-escuela-municipal-de-musica-y-danza-de-caudete-en-el-marco-de-la-acreditacion-erasmus-educacion-de\\\/\",\"name\":\"Contin\u00faa la colaboraci\u00f3n Erasmus+ entre Music\u2019Halle de Toulouse y la Escuela Municipal de M\u00fasica y Danza de Caudete - MI Ayuntamiento de Caudete\",\"isPartOf\":{\"@id\":\"https:\\\/\\\/www.caudete.org\\\/ayuntamiento\\\/#website\"},\"primaryImageOfPage\":{\"@id\":\"https:\\\/\\\/www.caudete.org\\\/ayuntamiento\\\/enriquecedora-y-amplia-colaboracion-entre-la-escuela-de-musica-musichalle-de-toulouse-y-la-escuela-municipal-de-musica-y-danza-de-caudete-en-el-marco-de-la-acreditacion-erasmus-educacion-de\\\/#primaryimage\"},\"image\":{\"@id\":\"https:\\\/\\\/www.caudete.org\\\/ayuntamiento\\\/enriquecedora-y-amplia-colaboracion-entre-la-escuela-de-musica-musichalle-de-toulouse-y-la-escuela-municipal-de-musica-y-danza-de-caudete-en-el-marco-de-la-acreditacion-erasmus-educacion-de\\\/#primaryimage\"},\"thumbnailUrl\":\"https:\\\/\\\/www.caudete.org\\\/ayuntamiento\\\/wp-content\\\/uploads\\\/2025\\\/05\\\/PHOTO-2025-05-12-10-16-34.jpg\",\"datePublished\":\"2025-05-30T06:00:32+00:00\",\"dateModified\":\"2025-05-30T06:32:27+00:00\",\"description\":\"P\u00e1gina Oficial del Ayuntamiento de Caudete (Albacete)\",\"breadcrumb\":{\"@id\":\"https:\\\/\\\/www.caudete.org\\\/ayuntamiento\\\/enriquecedora-y-amplia-colaboracion-entre-la-escuela-de-musica-musichalle-de-toulouse-y-la-escuela-municipal-de-musica-y-danza-de-caudete-en-el-marco-de-la-acreditacion-erasmus-educacion-de\\\/#breadcrumb\"},\"inLanguage\":\"es\",\"potentialAction\":[{\"@type\":\"ReadAction\",\"target\":[\"https:\\\/\\\/www.caudete.org\\\/ayuntamiento\\\/enriquecedora-y-amplia-colaboracion-entre-la-escuela-de-musica-musichalle-de-toulouse-y-la-escuela-municipal-de-musica-y-danza-de-caudete-en-el-marco-de-la-acreditacion-erasmus-educacion-de\\\/\"]}]},{\"@type\":\"ImageObject\",\"inLanguage\":\"es\",\"@id\":\"https:\\\/\\\/www.caudete.org\\\/ayuntamiento\\\/enriquecedora-y-amplia-colaboracion-entre-la-escuela-de-musica-musichalle-de-toulouse-y-la-escuela-municipal-de-musica-y-danza-de-caudete-en-el-marco-de-la-acreditacion-erasmus-educacion-de\\\/#primaryimage\",\"url\":\"https:\\\/\\\/www.caudete.org\\\/ayuntamiento\\\/wp-content\\\/uploads\\\/2025\\\/05\\\/PHOTO-2025-05-12-10-16-34.jpg\",\"contentUrl\":\"https:\\\/\\\/www.caudete.org\\\/ayuntamiento\\\/wp-content\\\/uploads\\\/2025\\\/05\\\/PHOTO-2025-05-12-10-16-34.jpg\",\"width\":1000,\"height\":562},{\"@type\":\"BreadcrumbList\",\"@id\":\"https:\\\/\\\/www.caudete.org\\\/ayuntamiento\\\/enriquecedora-y-amplia-colaboracion-entre-la-escuela-de-musica-musichalle-de-toulouse-y-la-escuela-municipal-de-musica-y-danza-de-caudete-en-el-marco-de-la-acreditacion-erasmus-educacion-de\\\/#breadcrumb\",\"itemListElement\":[{\"@type\":\"ListItem\",\"position\":1,\"name\":\"Inicio\",\"item\":\"https:\\\/\\\/www.caudete.org\\\/ayuntamiento\\\/\"},{\"@type\":\"ListItem\",\"position\":2,\"name\":\"Contin\u00faa la colaboraci\u00f3n Erasmus+ entre Music\u2019Halle de Toulouse y la Escuela Municipal de M\u00fasica y Danza de Caudete\"}]},{\"@type\":\"WebSite\",\"@id\":\"https:\\\/\\\/www.caudete.org\\\/ayuntamiento\\\/#website\",\"url\":\"https:\\\/\\\/www.caudete.org\\\/ayuntamiento\\\/\",\"name\":\"MI Ayuntamiento de Caudete\",\"description\":\"P\u00e1gina Oficial del MI Ayuntamiento de Caudete\",\"publisher\":{\"@id\":\"https:\\\/\\\/www.caudete.org\\\/ayuntamiento\\\/#organization\"},\"potentialAction\":[{\"@type\":\"SearchAction\",\"target\":{\"@type\":\"EntryPoint\",\"urlTemplate\":\"https:\\\/\\\/www.caudete.org\\\/ayuntamiento\\\/?s={search_term_string}\"},\"query-input\":{\"@type\":\"PropertyValueSpecification\",\"valueRequired\":true,\"valueName\":\"search_term_string\"}}],\"inLanguage\":\"es\"},{\"@type\":\"Organization\",\"@id\":\"https:\\\/\\\/www.caudete.org\\\/ayuntamiento\\\/#organization\",\"name\":\"Ayuntamiento de Caudete\",\"url\":\"https:\\\/\\\/www.caudete.org\\\/ayuntamiento\\\/\",\"logo\":{\"@type\":\"ImageObject\",\"inLanguage\":\"es\",\"@id\":\"https:\\\/\\\/www.caudete.org\\\/ayuntamiento\\\/#\\\/schema\\\/logo\\\/image\\\/\",\"url\":\"https:\\\/\\\/www.caudete.org\\\/ayuntamiento\\\/wp-content\\\/uploads\\\/2020\\\/11\\\/logo_ayuntamiento_caudete.jpg\",\"contentUrl\":\"https:\\\/\\\/www.caudete.org\\\/ayuntamiento\\\/wp-content\\\/uploads\\\/2020\\\/11\\\/logo_ayuntamiento_caudete.jpg\",\"width\":600,\"height\":150,\"caption\":\"Ayuntamiento de Caudete\"},\"image\":{\"@id\":\"https:\\\/\\\/www.caudete.org\\\/ayuntamiento\\\/#\\\/schema\\\/logo\\\/image\\\/\"},\"sameAs\":[\"https:\\\/\\\/www.facebook.com\\\/ayuntamientocaudete\\\/\",\"https:\\\/\\\/www.youtube.com\\\/channel\\\/UC6VztHaooNsGpw-tNoBEFnQ\"]},{\"@type\":\"Person\",\"@id\":\"https:\\\/\\\/www.caudete.org\\\/ayuntamiento\\\/#\\\/schema\\\/person\\\/4b9eab41761957db9b1bf9c418d1ef46\",\"name\":\"Dpto Informatica MI Ayuntamiento de Caudete\",\"image\":{\"@type\":\"ImageObject\",\"inLanguage\":\"es\",\"@id\":\"https:\\\/\\\/secure.gravatar.com\\\/avatar\\\/ac0321ee4a0a83e82a253e7b2d348ef539e2c8fe16d06b600bde04de1b364fa7?s=96&d=mm&r=g\",\"url\":\"https:\\\/\\\/secure.gravatar.com\\\/avatar\\\/ac0321ee4a0a83e82a253e7b2d348ef539e2c8fe16d06b600bde04de1b364fa7?s=96&d=mm&r=g\",\"contentUrl\":\"https:\\\/\\\/secure.gravatar.com\\\/avatar\\\/ac0321ee4a0a83e82a253e7b2d348ef539e2c8fe16d06b600bde04de1b364fa7?s=96&d=mm&r=g\",\"caption\":\"Dpto Informatica MI Ayuntamiento de Caudete\"},\"url\":\"https:\\\/\\\/www.caudete.org\\\/ayuntamiento\\\/author\\\/informatica\\\/\"}]}<\/script>\n<!-- \/ Yoast SEO plugin. -->","yoast_head_json":{"title":"Contin\u00faa la colaboraci\u00f3n Erasmus+ entre Music\u2019Halle de Toulouse y la Escuela Municipal de M\u00fasica y Danza de Caudete - MI Ayuntamiento de Caudete","description":"P\u00e1gina Oficial del Ayuntamiento de Caudete (Albacete)","robots":{"index":"index","follow":"follow","max-snippet":"max-snippet:-1","max-image-preview":"max-image-preview:large","max-video-preview":"max-video-preview:-1"},"canonical":"https:\/\/www.caudete.org\/ayuntamiento\/enriquecedora-y-amplia-colaboracion-entre-la-escuela-de-musica-musichalle-de-toulouse-y-la-escuela-municipal-de-musica-y-danza-de-caudete-en-el-marco-de-la-acreditacion-erasmus-educacion-de\/","og_locale":"es_ES","og_type":"article","og_title":"Contin\u00faa la colaboraci\u00f3n Erasmus+ entre Music\u2019Halle de Toulouse y la Escuela Municipal de M\u00fasica y Danza de Caudete - MI Ayuntamiento de Caudete","og_description":"P\u00e1gina Oficial del Ayuntamiento de Caudete (Albacete)","og_url":"https:\/\/www.caudete.org\/ayuntamiento\/enriquecedora-y-amplia-colaboracion-entre-la-escuela-de-musica-musichalle-de-toulouse-y-la-escuela-municipal-de-musica-y-danza-de-caudete-en-el-marco-de-la-acreditacion-erasmus-educacion-de\/","og_site_name":"MI Ayuntamiento de Caudete","article_publisher":"https:\/\/www.facebook.com\/ayuntamientocaudete\/","article_published_time":"2025-05-30T06:00:32+00:00","article_modified_time":"2025-05-30T06:32:27+00:00","og_image":[{"width":1000,"height":562,"url":"https:\/\/www.caudete.org\/ayuntamiento\/wp-content\/uploads\/2025\/05\/PHOTO-2025-05-12-10-16-34.jpg","type":"image\/jpeg"}],"author":"Dpto Informatica MI Ayuntamiento de Caudete","twitter_card":"summary_large_image","twitter_misc":{"Escrito por":"Dpto Informatica MI Ayuntamiento de Caudete","Tiempo de lectura":"3 minutos"},"schema":{"@context":"https:\/\/schema.org","@graph":[{"@type":"Article","@id":"https:\/\/www.caudete.org\/ayuntamiento\/enriquecedora-y-amplia-colaboracion-entre-la-escuela-de-musica-musichalle-de-toulouse-y-la-escuela-municipal-de-musica-y-danza-de-caudete-en-el-marco-de-la-acreditacion-erasmus-educacion-de\/#article","isPartOf":{"@id":"https:\/\/www.caudete.org\/ayuntamiento\/enriquecedora-y-amplia-colaboracion-entre-la-escuela-de-musica-musichalle-de-toulouse-y-la-escuela-municipal-de-musica-y-danza-de-caudete-en-el-marco-de-la-acreditacion-erasmus-educacion-de\/"},"author":{"name":"Dpto Informatica MI Ayuntamiento de Caudete","@id":"https:\/\/www.caudete.org\/ayuntamiento\/#\/schema\/person\/4b9eab41761957db9b1bf9c418d1ef46"},"headline":"Contin\u00faa la colaboraci\u00f3n Erasmus+ entre Music\u2019Halle de Toulouse y la Escuela Municipal de M\u00fasica y Danza de Caudete","datePublished":"2025-05-30T06:00:32+00:00","dateModified":"2025-05-30T06:32:27+00:00","mainEntityOfPage":{"@id":"https:\/\/www.caudete.org\/ayuntamiento\/enriquecedora-y-amplia-colaboracion-entre-la-escuela-de-musica-musichalle-de-toulouse-y-la-escuela-municipal-de-musica-y-danza-de-caudete-en-el-marco-de-la-acreditacion-erasmus-educacion-de\/"},"wordCount":425,"publisher":{"@id":"https:\/\/www.caudete.org\/ayuntamiento\/#organization"},"image":{"@id":"https:\/\/www.caudete.org\/ayuntamiento\/enriquecedora-y-amplia-colaboracion-entre-la-escuela-de-musica-musichalle-de-toulouse-y-la-escuela-municipal-de-musica-y-danza-de-caudete-en-el-marco-de-la-acreditacion-erasmus-educacion-de\/#primaryimage"},"thumbnailUrl":"https:\/\/www.caudete.org\/ayuntamiento\/wp-content\/uploads\/2025\/05\/PHOTO-2025-05-12-10-16-34.jpg","articleSection":["Desarrollo Local"],"inLanguage":"es"},{"@type":"WebPage","@id":"https:\/\/www.caudete.org\/ayuntamiento\/enriquecedora-y-amplia-colaboracion-entre-la-escuela-de-musica-musichalle-de-toulouse-y-la-escuela-municipal-de-musica-y-danza-de-caudete-en-el-marco-de-la-acreditacion-erasmus-educacion-de\/","url":"https:\/\/www.caudete.org\/ayuntamiento\/enriquecedora-y-amplia-colaboracion-entre-la-escuela-de-musica-musichalle-de-toulouse-y-la-escuela-municipal-de-musica-y-danza-de-caudete-en-el-marco-de-la-acreditacion-erasmus-educacion-de\/","name":"Contin\u00faa la colaboraci\u00f3n Erasmus+ entre Music\u2019Halle de Toulouse y la Escuela Municipal de M\u00fasica y Danza de Caudete - MI Ayuntamiento de Caudete","isPartOf":{"@id":"https:\/\/www.caudete.org\/ayuntamiento\/#website"},"primaryImageOfPage":{"@id":"https:\/\/www.caudete.org\/ayuntamiento\/enriquecedora-y-amplia-colaboracion-entre-la-escuela-de-musica-musichalle-de-toulouse-y-la-escuela-municipal-de-musica-y-danza-de-caudete-en-el-marco-de-la-acreditacion-erasmus-educacion-de\/#primaryimage"},"image":{"@id":"https:\/\/www.caudete.org\/ayuntamiento\/enriquecedora-y-amplia-colaboracion-entre-la-escuela-de-musica-musichalle-de-toulouse-y-la-escuela-municipal-de-musica-y-danza-de-caudete-en-el-marco-de-la-acreditacion-erasmus-educacion-de\/#primaryimage"},"thumbnailUrl":"https:\/\/www.caudete.org\/ayuntamiento\/wp-content\/uploads\/2025\/05\/PHOTO-2025-05-12-10-16-34.jpg","datePublished":"2025-05-30T06:00:32+00:00","dateModified":"2025-05-30T06:32:27+00:00","description":"P\u00e1gina Oficial del Ayuntamiento de Caudete (Albacete)","breadcrumb":{"@id":"https:\/\/www.caudete.org\/ayuntamiento\/enriquecedora-y-amplia-colaboracion-entre-la-escuela-de-musica-musichalle-de-toulouse-y-la-escuela-municipal-de-musica-y-danza-de-caudete-en-el-marco-de-la-acreditacion-erasmus-educacion-de\/#breadcrumb"},"inLanguage":"es","potentialAction":[{"@type":"ReadAction","target":["https:\/\/www.caudete.org\/ayuntamiento\/enriquecedora-y-amplia-colaboracion-entre-la-escuela-de-musica-musichalle-de-toulouse-y-la-escuela-municipal-de-musica-y-danza-de-caudete-en-el-marco-de-la-acreditacion-erasmus-educacion-de\/"]}]},{"@type":"ImageObject","inLanguage":"es","@id":"https:\/\/www.caudete.org\/ayuntamiento\/enriquecedora-y-amplia-colaboracion-entre-la-escuela-de-musica-musichalle-de-toulouse-y-la-escuela-municipal-de-musica-y-danza-de-caudete-en-el-marco-de-la-acreditacion-erasmus-educacion-de\/#primaryimage","url":"https:\/\/www.caudete.org\/ayuntamiento\/wp-content\/uploads\/2025\/05\/PHOTO-2025-05-12-10-16-34.jpg","contentUrl":"https:\/\/www.caudete.org\/ayuntamiento\/wp-content\/uploads\/2025\/05\/PHOTO-2025-05-12-10-16-34.jpg","width":1000,"height":562},{"@type":"BreadcrumbList","@id":"https:\/\/www.caudete.org\/ayuntamiento\/enriquecedora-y-amplia-colaboracion-entre-la-escuela-de-musica-musichalle-de-toulouse-y-la-escuela-municipal-de-musica-y-danza-de-caudete-en-el-marco-de-la-acreditacion-erasmus-educacion-de\/#breadcrumb","itemListElement":[{"@type":"ListItem","position":1,"name":"Inicio","item":"https:\/\/www.caudete.org\/ayuntamiento\/"},{"@type":"ListItem","position":2,"name":"Contin\u00faa la colaboraci\u00f3n Erasmus+ entre Music\u2019Halle de Toulouse y la Escuela Municipal de M\u00fasica y Danza de Caudete"}]},{"@type":"WebSite","@id":"https:\/\/www.caudete.org\/ayuntamiento\/#website","url":"https:\/\/www.caudete.org\/ayuntamiento\/","name":"MI Ayuntamiento de Caudete","description":"P\u00e1gina Oficial del MI Ayuntamiento de Caudete","publisher":{"@id":"https:\/\/www.caudete.org\/ayuntamiento\/#organization"},"potentialAction":[{"@type":"SearchAction","target":{"@type":"EntryPoint","urlTemplate":"https:\/\/www.caudete.org\/ayuntamiento\/?s={search_term_string}"},"query-input":{"@type":"PropertyValueSpecification","valueRequired":true,"valueName":"search_term_string"}}],"inLanguage":"es"},{"@type":"Organization","@id":"https:\/\/www.caudete.org\/ayuntamiento\/#organization","name":"Ayuntamiento de Caudete","url":"https:\/\/www.caudete.org\/ayuntamiento\/","logo":{"@type":"ImageObject","inLanguage":"es","@id":"https:\/\/www.caudete.org\/ayuntamiento\/#\/schema\/logo\/image\/","url":"https:\/\/www.caudete.org\/ayuntamiento\/wp-content\/uploads\/2020\/11\/logo_ayuntamiento_caudete.jpg","contentUrl":"https:\/\/www.caudete.org\/ayuntamiento\/wp-content\/uploads\/2020\/11\/logo_ayuntamiento_caudete.jpg","width":600,"height":150,"caption":"Ayuntamiento de Caudete"},"image":{"@id":"https:\/\/www.caudete.org\/ayuntamiento\/#\/schema\/logo\/image\/"},"sameAs":["https:\/\/www.facebook.com\/ayuntamientocaudete\/","https:\/\/www.youtube.com\/channel\/UC6VztHaooNsGpw-tNoBEFnQ"]},{"@type":"Person","@id":"https:\/\/www.caudete.org\/ayuntamiento\/#\/schema\/person\/4b9eab41761957db9b1bf9c418d1ef46","name":"Dpto Informatica MI Ayuntamiento de Caudete","image":{"@type":"ImageObject","inLanguage":"es","@id":"https:\/\/secure.gravatar.com\/avatar\/ac0321ee4a0a83e82a253e7b2d348ef539e2c8fe16d06b600bde04de1b364fa7?s=96&d=mm&r=g","url":"https:\/\/secure.gravatar.com\/avatar\/ac0321ee4a0a83e82a253e7b2d348ef539e2c8fe16d06b600bde04de1b364fa7?s=96&d=mm&r=g","contentUrl":"https:\/\/secure.gravatar.com\/avatar\/ac0321ee4a0a83e82a253e7b2d348ef539e2c8fe16d06b600bde04de1b364fa7?s=96&d=mm&r=g","caption":"Dpto Informatica MI Ayuntamiento de Caudete"},"url":"https:\/\/www.caudete.org\/ayuntamiento\/author\/informatica\/"}]}},"_links":{"self":[{"href":"https:\/\/www.caudete.org\/ayuntamiento\/wp-json\/wp\/v2\/posts\/28869","targetHints":{"allow":["GET"]}}],"collection":[{"href":"https:\/\/www.caudete.org\/ayuntamiento\/wp-json\/wp\/v2\/posts"}],"about":[{"href":"https:\/\/www.caudete.org\/ayuntamiento\/wp-json\/wp\/v2\/types\/post"}],"author":[{"embeddable":true,"href":"https:\/\/www.caudete.org\/ayuntamiento\/wp-json\/wp\/v2\/users\/5"}],"replies":[{"embeddable":true,"href":"https:\/\/www.caudete.org\/ayuntamiento\/wp-json\/wp\/v2\/comments?post=28869"}],"version-history":[{"count":3,"href":"https:\/\/www.caudete.org\/ayuntamiento\/wp-json\/wp\/v2\/posts\/28869\/revisions"}],"predecessor-version":[{"id":28900,"href":"https:\/\/www.caudete.org\/ayuntamiento\/wp-json\/wp\/v2\/posts\/28869\/revisions\/28900"}],"wp:featuredmedia":[{"embeddable":true,"href":"https:\/\/www.caudete.org\/ayuntamiento\/wp-json\/wp\/v2\/media\/28875"}],"wp:attachment":[{"href":"https:\/\/www.caudete.org\/ayuntamiento\/wp-json\/wp\/v2\/media?parent=28869"}],"wp:term":[{"taxonomy":"category","embeddable":true,"href":"https:\/\/www.caudete.org\/ayuntamiento\/wp-json\/wp\/v2\/categories?post=28869"},{"taxonomy":"post_tag","embeddable":true,"href":"https:\/\/www.caudete.org\/ayuntamiento\/wp-json\/wp\/v2\/tags?post=28869"}],"curies":[{"name":"wp","href":"https:\/\/api.w.org\/{rel}","templated":true}]}}