{"id":28878,"date":"2025-05-30T08:00:33","date_gmt":"2025-05-30T06:00:33","guid":{"rendered":"https:\/\/www.caudete.org\/ayuntamiento\/?p=28878"},"modified":"2025-06-17T08:13:15","modified_gmt":"2025-06-17T06:13:15","slug":"las-concejalias-de-cultura-y-juventud-presentan-diviartete-el-campamento-urbano-y-aula-verde-para-el-verano-2025","status":"publish","type":"post","link":"https:\/\/www.caudete.org\/ayuntamiento\/las-concejalias-de-cultura-y-juventud-presentan-diviartete-el-campamento-urbano-y-aula-verde-para-el-verano-2025\/","title":{"rendered":"Las Concejal\u00edas de Cultura y Juventud presentan \u201cDiviARTete\u201d, el Campamento Urbano y Aula Verde para el verano 2025"},"content":{"rendered":"<p align=\"justify\"><span style=\"font-size: large;\">Mar\u00eda Manuela Gonz\u00e1lez Solera, concejala de Cultura, y Mar\u00eda Dolores Requena Azor\u00edn, concejala de Juventud del M.I. Ayuntamiento de Caudete, <\/span><span style=\"font-size: large;\">presentan <\/span><strong><span style=\"font-size: large;\">\u201cDiviARTete\u201d<\/span><\/strong> <span style=\"font-size: large;\">el <\/span><em><span style=\"font-size: large;\">Campamento Urbano y Aula Verde<\/span><\/em><span style=\"font-size: large;\"> que se desarrollar\u00e1n durante el periodo estival, enmarcadas dentro del programa \u201c<\/span><strong><span style=\"font-size: large;\">X Las Lunas 202<\/span><\/strong><strong><span style=\"font-size: large;\">5<\/span><\/strong><span style=\"font-size: large;\">\u201d.<\/span><\/p>\n<p align=\"justify\"><span style=\"font-size: large;\">Esta iniciativa est\u00e1 orientada a facilitar la conciliaci\u00f3n familiar y laboral durante las vacaciones escolares, ofreciendo un recurso educativo y l\u00fadico para ni\u00f1os y ni\u00f1as de entre <b>4 y 11 a\u00f1os <\/b><b>(2\u00ba de infantil a 5\u00ba de primaria).<\/b><\/span><\/p>\n<p align=\"justify\"><span style=\"font-size: large;\">El programa se desarrollar\u00e1 del <\/span><span style=\"font-size: large;\">7<\/span> <strong><span style=\"font-size: large;\">julio <\/span><\/strong><strong><span style=\"font-size: large;\">al <\/span><\/strong><strong><span style=\"font-size: large;\">1<\/span><\/strong><strong><span style=\"font-size: large;\"> de <\/span><\/strong><strong><span style=\"font-size: large;\">agosto<\/span><\/strong><span style=\"font-size: large;\">, en horario de <\/span><strong><span style=\"font-size: large;\">9:30 a 13:00 horas<\/span><\/strong><span style=\"font-size: large;\">, de lunes a viernes, <\/span><span style=\"font-size: large;\">en<\/span><span style=\"font-size: large;\"> la <\/span><strong><span style=\"font-size: large;\">Casa de Cultura<\/span><\/strong><span style=\"font-size: large;\"> y la <\/span><strong><span style=\"font-size: large;\">Sala Joven<\/span><\/strong><span style=\"font-size: large;\">.<\/span><\/p>\n<p align=\"justify\"><span style=\"font-size: large;\">Las actividades estar\u00e1n divididas por grupos de edad y <\/span><span style=\"font-size: large;\">las <\/span><span style=\"font-size: large;\">plazas <\/span><span style=\"font-size: large;\">son <\/span><span style=\"font-size: large;\">limitadas.<\/span><\/p>\n<p align=\"justify\"><span style=\"font-size: large;\">Durante la <\/span><strong><span style=\"font-size: large;\">primera quincena<\/span><\/strong><span style=\"font-size: large;\"> se llevar\u00e1 a cabo el <\/span><em><span style=\"font-size: large;\">Campamento Urbano<\/span><\/em><span style=\"font-size: large;\">, mientras que la <\/span><strong><span style=\"font-size: large;\">segunda quincena<\/span><\/strong><span style=\"font-size: large;\"> estar\u00e1 destinada al <\/span><em><span style=\"font-size: large;\">Aula Verde<\/span><\/em><span style=\"font-size: large;\">. <\/span><\/p>\n<p align=\"justify\"><span style=\"font-size: large;\">Ambas propuestas giran en torno a <\/span><span style=\"font-size: large;\">las artes<\/span><span style=\"font-size: large;\">, fomentando adem\u00e1s valores como el respeto, la tolerancia, la convivencia, el trabajo en equipo y el cuidado del medio ambiente.<\/span><\/p>\n<p align=\"justify\"><span style=\"font-size: large;\">Las <\/span><strong><span style=\"font-size: large;\">inscripciones<\/span><\/strong><span style=\"font-size: large;\"> podr\u00e1n realizarse a partir del <\/span><strong><span style=\"font-size: large;\">lunes 1<\/span><\/strong><strong><span style=\"font-size: large;\">6<\/span><\/strong><strong><span style=\"font-size: large;\"> de junio<\/span><\/strong><span style=\"font-size: large;\"> en la <\/span><strong><span style=\"font-size: large;\">Casa de Cultura<\/span><\/strong><span style=\"font-size: large;\">, en horario de <\/span><strong><span style=\"font-size: large;\">9:00 a 14:00 <\/span><\/strong><strong><span style=\"font-size: large;\">horas<\/span><\/strong><span style=\"font-size: large;\"> y de <\/span><strong><span style=\"font-size: large;\">16:30 a 20:30 <\/span><\/strong><strong><span style=\"font-size: large;\">horas. <\/span><\/strong><\/p>\n<p align=\"justify\"><span style=\"font-size: large;\">En este mismo lugar, estar\u00e1 disponible toda la informaci\u00f3n relativa al funcionamiento del programa, periodos y tasas.<\/span><\/p>\n<p align=\"justify\"><span style=\"font-size: large;\">Desde el Ayuntamiento , se invita a todas las familias interesadas a participar en esta propuesta educativa que, a\u00f1o tras a\u00f1o, se consolida como una alternativa de calidad para los m\u00e1s peque\u00f1os durante el verano.<\/span><\/p>\n<p align=\"justify\"><a href=\"https:\/\/www.caudete.org\/ayuntamiento\/wp-content\/uploads\/2025\/05\/portada-campamento-2025_Pagina_1-3.jpg\" rel='prettyPhoto'><img fetchpriority=\"high\" decoding=\"async\" class=\"alignnone size-full wp-image-28881\" src=\"https:\/\/www.caudete.org\/ayuntamiento\/wp-content\/uploads\/2025\/05\/portada-campamento-2025_Pagina_1-3.jpg\" alt=\"\" width=\"709\" height=\"1000\" srcset=\"https:\/\/www.caudete.org\/ayuntamiento\/wp-content\/uploads\/2025\/05\/portada-campamento-2025_Pagina_1-3.jpg 709w, https:\/\/www.caudete.org\/ayuntamiento\/wp-content\/uploads\/2025\/05\/portada-campamento-2025_Pagina_1-3-284x400.jpg 284w, https:\/\/www.caudete.org\/ayuntamiento\/wp-content\/uploads\/2025\/05\/portada-campamento-2025_Pagina_1-3-567x800.jpg 567w\" sizes=\"(max-width: 709px) 100vw, 709px\" \/><\/a><a href=\"https:\/\/www.caudete.org\/ayuntamiento\/wp-content\/uploads\/2025\/05\/folleto-contraportada.jpg\" rel='prettyPhoto'><img decoding=\"async\" class=\"alignnone size-full wp-image-28880\" src=\"https:\/\/www.caudete.org\/ayuntamiento\/wp-content\/uploads\/2025\/05\/folleto-contraportada.jpg\" alt=\"\" width=\"707\" height=\"1000\" srcset=\"https:\/\/www.caudete.org\/ayuntamiento\/wp-content\/uploads\/2025\/05\/folleto-contraportada.jpg 707w, https:\/\/www.caudete.org\/ayuntamiento\/wp-content\/uploads\/2025\/05\/folleto-contraportada-283x400.jpg 283w, https:\/\/www.caudete.org\/ayuntamiento\/wp-content\/uploads\/2025\/05\/folleto-contraportada-566x800.jpg 566w\" sizes=\"(max-width: 707px) 100vw, 707px\" \/><\/a><\/p>\n","protected":false},"excerpt":{"rendered":"<p>Mar\u00eda Manuela Gonz\u00e1lez Solera, concejala de Cultura, y Mar\u00eda Dolores Requena Azor\u00edn, concejala de Juventud del M.I. Ayuntamiento de Caudete, presentan \u201cDiviARTete\u201d el Campamento Urbano y Aula Verde que se desarrollar\u00e1n durante el periodo estival, enmarcadas dentro del programa \u201cX Las Lunas 2025\u201d. Esta iniciativa est\u00e1 orientada a facilitar la conciliaci\u00f3n familiar y laboral durante &hellip;<\/p>\n","protected":false},"author":5,"featured_media":28883,"comment_status":"closed","ping_status":"open","sticky":false,"template":"","format":"standard","meta":{"ngg_post_thumbnail":0,"footnotes":""},"categories":[667],"tags":[],"class_list":["post-28878","post","type-post","status-publish","format-standard","has-post-thumbnail","hentry","category-juventud-y-cultura"],"yoast_head":"<!-- This site is optimized with the Yoast SEO plugin v27.5 - https:\/\/yoast.com\/product\/yoast-seo-wordpress\/ -->\n<title>Las Concejal\u00edas de Cultura y Juventud presentan \u201cDiviARTete\u201d, el Campamento Urbano y Aula Verde para el verano 2025 - MI Ayuntamiento de Caudete<\/title>\n<meta name=\"description\" content=\"P\u00e1gina Oficial del Ayuntamiento de Caudete (Albacete)\" \/>\n<meta name=\"robots\" content=\"index, follow, max-snippet:-1, max-image-preview:large, max-video-preview:-1\" \/>\n<link rel=\"canonical\" href=\"https:\/\/www.caudete.org\/ayuntamiento\/las-concejalias-de-cultura-y-juventud-presentan-diviartete-el-campamento-urbano-y-aula-verde-para-el-verano-2025\/\" \/>\n<meta property=\"og:locale\" content=\"es_ES\" \/>\n<meta property=\"og:type\" content=\"article\" \/>\n<meta property=\"og:title\" content=\"Las Concejal\u00edas de Cultura y Juventud presentan \u201cDiviARTete\u201d, el Campamento Urbano y Aula Verde para el verano 2025 - MI Ayuntamiento de Caudete\" \/>\n<meta property=\"og:description\" content=\"P\u00e1gina Oficial del Ayuntamiento de Caudete (Albacete)\" \/>\n<meta property=\"og:url\" content=\"https:\/\/www.caudete.org\/ayuntamiento\/las-concejalias-de-cultura-y-juventud-presentan-diviartete-el-campamento-urbano-y-aula-verde-para-el-verano-2025\/\" \/>\n<meta property=\"og:site_name\" content=\"MI Ayuntamiento de Caudete\" \/>\n<meta property=\"article:publisher\" content=\"https:\/\/www.facebook.com\/ayuntamientocaudete\/\" \/>\n<meta property=\"article:published_time\" content=\"2025-05-30T06:00:33+00:00\" \/>\n<meta property=\"article:modified_time\" content=\"2025-06-17T06:13:15+00:00\" \/>\n<meta property=\"og:image\" content=\"https:\/\/www.caudete.org\/ayuntamiento\/wp-content\/uploads\/2025\/05\/portada-campamento-2025_Pagina_1-3-port.jpg\" \/>\n\t<meta property=\"og:image:width\" content=\"704\" \/>\n\t<meta property=\"og:image:height\" content=\"401\" \/>\n\t<meta property=\"og:image:type\" content=\"image\/jpeg\" \/>\n<meta name=\"author\" content=\"Dpto Informatica MI Ayuntamiento de Caudete\" \/>\n<meta name=\"twitter:card\" content=\"summary_large_image\" \/>\n<meta name=\"twitter:label1\" content=\"Escrito por\" \/>\n\t<meta name=\"twitter:data1\" content=\"Dpto Informatica MI Ayuntamiento de Caudete\" \/>\n\t<meta name=\"twitter:label2\" content=\"Tiempo de lectura\" \/>\n\t<meta name=\"twitter:data2\" content=\"2 minutos\" \/>\n<script type=\"application\/ld+json\" class=\"yoast-schema-graph\">{\"@context\":\"https:\\\/\\\/schema.org\",\"@graph\":[{\"@type\":\"Article\",\"@id\":\"https:\\\/\\\/www.caudete.org\\\/ayuntamiento\\\/las-concejalias-de-cultura-y-juventud-presentan-diviartete-el-campamento-urbano-y-aula-verde-para-el-verano-2025\\\/#article\",\"isPartOf\":{\"@id\":\"https:\\\/\\\/www.caudete.org\\\/ayuntamiento\\\/las-concejalias-de-cultura-y-juventud-presentan-diviartete-el-campamento-urbano-y-aula-verde-para-el-verano-2025\\\/\"},\"author\":{\"name\":\"Dpto Informatica MI Ayuntamiento de Caudete\",\"@id\":\"https:\\\/\\\/www.caudete.org\\\/ayuntamiento\\\/#\\\/schema\\\/person\\\/4b9eab41761957db9b1bf9c418d1ef46\"},\"headline\":\"Las Concejal\u00edas de Cultura y Juventud presentan \u201cDiviARTete\u201d, el Campamento Urbano y Aula Verde para el verano 2025\",\"datePublished\":\"2025-05-30T06:00:33+00:00\",\"dateModified\":\"2025-06-17T06:13:15+00:00\",\"mainEntityOfPage\":{\"@id\":\"https:\\\/\\\/www.caudete.org\\\/ayuntamiento\\\/las-concejalias-de-cultura-y-juventud-presentan-diviartete-el-campamento-urbano-y-aula-verde-para-el-verano-2025\\\/\"},\"wordCount\":277,\"publisher\":{\"@id\":\"https:\\\/\\\/www.caudete.org\\\/ayuntamiento\\\/#organization\"},\"image\":{\"@id\":\"https:\\\/\\\/www.caudete.org\\\/ayuntamiento\\\/las-concejalias-de-cultura-y-juventud-presentan-diviartete-el-campamento-urbano-y-aula-verde-para-el-verano-2025\\\/#primaryimage\"},\"thumbnailUrl\":\"https:\\\/\\\/www.caudete.org\\\/ayuntamiento\\\/wp-content\\\/uploads\\\/2025\\\/05\\\/portada-campamento-2025_Pagina_1-3-port.jpg\",\"articleSection\":[\"Juventud y Cultura\"],\"inLanguage\":\"es\"},{\"@type\":\"WebPage\",\"@id\":\"https:\\\/\\\/www.caudete.org\\\/ayuntamiento\\\/las-concejalias-de-cultura-y-juventud-presentan-diviartete-el-campamento-urbano-y-aula-verde-para-el-verano-2025\\\/\",\"url\":\"https:\\\/\\\/www.caudete.org\\\/ayuntamiento\\\/las-concejalias-de-cultura-y-juventud-presentan-diviartete-el-campamento-urbano-y-aula-verde-para-el-verano-2025\\\/\",\"name\":\"Las Concejal\u00edas de Cultura y Juventud presentan \u201cDiviARTete\u201d, el Campamento Urbano y Aula Verde para el verano 2025 - MI Ayuntamiento de Caudete\",\"isPartOf\":{\"@id\":\"https:\\\/\\\/www.caudete.org\\\/ayuntamiento\\\/#website\"},\"primaryImageOfPage\":{\"@id\":\"https:\\\/\\\/www.caudete.org\\\/ayuntamiento\\\/las-concejalias-de-cultura-y-juventud-presentan-diviartete-el-campamento-urbano-y-aula-verde-para-el-verano-2025\\\/#primaryimage\"},\"image\":{\"@id\":\"https:\\\/\\\/www.caudete.org\\\/ayuntamiento\\\/las-concejalias-de-cultura-y-juventud-presentan-diviartete-el-campamento-urbano-y-aula-verde-para-el-verano-2025\\\/#primaryimage\"},\"thumbnailUrl\":\"https:\\\/\\\/www.caudete.org\\\/ayuntamiento\\\/wp-content\\\/uploads\\\/2025\\\/05\\\/portada-campamento-2025_Pagina_1-3-port.jpg\",\"datePublished\":\"2025-05-30T06:00:33+00:00\",\"dateModified\":\"2025-06-17T06:13:15+00:00\",\"description\":\"P\u00e1gina Oficial del Ayuntamiento de Caudete (Albacete)\",\"breadcrumb\":{\"@id\":\"https:\\\/\\\/www.caudete.org\\\/ayuntamiento\\\/las-concejalias-de-cultura-y-juventud-presentan-diviartete-el-campamento-urbano-y-aula-verde-para-el-verano-2025\\\/#breadcrumb\"},\"inLanguage\":\"es\",\"potentialAction\":[{\"@type\":\"ReadAction\",\"target\":[\"https:\\\/\\\/www.caudete.org\\\/ayuntamiento\\\/las-concejalias-de-cultura-y-juventud-presentan-diviartete-el-campamento-urbano-y-aula-verde-para-el-verano-2025\\\/\"]}]},{\"@type\":\"ImageObject\",\"inLanguage\":\"es\",\"@id\":\"https:\\\/\\\/www.caudete.org\\\/ayuntamiento\\\/las-concejalias-de-cultura-y-juventud-presentan-diviartete-el-campamento-urbano-y-aula-verde-para-el-verano-2025\\\/#primaryimage\",\"url\":\"https:\\\/\\\/www.caudete.org\\\/ayuntamiento\\\/wp-content\\\/uploads\\\/2025\\\/05\\\/portada-campamento-2025_Pagina_1-3-port.jpg\",\"contentUrl\":\"https:\\\/\\\/www.caudete.org\\\/ayuntamiento\\\/wp-content\\\/uploads\\\/2025\\\/05\\\/portada-campamento-2025_Pagina_1-3-port.jpg\",\"width\":704,\"height\":401},{\"@type\":\"BreadcrumbList\",\"@id\":\"https:\\\/\\\/www.caudete.org\\\/ayuntamiento\\\/las-concejalias-de-cultura-y-juventud-presentan-diviartete-el-campamento-urbano-y-aula-verde-para-el-verano-2025\\\/#breadcrumb\",\"itemListElement\":[{\"@type\":\"ListItem\",\"position\":1,\"name\":\"Inicio\",\"item\":\"https:\\\/\\\/www.caudete.org\\\/ayuntamiento\\\/\"},{\"@type\":\"ListItem\",\"position\":2,\"name\":\"Las Concejal\u00edas de Cultura y Juventud presentan \u201cDiviARTete\u201d, el Campamento Urbano y Aula Verde para el verano 2025\"}]},{\"@type\":\"WebSite\",\"@id\":\"https:\\\/\\\/www.caudete.org\\\/ayuntamiento\\\/#website\",\"url\":\"https:\\\/\\\/www.caudete.org\\\/ayuntamiento\\\/\",\"name\":\"MI Ayuntamiento de Caudete\",\"description\":\"P\u00e1gina Oficial del MI Ayuntamiento de Caudete\",\"publisher\":{\"@id\":\"https:\\\/\\\/www.caudete.org\\\/ayuntamiento\\\/#organization\"},\"potentialAction\":[{\"@type\":\"SearchAction\",\"target\":{\"@type\":\"EntryPoint\",\"urlTemplate\":\"https:\\\/\\\/www.caudete.org\\\/ayuntamiento\\\/?s={search_term_string}\"},\"query-input\":{\"@type\":\"PropertyValueSpecification\",\"valueRequired\":true,\"valueName\":\"search_term_string\"}}],\"inLanguage\":\"es\"},{\"@type\":\"Organization\",\"@id\":\"https:\\\/\\\/www.caudete.org\\\/ayuntamiento\\\/#organization\",\"name\":\"Ayuntamiento de Caudete\",\"url\":\"https:\\\/\\\/www.caudete.org\\\/ayuntamiento\\\/\",\"logo\":{\"@type\":\"ImageObject\",\"inLanguage\":\"es\",\"@id\":\"https:\\\/\\\/www.caudete.org\\\/ayuntamiento\\\/#\\\/schema\\\/logo\\\/image\\\/\",\"url\":\"https:\\\/\\\/www.caudete.org\\\/ayuntamiento\\\/wp-content\\\/uploads\\\/2020\\\/11\\\/logo_ayuntamiento_caudete.jpg\",\"contentUrl\":\"https:\\\/\\\/www.caudete.org\\\/ayuntamiento\\\/wp-content\\\/uploads\\\/2020\\\/11\\\/logo_ayuntamiento_caudete.jpg\",\"width\":600,\"height\":150,\"caption\":\"Ayuntamiento de Caudete\"},\"image\":{\"@id\":\"https:\\\/\\\/www.caudete.org\\\/ayuntamiento\\\/#\\\/schema\\\/logo\\\/image\\\/\"},\"sameAs\":[\"https:\\\/\\\/www.facebook.com\\\/ayuntamientocaudete\\\/\",\"https:\\\/\\\/www.youtube.com\\\/channel\\\/UC6VztHaooNsGpw-tNoBEFnQ\"]},{\"@type\":\"Person\",\"@id\":\"https:\\\/\\\/www.caudete.org\\\/ayuntamiento\\\/#\\\/schema\\\/person\\\/4b9eab41761957db9b1bf9c418d1ef46\",\"name\":\"Dpto Informatica MI Ayuntamiento de Caudete\",\"image\":{\"@type\":\"ImageObject\",\"inLanguage\":\"es\",\"@id\":\"https:\\\/\\\/secure.gravatar.com\\\/avatar\\\/ac0321ee4a0a83e82a253e7b2d348ef539e2c8fe16d06b600bde04de1b364fa7?s=96&d=mm&r=g\",\"url\":\"https:\\\/\\\/secure.gravatar.com\\\/avatar\\\/ac0321ee4a0a83e82a253e7b2d348ef539e2c8fe16d06b600bde04de1b364fa7?s=96&d=mm&r=g\",\"contentUrl\":\"https:\\\/\\\/secure.gravatar.com\\\/avatar\\\/ac0321ee4a0a83e82a253e7b2d348ef539e2c8fe16d06b600bde04de1b364fa7?s=96&d=mm&r=g\",\"caption\":\"Dpto Informatica MI Ayuntamiento de Caudete\"},\"url\":\"https:\\\/\\\/www.caudete.org\\\/ayuntamiento\\\/author\\\/informatica\\\/\"}]}<\/script>\n<!-- \/ Yoast SEO plugin. -->","yoast_head_json":{"title":"Las Concejal\u00edas de Cultura y Juventud presentan \u201cDiviARTete\u201d, el Campamento Urbano y Aula Verde para el verano 2025 - MI Ayuntamiento de Caudete","description":"P\u00e1gina Oficial del Ayuntamiento de Caudete (Albacete)","robots":{"index":"index","follow":"follow","max-snippet":"max-snippet:-1","max-image-preview":"max-image-preview:large","max-video-preview":"max-video-preview:-1"},"canonical":"https:\/\/www.caudete.org\/ayuntamiento\/las-concejalias-de-cultura-y-juventud-presentan-diviartete-el-campamento-urbano-y-aula-verde-para-el-verano-2025\/","og_locale":"es_ES","og_type":"article","og_title":"Las Concejal\u00edas de Cultura y Juventud presentan \u201cDiviARTete\u201d, el Campamento Urbano y Aula Verde para el verano 2025 - MI Ayuntamiento de Caudete","og_description":"P\u00e1gina Oficial del Ayuntamiento de Caudete (Albacete)","og_url":"https:\/\/www.caudete.org\/ayuntamiento\/las-concejalias-de-cultura-y-juventud-presentan-diviartete-el-campamento-urbano-y-aula-verde-para-el-verano-2025\/","og_site_name":"MI Ayuntamiento de Caudete","article_publisher":"https:\/\/www.facebook.com\/ayuntamientocaudete\/","article_published_time":"2025-05-30T06:00:33+00:00","article_modified_time":"2025-06-17T06:13:15+00:00","og_image":[{"width":704,"height":401,"url":"https:\/\/www.caudete.org\/ayuntamiento\/wp-content\/uploads\/2025\/05\/portada-campamento-2025_Pagina_1-3-port.jpg","type":"image\/jpeg"}],"author":"Dpto Informatica MI Ayuntamiento de Caudete","twitter_card":"summary_large_image","twitter_misc":{"Escrito por":"Dpto Informatica MI Ayuntamiento de Caudete","Tiempo de lectura":"2 minutos"},"schema":{"@context":"https:\/\/schema.org","@graph":[{"@type":"Article","@id":"https:\/\/www.caudete.org\/ayuntamiento\/las-concejalias-de-cultura-y-juventud-presentan-diviartete-el-campamento-urbano-y-aula-verde-para-el-verano-2025\/#article","isPartOf":{"@id":"https:\/\/www.caudete.org\/ayuntamiento\/las-concejalias-de-cultura-y-juventud-presentan-diviartete-el-campamento-urbano-y-aula-verde-para-el-verano-2025\/"},"author":{"name":"Dpto Informatica MI Ayuntamiento de Caudete","@id":"https:\/\/www.caudete.org\/ayuntamiento\/#\/schema\/person\/4b9eab41761957db9b1bf9c418d1ef46"},"headline":"Las Concejal\u00edas de Cultura y Juventud presentan \u201cDiviARTete\u201d, el Campamento Urbano y Aula Verde para el verano 2025","datePublished":"2025-05-30T06:00:33+00:00","dateModified":"2025-06-17T06:13:15+00:00","mainEntityOfPage":{"@id":"https:\/\/www.caudete.org\/ayuntamiento\/las-concejalias-de-cultura-y-juventud-presentan-diviartete-el-campamento-urbano-y-aula-verde-para-el-verano-2025\/"},"wordCount":277,"publisher":{"@id":"https:\/\/www.caudete.org\/ayuntamiento\/#organization"},"image":{"@id":"https:\/\/www.caudete.org\/ayuntamiento\/las-concejalias-de-cultura-y-juventud-presentan-diviartete-el-campamento-urbano-y-aula-verde-para-el-verano-2025\/#primaryimage"},"thumbnailUrl":"https:\/\/www.caudete.org\/ayuntamiento\/wp-content\/uploads\/2025\/05\/portada-campamento-2025_Pagina_1-3-port.jpg","articleSection":["Juventud y Cultura"],"inLanguage":"es"},{"@type":"WebPage","@id":"https:\/\/www.caudete.org\/ayuntamiento\/las-concejalias-de-cultura-y-juventud-presentan-diviartete-el-campamento-urbano-y-aula-verde-para-el-verano-2025\/","url":"https:\/\/www.caudete.org\/ayuntamiento\/las-concejalias-de-cultura-y-juventud-presentan-diviartete-el-campamento-urbano-y-aula-verde-para-el-verano-2025\/","name":"Las Concejal\u00edas de Cultura y Juventud presentan \u201cDiviARTete\u201d, el Campamento Urbano y Aula Verde para el verano 2025 - MI Ayuntamiento de Caudete","isPartOf":{"@id":"https:\/\/www.caudete.org\/ayuntamiento\/#website"},"primaryImageOfPage":{"@id":"https:\/\/www.caudete.org\/ayuntamiento\/las-concejalias-de-cultura-y-juventud-presentan-diviartete-el-campamento-urbano-y-aula-verde-para-el-verano-2025\/#primaryimage"},"image":{"@id":"https:\/\/www.caudete.org\/ayuntamiento\/las-concejalias-de-cultura-y-juventud-presentan-diviartete-el-campamento-urbano-y-aula-verde-para-el-verano-2025\/#primaryimage"},"thumbnailUrl":"https:\/\/www.caudete.org\/ayuntamiento\/wp-content\/uploads\/2025\/05\/portada-campamento-2025_Pagina_1-3-port.jpg","datePublished":"2025-05-30T06:00:33+00:00","dateModified":"2025-06-17T06:13:15+00:00","description":"P\u00e1gina Oficial del Ayuntamiento de Caudete (Albacete)","breadcrumb":{"@id":"https:\/\/www.caudete.org\/ayuntamiento\/las-concejalias-de-cultura-y-juventud-presentan-diviartete-el-campamento-urbano-y-aula-verde-para-el-verano-2025\/#breadcrumb"},"inLanguage":"es","potentialAction":[{"@type":"ReadAction","target":["https:\/\/www.caudete.org\/ayuntamiento\/las-concejalias-de-cultura-y-juventud-presentan-diviartete-el-campamento-urbano-y-aula-verde-para-el-verano-2025\/"]}]},{"@type":"ImageObject","inLanguage":"es","@id":"https:\/\/www.caudete.org\/ayuntamiento\/las-concejalias-de-cultura-y-juventud-presentan-diviartete-el-campamento-urbano-y-aula-verde-para-el-verano-2025\/#primaryimage","url":"https:\/\/www.caudete.org\/ayuntamiento\/wp-content\/uploads\/2025\/05\/portada-campamento-2025_Pagina_1-3-port.jpg","contentUrl":"https:\/\/www.caudete.org\/ayuntamiento\/wp-content\/uploads\/2025\/05\/portada-campamento-2025_Pagina_1-3-port.jpg","width":704,"height":401},{"@type":"BreadcrumbList","@id":"https:\/\/www.caudete.org\/ayuntamiento\/las-concejalias-de-cultura-y-juventud-presentan-diviartete-el-campamento-urbano-y-aula-verde-para-el-verano-2025\/#breadcrumb","itemListElement":[{"@type":"ListItem","position":1,"name":"Inicio","item":"https:\/\/www.caudete.org\/ayuntamiento\/"},{"@type":"ListItem","position":2,"name":"Las Concejal\u00edas de Cultura y Juventud presentan \u201cDiviARTete\u201d, el Campamento Urbano y Aula Verde para el verano 2025"}]},{"@type":"WebSite","@id":"https:\/\/www.caudete.org\/ayuntamiento\/#website","url":"https:\/\/www.caudete.org\/ayuntamiento\/","name":"MI Ayuntamiento de Caudete","description":"P\u00e1gina Oficial del MI Ayuntamiento de Caudete","publisher":{"@id":"https:\/\/www.caudete.org\/ayuntamiento\/#organization"},"potentialAction":[{"@type":"SearchAction","target":{"@type":"EntryPoint","urlTemplate":"https:\/\/www.caudete.org\/ayuntamiento\/?s={search_term_string}"},"query-input":{"@type":"PropertyValueSpecification","valueRequired":true,"valueName":"search_term_string"}}],"inLanguage":"es"},{"@type":"Organization","@id":"https:\/\/www.caudete.org\/ayuntamiento\/#organization","name":"Ayuntamiento de Caudete","url":"https:\/\/www.caudete.org\/ayuntamiento\/","logo":{"@type":"ImageObject","inLanguage":"es","@id":"https:\/\/www.caudete.org\/ayuntamiento\/#\/schema\/logo\/image\/","url":"https:\/\/www.caudete.org\/ayuntamiento\/wp-content\/uploads\/2020\/11\/logo_ayuntamiento_caudete.jpg","contentUrl":"https:\/\/www.caudete.org\/ayuntamiento\/wp-content\/uploads\/2020\/11\/logo_ayuntamiento_caudete.jpg","width":600,"height":150,"caption":"Ayuntamiento de Caudete"},"image":{"@id":"https:\/\/www.caudete.org\/ayuntamiento\/#\/schema\/logo\/image\/"},"sameAs":["https:\/\/www.facebook.com\/ayuntamientocaudete\/","https:\/\/www.youtube.com\/channel\/UC6VztHaooNsGpw-tNoBEFnQ"]},{"@type":"Person","@id":"https:\/\/www.caudete.org\/ayuntamiento\/#\/schema\/person\/4b9eab41761957db9b1bf9c418d1ef46","name":"Dpto Informatica MI Ayuntamiento de Caudete","image":{"@type":"ImageObject","inLanguage":"es","@id":"https:\/\/secure.gravatar.com\/avatar\/ac0321ee4a0a83e82a253e7b2d348ef539e2c8fe16d06b600bde04de1b364fa7?s=96&d=mm&r=g","url":"https:\/\/secure.gravatar.com\/avatar\/ac0321ee4a0a83e82a253e7b2d348ef539e2c8fe16d06b600bde04de1b364fa7?s=96&d=mm&r=g","contentUrl":"https:\/\/secure.gravatar.com\/avatar\/ac0321ee4a0a83e82a253e7b2d348ef539e2c8fe16d06b600bde04de1b364fa7?s=96&d=mm&r=g","caption":"Dpto Informatica MI Ayuntamiento de Caudete"},"url":"https:\/\/www.caudete.org\/ayuntamiento\/author\/informatica\/"}]}},"_links":{"self":[{"href":"https:\/\/www.caudete.org\/ayuntamiento\/wp-json\/wp\/v2\/posts\/28878","targetHints":{"allow":["GET"]}}],"collection":[{"href":"https:\/\/www.caudete.org\/ayuntamiento\/wp-json\/wp\/v2\/posts"}],"about":[{"href":"https:\/\/www.caudete.org\/ayuntamiento\/wp-json\/wp\/v2\/types\/post"}],"author":[{"embeddable":true,"href":"https:\/\/www.caudete.org\/ayuntamiento\/wp-json\/wp\/v2\/users\/5"}],"replies":[{"embeddable":true,"href":"https:\/\/www.caudete.org\/ayuntamiento\/wp-json\/wp\/v2\/comments?post=28878"}],"version-history":[{"count":1,"href":"https:\/\/www.caudete.org\/ayuntamiento\/wp-json\/wp\/v2\/posts\/28878\/revisions"}],"predecessor-version":[{"id":28882,"href":"https:\/\/www.caudete.org\/ayuntamiento\/wp-json\/wp\/v2\/posts\/28878\/revisions\/28882"}],"wp:featuredmedia":[{"embeddable":true,"href":"https:\/\/www.caudete.org\/ayuntamiento\/wp-json\/wp\/v2\/media\/28883"}],"wp:attachment":[{"href":"https:\/\/www.caudete.org\/ayuntamiento\/wp-json\/wp\/v2\/media?parent=28878"}],"wp:term":[{"taxonomy":"category","embeddable":true,"href":"https:\/\/www.caudete.org\/ayuntamiento\/wp-json\/wp\/v2\/categories?post=28878"},{"taxonomy":"post_tag","embeddable":true,"href":"https:\/\/www.caudete.org\/ayuntamiento\/wp-json\/wp\/v2\/tags?post=28878"}],"curies":[{"name":"wp","href":"https:\/\/api.w.org\/{rel}","templated":true}]}}