{"id":28901,"date":"2025-05-13T08:00:36","date_gmt":"2025-05-13T06:00:36","guid":{"rendered":"https:\/\/www.caudete.org\/ayuntamiento\/?p=28901"},"modified":"2025-05-30T14:04:43","modified_gmt":"2025-05-30T12:04:43","slug":"la-camara-municipal-de-lisboa-acoge-a-personal-tecnico-de-las-areas-de-desarrollo-local-y-formacion-profesional-del-ayuntamiento-de-caudete-en-el-marco-del-programa-erasmus","status":"publish","type":"post","link":"https:\/\/www.caudete.org\/ayuntamiento\/la-camara-municipal-de-lisboa-acoge-a-personal-tecnico-de-las-areas-de-desarrollo-local-y-formacion-profesional-del-ayuntamiento-de-caudete-en-el-marco-del-programa-erasmus\/","title":{"rendered":"La C\u00e1mara Municipal de Lisboa acoge a personal t\u00e9cnico de las \u00e1reas de Desarrollo Local y Formaci\u00f3n Profesional  del Ayuntamiento de Caudete en el marco del programa Erasmus+"},"content":{"rendered":"<p><a href=\"https:\/\/www.caudete.org\/ayuntamiento\/wp-content\/uploads\/2025\/05\/erasmus.jpg\" rel='prettyPhoto'><img fetchpriority=\"high\" decoding=\"async\" class=\"size-full wp-image-28707 aligncenter\" src=\"https:\/\/www.caudete.org\/ayuntamiento\/wp-content\/uploads\/2025\/05\/erasmus.jpg\" alt=\"\" width=\"1145\" height=\"160\" srcset=\"https:\/\/www.caudete.org\/ayuntamiento\/wp-content\/uploads\/2025\/05\/erasmus.jpg 1145w, https:\/\/www.caudete.org\/ayuntamiento\/wp-content\/uploads\/2025\/05\/erasmus-600x84.jpg 600w, https:\/\/www.caudete.org\/ayuntamiento\/wp-content\/uploads\/2025\/05\/erasmus-768x107.jpg 768w\" sizes=\"(max-width: 1145px) 100vw, 1145px\" \/><\/a><\/p>\n<p>M.\u00aa Dolores Requena Azor\u00edn, concejal de proyectos europeos del Ayuntamiento de Caudete informa de la reciente actividad de observaci\u00f3n de pr\u00e1cticas de trabajo realizada por personal t\u00e9cnico municipal responsable de las \u00e1reas de desarrollo local y formaci\u00f3n profesional para el empleo en la C\u00e1mara Municipal de Lisboa.<\/p>\n<p>La actividad ha permitido al personal del ayuntamiento conocer el Centro de Formaci\u00f3n en Jardiner\u00eda y Pavimentaci\u00f3n Conde Dos Arcos y su oferta formativa para diferentes colectivos, e itinerarios, desde la formaci\u00f3n profesional a la educaci\u00f3n a lo largo de la vida dirigida a la poblaci\u00f3n en general, con interesantes iniciativas como los huertos urbanos.<\/p>\n<p>Las participantes pudieron asimismo conocer el interesante proyecto Lisboa Ciudad de Aprendizaje, que, a trav\u00e9s de una plataforma digital gestionada por el ayuntamiento de la capital portuguesa, propone, desde un \u00fanico espacio, una amplia oferta formativa para la ciudadan\u00eda, a trav\u00e9s de una red de entidades de formaci\u00f3n colaboradores.<\/p>\n<p>El pasaporte de competencias digitales o el uso de micro-credenciales o acreditaciones digitales son algunas otras interesantes y novedosas iniciativas que se han conocido.<\/p>\n<p>Personal de la C\u00e1mara Municipal de Lisboa ser\u00e1 recibido en Caudete en pr\u00f3ximos meses en el marco de la relaci\u00f3n de colaboraci\u00f3n en proyectos europeos que se ha iniciado con esta primera actividad.<\/p>\n<p><a href=\"https:\/\/www.caudete.org\/ayuntamiento\/wp-content\/uploads\/2025\/05\/IMG_9378.jpg\" rel='prettyPhoto'><img decoding=\"async\" class=\"alignnone size-full wp-image-28908\" src=\"https:\/\/www.caudete.org\/ayuntamiento\/wp-content\/uploads\/2025\/05\/IMG_9378.jpg\" alt=\"\" width=\"1000\" height=\"750\" srcset=\"https:\/\/www.caudete.org\/ayuntamiento\/wp-content\/uploads\/2025\/05\/IMG_9378.jpg 1000w, https:\/\/www.caudete.org\/ayuntamiento\/wp-content\/uploads\/2025\/05\/IMG_9378-533x400.jpg 533w, https:\/\/www.caudete.org\/ayuntamiento\/wp-content\/uploads\/2025\/05\/IMG_9378-768x576.jpg 768w\" sizes=\"(max-width: 1000px) 100vw, 1000px\" \/><\/a><a href=\"https:\/\/www.caudete.org\/ayuntamiento\/wp-content\/uploads\/2025\/05\/IMG_9383.jpg\" rel='prettyPhoto'><img decoding=\"async\" class=\"alignnone size-full wp-image-28909\" src=\"https:\/\/www.caudete.org\/ayuntamiento\/wp-content\/uploads\/2025\/05\/IMG_9383.jpg\" alt=\"\" width=\"1000\" height=\"750\" srcset=\"https:\/\/www.caudete.org\/ayuntamiento\/wp-content\/uploads\/2025\/05\/IMG_9383.jpg 1000w, https:\/\/www.caudete.org\/ayuntamiento\/wp-content\/uploads\/2025\/05\/IMG_9383-533x400.jpg 533w, https:\/\/www.caudete.org\/ayuntamiento\/wp-content\/uploads\/2025\/05\/IMG_9383-768x576.jpg 768w\" sizes=\"(max-width: 1000px) 100vw, 1000px\" \/><\/a><\/p>\n<p><a href=\"https:\/\/www.caudete.org\/ayuntamiento\/wp-content\/uploads\/2025\/05\/IMG_9376.jpg\" rel='prettyPhoto'><img loading=\"lazy\" decoding=\"async\" class=\"alignnone size-full wp-image-28907\" src=\"https:\/\/www.caudete.org\/ayuntamiento\/wp-content\/uploads\/2025\/05\/IMG_9376.jpg\" alt=\"\" width=\"750\" height=\"1000\" srcset=\"https:\/\/www.caudete.org\/ayuntamiento\/wp-content\/uploads\/2025\/05\/IMG_9376.jpg 750w, https:\/\/www.caudete.org\/ayuntamiento\/wp-content\/uploads\/2025\/05\/IMG_9376-300x400.jpg 300w, https:\/\/www.caudete.org\/ayuntamiento\/wp-content\/uploads\/2025\/05\/IMG_9376-600x800.jpg 600w\" sizes=\"(max-width: 750px) 100vw, 750px\" \/><\/a> <a href=\"https:\/\/www.caudete.org\/ayuntamiento\/wp-content\/uploads\/2025\/05\/IMG_9359-rotated.jpg\" rel='prettyPhoto'><img loading=\"lazy\" decoding=\"async\" class=\"alignnone size-full wp-image-28906\" src=\"https:\/\/www.caudete.org\/ayuntamiento\/wp-content\/uploads\/2025\/05\/IMG_9359-rotated.jpg\" alt=\"\" width=\"480\" height=\"640\" srcset=\"https:\/\/www.caudete.org\/ayuntamiento\/wp-content\/uploads\/2025\/05\/IMG_9359-rotated.jpg 480w, https:\/\/www.caudete.org\/ayuntamiento\/wp-content\/uploads\/2025\/05\/IMG_9359-300x400.jpg 300w\" sizes=\"(max-width: 480px) 100vw, 480px\" \/><\/a><\/p>\n","protected":false},"excerpt":{"rendered":"<p>M.\u00aa Dolores Requena Azor\u00edn, concejal de proyectos europeos del Ayuntamiento de Caudete informa de la reciente actividad de observaci\u00f3n de pr\u00e1cticas de trabajo realizada por personal t\u00e9cnico municipal responsable de las \u00e1reas de desarrollo local y formaci\u00f3n profesional para el empleo en la C\u00e1mara Municipal de Lisboa. La actividad ha permitido al personal del ayuntamiento &hellip;<\/p>\n","protected":false},"author":5,"featured_media":28904,"comment_status":"closed","ping_status":"open","sticky":false,"template":"","format":"standard","meta":{"ngg_post_thumbnail":0,"footnotes":""},"categories":[87],"tags":[],"class_list":["post-28901","post","type-post","status-publish","format-standard","has-post-thumbnail","hentry","category-desarrollo-local"],"yoast_head":"<!-- This site is optimized with the Yoast SEO plugin v27.4 - https:\/\/yoast.com\/product\/yoast-seo-wordpress\/ -->\n<title>La C\u00e1mara Municipal de Lisboa acoge a personal t\u00e9cnico de las \u00e1reas de Desarrollo Local y Formaci\u00f3n Profesional del Ayuntamiento de Caudete en el marco del programa Erasmus+ - MI Ayuntamiento de Caudete<\/title>\n<meta name=\"description\" content=\"P\u00e1gina Oficial del Ayuntamiento de Caudete (Albacete)\" \/>\n<meta name=\"robots\" content=\"index, follow, max-snippet:-1, max-image-preview:large, max-video-preview:-1\" \/>\n<link rel=\"canonical\" href=\"https:\/\/www.caudete.org\/ayuntamiento\/la-camara-municipal-de-lisboa-acoge-a-personal-tecnico-de-las-areas-de-desarrollo-local-y-formacion-profesional-del-ayuntamiento-de-caudete-en-el-marco-del-programa-erasmus\/\" \/>\n<meta property=\"og:locale\" content=\"es_ES\" \/>\n<meta property=\"og:type\" content=\"article\" \/>\n<meta property=\"og:title\" content=\"La C\u00e1mara Municipal de Lisboa acoge a personal t\u00e9cnico de las \u00e1reas de Desarrollo Local y Formaci\u00f3n Profesional del Ayuntamiento de Caudete en el marco del programa Erasmus+ - MI Ayuntamiento de Caudete\" \/>\n<meta property=\"og:description\" content=\"P\u00e1gina Oficial del Ayuntamiento de Caudete (Albacete)\" \/>\n<meta property=\"og:url\" content=\"https:\/\/www.caudete.org\/ayuntamiento\/la-camara-municipal-de-lisboa-acoge-a-personal-tecnico-de-las-areas-de-desarrollo-local-y-formacion-profesional-del-ayuntamiento-de-caudete-en-el-marco-del-programa-erasmus\/\" \/>\n<meta property=\"og:site_name\" content=\"MI Ayuntamiento de Caudete\" \/>\n<meta property=\"article:publisher\" content=\"https:\/\/www.facebook.com\/ayuntamientocaudete\/\" \/>\n<meta property=\"article:published_time\" content=\"2025-05-13T06:00:36+00:00\" \/>\n<meta property=\"article:modified_time\" content=\"2025-05-30T12:04:43+00:00\" \/>\n<meta property=\"og:image\" content=\"https:\/\/www.caudete.org\/ayuntamiento\/wp-content\/uploads\/2025\/05\/IMG_9385.jpg\" \/>\n\t<meta property=\"og:image:width\" content=\"1000\" \/>\n\t<meta property=\"og:image:height\" content=\"584\" \/>\n\t<meta property=\"og:image:type\" content=\"image\/jpeg\" \/>\n<meta name=\"author\" content=\"Dpto Informatica MI Ayuntamiento de Caudete\" \/>\n<meta name=\"twitter:card\" content=\"summary_large_image\" \/>\n<meta name=\"twitter:label1\" content=\"Escrito por\" \/>\n\t<meta name=\"twitter:data1\" content=\"Dpto Informatica MI Ayuntamiento de Caudete\" \/>\n\t<meta name=\"twitter:label2\" content=\"Tiempo de lectura\" \/>\n\t<meta name=\"twitter:data2\" content=\"3 minutos\" \/>\n<script type=\"application\/ld+json\" class=\"yoast-schema-graph\">{\"@context\":\"https:\\\/\\\/schema.org\",\"@graph\":[{\"@type\":\"Article\",\"@id\":\"https:\\\/\\\/www.caudete.org\\\/ayuntamiento\\\/la-camara-municipal-de-lisboa-acoge-a-personal-tecnico-de-las-areas-de-desarrollo-local-y-formacion-profesional-del-ayuntamiento-de-caudete-en-el-marco-del-programa-erasmus\\\/#article\",\"isPartOf\":{\"@id\":\"https:\\\/\\\/www.caudete.org\\\/ayuntamiento\\\/la-camara-municipal-de-lisboa-acoge-a-personal-tecnico-de-las-areas-de-desarrollo-local-y-formacion-profesional-del-ayuntamiento-de-caudete-en-el-marco-del-programa-erasmus\\\/\"},\"author\":{\"name\":\"Dpto Informatica MI Ayuntamiento de Caudete\",\"@id\":\"https:\\\/\\\/www.caudete.org\\\/ayuntamiento\\\/#\\\/schema\\\/person\\\/4b9eab41761957db9b1bf9c418d1ef46\"},\"headline\":\"La C\u00e1mara Municipal de Lisboa acoge a personal t\u00e9cnico de las \u00e1reas de Desarrollo Local y Formaci\u00f3n Profesional del Ayuntamiento de Caudete en el marco del programa Erasmus+\",\"datePublished\":\"2025-05-13T06:00:36+00:00\",\"dateModified\":\"2025-05-30T12:04:43+00:00\",\"mainEntityOfPage\":{\"@id\":\"https:\\\/\\\/www.caudete.org\\\/ayuntamiento\\\/la-camara-municipal-de-lisboa-acoge-a-personal-tecnico-de-las-areas-de-desarrollo-local-y-formacion-profesional-del-ayuntamiento-de-caudete-en-el-marco-del-programa-erasmus\\\/\"},\"wordCount\":259,\"publisher\":{\"@id\":\"https:\\\/\\\/www.caudete.org\\\/ayuntamiento\\\/#organization\"},\"image\":{\"@id\":\"https:\\\/\\\/www.caudete.org\\\/ayuntamiento\\\/la-camara-municipal-de-lisboa-acoge-a-personal-tecnico-de-las-areas-de-desarrollo-local-y-formacion-profesional-del-ayuntamiento-de-caudete-en-el-marco-del-programa-erasmus\\\/#primaryimage\"},\"thumbnailUrl\":\"https:\\\/\\\/www.caudete.org\\\/ayuntamiento\\\/wp-content\\\/uploads\\\/2025\\\/05\\\/IMG_9385.jpg\",\"articleSection\":[\"Desarrollo Local\"],\"inLanguage\":\"es\"},{\"@type\":\"WebPage\",\"@id\":\"https:\\\/\\\/www.caudete.org\\\/ayuntamiento\\\/la-camara-municipal-de-lisboa-acoge-a-personal-tecnico-de-las-areas-de-desarrollo-local-y-formacion-profesional-del-ayuntamiento-de-caudete-en-el-marco-del-programa-erasmus\\\/\",\"url\":\"https:\\\/\\\/www.caudete.org\\\/ayuntamiento\\\/la-camara-municipal-de-lisboa-acoge-a-personal-tecnico-de-las-areas-de-desarrollo-local-y-formacion-profesional-del-ayuntamiento-de-caudete-en-el-marco-del-programa-erasmus\\\/\",\"name\":\"La C\u00e1mara Municipal de Lisboa acoge a personal t\u00e9cnico de las \u00e1reas de Desarrollo Local y Formaci\u00f3n Profesional del Ayuntamiento de Caudete en el marco del programa Erasmus+ - MI Ayuntamiento de Caudete\",\"isPartOf\":{\"@id\":\"https:\\\/\\\/www.caudete.org\\\/ayuntamiento\\\/#website\"},\"primaryImageOfPage\":{\"@id\":\"https:\\\/\\\/www.caudete.org\\\/ayuntamiento\\\/la-camara-municipal-de-lisboa-acoge-a-personal-tecnico-de-las-areas-de-desarrollo-local-y-formacion-profesional-del-ayuntamiento-de-caudete-en-el-marco-del-programa-erasmus\\\/#primaryimage\"},\"image\":{\"@id\":\"https:\\\/\\\/www.caudete.org\\\/ayuntamiento\\\/la-camara-municipal-de-lisboa-acoge-a-personal-tecnico-de-las-areas-de-desarrollo-local-y-formacion-profesional-del-ayuntamiento-de-caudete-en-el-marco-del-programa-erasmus\\\/#primaryimage\"},\"thumbnailUrl\":\"https:\\\/\\\/www.caudete.org\\\/ayuntamiento\\\/wp-content\\\/uploads\\\/2025\\\/05\\\/IMG_9385.jpg\",\"datePublished\":\"2025-05-13T06:00:36+00:00\",\"dateModified\":\"2025-05-30T12:04:43+00:00\",\"description\":\"P\u00e1gina Oficial del Ayuntamiento de Caudete (Albacete)\",\"breadcrumb\":{\"@id\":\"https:\\\/\\\/www.caudete.org\\\/ayuntamiento\\\/la-camara-municipal-de-lisboa-acoge-a-personal-tecnico-de-las-areas-de-desarrollo-local-y-formacion-profesional-del-ayuntamiento-de-caudete-en-el-marco-del-programa-erasmus\\\/#breadcrumb\"},\"inLanguage\":\"es\",\"potentialAction\":[{\"@type\":\"ReadAction\",\"target\":[\"https:\\\/\\\/www.caudete.org\\\/ayuntamiento\\\/la-camara-municipal-de-lisboa-acoge-a-personal-tecnico-de-las-areas-de-desarrollo-local-y-formacion-profesional-del-ayuntamiento-de-caudete-en-el-marco-del-programa-erasmus\\\/\"]}]},{\"@type\":\"ImageObject\",\"inLanguage\":\"es\",\"@id\":\"https:\\\/\\\/www.caudete.org\\\/ayuntamiento\\\/la-camara-municipal-de-lisboa-acoge-a-personal-tecnico-de-las-areas-de-desarrollo-local-y-formacion-profesional-del-ayuntamiento-de-caudete-en-el-marco-del-programa-erasmus\\\/#primaryimage\",\"url\":\"https:\\\/\\\/www.caudete.org\\\/ayuntamiento\\\/wp-content\\\/uploads\\\/2025\\\/05\\\/IMG_9385.jpg\",\"contentUrl\":\"https:\\\/\\\/www.caudete.org\\\/ayuntamiento\\\/wp-content\\\/uploads\\\/2025\\\/05\\\/IMG_9385.jpg\",\"width\":1000,\"height\":584},{\"@type\":\"BreadcrumbList\",\"@id\":\"https:\\\/\\\/www.caudete.org\\\/ayuntamiento\\\/la-camara-municipal-de-lisboa-acoge-a-personal-tecnico-de-las-areas-de-desarrollo-local-y-formacion-profesional-del-ayuntamiento-de-caudete-en-el-marco-del-programa-erasmus\\\/#breadcrumb\",\"itemListElement\":[{\"@type\":\"ListItem\",\"position\":1,\"name\":\"Inicio\",\"item\":\"https:\\\/\\\/www.caudete.org\\\/ayuntamiento\\\/\"},{\"@type\":\"ListItem\",\"position\":2,\"name\":\"La C\u00e1mara Municipal de Lisboa acoge a personal t\u00e9cnico de las \u00e1reas de Desarrollo Local y Formaci\u00f3n Profesional del Ayuntamiento de Caudete en el marco del programa Erasmus+\"}]},{\"@type\":\"WebSite\",\"@id\":\"https:\\\/\\\/www.caudete.org\\\/ayuntamiento\\\/#website\",\"url\":\"https:\\\/\\\/www.caudete.org\\\/ayuntamiento\\\/\",\"name\":\"MI Ayuntamiento de Caudete\",\"description\":\"P\u00e1gina Oficial del MI Ayuntamiento de Caudete\",\"publisher\":{\"@id\":\"https:\\\/\\\/www.caudete.org\\\/ayuntamiento\\\/#organization\"},\"potentialAction\":[{\"@type\":\"SearchAction\",\"target\":{\"@type\":\"EntryPoint\",\"urlTemplate\":\"https:\\\/\\\/www.caudete.org\\\/ayuntamiento\\\/?s={search_term_string}\"},\"query-input\":{\"@type\":\"PropertyValueSpecification\",\"valueRequired\":true,\"valueName\":\"search_term_string\"}}],\"inLanguage\":\"es\"},{\"@type\":\"Organization\",\"@id\":\"https:\\\/\\\/www.caudete.org\\\/ayuntamiento\\\/#organization\",\"name\":\"Ayuntamiento de Caudete\",\"url\":\"https:\\\/\\\/www.caudete.org\\\/ayuntamiento\\\/\",\"logo\":{\"@type\":\"ImageObject\",\"inLanguage\":\"es\",\"@id\":\"https:\\\/\\\/www.caudete.org\\\/ayuntamiento\\\/#\\\/schema\\\/logo\\\/image\\\/\",\"url\":\"https:\\\/\\\/www.caudete.org\\\/ayuntamiento\\\/wp-content\\\/uploads\\\/2020\\\/11\\\/logo_ayuntamiento_caudete.jpg\",\"contentUrl\":\"https:\\\/\\\/www.caudete.org\\\/ayuntamiento\\\/wp-content\\\/uploads\\\/2020\\\/11\\\/logo_ayuntamiento_caudete.jpg\",\"width\":600,\"height\":150,\"caption\":\"Ayuntamiento de Caudete\"},\"image\":{\"@id\":\"https:\\\/\\\/www.caudete.org\\\/ayuntamiento\\\/#\\\/schema\\\/logo\\\/image\\\/\"},\"sameAs\":[\"https:\\\/\\\/www.facebook.com\\\/ayuntamientocaudete\\\/\",\"https:\\\/\\\/www.youtube.com\\\/channel\\\/UC6VztHaooNsGpw-tNoBEFnQ\"]},{\"@type\":\"Person\",\"@id\":\"https:\\\/\\\/www.caudete.org\\\/ayuntamiento\\\/#\\\/schema\\\/person\\\/4b9eab41761957db9b1bf9c418d1ef46\",\"name\":\"Dpto Informatica MI Ayuntamiento de Caudete\",\"image\":{\"@type\":\"ImageObject\",\"inLanguage\":\"es\",\"@id\":\"https:\\\/\\\/secure.gravatar.com\\\/avatar\\\/ac0321ee4a0a83e82a253e7b2d348ef539e2c8fe16d06b600bde04de1b364fa7?s=96&d=mm&r=g\",\"url\":\"https:\\\/\\\/secure.gravatar.com\\\/avatar\\\/ac0321ee4a0a83e82a253e7b2d348ef539e2c8fe16d06b600bde04de1b364fa7?s=96&d=mm&r=g\",\"contentUrl\":\"https:\\\/\\\/secure.gravatar.com\\\/avatar\\\/ac0321ee4a0a83e82a253e7b2d348ef539e2c8fe16d06b600bde04de1b364fa7?s=96&d=mm&r=g\",\"caption\":\"Dpto Informatica MI Ayuntamiento de Caudete\"},\"url\":\"https:\\\/\\\/www.caudete.org\\\/ayuntamiento\\\/author\\\/informatica\\\/\"}]}<\/script>\n<!-- \/ Yoast SEO plugin. -->","yoast_head_json":{"title":"La C\u00e1mara Municipal de Lisboa acoge a personal t\u00e9cnico de las \u00e1reas de Desarrollo Local y Formaci\u00f3n Profesional del Ayuntamiento de Caudete en el marco del programa Erasmus+ - MI Ayuntamiento de Caudete","description":"P\u00e1gina Oficial del Ayuntamiento de Caudete (Albacete)","robots":{"index":"index","follow":"follow","max-snippet":"max-snippet:-1","max-image-preview":"max-image-preview:large","max-video-preview":"max-video-preview:-1"},"canonical":"https:\/\/www.caudete.org\/ayuntamiento\/la-camara-municipal-de-lisboa-acoge-a-personal-tecnico-de-las-areas-de-desarrollo-local-y-formacion-profesional-del-ayuntamiento-de-caudete-en-el-marco-del-programa-erasmus\/","og_locale":"es_ES","og_type":"article","og_title":"La C\u00e1mara Municipal de Lisboa acoge a personal t\u00e9cnico de las \u00e1reas de Desarrollo Local y Formaci\u00f3n Profesional del Ayuntamiento de Caudete en el marco del programa Erasmus+ - MI Ayuntamiento de Caudete","og_description":"P\u00e1gina Oficial del Ayuntamiento de Caudete (Albacete)","og_url":"https:\/\/www.caudete.org\/ayuntamiento\/la-camara-municipal-de-lisboa-acoge-a-personal-tecnico-de-las-areas-de-desarrollo-local-y-formacion-profesional-del-ayuntamiento-de-caudete-en-el-marco-del-programa-erasmus\/","og_site_name":"MI Ayuntamiento de Caudete","article_publisher":"https:\/\/www.facebook.com\/ayuntamientocaudete\/","article_published_time":"2025-05-13T06:00:36+00:00","article_modified_time":"2025-05-30T12:04:43+00:00","og_image":[{"width":1000,"height":584,"url":"https:\/\/www.caudete.org\/ayuntamiento\/wp-content\/uploads\/2025\/05\/IMG_9385.jpg","type":"image\/jpeg"}],"author":"Dpto Informatica MI Ayuntamiento de Caudete","twitter_card":"summary_large_image","twitter_misc":{"Escrito por":"Dpto Informatica MI Ayuntamiento de Caudete","Tiempo de lectura":"3 minutos"},"schema":{"@context":"https:\/\/schema.org","@graph":[{"@type":"Article","@id":"https:\/\/www.caudete.org\/ayuntamiento\/la-camara-municipal-de-lisboa-acoge-a-personal-tecnico-de-las-areas-de-desarrollo-local-y-formacion-profesional-del-ayuntamiento-de-caudete-en-el-marco-del-programa-erasmus\/#article","isPartOf":{"@id":"https:\/\/www.caudete.org\/ayuntamiento\/la-camara-municipal-de-lisboa-acoge-a-personal-tecnico-de-las-areas-de-desarrollo-local-y-formacion-profesional-del-ayuntamiento-de-caudete-en-el-marco-del-programa-erasmus\/"},"author":{"name":"Dpto Informatica MI Ayuntamiento de Caudete","@id":"https:\/\/www.caudete.org\/ayuntamiento\/#\/schema\/person\/4b9eab41761957db9b1bf9c418d1ef46"},"headline":"La C\u00e1mara Municipal de Lisboa acoge a personal t\u00e9cnico de las \u00e1reas de Desarrollo Local y Formaci\u00f3n Profesional del Ayuntamiento de Caudete en el marco del programa Erasmus+","datePublished":"2025-05-13T06:00:36+00:00","dateModified":"2025-05-30T12:04:43+00:00","mainEntityOfPage":{"@id":"https:\/\/www.caudete.org\/ayuntamiento\/la-camara-municipal-de-lisboa-acoge-a-personal-tecnico-de-las-areas-de-desarrollo-local-y-formacion-profesional-del-ayuntamiento-de-caudete-en-el-marco-del-programa-erasmus\/"},"wordCount":259,"publisher":{"@id":"https:\/\/www.caudete.org\/ayuntamiento\/#organization"},"image":{"@id":"https:\/\/www.caudete.org\/ayuntamiento\/la-camara-municipal-de-lisboa-acoge-a-personal-tecnico-de-las-areas-de-desarrollo-local-y-formacion-profesional-del-ayuntamiento-de-caudete-en-el-marco-del-programa-erasmus\/#primaryimage"},"thumbnailUrl":"https:\/\/www.caudete.org\/ayuntamiento\/wp-content\/uploads\/2025\/05\/IMG_9385.jpg","articleSection":["Desarrollo Local"],"inLanguage":"es"},{"@type":"WebPage","@id":"https:\/\/www.caudete.org\/ayuntamiento\/la-camara-municipal-de-lisboa-acoge-a-personal-tecnico-de-las-areas-de-desarrollo-local-y-formacion-profesional-del-ayuntamiento-de-caudete-en-el-marco-del-programa-erasmus\/","url":"https:\/\/www.caudete.org\/ayuntamiento\/la-camara-municipal-de-lisboa-acoge-a-personal-tecnico-de-las-areas-de-desarrollo-local-y-formacion-profesional-del-ayuntamiento-de-caudete-en-el-marco-del-programa-erasmus\/","name":"La C\u00e1mara Municipal de Lisboa acoge a personal t\u00e9cnico de las \u00e1reas de Desarrollo Local y Formaci\u00f3n Profesional del Ayuntamiento de Caudete en el marco del programa Erasmus+ - MI Ayuntamiento de Caudete","isPartOf":{"@id":"https:\/\/www.caudete.org\/ayuntamiento\/#website"},"primaryImageOfPage":{"@id":"https:\/\/www.caudete.org\/ayuntamiento\/la-camara-municipal-de-lisboa-acoge-a-personal-tecnico-de-las-areas-de-desarrollo-local-y-formacion-profesional-del-ayuntamiento-de-caudete-en-el-marco-del-programa-erasmus\/#primaryimage"},"image":{"@id":"https:\/\/www.caudete.org\/ayuntamiento\/la-camara-municipal-de-lisboa-acoge-a-personal-tecnico-de-las-areas-de-desarrollo-local-y-formacion-profesional-del-ayuntamiento-de-caudete-en-el-marco-del-programa-erasmus\/#primaryimage"},"thumbnailUrl":"https:\/\/www.caudete.org\/ayuntamiento\/wp-content\/uploads\/2025\/05\/IMG_9385.jpg","datePublished":"2025-05-13T06:00:36+00:00","dateModified":"2025-05-30T12:04:43+00:00","description":"P\u00e1gina Oficial del Ayuntamiento de Caudete (Albacete)","breadcrumb":{"@id":"https:\/\/www.caudete.org\/ayuntamiento\/la-camara-municipal-de-lisboa-acoge-a-personal-tecnico-de-las-areas-de-desarrollo-local-y-formacion-profesional-del-ayuntamiento-de-caudete-en-el-marco-del-programa-erasmus\/#breadcrumb"},"inLanguage":"es","potentialAction":[{"@type":"ReadAction","target":["https:\/\/www.caudete.org\/ayuntamiento\/la-camara-municipal-de-lisboa-acoge-a-personal-tecnico-de-las-areas-de-desarrollo-local-y-formacion-profesional-del-ayuntamiento-de-caudete-en-el-marco-del-programa-erasmus\/"]}]},{"@type":"ImageObject","inLanguage":"es","@id":"https:\/\/www.caudete.org\/ayuntamiento\/la-camara-municipal-de-lisboa-acoge-a-personal-tecnico-de-las-areas-de-desarrollo-local-y-formacion-profesional-del-ayuntamiento-de-caudete-en-el-marco-del-programa-erasmus\/#primaryimage","url":"https:\/\/www.caudete.org\/ayuntamiento\/wp-content\/uploads\/2025\/05\/IMG_9385.jpg","contentUrl":"https:\/\/www.caudete.org\/ayuntamiento\/wp-content\/uploads\/2025\/05\/IMG_9385.jpg","width":1000,"height":584},{"@type":"BreadcrumbList","@id":"https:\/\/www.caudete.org\/ayuntamiento\/la-camara-municipal-de-lisboa-acoge-a-personal-tecnico-de-las-areas-de-desarrollo-local-y-formacion-profesional-del-ayuntamiento-de-caudete-en-el-marco-del-programa-erasmus\/#breadcrumb","itemListElement":[{"@type":"ListItem","position":1,"name":"Inicio","item":"https:\/\/www.caudete.org\/ayuntamiento\/"},{"@type":"ListItem","position":2,"name":"La C\u00e1mara Municipal de Lisboa acoge a personal t\u00e9cnico de las \u00e1reas de Desarrollo Local y Formaci\u00f3n Profesional del Ayuntamiento de Caudete en el marco del programa Erasmus+"}]},{"@type":"WebSite","@id":"https:\/\/www.caudete.org\/ayuntamiento\/#website","url":"https:\/\/www.caudete.org\/ayuntamiento\/","name":"MI Ayuntamiento de Caudete","description":"P\u00e1gina Oficial del MI Ayuntamiento de Caudete","publisher":{"@id":"https:\/\/www.caudete.org\/ayuntamiento\/#organization"},"potentialAction":[{"@type":"SearchAction","target":{"@type":"EntryPoint","urlTemplate":"https:\/\/www.caudete.org\/ayuntamiento\/?s={search_term_string}"},"query-input":{"@type":"PropertyValueSpecification","valueRequired":true,"valueName":"search_term_string"}}],"inLanguage":"es"},{"@type":"Organization","@id":"https:\/\/www.caudete.org\/ayuntamiento\/#organization","name":"Ayuntamiento de Caudete","url":"https:\/\/www.caudete.org\/ayuntamiento\/","logo":{"@type":"ImageObject","inLanguage":"es","@id":"https:\/\/www.caudete.org\/ayuntamiento\/#\/schema\/logo\/image\/","url":"https:\/\/www.caudete.org\/ayuntamiento\/wp-content\/uploads\/2020\/11\/logo_ayuntamiento_caudete.jpg","contentUrl":"https:\/\/www.caudete.org\/ayuntamiento\/wp-content\/uploads\/2020\/11\/logo_ayuntamiento_caudete.jpg","width":600,"height":150,"caption":"Ayuntamiento de Caudete"},"image":{"@id":"https:\/\/www.caudete.org\/ayuntamiento\/#\/schema\/logo\/image\/"},"sameAs":["https:\/\/www.facebook.com\/ayuntamientocaudete\/","https:\/\/www.youtube.com\/channel\/UC6VztHaooNsGpw-tNoBEFnQ"]},{"@type":"Person","@id":"https:\/\/www.caudete.org\/ayuntamiento\/#\/schema\/person\/4b9eab41761957db9b1bf9c418d1ef46","name":"Dpto Informatica MI Ayuntamiento de Caudete","image":{"@type":"ImageObject","inLanguage":"es","@id":"https:\/\/secure.gravatar.com\/avatar\/ac0321ee4a0a83e82a253e7b2d348ef539e2c8fe16d06b600bde04de1b364fa7?s=96&d=mm&r=g","url":"https:\/\/secure.gravatar.com\/avatar\/ac0321ee4a0a83e82a253e7b2d348ef539e2c8fe16d06b600bde04de1b364fa7?s=96&d=mm&r=g","contentUrl":"https:\/\/secure.gravatar.com\/avatar\/ac0321ee4a0a83e82a253e7b2d348ef539e2c8fe16d06b600bde04de1b364fa7?s=96&d=mm&r=g","caption":"Dpto Informatica MI Ayuntamiento de Caudete"},"url":"https:\/\/www.caudete.org\/ayuntamiento\/author\/informatica\/"}]}},"_links":{"self":[{"href":"https:\/\/www.caudete.org\/ayuntamiento\/wp-json\/wp\/v2\/posts\/28901","targetHints":{"allow":["GET"]}}],"collection":[{"href":"https:\/\/www.caudete.org\/ayuntamiento\/wp-json\/wp\/v2\/posts"}],"about":[{"href":"https:\/\/www.caudete.org\/ayuntamiento\/wp-json\/wp\/v2\/types\/post"}],"author":[{"embeddable":true,"href":"https:\/\/www.caudete.org\/ayuntamiento\/wp-json\/wp\/v2\/users\/5"}],"replies":[{"embeddable":true,"href":"https:\/\/www.caudete.org\/ayuntamiento\/wp-json\/wp\/v2\/comments?post=28901"}],"version-history":[{"count":6,"href":"https:\/\/www.caudete.org\/ayuntamiento\/wp-json\/wp\/v2\/posts\/28901\/revisions"}],"predecessor-version":[{"id":28905,"href":"https:\/\/www.caudete.org\/ayuntamiento\/wp-json\/wp\/v2\/posts\/28901\/revisions\/28905"}],"wp:featuredmedia":[{"embeddable":true,"href":"https:\/\/www.caudete.org\/ayuntamiento\/wp-json\/wp\/v2\/media\/28904"}],"wp:attachment":[{"href":"https:\/\/www.caudete.org\/ayuntamiento\/wp-json\/wp\/v2\/media?parent=28901"}],"wp:term":[{"taxonomy":"category","embeddable":true,"href":"https:\/\/www.caudete.org\/ayuntamiento\/wp-json\/wp\/v2\/categories?post=28901"},{"taxonomy":"post_tag","embeddable":true,"href":"https:\/\/www.caudete.org\/ayuntamiento\/wp-json\/wp\/v2\/tags?post=28901"}],"curies":[{"name":"wp","href":"https:\/\/api.w.org\/{rel}","templated":true}]}}