{"id":28924,"date":"2025-06-02T09:00:56","date_gmt":"2025-06-02T07:00:56","guid":{"rendered":"https:\/\/www.caudete.org\/ayuntamiento\/?p=28924"},"modified":"2025-06-03T13:55:11","modified_gmt":"2025-06-03T11:55:11","slug":"caudete-presente-en-la-clausura-del-proyecto-dar-mujer-rural-en-cuenca","status":"publish","type":"post","link":"https:\/\/www.caudete.org\/ayuntamiento\/caudete-presente-en-la-clausura-del-proyecto-dar-mujer-rural-en-cuenca\/","title":{"rendered":"Caudete presente en la clausura del Proyecto Dar (Dones Artistes), en Cuenca"},"content":{"rendered":"<p style=\"text-align: justify;\">El Ayuntamiento de Caudete ha estado presente este pasado jueves en la clausura de la \u00faltima edici\u00f3n del proyecto DAR-Mujer Rural, una iniciativa que impulsa la visibilidad, la formaci\u00f3n y el emprendimiento de mujeres en el medio rural, financiado con Fondos Europeos Next Generation y gestionado por la Junta de Comunidades de Castilla La Mancha.<\/p>\n<p style=\"text-align: justify;\">En representaci\u00f3n de nuestro municipio han asistido las Concejales Manoli Gonz\u00e1lez, por el \u00c1rea de Educaci\u00f3n y Cultura, y Mar\u00eda Mart\u00ednez, por el de Igualdad y en representaci\u00f3n del Centro de la Mujer, mostrando el respaldo institucional a este tipo de programas que abren oportunidades reales para el talento femenino en nuestros pueblos.<\/p>\n<p style=\"text-align: justify;\">Durante el acto se presentaron los proyectos de las mujeres seleccionadas en esta edici\u00f3n, entre ellos el de la caudetana Davinia Fillol, que destac\u00f3 por su enfoque transformador, su vinculaci\u00f3n al territorio y su apuesta por generar impacto social. Sus palabras, al igual que las del resto de participantes, pusieron de relieve la importancia de generar redes y recursos que acompa\u00f1en a las mujeres rurales en su desarrollo personal y profesional.<\/p>\n<p style=\"text-align: justify;\">\u201cEn municipios como Caudete tambi\u00e9n hay muchas mujeres con talento, ideas y capacidad de liderazgo. Queremos que este tipo de iniciativas lleguen a nuestro pueblo\u201d, se\u00f1al\u00f3 Mar\u00eda Mart\u00ednez Garc\u00eda, quien reafirm\u00f3 su compromiso desde el \u00e1rea de Igualdad para trabajar con el Centro de la Mujer en nuevas propuestas locales.<\/p>\n<p style=\"text-align: justify;\">Por su parte, Manoli Gonz\u00e1lez, concejala de Educaci\u00f3n y Cultura, aprovech\u00f3 el encuentro para invitar a todas las mujeres seleccionadas a participar en la pr\u00f3xima edici\u00f3n de la Bienal de Arte y Cultura de Caudete, un evento que busca precisamente dar espacio a la creatividad y la expresi\u00f3n de quienes contribuyen a enriquecer la vida rural desde el arte, el pensamiento y la acci\u00f3n social.<\/p>\n<p style=\"text-align: justify;\">Esta invitaci\u00f3n se enmarca en una visi\u00f3n compartida desde ambas concejal\u00edas para fomentar la conexi\u00f3n entre cultura, igualdad y desarrollo local, generando sinergias que enriquezcan el tejido social y econ\u00f3mico del municipio.<\/p>\n<p style=\"text-align: justify;\">El Ayuntamiento de Caudete seguir\u00e1 trabajando para que espacios como el del proyecto DAR puedan tener continuidad en el \u00e1mbito local, y para que mujeres como Davinia \u2014que crean, cuidan, emprenden y transforman\u2014 sean referentes tambi\u00e9n para nuestras vecinas.<\/p>\n<p><a href=\"https:\/\/www.caudete.org\/ayuntamiento\/wp-content\/uploads\/2025\/06\/IMG-20250529-WA0020.jpg\" rel='prettyPhoto'><img fetchpriority=\"high\" decoding=\"async\" class=\"alignnone wp-image-28928 size-full\" src=\"https:\/\/www.caudete.org\/ayuntamiento\/wp-content\/uploads\/2025\/06\/IMG-20250529-WA0020-e1748794552631.jpg\" alt=\"\" width=\"2048\" height=\"857\" srcset=\"https:\/\/www.caudete.org\/ayuntamiento\/wp-content\/uploads\/2025\/06\/IMG-20250529-WA0020-e1748794552631.jpg 2048w, https:\/\/www.caudete.org\/ayuntamiento\/wp-content\/uploads\/2025\/06\/IMG-20250529-WA0020-e1748794552631-600x251.jpg 600w, https:\/\/www.caudete.org\/ayuntamiento\/wp-content\/uploads\/2025\/06\/IMG-20250529-WA0020-e1748794552631-1200x502.jpg 1200w, https:\/\/www.caudete.org\/ayuntamiento\/wp-content\/uploads\/2025\/06\/IMG-20250529-WA0020-e1748794552631-768x321.jpg 768w, https:\/\/www.caudete.org\/ayuntamiento\/wp-content\/uploads\/2025\/06\/IMG-20250529-WA0020-e1748794552631-1536x643.jpg 1536w\" sizes=\"(max-width: 2048px) 100vw, 2048px\" \/><\/a> \u00a0<a href=\"https:\/\/www.caudete.org\/ayuntamiento\/wp-content\/uploads\/2025\/06\/IMG-20250529-WA0018.jpg\" rel='prettyPhoto'><img decoding=\"async\" class=\"alignnone wp-image-28927 size-full\" src=\"https:\/\/www.caudete.org\/ayuntamiento\/wp-content\/uploads\/2025\/06\/IMG-20250529-WA0018.jpg\" alt=\"\" width=\"1536\" height=\"2048\" srcset=\"https:\/\/www.caudete.org\/ayuntamiento\/wp-content\/uploads\/2025\/06\/IMG-20250529-WA0018.jpg 1536w, https:\/\/www.caudete.org\/ayuntamiento\/wp-content\/uploads\/2025\/06\/IMG-20250529-WA0018-300x400.jpg 300w, https:\/\/www.caudete.org\/ayuntamiento\/wp-content\/uploads\/2025\/06\/IMG-20250529-WA0018-600x800.jpg 600w, https:\/\/www.caudete.org\/ayuntamiento\/wp-content\/uploads\/2025\/06\/IMG-20250529-WA0018-768x1024.jpg 768w, https:\/\/www.caudete.org\/ayuntamiento\/wp-content\/uploads\/2025\/06\/IMG-20250529-WA0018-1152x1536.jpg 1152w\" sizes=\"(max-width: 1536px) 100vw, 1536px\" \/><\/a><\/p>\n","protected":false},"excerpt":{"rendered":"<p>El Ayuntamiento de Caudete ha estado presente este pasado jueves en la clausura de la \u00faltima edici\u00f3n del proyecto DAR-Mujer Rural, una iniciativa que impulsa la visibilidad, la formaci\u00f3n y el emprendimiento de mujeres en el medio rural, financiado con Fondos Europeos Next Generation y gestionado por la Junta de Comunidades de Castilla La Mancha. &hellip;<\/p>\n","protected":false},"author":3,"featured_media":28928,"comment_status":"closed","ping_status":"open","sticky":false,"template":"","format":"standard","meta":{"ngg_post_thumbnail":0,"footnotes":""},"categories":[20],"tags":[],"class_list":["post-28924","post","type-post","status-publish","format-standard","has-post-thumbnail","hentry","category-ayuntamiento"],"yoast_head":"<!-- This site is optimized with the Yoast SEO plugin v27.5 - https:\/\/yoast.com\/product\/yoast-seo-wordpress\/ -->\n<title>Caudete presente en la clausura del Proyecto Dar (Dones Artistes), en Cuenca - MI Ayuntamiento de Caudete<\/title>\n<meta name=\"description\" content=\"P\u00e1gina Oficial del Ayuntamiento de Caudete (Albacete)\" \/>\n<meta name=\"robots\" content=\"index, follow, max-snippet:-1, max-image-preview:large, max-video-preview:-1\" \/>\n<link rel=\"canonical\" href=\"https:\/\/www.caudete.org\/ayuntamiento\/caudete-presente-en-la-clausura-del-proyecto-dar-mujer-rural-en-cuenca\/\" \/>\n<meta property=\"og:locale\" content=\"es_ES\" \/>\n<meta property=\"og:type\" content=\"article\" \/>\n<meta property=\"og:title\" content=\"Caudete presente en la clausura del Proyecto Dar (Dones Artistes), en Cuenca - MI Ayuntamiento de Caudete\" \/>\n<meta property=\"og:description\" content=\"P\u00e1gina Oficial del Ayuntamiento de Caudete (Albacete)\" \/>\n<meta property=\"og:url\" content=\"https:\/\/www.caudete.org\/ayuntamiento\/caudete-presente-en-la-clausura-del-proyecto-dar-mujer-rural-en-cuenca\/\" \/>\n<meta property=\"og:site_name\" content=\"MI Ayuntamiento de Caudete\" \/>\n<meta property=\"article:publisher\" content=\"https:\/\/www.facebook.com\/ayuntamientocaudete\/\" \/>\n<meta property=\"article:published_time\" content=\"2025-06-02T07:00:56+00:00\" \/>\n<meta property=\"article:modified_time\" content=\"2025-06-03T11:55:11+00:00\" \/>\n<meta property=\"og:image\" content=\"https:\/\/www.caudete.org\/ayuntamiento\/wp-content\/uploads\/2025\/06\/IMG-20250529-WA0020-e1748794552631.jpg\" \/>\n\t<meta property=\"og:image:width\" content=\"2048\" \/>\n\t<meta property=\"og:image:height\" content=\"857\" \/>\n\t<meta property=\"og:image:type\" content=\"image\/jpeg\" \/>\n<meta name=\"author\" content=\"alcalde\" \/>\n<meta name=\"twitter:card\" content=\"summary_large_image\" \/>\n<meta name=\"twitter:label1\" content=\"Escrito por\" \/>\n\t<meta name=\"twitter:data1\" content=\"alcalde\" \/>\n\t<meta name=\"twitter:label2\" content=\"Tiempo de lectura\" \/>\n\t<meta name=\"twitter:data2\" content=\"3 minutos\" \/>\n<script type=\"application\/ld+json\" class=\"yoast-schema-graph\">{\"@context\":\"https:\\\/\\\/schema.org\",\"@graph\":[{\"@type\":\"Article\",\"@id\":\"https:\\\/\\\/www.caudete.org\\\/ayuntamiento\\\/caudete-presente-en-la-clausura-del-proyecto-dar-mujer-rural-en-cuenca\\\/#article\",\"isPartOf\":{\"@id\":\"https:\\\/\\\/www.caudete.org\\\/ayuntamiento\\\/caudete-presente-en-la-clausura-del-proyecto-dar-mujer-rural-en-cuenca\\\/\"},\"author\":{\"name\":\"alcalde\",\"@id\":\"https:\\\/\\\/www.caudete.org\\\/ayuntamiento\\\/#\\\/schema\\\/person\\\/cc646da9133078ee4d8dd47457947253\"},\"headline\":\"Caudete presente en la clausura del Proyecto Dar (Dones Artistes), en Cuenca\",\"datePublished\":\"2025-06-02T07:00:56+00:00\",\"dateModified\":\"2025-06-03T11:55:11+00:00\",\"mainEntityOfPage\":{\"@id\":\"https:\\\/\\\/www.caudete.org\\\/ayuntamiento\\\/caudete-presente-en-la-clausura-del-proyecto-dar-mujer-rural-en-cuenca\\\/\"},\"wordCount\":405,\"image\":{\"@id\":\"https:\\\/\\\/www.caudete.org\\\/ayuntamiento\\\/caudete-presente-en-la-clausura-del-proyecto-dar-mujer-rural-en-cuenca\\\/#primaryimage\"},\"thumbnailUrl\":\"https:\\\/\\\/www.caudete.org\\\/ayuntamiento\\\/wp-content\\\/uploads\\\/2025\\\/06\\\/IMG-20250529-WA0020-e1748794552631.jpg\",\"articleSection\":[\"Ayuntamiento\"],\"inLanguage\":\"es\"},{\"@type\":\"WebPage\",\"@id\":\"https:\\\/\\\/www.caudete.org\\\/ayuntamiento\\\/caudete-presente-en-la-clausura-del-proyecto-dar-mujer-rural-en-cuenca\\\/\",\"url\":\"https:\\\/\\\/www.caudete.org\\\/ayuntamiento\\\/caudete-presente-en-la-clausura-del-proyecto-dar-mujer-rural-en-cuenca\\\/\",\"name\":\"Caudete presente en la clausura del Proyecto Dar (Dones Artistes), en Cuenca - MI Ayuntamiento de Caudete\",\"isPartOf\":{\"@id\":\"https:\\\/\\\/www.caudete.org\\\/ayuntamiento\\\/#website\"},\"primaryImageOfPage\":{\"@id\":\"https:\\\/\\\/www.caudete.org\\\/ayuntamiento\\\/caudete-presente-en-la-clausura-del-proyecto-dar-mujer-rural-en-cuenca\\\/#primaryimage\"},\"image\":{\"@id\":\"https:\\\/\\\/www.caudete.org\\\/ayuntamiento\\\/caudete-presente-en-la-clausura-del-proyecto-dar-mujer-rural-en-cuenca\\\/#primaryimage\"},\"thumbnailUrl\":\"https:\\\/\\\/www.caudete.org\\\/ayuntamiento\\\/wp-content\\\/uploads\\\/2025\\\/06\\\/IMG-20250529-WA0020-e1748794552631.jpg\",\"datePublished\":\"2025-06-02T07:00:56+00:00\",\"dateModified\":\"2025-06-03T11:55:11+00:00\",\"author\":{\"@id\":\"https:\\\/\\\/www.caudete.org\\\/ayuntamiento\\\/#\\\/schema\\\/person\\\/cc646da9133078ee4d8dd47457947253\"},\"description\":\"P\u00e1gina Oficial del Ayuntamiento de Caudete (Albacete)\",\"breadcrumb\":{\"@id\":\"https:\\\/\\\/www.caudete.org\\\/ayuntamiento\\\/caudete-presente-en-la-clausura-del-proyecto-dar-mujer-rural-en-cuenca\\\/#breadcrumb\"},\"inLanguage\":\"es\",\"potentialAction\":[{\"@type\":\"ReadAction\",\"target\":[\"https:\\\/\\\/www.caudete.org\\\/ayuntamiento\\\/caudete-presente-en-la-clausura-del-proyecto-dar-mujer-rural-en-cuenca\\\/\"]}]},{\"@type\":\"ImageObject\",\"inLanguage\":\"es\",\"@id\":\"https:\\\/\\\/www.caudete.org\\\/ayuntamiento\\\/caudete-presente-en-la-clausura-del-proyecto-dar-mujer-rural-en-cuenca\\\/#primaryimage\",\"url\":\"https:\\\/\\\/www.caudete.org\\\/ayuntamiento\\\/wp-content\\\/uploads\\\/2025\\\/06\\\/IMG-20250529-WA0020-e1748794552631.jpg\",\"contentUrl\":\"https:\\\/\\\/www.caudete.org\\\/ayuntamiento\\\/wp-content\\\/uploads\\\/2025\\\/06\\\/IMG-20250529-WA0020-e1748794552631.jpg\",\"width\":2048,\"height\":857},{\"@type\":\"BreadcrumbList\",\"@id\":\"https:\\\/\\\/www.caudete.org\\\/ayuntamiento\\\/caudete-presente-en-la-clausura-del-proyecto-dar-mujer-rural-en-cuenca\\\/#breadcrumb\",\"itemListElement\":[{\"@type\":\"ListItem\",\"position\":1,\"name\":\"Inicio\",\"item\":\"https:\\\/\\\/www.caudete.org\\\/ayuntamiento\\\/\"},{\"@type\":\"ListItem\",\"position\":2,\"name\":\"Caudete presente en la clausura del Proyecto Dar (Dones Artistes), en Cuenca\"}]},{\"@type\":\"WebSite\",\"@id\":\"https:\\\/\\\/www.caudete.org\\\/ayuntamiento\\\/#website\",\"url\":\"https:\\\/\\\/www.caudete.org\\\/ayuntamiento\\\/\",\"name\":\"MI Ayuntamiento de Caudete\",\"description\":\"P\u00e1gina Oficial del MI Ayuntamiento de Caudete\",\"potentialAction\":[{\"@type\":\"SearchAction\",\"target\":{\"@type\":\"EntryPoint\",\"urlTemplate\":\"https:\\\/\\\/www.caudete.org\\\/ayuntamiento\\\/?s={search_term_string}\"},\"query-input\":{\"@type\":\"PropertyValueSpecification\",\"valueRequired\":true,\"valueName\":\"search_term_string\"}}],\"inLanguage\":\"es\"},{\"@type\":\"Person\",\"@id\":\"https:\\\/\\\/www.caudete.org\\\/ayuntamiento\\\/#\\\/schema\\\/person\\\/cc646da9133078ee4d8dd47457947253\",\"name\":\"alcalde\",\"image\":{\"@type\":\"ImageObject\",\"inLanguage\":\"es\",\"@id\":\"https:\\\/\\\/secure.gravatar.com\\\/avatar\\\/84a817ba065b29ff08d666b215a215f5c79186a645ccb25b14a663d48a130f77?s=96&d=mm&r=g\",\"url\":\"https:\\\/\\\/secure.gravatar.com\\\/avatar\\\/84a817ba065b29ff08d666b215a215f5c79186a645ccb25b14a663d48a130f77?s=96&d=mm&r=g\",\"contentUrl\":\"https:\\\/\\\/secure.gravatar.com\\\/avatar\\\/84a817ba065b29ff08d666b215a215f5c79186a645ccb25b14a663d48a130f77?s=96&d=mm&r=g\",\"caption\":\"alcalde\"},\"url\":\"https:\\\/\\\/www.caudete.org\\\/ayuntamiento\\\/author\\\/alcalde\\\/\"}]}<\/script>\n<!-- \/ Yoast SEO plugin. -->","yoast_head_json":{"title":"Caudete presente en la clausura del Proyecto Dar (Dones Artistes), en Cuenca - MI Ayuntamiento de Caudete","description":"P\u00e1gina Oficial del Ayuntamiento de Caudete (Albacete)","robots":{"index":"index","follow":"follow","max-snippet":"max-snippet:-1","max-image-preview":"max-image-preview:large","max-video-preview":"max-video-preview:-1"},"canonical":"https:\/\/www.caudete.org\/ayuntamiento\/caudete-presente-en-la-clausura-del-proyecto-dar-mujer-rural-en-cuenca\/","og_locale":"es_ES","og_type":"article","og_title":"Caudete presente en la clausura del Proyecto Dar (Dones Artistes), en Cuenca - MI Ayuntamiento de Caudete","og_description":"P\u00e1gina Oficial del Ayuntamiento de Caudete (Albacete)","og_url":"https:\/\/www.caudete.org\/ayuntamiento\/caudete-presente-en-la-clausura-del-proyecto-dar-mujer-rural-en-cuenca\/","og_site_name":"MI Ayuntamiento de Caudete","article_publisher":"https:\/\/www.facebook.com\/ayuntamientocaudete\/","article_published_time":"2025-06-02T07:00:56+00:00","article_modified_time":"2025-06-03T11:55:11+00:00","og_image":[{"width":2048,"height":857,"url":"https:\/\/www.caudete.org\/ayuntamiento\/wp-content\/uploads\/2025\/06\/IMG-20250529-WA0020-e1748794552631.jpg","type":"image\/jpeg"}],"author":"alcalde","twitter_card":"summary_large_image","twitter_misc":{"Escrito por":"alcalde","Tiempo de lectura":"3 minutos"},"schema":{"@context":"https:\/\/schema.org","@graph":[{"@type":"Article","@id":"https:\/\/www.caudete.org\/ayuntamiento\/caudete-presente-en-la-clausura-del-proyecto-dar-mujer-rural-en-cuenca\/#article","isPartOf":{"@id":"https:\/\/www.caudete.org\/ayuntamiento\/caudete-presente-en-la-clausura-del-proyecto-dar-mujer-rural-en-cuenca\/"},"author":{"name":"alcalde","@id":"https:\/\/www.caudete.org\/ayuntamiento\/#\/schema\/person\/cc646da9133078ee4d8dd47457947253"},"headline":"Caudete presente en la clausura del Proyecto Dar (Dones Artistes), en Cuenca","datePublished":"2025-06-02T07:00:56+00:00","dateModified":"2025-06-03T11:55:11+00:00","mainEntityOfPage":{"@id":"https:\/\/www.caudete.org\/ayuntamiento\/caudete-presente-en-la-clausura-del-proyecto-dar-mujer-rural-en-cuenca\/"},"wordCount":405,"image":{"@id":"https:\/\/www.caudete.org\/ayuntamiento\/caudete-presente-en-la-clausura-del-proyecto-dar-mujer-rural-en-cuenca\/#primaryimage"},"thumbnailUrl":"https:\/\/www.caudete.org\/ayuntamiento\/wp-content\/uploads\/2025\/06\/IMG-20250529-WA0020-e1748794552631.jpg","articleSection":["Ayuntamiento"],"inLanguage":"es"},{"@type":"WebPage","@id":"https:\/\/www.caudete.org\/ayuntamiento\/caudete-presente-en-la-clausura-del-proyecto-dar-mujer-rural-en-cuenca\/","url":"https:\/\/www.caudete.org\/ayuntamiento\/caudete-presente-en-la-clausura-del-proyecto-dar-mujer-rural-en-cuenca\/","name":"Caudete presente en la clausura del Proyecto Dar (Dones Artistes), en Cuenca - MI Ayuntamiento de Caudete","isPartOf":{"@id":"https:\/\/www.caudete.org\/ayuntamiento\/#website"},"primaryImageOfPage":{"@id":"https:\/\/www.caudete.org\/ayuntamiento\/caudete-presente-en-la-clausura-del-proyecto-dar-mujer-rural-en-cuenca\/#primaryimage"},"image":{"@id":"https:\/\/www.caudete.org\/ayuntamiento\/caudete-presente-en-la-clausura-del-proyecto-dar-mujer-rural-en-cuenca\/#primaryimage"},"thumbnailUrl":"https:\/\/www.caudete.org\/ayuntamiento\/wp-content\/uploads\/2025\/06\/IMG-20250529-WA0020-e1748794552631.jpg","datePublished":"2025-06-02T07:00:56+00:00","dateModified":"2025-06-03T11:55:11+00:00","author":{"@id":"https:\/\/www.caudete.org\/ayuntamiento\/#\/schema\/person\/cc646da9133078ee4d8dd47457947253"},"description":"P\u00e1gina Oficial del Ayuntamiento de Caudete (Albacete)","breadcrumb":{"@id":"https:\/\/www.caudete.org\/ayuntamiento\/caudete-presente-en-la-clausura-del-proyecto-dar-mujer-rural-en-cuenca\/#breadcrumb"},"inLanguage":"es","potentialAction":[{"@type":"ReadAction","target":["https:\/\/www.caudete.org\/ayuntamiento\/caudete-presente-en-la-clausura-del-proyecto-dar-mujer-rural-en-cuenca\/"]}]},{"@type":"ImageObject","inLanguage":"es","@id":"https:\/\/www.caudete.org\/ayuntamiento\/caudete-presente-en-la-clausura-del-proyecto-dar-mujer-rural-en-cuenca\/#primaryimage","url":"https:\/\/www.caudete.org\/ayuntamiento\/wp-content\/uploads\/2025\/06\/IMG-20250529-WA0020-e1748794552631.jpg","contentUrl":"https:\/\/www.caudete.org\/ayuntamiento\/wp-content\/uploads\/2025\/06\/IMG-20250529-WA0020-e1748794552631.jpg","width":2048,"height":857},{"@type":"BreadcrumbList","@id":"https:\/\/www.caudete.org\/ayuntamiento\/caudete-presente-en-la-clausura-del-proyecto-dar-mujer-rural-en-cuenca\/#breadcrumb","itemListElement":[{"@type":"ListItem","position":1,"name":"Inicio","item":"https:\/\/www.caudete.org\/ayuntamiento\/"},{"@type":"ListItem","position":2,"name":"Caudete presente en la clausura del Proyecto Dar (Dones Artistes), en Cuenca"}]},{"@type":"WebSite","@id":"https:\/\/www.caudete.org\/ayuntamiento\/#website","url":"https:\/\/www.caudete.org\/ayuntamiento\/","name":"MI Ayuntamiento de Caudete","description":"P\u00e1gina Oficial del MI Ayuntamiento de Caudete","potentialAction":[{"@type":"SearchAction","target":{"@type":"EntryPoint","urlTemplate":"https:\/\/www.caudete.org\/ayuntamiento\/?s={search_term_string}"},"query-input":{"@type":"PropertyValueSpecification","valueRequired":true,"valueName":"search_term_string"}}],"inLanguage":"es"},{"@type":"Person","@id":"https:\/\/www.caudete.org\/ayuntamiento\/#\/schema\/person\/cc646da9133078ee4d8dd47457947253","name":"alcalde","image":{"@type":"ImageObject","inLanguage":"es","@id":"https:\/\/secure.gravatar.com\/avatar\/84a817ba065b29ff08d666b215a215f5c79186a645ccb25b14a663d48a130f77?s=96&d=mm&r=g","url":"https:\/\/secure.gravatar.com\/avatar\/84a817ba065b29ff08d666b215a215f5c79186a645ccb25b14a663d48a130f77?s=96&d=mm&r=g","contentUrl":"https:\/\/secure.gravatar.com\/avatar\/84a817ba065b29ff08d666b215a215f5c79186a645ccb25b14a663d48a130f77?s=96&d=mm&r=g","caption":"alcalde"},"url":"https:\/\/www.caudete.org\/ayuntamiento\/author\/alcalde\/"}]}},"_links":{"self":[{"href":"https:\/\/www.caudete.org\/ayuntamiento\/wp-json\/wp\/v2\/posts\/28924","targetHints":{"allow":["GET"]}}],"collection":[{"href":"https:\/\/www.caudete.org\/ayuntamiento\/wp-json\/wp\/v2\/posts"}],"about":[{"href":"https:\/\/www.caudete.org\/ayuntamiento\/wp-json\/wp\/v2\/types\/post"}],"author":[{"embeddable":true,"href":"https:\/\/www.caudete.org\/ayuntamiento\/wp-json\/wp\/v2\/users\/3"}],"replies":[{"embeddable":true,"href":"https:\/\/www.caudete.org\/ayuntamiento\/wp-json\/wp\/v2\/comments?post=28924"}],"version-history":[{"count":3,"href":"https:\/\/www.caudete.org\/ayuntamiento\/wp-json\/wp\/v2\/posts\/28924\/revisions"}],"predecessor-version":[{"id":28992,"href":"https:\/\/www.caudete.org\/ayuntamiento\/wp-json\/wp\/v2\/posts\/28924\/revisions\/28992"}],"wp:featuredmedia":[{"embeddable":true,"href":"https:\/\/www.caudete.org\/ayuntamiento\/wp-json\/wp\/v2\/media\/28928"}],"wp:attachment":[{"href":"https:\/\/www.caudete.org\/ayuntamiento\/wp-json\/wp\/v2\/media?parent=28924"}],"wp:term":[{"taxonomy":"category","embeddable":true,"href":"https:\/\/www.caudete.org\/ayuntamiento\/wp-json\/wp\/v2\/categories?post=28924"},{"taxonomy":"post_tag","embeddable":true,"href":"https:\/\/www.caudete.org\/ayuntamiento\/wp-json\/wp\/v2\/tags?post=28924"}],"curies":[{"name":"wp","href":"https:\/\/api.w.org\/{rel}","templated":true}]}}