{"id":28930,"date":"2025-06-02T09:03:58","date_gmt":"2025-06-02T07:03:58","guid":{"rendered":"https:\/\/www.caudete.org\/ayuntamiento\/?p=28930"},"modified":"2025-06-01T18:31:27","modified_gmt":"2025-06-01T16:31:27","slug":"28930-2","status":"publish","type":"post","link":"https:\/\/www.caudete.org\/ayuntamiento\/28930-2\/","title":{"rendered":"El joven caudetano agricultor Joaqu\u00edn L\u00f3pez, galardonado en los V Premios Cope Villena 2025"},"content":{"rendered":"<p class=\"ai-optimize-11 ai-optimize-introduction\" style=\"text-align: justify;\">El pasado jueves 29 de mayo, la plaza de la calle San Francisco de Villena, acog\u00eda la celebraci\u00f3n de los <strong>V Premios Cope Villena 2025<\/strong>, un evento que reconoce a personas, empresas y asociaciones que destacan por su labor y su contribuci\u00f3n a la sociedad.<\/p>\n<p class=\"ai-optimize-24\" style=\"text-align: justify;\">Uno de los premiados fue el joven caudetano <strong>Joaqu\u00edn L\u00f3pez Ferri<\/strong>. Fue el\u00a0<strong>Premio Hexag\u00f3n Agro<\/strong>, que le entreg\u00f3 el Alcalde de Caudete, Mois\u00e9s L\u00f3pez junto a Gabriela Padilla, directora de Operaciones y Marketing, y Alberto Salguero, CEO, ambos de <em>Hexag\u00f3n Agro.<\/em><\/p>\n<p class=\"ai-optimize-12\" style=\"text-align: justify;\">El premio lo recibi\u00f3 por representar a una nueva generaci\u00f3n de agricultores comprometidos con la sostenibilidad y la innovaci\u00f3n en el campo. Bajo su liderazgo, se ha impulsado el proyecto\u00a0<a href=\"https:\/\/caudetedigital.com\/deitania-comienza-su-andadura-como-un-nuevo-proyecto-en-la-evolucion-del-vino-de-caudete\/\" target=\"_blank\" rel=\"noopener nofollow\">Deitania<\/a>, adem\u00e1s de trabajar para fortalecer el sector agr\u00edcola de Caudete.<\/p>\n<p class=\"ai-optimize-25\" style=\"text-align: justify;\">Estuvieron presentes en el acto una amplia representaci\u00f3n de autoridades, a nivel local le acompa\u00f1aron varios Concejales del Gobierno Municipal, contando con representaci\u00f3n de la Generalitat Valencia, la Diputaci\u00f3n Provincial de Alicante, la Junta de Comunidades de Castilla La Mancha.<\/p>\n<p><a href=\"https:\/\/www.caudete.org\/ayuntamiento\/wp-content\/uploads\/2025\/06\/501213467_992707729701374_498221580460636305_n.jpg\" rel='prettyPhoto'><img fetchpriority=\"high\" decoding=\"async\" class=\"alignnone wp-image-28932 size-full\" src=\"https:\/\/www.caudete.org\/ayuntamiento\/wp-content\/uploads\/2025\/06\/501213467_992707729701374_498221580460636305_n-e1748795203193.jpg\" alt=\"\" width=\"1187\" height=\"923\" srcset=\"https:\/\/www.caudete.org\/ayuntamiento\/wp-content\/uploads\/2025\/06\/501213467_992707729701374_498221580460636305_n-e1748795203193.jpg 1187w, https:\/\/www.caudete.org\/ayuntamiento\/wp-content\/uploads\/2025\/06\/501213467_992707729701374_498221580460636305_n-e1748795203193-514x400.jpg 514w, https:\/\/www.caudete.org\/ayuntamiento\/wp-content\/uploads\/2025\/06\/501213467_992707729701374_498221580460636305_n-e1748795203193-1029x800.jpg 1029w, https:\/\/www.caudete.org\/ayuntamiento\/wp-content\/uploads\/2025\/06\/501213467_992707729701374_498221580460636305_n-e1748795203193-768x597.jpg 768w\" sizes=\"(max-width: 1187px) 100vw, 1187px\" \/><\/a><\/p>\n<p><a href=\"https:\/\/www.caudete.org\/ayuntamiento\/wp-content\/uploads\/2025\/06\/502633134_992707753034705_5908095235309842946_n-e1748795338799.jpg\" rel='prettyPhoto'><img decoding=\"async\" class=\"wp-image-28931 size-full aligncenter\" src=\"https:\/\/www.caudete.org\/ayuntamiento\/wp-content\/uploads\/2025\/06\/502633134_992707753034705_5908095235309842946_n-e1748795338799.jpg\" alt=\"\" width=\"1066\" height=\"664\" srcset=\"https:\/\/www.caudete.org\/ayuntamiento\/wp-content\/uploads\/2025\/06\/502633134_992707753034705_5908095235309842946_n-e1748795338799.jpg 1066w, https:\/\/www.caudete.org\/ayuntamiento\/wp-content\/uploads\/2025\/06\/502633134_992707753034705_5908095235309842946_n-e1748795338799-600x374.jpg 600w, https:\/\/www.caudete.org\/ayuntamiento\/wp-content\/uploads\/2025\/06\/502633134_992707753034705_5908095235309842946_n-e1748795338799-768x478.jpg 768w\" sizes=\"(max-width: 1066px) 100vw, 1066px\" \/><\/a><\/p>\n","protected":false},"excerpt":{"rendered":"<p>El pasado jueves 29 de mayo, la plaza de la calle San Francisco de Villena, acog\u00eda la celebraci\u00f3n de los V Premios Cope Villena 2025, un evento que reconoce a personas, empresas y asociaciones que destacan por su labor y su contribuci\u00f3n a la sociedad. Uno de los premiados fue el joven caudetano Joaqu\u00edn L\u00f3pez &hellip;<\/p>\n","protected":false},"author":3,"featured_media":28931,"comment_status":"closed","ping_status":"open","sticky":false,"template":"","format":"standard","meta":{"ngg_post_thumbnail":0,"footnotes":""},"categories":[20],"tags":[],"class_list":["post-28930","post","type-post","status-publish","format-standard","has-post-thumbnail","hentry","category-ayuntamiento"],"yoast_head":"<!-- This site is optimized with the Yoast SEO plugin v27.5 - https:\/\/yoast.com\/product\/yoast-seo-wordpress\/ -->\n<title>El joven caudetano agricultor Joaqu\u00edn L\u00f3pez, galardonado en los V Premios Cope Villena 2025 - MI Ayuntamiento de Caudete<\/title>\n<meta name=\"description\" content=\"P\u00e1gina Oficial del Ayuntamiento de Caudete (Albacete)\" \/>\n<meta name=\"robots\" content=\"index, follow, max-snippet:-1, max-image-preview:large, max-video-preview:-1\" \/>\n<link rel=\"canonical\" href=\"https:\/\/www.caudete.org\/ayuntamiento\/28930-2\/\" \/>\n<meta property=\"og:locale\" content=\"es_ES\" \/>\n<meta property=\"og:type\" content=\"article\" \/>\n<meta property=\"og:title\" content=\"El joven caudetano agricultor Joaqu\u00edn L\u00f3pez, galardonado en los V Premios Cope Villena 2025 - MI Ayuntamiento de Caudete\" \/>\n<meta property=\"og:description\" content=\"P\u00e1gina Oficial del Ayuntamiento de Caudete (Albacete)\" \/>\n<meta property=\"og:url\" content=\"https:\/\/www.caudete.org\/ayuntamiento\/28930-2\/\" \/>\n<meta property=\"og:site_name\" content=\"MI Ayuntamiento de Caudete\" \/>\n<meta property=\"article:publisher\" content=\"https:\/\/www.facebook.com\/ayuntamientocaudete\/\" \/>\n<meta property=\"article:published_time\" content=\"2025-06-02T07:03:58+00:00\" \/>\n<meta property=\"og:image\" content=\"https:\/\/www.caudete.org\/ayuntamiento\/wp-content\/uploads\/2025\/06\/502633134_992707753034705_5908095235309842946_n-e1748795338799.jpg\" \/>\n\t<meta property=\"og:image:width\" content=\"1066\" \/>\n\t<meta property=\"og:image:height\" content=\"664\" \/>\n\t<meta property=\"og:image:type\" content=\"image\/jpeg\" \/>\n<meta name=\"author\" content=\"alcalde\" \/>\n<meta name=\"twitter:card\" content=\"summary_large_image\" \/>\n<meta name=\"twitter:label1\" content=\"Escrito por\" \/>\n\t<meta name=\"twitter:data1\" content=\"alcalde\" \/>\n\t<meta name=\"twitter:label2\" content=\"Tiempo de lectura\" \/>\n\t<meta name=\"twitter:data2\" content=\"2 minutos\" \/>\n<script type=\"application\/ld+json\" class=\"yoast-schema-graph\">{\"@context\":\"https:\\\/\\\/schema.org\",\"@graph\":[{\"@type\":\"Article\",\"@id\":\"https:\\\/\\\/www.caudete.org\\\/ayuntamiento\\\/28930-2\\\/#article\",\"isPartOf\":{\"@id\":\"https:\\\/\\\/www.caudete.org\\\/ayuntamiento\\\/28930-2\\\/\"},\"author\":{\"name\":\"alcalde\",\"@id\":\"https:\\\/\\\/www.caudete.org\\\/ayuntamiento\\\/#\\\/schema\\\/person\\\/cc646da9133078ee4d8dd47457947253\"},\"headline\":\"El joven caudetano agricultor Joaqu\u00edn L\u00f3pez, galardonado en los V Premios Cope Villena 2025\",\"datePublished\":\"2025-06-02T07:03:58+00:00\",\"mainEntityOfPage\":{\"@id\":\"https:\\\/\\\/www.caudete.org\\\/ayuntamiento\\\/28930-2\\\/\"},\"wordCount\":198,\"image\":{\"@id\":\"https:\\\/\\\/www.caudete.org\\\/ayuntamiento\\\/28930-2\\\/#primaryimage\"},\"thumbnailUrl\":\"https:\\\/\\\/www.caudete.org\\\/ayuntamiento\\\/wp-content\\\/uploads\\\/2025\\\/06\\\/502633134_992707753034705_5908095235309842946_n-e1748795338799.jpg\",\"articleSection\":[\"Ayuntamiento\"],\"inLanguage\":\"es\"},{\"@type\":\"WebPage\",\"@id\":\"https:\\\/\\\/www.caudete.org\\\/ayuntamiento\\\/28930-2\\\/\",\"url\":\"https:\\\/\\\/www.caudete.org\\\/ayuntamiento\\\/28930-2\\\/\",\"name\":\"El joven caudetano agricultor Joaqu\u00edn L\u00f3pez, galardonado en los V Premios Cope Villena 2025 - MI Ayuntamiento de Caudete\",\"isPartOf\":{\"@id\":\"https:\\\/\\\/www.caudete.org\\\/ayuntamiento\\\/#website\"},\"primaryImageOfPage\":{\"@id\":\"https:\\\/\\\/www.caudete.org\\\/ayuntamiento\\\/28930-2\\\/#primaryimage\"},\"image\":{\"@id\":\"https:\\\/\\\/www.caudete.org\\\/ayuntamiento\\\/28930-2\\\/#primaryimage\"},\"thumbnailUrl\":\"https:\\\/\\\/www.caudete.org\\\/ayuntamiento\\\/wp-content\\\/uploads\\\/2025\\\/06\\\/502633134_992707753034705_5908095235309842946_n-e1748795338799.jpg\",\"datePublished\":\"2025-06-02T07:03:58+00:00\",\"author\":{\"@id\":\"https:\\\/\\\/www.caudete.org\\\/ayuntamiento\\\/#\\\/schema\\\/person\\\/cc646da9133078ee4d8dd47457947253\"},\"description\":\"P\u00e1gina Oficial del Ayuntamiento de Caudete (Albacete)\",\"breadcrumb\":{\"@id\":\"https:\\\/\\\/www.caudete.org\\\/ayuntamiento\\\/28930-2\\\/#breadcrumb\"},\"inLanguage\":\"es\",\"potentialAction\":[{\"@type\":\"ReadAction\",\"target\":[\"https:\\\/\\\/www.caudete.org\\\/ayuntamiento\\\/28930-2\\\/\"]}]},{\"@type\":\"ImageObject\",\"inLanguage\":\"es\",\"@id\":\"https:\\\/\\\/www.caudete.org\\\/ayuntamiento\\\/28930-2\\\/#primaryimage\",\"url\":\"https:\\\/\\\/www.caudete.org\\\/ayuntamiento\\\/wp-content\\\/uploads\\\/2025\\\/06\\\/502633134_992707753034705_5908095235309842946_n-e1748795338799.jpg\",\"contentUrl\":\"https:\\\/\\\/www.caudete.org\\\/ayuntamiento\\\/wp-content\\\/uploads\\\/2025\\\/06\\\/502633134_992707753034705_5908095235309842946_n-e1748795338799.jpg\",\"width\":1066,\"height\":664},{\"@type\":\"BreadcrumbList\",\"@id\":\"https:\\\/\\\/www.caudete.org\\\/ayuntamiento\\\/28930-2\\\/#breadcrumb\",\"itemListElement\":[{\"@type\":\"ListItem\",\"position\":1,\"name\":\"Inicio\",\"item\":\"https:\\\/\\\/www.caudete.org\\\/ayuntamiento\\\/\"},{\"@type\":\"ListItem\",\"position\":2,\"name\":\"El joven caudetano agricultor Joaqu\u00edn L\u00f3pez, galardonado en los V Premios Cope Villena 2025\"}]},{\"@type\":\"WebSite\",\"@id\":\"https:\\\/\\\/www.caudete.org\\\/ayuntamiento\\\/#website\",\"url\":\"https:\\\/\\\/www.caudete.org\\\/ayuntamiento\\\/\",\"name\":\"MI Ayuntamiento de Caudete\",\"description\":\"P\u00e1gina Oficial del MI Ayuntamiento de Caudete\",\"potentialAction\":[{\"@type\":\"SearchAction\",\"target\":{\"@type\":\"EntryPoint\",\"urlTemplate\":\"https:\\\/\\\/www.caudete.org\\\/ayuntamiento\\\/?s={search_term_string}\"},\"query-input\":{\"@type\":\"PropertyValueSpecification\",\"valueRequired\":true,\"valueName\":\"search_term_string\"}}],\"inLanguage\":\"es\"},{\"@type\":\"Person\",\"@id\":\"https:\\\/\\\/www.caudete.org\\\/ayuntamiento\\\/#\\\/schema\\\/person\\\/cc646da9133078ee4d8dd47457947253\",\"name\":\"alcalde\",\"image\":{\"@type\":\"ImageObject\",\"inLanguage\":\"es\",\"@id\":\"https:\\\/\\\/secure.gravatar.com\\\/avatar\\\/84a817ba065b29ff08d666b215a215f5c79186a645ccb25b14a663d48a130f77?s=96&d=mm&r=g\",\"url\":\"https:\\\/\\\/secure.gravatar.com\\\/avatar\\\/84a817ba065b29ff08d666b215a215f5c79186a645ccb25b14a663d48a130f77?s=96&d=mm&r=g\",\"contentUrl\":\"https:\\\/\\\/secure.gravatar.com\\\/avatar\\\/84a817ba065b29ff08d666b215a215f5c79186a645ccb25b14a663d48a130f77?s=96&d=mm&r=g\",\"caption\":\"alcalde\"},\"url\":\"https:\\\/\\\/www.caudete.org\\\/ayuntamiento\\\/author\\\/alcalde\\\/\"}]}<\/script>\n<!-- \/ Yoast SEO plugin. -->","yoast_head_json":{"title":"El joven caudetano agricultor Joaqu\u00edn L\u00f3pez, galardonado en los V Premios Cope Villena 2025 - MI Ayuntamiento de Caudete","description":"P\u00e1gina Oficial del Ayuntamiento de Caudete (Albacete)","robots":{"index":"index","follow":"follow","max-snippet":"max-snippet:-1","max-image-preview":"max-image-preview:large","max-video-preview":"max-video-preview:-1"},"canonical":"https:\/\/www.caudete.org\/ayuntamiento\/28930-2\/","og_locale":"es_ES","og_type":"article","og_title":"El joven caudetano agricultor Joaqu\u00edn L\u00f3pez, galardonado en los V Premios Cope Villena 2025 - MI Ayuntamiento de Caudete","og_description":"P\u00e1gina Oficial del Ayuntamiento de Caudete (Albacete)","og_url":"https:\/\/www.caudete.org\/ayuntamiento\/28930-2\/","og_site_name":"MI Ayuntamiento de Caudete","article_publisher":"https:\/\/www.facebook.com\/ayuntamientocaudete\/","article_published_time":"2025-06-02T07:03:58+00:00","og_image":[{"width":1066,"height":664,"url":"https:\/\/www.caudete.org\/ayuntamiento\/wp-content\/uploads\/2025\/06\/502633134_992707753034705_5908095235309842946_n-e1748795338799.jpg","type":"image\/jpeg"}],"author":"alcalde","twitter_card":"summary_large_image","twitter_misc":{"Escrito por":"alcalde","Tiempo de lectura":"2 minutos"},"schema":{"@context":"https:\/\/schema.org","@graph":[{"@type":"Article","@id":"https:\/\/www.caudete.org\/ayuntamiento\/28930-2\/#article","isPartOf":{"@id":"https:\/\/www.caudete.org\/ayuntamiento\/28930-2\/"},"author":{"name":"alcalde","@id":"https:\/\/www.caudete.org\/ayuntamiento\/#\/schema\/person\/cc646da9133078ee4d8dd47457947253"},"headline":"El joven caudetano agricultor Joaqu\u00edn L\u00f3pez, galardonado en los V Premios Cope Villena 2025","datePublished":"2025-06-02T07:03:58+00:00","mainEntityOfPage":{"@id":"https:\/\/www.caudete.org\/ayuntamiento\/28930-2\/"},"wordCount":198,"image":{"@id":"https:\/\/www.caudete.org\/ayuntamiento\/28930-2\/#primaryimage"},"thumbnailUrl":"https:\/\/www.caudete.org\/ayuntamiento\/wp-content\/uploads\/2025\/06\/502633134_992707753034705_5908095235309842946_n-e1748795338799.jpg","articleSection":["Ayuntamiento"],"inLanguage":"es"},{"@type":"WebPage","@id":"https:\/\/www.caudete.org\/ayuntamiento\/28930-2\/","url":"https:\/\/www.caudete.org\/ayuntamiento\/28930-2\/","name":"El joven caudetano agricultor Joaqu\u00edn L\u00f3pez, galardonado en los V Premios Cope Villena 2025 - MI Ayuntamiento de Caudete","isPartOf":{"@id":"https:\/\/www.caudete.org\/ayuntamiento\/#website"},"primaryImageOfPage":{"@id":"https:\/\/www.caudete.org\/ayuntamiento\/28930-2\/#primaryimage"},"image":{"@id":"https:\/\/www.caudete.org\/ayuntamiento\/28930-2\/#primaryimage"},"thumbnailUrl":"https:\/\/www.caudete.org\/ayuntamiento\/wp-content\/uploads\/2025\/06\/502633134_992707753034705_5908095235309842946_n-e1748795338799.jpg","datePublished":"2025-06-02T07:03:58+00:00","author":{"@id":"https:\/\/www.caudete.org\/ayuntamiento\/#\/schema\/person\/cc646da9133078ee4d8dd47457947253"},"description":"P\u00e1gina Oficial del Ayuntamiento de Caudete (Albacete)","breadcrumb":{"@id":"https:\/\/www.caudete.org\/ayuntamiento\/28930-2\/#breadcrumb"},"inLanguage":"es","potentialAction":[{"@type":"ReadAction","target":["https:\/\/www.caudete.org\/ayuntamiento\/28930-2\/"]}]},{"@type":"ImageObject","inLanguage":"es","@id":"https:\/\/www.caudete.org\/ayuntamiento\/28930-2\/#primaryimage","url":"https:\/\/www.caudete.org\/ayuntamiento\/wp-content\/uploads\/2025\/06\/502633134_992707753034705_5908095235309842946_n-e1748795338799.jpg","contentUrl":"https:\/\/www.caudete.org\/ayuntamiento\/wp-content\/uploads\/2025\/06\/502633134_992707753034705_5908095235309842946_n-e1748795338799.jpg","width":1066,"height":664},{"@type":"BreadcrumbList","@id":"https:\/\/www.caudete.org\/ayuntamiento\/28930-2\/#breadcrumb","itemListElement":[{"@type":"ListItem","position":1,"name":"Inicio","item":"https:\/\/www.caudete.org\/ayuntamiento\/"},{"@type":"ListItem","position":2,"name":"El joven caudetano agricultor Joaqu\u00edn L\u00f3pez, galardonado en los V Premios Cope Villena 2025"}]},{"@type":"WebSite","@id":"https:\/\/www.caudete.org\/ayuntamiento\/#website","url":"https:\/\/www.caudete.org\/ayuntamiento\/","name":"MI Ayuntamiento de Caudete","description":"P\u00e1gina Oficial del MI Ayuntamiento de Caudete","potentialAction":[{"@type":"SearchAction","target":{"@type":"EntryPoint","urlTemplate":"https:\/\/www.caudete.org\/ayuntamiento\/?s={search_term_string}"},"query-input":{"@type":"PropertyValueSpecification","valueRequired":true,"valueName":"search_term_string"}}],"inLanguage":"es"},{"@type":"Person","@id":"https:\/\/www.caudete.org\/ayuntamiento\/#\/schema\/person\/cc646da9133078ee4d8dd47457947253","name":"alcalde","image":{"@type":"ImageObject","inLanguage":"es","@id":"https:\/\/secure.gravatar.com\/avatar\/84a817ba065b29ff08d666b215a215f5c79186a645ccb25b14a663d48a130f77?s=96&d=mm&r=g","url":"https:\/\/secure.gravatar.com\/avatar\/84a817ba065b29ff08d666b215a215f5c79186a645ccb25b14a663d48a130f77?s=96&d=mm&r=g","contentUrl":"https:\/\/secure.gravatar.com\/avatar\/84a817ba065b29ff08d666b215a215f5c79186a645ccb25b14a663d48a130f77?s=96&d=mm&r=g","caption":"alcalde"},"url":"https:\/\/www.caudete.org\/ayuntamiento\/author\/alcalde\/"}]}},"_links":{"self":[{"href":"https:\/\/www.caudete.org\/ayuntamiento\/wp-json\/wp\/v2\/posts\/28930","targetHints":{"allow":["GET"]}}],"collection":[{"href":"https:\/\/www.caudete.org\/ayuntamiento\/wp-json\/wp\/v2\/posts"}],"about":[{"href":"https:\/\/www.caudete.org\/ayuntamiento\/wp-json\/wp\/v2\/types\/post"}],"author":[{"embeddable":true,"href":"https:\/\/www.caudete.org\/ayuntamiento\/wp-json\/wp\/v2\/users\/3"}],"replies":[{"embeddable":true,"href":"https:\/\/www.caudete.org\/ayuntamiento\/wp-json\/wp\/v2\/comments?post=28930"}],"version-history":[{"count":2,"href":"https:\/\/www.caudete.org\/ayuntamiento\/wp-json\/wp\/v2\/posts\/28930\/revisions"}],"predecessor-version":[{"id":28934,"href":"https:\/\/www.caudete.org\/ayuntamiento\/wp-json\/wp\/v2\/posts\/28930\/revisions\/28934"}],"wp:featuredmedia":[{"embeddable":true,"href":"https:\/\/www.caudete.org\/ayuntamiento\/wp-json\/wp\/v2\/media\/28931"}],"wp:attachment":[{"href":"https:\/\/www.caudete.org\/ayuntamiento\/wp-json\/wp\/v2\/media?parent=28930"}],"wp:term":[{"taxonomy":"category","embeddable":true,"href":"https:\/\/www.caudete.org\/ayuntamiento\/wp-json\/wp\/v2\/categories?post=28930"},{"taxonomy":"post_tag","embeddable":true,"href":"https:\/\/www.caudete.org\/ayuntamiento\/wp-json\/wp\/v2\/tags?post=28930"}],"curies":[{"name":"wp","href":"https:\/\/api.w.org\/{rel}","templated":true}]}}