{"id":28938,"date":"2025-06-01T19:51:57","date_gmt":"2025-06-01T17:51:57","guid":{"rendered":"https:\/\/www.caudete.org\/ayuntamiento\/?p=28938"},"modified":"2025-07-01T09:24:15","modified_gmt":"2025-07-01T07:24:15","slug":"el-5-de-julio-vuelve-a-la-plaza-de-toros-un-espectacular-concierto-para-todos-los-publicos","status":"publish","type":"post","link":"https:\/\/www.caudete.org\/ayuntamiento\/el-5-de-julio-vuelve-a-la-plaza-de-toros-un-espectacular-concierto-para-todos-los-publicos\/","title":{"rendered":"El 5 de Julio, vuelve a la Plaza de Toros un espectacular CONCIERTO para todos los p\u00fablicos"},"content":{"rendered":"<p><a href=\"https:\/\/www.caudete.org\/ayuntamiento\/wp-content\/uploads\/2025\/06\/WhatsApp-Image-2025-06-01-at-19.14.17.jpeg\" rel='prettyPhoto'><img fetchpriority=\"high\" decoding=\"async\" class=\"alignnone wp-image-28939 size-full\" src=\"https:\/\/www.caudete.org\/ayuntamiento\/wp-content\/uploads\/2025\/06\/WhatsApp-Image-2025-06-01-at-19.14.17.jpeg\" alt=\"\" width=\"1292\" height=\"1600\" srcset=\"https:\/\/www.caudete.org\/ayuntamiento\/wp-content\/uploads\/2025\/06\/WhatsApp-Image-2025-06-01-at-19.14.17.jpeg 1292w, https:\/\/www.caudete.org\/ayuntamiento\/wp-content\/uploads\/2025\/06\/WhatsApp-Image-2025-06-01-at-19.14.17-323x400.jpeg 323w, https:\/\/www.caudete.org\/ayuntamiento\/wp-content\/uploads\/2025\/06\/WhatsApp-Image-2025-06-01-at-19.14.17-646x800.jpeg 646w, https:\/\/www.caudete.org\/ayuntamiento\/wp-content\/uploads\/2025\/06\/WhatsApp-Image-2025-06-01-at-19.14.17-768x951.jpeg 768w, https:\/\/www.caudete.org\/ayuntamiento\/wp-content\/uploads\/2025\/06\/WhatsApp-Image-2025-06-01-at-19.14.17-1240x1536.jpeg 1240w\" sizes=\"(max-width: 1292px) 100vw, 1292px\" \/><\/a><\/p>\n<p style=\"text-align: justify;\">El Ayuntamiento recupera para todos los caudetanos y visitantes un <strong>inicio del verano a lo grande<\/strong>, con la celebraci\u00f3n de un <strong>Concierto en la Plaza de Toros<\/strong> &#8220;Arenas de Caudete&#8221; para el pr\u00f3ximo <strong>5 de Julio<\/strong> de 2025, el <span style=\"text-decoration: underline;\"><strong>ARENAS SUMMER FESTIVAL.<\/strong><\/span><\/p>\n<p style=\"text-align: justify;\">Incluido dentro de la programaci\u00f3n &#8220;X las lunas&#8221; la noche del primer s\u00e1bado de Julio ser\u00e1 momento de disfrutar de un <strong>evento musical pensado para todos los p\u00fablicos<\/strong>, que dar\u00e1 comienzo a las 21:30 con la apertura de puertas, siendo a las <strong>22:00 el inicio<\/strong> del comienzan los grupos y sobre las <strong>01:45, el inicio de la fiesta joven<\/strong> contando como un total de 3 Dj, siendo el principal <strong>GIANMARCO ONESTINI<\/strong>.<\/p>\n<p style=\"text-align: justify;\">Los grupos musicales intervinientes, son los siguientes:<\/p>\n<ul>\n<li><strong>LA FRONTERA.<\/strong><\/li>\n<li><strong>LOS REBELDES.<\/strong><\/li>\n<li><strong>LA BANDA DEL CAPIT\u00c1N INHUMANO.<\/strong><\/li>\n<\/ul>\n<p><span style=\"text-decoration: underline;\"><strong>Las entradas al evento podr\u00e1n adquirirse de la forma siguiente:<\/strong><\/span><\/p>\n<ul>\n<li>On-line: desde el lunes 02 de Junio, mediante la plataforma TICKETVIP.ES,<\/li>\n<li>F\u00edsica: desde el lunes 09 de Junio, en los establecimientos colaboradores Caf\u00e9-Pub LICEO, y Pub LANCELOT.<\/li>\n<\/ul>\n<p>&nbsp;<\/p>\n<p>Desde la organizaci\u00f3n se ha lanzado una <strong>PROMOCI\u00d3N,<\/strong> en la cual, las <strong>primeras 500 entradas tienen un precio especial<\/strong> de 15\u20ac, y de 10\u20ac para la fiesta joven (a partir de las 01.45h).<\/p>\n<p>El precio de <strong>venta anticipada<\/strong> (tras superar las primeras 500) ser\u00e1 de 18\u20ac, y de 12\u20ac para la fiesta joven (a partir de las 01.45h).<\/p>\n<p>El precio en <strong>taquilla<\/strong> ser\u00e1 de 22\u20ac, y de 15\u20ac para la fiesta joven (a partir de las 01.45h).<\/p>\n<p style=\"text-align: center;\"><span style=\"font-size: 14pt;\"><strong>\u00a1 No te lo puedes perder!<\/strong><\/span><\/p>\n","protected":false},"excerpt":{"rendered":"<p>El Ayuntamiento recupera para todos los caudetanos y visitantes un inicio del verano a lo grande, con la celebraci\u00f3n de un Concierto en la Plaza de Toros &#8220;Arenas de Caudete&#8221; para el pr\u00f3ximo 5 de Julio de 2025, el ARENAS SUMMER FESTIVAL. Incluido dentro de la programaci\u00f3n &#8220;X las lunas&#8221; la noche del primer s\u00e1bado &hellip;<\/p>\n","protected":false},"author":3,"featured_media":28947,"comment_status":"closed","ping_status":"open","sticky":false,"template":"","format":"standard","meta":{"ngg_post_thumbnail":0,"footnotes":""},"categories":[20],"tags":[],"class_list":["post-28938","post","type-post","status-publish","format-standard","has-post-thumbnail","hentry","category-ayuntamiento"],"yoast_head":"<!-- This site is optimized with the Yoast SEO plugin v27.5 - https:\/\/yoast.com\/product\/yoast-seo-wordpress\/ -->\n<title>El 5 de Julio, vuelve a la Plaza de Toros un espectacular CONCIERTO para todos los p\u00fablicos - MI Ayuntamiento de Caudete<\/title>\n<meta name=\"description\" content=\"P\u00e1gina Oficial del Ayuntamiento de Caudete (Albacete)\" \/>\n<meta name=\"robots\" content=\"index, follow, max-snippet:-1, max-image-preview:large, max-video-preview:-1\" \/>\n<link rel=\"canonical\" href=\"https:\/\/www.caudete.org\/ayuntamiento\/el-5-de-julio-vuelve-a-la-plaza-de-toros-un-espectacular-concierto-para-todos-los-publicos\/\" \/>\n<meta property=\"og:locale\" content=\"es_ES\" \/>\n<meta property=\"og:type\" content=\"article\" \/>\n<meta property=\"og:title\" content=\"El 5 de Julio, vuelve a la Plaza de Toros un espectacular CONCIERTO para todos los p\u00fablicos - MI Ayuntamiento de Caudete\" \/>\n<meta property=\"og:description\" content=\"P\u00e1gina Oficial del Ayuntamiento de Caudete (Albacete)\" \/>\n<meta property=\"og:url\" content=\"https:\/\/www.caudete.org\/ayuntamiento\/el-5-de-julio-vuelve-a-la-plaza-de-toros-un-espectacular-concierto-para-todos-los-publicos\/\" \/>\n<meta property=\"og:site_name\" content=\"MI Ayuntamiento de Caudete\" \/>\n<meta property=\"article:publisher\" content=\"https:\/\/www.facebook.com\/ayuntamientocaudete\/\" \/>\n<meta property=\"article:published_time\" content=\"2025-06-01T17:51:57+00:00\" \/>\n<meta property=\"article:modified_time\" content=\"2025-07-01T07:24:15+00:00\" \/>\n<meta property=\"og:image\" content=\"https:\/\/www.caudete.org\/ayuntamiento\/wp-content\/uploads\/2025\/06\/WhatsApp-Image-2025-06-01-at-19.14.17-1-e1748800246735.jpeg\" \/>\n\t<meta property=\"og:image:width\" content=\"1292\" \/>\n\t<meta property=\"og:image:height\" content=\"780\" \/>\n\t<meta property=\"og:image:type\" content=\"image\/jpeg\" \/>\n<meta name=\"author\" content=\"alcalde\" \/>\n<meta name=\"twitter:card\" content=\"summary_large_image\" \/>\n<meta name=\"twitter:label1\" content=\"Escrito por\" \/>\n\t<meta name=\"twitter:data1\" content=\"alcalde\" \/>\n\t<meta name=\"twitter:label2\" content=\"Tiempo de lectura\" \/>\n\t<meta name=\"twitter:data2\" content=\"2 minutos\" \/>\n<script type=\"application\/ld+json\" class=\"yoast-schema-graph\">{\"@context\":\"https:\\\/\\\/schema.org\",\"@graph\":[{\"@type\":\"Article\",\"@id\":\"https:\\\/\\\/www.caudete.org\\\/ayuntamiento\\\/el-5-de-julio-vuelve-a-la-plaza-de-toros-un-espectacular-concierto-para-todos-los-publicos\\\/#article\",\"isPartOf\":{\"@id\":\"https:\\\/\\\/www.caudete.org\\\/ayuntamiento\\\/el-5-de-julio-vuelve-a-la-plaza-de-toros-un-espectacular-concierto-para-todos-los-publicos\\\/\"},\"author\":{\"name\":\"alcalde\",\"@id\":\"https:\\\/\\\/www.caudete.org\\\/ayuntamiento\\\/#\\\/schema\\\/person\\\/cc646da9133078ee4d8dd47457947253\"},\"headline\":\"El 5 de Julio, vuelve a la Plaza de Toros un espectacular CONCIERTO para todos los p\u00fablicos\",\"datePublished\":\"2025-06-01T17:51:57+00:00\",\"dateModified\":\"2025-07-01T07:24:15+00:00\",\"mainEntityOfPage\":{\"@id\":\"https:\\\/\\\/www.caudete.org\\\/ayuntamiento\\\/el-5-de-julio-vuelve-a-la-plaza-de-toros-un-espectacular-concierto-para-todos-los-publicos\\\/\"},\"wordCount\":262,\"image\":{\"@id\":\"https:\\\/\\\/www.caudete.org\\\/ayuntamiento\\\/el-5-de-julio-vuelve-a-la-plaza-de-toros-un-espectacular-concierto-para-todos-los-publicos\\\/#primaryimage\"},\"thumbnailUrl\":\"https:\\\/\\\/www.caudete.org\\\/ayuntamiento\\\/wp-content\\\/uploads\\\/2025\\\/06\\\/WhatsApp-Image-2025-06-01-at-19.14.17-1-e1748800246735.jpeg\",\"articleSection\":[\"Ayuntamiento\"],\"inLanguage\":\"es\"},{\"@type\":\"WebPage\",\"@id\":\"https:\\\/\\\/www.caudete.org\\\/ayuntamiento\\\/el-5-de-julio-vuelve-a-la-plaza-de-toros-un-espectacular-concierto-para-todos-los-publicos\\\/\",\"url\":\"https:\\\/\\\/www.caudete.org\\\/ayuntamiento\\\/el-5-de-julio-vuelve-a-la-plaza-de-toros-un-espectacular-concierto-para-todos-los-publicos\\\/\",\"name\":\"El 5 de Julio, vuelve a la Plaza de Toros un espectacular CONCIERTO para todos los p\u00fablicos - MI Ayuntamiento de Caudete\",\"isPartOf\":{\"@id\":\"https:\\\/\\\/www.caudete.org\\\/ayuntamiento\\\/#website\"},\"primaryImageOfPage\":{\"@id\":\"https:\\\/\\\/www.caudete.org\\\/ayuntamiento\\\/el-5-de-julio-vuelve-a-la-plaza-de-toros-un-espectacular-concierto-para-todos-los-publicos\\\/#primaryimage\"},\"image\":{\"@id\":\"https:\\\/\\\/www.caudete.org\\\/ayuntamiento\\\/el-5-de-julio-vuelve-a-la-plaza-de-toros-un-espectacular-concierto-para-todos-los-publicos\\\/#primaryimage\"},\"thumbnailUrl\":\"https:\\\/\\\/www.caudete.org\\\/ayuntamiento\\\/wp-content\\\/uploads\\\/2025\\\/06\\\/WhatsApp-Image-2025-06-01-at-19.14.17-1-e1748800246735.jpeg\",\"datePublished\":\"2025-06-01T17:51:57+00:00\",\"dateModified\":\"2025-07-01T07:24:15+00:00\",\"author\":{\"@id\":\"https:\\\/\\\/www.caudete.org\\\/ayuntamiento\\\/#\\\/schema\\\/person\\\/cc646da9133078ee4d8dd47457947253\"},\"description\":\"P\u00e1gina Oficial del Ayuntamiento de Caudete (Albacete)\",\"breadcrumb\":{\"@id\":\"https:\\\/\\\/www.caudete.org\\\/ayuntamiento\\\/el-5-de-julio-vuelve-a-la-plaza-de-toros-un-espectacular-concierto-para-todos-los-publicos\\\/#breadcrumb\"},\"inLanguage\":\"es\",\"potentialAction\":[{\"@type\":\"ReadAction\",\"target\":[\"https:\\\/\\\/www.caudete.org\\\/ayuntamiento\\\/el-5-de-julio-vuelve-a-la-plaza-de-toros-un-espectacular-concierto-para-todos-los-publicos\\\/\"]}]},{\"@type\":\"ImageObject\",\"inLanguage\":\"es\",\"@id\":\"https:\\\/\\\/www.caudete.org\\\/ayuntamiento\\\/el-5-de-julio-vuelve-a-la-plaza-de-toros-un-espectacular-concierto-para-todos-los-publicos\\\/#primaryimage\",\"url\":\"https:\\\/\\\/www.caudete.org\\\/ayuntamiento\\\/wp-content\\\/uploads\\\/2025\\\/06\\\/WhatsApp-Image-2025-06-01-at-19.14.17-1-e1748800246735.jpeg\",\"contentUrl\":\"https:\\\/\\\/www.caudete.org\\\/ayuntamiento\\\/wp-content\\\/uploads\\\/2025\\\/06\\\/WhatsApp-Image-2025-06-01-at-19.14.17-1-e1748800246735.jpeg\",\"width\":1292,\"height\":780},{\"@type\":\"BreadcrumbList\",\"@id\":\"https:\\\/\\\/www.caudete.org\\\/ayuntamiento\\\/el-5-de-julio-vuelve-a-la-plaza-de-toros-un-espectacular-concierto-para-todos-los-publicos\\\/#breadcrumb\",\"itemListElement\":[{\"@type\":\"ListItem\",\"position\":1,\"name\":\"Inicio\",\"item\":\"https:\\\/\\\/www.caudete.org\\\/ayuntamiento\\\/\"},{\"@type\":\"ListItem\",\"position\":2,\"name\":\"El 5 de Julio, vuelve a la Plaza de Toros un espectacular CONCIERTO para todos los p\u00fablicos\"}]},{\"@type\":\"WebSite\",\"@id\":\"https:\\\/\\\/www.caudete.org\\\/ayuntamiento\\\/#website\",\"url\":\"https:\\\/\\\/www.caudete.org\\\/ayuntamiento\\\/\",\"name\":\"MI Ayuntamiento de Caudete\",\"description\":\"P\u00e1gina Oficial del MI Ayuntamiento de Caudete\",\"potentialAction\":[{\"@type\":\"SearchAction\",\"target\":{\"@type\":\"EntryPoint\",\"urlTemplate\":\"https:\\\/\\\/www.caudete.org\\\/ayuntamiento\\\/?s={search_term_string}\"},\"query-input\":{\"@type\":\"PropertyValueSpecification\",\"valueRequired\":true,\"valueName\":\"search_term_string\"}}],\"inLanguage\":\"es\"},{\"@type\":\"Person\",\"@id\":\"https:\\\/\\\/www.caudete.org\\\/ayuntamiento\\\/#\\\/schema\\\/person\\\/cc646da9133078ee4d8dd47457947253\",\"name\":\"alcalde\",\"image\":{\"@type\":\"ImageObject\",\"inLanguage\":\"es\",\"@id\":\"https:\\\/\\\/secure.gravatar.com\\\/avatar\\\/84a817ba065b29ff08d666b215a215f5c79186a645ccb25b14a663d48a130f77?s=96&d=mm&r=g\",\"url\":\"https:\\\/\\\/secure.gravatar.com\\\/avatar\\\/84a817ba065b29ff08d666b215a215f5c79186a645ccb25b14a663d48a130f77?s=96&d=mm&r=g\",\"contentUrl\":\"https:\\\/\\\/secure.gravatar.com\\\/avatar\\\/84a817ba065b29ff08d666b215a215f5c79186a645ccb25b14a663d48a130f77?s=96&d=mm&r=g\",\"caption\":\"alcalde\"},\"url\":\"https:\\\/\\\/www.caudete.org\\\/ayuntamiento\\\/author\\\/alcalde\\\/\"}]}<\/script>\n<!-- \/ Yoast SEO plugin. -->","yoast_head_json":{"title":"El 5 de Julio, vuelve a la Plaza de Toros un espectacular CONCIERTO para todos los p\u00fablicos - MI Ayuntamiento de Caudete","description":"P\u00e1gina Oficial del Ayuntamiento de Caudete (Albacete)","robots":{"index":"index","follow":"follow","max-snippet":"max-snippet:-1","max-image-preview":"max-image-preview:large","max-video-preview":"max-video-preview:-1"},"canonical":"https:\/\/www.caudete.org\/ayuntamiento\/el-5-de-julio-vuelve-a-la-plaza-de-toros-un-espectacular-concierto-para-todos-los-publicos\/","og_locale":"es_ES","og_type":"article","og_title":"El 5 de Julio, vuelve a la Plaza de Toros un espectacular CONCIERTO para todos los p\u00fablicos - MI Ayuntamiento de Caudete","og_description":"P\u00e1gina Oficial del Ayuntamiento de Caudete (Albacete)","og_url":"https:\/\/www.caudete.org\/ayuntamiento\/el-5-de-julio-vuelve-a-la-plaza-de-toros-un-espectacular-concierto-para-todos-los-publicos\/","og_site_name":"MI Ayuntamiento de Caudete","article_publisher":"https:\/\/www.facebook.com\/ayuntamientocaudete\/","article_published_time":"2025-06-01T17:51:57+00:00","article_modified_time":"2025-07-01T07:24:15+00:00","og_image":[{"width":1292,"height":780,"url":"https:\/\/www.caudete.org\/ayuntamiento\/wp-content\/uploads\/2025\/06\/WhatsApp-Image-2025-06-01-at-19.14.17-1-e1748800246735.jpeg","type":"image\/jpeg"}],"author":"alcalde","twitter_card":"summary_large_image","twitter_misc":{"Escrito por":"alcalde","Tiempo de lectura":"2 minutos"},"schema":{"@context":"https:\/\/schema.org","@graph":[{"@type":"Article","@id":"https:\/\/www.caudete.org\/ayuntamiento\/el-5-de-julio-vuelve-a-la-plaza-de-toros-un-espectacular-concierto-para-todos-los-publicos\/#article","isPartOf":{"@id":"https:\/\/www.caudete.org\/ayuntamiento\/el-5-de-julio-vuelve-a-la-plaza-de-toros-un-espectacular-concierto-para-todos-los-publicos\/"},"author":{"name":"alcalde","@id":"https:\/\/www.caudete.org\/ayuntamiento\/#\/schema\/person\/cc646da9133078ee4d8dd47457947253"},"headline":"El 5 de Julio, vuelve a la Plaza de Toros un espectacular CONCIERTO para todos los p\u00fablicos","datePublished":"2025-06-01T17:51:57+00:00","dateModified":"2025-07-01T07:24:15+00:00","mainEntityOfPage":{"@id":"https:\/\/www.caudete.org\/ayuntamiento\/el-5-de-julio-vuelve-a-la-plaza-de-toros-un-espectacular-concierto-para-todos-los-publicos\/"},"wordCount":262,"image":{"@id":"https:\/\/www.caudete.org\/ayuntamiento\/el-5-de-julio-vuelve-a-la-plaza-de-toros-un-espectacular-concierto-para-todos-los-publicos\/#primaryimage"},"thumbnailUrl":"https:\/\/www.caudete.org\/ayuntamiento\/wp-content\/uploads\/2025\/06\/WhatsApp-Image-2025-06-01-at-19.14.17-1-e1748800246735.jpeg","articleSection":["Ayuntamiento"],"inLanguage":"es"},{"@type":"WebPage","@id":"https:\/\/www.caudete.org\/ayuntamiento\/el-5-de-julio-vuelve-a-la-plaza-de-toros-un-espectacular-concierto-para-todos-los-publicos\/","url":"https:\/\/www.caudete.org\/ayuntamiento\/el-5-de-julio-vuelve-a-la-plaza-de-toros-un-espectacular-concierto-para-todos-los-publicos\/","name":"El 5 de Julio, vuelve a la Plaza de Toros un espectacular CONCIERTO para todos los p\u00fablicos - MI Ayuntamiento de Caudete","isPartOf":{"@id":"https:\/\/www.caudete.org\/ayuntamiento\/#website"},"primaryImageOfPage":{"@id":"https:\/\/www.caudete.org\/ayuntamiento\/el-5-de-julio-vuelve-a-la-plaza-de-toros-un-espectacular-concierto-para-todos-los-publicos\/#primaryimage"},"image":{"@id":"https:\/\/www.caudete.org\/ayuntamiento\/el-5-de-julio-vuelve-a-la-plaza-de-toros-un-espectacular-concierto-para-todos-los-publicos\/#primaryimage"},"thumbnailUrl":"https:\/\/www.caudete.org\/ayuntamiento\/wp-content\/uploads\/2025\/06\/WhatsApp-Image-2025-06-01-at-19.14.17-1-e1748800246735.jpeg","datePublished":"2025-06-01T17:51:57+00:00","dateModified":"2025-07-01T07:24:15+00:00","author":{"@id":"https:\/\/www.caudete.org\/ayuntamiento\/#\/schema\/person\/cc646da9133078ee4d8dd47457947253"},"description":"P\u00e1gina Oficial del Ayuntamiento de Caudete (Albacete)","breadcrumb":{"@id":"https:\/\/www.caudete.org\/ayuntamiento\/el-5-de-julio-vuelve-a-la-plaza-de-toros-un-espectacular-concierto-para-todos-los-publicos\/#breadcrumb"},"inLanguage":"es","potentialAction":[{"@type":"ReadAction","target":["https:\/\/www.caudete.org\/ayuntamiento\/el-5-de-julio-vuelve-a-la-plaza-de-toros-un-espectacular-concierto-para-todos-los-publicos\/"]}]},{"@type":"ImageObject","inLanguage":"es","@id":"https:\/\/www.caudete.org\/ayuntamiento\/el-5-de-julio-vuelve-a-la-plaza-de-toros-un-espectacular-concierto-para-todos-los-publicos\/#primaryimage","url":"https:\/\/www.caudete.org\/ayuntamiento\/wp-content\/uploads\/2025\/06\/WhatsApp-Image-2025-06-01-at-19.14.17-1-e1748800246735.jpeg","contentUrl":"https:\/\/www.caudete.org\/ayuntamiento\/wp-content\/uploads\/2025\/06\/WhatsApp-Image-2025-06-01-at-19.14.17-1-e1748800246735.jpeg","width":1292,"height":780},{"@type":"BreadcrumbList","@id":"https:\/\/www.caudete.org\/ayuntamiento\/el-5-de-julio-vuelve-a-la-plaza-de-toros-un-espectacular-concierto-para-todos-los-publicos\/#breadcrumb","itemListElement":[{"@type":"ListItem","position":1,"name":"Inicio","item":"https:\/\/www.caudete.org\/ayuntamiento\/"},{"@type":"ListItem","position":2,"name":"El 5 de Julio, vuelve a la Plaza de Toros un espectacular CONCIERTO para todos los p\u00fablicos"}]},{"@type":"WebSite","@id":"https:\/\/www.caudete.org\/ayuntamiento\/#website","url":"https:\/\/www.caudete.org\/ayuntamiento\/","name":"MI Ayuntamiento de Caudete","description":"P\u00e1gina Oficial del MI Ayuntamiento de Caudete","potentialAction":[{"@type":"SearchAction","target":{"@type":"EntryPoint","urlTemplate":"https:\/\/www.caudete.org\/ayuntamiento\/?s={search_term_string}"},"query-input":{"@type":"PropertyValueSpecification","valueRequired":true,"valueName":"search_term_string"}}],"inLanguage":"es"},{"@type":"Person","@id":"https:\/\/www.caudete.org\/ayuntamiento\/#\/schema\/person\/cc646da9133078ee4d8dd47457947253","name":"alcalde","image":{"@type":"ImageObject","inLanguage":"es","@id":"https:\/\/secure.gravatar.com\/avatar\/84a817ba065b29ff08d666b215a215f5c79186a645ccb25b14a663d48a130f77?s=96&d=mm&r=g","url":"https:\/\/secure.gravatar.com\/avatar\/84a817ba065b29ff08d666b215a215f5c79186a645ccb25b14a663d48a130f77?s=96&d=mm&r=g","contentUrl":"https:\/\/secure.gravatar.com\/avatar\/84a817ba065b29ff08d666b215a215f5c79186a645ccb25b14a663d48a130f77?s=96&d=mm&r=g","caption":"alcalde"},"url":"https:\/\/www.caudete.org\/ayuntamiento\/author\/alcalde\/"}]}},"_links":{"self":[{"href":"https:\/\/www.caudete.org\/ayuntamiento\/wp-json\/wp\/v2\/posts\/28938","targetHints":{"allow":["GET"]}}],"collection":[{"href":"https:\/\/www.caudete.org\/ayuntamiento\/wp-json\/wp\/v2\/posts"}],"about":[{"href":"https:\/\/www.caudete.org\/ayuntamiento\/wp-json\/wp\/v2\/types\/post"}],"author":[{"embeddable":true,"href":"https:\/\/www.caudete.org\/ayuntamiento\/wp-json\/wp\/v2\/users\/3"}],"replies":[{"embeddable":true,"href":"https:\/\/www.caudete.org\/ayuntamiento\/wp-json\/wp\/v2\/comments?post=28938"}],"version-history":[{"count":3,"href":"https:\/\/www.caudete.org\/ayuntamiento\/wp-json\/wp\/v2\/posts\/28938\/revisions"}],"predecessor-version":[{"id":28954,"href":"https:\/\/www.caudete.org\/ayuntamiento\/wp-json\/wp\/v2\/posts\/28938\/revisions\/28954"}],"wp:featuredmedia":[{"embeddable":true,"href":"https:\/\/www.caudete.org\/ayuntamiento\/wp-json\/wp\/v2\/media\/28947"}],"wp:attachment":[{"href":"https:\/\/www.caudete.org\/ayuntamiento\/wp-json\/wp\/v2\/media?parent=28938"}],"wp:term":[{"taxonomy":"category","embeddable":true,"href":"https:\/\/www.caudete.org\/ayuntamiento\/wp-json\/wp\/v2\/categories?post=28938"},{"taxonomy":"post_tag","embeddable":true,"href":"https:\/\/www.caudete.org\/ayuntamiento\/wp-json\/wp\/v2\/tags?post=28938"}],"curies":[{"name":"wp","href":"https:\/\/api.w.org\/{rel}","templated":true}]}}