{"id":28955,"date":"2025-06-03T09:05:51","date_gmt":"2025-06-03T07:05:51","guid":{"rendered":"https:\/\/www.caudete.org\/ayuntamiento\/?p=28955"},"modified":"2025-06-04T09:54:15","modified_gmt":"2025-06-04T07:54:15","slug":"el-alcalde-recibio-a-cerca-de-50-alumnos-del-ceip-alcazar-y-serrano-en-el-salon-de-plenos","status":"publish","type":"post","link":"https:\/\/www.caudete.org\/ayuntamiento\/el-alcalde-recibio-a-cerca-de-50-alumnos-del-ceip-alcazar-y-serrano-en-el-salon-de-plenos\/","title":{"rendered":"El Alcalde recibi\u00f3 a cerca de 50 alumnos del CEIP Alc\u00e1zar y Serrano en el Sal\u00f3n de Plenos"},"content":{"rendered":"<p><a href=\"https:\/\/www.caudete.org\/ayuntamiento\/wp-content\/uploads\/2025\/06\/WhatsApp-Image-2025-05-31-at-08.45.56-1.jpeg\" rel='prettyPhoto'><img fetchpriority=\"high\" decoding=\"async\" class=\"alignnone wp-image-28952 size-full\" src=\"https:\/\/www.caudete.org\/ayuntamiento\/wp-content\/uploads\/2025\/06\/WhatsApp-Image-2025-05-31-at-08.45.56-1.jpeg\" alt=\"\" width=\"1600\" height=\"1200\" srcset=\"https:\/\/www.caudete.org\/ayuntamiento\/wp-content\/uploads\/2025\/06\/WhatsApp-Image-2025-05-31-at-08.45.56-1.jpeg 1600w, https:\/\/www.caudete.org\/ayuntamiento\/wp-content\/uploads\/2025\/06\/WhatsApp-Image-2025-05-31-at-08.45.56-1-533x400.jpeg 533w, https:\/\/www.caudete.org\/ayuntamiento\/wp-content\/uploads\/2025\/06\/WhatsApp-Image-2025-05-31-at-08.45.56-1-1067x800.jpeg 1067w, https:\/\/www.caudete.org\/ayuntamiento\/wp-content\/uploads\/2025\/06\/WhatsApp-Image-2025-05-31-at-08.45.56-1-768x576.jpeg 768w, https:\/\/www.caudete.org\/ayuntamiento\/wp-content\/uploads\/2025\/06\/WhatsApp-Image-2025-05-31-at-08.45.56-1-1536x1152.jpeg 1536w\" sizes=\"(max-width: 1600px) 100vw, 1600px\" \/><\/a><\/p>\n<p style=\"text-align: justify;\">El pasado viernes el Alcalde Mois\u00e9s L\u00f3pez recib\u00eda en el Sal\u00f3n de Plenos un especial visita, nada m\u00e1s y nada menos que 3 clases completas de 3\u00ba de Primaria del Centro de Educaci\u00f3n Infantil y Primaria del &#8220;ALC\u00c1ZAR Y SERRANO&#8221;. La visita, programada por las tutoras se realiz\u00f3 como broche final de la unidad did\u00e1ctica dada en Conocimiento del Medio.<\/p>\n<p style=\"text-align: justify;\">En esta unidad se trabaj\u00f3 las caracter\u00edsticas de los pueblos y ciudades, as\u00ed como la composici\u00f3n y funcionamiento del gobierno municipal y los servicios municipales que se prestan a los ciudadanos desde un Ayuntamiento.<\/p>\n<p style=\"text-align: justify;\">Tras recibirles a los pies de las escaleras del edificio, junto a dos Concejales m\u00e1s del Gobierno Municipal, una vez instalados en el Sal\u00f3n de Plenos el Alcalde les pudo explicar detalles acerca del espacio en el que se encontraban, los s\u00edmbolos presentes en el mismo, as\u00ed como el funcionamiento del Consistorio.<\/p>\n<p style=\"text-align: justify;\">El alumnado redact\u00f3 una serie de peticiones dirigidas a nuestro alcalde. En esas peticiones reflejaron las necesidades que ve\u00edan y las mejoras a realizar en diferentes servicios municipales, las cuales les prometi\u00f3 el Primer Edil darle respuesta en una visita que realizar\u00e1 al efecto al CEIP.<\/p>\n<p style=\"text-align: justify;\">La experiencia fue muy gratificante y enriquecedora para todos, la cual finaliz\u00f3 con una foto de familia.<\/p>\n<p><a href=\"https:\/\/www.caudete.org\/ayuntamiento\/wp-content\/uploads\/2025\/06\/Alcazar-1.jpg\" rel='prettyPhoto'><img decoding=\"async\" class=\"alignnone size-full wp-image-29006\" src=\"https:\/\/www.caudete.org\/ayuntamiento\/wp-content\/uploads\/2025\/06\/Alcazar-1.jpg\" alt=\"\" width=\"946\" height=\"710\" srcset=\"https:\/\/www.caudete.org\/ayuntamiento\/wp-content\/uploads\/2025\/06\/Alcazar-1.jpg 946w, https:\/\/www.caudete.org\/ayuntamiento\/wp-content\/uploads\/2025\/06\/Alcazar-1-533x400.jpg 533w, https:\/\/www.caudete.org\/ayuntamiento\/wp-content\/uploads\/2025\/06\/Alcazar-1-768x576.jpg 768w\" sizes=\"(max-width: 946px) 100vw, 946px\" \/><\/a><\/p>\n<p><a href=\"https:\/\/www.caudete.org\/ayuntamiento\/wp-content\/uploads\/2025\/06\/WhatsApp-Image-2025-05-31-at-08.45.59-1.jpeg\" rel='prettyPhoto'><img decoding=\"async\" class=\"alignnone wp-image-28950 size-full\" src=\"https:\/\/www.caudete.org\/ayuntamiento\/wp-content\/uploads\/2025\/06\/WhatsApp-Image-2025-05-31-at-08.45.59-1-e1748802184385.jpeg\" alt=\"\" width=\"1216\" height=\"870\" srcset=\"https:\/\/www.caudete.org\/ayuntamiento\/wp-content\/uploads\/2025\/06\/WhatsApp-Image-2025-05-31-at-08.45.59-1-e1748802184385.jpeg 1216w, https:\/\/www.caudete.org\/ayuntamiento\/wp-content\/uploads\/2025\/06\/WhatsApp-Image-2025-05-31-at-08.45.59-1-e1748802184385-559x400.jpeg 559w, https:\/\/www.caudete.org\/ayuntamiento\/wp-content\/uploads\/2025\/06\/WhatsApp-Image-2025-05-31-at-08.45.59-1-e1748802184385-1118x800.jpeg 1118w, https:\/\/www.caudete.org\/ayuntamiento\/wp-content\/uploads\/2025\/06\/WhatsApp-Image-2025-05-31-at-08.45.59-1-e1748802184385-768x549.jpeg 768w\" sizes=\"(max-width: 1216px) 100vw, 1216px\" \/><\/a><\/p>\n","protected":false},"excerpt":{"rendered":"<p>El pasado viernes el Alcalde Mois\u00e9s L\u00f3pez recib\u00eda en el Sal\u00f3n de Plenos un especial visita, nada m\u00e1s y nada menos que 3 clases completas de 3\u00ba de Primaria del Centro de Educaci\u00f3n Infantil y Primaria del &#8220;ALC\u00c1ZAR Y SERRANO&#8221;. La visita, programada por las tutoras se realiz\u00f3 como broche final de la unidad did\u00e1ctica &hellip;<\/p>\n","protected":false},"author":3,"featured_media":28994,"comment_status":"closed","ping_status":"open","sticky":false,"template":"","format":"standard","meta":{"ngg_post_thumbnail":0,"footnotes":""},"categories":[20],"tags":[],"class_list":["post-28955","post","type-post","status-publish","format-standard","has-post-thumbnail","hentry","category-ayuntamiento"],"yoast_head":"<!-- This site is optimized with the Yoast SEO plugin v27.5 - https:\/\/yoast.com\/product\/yoast-seo-wordpress\/ -->\n<title>El Alcalde recibi\u00f3 a cerca de 50 alumnos del CEIP Alc\u00e1zar y Serrano en el Sal\u00f3n de Plenos - MI Ayuntamiento de Caudete<\/title>\n<meta name=\"description\" content=\"P\u00e1gina Oficial del Ayuntamiento de Caudete (Albacete)\" \/>\n<meta name=\"robots\" content=\"index, follow, max-snippet:-1, max-image-preview:large, max-video-preview:-1\" \/>\n<link rel=\"canonical\" href=\"https:\/\/www.caudete.org\/ayuntamiento\/el-alcalde-recibio-a-cerca-de-50-alumnos-del-ceip-alcazar-y-serrano-en-el-salon-de-plenos\/\" \/>\n<meta property=\"og:locale\" content=\"es_ES\" \/>\n<meta property=\"og:type\" content=\"article\" \/>\n<meta property=\"og:title\" content=\"El Alcalde recibi\u00f3 a cerca de 50 alumnos del CEIP Alc\u00e1zar y Serrano en el Sal\u00f3n de Plenos - MI Ayuntamiento de Caudete\" \/>\n<meta property=\"og:description\" content=\"P\u00e1gina Oficial del Ayuntamiento de Caudete (Albacete)\" \/>\n<meta property=\"og:url\" content=\"https:\/\/www.caudete.org\/ayuntamiento\/el-alcalde-recibio-a-cerca-de-50-alumnos-del-ceip-alcazar-y-serrano-en-el-salon-de-plenos\/\" \/>\n<meta property=\"og:site_name\" content=\"MI Ayuntamiento de Caudete\" \/>\n<meta property=\"article:publisher\" content=\"https:\/\/www.facebook.com\/ayuntamientocaudete\/\" \/>\n<meta property=\"article:published_time\" content=\"2025-06-03T07:05:51+00:00\" \/>\n<meta property=\"article:modified_time\" content=\"2025-06-04T07:54:15+00:00\" \/>\n<meta property=\"og:image\" content=\"https:\/\/www.caudete.org\/ayuntamiento\/wp-content\/uploads\/2025\/06\/Alcazar.jpg\" \/>\n\t<meta property=\"og:image:width\" content=\"946\" \/>\n\t<meta property=\"og:image:height\" content=\"416\" \/>\n\t<meta property=\"og:image:type\" content=\"image\/jpeg\" \/>\n<meta name=\"author\" content=\"alcalde\" \/>\n<meta name=\"twitter:card\" content=\"summary_large_image\" \/>\n<meta name=\"twitter:label1\" content=\"Escrito por\" \/>\n\t<meta name=\"twitter:data1\" content=\"alcalde\" \/>\n\t<meta name=\"twitter:label2\" content=\"Tiempo de lectura\" \/>\n\t<meta name=\"twitter:data2\" content=\"2 minutos\" \/>\n<script type=\"application\/ld+json\" class=\"yoast-schema-graph\">{\"@context\":\"https:\\\/\\\/schema.org\",\"@graph\":[{\"@type\":\"Article\",\"@id\":\"https:\\\/\\\/www.caudete.org\\\/ayuntamiento\\\/el-alcalde-recibio-a-cerca-de-50-alumnos-del-ceip-alcazar-y-serrano-en-el-salon-de-plenos\\\/#article\",\"isPartOf\":{\"@id\":\"https:\\\/\\\/www.caudete.org\\\/ayuntamiento\\\/el-alcalde-recibio-a-cerca-de-50-alumnos-del-ceip-alcazar-y-serrano-en-el-salon-de-plenos\\\/\"},\"author\":{\"name\":\"alcalde\",\"@id\":\"https:\\\/\\\/www.caudete.org\\\/ayuntamiento\\\/#\\\/schema\\\/person\\\/cc646da9133078ee4d8dd47457947253\"},\"headline\":\"El Alcalde recibi\u00f3 a cerca de 50 alumnos del CEIP Alc\u00e1zar y Serrano en el Sal\u00f3n de Plenos\",\"datePublished\":\"2025-06-03T07:05:51+00:00\",\"dateModified\":\"2025-06-04T07:54:15+00:00\",\"mainEntityOfPage\":{\"@id\":\"https:\\\/\\\/www.caudete.org\\\/ayuntamiento\\\/el-alcalde-recibio-a-cerca-de-50-alumnos-del-ceip-alcazar-y-serrano-en-el-salon-de-plenos\\\/\"},\"wordCount\":240,\"image\":{\"@id\":\"https:\\\/\\\/www.caudete.org\\\/ayuntamiento\\\/el-alcalde-recibio-a-cerca-de-50-alumnos-del-ceip-alcazar-y-serrano-en-el-salon-de-plenos\\\/#primaryimage\"},\"thumbnailUrl\":\"https:\\\/\\\/www.caudete.org\\\/ayuntamiento\\\/wp-content\\\/uploads\\\/2025\\\/06\\\/Alcazar.jpg\",\"articleSection\":[\"Ayuntamiento\"],\"inLanguage\":\"es\"},{\"@type\":\"WebPage\",\"@id\":\"https:\\\/\\\/www.caudete.org\\\/ayuntamiento\\\/el-alcalde-recibio-a-cerca-de-50-alumnos-del-ceip-alcazar-y-serrano-en-el-salon-de-plenos\\\/\",\"url\":\"https:\\\/\\\/www.caudete.org\\\/ayuntamiento\\\/el-alcalde-recibio-a-cerca-de-50-alumnos-del-ceip-alcazar-y-serrano-en-el-salon-de-plenos\\\/\",\"name\":\"El Alcalde recibi\u00f3 a cerca de 50 alumnos del CEIP Alc\u00e1zar y Serrano en el Sal\u00f3n de Plenos - MI Ayuntamiento de Caudete\",\"isPartOf\":{\"@id\":\"https:\\\/\\\/www.caudete.org\\\/ayuntamiento\\\/#website\"},\"primaryImageOfPage\":{\"@id\":\"https:\\\/\\\/www.caudete.org\\\/ayuntamiento\\\/el-alcalde-recibio-a-cerca-de-50-alumnos-del-ceip-alcazar-y-serrano-en-el-salon-de-plenos\\\/#primaryimage\"},\"image\":{\"@id\":\"https:\\\/\\\/www.caudete.org\\\/ayuntamiento\\\/el-alcalde-recibio-a-cerca-de-50-alumnos-del-ceip-alcazar-y-serrano-en-el-salon-de-plenos\\\/#primaryimage\"},\"thumbnailUrl\":\"https:\\\/\\\/www.caudete.org\\\/ayuntamiento\\\/wp-content\\\/uploads\\\/2025\\\/06\\\/Alcazar.jpg\",\"datePublished\":\"2025-06-03T07:05:51+00:00\",\"dateModified\":\"2025-06-04T07:54:15+00:00\",\"author\":{\"@id\":\"https:\\\/\\\/www.caudete.org\\\/ayuntamiento\\\/#\\\/schema\\\/person\\\/cc646da9133078ee4d8dd47457947253\"},\"description\":\"P\u00e1gina Oficial del Ayuntamiento de Caudete (Albacete)\",\"breadcrumb\":{\"@id\":\"https:\\\/\\\/www.caudete.org\\\/ayuntamiento\\\/el-alcalde-recibio-a-cerca-de-50-alumnos-del-ceip-alcazar-y-serrano-en-el-salon-de-plenos\\\/#breadcrumb\"},\"inLanguage\":\"es\",\"potentialAction\":[{\"@type\":\"ReadAction\",\"target\":[\"https:\\\/\\\/www.caudete.org\\\/ayuntamiento\\\/el-alcalde-recibio-a-cerca-de-50-alumnos-del-ceip-alcazar-y-serrano-en-el-salon-de-plenos\\\/\"]}]},{\"@type\":\"ImageObject\",\"inLanguage\":\"es\",\"@id\":\"https:\\\/\\\/www.caudete.org\\\/ayuntamiento\\\/el-alcalde-recibio-a-cerca-de-50-alumnos-del-ceip-alcazar-y-serrano-en-el-salon-de-plenos\\\/#primaryimage\",\"url\":\"https:\\\/\\\/www.caudete.org\\\/ayuntamiento\\\/wp-content\\\/uploads\\\/2025\\\/06\\\/Alcazar.jpg\",\"contentUrl\":\"https:\\\/\\\/www.caudete.org\\\/ayuntamiento\\\/wp-content\\\/uploads\\\/2025\\\/06\\\/Alcazar.jpg\",\"width\":946,\"height\":416},{\"@type\":\"BreadcrumbList\",\"@id\":\"https:\\\/\\\/www.caudete.org\\\/ayuntamiento\\\/el-alcalde-recibio-a-cerca-de-50-alumnos-del-ceip-alcazar-y-serrano-en-el-salon-de-plenos\\\/#breadcrumb\",\"itemListElement\":[{\"@type\":\"ListItem\",\"position\":1,\"name\":\"Inicio\",\"item\":\"https:\\\/\\\/www.caudete.org\\\/ayuntamiento\\\/\"},{\"@type\":\"ListItem\",\"position\":2,\"name\":\"El Alcalde recibi\u00f3 a cerca de 50 alumnos del CEIP Alc\u00e1zar y Serrano en el Sal\u00f3n de Plenos\"}]},{\"@type\":\"WebSite\",\"@id\":\"https:\\\/\\\/www.caudete.org\\\/ayuntamiento\\\/#website\",\"url\":\"https:\\\/\\\/www.caudete.org\\\/ayuntamiento\\\/\",\"name\":\"MI Ayuntamiento de Caudete\",\"description\":\"P\u00e1gina Oficial del MI Ayuntamiento de Caudete\",\"potentialAction\":[{\"@type\":\"SearchAction\",\"target\":{\"@type\":\"EntryPoint\",\"urlTemplate\":\"https:\\\/\\\/www.caudete.org\\\/ayuntamiento\\\/?s={search_term_string}\"},\"query-input\":{\"@type\":\"PropertyValueSpecification\",\"valueRequired\":true,\"valueName\":\"search_term_string\"}}],\"inLanguage\":\"es\"},{\"@type\":\"Person\",\"@id\":\"https:\\\/\\\/www.caudete.org\\\/ayuntamiento\\\/#\\\/schema\\\/person\\\/cc646da9133078ee4d8dd47457947253\",\"name\":\"alcalde\",\"image\":{\"@type\":\"ImageObject\",\"inLanguage\":\"es\",\"@id\":\"https:\\\/\\\/secure.gravatar.com\\\/avatar\\\/84a817ba065b29ff08d666b215a215f5c79186a645ccb25b14a663d48a130f77?s=96&d=mm&r=g\",\"url\":\"https:\\\/\\\/secure.gravatar.com\\\/avatar\\\/84a817ba065b29ff08d666b215a215f5c79186a645ccb25b14a663d48a130f77?s=96&d=mm&r=g\",\"contentUrl\":\"https:\\\/\\\/secure.gravatar.com\\\/avatar\\\/84a817ba065b29ff08d666b215a215f5c79186a645ccb25b14a663d48a130f77?s=96&d=mm&r=g\",\"caption\":\"alcalde\"},\"url\":\"https:\\\/\\\/www.caudete.org\\\/ayuntamiento\\\/author\\\/alcalde\\\/\"}]}<\/script>\n<!-- \/ Yoast SEO plugin. -->","yoast_head_json":{"title":"El Alcalde recibi\u00f3 a cerca de 50 alumnos del CEIP Alc\u00e1zar y Serrano en el Sal\u00f3n de Plenos - MI Ayuntamiento de Caudete","description":"P\u00e1gina Oficial del Ayuntamiento de Caudete (Albacete)","robots":{"index":"index","follow":"follow","max-snippet":"max-snippet:-1","max-image-preview":"max-image-preview:large","max-video-preview":"max-video-preview:-1"},"canonical":"https:\/\/www.caudete.org\/ayuntamiento\/el-alcalde-recibio-a-cerca-de-50-alumnos-del-ceip-alcazar-y-serrano-en-el-salon-de-plenos\/","og_locale":"es_ES","og_type":"article","og_title":"El Alcalde recibi\u00f3 a cerca de 50 alumnos del CEIP Alc\u00e1zar y Serrano en el Sal\u00f3n de Plenos - MI Ayuntamiento de Caudete","og_description":"P\u00e1gina Oficial del Ayuntamiento de Caudete (Albacete)","og_url":"https:\/\/www.caudete.org\/ayuntamiento\/el-alcalde-recibio-a-cerca-de-50-alumnos-del-ceip-alcazar-y-serrano-en-el-salon-de-plenos\/","og_site_name":"MI Ayuntamiento de Caudete","article_publisher":"https:\/\/www.facebook.com\/ayuntamientocaudete\/","article_published_time":"2025-06-03T07:05:51+00:00","article_modified_time":"2025-06-04T07:54:15+00:00","og_image":[{"width":946,"height":416,"url":"https:\/\/www.caudete.org\/ayuntamiento\/wp-content\/uploads\/2025\/06\/Alcazar.jpg","type":"image\/jpeg"}],"author":"alcalde","twitter_card":"summary_large_image","twitter_misc":{"Escrito por":"alcalde","Tiempo de lectura":"2 minutos"},"schema":{"@context":"https:\/\/schema.org","@graph":[{"@type":"Article","@id":"https:\/\/www.caudete.org\/ayuntamiento\/el-alcalde-recibio-a-cerca-de-50-alumnos-del-ceip-alcazar-y-serrano-en-el-salon-de-plenos\/#article","isPartOf":{"@id":"https:\/\/www.caudete.org\/ayuntamiento\/el-alcalde-recibio-a-cerca-de-50-alumnos-del-ceip-alcazar-y-serrano-en-el-salon-de-plenos\/"},"author":{"name":"alcalde","@id":"https:\/\/www.caudete.org\/ayuntamiento\/#\/schema\/person\/cc646da9133078ee4d8dd47457947253"},"headline":"El Alcalde recibi\u00f3 a cerca de 50 alumnos del CEIP Alc\u00e1zar y Serrano en el Sal\u00f3n de Plenos","datePublished":"2025-06-03T07:05:51+00:00","dateModified":"2025-06-04T07:54:15+00:00","mainEntityOfPage":{"@id":"https:\/\/www.caudete.org\/ayuntamiento\/el-alcalde-recibio-a-cerca-de-50-alumnos-del-ceip-alcazar-y-serrano-en-el-salon-de-plenos\/"},"wordCount":240,"image":{"@id":"https:\/\/www.caudete.org\/ayuntamiento\/el-alcalde-recibio-a-cerca-de-50-alumnos-del-ceip-alcazar-y-serrano-en-el-salon-de-plenos\/#primaryimage"},"thumbnailUrl":"https:\/\/www.caudete.org\/ayuntamiento\/wp-content\/uploads\/2025\/06\/Alcazar.jpg","articleSection":["Ayuntamiento"],"inLanguage":"es"},{"@type":"WebPage","@id":"https:\/\/www.caudete.org\/ayuntamiento\/el-alcalde-recibio-a-cerca-de-50-alumnos-del-ceip-alcazar-y-serrano-en-el-salon-de-plenos\/","url":"https:\/\/www.caudete.org\/ayuntamiento\/el-alcalde-recibio-a-cerca-de-50-alumnos-del-ceip-alcazar-y-serrano-en-el-salon-de-plenos\/","name":"El Alcalde recibi\u00f3 a cerca de 50 alumnos del CEIP Alc\u00e1zar y Serrano en el Sal\u00f3n de Plenos - MI Ayuntamiento de Caudete","isPartOf":{"@id":"https:\/\/www.caudete.org\/ayuntamiento\/#website"},"primaryImageOfPage":{"@id":"https:\/\/www.caudete.org\/ayuntamiento\/el-alcalde-recibio-a-cerca-de-50-alumnos-del-ceip-alcazar-y-serrano-en-el-salon-de-plenos\/#primaryimage"},"image":{"@id":"https:\/\/www.caudete.org\/ayuntamiento\/el-alcalde-recibio-a-cerca-de-50-alumnos-del-ceip-alcazar-y-serrano-en-el-salon-de-plenos\/#primaryimage"},"thumbnailUrl":"https:\/\/www.caudete.org\/ayuntamiento\/wp-content\/uploads\/2025\/06\/Alcazar.jpg","datePublished":"2025-06-03T07:05:51+00:00","dateModified":"2025-06-04T07:54:15+00:00","author":{"@id":"https:\/\/www.caudete.org\/ayuntamiento\/#\/schema\/person\/cc646da9133078ee4d8dd47457947253"},"description":"P\u00e1gina Oficial del Ayuntamiento de Caudete (Albacete)","breadcrumb":{"@id":"https:\/\/www.caudete.org\/ayuntamiento\/el-alcalde-recibio-a-cerca-de-50-alumnos-del-ceip-alcazar-y-serrano-en-el-salon-de-plenos\/#breadcrumb"},"inLanguage":"es","potentialAction":[{"@type":"ReadAction","target":["https:\/\/www.caudete.org\/ayuntamiento\/el-alcalde-recibio-a-cerca-de-50-alumnos-del-ceip-alcazar-y-serrano-en-el-salon-de-plenos\/"]}]},{"@type":"ImageObject","inLanguage":"es","@id":"https:\/\/www.caudete.org\/ayuntamiento\/el-alcalde-recibio-a-cerca-de-50-alumnos-del-ceip-alcazar-y-serrano-en-el-salon-de-plenos\/#primaryimage","url":"https:\/\/www.caudete.org\/ayuntamiento\/wp-content\/uploads\/2025\/06\/Alcazar.jpg","contentUrl":"https:\/\/www.caudete.org\/ayuntamiento\/wp-content\/uploads\/2025\/06\/Alcazar.jpg","width":946,"height":416},{"@type":"BreadcrumbList","@id":"https:\/\/www.caudete.org\/ayuntamiento\/el-alcalde-recibio-a-cerca-de-50-alumnos-del-ceip-alcazar-y-serrano-en-el-salon-de-plenos\/#breadcrumb","itemListElement":[{"@type":"ListItem","position":1,"name":"Inicio","item":"https:\/\/www.caudete.org\/ayuntamiento\/"},{"@type":"ListItem","position":2,"name":"El Alcalde recibi\u00f3 a cerca de 50 alumnos del CEIP Alc\u00e1zar y Serrano en el Sal\u00f3n de Plenos"}]},{"@type":"WebSite","@id":"https:\/\/www.caudete.org\/ayuntamiento\/#website","url":"https:\/\/www.caudete.org\/ayuntamiento\/","name":"MI Ayuntamiento de Caudete","description":"P\u00e1gina Oficial del MI Ayuntamiento de Caudete","potentialAction":[{"@type":"SearchAction","target":{"@type":"EntryPoint","urlTemplate":"https:\/\/www.caudete.org\/ayuntamiento\/?s={search_term_string}"},"query-input":{"@type":"PropertyValueSpecification","valueRequired":true,"valueName":"search_term_string"}}],"inLanguage":"es"},{"@type":"Person","@id":"https:\/\/www.caudete.org\/ayuntamiento\/#\/schema\/person\/cc646da9133078ee4d8dd47457947253","name":"alcalde","image":{"@type":"ImageObject","inLanguage":"es","@id":"https:\/\/secure.gravatar.com\/avatar\/84a817ba065b29ff08d666b215a215f5c79186a645ccb25b14a663d48a130f77?s=96&d=mm&r=g","url":"https:\/\/secure.gravatar.com\/avatar\/84a817ba065b29ff08d666b215a215f5c79186a645ccb25b14a663d48a130f77?s=96&d=mm&r=g","contentUrl":"https:\/\/secure.gravatar.com\/avatar\/84a817ba065b29ff08d666b215a215f5c79186a645ccb25b14a663d48a130f77?s=96&d=mm&r=g","caption":"alcalde"},"url":"https:\/\/www.caudete.org\/ayuntamiento\/author\/alcalde\/"}]}},"_links":{"self":[{"href":"https:\/\/www.caudete.org\/ayuntamiento\/wp-json\/wp\/v2\/posts\/28955","targetHints":{"allow":["GET"]}}],"collection":[{"href":"https:\/\/www.caudete.org\/ayuntamiento\/wp-json\/wp\/v2\/posts"}],"about":[{"href":"https:\/\/www.caudete.org\/ayuntamiento\/wp-json\/wp\/v2\/types\/post"}],"author":[{"embeddable":true,"href":"https:\/\/www.caudete.org\/ayuntamiento\/wp-json\/wp\/v2\/users\/3"}],"replies":[{"embeddable":true,"href":"https:\/\/www.caudete.org\/ayuntamiento\/wp-json\/wp\/v2\/comments?post=28955"}],"version-history":[{"count":6,"href":"https:\/\/www.caudete.org\/ayuntamiento\/wp-json\/wp\/v2\/posts\/28955\/revisions"}],"predecessor-version":[{"id":29007,"href":"https:\/\/www.caudete.org\/ayuntamiento\/wp-json\/wp\/v2\/posts\/28955\/revisions\/29007"}],"wp:featuredmedia":[{"embeddable":true,"href":"https:\/\/www.caudete.org\/ayuntamiento\/wp-json\/wp\/v2\/media\/28994"}],"wp:attachment":[{"href":"https:\/\/www.caudete.org\/ayuntamiento\/wp-json\/wp\/v2\/media?parent=28955"}],"wp:term":[{"taxonomy":"category","embeddable":true,"href":"https:\/\/www.caudete.org\/ayuntamiento\/wp-json\/wp\/v2\/categories?post=28955"},{"taxonomy":"post_tag","embeddable":true,"href":"https:\/\/www.caudete.org\/ayuntamiento\/wp-json\/wp\/v2\/tags?post=28955"}],"curies":[{"name":"wp","href":"https:\/\/api.w.org\/{rel}","templated":true}]}}