{"id":28957,"date":"2025-06-04T09:24:54","date_gmt":"2025-06-04T07:24:54","guid":{"rendered":"https:\/\/www.caudete.org\/ayuntamiento\/?p=28957"},"modified":"2025-06-01T20:41:03","modified_gmt":"2025-06-01T18:41:03","slug":"el-plan-director-del-castillo-tema-central-de-la-sesion-de-esta-tarde-en-las-iii-jornadas-de-estudios-locales","status":"publish","type":"post","link":"https:\/\/www.caudete.org\/ayuntamiento\/el-plan-director-del-castillo-tema-central-de-la-sesion-de-esta-tarde-en-las-iii-jornadas-de-estudios-locales\/","title":{"rendered":"EL PLAN DIRECTOR DEL CASTILLO, tema central de la sesi\u00f3n de esta tarde en las III Jornadas de Estudios Locales"},"content":{"rendered":"<p><a href=\"https:\/\/www.caudete.org\/ayuntamiento\/wp-content\/uploads\/2025\/06\/500450390_122156817692464591_2270935316144093373_n.jpg\" rel='prettyPhoto'><img fetchpriority=\"high\" decoding=\"async\" class=\"aligncenter wp-image-28959 size-full\" src=\"https:\/\/www.caudete.org\/ayuntamiento\/wp-content\/uploads\/2025\/06\/500450390_122156817692464591_2270935316144093373_n-e1748803177995.jpg\" alt=\"\" width=\"1080\" height=\"934\" srcset=\"https:\/\/www.caudete.org\/ayuntamiento\/wp-content\/uploads\/2025\/06\/500450390_122156817692464591_2270935316144093373_n-e1748803177995.jpg 1080w, https:\/\/www.caudete.org\/ayuntamiento\/wp-content\/uploads\/2025\/06\/500450390_122156817692464591_2270935316144093373_n-e1748803177995-463x400.jpg 463w, https:\/\/www.caudete.org\/ayuntamiento\/wp-content\/uploads\/2025\/06\/500450390_122156817692464591_2270935316144093373_n-e1748803177995-925x800.jpg 925w, https:\/\/www.caudete.org\/ayuntamiento\/wp-content\/uploads\/2025\/06\/500450390_122156817692464591_2270935316144093373_n-e1748803177995-768x664.jpg 768w\" sizes=\"(max-width: 1080px) 100vw, 1080px\" \/><\/a><\/p>\n<p style=\"text-align: justify;\">De nuevo, prosiguen las sesiones de las III Jornadas de Estudios Locales, siendo en esta ocasi\u00f3n el Arque\u00f3logo Gabriel Segura y el Arquitecto F. Joaqu\u00edn S\u00e1ez los encargados de trasladar a los caudetanos el contenido de una interesante ponencia, en la que no solo se abordar\u00e1n m\u00faltiples cuestiones\u00a0 en torno al Castillo de Caudete, con una conferencia que nos permitir\u00e1 adentrarnos en los resultados de las investigaciones fruto de las campa\u00f1as arqueol\u00f3gicas, las famosas pero desconocidas ayudas del 2% cultural, y el futuro de nuestro Castillo, gracias a un trabajo t\u00e9cnico como lo es un Plan Director.<\/p>\n<p style=\"text-align: justify;\">A las 20.00h y en el Museo de Acuarela se llevar\u00e1 a cabo\u00a0<strong>\u201cEL PLAN DIRECTOR DEL CASTILLO DE CAUDETE. UNA OPORTUNIDAD PARA SU RECUPERACI\u00d3N Y PUESTA EN VALOR\u201d<\/strong>, sobre la que sus autores nos realizan la siguiente sinopsis <strong><em>\u201cLa condici\u00f3n inherente de BIC del Castillo de Caudete obliga a la elaboraci\u00f3n de un Plan Director, entendido como herramienta de ordenaci\u00f3n y planificaci\u00f3n de las actuaciones encaminadas a su conocimiento, recuperaci\u00f3n y puesta en valor, al tiempo que facilita la consecuci\u00f3n de ayudas p\u00fablicas para la ejecuci\u00f3n de las actuaciones\u201d.<\/em><\/strong><\/p>\n<p><a href=\"https:\/\/www.caudete.org\/ayuntamiento\/wp-content\/uploads\/2025\/06\/502555355_122156817788464591_4438598254234278316_n.jpg\" rel='prettyPhoto'><img decoding=\"async\" class=\"aligncenter wp-image-28958 size-full\" src=\"https:\/\/www.caudete.org\/ayuntamiento\/wp-content\/uploads\/2025\/06\/502555355_122156817788464591_4438598254234278316_n.jpg\" alt=\"\" width=\"1080\" height=\"1350\" srcset=\"https:\/\/www.caudete.org\/ayuntamiento\/wp-content\/uploads\/2025\/06\/502555355_122156817788464591_4438598254234278316_n.jpg 1080w, https:\/\/www.caudete.org\/ayuntamiento\/wp-content\/uploads\/2025\/06\/502555355_122156817788464591_4438598254234278316_n-320x400.jpg 320w, https:\/\/www.caudete.org\/ayuntamiento\/wp-content\/uploads\/2025\/06\/502555355_122156817788464591_4438598254234278316_n-640x800.jpg 640w, https:\/\/www.caudete.org\/ayuntamiento\/wp-content\/uploads\/2025\/06\/502555355_122156817788464591_4438598254234278316_n-768x960.jpg 768w\" sizes=\"(max-width: 1080px) 100vw, 1080px\" \/><\/a><\/p>\n<p><a href=\"https:\/\/www.caudete.org\/ayuntamiento\/wp-content\/uploads\/2025\/06\/iii-jornadas-plan-director.jpg\" rel='prettyPhoto'><img decoding=\"async\" class=\"wp-image-28960 size-full aligncenter\" src=\"https:\/\/www.caudete.org\/ayuntamiento\/wp-content\/uploads\/2025\/06\/iii-jornadas-plan-director.jpg\" alt=\"\" width=\"1098\" height=\"753\" srcset=\"https:\/\/www.caudete.org\/ayuntamiento\/wp-content\/uploads\/2025\/06\/iii-jornadas-plan-director.jpg 1098w, https:\/\/www.caudete.org\/ayuntamiento\/wp-content\/uploads\/2025\/06\/iii-jornadas-plan-director-583x400.jpg 583w, https:\/\/www.caudete.org\/ayuntamiento\/wp-content\/uploads\/2025\/06\/iii-jornadas-plan-director-768x527.jpg 768w\" sizes=\"(max-width: 1098px) 100vw, 1098px\" \/><\/a><\/p>\n","protected":false},"excerpt":{"rendered":"<p>De nuevo, prosiguen las sesiones de las III Jornadas de Estudios Locales, siendo en esta ocasi\u00f3n el Arque\u00f3logo Gabriel Segura y el Arquitecto F. Joaqu\u00edn S\u00e1ez los encargados de trasladar a los caudetanos el contenido de una interesante ponencia, en la que no solo se abordar\u00e1n m\u00faltiples cuestiones\u00a0 en torno al Castillo de Caudete, con &hellip;<\/p>\n","protected":false},"author":3,"featured_media":28960,"comment_status":"closed","ping_status":"open","sticky":false,"template":"","format":"standard","meta":{"ngg_post_thumbnail":0,"footnotes":""},"categories":[20],"tags":[],"class_list":["post-28957","post","type-post","status-publish","format-standard","has-post-thumbnail","hentry","category-ayuntamiento"],"yoast_head":"<!-- This site is optimized with the Yoast SEO plugin v27.5 - https:\/\/yoast.com\/product\/yoast-seo-wordpress\/ -->\n<title>EL PLAN DIRECTOR DEL CASTILLO, tema central de la sesi\u00f3n de esta tarde en las III Jornadas de Estudios Locales - MI Ayuntamiento de Caudete<\/title>\n<meta name=\"description\" content=\"P\u00e1gina Oficial del Ayuntamiento de Caudete (Albacete)\" \/>\n<meta name=\"robots\" content=\"index, follow, max-snippet:-1, max-image-preview:large, max-video-preview:-1\" \/>\n<link rel=\"canonical\" href=\"https:\/\/www.caudete.org\/ayuntamiento\/el-plan-director-del-castillo-tema-central-de-la-sesion-de-esta-tarde-en-las-iii-jornadas-de-estudios-locales\/\" \/>\n<meta property=\"og:locale\" content=\"es_ES\" \/>\n<meta property=\"og:type\" content=\"article\" \/>\n<meta property=\"og:title\" content=\"EL PLAN DIRECTOR DEL CASTILLO, tema central de la sesi\u00f3n de esta tarde en las III Jornadas de Estudios Locales - MI Ayuntamiento de Caudete\" \/>\n<meta property=\"og:description\" content=\"P\u00e1gina Oficial del Ayuntamiento de Caudete (Albacete)\" \/>\n<meta property=\"og:url\" content=\"https:\/\/www.caudete.org\/ayuntamiento\/el-plan-director-del-castillo-tema-central-de-la-sesion-de-esta-tarde-en-las-iii-jornadas-de-estudios-locales\/\" \/>\n<meta property=\"og:site_name\" content=\"MI Ayuntamiento de Caudete\" \/>\n<meta property=\"article:publisher\" content=\"https:\/\/www.facebook.com\/ayuntamientocaudete\/\" \/>\n<meta property=\"article:published_time\" content=\"2025-06-04T07:24:54+00:00\" \/>\n<meta property=\"og:image\" content=\"https:\/\/www.caudete.org\/ayuntamiento\/wp-content\/uploads\/2025\/06\/iii-jornadas-plan-director.jpg\" \/>\n\t<meta property=\"og:image:width\" content=\"1098\" \/>\n\t<meta property=\"og:image:height\" content=\"753\" \/>\n\t<meta property=\"og:image:type\" content=\"image\/jpeg\" \/>\n<meta name=\"author\" content=\"alcalde\" \/>\n<meta name=\"twitter:card\" content=\"summary_large_image\" \/>\n<meta name=\"twitter:label1\" content=\"Escrito por\" \/>\n\t<meta name=\"twitter:data1\" content=\"alcalde\" \/>\n\t<meta name=\"twitter:label2\" content=\"Tiempo de lectura\" \/>\n\t<meta name=\"twitter:data2\" content=\"2 minutos\" \/>\n<script type=\"application\/ld+json\" class=\"yoast-schema-graph\">{\"@context\":\"https:\\\/\\\/schema.org\",\"@graph\":[{\"@type\":\"Article\",\"@id\":\"https:\\\/\\\/www.caudete.org\\\/ayuntamiento\\\/el-plan-director-del-castillo-tema-central-de-la-sesion-de-esta-tarde-en-las-iii-jornadas-de-estudios-locales\\\/#article\",\"isPartOf\":{\"@id\":\"https:\\\/\\\/www.caudete.org\\\/ayuntamiento\\\/el-plan-director-del-castillo-tema-central-de-la-sesion-de-esta-tarde-en-las-iii-jornadas-de-estudios-locales\\\/\"},\"author\":{\"name\":\"alcalde\",\"@id\":\"https:\\\/\\\/www.caudete.org\\\/ayuntamiento\\\/#\\\/schema\\\/person\\\/cc646da9133078ee4d8dd47457947253\"},\"headline\":\"EL PLAN DIRECTOR DEL CASTILLO, tema central de la sesi\u00f3n de esta tarde en las III Jornadas de Estudios Locales\",\"datePublished\":\"2025-06-04T07:24:54+00:00\",\"mainEntityOfPage\":{\"@id\":\"https:\\\/\\\/www.caudete.org\\\/ayuntamiento\\\/el-plan-director-del-castillo-tema-central-de-la-sesion-de-esta-tarde-en-las-iii-jornadas-de-estudios-locales\\\/\"},\"wordCount\":225,\"image\":{\"@id\":\"https:\\\/\\\/www.caudete.org\\\/ayuntamiento\\\/el-plan-director-del-castillo-tema-central-de-la-sesion-de-esta-tarde-en-las-iii-jornadas-de-estudios-locales\\\/#primaryimage\"},\"thumbnailUrl\":\"https:\\\/\\\/www.caudete.org\\\/ayuntamiento\\\/wp-content\\\/uploads\\\/2025\\\/06\\\/iii-jornadas-plan-director.jpg\",\"articleSection\":[\"Ayuntamiento\"],\"inLanguage\":\"es\"},{\"@type\":\"WebPage\",\"@id\":\"https:\\\/\\\/www.caudete.org\\\/ayuntamiento\\\/el-plan-director-del-castillo-tema-central-de-la-sesion-de-esta-tarde-en-las-iii-jornadas-de-estudios-locales\\\/\",\"url\":\"https:\\\/\\\/www.caudete.org\\\/ayuntamiento\\\/el-plan-director-del-castillo-tema-central-de-la-sesion-de-esta-tarde-en-las-iii-jornadas-de-estudios-locales\\\/\",\"name\":\"EL PLAN DIRECTOR DEL CASTILLO, tema central de la sesi\u00f3n de esta tarde en las III Jornadas de Estudios Locales - MI Ayuntamiento de Caudete\",\"isPartOf\":{\"@id\":\"https:\\\/\\\/www.caudete.org\\\/ayuntamiento\\\/#website\"},\"primaryImageOfPage\":{\"@id\":\"https:\\\/\\\/www.caudete.org\\\/ayuntamiento\\\/el-plan-director-del-castillo-tema-central-de-la-sesion-de-esta-tarde-en-las-iii-jornadas-de-estudios-locales\\\/#primaryimage\"},\"image\":{\"@id\":\"https:\\\/\\\/www.caudete.org\\\/ayuntamiento\\\/el-plan-director-del-castillo-tema-central-de-la-sesion-de-esta-tarde-en-las-iii-jornadas-de-estudios-locales\\\/#primaryimage\"},\"thumbnailUrl\":\"https:\\\/\\\/www.caudete.org\\\/ayuntamiento\\\/wp-content\\\/uploads\\\/2025\\\/06\\\/iii-jornadas-plan-director.jpg\",\"datePublished\":\"2025-06-04T07:24:54+00:00\",\"author\":{\"@id\":\"https:\\\/\\\/www.caudete.org\\\/ayuntamiento\\\/#\\\/schema\\\/person\\\/cc646da9133078ee4d8dd47457947253\"},\"description\":\"P\u00e1gina Oficial del Ayuntamiento de Caudete (Albacete)\",\"breadcrumb\":{\"@id\":\"https:\\\/\\\/www.caudete.org\\\/ayuntamiento\\\/el-plan-director-del-castillo-tema-central-de-la-sesion-de-esta-tarde-en-las-iii-jornadas-de-estudios-locales\\\/#breadcrumb\"},\"inLanguage\":\"es\",\"potentialAction\":[{\"@type\":\"ReadAction\",\"target\":[\"https:\\\/\\\/www.caudete.org\\\/ayuntamiento\\\/el-plan-director-del-castillo-tema-central-de-la-sesion-de-esta-tarde-en-las-iii-jornadas-de-estudios-locales\\\/\"]}]},{\"@type\":\"ImageObject\",\"inLanguage\":\"es\",\"@id\":\"https:\\\/\\\/www.caudete.org\\\/ayuntamiento\\\/el-plan-director-del-castillo-tema-central-de-la-sesion-de-esta-tarde-en-las-iii-jornadas-de-estudios-locales\\\/#primaryimage\",\"url\":\"https:\\\/\\\/www.caudete.org\\\/ayuntamiento\\\/wp-content\\\/uploads\\\/2025\\\/06\\\/iii-jornadas-plan-director.jpg\",\"contentUrl\":\"https:\\\/\\\/www.caudete.org\\\/ayuntamiento\\\/wp-content\\\/uploads\\\/2025\\\/06\\\/iii-jornadas-plan-director.jpg\",\"width\":1098,\"height\":753},{\"@type\":\"BreadcrumbList\",\"@id\":\"https:\\\/\\\/www.caudete.org\\\/ayuntamiento\\\/el-plan-director-del-castillo-tema-central-de-la-sesion-de-esta-tarde-en-las-iii-jornadas-de-estudios-locales\\\/#breadcrumb\",\"itemListElement\":[{\"@type\":\"ListItem\",\"position\":1,\"name\":\"Inicio\",\"item\":\"https:\\\/\\\/www.caudete.org\\\/ayuntamiento\\\/\"},{\"@type\":\"ListItem\",\"position\":2,\"name\":\"EL PLAN DIRECTOR DEL CASTILLO, tema central de la sesi\u00f3n de esta tarde en las III Jornadas de Estudios Locales\"}]},{\"@type\":\"WebSite\",\"@id\":\"https:\\\/\\\/www.caudete.org\\\/ayuntamiento\\\/#website\",\"url\":\"https:\\\/\\\/www.caudete.org\\\/ayuntamiento\\\/\",\"name\":\"MI Ayuntamiento de Caudete\",\"description\":\"P\u00e1gina Oficial del MI Ayuntamiento de Caudete\",\"potentialAction\":[{\"@type\":\"SearchAction\",\"target\":{\"@type\":\"EntryPoint\",\"urlTemplate\":\"https:\\\/\\\/www.caudete.org\\\/ayuntamiento\\\/?s={search_term_string}\"},\"query-input\":{\"@type\":\"PropertyValueSpecification\",\"valueRequired\":true,\"valueName\":\"search_term_string\"}}],\"inLanguage\":\"es\"},{\"@type\":\"Person\",\"@id\":\"https:\\\/\\\/www.caudete.org\\\/ayuntamiento\\\/#\\\/schema\\\/person\\\/cc646da9133078ee4d8dd47457947253\",\"name\":\"alcalde\",\"image\":{\"@type\":\"ImageObject\",\"inLanguage\":\"es\",\"@id\":\"https:\\\/\\\/secure.gravatar.com\\\/avatar\\\/84a817ba065b29ff08d666b215a215f5c79186a645ccb25b14a663d48a130f77?s=96&d=mm&r=g\",\"url\":\"https:\\\/\\\/secure.gravatar.com\\\/avatar\\\/84a817ba065b29ff08d666b215a215f5c79186a645ccb25b14a663d48a130f77?s=96&d=mm&r=g\",\"contentUrl\":\"https:\\\/\\\/secure.gravatar.com\\\/avatar\\\/84a817ba065b29ff08d666b215a215f5c79186a645ccb25b14a663d48a130f77?s=96&d=mm&r=g\",\"caption\":\"alcalde\"},\"url\":\"https:\\\/\\\/www.caudete.org\\\/ayuntamiento\\\/author\\\/alcalde\\\/\"}]}<\/script>\n<!-- \/ Yoast SEO plugin. -->","yoast_head_json":{"title":"EL PLAN DIRECTOR DEL CASTILLO, tema central de la sesi\u00f3n de esta tarde en las III Jornadas de Estudios Locales - MI Ayuntamiento de Caudete","description":"P\u00e1gina Oficial del Ayuntamiento de Caudete (Albacete)","robots":{"index":"index","follow":"follow","max-snippet":"max-snippet:-1","max-image-preview":"max-image-preview:large","max-video-preview":"max-video-preview:-1"},"canonical":"https:\/\/www.caudete.org\/ayuntamiento\/el-plan-director-del-castillo-tema-central-de-la-sesion-de-esta-tarde-en-las-iii-jornadas-de-estudios-locales\/","og_locale":"es_ES","og_type":"article","og_title":"EL PLAN DIRECTOR DEL CASTILLO, tema central de la sesi\u00f3n de esta tarde en las III Jornadas de Estudios Locales - MI Ayuntamiento de Caudete","og_description":"P\u00e1gina Oficial del Ayuntamiento de Caudete (Albacete)","og_url":"https:\/\/www.caudete.org\/ayuntamiento\/el-plan-director-del-castillo-tema-central-de-la-sesion-de-esta-tarde-en-las-iii-jornadas-de-estudios-locales\/","og_site_name":"MI Ayuntamiento de Caudete","article_publisher":"https:\/\/www.facebook.com\/ayuntamientocaudete\/","article_published_time":"2025-06-04T07:24:54+00:00","og_image":[{"width":1098,"height":753,"url":"https:\/\/www.caudete.org\/ayuntamiento\/wp-content\/uploads\/2025\/06\/iii-jornadas-plan-director.jpg","type":"image\/jpeg"}],"author":"alcalde","twitter_card":"summary_large_image","twitter_misc":{"Escrito por":"alcalde","Tiempo de lectura":"2 minutos"},"schema":{"@context":"https:\/\/schema.org","@graph":[{"@type":"Article","@id":"https:\/\/www.caudete.org\/ayuntamiento\/el-plan-director-del-castillo-tema-central-de-la-sesion-de-esta-tarde-en-las-iii-jornadas-de-estudios-locales\/#article","isPartOf":{"@id":"https:\/\/www.caudete.org\/ayuntamiento\/el-plan-director-del-castillo-tema-central-de-la-sesion-de-esta-tarde-en-las-iii-jornadas-de-estudios-locales\/"},"author":{"name":"alcalde","@id":"https:\/\/www.caudete.org\/ayuntamiento\/#\/schema\/person\/cc646da9133078ee4d8dd47457947253"},"headline":"EL PLAN DIRECTOR DEL CASTILLO, tema central de la sesi\u00f3n de esta tarde en las III Jornadas de Estudios Locales","datePublished":"2025-06-04T07:24:54+00:00","mainEntityOfPage":{"@id":"https:\/\/www.caudete.org\/ayuntamiento\/el-plan-director-del-castillo-tema-central-de-la-sesion-de-esta-tarde-en-las-iii-jornadas-de-estudios-locales\/"},"wordCount":225,"image":{"@id":"https:\/\/www.caudete.org\/ayuntamiento\/el-plan-director-del-castillo-tema-central-de-la-sesion-de-esta-tarde-en-las-iii-jornadas-de-estudios-locales\/#primaryimage"},"thumbnailUrl":"https:\/\/www.caudete.org\/ayuntamiento\/wp-content\/uploads\/2025\/06\/iii-jornadas-plan-director.jpg","articleSection":["Ayuntamiento"],"inLanguage":"es"},{"@type":"WebPage","@id":"https:\/\/www.caudete.org\/ayuntamiento\/el-plan-director-del-castillo-tema-central-de-la-sesion-de-esta-tarde-en-las-iii-jornadas-de-estudios-locales\/","url":"https:\/\/www.caudete.org\/ayuntamiento\/el-plan-director-del-castillo-tema-central-de-la-sesion-de-esta-tarde-en-las-iii-jornadas-de-estudios-locales\/","name":"EL PLAN DIRECTOR DEL CASTILLO, tema central de la sesi\u00f3n de esta tarde en las III Jornadas de Estudios Locales - MI Ayuntamiento de Caudete","isPartOf":{"@id":"https:\/\/www.caudete.org\/ayuntamiento\/#website"},"primaryImageOfPage":{"@id":"https:\/\/www.caudete.org\/ayuntamiento\/el-plan-director-del-castillo-tema-central-de-la-sesion-de-esta-tarde-en-las-iii-jornadas-de-estudios-locales\/#primaryimage"},"image":{"@id":"https:\/\/www.caudete.org\/ayuntamiento\/el-plan-director-del-castillo-tema-central-de-la-sesion-de-esta-tarde-en-las-iii-jornadas-de-estudios-locales\/#primaryimage"},"thumbnailUrl":"https:\/\/www.caudete.org\/ayuntamiento\/wp-content\/uploads\/2025\/06\/iii-jornadas-plan-director.jpg","datePublished":"2025-06-04T07:24:54+00:00","author":{"@id":"https:\/\/www.caudete.org\/ayuntamiento\/#\/schema\/person\/cc646da9133078ee4d8dd47457947253"},"description":"P\u00e1gina Oficial del Ayuntamiento de Caudete (Albacete)","breadcrumb":{"@id":"https:\/\/www.caudete.org\/ayuntamiento\/el-plan-director-del-castillo-tema-central-de-la-sesion-de-esta-tarde-en-las-iii-jornadas-de-estudios-locales\/#breadcrumb"},"inLanguage":"es","potentialAction":[{"@type":"ReadAction","target":["https:\/\/www.caudete.org\/ayuntamiento\/el-plan-director-del-castillo-tema-central-de-la-sesion-de-esta-tarde-en-las-iii-jornadas-de-estudios-locales\/"]}]},{"@type":"ImageObject","inLanguage":"es","@id":"https:\/\/www.caudete.org\/ayuntamiento\/el-plan-director-del-castillo-tema-central-de-la-sesion-de-esta-tarde-en-las-iii-jornadas-de-estudios-locales\/#primaryimage","url":"https:\/\/www.caudete.org\/ayuntamiento\/wp-content\/uploads\/2025\/06\/iii-jornadas-plan-director.jpg","contentUrl":"https:\/\/www.caudete.org\/ayuntamiento\/wp-content\/uploads\/2025\/06\/iii-jornadas-plan-director.jpg","width":1098,"height":753},{"@type":"BreadcrumbList","@id":"https:\/\/www.caudete.org\/ayuntamiento\/el-plan-director-del-castillo-tema-central-de-la-sesion-de-esta-tarde-en-las-iii-jornadas-de-estudios-locales\/#breadcrumb","itemListElement":[{"@type":"ListItem","position":1,"name":"Inicio","item":"https:\/\/www.caudete.org\/ayuntamiento\/"},{"@type":"ListItem","position":2,"name":"EL PLAN DIRECTOR DEL CASTILLO, tema central de la sesi\u00f3n de esta tarde en las III Jornadas de Estudios Locales"}]},{"@type":"WebSite","@id":"https:\/\/www.caudete.org\/ayuntamiento\/#website","url":"https:\/\/www.caudete.org\/ayuntamiento\/","name":"MI Ayuntamiento de Caudete","description":"P\u00e1gina Oficial del MI Ayuntamiento de Caudete","potentialAction":[{"@type":"SearchAction","target":{"@type":"EntryPoint","urlTemplate":"https:\/\/www.caudete.org\/ayuntamiento\/?s={search_term_string}"},"query-input":{"@type":"PropertyValueSpecification","valueRequired":true,"valueName":"search_term_string"}}],"inLanguage":"es"},{"@type":"Person","@id":"https:\/\/www.caudete.org\/ayuntamiento\/#\/schema\/person\/cc646da9133078ee4d8dd47457947253","name":"alcalde","image":{"@type":"ImageObject","inLanguage":"es","@id":"https:\/\/secure.gravatar.com\/avatar\/84a817ba065b29ff08d666b215a215f5c79186a645ccb25b14a663d48a130f77?s=96&d=mm&r=g","url":"https:\/\/secure.gravatar.com\/avatar\/84a817ba065b29ff08d666b215a215f5c79186a645ccb25b14a663d48a130f77?s=96&d=mm&r=g","contentUrl":"https:\/\/secure.gravatar.com\/avatar\/84a817ba065b29ff08d666b215a215f5c79186a645ccb25b14a663d48a130f77?s=96&d=mm&r=g","caption":"alcalde"},"url":"https:\/\/www.caudete.org\/ayuntamiento\/author\/alcalde\/"}]}},"_links":{"self":[{"href":"https:\/\/www.caudete.org\/ayuntamiento\/wp-json\/wp\/v2\/posts\/28957","targetHints":{"allow":["GET"]}}],"collection":[{"href":"https:\/\/www.caudete.org\/ayuntamiento\/wp-json\/wp\/v2\/posts"}],"about":[{"href":"https:\/\/www.caudete.org\/ayuntamiento\/wp-json\/wp\/v2\/types\/post"}],"author":[{"embeddable":true,"href":"https:\/\/www.caudete.org\/ayuntamiento\/wp-json\/wp\/v2\/users\/3"}],"replies":[{"embeddable":true,"href":"https:\/\/www.caudete.org\/ayuntamiento\/wp-json\/wp\/v2\/comments?post=28957"}],"version-history":[{"count":1,"href":"https:\/\/www.caudete.org\/ayuntamiento\/wp-json\/wp\/v2\/posts\/28957\/revisions"}],"predecessor-version":[{"id":28961,"href":"https:\/\/www.caudete.org\/ayuntamiento\/wp-json\/wp\/v2\/posts\/28957\/revisions\/28961"}],"wp:featuredmedia":[{"embeddable":true,"href":"https:\/\/www.caudete.org\/ayuntamiento\/wp-json\/wp\/v2\/media\/28960"}],"wp:attachment":[{"href":"https:\/\/www.caudete.org\/ayuntamiento\/wp-json\/wp\/v2\/media?parent=28957"}],"wp:term":[{"taxonomy":"category","embeddable":true,"href":"https:\/\/www.caudete.org\/ayuntamiento\/wp-json\/wp\/v2\/categories?post=28957"},{"taxonomy":"post_tag","embeddable":true,"href":"https:\/\/www.caudete.org\/ayuntamiento\/wp-json\/wp\/v2\/tags?post=28957"}],"curies":[{"name":"wp","href":"https:\/\/api.w.org\/{rel}","templated":true}]}}