{"id":28981,"date":"2025-06-04T08:41:17","date_gmt":"2025-06-04T06:41:17","guid":{"rendered":"https:\/\/www.caudete.org\/ayuntamiento\/?p=28981"},"modified":"2025-06-03T13:52:56","modified_gmt":"2025-06-03T11:52:56","slug":"10-alumnos-de-cata-de-vinos-de-la-up-visitaron-matera-italia-en-una-enriquecedora-experiencia-erasmus","status":"publish","type":"post","link":"https:\/\/www.caudete.org\/ayuntamiento\/10-alumnos-de-cata-de-vinos-de-la-up-visitaron-matera-italia-en-una-enriquecedora-experiencia-erasmus\/","title":{"rendered":"10 alumnos de Cata de Vinos de la UP visitaron Matera (Italia), en una enriquecedora experiencia Erasmus+"},"content":{"rendered":"<p align=\"left\"><a href=\"https:\/\/www.caudete.org\/ayuntamiento\/wp-content\/uploads\/2025\/06\/erasmus.jpg\" rel='prettyPhoto'><img fetchpriority=\"high\" decoding=\"async\" class=\"wp-image-28922 size-full aligncenter\" src=\"https:\/\/www.caudete.org\/ayuntamiento\/wp-content\/uploads\/2025\/06\/erasmus.jpg\" alt=\"\" width=\"1145\" height=\"160\" srcset=\"https:\/\/www.caudete.org\/ayuntamiento\/wp-content\/uploads\/2025\/06\/erasmus.jpg 1145w, https:\/\/www.caudete.org\/ayuntamiento\/wp-content\/uploads\/2025\/06\/erasmus-600x84.jpg 600w, https:\/\/www.caudete.org\/ayuntamiento\/wp-content\/uploads\/2025\/06\/erasmus-768x107.jpg 768w\" sizes=\"(max-width: 1145px) 100vw, 1145px\" \/><\/a><\/p>\n<p style=\"text-align: justify;\" align=\"left\"><span style=\"font-family: Georgia, serif;\"><span style=\"font-size: large;\">La Concejal M\u00aa Dolores Requena Azor\u00edn, responsable de proyectos europeos del Ayuntamiento de Caudete, informa del excelente resultado de la movilidad Erasmus con destino a Matera (Italia), realizada por un grupo de 10 alumnos del Curso de Cata de Vinos de la UP de Caudete, acompa\u00f1ados de su profesor Felipe Mart\u00ednez, durante los d\u00edas pasados d\u00edas 21 a 25 de mayo.<\/span><\/span><\/p>\n<p style=\"text-align: justify;\" align=\"left\"><span style=\"font-family: Georgia, serif;\"><span style=\"font-size: large;\">Durante los d\u00edas del programa Erasmus, el grupo tuvo el privilegio de participar en una experiencia \u00fanica y profundamente enriquecedora en la ciudad de Matera.<\/span><\/span><\/p>\n<p style=\"text-align: justify;\" align=\"left\"><span style=\"font-family: Georgia, serif;\"><span style=\"font-size: large;\">Este viaje no solo les permiti\u00f3 conocer una de las ciudades m\u00e1s emblem\u00e1ticas del sur de Europa, declarada Patrimonio de la Humanidad por la UNESCO, sino tambi\u00e9n formar parte activa de un conjunto de actividades de integraci\u00f3n social que nos marcaron profundamente, con l<\/span><\/span><span style=\"font-family: Georgia, serif;\"><span style=\"font-size: large;\">os proyectos que tienen en marcha, destacando la labor principal que es la inserci\u00f3n laboral de personas con s\u00edndrome de Down y personas que han estado en prisi\u00f3n y buscan una segunda oportunidad.<\/span><\/span><\/p>\n<p style=\"text-align: justify;\" align=\"left\"><span style=\"font-family: Georgia, serif;\"><span style=\"font-size: large;\">Con la ayuda de socios locales y artesanos, desarrollan una serie de talleres inclusivos que combinan el desarrollo de habilidades, la narraci\u00f3n de historias y la conexi\u00f3n humana.<\/span><\/span><\/p>\n<p style=\"text-align: justify;\" align=\"left\"><span style=\"font-family: Georgia, serif;\"><span style=\"font-size: large;\">Trabajan con hombres adultos en tratamiento por adicci\u00f3n, j\u00f3venes con s\u00edndrome de Down, escolares, turistas y residentes locales; cada grupo aport\u00f3 una energ\u00eda y perspectivas \u00fanicas al proceso.<\/span><\/span><\/p>\n<p style=\"text-align: justify;\" align=\"left\"><span style=\"font-family: Georgia, serif;\"><span style=\"font-size: large;\">En un caso conmovedor, reutilizan residuos de fabricaci\u00f3n de sof\u00e1s para crear nuevos objetos artesanales inspirados <\/span><\/span><span style=\"font-family: Georgia, serif;\"><span style=\"font-size: large;\">en el ic\u00f3nico silbato de arcilla de Matera, el cuc\u00fa , y elaborados con residuos reciclados por ex-detenidos.<\/span><\/span><\/p>\n<p style=\"text-align: justify;\" align=\"left\"><span style=\"font-family: Georgia, serif;\"><span style=\"font-size: large;\">En una sesi\u00f3n esclarecedora sobre Entrepreneurship Unleashed, presentaron marcos, herramientas y proyectos, aprendieron valiosos conocimientos sobre iniciativas comunitarias, innovaci\u00f3n social y el papel de la cultura, profundizando en la din\u00e1mica de la regeneraci\u00f3n urbana y la creaci\u00f3n de lugares. <\/span><\/span><\/p>\n<p style=\"text-align: justify;\" align=\"left\"><span style=\"font-family: Georgia, serif;\"><span style=\"font-size: large;\">Tuvieron una sesi\u00f3n pr\u00e1ctica sobre el Lienzo de Proyecto Creativo, como forma fundamental para transformar las ideas en proyectos concretos, d<\/span><\/span><span style=\"font-family: Georgia, serif;\"><span style=\"font-size: large;\">onde experimentaron la creaci\u00f3n de proyectos en nuestro pueblo para revitalizar edificios antiguos conjug\u00e1ndolo con proyectos culturales.<\/span><\/span><\/p>\n<p style=\"text-align: justify;\" align=\"left\"><a href=\"https:\/\/www.caudete.org\/ayuntamiento\/wp-content\/uploads\/2025\/06\/WhatsApp-Image-2025-06-03-at-11.15.17-1.jpeg\" rel='prettyPhoto'><img decoding=\"async\" class=\"alignnone wp-image-28988 size-full\" src=\"https:\/\/www.caudete.org\/ayuntamiento\/wp-content\/uploads\/2025\/06\/WhatsApp-Image-2025-06-03-at-11.15.17-1.jpeg\" alt=\"\" width=\"2048\" height=\"1536\" srcset=\"https:\/\/www.caudete.org\/ayuntamiento\/wp-content\/uploads\/2025\/06\/WhatsApp-Image-2025-06-03-at-11.15.17-1.jpeg 2048w, https:\/\/www.caudete.org\/ayuntamiento\/wp-content\/uploads\/2025\/06\/WhatsApp-Image-2025-06-03-at-11.15.17-1-533x400.jpeg 533w, https:\/\/www.caudete.org\/ayuntamiento\/wp-content\/uploads\/2025\/06\/WhatsApp-Image-2025-06-03-at-11.15.17-1-1067x800.jpeg 1067w, https:\/\/www.caudete.org\/ayuntamiento\/wp-content\/uploads\/2025\/06\/WhatsApp-Image-2025-06-03-at-11.15.17-1-768x576.jpeg 768w, https:\/\/www.caudete.org\/ayuntamiento\/wp-content\/uploads\/2025\/06\/WhatsApp-Image-2025-06-03-at-11.15.17-1-1536x1152.jpeg 1536w\" sizes=\"(max-width: 2048px) 100vw, 2048px\" \/><\/a> <a href=\"https:\/\/www.caudete.org\/ayuntamiento\/wp-content\/uploads\/2025\/06\/WhatsApp-Image-2025-06-03-at-08.54.54.jpeg\" rel='prettyPhoto'><img decoding=\"async\" class=\"alignnone wp-image-28983 size-full\" src=\"https:\/\/www.caudete.org\/ayuntamiento\/wp-content\/uploads\/2025\/06\/WhatsApp-Image-2025-06-03-at-08.54.54.jpeg\" alt=\"\" width=\"2048\" height=\"1536\" srcset=\"https:\/\/www.caudete.org\/ayuntamiento\/wp-content\/uploads\/2025\/06\/WhatsApp-Image-2025-06-03-at-08.54.54.jpeg 2048w, https:\/\/www.caudete.org\/ayuntamiento\/wp-content\/uploads\/2025\/06\/WhatsApp-Image-2025-06-03-at-08.54.54-533x400.jpeg 533w, https:\/\/www.caudete.org\/ayuntamiento\/wp-content\/uploads\/2025\/06\/WhatsApp-Image-2025-06-03-at-08.54.54-1067x800.jpeg 1067w, https:\/\/www.caudete.org\/ayuntamiento\/wp-content\/uploads\/2025\/06\/WhatsApp-Image-2025-06-03-at-08.54.54-768x576.jpeg 768w, https:\/\/www.caudete.org\/ayuntamiento\/wp-content\/uploads\/2025\/06\/WhatsApp-Image-2025-06-03-at-08.54.54-1536x1152.jpeg 1536w\" sizes=\"(max-width: 2048px) 100vw, 2048px\" \/><\/a> <a href=\"https:\/\/www.caudete.org\/ayuntamiento\/wp-content\/uploads\/2025\/06\/WhatsApp-Image-2025-06-03-at-08.54.54-3.jpeg\" rel='prettyPhoto'><img loading=\"lazy\" decoding=\"async\" class=\"alignnone wp-image-28986 size-full\" src=\"https:\/\/www.caudete.org\/ayuntamiento\/wp-content\/uploads\/2025\/06\/WhatsApp-Image-2025-06-03-at-08.54.54-3.jpeg\" alt=\"\" width=\"1600\" height=\"1200\" srcset=\"https:\/\/www.caudete.org\/ayuntamiento\/wp-content\/uploads\/2025\/06\/WhatsApp-Image-2025-06-03-at-08.54.54-3.jpeg 1600w, https:\/\/www.caudete.org\/ayuntamiento\/wp-content\/uploads\/2025\/06\/WhatsApp-Image-2025-06-03-at-08.54.54-3-533x400.jpeg 533w, https:\/\/www.caudete.org\/ayuntamiento\/wp-content\/uploads\/2025\/06\/WhatsApp-Image-2025-06-03-at-08.54.54-3-1067x800.jpeg 1067w, https:\/\/www.caudete.org\/ayuntamiento\/wp-content\/uploads\/2025\/06\/WhatsApp-Image-2025-06-03-at-08.54.54-3-768x576.jpeg 768w, https:\/\/www.caudete.org\/ayuntamiento\/wp-content\/uploads\/2025\/06\/WhatsApp-Image-2025-06-03-at-08.54.54-3-1536x1152.jpeg 1536w\" sizes=\"(max-width: 1600px) 100vw, 1600px\" \/><\/a> <a href=\"https:\/\/www.caudete.org\/ayuntamiento\/wp-content\/uploads\/2025\/06\/WhatsApp-Image-2025-06-03-at-08.54.54-4-scaled.jpeg\" rel='prettyPhoto'><img loading=\"lazy\" decoding=\"async\" class=\"alignnone wp-image-28987 size-full\" src=\"https:\/\/www.caudete.org\/ayuntamiento\/wp-content\/uploads\/2025\/06\/WhatsApp-Image-2025-06-03-at-08.54.54-4-scaled.jpeg\" alt=\"\" width=\"2560\" height=\"1920\" srcset=\"https:\/\/www.caudete.org\/ayuntamiento\/wp-content\/uploads\/2025\/06\/WhatsApp-Image-2025-06-03-at-08.54.54-4-scaled.jpeg 2560w, https:\/\/www.caudete.org\/ayuntamiento\/wp-content\/uploads\/2025\/06\/WhatsApp-Image-2025-06-03-at-08.54.54-4-533x400.jpeg 533w, https:\/\/www.caudete.org\/ayuntamiento\/wp-content\/uploads\/2025\/06\/WhatsApp-Image-2025-06-03-at-08.54.54-4-1067x800.jpeg 1067w, https:\/\/www.caudete.org\/ayuntamiento\/wp-content\/uploads\/2025\/06\/WhatsApp-Image-2025-06-03-at-08.54.54-4-768x576.jpeg 768w, https:\/\/www.caudete.org\/ayuntamiento\/wp-content\/uploads\/2025\/06\/WhatsApp-Image-2025-06-03-at-08.54.54-4-1536x1152.jpeg 1536w, https:\/\/www.caudete.org\/ayuntamiento\/wp-content\/uploads\/2025\/06\/WhatsApp-Image-2025-06-03-at-08.54.54-4-2048x1536.jpeg 2048w\" sizes=\"(max-width: 2560px) 100vw, 2560px\" \/><\/a> <a href=\"https:\/\/www.caudete.org\/ayuntamiento\/wp-content\/uploads\/2025\/06\/WhatsApp-Image-2025-06-03-at-08.54.54-2-scaled.jpeg\" rel='prettyPhoto'><img loading=\"lazy\" decoding=\"async\" class=\"alignnone wp-image-28985 size-full\" src=\"https:\/\/www.caudete.org\/ayuntamiento\/wp-content\/uploads\/2025\/06\/WhatsApp-Image-2025-06-03-at-08.54.54-2-scaled.jpeg\" alt=\"\" width=\"2560\" height=\"1920\" srcset=\"https:\/\/www.caudete.org\/ayuntamiento\/wp-content\/uploads\/2025\/06\/WhatsApp-Image-2025-06-03-at-08.54.54-2-scaled.jpeg 2560w, https:\/\/www.caudete.org\/ayuntamiento\/wp-content\/uploads\/2025\/06\/WhatsApp-Image-2025-06-03-at-08.54.54-2-533x400.jpeg 533w, https:\/\/www.caudete.org\/ayuntamiento\/wp-content\/uploads\/2025\/06\/WhatsApp-Image-2025-06-03-at-08.54.54-2-1067x800.jpeg 1067w, https:\/\/www.caudete.org\/ayuntamiento\/wp-content\/uploads\/2025\/06\/WhatsApp-Image-2025-06-03-at-08.54.54-2-768x576.jpeg 768w, https:\/\/www.caudete.org\/ayuntamiento\/wp-content\/uploads\/2025\/06\/WhatsApp-Image-2025-06-03-at-08.54.54-2-1536x1152.jpeg 1536w, https:\/\/www.caudete.org\/ayuntamiento\/wp-content\/uploads\/2025\/06\/WhatsApp-Image-2025-06-03-at-08.54.54-2-2048x1536.jpeg 2048w\" sizes=\"(max-width: 2560px) 100vw, 2560px\" \/><\/a><\/p>\n","protected":false},"excerpt":{"rendered":"<p>La Concejal M\u00aa Dolores Requena Azor\u00edn, responsable de proyectos europeos del Ayuntamiento de Caudete, informa del excelente resultado de la movilidad Erasmus con destino a Matera (Italia), realizada por un grupo de 10 alumnos del Curso de Cata de Vinos de la UP de Caudete, acompa\u00f1ados de su profesor Felipe Mart\u00ednez, durante los d\u00edas pasados &hellip;<\/p>\n","protected":false},"author":3,"featured_media":28984,"comment_status":"closed","ping_status":"open","sticky":false,"template":"","format":"standard","meta":{"ngg_post_thumbnail":0,"footnotes":""},"categories":[851],"tags":[],"class_list":["post-28981","post","type-post","status-publish","format-standard","has-post-thumbnail","hentry","category-promocion-y-desarrollo-economico"],"yoast_head":"<!-- This site is optimized with the Yoast SEO plugin v27.4 - https:\/\/yoast.com\/product\/yoast-seo-wordpress\/ -->\n<title>10 alumnos de Cata de Vinos de la UP visitaron Matera (Italia), en una enriquecedora experiencia Erasmus+ - MI Ayuntamiento de Caudete<\/title>\n<meta name=\"description\" content=\"P\u00e1gina Oficial del Ayuntamiento de Caudete (Albacete)\" \/>\n<meta name=\"robots\" content=\"index, follow, max-snippet:-1, max-image-preview:large, max-video-preview:-1\" \/>\n<link rel=\"canonical\" href=\"https:\/\/www.caudete.org\/ayuntamiento\/10-alumnos-de-cata-de-vinos-de-la-up-visitaron-matera-italia-en-una-enriquecedora-experiencia-erasmus\/\" \/>\n<meta property=\"og:locale\" content=\"es_ES\" \/>\n<meta property=\"og:type\" content=\"article\" \/>\n<meta property=\"og:title\" content=\"10 alumnos de Cata de Vinos de la UP visitaron Matera (Italia), en una enriquecedora experiencia Erasmus+ - MI Ayuntamiento de Caudete\" \/>\n<meta property=\"og:description\" content=\"P\u00e1gina Oficial del Ayuntamiento de Caudete (Albacete)\" \/>\n<meta property=\"og:url\" content=\"https:\/\/www.caudete.org\/ayuntamiento\/10-alumnos-de-cata-de-vinos-de-la-up-visitaron-matera-italia-en-una-enriquecedora-experiencia-erasmus\/\" \/>\n<meta property=\"og:site_name\" content=\"MI Ayuntamiento de Caudete\" \/>\n<meta property=\"article:publisher\" content=\"https:\/\/www.facebook.com\/ayuntamientocaudete\/\" \/>\n<meta property=\"article:published_time\" content=\"2025-06-04T06:41:17+00:00\" \/>\n<meta property=\"og:image\" content=\"https:\/\/www.caudete.org\/ayuntamiento\/wp-content\/uploads\/2025\/06\/WhatsApp-Image-2025-06-03-at-08.54.54-1-scaled.jpeg\" \/>\n\t<meta property=\"og:image:width\" content=\"2560\" \/>\n\t<meta property=\"og:image:height\" content=\"1920\" \/>\n\t<meta property=\"og:image:type\" content=\"image\/jpeg\" \/>\n<meta name=\"author\" content=\"alcalde\" \/>\n<meta name=\"twitter:card\" content=\"summary_large_image\" \/>\n<meta name=\"twitter:label1\" content=\"Escrito por\" \/>\n\t<meta name=\"twitter:data1\" content=\"alcalde\" \/>\n\t<meta name=\"twitter:label2\" content=\"Tiempo de lectura\" \/>\n\t<meta name=\"twitter:data2\" content=\"3 minutos\" \/>\n<script type=\"application\/ld+json\" class=\"yoast-schema-graph\">{\"@context\":\"https:\\\/\\\/schema.org\",\"@graph\":[{\"@type\":\"Article\",\"@id\":\"https:\\\/\\\/www.caudete.org\\\/ayuntamiento\\\/10-alumnos-de-cata-de-vinos-de-la-up-visitaron-matera-italia-en-una-enriquecedora-experiencia-erasmus\\\/#article\",\"isPartOf\":{\"@id\":\"https:\\\/\\\/www.caudete.org\\\/ayuntamiento\\\/10-alumnos-de-cata-de-vinos-de-la-up-visitaron-matera-italia-en-una-enriquecedora-experiencia-erasmus\\\/\"},\"author\":{\"name\":\"alcalde\",\"@id\":\"https:\\\/\\\/www.caudete.org\\\/ayuntamiento\\\/#\\\/schema\\\/person\\\/cc646da9133078ee4d8dd47457947253\"},\"headline\":\"10 alumnos de Cata de Vinos de la UP visitaron Matera (Italia), en una enriquecedora experiencia Erasmus+\",\"datePublished\":\"2025-06-04T06:41:17+00:00\",\"mainEntityOfPage\":{\"@id\":\"https:\\\/\\\/www.caudete.org\\\/ayuntamiento\\\/10-alumnos-de-cata-de-vinos-de-la-up-visitaron-matera-italia-en-una-enriquecedora-experiencia-erasmus\\\/\"},\"wordCount\":373,\"publisher\":{\"@id\":\"https:\\\/\\\/www.caudete.org\\\/ayuntamiento\\\/#organization\"},\"image\":{\"@id\":\"https:\\\/\\\/www.caudete.org\\\/ayuntamiento\\\/10-alumnos-de-cata-de-vinos-de-la-up-visitaron-matera-italia-en-una-enriquecedora-experiencia-erasmus\\\/#primaryimage\"},\"thumbnailUrl\":\"https:\\\/\\\/www.caudete.org\\\/ayuntamiento\\\/wp-content\\\/uploads\\\/2025\\\/06\\\/WhatsApp-Image-2025-06-03-at-08.54.54-1-scaled.jpeg\",\"articleSection\":[\"Promoci\u00f3n y Desarrollo Econ\u00f3mico\"],\"inLanguage\":\"es\"},{\"@type\":\"WebPage\",\"@id\":\"https:\\\/\\\/www.caudete.org\\\/ayuntamiento\\\/10-alumnos-de-cata-de-vinos-de-la-up-visitaron-matera-italia-en-una-enriquecedora-experiencia-erasmus\\\/\",\"url\":\"https:\\\/\\\/www.caudete.org\\\/ayuntamiento\\\/10-alumnos-de-cata-de-vinos-de-la-up-visitaron-matera-italia-en-una-enriquecedora-experiencia-erasmus\\\/\",\"name\":\"10 alumnos de Cata de Vinos de la UP visitaron Matera (Italia), en una enriquecedora experiencia Erasmus+ - MI Ayuntamiento de Caudete\",\"isPartOf\":{\"@id\":\"https:\\\/\\\/www.caudete.org\\\/ayuntamiento\\\/#website\"},\"primaryImageOfPage\":{\"@id\":\"https:\\\/\\\/www.caudete.org\\\/ayuntamiento\\\/10-alumnos-de-cata-de-vinos-de-la-up-visitaron-matera-italia-en-una-enriquecedora-experiencia-erasmus\\\/#primaryimage\"},\"image\":{\"@id\":\"https:\\\/\\\/www.caudete.org\\\/ayuntamiento\\\/10-alumnos-de-cata-de-vinos-de-la-up-visitaron-matera-italia-en-una-enriquecedora-experiencia-erasmus\\\/#primaryimage\"},\"thumbnailUrl\":\"https:\\\/\\\/www.caudete.org\\\/ayuntamiento\\\/wp-content\\\/uploads\\\/2025\\\/06\\\/WhatsApp-Image-2025-06-03-at-08.54.54-1-scaled.jpeg\",\"datePublished\":\"2025-06-04T06:41:17+00:00\",\"description\":\"P\u00e1gina Oficial del Ayuntamiento de Caudete (Albacete)\",\"breadcrumb\":{\"@id\":\"https:\\\/\\\/www.caudete.org\\\/ayuntamiento\\\/10-alumnos-de-cata-de-vinos-de-la-up-visitaron-matera-italia-en-una-enriquecedora-experiencia-erasmus\\\/#breadcrumb\"},\"inLanguage\":\"es\",\"potentialAction\":[{\"@type\":\"ReadAction\",\"target\":[\"https:\\\/\\\/www.caudete.org\\\/ayuntamiento\\\/10-alumnos-de-cata-de-vinos-de-la-up-visitaron-matera-italia-en-una-enriquecedora-experiencia-erasmus\\\/\"]}]},{\"@type\":\"ImageObject\",\"inLanguage\":\"es\",\"@id\":\"https:\\\/\\\/www.caudete.org\\\/ayuntamiento\\\/10-alumnos-de-cata-de-vinos-de-la-up-visitaron-matera-italia-en-una-enriquecedora-experiencia-erasmus\\\/#primaryimage\",\"url\":\"https:\\\/\\\/www.caudete.org\\\/ayuntamiento\\\/wp-content\\\/uploads\\\/2025\\\/06\\\/WhatsApp-Image-2025-06-03-at-08.54.54-1-scaled.jpeg\",\"contentUrl\":\"https:\\\/\\\/www.caudete.org\\\/ayuntamiento\\\/wp-content\\\/uploads\\\/2025\\\/06\\\/WhatsApp-Image-2025-06-03-at-08.54.54-1-scaled.jpeg\",\"width\":2560,\"height\":1920},{\"@type\":\"BreadcrumbList\",\"@id\":\"https:\\\/\\\/www.caudete.org\\\/ayuntamiento\\\/10-alumnos-de-cata-de-vinos-de-la-up-visitaron-matera-italia-en-una-enriquecedora-experiencia-erasmus\\\/#breadcrumb\",\"itemListElement\":[{\"@type\":\"ListItem\",\"position\":1,\"name\":\"Inicio\",\"item\":\"https:\\\/\\\/www.caudete.org\\\/ayuntamiento\\\/\"},{\"@type\":\"ListItem\",\"position\":2,\"name\":\"10 alumnos de Cata de Vinos de la UP visitaron Matera (Italia), en una enriquecedora experiencia Erasmus+\"}]},{\"@type\":\"WebSite\",\"@id\":\"https:\\\/\\\/www.caudete.org\\\/ayuntamiento\\\/#website\",\"url\":\"https:\\\/\\\/www.caudete.org\\\/ayuntamiento\\\/\",\"name\":\"MI Ayuntamiento de Caudete\",\"description\":\"P\u00e1gina Oficial del MI Ayuntamiento de Caudete\",\"publisher\":{\"@id\":\"https:\\\/\\\/www.caudete.org\\\/ayuntamiento\\\/#organization\"},\"potentialAction\":[{\"@type\":\"SearchAction\",\"target\":{\"@type\":\"EntryPoint\",\"urlTemplate\":\"https:\\\/\\\/www.caudete.org\\\/ayuntamiento\\\/?s={search_term_string}\"},\"query-input\":{\"@type\":\"PropertyValueSpecification\",\"valueRequired\":true,\"valueName\":\"search_term_string\"}}],\"inLanguage\":\"es\"},{\"@type\":\"Organization\",\"@id\":\"https:\\\/\\\/www.caudete.org\\\/ayuntamiento\\\/#organization\",\"name\":\"Ayuntamiento de Caudete\",\"url\":\"https:\\\/\\\/www.caudete.org\\\/ayuntamiento\\\/\",\"logo\":{\"@type\":\"ImageObject\",\"inLanguage\":\"es\",\"@id\":\"https:\\\/\\\/www.caudete.org\\\/ayuntamiento\\\/#\\\/schema\\\/logo\\\/image\\\/\",\"url\":\"https:\\\/\\\/www.caudete.org\\\/ayuntamiento\\\/wp-content\\\/uploads\\\/2020\\\/11\\\/logo_ayuntamiento_caudete.jpg\",\"contentUrl\":\"https:\\\/\\\/www.caudete.org\\\/ayuntamiento\\\/wp-content\\\/uploads\\\/2020\\\/11\\\/logo_ayuntamiento_caudete.jpg\",\"width\":600,\"height\":150,\"caption\":\"Ayuntamiento de Caudete\"},\"image\":{\"@id\":\"https:\\\/\\\/www.caudete.org\\\/ayuntamiento\\\/#\\\/schema\\\/logo\\\/image\\\/\"},\"sameAs\":[\"https:\\\/\\\/www.facebook.com\\\/ayuntamientocaudete\\\/\",\"https:\\\/\\\/www.youtube.com\\\/channel\\\/UC6VztHaooNsGpw-tNoBEFnQ\"]},{\"@type\":\"Person\",\"@id\":\"https:\\\/\\\/www.caudete.org\\\/ayuntamiento\\\/#\\\/schema\\\/person\\\/cc646da9133078ee4d8dd47457947253\",\"name\":\"alcalde\",\"image\":{\"@type\":\"ImageObject\",\"inLanguage\":\"es\",\"@id\":\"https:\\\/\\\/secure.gravatar.com\\\/avatar\\\/84a817ba065b29ff08d666b215a215f5c79186a645ccb25b14a663d48a130f77?s=96&d=mm&r=g\",\"url\":\"https:\\\/\\\/secure.gravatar.com\\\/avatar\\\/84a817ba065b29ff08d666b215a215f5c79186a645ccb25b14a663d48a130f77?s=96&d=mm&r=g\",\"contentUrl\":\"https:\\\/\\\/secure.gravatar.com\\\/avatar\\\/84a817ba065b29ff08d666b215a215f5c79186a645ccb25b14a663d48a130f77?s=96&d=mm&r=g\",\"caption\":\"alcalde\"},\"url\":\"https:\\\/\\\/www.caudete.org\\\/ayuntamiento\\\/author\\\/alcalde\\\/\"}]}<\/script>\n<!-- \/ Yoast SEO plugin. -->","yoast_head_json":{"title":"10 alumnos de Cata de Vinos de la UP visitaron Matera (Italia), en una enriquecedora experiencia Erasmus+ - MI Ayuntamiento de Caudete","description":"P\u00e1gina Oficial del Ayuntamiento de Caudete (Albacete)","robots":{"index":"index","follow":"follow","max-snippet":"max-snippet:-1","max-image-preview":"max-image-preview:large","max-video-preview":"max-video-preview:-1"},"canonical":"https:\/\/www.caudete.org\/ayuntamiento\/10-alumnos-de-cata-de-vinos-de-la-up-visitaron-matera-italia-en-una-enriquecedora-experiencia-erasmus\/","og_locale":"es_ES","og_type":"article","og_title":"10 alumnos de Cata de Vinos de la UP visitaron Matera (Italia), en una enriquecedora experiencia Erasmus+ - MI Ayuntamiento de Caudete","og_description":"P\u00e1gina Oficial del Ayuntamiento de Caudete (Albacete)","og_url":"https:\/\/www.caudete.org\/ayuntamiento\/10-alumnos-de-cata-de-vinos-de-la-up-visitaron-matera-italia-en-una-enriquecedora-experiencia-erasmus\/","og_site_name":"MI Ayuntamiento de Caudete","article_publisher":"https:\/\/www.facebook.com\/ayuntamientocaudete\/","article_published_time":"2025-06-04T06:41:17+00:00","og_image":[{"width":2560,"height":1920,"url":"https:\/\/www.caudete.org\/ayuntamiento\/wp-content\/uploads\/2025\/06\/WhatsApp-Image-2025-06-03-at-08.54.54-1-scaled.jpeg","type":"image\/jpeg"}],"author":"alcalde","twitter_card":"summary_large_image","twitter_misc":{"Escrito por":"alcalde","Tiempo de lectura":"3 minutos"},"schema":{"@context":"https:\/\/schema.org","@graph":[{"@type":"Article","@id":"https:\/\/www.caudete.org\/ayuntamiento\/10-alumnos-de-cata-de-vinos-de-la-up-visitaron-matera-italia-en-una-enriquecedora-experiencia-erasmus\/#article","isPartOf":{"@id":"https:\/\/www.caudete.org\/ayuntamiento\/10-alumnos-de-cata-de-vinos-de-la-up-visitaron-matera-italia-en-una-enriquecedora-experiencia-erasmus\/"},"author":{"name":"alcalde","@id":"https:\/\/www.caudete.org\/ayuntamiento\/#\/schema\/person\/cc646da9133078ee4d8dd47457947253"},"headline":"10 alumnos de Cata de Vinos de la UP visitaron Matera (Italia), en una enriquecedora experiencia Erasmus+","datePublished":"2025-06-04T06:41:17+00:00","mainEntityOfPage":{"@id":"https:\/\/www.caudete.org\/ayuntamiento\/10-alumnos-de-cata-de-vinos-de-la-up-visitaron-matera-italia-en-una-enriquecedora-experiencia-erasmus\/"},"wordCount":373,"publisher":{"@id":"https:\/\/www.caudete.org\/ayuntamiento\/#organization"},"image":{"@id":"https:\/\/www.caudete.org\/ayuntamiento\/10-alumnos-de-cata-de-vinos-de-la-up-visitaron-matera-italia-en-una-enriquecedora-experiencia-erasmus\/#primaryimage"},"thumbnailUrl":"https:\/\/www.caudete.org\/ayuntamiento\/wp-content\/uploads\/2025\/06\/WhatsApp-Image-2025-06-03-at-08.54.54-1-scaled.jpeg","articleSection":["Promoci\u00f3n y Desarrollo Econ\u00f3mico"],"inLanguage":"es"},{"@type":"WebPage","@id":"https:\/\/www.caudete.org\/ayuntamiento\/10-alumnos-de-cata-de-vinos-de-la-up-visitaron-matera-italia-en-una-enriquecedora-experiencia-erasmus\/","url":"https:\/\/www.caudete.org\/ayuntamiento\/10-alumnos-de-cata-de-vinos-de-la-up-visitaron-matera-italia-en-una-enriquecedora-experiencia-erasmus\/","name":"10 alumnos de Cata de Vinos de la UP visitaron Matera (Italia), en una enriquecedora experiencia Erasmus+ - MI Ayuntamiento de Caudete","isPartOf":{"@id":"https:\/\/www.caudete.org\/ayuntamiento\/#website"},"primaryImageOfPage":{"@id":"https:\/\/www.caudete.org\/ayuntamiento\/10-alumnos-de-cata-de-vinos-de-la-up-visitaron-matera-italia-en-una-enriquecedora-experiencia-erasmus\/#primaryimage"},"image":{"@id":"https:\/\/www.caudete.org\/ayuntamiento\/10-alumnos-de-cata-de-vinos-de-la-up-visitaron-matera-italia-en-una-enriquecedora-experiencia-erasmus\/#primaryimage"},"thumbnailUrl":"https:\/\/www.caudete.org\/ayuntamiento\/wp-content\/uploads\/2025\/06\/WhatsApp-Image-2025-06-03-at-08.54.54-1-scaled.jpeg","datePublished":"2025-06-04T06:41:17+00:00","description":"P\u00e1gina Oficial del Ayuntamiento de Caudete (Albacete)","breadcrumb":{"@id":"https:\/\/www.caudete.org\/ayuntamiento\/10-alumnos-de-cata-de-vinos-de-la-up-visitaron-matera-italia-en-una-enriquecedora-experiencia-erasmus\/#breadcrumb"},"inLanguage":"es","potentialAction":[{"@type":"ReadAction","target":["https:\/\/www.caudete.org\/ayuntamiento\/10-alumnos-de-cata-de-vinos-de-la-up-visitaron-matera-italia-en-una-enriquecedora-experiencia-erasmus\/"]}]},{"@type":"ImageObject","inLanguage":"es","@id":"https:\/\/www.caudete.org\/ayuntamiento\/10-alumnos-de-cata-de-vinos-de-la-up-visitaron-matera-italia-en-una-enriquecedora-experiencia-erasmus\/#primaryimage","url":"https:\/\/www.caudete.org\/ayuntamiento\/wp-content\/uploads\/2025\/06\/WhatsApp-Image-2025-06-03-at-08.54.54-1-scaled.jpeg","contentUrl":"https:\/\/www.caudete.org\/ayuntamiento\/wp-content\/uploads\/2025\/06\/WhatsApp-Image-2025-06-03-at-08.54.54-1-scaled.jpeg","width":2560,"height":1920},{"@type":"BreadcrumbList","@id":"https:\/\/www.caudete.org\/ayuntamiento\/10-alumnos-de-cata-de-vinos-de-la-up-visitaron-matera-italia-en-una-enriquecedora-experiencia-erasmus\/#breadcrumb","itemListElement":[{"@type":"ListItem","position":1,"name":"Inicio","item":"https:\/\/www.caudete.org\/ayuntamiento\/"},{"@type":"ListItem","position":2,"name":"10 alumnos de Cata de Vinos de la UP visitaron Matera (Italia), en una enriquecedora experiencia Erasmus+"}]},{"@type":"WebSite","@id":"https:\/\/www.caudete.org\/ayuntamiento\/#website","url":"https:\/\/www.caudete.org\/ayuntamiento\/","name":"MI Ayuntamiento de Caudete","description":"P\u00e1gina Oficial del MI Ayuntamiento de Caudete","publisher":{"@id":"https:\/\/www.caudete.org\/ayuntamiento\/#organization"},"potentialAction":[{"@type":"SearchAction","target":{"@type":"EntryPoint","urlTemplate":"https:\/\/www.caudete.org\/ayuntamiento\/?s={search_term_string}"},"query-input":{"@type":"PropertyValueSpecification","valueRequired":true,"valueName":"search_term_string"}}],"inLanguage":"es"},{"@type":"Organization","@id":"https:\/\/www.caudete.org\/ayuntamiento\/#organization","name":"Ayuntamiento de Caudete","url":"https:\/\/www.caudete.org\/ayuntamiento\/","logo":{"@type":"ImageObject","inLanguage":"es","@id":"https:\/\/www.caudete.org\/ayuntamiento\/#\/schema\/logo\/image\/","url":"https:\/\/www.caudete.org\/ayuntamiento\/wp-content\/uploads\/2020\/11\/logo_ayuntamiento_caudete.jpg","contentUrl":"https:\/\/www.caudete.org\/ayuntamiento\/wp-content\/uploads\/2020\/11\/logo_ayuntamiento_caudete.jpg","width":600,"height":150,"caption":"Ayuntamiento de Caudete"},"image":{"@id":"https:\/\/www.caudete.org\/ayuntamiento\/#\/schema\/logo\/image\/"},"sameAs":["https:\/\/www.facebook.com\/ayuntamientocaudete\/","https:\/\/www.youtube.com\/channel\/UC6VztHaooNsGpw-tNoBEFnQ"]},{"@type":"Person","@id":"https:\/\/www.caudete.org\/ayuntamiento\/#\/schema\/person\/cc646da9133078ee4d8dd47457947253","name":"alcalde","image":{"@type":"ImageObject","inLanguage":"es","@id":"https:\/\/secure.gravatar.com\/avatar\/84a817ba065b29ff08d666b215a215f5c79186a645ccb25b14a663d48a130f77?s=96&d=mm&r=g","url":"https:\/\/secure.gravatar.com\/avatar\/84a817ba065b29ff08d666b215a215f5c79186a645ccb25b14a663d48a130f77?s=96&d=mm&r=g","contentUrl":"https:\/\/secure.gravatar.com\/avatar\/84a817ba065b29ff08d666b215a215f5c79186a645ccb25b14a663d48a130f77?s=96&d=mm&r=g","caption":"alcalde"},"url":"https:\/\/www.caudete.org\/ayuntamiento\/author\/alcalde\/"}]}},"_links":{"self":[{"href":"https:\/\/www.caudete.org\/ayuntamiento\/wp-json\/wp\/v2\/posts\/28981","targetHints":{"allow":["GET"]}}],"collection":[{"href":"https:\/\/www.caudete.org\/ayuntamiento\/wp-json\/wp\/v2\/posts"}],"about":[{"href":"https:\/\/www.caudete.org\/ayuntamiento\/wp-json\/wp\/v2\/types\/post"}],"author":[{"embeddable":true,"href":"https:\/\/www.caudete.org\/ayuntamiento\/wp-json\/wp\/v2\/users\/3"}],"replies":[{"embeddable":true,"href":"https:\/\/www.caudete.org\/ayuntamiento\/wp-json\/wp\/v2\/comments?post=28981"}],"version-history":[{"count":3,"href":"https:\/\/www.caudete.org\/ayuntamiento\/wp-json\/wp\/v2\/posts\/28981\/revisions"}],"predecessor-version":[{"id":28990,"href":"https:\/\/www.caudete.org\/ayuntamiento\/wp-json\/wp\/v2\/posts\/28981\/revisions\/28990"}],"wp:featuredmedia":[{"embeddable":true,"href":"https:\/\/www.caudete.org\/ayuntamiento\/wp-json\/wp\/v2\/media\/28984"}],"wp:attachment":[{"href":"https:\/\/www.caudete.org\/ayuntamiento\/wp-json\/wp\/v2\/media?parent=28981"}],"wp:term":[{"taxonomy":"category","embeddable":true,"href":"https:\/\/www.caudete.org\/ayuntamiento\/wp-json\/wp\/v2\/categories?post=28981"},{"taxonomy":"post_tag","embeddable":true,"href":"https:\/\/www.caudete.org\/ayuntamiento\/wp-json\/wp\/v2\/tags?post=28981"}],"curies":[{"name":"wp","href":"https:\/\/api.w.org\/{rel}","templated":true}]}}