{"id":29068,"date":"2025-06-10T08:12:46","date_gmt":"2025-06-10T06:12:46","guid":{"rendered":"https:\/\/www.caudete.org\/ayuntamiento\/?p=29068"},"modified":"2025-06-10T09:48:41","modified_gmt":"2025-06-10T07:48:41","slug":"convocado-pleno-ordinario-para-el-proximo-jueves-a-las-19-00h","status":"publish","type":"post","link":"https:\/\/www.caudete.org\/ayuntamiento\/convocado-pleno-ordinario-para-el-proximo-jueves-a-las-19-00h\/","title":{"rendered":"Convocado PLENO ORDINARIO para el pr\u00f3ximo jueves a las 19.00h"},"content":{"rendered":"<p style=\"text-align: justify;\">El pr\u00f3ximo jueves 12 de Junio se celebrar\u00e1 el Pleno Ordinario correspondiente al mes de Mayo que, dentro del plazo legalmente establecido, se convoca dentro de los 10 d\u00edas posteriores a su fecha inicial. Como es norma en esta legislatura, se celebrar\u00e1 a las 19.00h en el Sal\u00f3n de Plenos.<\/p>\n<p style=\"text-align: justify;\">Reproducimos \u00edntegramente la Resoluci\u00f3n de Alcald\u00eda n\u00ba1416 de fecha 09\/06\/2025 por la que se procede a su convocatoria, aunque tambi\u00e9n pueden consultar el documento mediante el\u00a0 <a href=\"https:\/\/caudete.sedipualba.es\/tablondeanuncios\/anuncio.aspx?id=63397\" target=\"_blank\" rel=\"nofollow\">ACCESO AL TABL\u00d3N DE ANUNCIOS.<\/a><\/p>\n<p>&nbsp;<\/p>\n<p><span style=\"font-size: 10pt;\"><em>&lt;&lt;&lt;<strong>D. MOIS\u00c9S L\u00d3PEZ MART\u00cdNEZ, Alcalde del M.I. Ayuntamiento de Caudete (provincia de Albacete).<\/strong><\/em><\/span><\/p>\n<p><span style=\"font-size: 10pt;\"><em>Resultando necesario retrasar unos d\u00edas la celebraci\u00f3n del pleno ordinario correspondiente al mes de mayo, dentro de los m\u00e1rgenes temporales acordados por el Pleno de esta Corporaci\u00f3n de fecha de 28 de junio de 2023, con el fin de incluir en el orden del d\u00eda una mayor cantidad de asuntos que requieran la adopci\u00f3n de acuerdo plenario en su tramitaci\u00f3n y as\u00ed, agilizar la misma. <\/em><\/span><\/p>\n<p><span style=\"font-size: 10pt;\"><em>Tomando en consideraci\u00f3n que : \u00ab\u00ab\u00ab La Corporaci\u00f3n, debatido sobre el asunto, en votaci\u00f3n ordinaria y por unanimidad de los Concejales asistentes, ACUERDA: 1\u00ba.- Celebrar sesi\u00f3n plenaria de car\u00e1cter ordinario cada dos meses, correspondiendo con el \u00faltimo jueves del mes correspondiente y coincidiendo con meses impares, a las 19:00 horas. 2\u00ba.- Facultar al Alcalde a variar, por propia iniciativa o a instancia de los portavoces de los Grupos Pol\u00edticos, por causa justificada, la fecha de celebraci\u00f3n de la sesi\u00f3n ordinaria, adelantando o retrasando el d\u00eda de celebraci\u00f3n en un intervalo m\u00e1ximo de diez d\u00edas, incluso aunque el nuevo d\u00eda fijado no estuviera comprendido en el mes correspondiente a aqu\u00e9l, conservando \u00e9sta el car\u00e1cter de ordinaria. 3\u00ba.- Notificar el presente Acuerdo a los interesados, dando traslado del mismo a la Secretar\u00eda General a los efectos procedentes en Derecho. \u00bb\u00bb\u00bb<\/em><\/span><\/p>\n<p><span style=\"font-size: 10pt;\"><em>En virtud de lo dispuesto en los art\u00edculos 80, 83, 91.4 y 97.3 del Reglamento de Organizaci\u00f3n, Funcionamiento y R\u00e9gimen Jur\u00eddico de las Entidades Locales, aprobado por Real Decreto 2568\/1986, de 28 de noviembre, en el art\u00edculo 47.2 del Texto Refundido de las disposiciones legales vigentes en materia de r\u00e9gimen local aprobado por Real Decreto Legislativo 781\/1986, de 18 de abril, as\u00ed como en los art\u00edculos 21.1.c) y 21.3 de la Ley 7\/1985, reguladora de las Bases del R\u00e9gimen Local, esta Alcald\u00eda,<\/em><\/span><\/p>\n<p style=\"text-align: center;\"><span style=\"text-decoration: underline;\"><strong><span style=\"font-size: 10pt;\"><em>HA RESUELTO<\/em><\/span><\/strong><\/span><\/p>\n<p><span style=\"font-size: 10pt;\"><em><strong>PRIMERO.<\/strong> Convocar al Pleno en Sesi\u00f3n ordinaria el jueves, 12 de junio de 2025, a las 19:00 horas, en el Sal\u00f3n de Sesiones sito en la Primera Planta del edificio de la Casa de la Cultura de Caudete, actuando como Secretaria, la Secretaria del Ayuntamiento con el siguiente<\/em><\/span><\/p>\n<p>&nbsp;<\/p>\n<p style=\"text-align: center;\"><strong><span style=\"font-size: 10pt;\"><em>ORDEN DEL D\u00cdA<\/em><\/span><\/strong><\/p>\n<p><strong><span style=\"font-size: 10pt;\"><em>PARTE DE CONTROL Y FISCALIZACI\u00d3N:<\/em><\/span><\/strong><br \/>\n<span style=\"font-size: 10pt;\"><em>1\u00ba.- Daci\u00f3n de cuenta de Decretos y Resoluciones de Alcald\u00eda y Concejal\u00edas delegadas (desde n.\u00ba 879, de 7 de abril de 2025, a n.\u00ba 1411, de 6 de junio de 2025).<\/em><\/span><\/p>\n<p><span style=\"font-size: 10pt;\"><em>2\u00ba.- Daci\u00f3n de cuenta Sentencia n.\u00ba 22 del Juzgado Contencioso-Administrativo N.\u00ba 67 de Albacete. Procedimiento Abreviado 216\/2024.<\/em><\/span><\/p>\n<p><span style=\"font-size: 10pt;\"><em>3\u00ba.- Daci\u00f3n de cuenta del informe de Intervenci\u00f3n sobre omisi\u00f3n de la funci\u00f3n interventora 02\/2025: facturas sin contratos- relaci\u00f3n n.\u00ba 2025000077.<\/em><\/span><\/p>\n<p><span style=\"font-size: 10pt;\"><em>4\u00ba.- Daci\u00f3n de cuenta de la liquidaci\u00f3n del Presupuesto General de 2024. <\/em><\/span><\/p>\n<p>&nbsp;<\/p>\n<p><strong><span style=\"font-size: 10pt;\"><em>PARTE DECISORIA:<\/em><\/span><\/strong><\/p>\n<p><span style=\"font-size: 10pt;\"><em>5\u00ba.- Aprobaci\u00f3n inicial modificaci\u00f3n presupuestaria mediante transferencia de cr\u00e9dito n.\u00ba TC_05\/2025.<\/em><\/span><\/p>\n<p><span style=\"font-size: 10pt;\"><em>6\u00ba.- Aprobaci\u00f3n de la propuesta de plan econ\u00f3mico financiero 2025-2026 de la entidad local.<\/em><\/span><\/p>\n<p><span style=\"font-size: 10pt;\"><em>7\u00ba.- Aprobaci\u00f3n inicial de la derogaci\u00f3n de la Ordenanza Fiscal reguladora de la Tasa por derechos de examen.<\/em><\/span><\/p>\n<p><span style=\"font-size: 10pt;\"><em>8\u00ba.- Aprobaci\u00f3n del expediente de contrataci\u00f3n del servicio de conservaci\u00f3n y funcionamiento de las zonas verdes y arbolado urbano de Caudete, as\u00ed como los pliegos de prescripciones T\u00e9cnicas y de cl\u00e1usulas administrativas y gasto correspondiente.<\/em><\/span><\/p>\n<p><span style=\"font-size: 10pt;\"><em>9\u00ba.- Aprobaci\u00f3n inicial de la modificaci\u00f3n puntual de las Normas Subsidiarias en la delimitaci\u00f3n del suelo No Urbanizable de Protecci\u00f3n Paisaj\u00edstica S.N.U.P.-1.<\/em><\/span><\/p>\n<p><span style=\"font-size: 10pt;\"><em>10\u00ba.- Aprobaci\u00f3n de la modificaci\u00f3n de los miembros del Comit\u00e9 de Hermanamiento con el municipio italiano de Fabriano.<\/em><\/span><\/p>\n<p><span style=\"font-size: 10pt;\"><em>11\u00ba.- Aprobaci\u00f3n r\u00e9gimen de las intervenciones en el Pleno de los miembros de la Corporaci\u00f3n.<\/em><\/span><\/p>\n<p><span style=\"font-size: 10pt;\"><em>12\u00ba.- Despacho extraordinario. Mociones de Urgencia.<\/em><\/span><\/p>\n<p><span style=\"font-size: 10pt;\"><em>13.- Ruegos y preguntas.<\/em><\/span><\/p>\n<p>&nbsp;<\/p>\n<p><span style=\"font-size: 10pt;\"><em><strong>SEGUNDO.<\/strong> Notificar esta Resoluci\u00f3n a los miembros del Ayuntamiento Pleno, as\u00ed como publicarlo en el Tabl\u00f3n de Anuncios municipal.<\/em><\/span><\/p>\n<p><span style=\"font-size: 10pt;\"><em>A tenor de lo dispuesto en el Art\u00edculo 90.2 del vigente Reglamento de Organizaci\u00f3n, Funcionamiento y R\u00e9gimen Jur\u00eddico de las Corporaciones Locales, en caso de inasistencia del n\u00famero suficiente de miembros para celebrar la presente sesi\u00f3n, la misma se entender\u00e1 autom\u00e1ticamente convocada para la misma hora dos d\u00edas despu\u00e9s.&gt;&gt;&gt;<\/em><\/span><\/p>\n","protected":false},"excerpt":{"rendered":"<p>El pr\u00f3ximo jueves 12 de Junio se celebrar\u00e1 el Pleno Ordinario correspondiente al mes de Mayo que, dentro del plazo legalmente establecido, se convoca dentro de los 10 d\u00edas posteriores a su fecha inicial. Como es norma en esta legislatura, se celebrar\u00e1 a las 19.00h en el Sal\u00f3n de Plenos. Reproducimos \u00edntegramente la Resoluci\u00f3n de &hellip;<\/p>\n","protected":false},"author":3,"featured_media":17963,"comment_status":"closed","ping_status":"open","sticky":false,"template":"","format":"standard","meta":{"ngg_post_thumbnail":0,"footnotes":""},"categories":[20],"tags":[],"class_list":["post-29068","post","type-post","status-publish","format-standard","has-post-thumbnail","hentry","category-ayuntamiento"],"yoast_head":"<!-- This site is optimized with the Yoast SEO plugin v27.5 - https:\/\/yoast.com\/product\/yoast-seo-wordpress\/ -->\n<title>Convocado PLENO ORDINARIO para el pr\u00f3ximo jueves a las 19.00h - MI Ayuntamiento de Caudete<\/title>\n<meta name=\"description\" content=\"P\u00e1gina Oficial del Ayuntamiento de Caudete (Albacete)\" \/>\n<meta name=\"robots\" content=\"index, follow, max-snippet:-1, max-image-preview:large, max-video-preview:-1\" \/>\n<link rel=\"canonical\" href=\"https:\/\/www.caudete.org\/ayuntamiento\/convocado-pleno-ordinario-para-el-proximo-jueves-a-las-19-00h\/\" \/>\n<meta property=\"og:locale\" content=\"es_ES\" \/>\n<meta property=\"og:type\" content=\"article\" \/>\n<meta property=\"og:title\" content=\"Convocado PLENO ORDINARIO para el pr\u00f3ximo jueves a las 19.00h - MI Ayuntamiento de Caudete\" \/>\n<meta property=\"og:description\" content=\"P\u00e1gina Oficial del Ayuntamiento de Caudete (Albacete)\" \/>\n<meta property=\"og:url\" content=\"https:\/\/www.caudete.org\/ayuntamiento\/convocado-pleno-ordinario-para-el-proximo-jueves-a-las-19-00h\/\" \/>\n<meta property=\"og:site_name\" content=\"MI Ayuntamiento de Caudete\" \/>\n<meta property=\"article:publisher\" content=\"https:\/\/www.facebook.com\/ayuntamientocaudete\/\" \/>\n<meta property=\"article:published_time\" content=\"2025-06-10T06:12:46+00:00\" \/>\n<meta property=\"article:modified_time\" content=\"2025-06-10T07:48:41+00:00\" \/>\n<meta property=\"og:image\" content=\"https:\/\/www.caudete.org\/ayuntamiento\/wp-content\/uploads\/2022\/01\/salon_plenos_junio_2019_caudete_digital.jpg\" \/>\n\t<meta property=\"og:image:width\" content=\"800\" \/>\n\t<meta property=\"og:image:height\" content=\"384\" \/>\n\t<meta property=\"og:image:type\" content=\"image\/jpeg\" \/>\n<meta name=\"author\" content=\"alcalde\" \/>\n<meta name=\"twitter:card\" content=\"summary_large_image\" \/>\n<meta name=\"twitter:label1\" content=\"Escrito por\" \/>\n\t<meta name=\"twitter:data1\" content=\"alcalde\" \/>\n\t<meta name=\"twitter:label2\" content=\"Tiempo de lectura\" \/>\n\t<meta name=\"twitter:data2\" content=\"4 minutos\" \/>\n<script type=\"application\/ld+json\" class=\"yoast-schema-graph\">{\"@context\":\"https:\\\/\\\/schema.org\",\"@graph\":[{\"@type\":\"Article\",\"@id\":\"https:\\\/\\\/www.caudete.org\\\/ayuntamiento\\\/convocado-pleno-ordinario-para-el-proximo-jueves-a-las-19-00h\\\/#article\",\"isPartOf\":{\"@id\":\"https:\\\/\\\/www.caudete.org\\\/ayuntamiento\\\/convocado-pleno-ordinario-para-el-proximo-jueves-a-las-19-00h\\\/\"},\"author\":{\"name\":\"alcalde\",\"@id\":\"https:\\\/\\\/www.caudete.org\\\/ayuntamiento\\\/#\\\/schema\\\/person\\\/cc646da9133078ee4d8dd47457947253\"},\"headline\":\"Convocado PLENO ORDINARIO para el pr\u00f3ximo jueves a las 19.00h\",\"datePublished\":\"2025-06-10T06:12:46+00:00\",\"dateModified\":\"2025-06-10T07:48:41+00:00\",\"mainEntityOfPage\":{\"@id\":\"https:\\\/\\\/www.caudete.org\\\/ayuntamiento\\\/convocado-pleno-ordinario-para-el-proximo-jueves-a-las-19-00h\\\/\"},\"wordCount\":811,\"image\":{\"@id\":\"https:\\\/\\\/www.caudete.org\\\/ayuntamiento\\\/convocado-pleno-ordinario-para-el-proximo-jueves-a-las-19-00h\\\/#primaryimage\"},\"thumbnailUrl\":\"https:\\\/\\\/www.caudete.org\\\/ayuntamiento\\\/wp-content\\\/uploads\\\/2022\\\/01\\\/salon_plenos_junio_2019_caudete_digital.jpg\",\"articleSection\":[\"Ayuntamiento\"],\"inLanguage\":\"es\"},{\"@type\":\"WebPage\",\"@id\":\"https:\\\/\\\/www.caudete.org\\\/ayuntamiento\\\/convocado-pleno-ordinario-para-el-proximo-jueves-a-las-19-00h\\\/\",\"url\":\"https:\\\/\\\/www.caudete.org\\\/ayuntamiento\\\/convocado-pleno-ordinario-para-el-proximo-jueves-a-las-19-00h\\\/\",\"name\":\"Convocado PLENO ORDINARIO para el pr\u00f3ximo jueves a las 19.00h - MI Ayuntamiento de Caudete\",\"isPartOf\":{\"@id\":\"https:\\\/\\\/www.caudete.org\\\/ayuntamiento\\\/#website\"},\"primaryImageOfPage\":{\"@id\":\"https:\\\/\\\/www.caudete.org\\\/ayuntamiento\\\/convocado-pleno-ordinario-para-el-proximo-jueves-a-las-19-00h\\\/#primaryimage\"},\"image\":{\"@id\":\"https:\\\/\\\/www.caudete.org\\\/ayuntamiento\\\/convocado-pleno-ordinario-para-el-proximo-jueves-a-las-19-00h\\\/#primaryimage\"},\"thumbnailUrl\":\"https:\\\/\\\/www.caudete.org\\\/ayuntamiento\\\/wp-content\\\/uploads\\\/2022\\\/01\\\/salon_plenos_junio_2019_caudete_digital.jpg\",\"datePublished\":\"2025-06-10T06:12:46+00:00\",\"dateModified\":\"2025-06-10T07:48:41+00:00\",\"author\":{\"@id\":\"https:\\\/\\\/www.caudete.org\\\/ayuntamiento\\\/#\\\/schema\\\/person\\\/cc646da9133078ee4d8dd47457947253\"},\"description\":\"P\u00e1gina Oficial del Ayuntamiento de Caudete (Albacete)\",\"breadcrumb\":{\"@id\":\"https:\\\/\\\/www.caudete.org\\\/ayuntamiento\\\/convocado-pleno-ordinario-para-el-proximo-jueves-a-las-19-00h\\\/#breadcrumb\"},\"inLanguage\":\"es\",\"potentialAction\":[{\"@type\":\"ReadAction\",\"target\":[\"https:\\\/\\\/www.caudete.org\\\/ayuntamiento\\\/convocado-pleno-ordinario-para-el-proximo-jueves-a-las-19-00h\\\/\"]}]},{\"@type\":\"ImageObject\",\"inLanguage\":\"es\",\"@id\":\"https:\\\/\\\/www.caudete.org\\\/ayuntamiento\\\/convocado-pleno-ordinario-para-el-proximo-jueves-a-las-19-00h\\\/#primaryimage\",\"url\":\"https:\\\/\\\/www.caudete.org\\\/ayuntamiento\\\/wp-content\\\/uploads\\\/2022\\\/01\\\/salon_plenos_junio_2019_caudete_digital.jpg\",\"contentUrl\":\"https:\\\/\\\/www.caudete.org\\\/ayuntamiento\\\/wp-content\\\/uploads\\\/2022\\\/01\\\/salon_plenos_junio_2019_caudete_digital.jpg\",\"width\":800,\"height\":384},{\"@type\":\"BreadcrumbList\",\"@id\":\"https:\\\/\\\/www.caudete.org\\\/ayuntamiento\\\/convocado-pleno-ordinario-para-el-proximo-jueves-a-las-19-00h\\\/#breadcrumb\",\"itemListElement\":[{\"@type\":\"ListItem\",\"position\":1,\"name\":\"Inicio\",\"item\":\"https:\\\/\\\/www.caudete.org\\\/ayuntamiento\\\/\"},{\"@type\":\"ListItem\",\"position\":2,\"name\":\"Convocado PLENO ORDINARIO para el pr\u00f3ximo jueves a las 19.00h\"}]},{\"@type\":\"WebSite\",\"@id\":\"https:\\\/\\\/www.caudete.org\\\/ayuntamiento\\\/#website\",\"url\":\"https:\\\/\\\/www.caudete.org\\\/ayuntamiento\\\/\",\"name\":\"MI Ayuntamiento de Caudete\",\"description\":\"P\u00e1gina Oficial del MI Ayuntamiento de Caudete\",\"potentialAction\":[{\"@type\":\"SearchAction\",\"target\":{\"@type\":\"EntryPoint\",\"urlTemplate\":\"https:\\\/\\\/www.caudete.org\\\/ayuntamiento\\\/?s={search_term_string}\"},\"query-input\":{\"@type\":\"PropertyValueSpecification\",\"valueRequired\":true,\"valueName\":\"search_term_string\"}}],\"inLanguage\":\"es\"},{\"@type\":\"Person\",\"@id\":\"https:\\\/\\\/www.caudete.org\\\/ayuntamiento\\\/#\\\/schema\\\/person\\\/cc646da9133078ee4d8dd47457947253\",\"name\":\"alcalde\",\"image\":{\"@type\":\"ImageObject\",\"inLanguage\":\"es\",\"@id\":\"https:\\\/\\\/secure.gravatar.com\\\/avatar\\\/84a817ba065b29ff08d666b215a215f5c79186a645ccb25b14a663d48a130f77?s=96&d=mm&r=g\",\"url\":\"https:\\\/\\\/secure.gravatar.com\\\/avatar\\\/84a817ba065b29ff08d666b215a215f5c79186a645ccb25b14a663d48a130f77?s=96&d=mm&r=g\",\"contentUrl\":\"https:\\\/\\\/secure.gravatar.com\\\/avatar\\\/84a817ba065b29ff08d666b215a215f5c79186a645ccb25b14a663d48a130f77?s=96&d=mm&r=g\",\"caption\":\"alcalde\"},\"url\":\"https:\\\/\\\/www.caudete.org\\\/ayuntamiento\\\/author\\\/alcalde\\\/\"}]}<\/script>\n<!-- \/ Yoast SEO plugin. -->","yoast_head_json":{"title":"Convocado PLENO ORDINARIO para el pr\u00f3ximo jueves a las 19.00h - MI Ayuntamiento de Caudete","description":"P\u00e1gina Oficial del Ayuntamiento de Caudete (Albacete)","robots":{"index":"index","follow":"follow","max-snippet":"max-snippet:-1","max-image-preview":"max-image-preview:large","max-video-preview":"max-video-preview:-1"},"canonical":"https:\/\/www.caudete.org\/ayuntamiento\/convocado-pleno-ordinario-para-el-proximo-jueves-a-las-19-00h\/","og_locale":"es_ES","og_type":"article","og_title":"Convocado PLENO ORDINARIO para el pr\u00f3ximo jueves a las 19.00h - MI Ayuntamiento de Caudete","og_description":"P\u00e1gina Oficial del Ayuntamiento de Caudete (Albacete)","og_url":"https:\/\/www.caudete.org\/ayuntamiento\/convocado-pleno-ordinario-para-el-proximo-jueves-a-las-19-00h\/","og_site_name":"MI Ayuntamiento de Caudete","article_publisher":"https:\/\/www.facebook.com\/ayuntamientocaudete\/","article_published_time":"2025-06-10T06:12:46+00:00","article_modified_time":"2025-06-10T07:48:41+00:00","og_image":[{"width":800,"height":384,"url":"https:\/\/www.caudete.org\/ayuntamiento\/wp-content\/uploads\/2022\/01\/salon_plenos_junio_2019_caudete_digital.jpg","type":"image\/jpeg"}],"author":"alcalde","twitter_card":"summary_large_image","twitter_misc":{"Escrito por":"alcalde","Tiempo de lectura":"4 minutos"},"schema":{"@context":"https:\/\/schema.org","@graph":[{"@type":"Article","@id":"https:\/\/www.caudete.org\/ayuntamiento\/convocado-pleno-ordinario-para-el-proximo-jueves-a-las-19-00h\/#article","isPartOf":{"@id":"https:\/\/www.caudete.org\/ayuntamiento\/convocado-pleno-ordinario-para-el-proximo-jueves-a-las-19-00h\/"},"author":{"name":"alcalde","@id":"https:\/\/www.caudete.org\/ayuntamiento\/#\/schema\/person\/cc646da9133078ee4d8dd47457947253"},"headline":"Convocado PLENO ORDINARIO para el pr\u00f3ximo jueves a las 19.00h","datePublished":"2025-06-10T06:12:46+00:00","dateModified":"2025-06-10T07:48:41+00:00","mainEntityOfPage":{"@id":"https:\/\/www.caudete.org\/ayuntamiento\/convocado-pleno-ordinario-para-el-proximo-jueves-a-las-19-00h\/"},"wordCount":811,"image":{"@id":"https:\/\/www.caudete.org\/ayuntamiento\/convocado-pleno-ordinario-para-el-proximo-jueves-a-las-19-00h\/#primaryimage"},"thumbnailUrl":"https:\/\/www.caudete.org\/ayuntamiento\/wp-content\/uploads\/2022\/01\/salon_plenos_junio_2019_caudete_digital.jpg","articleSection":["Ayuntamiento"],"inLanguage":"es"},{"@type":"WebPage","@id":"https:\/\/www.caudete.org\/ayuntamiento\/convocado-pleno-ordinario-para-el-proximo-jueves-a-las-19-00h\/","url":"https:\/\/www.caudete.org\/ayuntamiento\/convocado-pleno-ordinario-para-el-proximo-jueves-a-las-19-00h\/","name":"Convocado PLENO ORDINARIO para el pr\u00f3ximo jueves a las 19.00h - MI Ayuntamiento de Caudete","isPartOf":{"@id":"https:\/\/www.caudete.org\/ayuntamiento\/#website"},"primaryImageOfPage":{"@id":"https:\/\/www.caudete.org\/ayuntamiento\/convocado-pleno-ordinario-para-el-proximo-jueves-a-las-19-00h\/#primaryimage"},"image":{"@id":"https:\/\/www.caudete.org\/ayuntamiento\/convocado-pleno-ordinario-para-el-proximo-jueves-a-las-19-00h\/#primaryimage"},"thumbnailUrl":"https:\/\/www.caudete.org\/ayuntamiento\/wp-content\/uploads\/2022\/01\/salon_plenos_junio_2019_caudete_digital.jpg","datePublished":"2025-06-10T06:12:46+00:00","dateModified":"2025-06-10T07:48:41+00:00","author":{"@id":"https:\/\/www.caudete.org\/ayuntamiento\/#\/schema\/person\/cc646da9133078ee4d8dd47457947253"},"description":"P\u00e1gina Oficial del Ayuntamiento de Caudete (Albacete)","breadcrumb":{"@id":"https:\/\/www.caudete.org\/ayuntamiento\/convocado-pleno-ordinario-para-el-proximo-jueves-a-las-19-00h\/#breadcrumb"},"inLanguage":"es","potentialAction":[{"@type":"ReadAction","target":["https:\/\/www.caudete.org\/ayuntamiento\/convocado-pleno-ordinario-para-el-proximo-jueves-a-las-19-00h\/"]}]},{"@type":"ImageObject","inLanguage":"es","@id":"https:\/\/www.caudete.org\/ayuntamiento\/convocado-pleno-ordinario-para-el-proximo-jueves-a-las-19-00h\/#primaryimage","url":"https:\/\/www.caudete.org\/ayuntamiento\/wp-content\/uploads\/2022\/01\/salon_plenos_junio_2019_caudete_digital.jpg","contentUrl":"https:\/\/www.caudete.org\/ayuntamiento\/wp-content\/uploads\/2022\/01\/salon_plenos_junio_2019_caudete_digital.jpg","width":800,"height":384},{"@type":"BreadcrumbList","@id":"https:\/\/www.caudete.org\/ayuntamiento\/convocado-pleno-ordinario-para-el-proximo-jueves-a-las-19-00h\/#breadcrumb","itemListElement":[{"@type":"ListItem","position":1,"name":"Inicio","item":"https:\/\/www.caudete.org\/ayuntamiento\/"},{"@type":"ListItem","position":2,"name":"Convocado PLENO ORDINARIO para el pr\u00f3ximo jueves a las 19.00h"}]},{"@type":"WebSite","@id":"https:\/\/www.caudete.org\/ayuntamiento\/#website","url":"https:\/\/www.caudete.org\/ayuntamiento\/","name":"MI Ayuntamiento de Caudete","description":"P\u00e1gina Oficial del MI Ayuntamiento de Caudete","potentialAction":[{"@type":"SearchAction","target":{"@type":"EntryPoint","urlTemplate":"https:\/\/www.caudete.org\/ayuntamiento\/?s={search_term_string}"},"query-input":{"@type":"PropertyValueSpecification","valueRequired":true,"valueName":"search_term_string"}}],"inLanguage":"es"},{"@type":"Person","@id":"https:\/\/www.caudete.org\/ayuntamiento\/#\/schema\/person\/cc646da9133078ee4d8dd47457947253","name":"alcalde","image":{"@type":"ImageObject","inLanguage":"es","@id":"https:\/\/secure.gravatar.com\/avatar\/84a817ba065b29ff08d666b215a215f5c79186a645ccb25b14a663d48a130f77?s=96&d=mm&r=g","url":"https:\/\/secure.gravatar.com\/avatar\/84a817ba065b29ff08d666b215a215f5c79186a645ccb25b14a663d48a130f77?s=96&d=mm&r=g","contentUrl":"https:\/\/secure.gravatar.com\/avatar\/84a817ba065b29ff08d666b215a215f5c79186a645ccb25b14a663d48a130f77?s=96&d=mm&r=g","caption":"alcalde"},"url":"https:\/\/www.caudete.org\/ayuntamiento\/author\/alcalde\/"}]}},"_links":{"self":[{"href":"https:\/\/www.caudete.org\/ayuntamiento\/wp-json\/wp\/v2\/posts\/29068","targetHints":{"allow":["GET"]}}],"collection":[{"href":"https:\/\/www.caudete.org\/ayuntamiento\/wp-json\/wp\/v2\/posts"}],"about":[{"href":"https:\/\/www.caudete.org\/ayuntamiento\/wp-json\/wp\/v2\/types\/post"}],"author":[{"embeddable":true,"href":"https:\/\/www.caudete.org\/ayuntamiento\/wp-json\/wp\/v2\/users\/3"}],"replies":[{"embeddable":true,"href":"https:\/\/www.caudete.org\/ayuntamiento\/wp-json\/wp\/v2\/comments?post=29068"}],"version-history":[{"count":1,"href":"https:\/\/www.caudete.org\/ayuntamiento\/wp-json\/wp\/v2\/posts\/29068\/revisions"}],"predecessor-version":[{"id":29069,"href":"https:\/\/www.caudete.org\/ayuntamiento\/wp-json\/wp\/v2\/posts\/29068\/revisions\/29069"}],"wp:featuredmedia":[{"embeddable":true,"href":"https:\/\/www.caudete.org\/ayuntamiento\/wp-json\/wp\/v2\/media\/17963"}],"wp:attachment":[{"href":"https:\/\/www.caudete.org\/ayuntamiento\/wp-json\/wp\/v2\/media?parent=29068"}],"wp:term":[{"taxonomy":"category","embeddable":true,"href":"https:\/\/www.caudete.org\/ayuntamiento\/wp-json\/wp\/v2\/categories?post=29068"},{"taxonomy":"post_tag","embeddable":true,"href":"https:\/\/www.caudete.org\/ayuntamiento\/wp-json\/wp\/v2\/tags?post=29068"}],"curies":[{"name":"wp","href":"https:\/\/api.w.org\/{rel}","templated":true}]}}