{"id":29079,"date":"2025-06-11T08:20:55","date_gmt":"2025-06-11T06:20:55","guid":{"rendered":"https:\/\/www.caudete.org\/ayuntamiento\/?p=29079"},"modified":"2025-06-11T08:20:55","modified_gmt":"2025-06-11T06:20:55","slug":"gran-afluencia-y-expectacion-en-la-entrega-de-los-premios-conde-san-carlos","status":"publish","type":"post","link":"https:\/\/www.caudete.org\/ayuntamiento\/gran-afluencia-y-expectacion-en-la-entrega-de-los-premios-conde-san-carlos\/","title":{"rendered":"Gran afluencia y expectaci\u00f3n en la entrega de los Premios CONDE SAN CARLOS"},"content":{"rendered":"<p><a href=\"https:\/\/www.caudete.org\/ayuntamiento\/wp-content\/uploads\/2025\/06\/WhatsApp-Image-2025-06-10-at-21.56.34.jpeg\" rel='prettyPhoto'><img fetchpriority=\"high\" decoding=\"async\" class=\"alignnone wp-image-29080 size-full\" src=\"https:\/\/www.caudete.org\/ayuntamiento\/wp-content\/uploads\/2025\/06\/WhatsApp-Image-2025-06-10-at-21.56.34.jpeg\" alt=\"\" width=\"1600\" height=\"1204\" srcset=\"https:\/\/www.caudete.org\/ayuntamiento\/wp-content\/uploads\/2025\/06\/WhatsApp-Image-2025-06-10-at-21.56.34.jpeg 1600w, https:\/\/www.caudete.org\/ayuntamiento\/wp-content\/uploads\/2025\/06\/WhatsApp-Image-2025-06-10-at-21.56.34-532x400.jpeg 532w, https:\/\/www.caudete.org\/ayuntamiento\/wp-content\/uploads\/2025\/06\/WhatsApp-Image-2025-06-10-at-21.56.34-1063x800.jpeg 1063w, https:\/\/www.caudete.org\/ayuntamiento\/wp-content\/uploads\/2025\/06\/WhatsApp-Image-2025-06-10-at-21.56.34-768x578.jpeg 768w, https:\/\/www.caudete.org\/ayuntamiento\/wp-content\/uploads\/2025\/06\/WhatsApp-Image-2025-06-10-at-21.56.34-1536x1156.jpeg 1536w\" sizes=\"(max-width: 1600px) 100vw, 1600px\" \/><\/a><\/p>\n<p style=\"text-align: justify;\">La tarde de ayer protagonizaba en el Museo de Acuarela &#8220;Rafael Requena&#8221; la entrega de Galardones de la IV Convocatoria de los Premios &#8220;Conde San Carlos&#8221; que organiza el Ayuntamiento por medio de la Concejal\u00eda de Educaci\u00f3n, para visibilizar y poner en valor trabajos acad\u00e9micos universitarios.<\/p>\n<p style=\"text-align: justify;\">Una gran afluencia y expectaci\u00f3n congreg\u00f3 a un p\u00fablico diverso que no quisieron perderse este acontecimiento que forma parte de la III Jornadas de Estudios Locales, como parte del colof\u00f3n a las mismas, pues hoy quedar\u00e1n clausuradas con una nueva entrega de Premios, esta vez de la IV Convocatoria del Premio de Investigaci\u00f3n &#8220;Francisco Jos\u00e9 Dom\u00e9nech Mira&#8221;.<\/p>\n<p style=\"text-align: justify;\">Tal y como indic\u00f3 el Alcalde, Mois\u00e9s L\u00f3pez, la participaci\u00f3n en esta edici\u00f3n ha sido alta, con trabajos de gran valor e inter\u00e9s, lo que ha dificultado la labor del Jurado, presente en la sala, y a quien quiso dar las gracias p\u00fablicamente, as\u00ed como a los participantes, y en especial a los premiados.<\/p>\n<p style=\"text-align: justify;\">La Concejal de Educaci\u00f3n, Manoli Gonz\u00e1lez, fue la encargada de dar lectura al Acta del Jurado, nombrando los trabajos premiados, a lo que continu\u00f3 la entrega de Galardones, y posteriormente, la exposici\u00f3n de los trabajos por sus autores, siendo el broche final un Vino de Honor &#8220;Conde San Carlos&#8221; de Bodegas &#8220;Deitania&#8221;, de la Cooperativa del Campo San Isidro de Caudete.<\/p>\n<p style=\"text-align: center;\"><span style=\"text-decoration: underline;\"><strong>Categor\u00eda Local:<\/strong><\/span><\/p>\n<p style=\"text-align: justify;\"><strong>D. PABLO ESCUDERO MOLL\u00c1<\/strong>, por su Trabajo de Fin de M\u00e1ster <strong><em>\u201cCARACTERIZACI\u00d3N FLOR\u00cdSTICA DE LOS ARENALES DE CAUDETE (ALBACETE) Y PROPUESTAS PARA SU GESTI\u00d3N Y CONSERVACI\u00d3N\u201d<\/em><\/strong>, dotado con 600\u20ac y galard\u00f3n conmemorativo.<\/p>\n<p><a href=\"https:\/\/www.caudete.org\/ayuntamiento\/wp-content\/uploads\/2025\/06\/WhatsApp-Image-2025-06-10-at-21.56.37.jpeg\" rel='prettyPhoto'><img decoding=\"async\" class=\"alignnone wp-image-29083 size-full\" src=\"https:\/\/www.caudete.org\/ayuntamiento\/wp-content\/uploads\/2025\/06\/WhatsApp-Image-2025-06-10-at-21.56.37.jpeg\" alt=\"\" width=\"1600\" height=\"1204\" srcset=\"https:\/\/www.caudete.org\/ayuntamiento\/wp-content\/uploads\/2025\/06\/WhatsApp-Image-2025-06-10-at-21.56.37.jpeg 1600w, https:\/\/www.caudete.org\/ayuntamiento\/wp-content\/uploads\/2025\/06\/WhatsApp-Image-2025-06-10-at-21.56.37-532x400.jpeg 532w, https:\/\/www.caudete.org\/ayuntamiento\/wp-content\/uploads\/2025\/06\/WhatsApp-Image-2025-06-10-at-21.56.37-1063x800.jpeg 1063w, https:\/\/www.caudete.org\/ayuntamiento\/wp-content\/uploads\/2025\/06\/WhatsApp-Image-2025-06-10-at-21.56.37-768x578.jpeg 768w, https:\/\/www.caudete.org\/ayuntamiento\/wp-content\/uploads\/2025\/06\/WhatsApp-Image-2025-06-10-at-21.56.37-1536x1156.jpeg 1536w\" sizes=\"(max-width: 1600px) 100vw, 1600px\" \/><\/a><\/p>\n<p>&nbsp;<\/p>\n<p style=\"text-align: center;\"><span style=\"text-decoration: underline;\"><strong>Categor\u00eda General:<\/strong><\/span><\/p>\n<p style=\"text-align: justify;\"><strong>D. MARCOS HERRERO ARNEDO<\/strong>, por su Trabajo de Fin de Grado <strong><em>\u201cOBTENCI\u00d3N DE M\u00c9TRICAS SOBRE LA ACTIVIDAD CEREBRAL DE USUARIOS A TRAV\u00c9S DE SE\u00d1ALES EEG Y MACHINE LEARNING\u201d<\/em><\/strong>, dotado con 400\u20ac y galard\u00f3n conmemorativo.<\/p>\n<p><a href=\"https:\/\/www.caudete.org\/ayuntamiento\/wp-content\/uploads\/2025\/06\/WhatsApp-Image-2025-06-10-at-21.56.36-1.jpeg\" rel='prettyPhoto'><img decoding=\"async\" class=\"alignnone wp-image-29082 size-full\" src=\"https:\/\/www.caudete.org\/ayuntamiento\/wp-content\/uploads\/2025\/06\/WhatsApp-Image-2025-06-10-at-21.56.36-1.jpeg\" alt=\"\" width=\"1600\" height=\"1204\" srcset=\"https:\/\/www.caudete.org\/ayuntamiento\/wp-content\/uploads\/2025\/06\/WhatsApp-Image-2025-06-10-at-21.56.36-1.jpeg 1600w, https:\/\/www.caudete.org\/ayuntamiento\/wp-content\/uploads\/2025\/06\/WhatsApp-Image-2025-06-10-at-21.56.36-1-532x400.jpeg 532w, https:\/\/www.caudete.org\/ayuntamiento\/wp-content\/uploads\/2025\/06\/WhatsApp-Image-2025-06-10-at-21.56.36-1-1063x800.jpeg 1063w, https:\/\/www.caudete.org\/ayuntamiento\/wp-content\/uploads\/2025\/06\/WhatsApp-Image-2025-06-10-at-21.56.36-1-768x578.jpeg 768w, https:\/\/www.caudete.org\/ayuntamiento\/wp-content\/uploads\/2025\/06\/WhatsApp-Image-2025-06-10-at-21.56.36-1-1536x1156.jpeg 1536w\" sizes=\"(max-width: 1600px) 100vw, 1600px\" \/><\/a><\/p>\n<p>&nbsp;<\/p>\n<p style=\"text-align: center;\"><span style=\"text-decoration: underline;\"><strong>Accesit Categor\u00eda General:<\/strong><\/span><\/p>\n<p style=\"text-align: justify;\"><strong>D. MANUEL PEIR\u00d3 AGULL\u00d3<\/strong>, por su Trabajo de Fin de M\u00e1ster <strong><em>\u201cGAMIFICACI\u00d3N EN 2\u00ba DE LA ESO PARA LA ASIGNATURA INTELIGENCIA ARTIFICIAL, PROGRAMACI\u00d3N Y ROB\u00d3TICA, UTILIZANDO LA TEM\u00c1TICA DEL VIDEOJUEGO FORTNITE\u201d<\/em><\/strong>, dotado con un galard\u00f3n conmemorativo.<\/p>\n<p><a href=\"https:\/\/www.caudete.org\/ayuntamiento\/wp-content\/uploads\/2025\/06\/WhatsApp-Image-2025-06-10-at-21.56.36.jpeg\" rel='prettyPhoto'><img loading=\"lazy\" decoding=\"async\" class=\"alignnone wp-image-29081 size-full\" src=\"https:\/\/www.caudete.org\/ayuntamiento\/wp-content\/uploads\/2025\/06\/WhatsApp-Image-2025-06-10-at-21.56.36.jpeg\" alt=\"\" width=\"1600\" height=\"1204\" srcset=\"https:\/\/www.caudete.org\/ayuntamiento\/wp-content\/uploads\/2025\/06\/WhatsApp-Image-2025-06-10-at-21.56.36.jpeg 1600w, https:\/\/www.caudete.org\/ayuntamiento\/wp-content\/uploads\/2025\/06\/WhatsApp-Image-2025-06-10-at-21.56.36-532x400.jpeg 532w, https:\/\/www.caudete.org\/ayuntamiento\/wp-content\/uploads\/2025\/06\/WhatsApp-Image-2025-06-10-at-21.56.36-1063x800.jpeg 1063w, https:\/\/www.caudete.org\/ayuntamiento\/wp-content\/uploads\/2025\/06\/WhatsApp-Image-2025-06-10-at-21.56.36-768x578.jpeg 768w, https:\/\/www.caudete.org\/ayuntamiento\/wp-content\/uploads\/2025\/06\/WhatsApp-Image-2025-06-10-at-21.56.36-1536x1156.jpeg 1536w\" sizes=\"(max-width: 1600px) 100vw, 1600px\" \/><\/a><\/p>\n","protected":false},"excerpt":{"rendered":"<p>La tarde de ayer protagonizaba en el Museo de Acuarela &#8220;Rafael Requena&#8221; la entrega de Galardones de la IV Convocatoria de los Premios &#8220;Conde San Carlos&#8221; que organiza el Ayuntamiento por medio de la Concejal\u00eda de Educaci\u00f3n, para visibilizar y poner en valor trabajos acad\u00e9micos universitarios. Una gran afluencia y expectaci\u00f3n congreg\u00f3 a un p\u00fablico &hellip;<\/p>\n","protected":false},"author":3,"featured_media":29080,"comment_status":"closed","ping_status":"open","sticky":false,"template":"","format":"standard","meta":{"ngg_post_thumbnail":0,"footnotes":""},"categories":[25],"tags":[],"class_list":["post-29079","post","type-post","status-publish","format-standard","has-post-thumbnail","hentry","category-educacion"],"yoast_head":"<!-- This site is optimized with the Yoast SEO plugin v27.4 - https:\/\/yoast.com\/product\/yoast-seo-wordpress\/ -->\n<title>Gran afluencia y expectaci\u00f3n en la entrega de los Premios CONDE SAN CARLOS - MI Ayuntamiento de Caudete<\/title>\n<meta name=\"description\" content=\"P\u00e1gina Oficial del Ayuntamiento de Caudete (Albacete)\" \/>\n<meta name=\"robots\" content=\"index, follow, max-snippet:-1, max-image-preview:large, max-video-preview:-1\" \/>\n<link rel=\"canonical\" href=\"https:\/\/www.caudete.org\/ayuntamiento\/gran-afluencia-y-expectacion-en-la-entrega-de-los-premios-conde-san-carlos\/\" \/>\n<meta property=\"og:locale\" content=\"es_ES\" \/>\n<meta property=\"og:type\" content=\"article\" \/>\n<meta property=\"og:title\" content=\"Gran afluencia y expectaci\u00f3n en la entrega de los Premios CONDE SAN CARLOS - MI Ayuntamiento de Caudete\" \/>\n<meta property=\"og:description\" content=\"P\u00e1gina Oficial del Ayuntamiento de Caudete (Albacete)\" \/>\n<meta property=\"og:url\" content=\"https:\/\/www.caudete.org\/ayuntamiento\/gran-afluencia-y-expectacion-en-la-entrega-de-los-premios-conde-san-carlos\/\" \/>\n<meta property=\"og:site_name\" content=\"MI Ayuntamiento de Caudete\" \/>\n<meta property=\"article:publisher\" content=\"https:\/\/www.facebook.com\/ayuntamientocaudete\/\" \/>\n<meta property=\"article:published_time\" content=\"2025-06-11T06:20:55+00:00\" \/>\n<meta property=\"og:image\" content=\"https:\/\/www.caudete.org\/ayuntamiento\/wp-content\/uploads\/2025\/06\/WhatsApp-Image-2025-06-10-at-21.56.34.jpeg\" \/>\n\t<meta property=\"og:image:width\" content=\"1600\" \/>\n\t<meta property=\"og:image:height\" content=\"1204\" \/>\n\t<meta property=\"og:image:type\" content=\"image\/jpeg\" \/>\n<meta name=\"author\" content=\"alcalde\" \/>\n<meta name=\"twitter:card\" content=\"summary_large_image\" \/>\n<meta name=\"twitter:label1\" content=\"Escrito por\" \/>\n\t<meta name=\"twitter:data1\" content=\"alcalde\" \/>\n\t<meta name=\"twitter:label2\" content=\"Tiempo de lectura\" \/>\n\t<meta name=\"twitter:data2\" content=\"3 minutos\" \/>\n<script type=\"application\/ld+json\" class=\"yoast-schema-graph\">{\"@context\":\"https:\\\/\\\/schema.org\",\"@graph\":[{\"@type\":\"Article\",\"@id\":\"https:\\\/\\\/www.caudete.org\\\/ayuntamiento\\\/gran-afluencia-y-expectacion-en-la-entrega-de-los-premios-conde-san-carlos\\\/#article\",\"isPartOf\":{\"@id\":\"https:\\\/\\\/www.caudete.org\\\/ayuntamiento\\\/gran-afluencia-y-expectacion-en-la-entrega-de-los-premios-conde-san-carlos\\\/\"},\"author\":{\"name\":\"alcalde\",\"@id\":\"https:\\\/\\\/www.caudete.org\\\/ayuntamiento\\\/#\\\/schema\\\/person\\\/cc646da9133078ee4d8dd47457947253\"},\"headline\":\"Gran afluencia y expectaci\u00f3n en la entrega de los Premios CONDE SAN CARLOS\",\"datePublished\":\"2025-06-11T06:20:55+00:00\",\"mainEntityOfPage\":{\"@id\":\"https:\\\/\\\/www.caudete.org\\\/ayuntamiento\\\/gran-afluencia-y-expectacion-en-la-entrega-de-los-premios-conde-san-carlos\\\/\"},\"wordCount\":378,\"publisher\":{\"@id\":\"https:\\\/\\\/www.caudete.org\\\/ayuntamiento\\\/#organization\"},\"image\":{\"@id\":\"https:\\\/\\\/www.caudete.org\\\/ayuntamiento\\\/gran-afluencia-y-expectacion-en-la-entrega-de-los-premios-conde-san-carlos\\\/#primaryimage\"},\"thumbnailUrl\":\"https:\\\/\\\/www.caudete.org\\\/ayuntamiento\\\/wp-content\\\/uploads\\\/2025\\\/06\\\/WhatsApp-Image-2025-06-10-at-21.56.34.jpeg\",\"articleSection\":[\"Educaci\u00f3n\"],\"inLanguage\":\"es\"},{\"@type\":\"WebPage\",\"@id\":\"https:\\\/\\\/www.caudete.org\\\/ayuntamiento\\\/gran-afluencia-y-expectacion-en-la-entrega-de-los-premios-conde-san-carlos\\\/\",\"url\":\"https:\\\/\\\/www.caudete.org\\\/ayuntamiento\\\/gran-afluencia-y-expectacion-en-la-entrega-de-los-premios-conde-san-carlos\\\/\",\"name\":\"Gran afluencia y expectaci\u00f3n en la entrega de los Premios CONDE SAN CARLOS - MI Ayuntamiento de Caudete\",\"isPartOf\":{\"@id\":\"https:\\\/\\\/www.caudete.org\\\/ayuntamiento\\\/#website\"},\"primaryImageOfPage\":{\"@id\":\"https:\\\/\\\/www.caudete.org\\\/ayuntamiento\\\/gran-afluencia-y-expectacion-en-la-entrega-de-los-premios-conde-san-carlos\\\/#primaryimage\"},\"image\":{\"@id\":\"https:\\\/\\\/www.caudete.org\\\/ayuntamiento\\\/gran-afluencia-y-expectacion-en-la-entrega-de-los-premios-conde-san-carlos\\\/#primaryimage\"},\"thumbnailUrl\":\"https:\\\/\\\/www.caudete.org\\\/ayuntamiento\\\/wp-content\\\/uploads\\\/2025\\\/06\\\/WhatsApp-Image-2025-06-10-at-21.56.34.jpeg\",\"datePublished\":\"2025-06-11T06:20:55+00:00\",\"description\":\"P\u00e1gina Oficial del Ayuntamiento de Caudete (Albacete)\",\"breadcrumb\":{\"@id\":\"https:\\\/\\\/www.caudete.org\\\/ayuntamiento\\\/gran-afluencia-y-expectacion-en-la-entrega-de-los-premios-conde-san-carlos\\\/#breadcrumb\"},\"inLanguage\":\"es\",\"potentialAction\":[{\"@type\":\"ReadAction\",\"target\":[\"https:\\\/\\\/www.caudete.org\\\/ayuntamiento\\\/gran-afluencia-y-expectacion-en-la-entrega-de-los-premios-conde-san-carlos\\\/\"]}]},{\"@type\":\"ImageObject\",\"inLanguage\":\"es\",\"@id\":\"https:\\\/\\\/www.caudete.org\\\/ayuntamiento\\\/gran-afluencia-y-expectacion-en-la-entrega-de-los-premios-conde-san-carlos\\\/#primaryimage\",\"url\":\"https:\\\/\\\/www.caudete.org\\\/ayuntamiento\\\/wp-content\\\/uploads\\\/2025\\\/06\\\/WhatsApp-Image-2025-06-10-at-21.56.34.jpeg\",\"contentUrl\":\"https:\\\/\\\/www.caudete.org\\\/ayuntamiento\\\/wp-content\\\/uploads\\\/2025\\\/06\\\/WhatsApp-Image-2025-06-10-at-21.56.34.jpeg\",\"width\":1600,\"height\":1204},{\"@type\":\"BreadcrumbList\",\"@id\":\"https:\\\/\\\/www.caudete.org\\\/ayuntamiento\\\/gran-afluencia-y-expectacion-en-la-entrega-de-los-premios-conde-san-carlos\\\/#breadcrumb\",\"itemListElement\":[{\"@type\":\"ListItem\",\"position\":1,\"name\":\"Inicio\",\"item\":\"https:\\\/\\\/www.caudete.org\\\/ayuntamiento\\\/\"},{\"@type\":\"ListItem\",\"position\":2,\"name\":\"Gran afluencia y expectaci\u00f3n en la entrega de los Premios CONDE SAN CARLOS\"}]},{\"@type\":\"WebSite\",\"@id\":\"https:\\\/\\\/www.caudete.org\\\/ayuntamiento\\\/#website\",\"url\":\"https:\\\/\\\/www.caudete.org\\\/ayuntamiento\\\/\",\"name\":\"MI Ayuntamiento de Caudete\",\"description\":\"P\u00e1gina Oficial del MI Ayuntamiento de Caudete\",\"publisher\":{\"@id\":\"https:\\\/\\\/www.caudete.org\\\/ayuntamiento\\\/#organization\"},\"potentialAction\":[{\"@type\":\"SearchAction\",\"target\":{\"@type\":\"EntryPoint\",\"urlTemplate\":\"https:\\\/\\\/www.caudete.org\\\/ayuntamiento\\\/?s={search_term_string}\"},\"query-input\":{\"@type\":\"PropertyValueSpecification\",\"valueRequired\":true,\"valueName\":\"search_term_string\"}}],\"inLanguage\":\"es\"},{\"@type\":\"Organization\",\"@id\":\"https:\\\/\\\/www.caudete.org\\\/ayuntamiento\\\/#organization\",\"name\":\"Ayuntamiento de Caudete\",\"url\":\"https:\\\/\\\/www.caudete.org\\\/ayuntamiento\\\/\",\"logo\":{\"@type\":\"ImageObject\",\"inLanguage\":\"es\",\"@id\":\"https:\\\/\\\/www.caudete.org\\\/ayuntamiento\\\/#\\\/schema\\\/logo\\\/image\\\/\",\"url\":\"https:\\\/\\\/www.caudete.org\\\/ayuntamiento\\\/wp-content\\\/uploads\\\/2020\\\/11\\\/logo_ayuntamiento_caudete.jpg\",\"contentUrl\":\"https:\\\/\\\/www.caudete.org\\\/ayuntamiento\\\/wp-content\\\/uploads\\\/2020\\\/11\\\/logo_ayuntamiento_caudete.jpg\",\"width\":600,\"height\":150,\"caption\":\"Ayuntamiento de Caudete\"},\"image\":{\"@id\":\"https:\\\/\\\/www.caudete.org\\\/ayuntamiento\\\/#\\\/schema\\\/logo\\\/image\\\/\"},\"sameAs\":[\"https:\\\/\\\/www.facebook.com\\\/ayuntamientocaudete\\\/\",\"https:\\\/\\\/www.youtube.com\\\/channel\\\/UC6VztHaooNsGpw-tNoBEFnQ\"]},{\"@type\":\"Person\",\"@id\":\"https:\\\/\\\/www.caudete.org\\\/ayuntamiento\\\/#\\\/schema\\\/person\\\/cc646da9133078ee4d8dd47457947253\",\"name\":\"alcalde\",\"image\":{\"@type\":\"ImageObject\",\"inLanguage\":\"es\",\"@id\":\"https:\\\/\\\/secure.gravatar.com\\\/avatar\\\/84a817ba065b29ff08d666b215a215f5c79186a645ccb25b14a663d48a130f77?s=96&d=mm&r=g\",\"url\":\"https:\\\/\\\/secure.gravatar.com\\\/avatar\\\/84a817ba065b29ff08d666b215a215f5c79186a645ccb25b14a663d48a130f77?s=96&d=mm&r=g\",\"contentUrl\":\"https:\\\/\\\/secure.gravatar.com\\\/avatar\\\/84a817ba065b29ff08d666b215a215f5c79186a645ccb25b14a663d48a130f77?s=96&d=mm&r=g\",\"caption\":\"alcalde\"},\"url\":\"https:\\\/\\\/www.caudete.org\\\/ayuntamiento\\\/author\\\/alcalde\\\/\"}]}<\/script>\n<!-- \/ Yoast SEO plugin. -->","yoast_head_json":{"title":"Gran afluencia y expectaci\u00f3n en la entrega de los Premios CONDE SAN CARLOS - MI Ayuntamiento de Caudete","description":"P\u00e1gina Oficial del Ayuntamiento de Caudete (Albacete)","robots":{"index":"index","follow":"follow","max-snippet":"max-snippet:-1","max-image-preview":"max-image-preview:large","max-video-preview":"max-video-preview:-1"},"canonical":"https:\/\/www.caudete.org\/ayuntamiento\/gran-afluencia-y-expectacion-en-la-entrega-de-los-premios-conde-san-carlos\/","og_locale":"es_ES","og_type":"article","og_title":"Gran afluencia y expectaci\u00f3n en la entrega de los Premios CONDE SAN CARLOS - MI Ayuntamiento de Caudete","og_description":"P\u00e1gina Oficial del Ayuntamiento de Caudete (Albacete)","og_url":"https:\/\/www.caudete.org\/ayuntamiento\/gran-afluencia-y-expectacion-en-la-entrega-de-los-premios-conde-san-carlos\/","og_site_name":"MI Ayuntamiento de Caudete","article_publisher":"https:\/\/www.facebook.com\/ayuntamientocaudete\/","article_published_time":"2025-06-11T06:20:55+00:00","og_image":[{"width":1600,"height":1204,"url":"https:\/\/www.caudete.org\/ayuntamiento\/wp-content\/uploads\/2025\/06\/WhatsApp-Image-2025-06-10-at-21.56.34.jpeg","type":"image\/jpeg"}],"author":"alcalde","twitter_card":"summary_large_image","twitter_misc":{"Escrito por":"alcalde","Tiempo de lectura":"3 minutos"},"schema":{"@context":"https:\/\/schema.org","@graph":[{"@type":"Article","@id":"https:\/\/www.caudete.org\/ayuntamiento\/gran-afluencia-y-expectacion-en-la-entrega-de-los-premios-conde-san-carlos\/#article","isPartOf":{"@id":"https:\/\/www.caudete.org\/ayuntamiento\/gran-afluencia-y-expectacion-en-la-entrega-de-los-premios-conde-san-carlos\/"},"author":{"name":"alcalde","@id":"https:\/\/www.caudete.org\/ayuntamiento\/#\/schema\/person\/cc646da9133078ee4d8dd47457947253"},"headline":"Gran afluencia y expectaci\u00f3n en la entrega de los Premios CONDE SAN CARLOS","datePublished":"2025-06-11T06:20:55+00:00","mainEntityOfPage":{"@id":"https:\/\/www.caudete.org\/ayuntamiento\/gran-afluencia-y-expectacion-en-la-entrega-de-los-premios-conde-san-carlos\/"},"wordCount":378,"publisher":{"@id":"https:\/\/www.caudete.org\/ayuntamiento\/#organization"},"image":{"@id":"https:\/\/www.caudete.org\/ayuntamiento\/gran-afluencia-y-expectacion-en-la-entrega-de-los-premios-conde-san-carlos\/#primaryimage"},"thumbnailUrl":"https:\/\/www.caudete.org\/ayuntamiento\/wp-content\/uploads\/2025\/06\/WhatsApp-Image-2025-06-10-at-21.56.34.jpeg","articleSection":["Educaci\u00f3n"],"inLanguage":"es"},{"@type":"WebPage","@id":"https:\/\/www.caudete.org\/ayuntamiento\/gran-afluencia-y-expectacion-en-la-entrega-de-los-premios-conde-san-carlos\/","url":"https:\/\/www.caudete.org\/ayuntamiento\/gran-afluencia-y-expectacion-en-la-entrega-de-los-premios-conde-san-carlos\/","name":"Gran afluencia y expectaci\u00f3n en la entrega de los Premios CONDE SAN CARLOS - MI Ayuntamiento de Caudete","isPartOf":{"@id":"https:\/\/www.caudete.org\/ayuntamiento\/#website"},"primaryImageOfPage":{"@id":"https:\/\/www.caudete.org\/ayuntamiento\/gran-afluencia-y-expectacion-en-la-entrega-de-los-premios-conde-san-carlos\/#primaryimage"},"image":{"@id":"https:\/\/www.caudete.org\/ayuntamiento\/gran-afluencia-y-expectacion-en-la-entrega-de-los-premios-conde-san-carlos\/#primaryimage"},"thumbnailUrl":"https:\/\/www.caudete.org\/ayuntamiento\/wp-content\/uploads\/2025\/06\/WhatsApp-Image-2025-06-10-at-21.56.34.jpeg","datePublished":"2025-06-11T06:20:55+00:00","description":"P\u00e1gina Oficial del Ayuntamiento de Caudete (Albacete)","breadcrumb":{"@id":"https:\/\/www.caudete.org\/ayuntamiento\/gran-afluencia-y-expectacion-en-la-entrega-de-los-premios-conde-san-carlos\/#breadcrumb"},"inLanguage":"es","potentialAction":[{"@type":"ReadAction","target":["https:\/\/www.caudete.org\/ayuntamiento\/gran-afluencia-y-expectacion-en-la-entrega-de-los-premios-conde-san-carlos\/"]}]},{"@type":"ImageObject","inLanguage":"es","@id":"https:\/\/www.caudete.org\/ayuntamiento\/gran-afluencia-y-expectacion-en-la-entrega-de-los-premios-conde-san-carlos\/#primaryimage","url":"https:\/\/www.caudete.org\/ayuntamiento\/wp-content\/uploads\/2025\/06\/WhatsApp-Image-2025-06-10-at-21.56.34.jpeg","contentUrl":"https:\/\/www.caudete.org\/ayuntamiento\/wp-content\/uploads\/2025\/06\/WhatsApp-Image-2025-06-10-at-21.56.34.jpeg","width":1600,"height":1204},{"@type":"BreadcrumbList","@id":"https:\/\/www.caudete.org\/ayuntamiento\/gran-afluencia-y-expectacion-en-la-entrega-de-los-premios-conde-san-carlos\/#breadcrumb","itemListElement":[{"@type":"ListItem","position":1,"name":"Inicio","item":"https:\/\/www.caudete.org\/ayuntamiento\/"},{"@type":"ListItem","position":2,"name":"Gran afluencia y expectaci\u00f3n en la entrega de los Premios CONDE SAN CARLOS"}]},{"@type":"WebSite","@id":"https:\/\/www.caudete.org\/ayuntamiento\/#website","url":"https:\/\/www.caudete.org\/ayuntamiento\/","name":"MI Ayuntamiento de Caudete","description":"P\u00e1gina Oficial del MI Ayuntamiento de Caudete","publisher":{"@id":"https:\/\/www.caudete.org\/ayuntamiento\/#organization"},"potentialAction":[{"@type":"SearchAction","target":{"@type":"EntryPoint","urlTemplate":"https:\/\/www.caudete.org\/ayuntamiento\/?s={search_term_string}"},"query-input":{"@type":"PropertyValueSpecification","valueRequired":true,"valueName":"search_term_string"}}],"inLanguage":"es"},{"@type":"Organization","@id":"https:\/\/www.caudete.org\/ayuntamiento\/#organization","name":"Ayuntamiento de Caudete","url":"https:\/\/www.caudete.org\/ayuntamiento\/","logo":{"@type":"ImageObject","inLanguage":"es","@id":"https:\/\/www.caudete.org\/ayuntamiento\/#\/schema\/logo\/image\/","url":"https:\/\/www.caudete.org\/ayuntamiento\/wp-content\/uploads\/2020\/11\/logo_ayuntamiento_caudete.jpg","contentUrl":"https:\/\/www.caudete.org\/ayuntamiento\/wp-content\/uploads\/2020\/11\/logo_ayuntamiento_caudete.jpg","width":600,"height":150,"caption":"Ayuntamiento de Caudete"},"image":{"@id":"https:\/\/www.caudete.org\/ayuntamiento\/#\/schema\/logo\/image\/"},"sameAs":["https:\/\/www.facebook.com\/ayuntamientocaudete\/","https:\/\/www.youtube.com\/channel\/UC6VztHaooNsGpw-tNoBEFnQ"]},{"@type":"Person","@id":"https:\/\/www.caudete.org\/ayuntamiento\/#\/schema\/person\/cc646da9133078ee4d8dd47457947253","name":"alcalde","image":{"@type":"ImageObject","inLanguage":"es","@id":"https:\/\/secure.gravatar.com\/avatar\/84a817ba065b29ff08d666b215a215f5c79186a645ccb25b14a663d48a130f77?s=96&d=mm&r=g","url":"https:\/\/secure.gravatar.com\/avatar\/84a817ba065b29ff08d666b215a215f5c79186a645ccb25b14a663d48a130f77?s=96&d=mm&r=g","contentUrl":"https:\/\/secure.gravatar.com\/avatar\/84a817ba065b29ff08d666b215a215f5c79186a645ccb25b14a663d48a130f77?s=96&d=mm&r=g","caption":"alcalde"},"url":"https:\/\/www.caudete.org\/ayuntamiento\/author\/alcalde\/"}]}},"_links":{"self":[{"href":"https:\/\/www.caudete.org\/ayuntamiento\/wp-json\/wp\/v2\/posts\/29079","targetHints":{"allow":["GET"]}}],"collection":[{"href":"https:\/\/www.caudete.org\/ayuntamiento\/wp-json\/wp\/v2\/posts"}],"about":[{"href":"https:\/\/www.caudete.org\/ayuntamiento\/wp-json\/wp\/v2\/types\/post"}],"author":[{"embeddable":true,"href":"https:\/\/www.caudete.org\/ayuntamiento\/wp-json\/wp\/v2\/users\/3"}],"replies":[{"embeddable":true,"href":"https:\/\/www.caudete.org\/ayuntamiento\/wp-json\/wp\/v2\/comments?post=29079"}],"version-history":[{"count":1,"href":"https:\/\/www.caudete.org\/ayuntamiento\/wp-json\/wp\/v2\/posts\/29079\/revisions"}],"predecessor-version":[{"id":29084,"href":"https:\/\/www.caudete.org\/ayuntamiento\/wp-json\/wp\/v2\/posts\/29079\/revisions\/29084"}],"wp:featuredmedia":[{"embeddable":true,"href":"https:\/\/www.caudete.org\/ayuntamiento\/wp-json\/wp\/v2\/media\/29080"}],"wp:attachment":[{"href":"https:\/\/www.caudete.org\/ayuntamiento\/wp-json\/wp\/v2\/media?parent=29079"}],"wp:term":[{"taxonomy":"category","embeddable":true,"href":"https:\/\/www.caudete.org\/ayuntamiento\/wp-json\/wp\/v2\/categories?post=29079"},{"taxonomy":"post_tag","embeddable":true,"href":"https:\/\/www.caudete.org\/ayuntamiento\/wp-json\/wp\/v2\/tags?post=29079"}],"curies":[{"name":"wp","href":"https:\/\/api.w.org\/{rel}","templated":true}]}}