{"id":29085,"date":"2025-06-11T08:38:58","date_gmt":"2025-06-11T06:38:58","guid":{"rendered":"https:\/\/www.caudete.org\/ayuntamiento\/?p=29085"},"modified":"2025-06-11T08:38:58","modified_gmt":"2025-06-11T06:38:58","slug":"el-ayuntamiento-de-caudete-renueva-su-cargo-de-secretario-en-zincaman-con-la-presidencia-de-antonio-fernandez-pacheco","status":"publish","type":"post","link":"https:\/\/www.caudete.org\/ayuntamiento\/el-ayuntamiento-de-caudete-renueva-su-cargo-de-secretario-en-zincaman-con-la-presidencia-de-antonio-fernandez-pacheco\/","title":{"rendered":"El Ayuntamiento de Caudete renueva su cargo de Secretario en ZINCAMAN, con la presidencia de Antonio Fern\u00e1ndez-Pacheco"},"content":{"rendered":"<p><a href=\"https:\/\/www.caudete.org\/ayuntamiento\/wp-content\/uploads\/2025\/06\/WhatsApp-Image-2025-06-09-at-19.22.48-1.jpeg\" rel='prettyPhoto'><img fetchpriority=\"high\" decoding=\"async\" class=\"alignnone wp-image-29089 size-full\" src=\"https:\/\/www.caudete.org\/ayuntamiento\/wp-content\/uploads\/2025\/06\/WhatsApp-Image-2025-06-09-at-19.22.48-1.jpeg\" alt=\"\" width=\"1600\" height=\"1200\" srcset=\"https:\/\/www.caudete.org\/ayuntamiento\/wp-content\/uploads\/2025\/06\/WhatsApp-Image-2025-06-09-at-19.22.48-1.jpeg 1600w, https:\/\/www.caudete.org\/ayuntamiento\/wp-content\/uploads\/2025\/06\/WhatsApp-Image-2025-06-09-at-19.22.48-1-533x400.jpeg 533w, https:\/\/www.caudete.org\/ayuntamiento\/wp-content\/uploads\/2025\/06\/WhatsApp-Image-2025-06-09-at-19.22.48-1-1067x800.jpeg 1067w, https:\/\/www.caudete.org\/ayuntamiento\/wp-content\/uploads\/2025\/06\/WhatsApp-Image-2025-06-09-at-19.22.48-1-768x576.jpeg 768w, https:\/\/www.caudete.org\/ayuntamiento\/wp-content\/uploads\/2025\/06\/WhatsApp-Image-2025-06-09-at-19.22.48-1-1536x1152.jpeg 1536w\" sizes=\"(max-width: 1600px) 100vw, 1600px\" \/><\/a><\/p>\n<p>&nbsp;<\/p>\n<p style=\"text-align: justify;\">El Parador de Manzanares acogi\u00f3 el pasado lunes 9 de Junio la celebraci\u00f3n de la VI Asamblea General de la Asociaci\u00f3n Regional de Zonas Industriales de Castilla-La Mancha (ZINCAMAN), una cita clave para hacer balance de la trayectoria de la entidad y renovar su Junta Directiva.<\/p>\n<p style=\"text-align: justify;\">Uno de los momentos m\u00e1s destacados del acto ha sido el relevo en la presidencia: Santos Prieto, fundador y Presidente durante los \u00faltimos 8 a\u00f1os, ha cedido el testigo a Antonio Fern\u00e1ndez-Pacheco, vocal de ADECA y profesional en el \u00e1mbito de la Ingenier\u00eda y el Urbanismo.<\/p>\n<p style=\"text-align: justify;\">El resto de la Junta Directiva est\u00e1 compuesto por:<\/p>\n<ul style=\"text-align: justify;\">\n<li>Miguel \u00c1ngel Cuartero como Director Gerente.<\/li>\n<li>Pedro S\u00e1ez, Vicepresidente por Albacete.<\/li>\n<li>Nuria Mu\u00f1oz, Vicepresidenta por Toledo.<\/li>\n<li>Sebasti\u00e1n Jim\u00e9nez, Vicepresidente por Ciudad Real.<\/li>\n<li>Mois\u00e9s L\u00f3pez, en representaci\u00f3n del Ayuntamiento de Caudete, como Secretario.<\/li>\n<li>Mar\u00eda Jos\u00e9 Romero, en representaci\u00f3n del Ayuntamiento de Almansa, como Tesorera.<\/li>\n<\/ul>\n<p style=\"text-align: justify;\">ZINCAMAN ha pasado de contar con un presupuesto de 12.000\u20ac, a superar los 2 millones \u20ac\/a\u00f1o, ha puesto en marcha proyectos como AMAI (Auxiliares de Mantenimiento de \u00c1reas Industriales) y RUZI (Regeneraci\u00f3n Urbana de Zonas Industriales) junto al Servicio P\u00fablico de Empleo Estatal (SEPE) \u2013formando a m\u00e1s de 100 alumnos con tasas de inserci\u00f3n laboral superiores al 70% en algunos municipios\u2013 y ha consolidado una red t\u00e9cnica y de colaboraci\u00f3n institucional con entidades clave del territorio. Adem\u00e1s, desde 2024 Zincaman es tambi\u00e9n Oficina de Transformaci\u00f3n Comunitaria (OTC): una iniciativa para promover la creaci\u00f3n de comunidades energ\u00e9ticas en los pol\u00edgonos industriales como una soluci\u00f3n m\u00e1s sostenible y eficiente para la producci\u00f3n y consumo de energ\u00eda. Est\u00e1 financiada por el Instituto para la Diversificaci\u00f3n y Ahorro de la Energ\u00eda (IDAE) dentro del Ministerio para la Transici\u00f3n Ecol\u00f3gica y el Reto Demogr\u00e1fico.<\/p>\n<p style=\"text-align: justify;\">En la clausura de la Asamblea, estuvieron presentes D\u00f1a. Mercedes G\u00f3mez, Consejera de Desarrollo Sostenible de la Junta de Comunidades de Castilla-La Mancha; Sonia Gonz\u00e1lez, Vicepresidenta segunda de la Diputaci\u00f3n de Ciudad Real; Juli\u00e1n Nieva, Alcalde del Ayuntamiento de Manzanares; y Sebasti\u00e1n Jim\u00e9nez Almarcha, Presidente de Asociaci\u00f3n Empresarial del Pol\u00edgono de Manzanares (Aempoman), entidad\u00a0 anfitriona del encuentro.<\/p>\n<p style=\"text-align: justify;\">Por parte del Ayuntamiento de Caudete, estuvieron presentes el Alcalde Mois\u00e9s L\u00f3pez y la Concejal de Promoci\u00f3n y Desarrollo Econ\u00f3mico M\u00aa Dolores Requena Azor\u00edn.<\/p>\n<p style=\"text-align: justify;\">Zincaman\u00a0integra actualmente a m\u00e1s de 30 entidades y representa el 45% del suelo industrial de Castilla-La Mancha, lo que equivale a m\u00e1s de 21 millones de metros cuadrados. Su misi\u00f3n es dinamizar las \u00e1reas industriales como motor econ\u00f3mico y de empleo en la regi\u00f3n.<\/p>\n<p>&nbsp;<\/p>\n<p><a href=\"https:\/\/www.caudete.org\/ayuntamiento\/wp-content\/uploads\/2025\/06\/WhatsApp-Image-2025-06-09-at-19.22.48.jpeg\" rel='prettyPhoto'><img decoding=\"async\" class=\"alignnone wp-image-29088 size-full\" src=\"https:\/\/www.caudete.org\/ayuntamiento\/wp-content\/uploads\/2025\/06\/WhatsApp-Image-2025-06-09-at-19.22.48.jpeg\" alt=\"\" width=\"1600\" height=\"1200\" srcset=\"https:\/\/www.caudete.org\/ayuntamiento\/wp-content\/uploads\/2025\/06\/WhatsApp-Image-2025-06-09-at-19.22.48.jpeg 1600w, https:\/\/www.caudete.org\/ayuntamiento\/wp-content\/uploads\/2025\/06\/WhatsApp-Image-2025-06-09-at-19.22.48-533x400.jpeg 533w, https:\/\/www.caudete.org\/ayuntamiento\/wp-content\/uploads\/2025\/06\/WhatsApp-Image-2025-06-09-at-19.22.48-1067x800.jpeg 1067w, https:\/\/www.caudete.org\/ayuntamiento\/wp-content\/uploads\/2025\/06\/WhatsApp-Image-2025-06-09-at-19.22.48-768x576.jpeg 768w, https:\/\/www.caudete.org\/ayuntamiento\/wp-content\/uploads\/2025\/06\/WhatsApp-Image-2025-06-09-at-19.22.48-1536x1152.jpeg 1536w\" sizes=\"(max-width: 1600px) 100vw, 1600px\" \/><\/a> <a href=\"https:\/\/www.caudete.org\/ayuntamiento\/wp-content\/uploads\/2025\/06\/ZINCAMAN-SALA-scaled.jpg\" rel='prettyPhoto'><img decoding=\"async\" class=\"alignnone wp-image-29087 size-full\" src=\"https:\/\/www.caudete.org\/ayuntamiento\/wp-content\/uploads\/2025\/06\/ZINCAMAN-SALA-scaled.jpg\" alt=\"\" width=\"2560\" height=\"1703\" srcset=\"https:\/\/www.caudete.org\/ayuntamiento\/wp-content\/uploads\/2025\/06\/ZINCAMAN-SALA-scaled.jpg 2560w, https:\/\/www.caudete.org\/ayuntamiento\/wp-content\/uploads\/2025\/06\/ZINCAMAN-SALA-600x400.jpg 600w, https:\/\/www.caudete.org\/ayuntamiento\/wp-content\/uploads\/2025\/06\/ZINCAMAN-SALA-1200x798.jpg 1200w, https:\/\/www.caudete.org\/ayuntamiento\/wp-content\/uploads\/2025\/06\/ZINCAMAN-SALA-768x511.jpg 768w, https:\/\/www.caudete.org\/ayuntamiento\/wp-content\/uploads\/2025\/06\/ZINCAMAN-SALA-1536x1022.jpg 1536w, https:\/\/www.caudete.org\/ayuntamiento\/wp-content\/uploads\/2025\/06\/ZINCAMAN-SALA-2048x1363.jpg 2048w\" sizes=\"(max-width: 2560px) 100vw, 2560px\" \/><\/a> <a href=\"https:\/\/www.caudete.org\/ayuntamiento\/wp-content\/uploads\/2025\/06\/ZINCAMAN-RECEPCION-scaled.jpg\" rel='prettyPhoto'><img loading=\"lazy\" decoding=\"async\" class=\"alignnone wp-image-29086 size-full\" src=\"https:\/\/www.caudete.org\/ayuntamiento\/wp-content\/uploads\/2025\/06\/ZINCAMAN-RECEPCION-scaled.jpg\" alt=\"\" width=\"2560\" height=\"1703\" srcset=\"https:\/\/www.caudete.org\/ayuntamiento\/wp-content\/uploads\/2025\/06\/ZINCAMAN-RECEPCION-scaled.jpg 2560w, https:\/\/www.caudete.org\/ayuntamiento\/wp-content\/uploads\/2025\/06\/ZINCAMAN-RECEPCION-600x400.jpg 600w, https:\/\/www.caudete.org\/ayuntamiento\/wp-content\/uploads\/2025\/06\/ZINCAMAN-RECEPCION-1200x798.jpg 1200w, https:\/\/www.caudete.org\/ayuntamiento\/wp-content\/uploads\/2025\/06\/ZINCAMAN-RECEPCION-768x511.jpg 768w, https:\/\/www.caudete.org\/ayuntamiento\/wp-content\/uploads\/2025\/06\/ZINCAMAN-RECEPCION-1536x1022.jpg 1536w, https:\/\/www.caudete.org\/ayuntamiento\/wp-content\/uploads\/2025\/06\/ZINCAMAN-RECEPCION-2048x1363.jpg 2048w\" sizes=\"(max-width: 2560px) 100vw, 2560px\" \/><\/a><\/p>\n","protected":false},"excerpt":{"rendered":"<p>&nbsp; El Parador de Manzanares acogi\u00f3 el pasado lunes 9 de Junio la celebraci\u00f3n de la VI Asamblea General de la Asociaci\u00f3n Regional de Zonas Industriales de Castilla-La Mancha (ZINCAMAN), una cita clave para hacer balance de la trayectoria de la entidad y renovar su Junta Directiva. Uno de los momentos m\u00e1s destacados del acto &hellip;<\/p>\n","protected":false},"author":3,"featured_media":29086,"comment_status":"closed","ping_status":"open","sticky":false,"template":"","format":"standard","meta":{"ngg_post_thumbnail":0,"footnotes":""},"categories":[851],"tags":[],"class_list":["post-29085","post","type-post","status-publish","format-standard","has-post-thumbnail","hentry","category-promocion-y-desarrollo-economico"],"yoast_head":"<!-- This site is optimized with the Yoast SEO plugin v27.4 - https:\/\/yoast.com\/product\/yoast-seo-wordpress\/ -->\n<title>El Ayuntamiento de Caudete renueva su cargo de Secretario en ZINCAMAN, con la presidencia de Antonio Fern\u00e1ndez-Pacheco - MI Ayuntamiento de Caudete<\/title>\n<meta name=\"description\" content=\"P\u00e1gina Oficial del Ayuntamiento de Caudete (Albacete)\" \/>\n<meta name=\"robots\" content=\"index, follow, max-snippet:-1, max-image-preview:large, max-video-preview:-1\" \/>\n<link rel=\"canonical\" href=\"https:\/\/www.caudete.org\/ayuntamiento\/el-ayuntamiento-de-caudete-renueva-su-cargo-de-secretario-en-zincaman-con-la-presidencia-de-antonio-fernandez-pacheco\/\" \/>\n<meta property=\"og:locale\" content=\"es_ES\" \/>\n<meta property=\"og:type\" content=\"article\" \/>\n<meta property=\"og:title\" content=\"El Ayuntamiento de Caudete renueva su cargo de Secretario en ZINCAMAN, con la presidencia de Antonio Fern\u00e1ndez-Pacheco - MI Ayuntamiento de Caudete\" \/>\n<meta property=\"og:description\" content=\"P\u00e1gina Oficial del Ayuntamiento de Caudete (Albacete)\" \/>\n<meta property=\"og:url\" content=\"https:\/\/www.caudete.org\/ayuntamiento\/el-ayuntamiento-de-caudete-renueva-su-cargo-de-secretario-en-zincaman-con-la-presidencia-de-antonio-fernandez-pacheco\/\" \/>\n<meta property=\"og:site_name\" content=\"MI Ayuntamiento de Caudete\" \/>\n<meta property=\"article:publisher\" content=\"https:\/\/www.facebook.com\/ayuntamientocaudete\/\" \/>\n<meta property=\"article:published_time\" content=\"2025-06-11T06:38:58+00:00\" \/>\n<meta property=\"og:image\" content=\"https:\/\/www.caudete.org\/ayuntamiento\/wp-content\/uploads\/2025\/06\/ZINCAMAN-RECEPCION-scaled.jpg\" \/>\n\t<meta property=\"og:image:width\" content=\"2560\" \/>\n\t<meta property=\"og:image:height\" content=\"1703\" \/>\n\t<meta property=\"og:image:type\" content=\"image\/jpeg\" \/>\n<meta name=\"author\" content=\"alcalde\" \/>\n<meta name=\"twitter:card\" content=\"summary_large_image\" \/>\n<meta name=\"twitter:label1\" content=\"Escrito por\" \/>\n\t<meta name=\"twitter:data1\" content=\"alcalde\" \/>\n\t<meta name=\"twitter:label2\" content=\"Tiempo de lectura\" \/>\n\t<meta name=\"twitter:data2\" content=\"3 minutos\" \/>\n<script type=\"application\/ld+json\" class=\"yoast-schema-graph\">{\"@context\":\"https:\\\/\\\/schema.org\",\"@graph\":[{\"@type\":\"Article\",\"@id\":\"https:\\\/\\\/www.caudete.org\\\/ayuntamiento\\\/el-ayuntamiento-de-caudete-renueva-su-cargo-de-secretario-en-zincaman-con-la-presidencia-de-antonio-fernandez-pacheco\\\/#article\",\"isPartOf\":{\"@id\":\"https:\\\/\\\/www.caudete.org\\\/ayuntamiento\\\/el-ayuntamiento-de-caudete-renueva-su-cargo-de-secretario-en-zincaman-con-la-presidencia-de-antonio-fernandez-pacheco\\\/\"},\"author\":{\"name\":\"alcalde\",\"@id\":\"https:\\\/\\\/www.caudete.org\\\/ayuntamiento\\\/#\\\/schema\\\/person\\\/cc646da9133078ee4d8dd47457947253\"},\"headline\":\"El Ayuntamiento de Caudete renueva su cargo de Secretario en ZINCAMAN, con la presidencia de Antonio Fern\u00e1ndez-Pacheco\",\"datePublished\":\"2025-06-11T06:38:58+00:00\",\"mainEntityOfPage\":{\"@id\":\"https:\\\/\\\/www.caudete.org\\\/ayuntamiento\\\/el-ayuntamiento-de-caudete-renueva-su-cargo-de-secretario-en-zincaman-con-la-presidencia-de-antonio-fernandez-pacheco\\\/\"},\"wordCount\":475,\"publisher\":{\"@id\":\"https:\\\/\\\/www.caudete.org\\\/ayuntamiento\\\/#organization\"},\"image\":{\"@id\":\"https:\\\/\\\/www.caudete.org\\\/ayuntamiento\\\/el-ayuntamiento-de-caudete-renueva-su-cargo-de-secretario-en-zincaman-con-la-presidencia-de-antonio-fernandez-pacheco\\\/#primaryimage\"},\"thumbnailUrl\":\"https:\\\/\\\/www.caudete.org\\\/ayuntamiento\\\/wp-content\\\/uploads\\\/2025\\\/06\\\/ZINCAMAN-RECEPCION-scaled.jpg\",\"articleSection\":[\"Promoci\u00f3n y Desarrollo Econ\u00f3mico\"],\"inLanguage\":\"es\"},{\"@type\":\"WebPage\",\"@id\":\"https:\\\/\\\/www.caudete.org\\\/ayuntamiento\\\/el-ayuntamiento-de-caudete-renueva-su-cargo-de-secretario-en-zincaman-con-la-presidencia-de-antonio-fernandez-pacheco\\\/\",\"url\":\"https:\\\/\\\/www.caudete.org\\\/ayuntamiento\\\/el-ayuntamiento-de-caudete-renueva-su-cargo-de-secretario-en-zincaman-con-la-presidencia-de-antonio-fernandez-pacheco\\\/\",\"name\":\"El Ayuntamiento de Caudete renueva su cargo de Secretario en ZINCAMAN, con la presidencia de Antonio Fern\u00e1ndez-Pacheco - MI Ayuntamiento de Caudete\",\"isPartOf\":{\"@id\":\"https:\\\/\\\/www.caudete.org\\\/ayuntamiento\\\/#website\"},\"primaryImageOfPage\":{\"@id\":\"https:\\\/\\\/www.caudete.org\\\/ayuntamiento\\\/el-ayuntamiento-de-caudete-renueva-su-cargo-de-secretario-en-zincaman-con-la-presidencia-de-antonio-fernandez-pacheco\\\/#primaryimage\"},\"image\":{\"@id\":\"https:\\\/\\\/www.caudete.org\\\/ayuntamiento\\\/el-ayuntamiento-de-caudete-renueva-su-cargo-de-secretario-en-zincaman-con-la-presidencia-de-antonio-fernandez-pacheco\\\/#primaryimage\"},\"thumbnailUrl\":\"https:\\\/\\\/www.caudete.org\\\/ayuntamiento\\\/wp-content\\\/uploads\\\/2025\\\/06\\\/ZINCAMAN-RECEPCION-scaled.jpg\",\"datePublished\":\"2025-06-11T06:38:58+00:00\",\"description\":\"P\u00e1gina Oficial del Ayuntamiento de Caudete (Albacete)\",\"breadcrumb\":{\"@id\":\"https:\\\/\\\/www.caudete.org\\\/ayuntamiento\\\/el-ayuntamiento-de-caudete-renueva-su-cargo-de-secretario-en-zincaman-con-la-presidencia-de-antonio-fernandez-pacheco\\\/#breadcrumb\"},\"inLanguage\":\"es\",\"potentialAction\":[{\"@type\":\"ReadAction\",\"target\":[\"https:\\\/\\\/www.caudete.org\\\/ayuntamiento\\\/el-ayuntamiento-de-caudete-renueva-su-cargo-de-secretario-en-zincaman-con-la-presidencia-de-antonio-fernandez-pacheco\\\/\"]}]},{\"@type\":\"ImageObject\",\"inLanguage\":\"es\",\"@id\":\"https:\\\/\\\/www.caudete.org\\\/ayuntamiento\\\/el-ayuntamiento-de-caudete-renueva-su-cargo-de-secretario-en-zincaman-con-la-presidencia-de-antonio-fernandez-pacheco\\\/#primaryimage\",\"url\":\"https:\\\/\\\/www.caudete.org\\\/ayuntamiento\\\/wp-content\\\/uploads\\\/2025\\\/06\\\/ZINCAMAN-RECEPCION-scaled.jpg\",\"contentUrl\":\"https:\\\/\\\/www.caudete.org\\\/ayuntamiento\\\/wp-content\\\/uploads\\\/2025\\\/06\\\/ZINCAMAN-RECEPCION-scaled.jpg\",\"width\":2560,\"height\":1703},{\"@type\":\"BreadcrumbList\",\"@id\":\"https:\\\/\\\/www.caudete.org\\\/ayuntamiento\\\/el-ayuntamiento-de-caudete-renueva-su-cargo-de-secretario-en-zincaman-con-la-presidencia-de-antonio-fernandez-pacheco\\\/#breadcrumb\",\"itemListElement\":[{\"@type\":\"ListItem\",\"position\":1,\"name\":\"Inicio\",\"item\":\"https:\\\/\\\/www.caudete.org\\\/ayuntamiento\\\/\"},{\"@type\":\"ListItem\",\"position\":2,\"name\":\"El Ayuntamiento de Caudete renueva su cargo de Secretario en ZINCAMAN, con la presidencia de Antonio Fern\u00e1ndez-Pacheco\"}]},{\"@type\":\"WebSite\",\"@id\":\"https:\\\/\\\/www.caudete.org\\\/ayuntamiento\\\/#website\",\"url\":\"https:\\\/\\\/www.caudete.org\\\/ayuntamiento\\\/\",\"name\":\"MI Ayuntamiento de Caudete\",\"description\":\"P\u00e1gina Oficial del MI Ayuntamiento de Caudete\",\"publisher\":{\"@id\":\"https:\\\/\\\/www.caudete.org\\\/ayuntamiento\\\/#organization\"},\"potentialAction\":[{\"@type\":\"SearchAction\",\"target\":{\"@type\":\"EntryPoint\",\"urlTemplate\":\"https:\\\/\\\/www.caudete.org\\\/ayuntamiento\\\/?s={search_term_string}\"},\"query-input\":{\"@type\":\"PropertyValueSpecification\",\"valueRequired\":true,\"valueName\":\"search_term_string\"}}],\"inLanguage\":\"es\"},{\"@type\":\"Organization\",\"@id\":\"https:\\\/\\\/www.caudete.org\\\/ayuntamiento\\\/#organization\",\"name\":\"Ayuntamiento de Caudete\",\"url\":\"https:\\\/\\\/www.caudete.org\\\/ayuntamiento\\\/\",\"logo\":{\"@type\":\"ImageObject\",\"inLanguage\":\"es\",\"@id\":\"https:\\\/\\\/www.caudete.org\\\/ayuntamiento\\\/#\\\/schema\\\/logo\\\/image\\\/\",\"url\":\"https:\\\/\\\/www.caudete.org\\\/ayuntamiento\\\/wp-content\\\/uploads\\\/2020\\\/11\\\/logo_ayuntamiento_caudete.jpg\",\"contentUrl\":\"https:\\\/\\\/www.caudete.org\\\/ayuntamiento\\\/wp-content\\\/uploads\\\/2020\\\/11\\\/logo_ayuntamiento_caudete.jpg\",\"width\":600,\"height\":150,\"caption\":\"Ayuntamiento de Caudete\"},\"image\":{\"@id\":\"https:\\\/\\\/www.caudete.org\\\/ayuntamiento\\\/#\\\/schema\\\/logo\\\/image\\\/\"},\"sameAs\":[\"https:\\\/\\\/www.facebook.com\\\/ayuntamientocaudete\\\/\",\"https:\\\/\\\/www.youtube.com\\\/channel\\\/UC6VztHaooNsGpw-tNoBEFnQ\"]},{\"@type\":\"Person\",\"@id\":\"https:\\\/\\\/www.caudete.org\\\/ayuntamiento\\\/#\\\/schema\\\/person\\\/cc646da9133078ee4d8dd47457947253\",\"name\":\"alcalde\",\"image\":{\"@type\":\"ImageObject\",\"inLanguage\":\"es\",\"@id\":\"https:\\\/\\\/secure.gravatar.com\\\/avatar\\\/84a817ba065b29ff08d666b215a215f5c79186a645ccb25b14a663d48a130f77?s=96&d=mm&r=g\",\"url\":\"https:\\\/\\\/secure.gravatar.com\\\/avatar\\\/84a817ba065b29ff08d666b215a215f5c79186a645ccb25b14a663d48a130f77?s=96&d=mm&r=g\",\"contentUrl\":\"https:\\\/\\\/secure.gravatar.com\\\/avatar\\\/84a817ba065b29ff08d666b215a215f5c79186a645ccb25b14a663d48a130f77?s=96&d=mm&r=g\",\"caption\":\"alcalde\"},\"url\":\"https:\\\/\\\/www.caudete.org\\\/ayuntamiento\\\/author\\\/alcalde\\\/\"}]}<\/script>\n<!-- \/ Yoast SEO plugin. -->","yoast_head_json":{"title":"El Ayuntamiento de Caudete renueva su cargo de Secretario en ZINCAMAN, con la presidencia de Antonio Fern\u00e1ndez-Pacheco - MI Ayuntamiento de Caudete","description":"P\u00e1gina Oficial del Ayuntamiento de Caudete (Albacete)","robots":{"index":"index","follow":"follow","max-snippet":"max-snippet:-1","max-image-preview":"max-image-preview:large","max-video-preview":"max-video-preview:-1"},"canonical":"https:\/\/www.caudete.org\/ayuntamiento\/el-ayuntamiento-de-caudete-renueva-su-cargo-de-secretario-en-zincaman-con-la-presidencia-de-antonio-fernandez-pacheco\/","og_locale":"es_ES","og_type":"article","og_title":"El Ayuntamiento de Caudete renueva su cargo de Secretario en ZINCAMAN, con la presidencia de Antonio Fern\u00e1ndez-Pacheco - MI Ayuntamiento de Caudete","og_description":"P\u00e1gina Oficial del Ayuntamiento de Caudete (Albacete)","og_url":"https:\/\/www.caudete.org\/ayuntamiento\/el-ayuntamiento-de-caudete-renueva-su-cargo-de-secretario-en-zincaman-con-la-presidencia-de-antonio-fernandez-pacheco\/","og_site_name":"MI Ayuntamiento de Caudete","article_publisher":"https:\/\/www.facebook.com\/ayuntamientocaudete\/","article_published_time":"2025-06-11T06:38:58+00:00","og_image":[{"width":2560,"height":1703,"url":"https:\/\/www.caudete.org\/ayuntamiento\/wp-content\/uploads\/2025\/06\/ZINCAMAN-RECEPCION-scaled.jpg","type":"image\/jpeg"}],"author":"alcalde","twitter_card":"summary_large_image","twitter_misc":{"Escrito por":"alcalde","Tiempo de lectura":"3 minutos"},"schema":{"@context":"https:\/\/schema.org","@graph":[{"@type":"Article","@id":"https:\/\/www.caudete.org\/ayuntamiento\/el-ayuntamiento-de-caudete-renueva-su-cargo-de-secretario-en-zincaman-con-la-presidencia-de-antonio-fernandez-pacheco\/#article","isPartOf":{"@id":"https:\/\/www.caudete.org\/ayuntamiento\/el-ayuntamiento-de-caudete-renueva-su-cargo-de-secretario-en-zincaman-con-la-presidencia-de-antonio-fernandez-pacheco\/"},"author":{"name":"alcalde","@id":"https:\/\/www.caudete.org\/ayuntamiento\/#\/schema\/person\/cc646da9133078ee4d8dd47457947253"},"headline":"El Ayuntamiento de Caudete renueva su cargo de Secretario en ZINCAMAN, con la presidencia de Antonio Fern\u00e1ndez-Pacheco","datePublished":"2025-06-11T06:38:58+00:00","mainEntityOfPage":{"@id":"https:\/\/www.caudete.org\/ayuntamiento\/el-ayuntamiento-de-caudete-renueva-su-cargo-de-secretario-en-zincaman-con-la-presidencia-de-antonio-fernandez-pacheco\/"},"wordCount":475,"publisher":{"@id":"https:\/\/www.caudete.org\/ayuntamiento\/#organization"},"image":{"@id":"https:\/\/www.caudete.org\/ayuntamiento\/el-ayuntamiento-de-caudete-renueva-su-cargo-de-secretario-en-zincaman-con-la-presidencia-de-antonio-fernandez-pacheco\/#primaryimage"},"thumbnailUrl":"https:\/\/www.caudete.org\/ayuntamiento\/wp-content\/uploads\/2025\/06\/ZINCAMAN-RECEPCION-scaled.jpg","articleSection":["Promoci\u00f3n y Desarrollo Econ\u00f3mico"],"inLanguage":"es"},{"@type":"WebPage","@id":"https:\/\/www.caudete.org\/ayuntamiento\/el-ayuntamiento-de-caudete-renueva-su-cargo-de-secretario-en-zincaman-con-la-presidencia-de-antonio-fernandez-pacheco\/","url":"https:\/\/www.caudete.org\/ayuntamiento\/el-ayuntamiento-de-caudete-renueva-su-cargo-de-secretario-en-zincaman-con-la-presidencia-de-antonio-fernandez-pacheco\/","name":"El Ayuntamiento de Caudete renueva su cargo de Secretario en ZINCAMAN, con la presidencia de Antonio Fern\u00e1ndez-Pacheco - MI Ayuntamiento de Caudete","isPartOf":{"@id":"https:\/\/www.caudete.org\/ayuntamiento\/#website"},"primaryImageOfPage":{"@id":"https:\/\/www.caudete.org\/ayuntamiento\/el-ayuntamiento-de-caudete-renueva-su-cargo-de-secretario-en-zincaman-con-la-presidencia-de-antonio-fernandez-pacheco\/#primaryimage"},"image":{"@id":"https:\/\/www.caudete.org\/ayuntamiento\/el-ayuntamiento-de-caudete-renueva-su-cargo-de-secretario-en-zincaman-con-la-presidencia-de-antonio-fernandez-pacheco\/#primaryimage"},"thumbnailUrl":"https:\/\/www.caudete.org\/ayuntamiento\/wp-content\/uploads\/2025\/06\/ZINCAMAN-RECEPCION-scaled.jpg","datePublished":"2025-06-11T06:38:58+00:00","description":"P\u00e1gina Oficial del Ayuntamiento de Caudete (Albacete)","breadcrumb":{"@id":"https:\/\/www.caudete.org\/ayuntamiento\/el-ayuntamiento-de-caudete-renueva-su-cargo-de-secretario-en-zincaman-con-la-presidencia-de-antonio-fernandez-pacheco\/#breadcrumb"},"inLanguage":"es","potentialAction":[{"@type":"ReadAction","target":["https:\/\/www.caudete.org\/ayuntamiento\/el-ayuntamiento-de-caudete-renueva-su-cargo-de-secretario-en-zincaman-con-la-presidencia-de-antonio-fernandez-pacheco\/"]}]},{"@type":"ImageObject","inLanguage":"es","@id":"https:\/\/www.caudete.org\/ayuntamiento\/el-ayuntamiento-de-caudete-renueva-su-cargo-de-secretario-en-zincaman-con-la-presidencia-de-antonio-fernandez-pacheco\/#primaryimage","url":"https:\/\/www.caudete.org\/ayuntamiento\/wp-content\/uploads\/2025\/06\/ZINCAMAN-RECEPCION-scaled.jpg","contentUrl":"https:\/\/www.caudete.org\/ayuntamiento\/wp-content\/uploads\/2025\/06\/ZINCAMAN-RECEPCION-scaled.jpg","width":2560,"height":1703},{"@type":"BreadcrumbList","@id":"https:\/\/www.caudete.org\/ayuntamiento\/el-ayuntamiento-de-caudete-renueva-su-cargo-de-secretario-en-zincaman-con-la-presidencia-de-antonio-fernandez-pacheco\/#breadcrumb","itemListElement":[{"@type":"ListItem","position":1,"name":"Inicio","item":"https:\/\/www.caudete.org\/ayuntamiento\/"},{"@type":"ListItem","position":2,"name":"El Ayuntamiento de Caudete renueva su cargo de Secretario en ZINCAMAN, con la presidencia de Antonio Fern\u00e1ndez-Pacheco"}]},{"@type":"WebSite","@id":"https:\/\/www.caudete.org\/ayuntamiento\/#website","url":"https:\/\/www.caudete.org\/ayuntamiento\/","name":"MI Ayuntamiento de Caudete","description":"P\u00e1gina Oficial del MI Ayuntamiento de Caudete","publisher":{"@id":"https:\/\/www.caudete.org\/ayuntamiento\/#organization"},"potentialAction":[{"@type":"SearchAction","target":{"@type":"EntryPoint","urlTemplate":"https:\/\/www.caudete.org\/ayuntamiento\/?s={search_term_string}"},"query-input":{"@type":"PropertyValueSpecification","valueRequired":true,"valueName":"search_term_string"}}],"inLanguage":"es"},{"@type":"Organization","@id":"https:\/\/www.caudete.org\/ayuntamiento\/#organization","name":"Ayuntamiento de Caudete","url":"https:\/\/www.caudete.org\/ayuntamiento\/","logo":{"@type":"ImageObject","inLanguage":"es","@id":"https:\/\/www.caudete.org\/ayuntamiento\/#\/schema\/logo\/image\/","url":"https:\/\/www.caudete.org\/ayuntamiento\/wp-content\/uploads\/2020\/11\/logo_ayuntamiento_caudete.jpg","contentUrl":"https:\/\/www.caudete.org\/ayuntamiento\/wp-content\/uploads\/2020\/11\/logo_ayuntamiento_caudete.jpg","width":600,"height":150,"caption":"Ayuntamiento de Caudete"},"image":{"@id":"https:\/\/www.caudete.org\/ayuntamiento\/#\/schema\/logo\/image\/"},"sameAs":["https:\/\/www.facebook.com\/ayuntamientocaudete\/","https:\/\/www.youtube.com\/channel\/UC6VztHaooNsGpw-tNoBEFnQ"]},{"@type":"Person","@id":"https:\/\/www.caudete.org\/ayuntamiento\/#\/schema\/person\/cc646da9133078ee4d8dd47457947253","name":"alcalde","image":{"@type":"ImageObject","inLanguage":"es","@id":"https:\/\/secure.gravatar.com\/avatar\/84a817ba065b29ff08d666b215a215f5c79186a645ccb25b14a663d48a130f77?s=96&d=mm&r=g","url":"https:\/\/secure.gravatar.com\/avatar\/84a817ba065b29ff08d666b215a215f5c79186a645ccb25b14a663d48a130f77?s=96&d=mm&r=g","contentUrl":"https:\/\/secure.gravatar.com\/avatar\/84a817ba065b29ff08d666b215a215f5c79186a645ccb25b14a663d48a130f77?s=96&d=mm&r=g","caption":"alcalde"},"url":"https:\/\/www.caudete.org\/ayuntamiento\/author\/alcalde\/"}]}},"_links":{"self":[{"href":"https:\/\/www.caudete.org\/ayuntamiento\/wp-json\/wp\/v2\/posts\/29085","targetHints":{"allow":["GET"]}}],"collection":[{"href":"https:\/\/www.caudete.org\/ayuntamiento\/wp-json\/wp\/v2\/posts"}],"about":[{"href":"https:\/\/www.caudete.org\/ayuntamiento\/wp-json\/wp\/v2\/types\/post"}],"author":[{"embeddable":true,"href":"https:\/\/www.caudete.org\/ayuntamiento\/wp-json\/wp\/v2\/users\/3"}],"replies":[{"embeddable":true,"href":"https:\/\/www.caudete.org\/ayuntamiento\/wp-json\/wp\/v2\/comments?post=29085"}],"version-history":[{"count":1,"href":"https:\/\/www.caudete.org\/ayuntamiento\/wp-json\/wp\/v2\/posts\/29085\/revisions"}],"predecessor-version":[{"id":29090,"href":"https:\/\/www.caudete.org\/ayuntamiento\/wp-json\/wp\/v2\/posts\/29085\/revisions\/29090"}],"wp:featuredmedia":[{"embeddable":true,"href":"https:\/\/www.caudete.org\/ayuntamiento\/wp-json\/wp\/v2\/media\/29086"}],"wp:attachment":[{"href":"https:\/\/www.caudete.org\/ayuntamiento\/wp-json\/wp\/v2\/media?parent=29085"}],"wp:term":[{"taxonomy":"category","embeddable":true,"href":"https:\/\/www.caudete.org\/ayuntamiento\/wp-json\/wp\/v2\/categories?post=29085"},{"taxonomy":"post_tag","embeddable":true,"href":"https:\/\/www.caudete.org\/ayuntamiento\/wp-json\/wp\/v2\/tags?post=29085"}],"curies":[{"name":"wp","href":"https:\/\/api.w.org\/{rel}","templated":true}]}}