{"id":29091,"date":"2025-06-13T08:00:11","date_gmt":"2025-06-13T06:00:11","guid":{"rendered":"https:\/\/www.caudete.org\/ayuntamiento\/?p=29091"},"modified":"2025-06-13T15:03:09","modified_gmt":"2025-06-13T13:03:09","slug":"la-caudetana-maria-gracia-saez-convocada-por-la-seleccion-de-castilla-la-mancha-de-baloncesto-3x3","status":"publish","type":"post","link":"https:\/\/www.caudete.org\/ayuntamiento\/la-caudetana-maria-gracia-saez-convocada-por-la-seleccion-de-castilla-la-mancha-de-baloncesto-3x3\/","title":{"rendered":"M\u00aa Graci\u00e1 S\u00e1ez, convocada por la Selecci\u00f3n de Castilla-La Mancha de Baloncesto 3&#215;3"},"content":{"rendered":"<p style=\"text-align: justify;\">La Concejal de Deportes, Pilar Egea, tiene el placer de anunciar que una de las talentosas alumnas de las Escuelas Deportivas Municipales (EDM) de baloncesto, Mar\u00eda Graci\u00e1 S\u00e1ez, ha sido seleccionada para formar parte de la selecci\u00f3n de Castilla-La Mancha de baloncesto 3&#215;3. Mar\u00eda representar\u00e1 a nuestra comunidad en el Campeonato de Espa\u00f1a, que se celebrar\u00e1 en Melilla los d\u00edas 21 y 22 de junio.<\/p>\n<p style=\"text-align: justify;\">Esta es la segunda vez que Mar\u00eda recibe esta distinci\u00f3n, habiendo sido seleccionada tambi\u00e9n hace dos a\u00f1os, lo que demuestra su constante crecimiento y compromiso con el deporte.<br \/>\nActualmente, Mar\u00eda juega en el equipo cadete masculino de las EDM de Caudete. A pesar de la diferencia de g\u00e9nero, se ha consolidado como una de las m\u00e1ximas anotadoras del equipo. Su habilidad para penetrar a canasta y su excelente tiro de tres puntos, sumado a su gran ritmo de juego, la convierten en una jugadora incre\u00edblemente vers\u00e1til y dif\u00edcil de defender.<\/p>\n<p style=\"text-align: justify;\">Desde las Escuelas Deportivas Municipales de Caudete, queremos felicitar a Mar\u00eda por este logro tan significativo. Es un justo reconocimiento a su esfuerzo, talento y perseverancia. Le deseamos much\u00edsima suerte en el Campeonato de Espa\u00f1a y estamos seguros de que disfrutar\u00e1 al m\u00e1ximo esta fant\u00e1stica experiencia.<br \/>\n\u00a1Todo Caudete est\u00e1 contigo, Mar\u00eda!<\/p>\n<p><a href=\"https:\/\/www.caudete.org\/ayuntamiento\/wp-content\/uploads\/2025\/06\/MariaGraciaSaez.jpg\" rel='prettyPhoto'><img fetchpriority=\"high\" decoding=\"async\" class=\"alignnone size-full wp-image-29092\" src=\"https:\/\/www.caudete.org\/ayuntamiento\/wp-content\/uploads\/2025\/06\/MariaGraciaSaez.jpg\" alt=\"\" width=\"754\" height=\"1000\" srcset=\"https:\/\/www.caudete.org\/ayuntamiento\/wp-content\/uploads\/2025\/06\/MariaGraciaSaez.jpg 754w, https:\/\/www.caudete.org\/ayuntamiento\/wp-content\/uploads\/2025\/06\/MariaGraciaSaez-302x400.jpg 302w, https:\/\/www.caudete.org\/ayuntamiento\/wp-content\/uploads\/2025\/06\/MariaGraciaSaez-603x800.jpg 603w\" sizes=\"(max-width: 754px) 100vw, 754px\" \/><\/a><\/p>\n","protected":false},"excerpt":{"rendered":"<p>La Concejal de Deportes, Pilar Egea, tiene el placer de anunciar que una de las talentosas alumnas de las Escuelas Deportivas Municipales (EDM) de baloncesto, Mar\u00eda Graci\u00e1 S\u00e1ez, ha sido seleccionada para formar parte de la selecci\u00f3n de Castilla-La Mancha de baloncesto 3&#215;3. Mar\u00eda representar\u00e1 a nuestra comunidad en el Campeonato de Espa\u00f1a, que se &hellip;<\/p>\n","protected":false},"author":5,"featured_media":29096,"comment_status":"closed","ping_status":"open","sticky":false,"template":"","format":"standard","meta":{"ngg_post_thumbnail":0,"footnotes":""},"categories":[23],"tags":[],"class_list":["post-29091","post","type-post","status-publish","format-standard","has-post-thumbnail","hentry","category-deportes"],"yoast_head":"<!-- This site is optimized with the Yoast SEO plugin v27.5 - https:\/\/yoast.com\/product\/yoast-seo-wordpress\/ -->\n<title>M\u00aa Graci\u00e1 S\u00e1ez, convocada por la Selecci\u00f3n de Castilla-La Mancha de Baloncesto 3x3 - MI Ayuntamiento de Caudete<\/title>\n<meta name=\"description\" content=\"P\u00e1gina Oficial del Ayuntamiento de Caudete (Albacete)\" \/>\n<meta name=\"robots\" content=\"index, follow, max-snippet:-1, max-image-preview:large, max-video-preview:-1\" \/>\n<link rel=\"canonical\" href=\"https:\/\/www.caudete.org\/ayuntamiento\/la-caudetana-maria-gracia-saez-convocada-por-la-seleccion-de-castilla-la-mancha-de-baloncesto-3x3\/\" \/>\n<meta property=\"og:locale\" content=\"es_ES\" \/>\n<meta property=\"og:type\" content=\"article\" \/>\n<meta property=\"og:title\" content=\"M\u00aa Graci\u00e1 S\u00e1ez, convocada por la Selecci\u00f3n de Castilla-La Mancha de Baloncesto 3x3 - MI Ayuntamiento de Caudete\" \/>\n<meta property=\"og:description\" content=\"P\u00e1gina Oficial del Ayuntamiento de Caudete (Albacete)\" \/>\n<meta property=\"og:url\" content=\"https:\/\/www.caudete.org\/ayuntamiento\/la-caudetana-maria-gracia-saez-convocada-por-la-seleccion-de-castilla-la-mancha-de-baloncesto-3x3\/\" \/>\n<meta property=\"og:site_name\" content=\"MI Ayuntamiento de Caudete\" \/>\n<meta property=\"article:publisher\" content=\"https:\/\/www.facebook.com\/ayuntamientocaudete\/\" \/>\n<meta property=\"article:published_time\" content=\"2025-06-13T06:00:11+00:00\" \/>\n<meta property=\"article:modified_time\" content=\"2025-06-13T13:03:09+00:00\" \/>\n<meta property=\"og:image\" content=\"https:\/\/www.caudete.org\/ayuntamiento\/wp-content\/uploads\/2025\/06\/MariaGraciaSaez-port.jpg\" \/>\n\t<meta property=\"og:image:width\" content=\"751\" \/>\n\t<meta property=\"og:image:height\" content=\"394\" \/>\n\t<meta property=\"og:image:type\" content=\"image\/jpeg\" \/>\n<meta name=\"author\" content=\"Dpto Informatica MI Ayuntamiento de Caudete\" \/>\n<meta name=\"twitter:card\" content=\"summary_large_image\" \/>\n<meta name=\"twitter:label1\" content=\"Escrito por\" \/>\n\t<meta name=\"twitter:data1\" content=\"Dpto Informatica MI Ayuntamiento de Caudete\" \/>\n\t<meta name=\"twitter:label2\" content=\"Tiempo de lectura\" \/>\n\t<meta name=\"twitter:data2\" content=\"2 minutos\" \/>\n<script type=\"application\/ld+json\" class=\"yoast-schema-graph\">{\"@context\":\"https:\\\/\\\/schema.org\",\"@graph\":[{\"@type\":\"Article\",\"@id\":\"https:\\\/\\\/www.caudete.org\\\/ayuntamiento\\\/la-caudetana-maria-gracia-saez-convocada-por-la-seleccion-de-castilla-la-mancha-de-baloncesto-3x3\\\/#article\",\"isPartOf\":{\"@id\":\"https:\\\/\\\/www.caudete.org\\\/ayuntamiento\\\/la-caudetana-maria-gracia-saez-convocada-por-la-seleccion-de-castilla-la-mancha-de-baloncesto-3x3\\\/\"},\"author\":{\"name\":\"Dpto Informatica MI Ayuntamiento de Caudete\",\"@id\":\"https:\\\/\\\/www.caudete.org\\\/ayuntamiento\\\/#\\\/schema\\\/person\\\/4b9eab41761957db9b1bf9c418d1ef46\"},\"headline\":\"M\u00aa Graci\u00e1 S\u00e1ez, convocada por la Selecci\u00f3n de Castilla-La Mancha de Baloncesto 3&#215;3\",\"datePublished\":\"2025-06-13T06:00:11+00:00\",\"dateModified\":\"2025-06-13T13:03:09+00:00\",\"mainEntityOfPage\":{\"@id\":\"https:\\\/\\\/www.caudete.org\\\/ayuntamiento\\\/la-caudetana-maria-gracia-saez-convocada-por-la-seleccion-de-castilla-la-mancha-de-baloncesto-3x3\\\/\"},\"wordCount\":241,\"image\":{\"@id\":\"https:\\\/\\\/www.caudete.org\\\/ayuntamiento\\\/la-caudetana-maria-gracia-saez-convocada-por-la-seleccion-de-castilla-la-mancha-de-baloncesto-3x3\\\/#primaryimage\"},\"thumbnailUrl\":\"https:\\\/\\\/www.caudete.org\\\/ayuntamiento\\\/wp-content\\\/uploads\\\/2025\\\/06\\\/MariaGraciaSaez-port.jpg\",\"articleSection\":[\"Deportes\"],\"inLanguage\":\"es\"},{\"@type\":\"WebPage\",\"@id\":\"https:\\\/\\\/www.caudete.org\\\/ayuntamiento\\\/la-caudetana-maria-gracia-saez-convocada-por-la-seleccion-de-castilla-la-mancha-de-baloncesto-3x3\\\/\",\"url\":\"https:\\\/\\\/www.caudete.org\\\/ayuntamiento\\\/la-caudetana-maria-gracia-saez-convocada-por-la-seleccion-de-castilla-la-mancha-de-baloncesto-3x3\\\/\",\"name\":\"M\u00aa Graci\u00e1 S\u00e1ez, convocada por la Selecci\u00f3n de Castilla-La Mancha de Baloncesto 3x3 - MI Ayuntamiento de Caudete\",\"isPartOf\":{\"@id\":\"https:\\\/\\\/www.caudete.org\\\/ayuntamiento\\\/#website\"},\"primaryImageOfPage\":{\"@id\":\"https:\\\/\\\/www.caudete.org\\\/ayuntamiento\\\/la-caudetana-maria-gracia-saez-convocada-por-la-seleccion-de-castilla-la-mancha-de-baloncesto-3x3\\\/#primaryimage\"},\"image\":{\"@id\":\"https:\\\/\\\/www.caudete.org\\\/ayuntamiento\\\/la-caudetana-maria-gracia-saez-convocada-por-la-seleccion-de-castilla-la-mancha-de-baloncesto-3x3\\\/#primaryimage\"},\"thumbnailUrl\":\"https:\\\/\\\/www.caudete.org\\\/ayuntamiento\\\/wp-content\\\/uploads\\\/2025\\\/06\\\/MariaGraciaSaez-port.jpg\",\"datePublished\":\"2025-06-13T06:00:11+00:00\",\"dateModified\":\"2025-06-13T13:03:09+00:00\",\"author\":{\"@id\":\"https:\\\/\\\/www.caudete.org\\\/ayuntamiento\\\/#\\\/schema\\\/person\\\/4b9eab41761957db9b1bf9c418d1ef46\"},\"description\":\"P\u00e1gina Oficial del Ayuntamiento de Caudete (Albacete)\",\"breadcrumb\":{\"@id\":\"https:\\\/\\\/www.caudete.org\\\/ayuntamiento\\\/la-caudetana-maria-gracia-saez-convocada-por-la-seleccion-de-castilla-la-mancha-de-baloncesto-3x3\\\/#breadcrumb\"},\"inLanguage\":\"es\",\"potentialAction\":[{\"@type\":\"ReadAction\",\"target\":[\"https:\\\/\\\/www.caudete.org\\\/ayuntamiento\\\/la-caudetana-maria-gracia-saez-convocada-por-la-seleccion-de-castilla-la-mancha-de-baloncesto-3x3\\\/\"]}]},{\"@type\":\"ImageObject\",\"inLanguage\":\"es\",\"@id\":\"https:\\\/\\\/www.caudete.org\\\/ayuntamiento\\\/la-caudetana-maria-gracia-saez-convocada-por-la-seleccion-de-castilla-la-mancha-de-baloncesto-3x3\\\/#primaryimage\",\"url\":\"https:\\\/\\\/www.caudete.org\\\/ayuntamiento\\\/wp-content\\\/uploads\\\/2025\\\/06\\\/MariaGraciaSaez-port.jpg\",\"contentUrl\":\"https:\\\/\\\/www.caudete.org\\\/ayuntamiento\\\/wp-content\\\/uploads\\\/2025\\\/06\\\/MariaGraciaSaez-port.jpg\",\"width\":751,\"height\":394},{\"@type\":\"BreadcrumbList\",\"@id\":\"https:\\\/\\\/www.caudete.org\\\/ayuntamiento\\\/la-caudetana-maria-gracia-saez-convocada-por-la-seleccion-de-castilla-la-mancha-de-baloncesto-3x3\\\/#breadcrumb\",\"itemListElement\":[{\"@type\":\"ListItem\",\"position\":1,\"name\":\"Inicio\",\"item\":\"https:\\\/\\\/www.caudete.org\\\/ayuntamiento\\\/\"},{\"@type\":\"ListItem\",\"position\":2,\"name\":\"M\u00aa Graci\u00e1 S\u00e1ez, convocada por la Selecci\u00f3n de Castilla-La Mancha de Baloncesto 3&#215;3\"}]},{\"@type\":\"WebSite\",\"@id\":\"https:\\\/\\\/www.caudete.org\\\/ayuntamiento\\\/#website\",\"url\":\"https:\\\/\\\/www.caudete.org\\\/ayuntamiento\\\/\",\"name\":\"MI Ayuntamiento de Caudete\",\"description\":\"P\u00e1gina Oficial del MI Ayuntamiento de Caudete\",\"potentialAction\":[{\"@type\":\"SearchAction\",\"target\":{\"@type\":\"EntryPoint\",\"urlTemplate\":\"https:\\\/\\\/www.caudete.org\\\/ayuntamiento\\\/?s={search_term_string}\"},\"query-input\":{\"@type\":\"PropertyValueSpecification\",\"valueRequired\":true,\"valueName\":\"search_term_string\"}}],\"inLanguage\":\"es\"},{\"@type\":\"Person\",\"@id\":\"https:\\\/\\\/www.caudete.org\\\/ayuntamiento\\\/#\\\/schema\\\/person\\\/4b9eab41761957db9b1bf9c418d1ef46\",\"name\":\"Dpto Informatica MI Ayuntamiento de Caudete\",\"image\":{\"@type\":\"ImageObject\",\"inLanguage\":\"es\",\"@id\":\"https:\\\/\\\/secure.gravatar.com\\\/avatar\\\/ac0321ee4a0a83e82a253e7b2d348ef539e2c8fe16d06b600bde04de1b364fa7?s=96&d=mm&r=g\",\"url\":\"https:\\\/\\\/secure.gravatar.com\\\/avatar\\\/ac0321ee4a0a83e82a253e7b2d348ef539e2c8fe16d06b600bde04de1b364fa7?s=96&d=mm&r=g\",\"contentUrl\":\"https:\\\/\\\/secure.gravatar.com\\\/avatar\\\/ac0321ee4a0a83e82a253e7b2d348ef539e2c8fe16d06b600bde04de1b364fa7?s=96&d=mm&r=g\",\"caption\":\"Dpto Informatica MI Ayuntamiento de Caudete\"},\"url\":\"https:\\\/\\\/www.caudete.org\\\/ayuntamiento\\\/author\\\/informatica\\\/\"}]}<\/script>\n<!-- \/ Yoast SEO plugin. -->","yoast_head_json":{"title":"M\u00aa Graci\u00e1 S\u00e1ez, convocada por la Selecci\u00f3n de Castilla-La Mancha de Baloncesto 3x3 - MI Ayuntamiento de Caudete","description":"P\u00e1gina Oficial del Ayuntamiento de Caudete (Albacete)","robots":{"index":"index","follow":"follow","max-snippet":"max-snippet:-1","max-image-preview":"max-image-preview:large","max-video-preview":"max-video-preview:-1"},"canonical":"https:\/\/www.caudete.org\/ayuntamiento\/la-caudetana-maria-gracia-saez-convocada-por-la-seleccion-de-castilla-la-mancha-de-baloncesto-3x3\/","og_locale":"es_ES","og_type":"article","og_title":"M\u00aa Graci\u00e1 S\u00e1ez, convocada por la Selecci\u00f3n de Castilla-La Mancha de Baloncesto 3x3 - MI Ayuntamiento de Caudete","og_description":"P\u00e1gina Oficial del Ayuntamiento de Caudete (Albacete)","og_url":"https:\/\/www.caudete.org\/ayuntamiento\/la-caudetana-maria-gracia-saez-convocada-por-la-seleccion-de-castilla-la-mancha-de-baloncesto-3x3\/","og_site_name":"MI Ayuntamiento de Caudete","article_publisher":"https:\/\/www.facebook.com\/ayuntamientocaudete\/","article_published_time":"2025-06-13T06:00:11+00:00","article_modified_time":"2025-06-13T13:03:09+00:00","og_image":[{"width":751,"height":394,"url":"https:\/\/www.caudete.org\/ayuntamiento\/wp-content\/uploads\/2025\/06\/MariaGraciaSaez-port.jpg","type":"image\/jpeg"}],"author":"Dpto Informatica MI Ayuntamiento de Caudete","twitter_card":"summary_large_image","twitter_misc":{"Escrito por":"Dpto Informatica MI Ayuntamiento de Caudete","Tiempo de lectura":"2 minutos"},"schema":{"@context":"https:\/\/schema.org","@graph":[{"@type":"Article","@id":"https:\/\/www.caudete.org\/ayuntamiento\/la-caudetana-maria-gracia-saez-convocada-por-la-seleccion-de-castilla-la-mancha-de-baloncesto-3x3\/#article","isPartOf":{"@id":"https:\/\/www.caudete.org\/ayuntamiento\/la-caudetana-maria-gracia-saez-convocada-por-la-seleccion-de-castilla-la-mancha-de-baloncesto-3x3\/"},"author":{"name":"Dpto Informatica MI Ayuntamiento de Caudete","@id":"https:\/\/www.caudete.org\/ayuntamiento\/#\/schema\/person\/4b9eab41761957db9b1bf9c418d1ef46"},"headline":"M\u00aa Graci\u00e1 S\u00e1ez, convocada por la Selecci\u00f3n de Castilla-La Mancha de Baloncesto 3&#215;3","datePublished":"2025-06-13T06:00:11+00:00","dateModified":"2025-06-13T13:03:09+00:00","mainEntityOfPage":{"@id":"https:\/\/www.caudete.org\/ayuntamiento\/la-caudetana-maria-gracia-saez-convocada-por-la-seleccion-de-castilla-la-mancha-de-baloncesto-3x3\/"},"wordCount":241,"image":{"@id":"https:\/\/www.caudete.org\/ayuntamiento\/la-caudetana-maria-gracia-saez-convocada-por-la-seleccion-de-castilla-la-mancha-de-baloncesto-3x3\/#primaryimage"},"thumbnailUrl":"https:\/\/www.caudete.org\/ayuntamiento\/wp-content\/uploads\/2025\/06\/MariaGraciaSaez-port.jpg","articleSection":["Deportes"],"inLanguage":"es"},{"@type":"WebPage","@id":"https:\/\/www.caudete.org\/ayuntamiento\/la-caudetana-maria-gracia-saez-convocada-por-la-seleccion-de-castilla-la-mancha-de-baloncesto-3x3\/","url":"https:\/\/www.caudete.org\/ayuntamiento\/la-caudetana-maria-gracia-saez-convocada-por-la-seleccion-de-castilla-la-mancha-de-baloncesto-3x3\/","name":"M\u00aa Graci\u00e1 S\u00e1ez, convocada por la Selecci\u00f3n de Castilla-La Mancha de Baloncesto 3x3 - MI Ayuntamiento de Caudete","isPartOf":{"@id":"https:\/\/www.caudete.org\/ayuntamiento\/#website"},"primaryImageOfPage":{"@id":"https:\/\/www.caudete.org\/ayuntamiento\/la-caudetana-maria-gracia-saez-convocada-por-la-seleccion-de-castilla-la-mancha-de-baloncesto-3x3\/#primaryimage"},"image":{"@id":"https:\/\/www.caudete.org\/ayuntamiento\/la-caudetana-maria-gracia-saez-convocada-por-la-seleccion-de-castilla-la-mancha-de-baloncesto-3x3\/#primaryimage"},"thumbnailUrl":"https:\/\/www.caudete.org\/ayuntamiento\/wp-content\/uploads\/2025\/06\/MariaGraciaSaez-port.jpg","datePublished":"2025-06-13T06:00:11+00:00","dateModified":"2025-06-13T13:03:09+00:00","author":{"@id":"https:\/\/www.caudete.org\/ayuntamiento\/#\/schema\/person\/4b9eab41761957db9b1bf9c418d1ef46"},"description":"P\u00e1gina Oficial del Ayuntamiento de Caudete (Albacete)","breadcrumb":{"@id":"https:\/\/www.caudete.org\/ayuntamiento\/la-caudetana-maria-gracia-saez-convocada-por-la-seleccion-de-castilla-la-mancha-de-baloncesto-3x3\/#breadcrumb"},"inLanguage":"es","potentialAction":[{"@type":"ReadAction","target":["https:\/\/www.caudete.org\/ayuntamiento\/la-caudetana-maria-gracia-saez-convocada-por-la-seleccion-de-castilla-la-mancha-de-baloncesto-3x3\/"]}]},{"@type":"ImageObject","inLanguage":"es","@id":"https:\/\/www.caudete.org\/ayuntamiento\/la-caudetana-maria-gracia-saez-convocada-por-la-seleccion-de-castilla-la-mancha-de-baloncesto-3x3\/#primaryimage","url":"https:\/\/www.caudete.org\/ayuntamiento\/wp-content\/uploads\/2025\/06\/MariaGraciaSaez-port.jpg","contentUrl":"https:\/\/www.caudete.org\/ayuntamiento\/wp-content\/uploads\/2025\/06\/MariaGraciaSaez-port.jpg","width":751,"height":394},{"@type":"BreadcrumbList","@id":"https:\/\/www.caudete.org\/ayuntamiento\/la-caudetana-maria-gracia-saez-convocada-por-la-seleccion-de-castilla-la-mancha-de-baloncesto-3x3\/#breadcrumb","itemListElement":[{"@type":"ListItem","position":1,"name":"Inicio","item":"https:\/\/www.caudete.org\/ayuntamiento\/"},{"@type":"ListItem","position":2,"name":"M\u00aa Graci\u00e1 S\u00e1ez, convocada por la Selecci\u00f3n de Castilla-La Mancha de Baloncesto 3&#215;3"}]},{"@type":"WebSite","@id":"https:\/\/www.caudete.org\/ayuntamiento\/#website","url":"https:\/\/www.caudete.org\/ayuntamiento\/","name":"MI Ayuntamiento de Caudete","description":"P\u00e1gina Oficial del MI Ayuntamiento de Caudete","potentialAction":[{"@type":"SearchAction","target":{"@type":"EntryPoint","urlTemplate":"https:\/\/www.caudete.org\/ayuntamiento\/?s={search_term_string}"},"query-input":{"@type":"PropertyValueSpecification","valueRequired":true,"valueName":"search_term_string"}}],"inLanguage":"es"},{"@type":"Person","@id":"https:\/\/www.caudete.org\/ayuntamiento\/#\/schema\/person\/4b9eab41761957db9b1bf9c418d1ef46","name":"Dpto Informatica MI Ayuntamiento de Caudete","image":{"@type":"ImageObject","inLanguage":"es","@id":"https:\/\/secure.gravatar.com\/avatar\/ac0321ee4a0a83e82a253e7b2d348ef539e2c8fe16d06b600bde04de1b364fa7?s=96&d=mm&r=g","url":"https:\/\/secure.gravatar.com\/avatar\/ac0321ee4a0a83e82a253e7b2d348ef539e2c8fe16d06b600bde04de1b364fa7?s=96&d=mm&r=g","contentUrl":"https:\/\/secure.gravatar.com\/avatar\/ac0321ee4a0a83e82a253e7b2d348ef539e2c8fe16d06b600bde04de1b364fa7?s=96&d=mm&r=g","caption":"Dpto Informatica MI Ayuntamiento de Caudete"},"url":"https:\/\/www.caudete.org\/ayuntamiento\/author\/informatica\/"}]}},"_links":{"self":[{"href":"https:\/\/www.caudete.org\/ayuntamiento\/wp-json\/wp\/v2\/posts\/29091","targetHints":{"allow":["GET"]}}],"collection":[{"href":"https:\/\/www.caudete.org\/ayuntamiento\/wp-json\/wp\/v2\/posts"}],"about":[{"href":"https:\/\/www.caudete.org\/ayuntamiento\/wp-json\/wp\/v2\/types\/post"}],"author":[{"embeddable":true,"href":"https:\/\/www.caudete.org\/ayuntamiento\/wp-json\/wp\/v2\/users\/5"}],"replies":[{"embeddable":true,"href":"https:\/\/www.caudete.org\/ayuntamiento\/wp-json\/wp\/v2\/comments?post=29091"}],"version-history":[{"count":3,"href":"https:\/\/www.caudete.org\/ayuntamiento\/wp-json\/wp\/v2\/posts\/29091\/revisions"}],"predecessor-version":[{"id":29127,"href":"https:\/\/www.caudete.org\/ayuntamiento\/wp-json\/wp\/v2\/posts\/29091\/revisions\/29127"}],"wp:featuredmedia":[{"embeddable":true,"href":"https:\/\/www.caudete.org\/ayuntamiento\/wp-json\/wp\/v2\/media\/29096"}],"wp:attachment":[{"href":"https:\/\/www.caudete.org\/ayuntamiento\/wp-json\/wp\/v2\/media?parent=29091"}],"wp:term":[{"taxonomy":"category","embeddable":true,"href":"https:\/\/www.caudete.org\/ayuntamiento\/wp-json\/wp\/v2\/categories?post=29091"},{"taxonomy":"post_tag","embeddable":true,"href":"https:\/\/www.caudete.org\/ayuntamiento\/wp-json\/wp\/v2\/tags?post=29091"}],"curies":[{"name":"wp","href":"https:\/\/api.w.org\/{rel}","templated":true}]}}