{"id":29107,"date":"2025-06-12T16:56:20","date_gmt":"2025-06-12T14:56:20","guid":{"rendered":"https:\/\/www.caudete.org\/ayuntamiento\/?p=29107"},"modified":"2025-06-12T16:56:20","modified_gmt":"2025-06-12T14:56:20","slug":"el-ayuntamiento-reconoce-los-4-mejores-expedientes-academicos-de-bachiller-2023-25","status":"publish","type":"post","link":"https:\/\/www.caudete.org\/ayuntamiento\/el-ayuntamiento-reconoce-los-4-mejores-expedientes-academicos-de-bachiller-2023-25\/","title":{"rendered":"El Ayuntamiento reconoce los 4 mejores expedientes acad\u00e9micos de Bachiller 2023-25"},"content":{"rendered":"<p style=\"text-align: justify;\">El pasado viernes, 6 de Junio de 2025 el IES &#8220;Pintor Rafael Requena&#8221; celebraba el solemne Acto de Graduaci\u00f3n del alumnado de 2\u00ba Bachiller, tras haber finalizado con \u00e9xito el curso escolar y haber realizado la PAU.<\/p>\n<p style=\"text-align: justify;\">El acto, desarrollado en el patio del centro educativo, estuvo presidido por el Alcalde Mois\u00e9s L\u00f3pez y la Concejal de Educaci\u00f3n Manoli Gonz\u00e1lez, junto al Director del IES Jos\u00e9 Antonio Alejo, la Jefa de Estudios y la Presidenta del AMPA.<\/p>\n<p style=\"text-align: justify;\">Una vez entregadas las orlas a los graduandos, y realizadas las palabras de agradecimiento hacia sus tutores, los representantes municipales hicieron entrega, como es costumbre de la Cierva de Caudete a los mejores expedientes acad\u00e9micos de la promoci\u00f3n, y que en esta ocasi\u00f3n recayeron en:<\/p>\n<ol>\n<li style=\"list-style-type: none;\">\n<ol>\n<li style=\"text-align: justify;\">\u00d3SCAR MARCO ALBERTOS<\/li>\n<li style=\"text-align: justify;\">AROA ALBERTOS SERRANO<\/li>\n<li style=\"text-align: justify;\">SARA MEDINA MIC\u00d3<\/li>\n<li style=\"text-align: justify;\">CARMEN GRACIA SANJU\u00c1N ALBERO<\/li>\n<\/ol>\n<\/li>\n<\/ol>\n<p><a href=\"https:\/\/www.caudete.org\/ayuntamiento\/wp-content\/uploads\/2025\/06\/WhatsApp-Image-2025-06-12-at-15.33.34-2.jpeg\" rel='prettyPhoto'><img fetchpriority=\"high\" decoding=\"async\" class=\"alignnone wp-image-29110 size-full\" src=\"https:\/\/www.caudete.org\/ayuntamiento\/wp-content\/uploads\/2025\/06\/WhatsApp-Image-2025-06-12-at-15.33.34-2.jpeg\" alt=\"\" width=\"1600\" height=\"1200\" srcset=\"https:\/\/www.caudete.org\/ayuntamiento\/wp-content\/uploads\/2025\/06\/WhatsApp-Image-2025-06-12-at-15.33.34-2.jpeg 1600w, https:\/\/www.caudete.org\/ayuntamiento\/wp-content\/uploads\/2025\/06\/WhatsApp-Image-2025-06-12-at-15.33.34-2-533x400.jpeg 533w, https:\/\/www.caudete.org\/ayuntamiento\/wp-content\/uploads\/2025\/06\/WhatsApp-Image-2025-06-12-at-15.33.34-2-1067x800.jpeg 1067w, https:\/\/www.caudete.org\/ayuntamiento\/wp-content\/uploads\/2025\/06\/WhatsApp-Image-2025-06-12-at-15.33.34-2-768x576.jpeg 768w, https:\/\/www.caudete.org\/ayuntamiento\/wp-content\/uploads\/2025\/06\/WhatsApp-Image-2025-06-12-at-15.33.34-2-1536x1152.jpeg 1536w\" sizes=\"(max-width: 1600px) 100vw, 1600px\" \/><\/a> <a href=\"https:\/\/www.caudete.org\/ayuntamiento\/wp-content\/uploads\/2025\/06\/WhatsApp-Image-2025-06-12-at-15.33.34-1.jpeg\" rel='prettyPhoto'><img decoding=\"async\" class=\"alignnone wp-image-29109 size-full\" src=\"https:\/\/www.caudete.org\/ayuntamiento\/wp-content\/uploads\/2025\/06\/WhatsApp-Image-2025-06-12-at-15.33.34-1.jpeg\" alt=\"\" width=\"1600\" height=\"1200\" srcset=\"https:\/\/www.caudete.org\/ayuntamiento\/wp-content\/uploads\/2025\/06\/WhatsApp-Image-2025-06-12-at-15.33.34-1.jpeg 1600w, https:\/\/www.caudete.org\/ayuntamiento\/wp-content\/uploads\/2025\/06\/WhatsApp-Image-2025-06-12-at-15.33.34-1-533x400.jpeg 533w, https:\/\/www.caudete.org\/ayuntamiento\/wp-content\/uploads\/2025\/06\/WhatsApp-Image-2025-06-12-at-15.33.34-1-1067x800.jpeg 1067w, https:\/\/www.caudete.org\/ayuntamiento\/wp-content\/uploads\/2025\/06\/WhatsApp-Image-2025-06-12-at-15.33.34-1-768x576.jpeg 768w, https:\/\/www.caudete.org\/ayuntamiento\/wp-content\/uploads\/2025\/06\/WhatsApp-Image-2025-06-12-at-15.33.34-1-1536x1152.jpeg 1536w\" sizes=\"(max-width: 1600px) 100vw, 1600px\" \/><\/a> <a href=\"https:\/\/www.caudete.org\/ayuntamiento\/wp-content\/uploads\/2025\/06\/WhatsApp-Image-2025-06-12-at-15.33.34.jpeg\" rel='prettyPhoto'><img decoding=\"async\" class=\"alignnone wp-image-29108 size-full\" src=\"https:\/\/www.caudete.org\/ayuntamiento\/wp-content\/uploads\/2025\/06\/WhatsApp-Image-2025-06-12-at-15.33.34.jpeg\" alt=\"\" width=\"2040\" height=\"1530\" srcset=\"https:\/\/www.caudete.org\/ayuntamiento\/wp-content\/uploads\/2025\/06\/WhatsApp-Image-2025-06-12-at-15.33.34.jpeg 2040w, https:\/\/www.caudete.org\/ayuntamiento\/wp-content\/uploads\/2025\/06\/WhatsApp-Image-2025-06-12-at-15.33.34-533x400.jpeg 533w, https:\/\/www.caudete.org\/ayuntamiento\/wp-content\/uploads\/2025\/06\/WhatsApp-Image-2025-06-12-at-15.33.34-1067x800.jpeg 1067w, https:\/\/www.caudete.org\/ayuntamiento\/wp-content\/uploads\/2025\/06\/WhatsApp-Image-2025-06-12-at-15.33.34-768x576.jpeg 768w, https:\/\/www.caudete.org\/ayuntamiento\/wp-content\/uploads\/2025\/06\/WhatsApp-Image-2025-06-12-at-15.33.34-1536x1152.jpeg 1536w\" sizes=\"(max-width: 2040px) 100vw, 2040px\" \/><\/a><\/p>\n","protected":false},"excerpt":{"rendered":"<p>El pasado viernes, 6 de Junio de 2025 el IES &#8220;Pintor Rafael Requena&#8221; celebraba el solemne Acto de Graduaci\u00f3n del alumnado de 2\u00ba Bachiller, tras haber finalizado con \u00e9xito el curso escolar y haber realizado la PAU. El acto, desarrollado en el patio del centro educativo, estuvo presidido por el Alcalde Mois\u00e9s L\u00f3pez y la &hellip;<\/p>\n","protected":false},"author":3,"featured_media":29108,"comment_status":"closed","ping_status":"open","sticky":false,"template":"","format":"standard","meta":{"ngg_post_thumbnail":0,"footnotes":""},"categories":[25],"tags":[],"class_list":["post-29107","post","type-post","status-publish","format-standard","has-post-thumbnail","hentry","category-educacion"],"yoast_head":"<!-- This site is optimized with the Yoast SEO plugin v27.4 - https:\/\/yoast.com\/product\/yoast-seo-wordpress\/ -->\n<title>El Ayuntamiento reconoce los 4 mejores expedientes acad\u00e9micos de Bachiller 2023-25 - MI Ayuntamiento de Caudete<\/title>\n<meta name=\"description\" content=\"P\u00e1gina Oficial del Ayuntamiento de Caudete (Albacete)\" \/>\n<meta name=\"robots\" content=\"index, follow, max-snippet:-1, max-image-preview:large, max-video-preview:-1\" \/>\n<link rel=\"canonical\" href=\"https:\/\/www.caudete.org\/ayuntamiento\/el-ayuntamiento-reconoce-los-4-mejores-expedientes-academicos-de-bachiller-2023-25\/\" \/>\n<meta property=\"og:locale\" content=\"es_ES\" \/>\n<meta property=\"og:type\" content=\"article\" \/>\n<meta property=\"og:title\" content=\"El Ayuntamiento reconoce los 4 mejores expedientes acad\u00e9micos de Bachiller 2023-25 - MI Ayuntamiento de Caudete\" \/>\n<meta property=\"og:description\" content=\"P\u00e1gina Oficial del Ayuntamiento de Caudete (Albacete)\" \/>\n<meta property=\"og:url\" content=\"https:\/\/www.caudete.org\/ayuntamiento\/el-ayuntamiento-reconoce-los-4-mejores-expedientes-academicos-de-bachiller-2023-25\/\" \/>\n<meta property=\"og:site_name\" content=\"MI Ayuntamiento de Caudete\" \/>\n<meta property=\"article:publisher\" content=\"https:\/\/www.facebook.com\/ayuntamientocaudete\/\" \/>\n<meta property=\"article:published_time\" content=\"2025-06-12T14:56:20+00:00\" \/>\n<meta property=\"og:image\" content=\"https:\/\/www.caudete.org\/ayuntamiento\/wp-content\/uploads\/2025\/06\/WhatsApp-Image-2025-06-12-at-15.33.34.jpeg\" \/>\n\t<meta property=\"og:image:width\" content=\"2040\" \/>\n\t<meta property=\"og:image:height\" content=\"1530\" \/>\n\t<meta property=\"og:image:type\" content=\"image\/jpeg\" \/>\n<meta name=\"author\" content=\"alcalde\" \/>\n<meta name=\"twitter:card\" content=\"summary_large_image\" \/>\n<meta name=\"twitter:label1\" content=\"Escrito por\" \/>\n\t<meta name=\"twitter:data1\" content=\"alcalde\" \/>\n\t<meta name=\"twitter:label2\" content=\"Tiempo de lectura\" \/>\n\t<meta name=\"twitter:data2\" content=\"2 minutos\" \/>\n<script type=\"application\/ld+json\" class=\"yoast-schema-graph\">{\"@context\":\"https:\\\/\\\/schema.org\",\"@graph\":[{\"@type\":\"Article\",\"@id\":\"https:\\\/\\\/www.caudete.org\\\/ayuntamiento\\\/el-ayuntamiento-reconoce-los-4-mejores-expedientes-academicos-de-bachiller-2023-25\\\/#article\",\"isPartOf\":{\"@id\":\"https:\\\/\\\/www.caudete.org\\\/ayuntamiento\\\/el-ayuntamiento-reconoce-los-4-mejores-expedientes-academicos-de-bachiller-2023-25\\\/\"},\"author\":{\"name\":\"alcalde\",\"@id\":\"https:\\\/\\\/www.caudete.org\\\/ayuntamiento\\\/#\\\/schema\\\/person\\\/cc646da9133078ee4d8dd47457947253\"},\"headline\":\"El Ayuntamiento reconoce los 4 mejores expedientes acad\u00e9micos de Bachiller 2023-25\",\"datePublished\":\"2025-06-12T14:56:20+00:00\",\"mainEntityOfPage\":{\"@id\":\"https:\\\/\\\/www.caudete.org\\\/ayuntamiento\\\/el-ayuntamiento-reconoce-los-4-mejores-expedientes-academicos-de-bachiller-2023-25\\\/\"},\"wordCount\":152,\"publisher\":{\"@id\":\"https:\\\/\\\/www.caudete.org\\\/ayuntamiento\\\/#organization\"},\"image\":{\"@id\":\"https:\\\/\\\/www.caudete.org\\\/ayuntamiento\\\/el-ayuntamiento-reconoce-los-4-mejores-expedientes-academicos-de-bachiller-2023-25\\\/#primaryimage\"},\"thumbnailUrl\":\"https:\\\/\\\/www.caudete.org\\\/ayuntamiento\\\/wp-content\\\/uploads\\\/2025\\\/06\\\/WhatsApp-Image-2025-06-12-at-15.33.34.jpeg\",\"articleSection\":[\"Educaci\u00f3n\"],\"inLanguage\":\"es\"},{\"@type\":\"WebPage\",\"@id\":\"https:\\\/\\\/www.caudete.org\\\/ayuntamiento\\\/el-ayuntamiento-reconoce-los-4-mejores-expedientes-academicos-de-bachiller-2023-25\\\/\",\"url\":\"https:\\\/\\\/www.caudete.org\\\/ayuntamiento\\\/el-ayuntamiento-reconoce-los-4-mejores-expedientes-academicos-de-bachiller-2023-25\\\/\",\"name\":\"El Ayuntamiento reconoce los 4 mejores expedientes acad\u00e9micos de Bachiller 2023-25 - MI Ayuntamiento de Caudete\",\"isPartOf\":{\"@id\":\"https:\\\/\\\/www.caudete.org\\\/ayuntamiento\\\/#website\"},\"primaryImageOfPage\":{\"@id\":\"https:\\\/\\\/www.caudete.org\\\/ayuntamiento\\\/el-ayuntamiento-reconoce-los-4-mejores-expedientes-academicos-de-bachiller-2023-25\\\/#primaryimage\"},\"image\":{\"@id\":\"https:\\\/\\\/www.caudete.org\\\/ayuntamiento\\\/el-ayuntamiento-reconoce-los-4-mejores-expedientes-academicos-de-bachiller-2023-25\\\/#primaryimage\"},\"thumbnailUrl\":\"https:\\\/\\\/www.caudete.org\\\/ayuntamiento\\\/wp-content\\\/uploads\\\/2025\\\/06\\\/WhatsApp-Image-2025-06-12-at-15.33.34.jpeg\",\"datePublished\":\"2025-06-12T14:56:20+00:00\",\"description\":\"P\u00e1gina Oficial del Ayuntamiento de Caudete (Albacete)\",\"breadcrumb\":{\"@id\":\"https:\\\/\\\/www.caudete.org\\\/ayuntamiento\\\/el-ayuntamiento-reconoce-los-4-mejores-expedientes-academicos-de-bachiller-2023-25\\\/#breadcrumb\"},\"inLanguage\":\"es\",\"potentialAction\":[{\"@type\":\"ReadAction\",\"target\":[\"https:\\\/\\\/www.caudete.org\\\/ayuntamiento\\\/el-ayuntamiento-reconoce-los-4-mejores-expedientes-academicos-de-bachiller-2023-25\\\/\"]}]},{\"@type\":\"ImageObject\",\"inLanguage\":\"es\",\"@id\":\"https:\\\/\\\/www.caudete.org\\\/ayuntamiento\\\/el-ayuntamiento-reconoce-los-4-mejores-expedientes-academicos-de-bachiller-2023-25\\\/#primaryimage\",\"url\":\"https:\\\/\\\/www.caudete.org\\\/ayuntamiento\\\/wp-content\\\/uploads\\\/2025\\\/06\\\/WhatsApp-Image-2025-06-12-at-15.33.34.jpeg\",\"contentUrl\":\"https:\\\/\\\/www.caudete.org\\\/ayuntamiento\\\/wp-content\\\/uploads\\\/2025\\\/06\\\/WhatsApp-Image-2025-06-12-at-15.33.34.jpeg\",\"width\":2040,\"height\":1530},{\"@type\":\"BreadcrumbList\",\"@id\":\"https:\\\/\\\/www.caudete.org\\\/ayuntamiento\\\/el-ayuntamiento-reconoce-los-4-mejores-expedientes-academicos-de-bachiller-2023-25\\\/#breadcrumb\",\"itemListElement\":[{\"@type\":\"ListItem\",\"position\":1,\"name\":\"Inicio\",\"item\":\"https:\\\/\\\/www.caudete.org\\\/ayuntamiento\\\/\"},{\"@type\":\"ListItem\",\"position\":2,\"name\":\"El Ayuntamiento reconoce los 4 mejores expedientes acad\u00e9micos de Bachiller 2023-25\"}]},{\"@type\":\"WebSite\",\"@id\":\"https:\\\/\\\/www.caudete.org\\\/ayuntamiento\\\/#website\",\"url\":\"https:\\\/\\\/www.caudete.org\\\/ayuntamiento\\\/\",\"name\":\"MI Ayuntamiento de Caudete\",\"description\":\"P\u00e1gina Oficial del MI Ayuntamiento de Caudete\",\"publisher\":{\"@id\":\"https:\\\/\\\/www.caudete.org\\\/ayuntamiento\\\/#organization\"},\"potentialAction\":[{\"@type\":\"SearchAction\",\"target\":{\"@type\":\"EntryPoint\",\"urlTemplate\":\"https:\\\/\\\/www.caudete.org\\\/ayuntamiento\\\/?s={search_term_string}\"},\"query-input\":{\"@type\":\"PropertyValueSpecification\",\"valueRequired\":true,\"valueName\":\"search_term_string\"}}],\"inLanguage\":\"es\"},{\"@type\":\"Organization\",\"@id\":\"https:\\\/\\\/www.caudete.org\\\/ayuntamiento\\\/#organization\",\"name\":\"Ayuntamiento de Caudete\",\"url\":\"https:\\\/\\\/www.caudete.org\\\/ayuntamiento\\\/\",\"logo\":{\"@type\":\"ImageObject\",\"inLanguage\":\"es\",\"@id\":\"https:\\\/\\\/www.caudete.org\\\/ayuntamiento\\\/#\\\/schema\\\/logo\\\/image\\\/\",\"url\":\"https:\\\/\\\/www.caudete.org\\\/ayuntamiento\\\/wp-content\\\/uploads\\\/2020\\\/11\\\/logo_ayuntamiento_caudete.jpg\",\"contentUrl\":\"https:\\\/\\\/www.caudete.org\\\/ayuntamiento\\\/wp-content\\\/uploads\\\/2020\\\/11\\\/logo_ayuntamiento_caudete.jpg\",\"width\":600,\"height\":150,\"caption\":\"Ayuntamiento de Caudete\"},\"image\":{\"@id\":\"https:\\\/\\\/www.caudete.org\\\/ayuntamiento\\\/#\\\/schema\\\/logo\\\/image\\\/\"},\"sameAs\":[\"https:\\\/\\\/www.facebook.com\\\/ayuntamientocaudete\\\/\",\"https:\\\/\\\/www.youtube.com\\\/channel\\\/UC6VztHaooNsGpw-tNoBEFnQ\"]},{\"@type\":\"Person\",\"@id\":\"https:\\\/\\\/www.caudete.org\\\/ayuntamiento\\\/#\\\/schema\\\/person\\\/cc646da9133078ee4d8dd47457947253\",\"name\":\"alcalde\",\"image\":{\"@type\":\"ImageObject\",\"inLanguage\":\"es\",\"@id\":\"https:\\\/\\\/secure.gravatar.com\\\/avatar\\\/84a817ba065b29ff08d666b215a215f5c79186a645ccb25b14a663d48a130f77?s=96&d=mm&r=g\",\"url\":\"https:\\\/\\\/secure.gravatar.com\\\/avatar\\\/84a817ba065b29ff08d666b215a215f5c79186a645ccb25b14a663d48a130f77?s=96&d=mm&r=g\",\"contentUrl\":\"https:\\\/\\\/secure.gravatar.com\\\/avatar\\\/84a817ba065b29ff08d666b215a215f5c79186a645ccb25b14a663d48a130f77?s=96&d=mm&r=g\",\"caption\":\"alcalde\"},\"url\":\"https:\\\/\\\/www.caudete.org\\\/ayuntamiento\\\/author\\\/alcalde\\\/\"}]}<\/script>\n<!-- \/ Yoast SEO plugin. -->","yoast_head_json":{"title":"El Ayuntamiento reconoce los 4 mejores expedientes acad\u00e9micos de Bachiller 2023-25 - MI Ayuntamiento de Caudete","description":"P\u00e1gina Oficial del Ayuntamiento de Caudete (Albacete)","robots":{"index":"index","follow":"follow","max-snippet":"max-snippet:-1","max-image-preview":"max-image-preview:large","max-video-preview":"max-video-preview:-1"},"canonical":"https:\/\/www.caudete.org\/ayuntamiento\/el-ayuntamiento-reconoce-los-4-mejores-expedientes-academicos-de-bachiller-2023-25\/","og_locale":"es_ES","og_type":"article","og_title":"El Ayuntamiento reconoce los 4 mejores expedientes acad\u00e9micos de Bachiller 2023-25 - MI Ayuntamiento de Caudete","og_description":"P\u00e1gina Oficial del Ayuntamiento de Caudete (Albacete)","og_url":"https:\/\/www.caudete.org\/ayuntamiento\/el-ayuntamiento-reconoce-los-4-mejores-expedientes-academicos-de-bachiller-2023-25\/","og_site_name":"MI Ayuntamiento de Caudete","article_publisher":"https:\/\/www.facebook.com\/ayuntamientocaudete\/","article_published_time":"2025-06-12T14:56:20+00:00","og_image":[{"width":2040,"height":1530,"url":"https:\/\/www.caudete.org\/ayuntamiento\/wp-content\/uploads\/2025\/06\/WhatsApp-Image-2025-06-12-at-15.33.34.jpeg","type":"image\/jpeg"}],"author":"alcalde","twitter_card":"summary_large_image","twitter_misc":{"Escrito por":"alcalde","Tiempo de lectura":"2 minutos"},"schema":{"@context":"https:\/\/schema.org","@graph":[{"@type":"Article","@id":"https:\/\/www.caudete.org\/ayuntamiento\/el-ayuntamiento-reconoce-los-4-mejores-expedientes-academicos-de-bachiller-2023-25\/#article","isPartOf":{"@id":"https:\/\/www.caudete.org\/ayuntamiento\/el-ayuntamiento-reconoce-los-4-mejores-expedientes-academicos-de-bachiller-2023-25\/"},"author":{"name":"alcalde","@id":"https:\/\/www.caudete.org\/ayuntamiento\/#\/schema\/person\/cc646da9133078ee4d8dd47457947253"},"headline":"El Ayuntamiento reconoce los 4 mejores expedientes acad\u00e9micos de Bachiller 2023-25","datePublished":"2025-06-12T14:56:20+00:00","mainEntityOfPage":{"@id":"https:\/\/www.caudete.org\/ayuntamiento\/el-ayuntamiento-reconoce-los-4-mejores-expedientes-academicos-de-bachiller-2023-25\/"},"wordCount":152,"publisher":{"@id":"https:\/\/www.caudete.org\/ayuntamiento\/#organization"},"image":{"@id":"https:\/\/www.caudete.org\/ayuntamiento\/el-ayuntamiento-reconoce-los-4-mejores-expedientes-academicos-de-bachiller-2023-25\/#primaryimage"},"thumbnailUrl":"https:\/\/www.caudete.org\/ayuntamiento\/wp-content\/uploads\/2025\/06\/WhatsApp-Image-2025-06-12-at-15.33.34.jpeg","articleSection":["Educaci\u00f3n"],"inLanguage":"es"},{"@type":"WebPage","@id":"https:\/\/www.caudete.org\/ayuntamiento\/el-ayuntamiento-reconoce-los-4-mejores-expedientes-academicos-de-bachiller-2023-25\/","url":"https:\/\/www.caudete.org\/ayuntamiento\/el-ayuntamiento-reconoce-los-4-mejores-expedientes-academicos-de-bachiller-2023-25\/","name":"El Ayuntamiento reconoce los 4 mejores expedientes acad\u00e9micos de Bachiller 2023-25 - MI Ayuntamiento de Caudete","isPartOf":{"@id":"https:\/\/www.caudete.org\/ayuntamiento\/#website"},"primaryImageOfPage":{"@id":"https:\/\/www.caudete.org\/ayuntamiento\/el-ayuntamiento-reconoce-los-4-mejores-expedientes-academicos-de-bachiller-2023-25\/#primaryimage"},"image":{"@id":"https:\/\/www.caudete.org\/ayuntamiento\/el-ayuntamiento-reconoce-los-4-mejores-expedientes-academicos-de-bachiller-2023-25\/#primaryimage"},"thumbnailUrl":"https:\/\/www.caudete.org\/ayuntamiento\/wp-content\/uploads\/2025\/06\/WhatsApp-Image-2025-06-12-at-15.33.34.jpeg","datePublished":"2025-06-12T14:56:20+00:00","description":"P\u00e1gina Oficial del Ayuntamiento de Caudete (Albacete)","breadcrumb":{"@id":"https:\/\/www.caudete.org\/ayuntamiento\/el-ayuntamiento-reconoce-los-4-mejores-expedientes-academicos-de-bachiller-2023-25\/#breadcrumb"},"inLanguage":"es","potentialAction":[{"@type":"ReadAction","target":["https:\/\/www.caudete.org\/ayuntamiento\/el-ayuntamiento-reconoce-los-4-mejores-expedientes-academicos-de-bachiller-2023-25\/"]}]},{"@type":"ImageObject","inLanguage":"es","@id":"https:\/\/www.caudete.org\/ayuntamiento\/el-ayuntamiento-reconoce-los-4-mejores-expedientes-academicos-de-bachiller-2023-25\/#primaryimage","url":"https:\/\/www.caudete.org\/ayuntamiento\/wp-content\/uploads\/2025\/06\/WhatsApp-Image-2025-06-12-at-15.33.34.jpeg","contentUrl":"https:\/\/www.caudete.org\/ayuntamiento\/wp-content\/uploads\/2025\/06\/WhatsApp-Image-2025-06-12-at-15.33.34.jpeg","width":2040,"height":1530},{"@type":"BreadcrumbList","@id":"https:\/\/www.caudete.org\/ayuntamiento\/el-ayuntamiento-reconoce-los-4-mejores-expedientes-academicos-de-bachiller-2023-25\/#breadcrumb","itemListElement":[{"@type":"ListItem","position":1,"name":"Inicio","item":"https:\/\/www.caudete.org\/ayuntamiento\/"},{"@type":"ListItem","position":2,"name":"El Ayuntamiento reconoce los 4 mejores expedientes acad\u00e9micos de Bachiller 2023-25"}]},{"@type":"WebSite","@id":"https:\/\/www.caudete.org\/ayuntamiento\/#website","url":"https:\/\/www.caudete.org\/ayuntamiento\/","name":"MI Ayuntamiento de Caudete","description":"P\u00e1gina Oficial del MI Ayuntamiento de Caudete","publisher":{"@id":"https:\/\/www.caudete.org\/ayuntamiento\/#organization"},"potentialAction":[{"@type":"SearchAction","target":{"@type":"EntryPoint","urlTemplate":"https:\/\/www.caudete.org\/ayuntamiento\/?s={search_term_string}"},"query-input":{"@type":"PropertyValueSpecification","valueRequired":true,"valueName":"search_term_string"}}],"inLanguage":"es"},{"@type":"Organization","@id":"https:\/\/www.caudete.org\/ayuntamiento\/#organization","name":"Ayuntamiento de Caudete","url":"https:\/\/www.caudete.org\/ayuntamiento\/","logo":{"@type":"ImageObject","inLanguage":"es","@id":"https:\/\/www.caudete.org\/ayuntamiento\/#\/schema\/logo\/image\/","url":"https:\/\/www.caudete.org\/ayuntamiento\/wp-content\/uploads\/2020\/11\/logo_ayuntamiento_caudete.jpg","contentUrl":"https:\/\/www.caudete.org\/ayuntamiento\/wp-content\/uploads\/2020\/11\/logo_ayuntamiento_caudete.jpg","width":600,"height":150,"caption":"Ayuntamiento de Caudete"},"image":{"@id":"https:\/\/www.caudete.org\/ayuntamiento\/#\/schema\/logo\/image\/"},"sameAs":["https:\/\/www.facebook.com\/ayuntamientocaudete\/","https:\/\/www.youtube.com\/channel\/UC6VztHaooNsGpw-tNoBEFnQ"]},{"@type":"Person","@id":"https:\/\/www.caudete.org\/ayuntamiento\/#\/schema\/person\/cc646da9133078ee4d8dd47457947253","name":"alcalde","image":{"@type":"ImageObject","inLanguage":"es","@id":"https:\/\/secure.gravatar.com\/avatar\/84a817ba065b29ff08d666b215a215f5c79186a645ccb25b14a663d48a130f77?s=96&d=mm&r=g","url":"https:\/\/secure.gravatar.com\/avatar\/84a817ba065b29ff08d666b215a215f5c79186a645ccb25b14a663d48a130f77?s=96&d=mm&r=g","contentUrl":"https:\/\/secure.gravatar.com\/avatar\/84a817ba065b29ff08d666b215a215f5c79186a645ccb25b14a663d48a130f77?s=96&d=mm&r=g","caption":"alcalde"},"url":"https:\/\/www.caudete.org\/ayuntamiento\/author\/alcalde\/"}]}},"_links":{"self":[{"href":"https:\/\/www.caudete.org\/ayuntamiento\/wp-json\/wp\/v2\/posts\/29107","targetHints":{"allow":["GET"]}}],"collection":[{"href":"https:\/\/www.caudete.org\/ayuntamiento\/wp-json\/wp\/v2\/posts"}],"about":[{"href":"https:\/\/www.caudete.org\/ayuntamiento\/wp-json\/wp\/v2\/types\/post"}],"author":[{"embeddable":true,"href":"https:\/\/www.caudete.org\/ayuntamiento\/wp-json\/wp\/v2\/users\/3"}],"replies":[{"embeddable":true,"href":"https:\/\/www.caudete.org\/ayuntamiento\/wp-json\/wp\/v2\/comments?post=29107"}],"version-history":[{"count":1,"href":"https:\/\/www.caudete.org\/ayuntamiento\/wp-json\/wp\/v2\/posts\/29107\/revisions"}],"predecessor-version":[{"id":29111,"href":"https:\/\/www.caudete.org\/ayuntamiento\/wp-json\/wp\/v2\/posts\/29107\/revisions\/29111"}],"wp:featuredmedia":[{"embeddable":true,"href":"https:\/\/www.caudete.org\/ayuntamiento\/wp-json\/wp\/v2\/media\/29108"}],"wp:attachment":[{"href":"https:\/\/www.caudete.org\/ayuntamiento\/wp-json\/wp\/v2\/media?parent=29107"}],"wp:term":[{"taxonomy":"category","embeddable":true,"href":"https:\/\/www.caudete.org\/ayuntamiento\/wp-json\/wp\/v2\/categories?post=29107"},{"taxonomy":"post_tag","embeddable":true,"href":"https:\/\/www.caudete.org\/ayuntamiento\/wp-json\/wp\/v2\/tags?post=29107"}],"curies":[{"name":"wp","href":"https:\/\/api.w.org\/{rel}","templated":true}]}}