{"id":29133,"date":"2025-06-13T17:02:19","date_gmt":"2025-06-13T15:02:19","guid":{"rendered":"https:\/\/www.caudete.org\/ayuntamiento\/?p=29133"},"modified":"2025-06-16T10:32:40","modified_gmt":"2025-06-16T08:32:40","slug":"la-piscina-de-verano-abrira-el-proximo-viernes-dia-20-y-tendra-horario-continuado-todos-los-dias","status":"publish","type":"post","link":"https:\/\/www.caudete.org\/ayuntamiento\/la-piscina-de-verano-abrira-el-proximo-viernes-dia-20-y-tendra-horario-continuado-todos-los-dias\/","title":{"rendered":"La PISCINA DE VERANO abrir\u00e1 el pr\u00f3ximo viernes d\u00eda 20 y tendr\u00e1 horario continuado todos los d\u00edas"},"content":{"rendered":"<p>&nbsp;<\/p>\n<p style=\"text-align: justify;\">El Alcalde Mois\u00e9s L\u00f3pez y la Concejal de Deportes Pilar Egea visitaron la ma\u00f1ana del jueves las instalaciones de la Ciudad Deportiva &#8220;Antonio Amor\u00f3s&#8221; donde se localiza la Piscina de Verano, para comprobar el estado de la puesta a punto que permitir\u00e1 su apertura para el pr\u00f3ximo viernes 20 de Junio.<\/p>\n<p style=\"text-align: justify;\">Por parte del personal de Deportes y de la Brigada de Obras, se ha procedido al vaciado y desinfecci\u00f3n de los vasos de las piscinas, al rejuntado del gresite, y en estos momentos se encuentra en proceso de llenado. Igualmente, se ha procedido al montaje del vallado perimetral, sombrillas y revisi\u00f3n de todos los sistemas de bombas de recirculaci\u00f3n y desinfecci\u00f3n, duchas, vestuarios y dem\u00e1s zonas de uso de las instalaciones.<\/p>\n<p style=\"text-align: justify;\">La Edil anunciaba que este a\u00f1o vuelve el horario continuado de apertura durante todos los d\u00edas de la temporada (es decir, no cerrar\u00e1 al mediod\u00eda), siendo su apertura el viernes 20 de Junio y el cierre el domingo 31 de Agosto.<\/p>\n<p style=\"text-align: justify;\">El horario de apertura ser\u00e1 de 11.00h a 20.00h todos los d\u00edas, con la particularidad de adelantar el horario a las 10.00 \u00fanicamente para los d\u00edas que se realizan cursos de nataci\u00f3n, y reservando de 20.00 a 21.00h para otro de los cursos de nataci\u00f3n.<\/p>\n<p><img fetchpriority=\"high\" decoding=\"async\" class=\"alignnone wp-image-29136 size-full\" src=\"https:\/\/www.caudete.org\/ayuntamiento\/wp-content\/uploads\/2025\/06\/WhatsApp-Image-2025-06-12-at-10.48.32.jpeg\" alt=\"\" width=\"1600\" height=\"1204\" srcset=\"https:\/\/www.caudete.org\/ayuntamiento\/wp-content\/uploads\/2025\/06\/WhatsApp-Image-2025-06-12-at-10.48.32.jpeg 1600w, https:\/\/www.caudete.org\/ayuntamiento\/wp-content\/uploads\/2025\/06\/WhatsApp-Image-2025-06-12-at-10.48.32-532x400.jpeg 532w, https:\/\/www.caudete.org\/ayuntamiento\/wp-content\/uploads\/2025\/06\/WhatsApp-Image-2025-06-12-at-10.48.32-1063x800.jpeg 1063w, https:\/\/www.caudete.org\/ayuntamiento\/wp-content\/uploads\/2025\/06\/WhatsApp-Image-2025-06-12-at-10.48.32-768x578.jpeg 768w, https:\/\/www.caudete.org\/ayuntamiento\/wp-content\/uploads\/2025\/06\/WhatsApp-Image-2025-06-12-at-10.48.32-1536x1156.jpeg 1536w\" sizes=\"(max-width: 1600px) 100vw, 1600px\" \/><\/p>\n<p><a href=\"https:\/\/www.caudete.org\/ayuntamiento\/wp-content\/uploads\/2025\/06\/WhatsApp-Image-2025-06-12-at-10.48.32-1.jpeg\" rel='prettyPhoto'><img decoding=\"async\" class=\"alignnone wp-image-29137 size-full\" src=\"https:\/\/www.caudete.org\/ayuntamiento\/wp-content\/uploads\/2025\/06\/WhatsApp-Image-2025-06-12-at-10.48.32-1.jpeg\" alt=\"\" width=\"1600\" height=\"1204\" srcset=\"https:\/\/www.caudete.org\/ayuntamiento\/wp-content\/uploads\/2025\/06\/WhatsApp-Image-2025-06-12-at-10.48.32-1.jpeg 1600w, https:\/\/www.caudete.org\/ayuntamiento\/wp-content\/uploads\/2025\/06\/WhatsApp-Image-2025-06-12-at-10.48.32-1-532x400.jpeg 532w, https:\/\/www.caudete.org\/ayuntamiento\/wp-content\/uploads\/2025\/06\/WhatsApp-Image-2025-06-12-at-10.48.32-1-1063x800.jpeg 1063w, https:\/\/www.caudete.org\/ayuntamiento\/wp-content\/uploads\/2025\/06\/WhatsApp-Image-2025-06-12-at-10.48.32-1-768x578.jpeg 768w, https:\/\/www.caudete.org\/ayuntamiento\/wp-content\/uploads\/2025\/06\/WhatsApp-Image-2025-06-12-at-10.48.32-1-1536x1156.jpeg 1536w\" sizes=\"(max-width: 1600px) 100vw, 1600px\" \/><\/a><\/p>\n","protected":false},"excerpt":{"rendered":"<p>&nbsp; El Alcalde Mois\u00e9s L\u00f3pez y la Concejal de Deportes Pilar Egea visitaron la ma\u00f1ana del jueves las instalaciones de la Ciudad Deportiva &#8220;Antonio Amor\u00f3s&#8221; donde se localiza la Piscina de Verano, para comprobar el estado de la puesta a punto que permitir\u00e1 su apertura para el pr\u00f3ximo viernes 20 de Junio. Por parte del &hellip;<\/p>\n","protected":false},"author":3,"featured_media":29153,"comment_status":"closed","ping_status":"open","sticky":false,"template":"","format":"standard","meta":{"ngg_post_thumbnail":0,"footnotes":""},"categories":[23],"tags":[],"class_list":["post-29133","post","type-post","status-publish","format-standard","has-post-thumbnail","hentry","category-deportes"],"yoast_head":"<!-- This site is optimized with the Yoast SEO plugin v27.5 - https:\/\/yoast.com\/product\/yoast-seo-wordpress\/ -->\n<title>La PISCINA DE VERANO abrir\u00e1 el pr\u00f3ximo viernes d\u00eda 20 y tendr\u00e1 horario continuado todos los d\u00edas - MI Ayuntamiento de Caudete<\/title>\n<meta name=\"description\" content=\"P\u00e1gina Oficial del Ayuntamiento de Caudete (Albacete)\" \/>\n<meta name=\"robots\" content=\"index, follow, max-snippet:-1, max-image-preview:large, max-video-preview:-1\" \/>\n<link rel=\"canonical\" href=\"https:\/\/www.caudete.org\/ayuntamiento\/la-piscina-de-verano-abrira-el-proximo-viernes-dia-20-y-tendra-horario-continuado-todos-los-dias\/\" \/>\n<meta property=\"og:locale\" content=\"es_ES\" \/>\n<meta property=\"og:type\" content=\"article\" \/>\n<meta property=\"og:title\" content=\"La PISCINA DE VERANO abrir\u00e1 el pr\u00f3ximo viernes d\u00eda 20 y tendr\u00e1 horario continuado todos los d\u00edas - MI Ayuntamiento de Caudete\" \/>\n<meta property=\"og:description\" content=\"P\u00e1gina Oficial del Ayuntamiento de Caudete (Albacete)\" \/>\n<meta property=\"og:url\" content=\"https:\/\/www.caudete.org\/ayuntamiento\/la-piscina-de-verano-abrira-el-proximo-viernes-dia-20-y-tendra-horario-continuado-todos-los-dias\/\" \/>\n<meta property=\"og:site_name\" content=\"MI Ayuntamiento de Caudete\" \/>\n<meta property=\"article:publisher\" content=\"https:\/\/www.facebook.com\/ayuntamientocaudete\/\" \/>\n<meta property=\"article:published_time\" content=\"2025-06-13T15:02:19+00:00\" \/>\n<meta property=\"article:modified_time\" content=\"2025-06-16T08:32:40+00:00\" \/>\n<meta property=\"og:image\" content=\"https:\/\/www.caudete.org\/ayuntamiento\/wp-content\/uploads\/2025\/06\/WhatsApp-Image-2025-06-12-at-10.48.321-port.jpg\" \/>\n\t<meta property=\"og:image:width\" content=\"1000\" \/>\n\t<meta property=\"og:image:height\" content=\"472\" \/>\n\t<meta property=\"og:image:type\" content=\"image\/jpeg\" \/>\n<meta name=\"author\" content=\"alcalde\" \/>\n<meta name=\"twitter:card\" content=\"summary_large_image\" \/>\n<meta name=\"twitter:label1\" content=\"Escrito por\" \/>\n\t<meta name=\"twitter:data1\" content=\"alcalde\" \/>\n\t<meta name=\"twitter:label2\" content=\"Tiempo de lectura\" \/>\n\t<meta name=\"twitter:data2\" content=\"2 minutos\" \/>\n<script type=\"application\/ld+json\" class=\"yoast-schema-graph\">{\"@context\":\"https:\\\/\\\/schema.org\",\"@graph\":[{\"@type\":\"Article\",\"@id\":\"https:\\\/\\\/www.caudete.org\\\/ayuntamiento\\\/la-piscina-de-verano-abrira-el-proximo-viernes-dia-20-y-tendra-horario-continuado-todos-los-dias\\\/#article\",\"isPartOf\":{\"@id\":\"https:\\\/\\\/www.caudete.org\\\/ayuntamiento\\\/la-piscina-de-verano-abrira-el-proximo-viernes-dia-20-y-tendra-horario-continuado-todos-los-dias\\\/\"},\"author\":{\"name\":\"alcalde\",\"@id\":\"https:\\\/\\\/www.caudete.org\\\/ayuntamiento\\\/#\\\/schema\\\/person\\\/cc646da9133078ee4d8dd47457947253\"},\"headline\":\"La PISCINA DE VERANO abrir\u00e1 el pr\u00f3ximo viernes d\u00eda 20 y tendr\u00e1 horario continuado todos los d\u00edas\",\"datePublished\":\"2025-06-13T15:02:19+00:00\",\"dateModified\":\"2025-06-16T08:32:40+00:00\",\"mainEntityOfPage\":{\"@id\":\"https:\\\/\\\/www.caudete.org\\\/ayuntamiento\\\/la-piscina-de-verano-abrira-el-proximo-viernes-dia-20-y-tendra-horario-continuado-todos-los-dias\\\/\"},\"wordCount\":240,\"image\":{\"@id\":\"https:\\\/\\\/www.caudete.org\\\/ayuntamiento\\\/la-piscina-de-verano-abrira-el-proximo-viernes-dia-20-y-tendra-horario-continuado-todos-los-dias\\\/#primaryimage\"},\"thumbnailUrl\":\"https:\\\/\\\/www.caudete.org\\\/ayuntamiento\\\/wp-content\\\/uploads\\\/2025\\\/06\\\/WhatsApp-Image-2025-06-12-at-10.48.321-port.jpg\",\"articleSection\":[\"Deportes\"],\"inLanguage\":\"es\"},{\"@type\":\"WebPage\",\"@id\":\"https:\\\/\\\/www.caudete.org\\\/ayuntamiento\\\/la-piscina-de-verano-abrira-el-proximo-viernes-dia-20-y-tendra-horario-continuado-todos-los-dias\\\/\",\"url\":\"https:\\\/\\\/www.caudete.org\\\/ayuntamiento\\\/la-piscina-de-verano-abrira-el-proximo-viernes-dia-20-y-tendra-horario-continuado-todos-los-dias\\\/\",\"name\":\"La PISCINA DE VERANO abrir\u00e1 el pr\u00f3ximo viernes d\u00eda 20 y tendr\u00e1 horario continuado todos los d\u00edas - MI Ayuntamiento de Caudete\",\"isPartOf\":{\"@id\":\"https:\\\/\\\/www.caudete.org\\\/ayuntamiento\\\/#website\"},\"primaryImageOfPage\":{\"@id\":\"https:\\\/\\\/www.caudete.org\\\/ayuntamiento\\\/la-piscina-de-verano-abrira-el-proximo-viernes-dia-20-y-tendra-horario-continuado-todos-los-dias\\\/#primaryimage\"},\"image\":{\"@id\":\"https:\\\/\\\/www.caudete.org\\\/ayuntamiento\\\/la-piscina-de-verano-abrira-el-proximo-viernes-dia-20-y-tendra-horario-continuado-todos-los-dias\\\/#primaryimage\"},\"thumbnailUrl\":\"https:\\\/\\\/www.caudete.org\\\/ayuntamiento\\\/wp-content\\\/uploads\\\/2025\\\/06\\\/WhatsApp-Image-2025-06-12-at-10.48.321-port.jpg\",\"datePublished\":\"2025-06-13T15:02:19+00:00\",\"dateModified\":\"2025-06-16T08:32:40+00:00\",\"author\":{\"@id\":\"https:\\\/\\\/www.caudete.org\\\/ayuntamiento\\\/#\\\/schema\\\/person\\\/cc646da9133078ee4d8dd47457947253\"},\"description\":\"P\u00e1gina Oficial del Ayuntamiento de Caudete (Albacete)\",\"breadcrumb\":{\"@id\":\"https:\\\/\\\/www.caudete.org\\\/ayuntamiento\\\/la-piscina-de-verano-abrira-el-proximo-viernes-dia-20-y-tendra-horario-continuado-todos-los-dias\\\/#breadcrumb\"},\"inLanguage\":\"es\",\"potentialAction\":[{\"@type\":\"ReadAction\",\"target\":[\"https:\\\/\\\/www.caudete.org\\\/ayuntamiento\\\/la-piscina-de-verano-abrira-el-proximo-viernes-dia-20-y-tendra-horario-continuado-todos-los-dias\\\/\"]}]},{\"@type\":\"ImageObject\",\"inLanguage\":\"es\",\"@id\":\"https:\\\/\\\/www.caudete.org\\\/ayuntamiento\\\/la-piscina-de-verano-abrira-el-proximo-viernes-dia-20-y-tendra-horario-continuado-todos-los-dias\\\/#primaryimage\",\"url\":\"https:\\\/\\\/www.caudete.org\\\/ayuntamiento\\\/wp-content\\\/uploads\\\/2025\\\/06\\\/WhatsApp-Image-2025-06-12-at-10.48.321-port.jpg\",\"contentUrl\":\"https:\\\/\\\/www.caudete.org\\\/ayuntamiento\\\/wp-content\\\/uploads\\\/2025\\\/06\\\/WhatsApp-Image-2025-06-12-at-10.48.321-port.jpg\",\"width\":1000,\"height\":472},{\"@type\":\"BreadcrumbList\",\"@id\":\"https:\\\/\\\/www.caudete.org\\\/ayuntamiento\\\/la-piscina-de-verano-abrira-el-proximo-viernes-dia-20-y-tendra-horario-continuado-todos-los-dias\\\/#breadcrumb\",\"itemListElement\":[{\"@type\":\"ListItem\",\"position\":1,\"name\":\"Inicio\",\"item\":\"https:\\\/\\\/www.caudete.org\\\/ayuntamiento\\\/\"},{\"@type\":\"ListItem\",\"position\":2,\"name\":\"La PISCINA DE VERANO abrir\u00e1 el pr\u00f3ximo viernes d\u00eda 20 y tendr\u00e1 horario continuado todos los d\u00edas\"}]},{\"@type\":\"WebSite\",\"@id\":\"https:\\\/\\\/www.caudete.org\\\/ayuntamiento\\\/#website\",\"url\":\"https:\\\/\\\/www.caudete.org\\\/ayuntamiento\\\/\",\"name\":\"MI Ayuntamiento de Caudete\",\"description\":\"P\u00e1gina Oficial del MI Ayuntamiento de Caudete\",\"potentialAction\":[{\"@type\":\"SearchAction\",\"target\":{\"@type\":\"EntryPoint\",\"urlTemplate\":\"https:\\\/\\\/www.caudete.org\\\/ayuntamiento\\\/?s={search_term_string}\"},\"query-input\":{\"@type\":\"PropertyValueSpecification\",\"valueRequired\":true,\"valueName\":\"search_term_string\"}}],\"inLanguage\":\"es\"},{\"@type\":\"Person\",\"@id\":\"https:\\\/\\\/www.caudete.org\\\/ayuntamiento\\\/#\\\/schema\\\/person\\\/cc646da9133078ee4d8dd47457947253\",\"name\":\"alcalde\",\"image\":{\"@type\":\"ImageObject\",\"inLanguage\":\"es\",\"@id\":\"https:\\\/\\\/secure.gravatar.com\\\/avatar\\\/84a817ba065b29ff08d666b215a215f5c79186a645ccb25b14a663d48a130f77?s=96&d=mm&r=g\",\"url\":\"https:\\\/\\\/secure.gravatar.com\\\/avatar\\\/84a817ba065b29ff08d666b215a215f5c79186a645ccb25b14a663d48a130f77?s=96&d=mm&r=g\",\"contentUrl\":\"https:\\\/\\\/secure.gravatar.com\\\/avatar\\\/84a817ba065b29ff08d666b215a215f5c79186a645ccb25b14a663d48a130f77?s=96&d=mm&r=g\",\"caption\":\"alcalde\"},\"url\":\"https:\\\/\\\/www.caudete.org\\\/ayuntamiento\\\/author\\\/alcalde\\\/\"}]}<\/script>\n<!-- \/ Yoast SEO plugin. -->","yoast_head_json":{"title":"La PISCINA DE VERANO abrir\u00e1 el pr\u00f3ximo viernes d\u00eda 20 y tendr\u00e1 horario continuado todos los d\u00edas - MI Ayuntamiento de Caudete","description":"P\u00e1gina Oficial del Ayuntamiento de Caudete (Albacete)","robots":{"index":"index","follow":"follow","max-snippet":"max-snippet:-1","max-image-preview":"max-image-preview:large","max-video-preview":"max-video-preview:-1"},"canonical":"https:\/\/www.caudete.org\/ayuntamiento\/la-piscina-de-verano-abrira-el-proximo-viernes-dia-20-y-tendra-horario-continuado-todos-los-dias\/","og_locale":"es_ES","og_type":"article","og_title":"La PISCINA DE VERANO abrir\u00e1 el pr\u00f3ximo viernes d\u00eda 20 y tendr\u00e1 horario continuado todos los d\u00edas - MI Ayuntamiento de Caudete","og_description":"P\u00e1gina Oficial del Ayuntamiento de Caudete (Albacete)","og_url":"https:\/\/www.caudete.org\/ayuntamiento\/la-piscina-de-verano-abrira-el-proximo-viernes-dia-20-y-tendra-horario-continuado-todos-los-dias\/","og_site_name":"MI Ayuntamiento de Caudete","article_publisher":"https:\/\/www.facebook.com\/ayuntamientocaudete\/","article_published_time":"2025-06-13T15:02:19+00:00","article_modified_time":"2025-06-16T08:32:40+00:00","og_image":[{"width":1000,"height":472,"url":"https:\/\/www.caudete.org\/ayuntamiento\/wp-content\/uploads\/2025\/06\/WhatsApp-Image-2025-06-12-at-10.48.321-port.jpg","type":"image\/jpeg"}],"author":"alcalde","twitter_card":"summary_large_image","twitter_misc":{"Escrito por":"alcalde","Tiempo de lectura":"2 minutos"},"schema":{"@context":"https:\/\/schema.org","@graph":[{"@type":"Article","@id":"https:\/\/www.caudete.org\/ayuntamiento\/la-piscina-de-verano-abrira-el-proximo-viernes-dia-20-y-tendra-horario-continuado-todos-los-dias\/#article","isPartOf":{"@id":"https:\/\/www.caudete.org\/ayuntamiento\/la-piscina-de-verano-abrira-el-proximo-viernes-dia-20-y-tendra-horario-continuado-todos-los-dias\/"},"author":{"name":"alcalde","@id":"https:\/\/www.caudete.org\/ayuntamiento\/#\/schema\/person\/cc646da9133078ee4d8dd47457947253"},"headline":"La PISCINA DE VERANO abrir\u00e1 el pr\u00f3ximo viernes d\u00eda 20 y tendr\u00e1 horario continuado todos los d\u00edas","datePublished":"2025-06-13T15:02:19+00:00","dateModified":"2025-06-16T08:32:40+00:00","mainEntityOfPage":{"@id":"https:\/\/www.caudete.org\/ayuntamiento\/la-piscina-de-verano-abrira-el-proximo-viernes-dia-20-y-tendra-horario-continuado-todos-los-dias\/"},"wordCount":240,"image":{"@id":"https:\/\/www.caudete.org\/ayuntamiento\/la-piscina-de-verano-abrira-el-proximo-viernes-dia-20-y-tendra-horario-continuado-todos-los-dias\/#primaryimage"},"thumbnailUrl":"https:\/\/www.caudete.org\/ayuntamiento\/wp-content\/uploads\/2025\/06\/WhatsApp-Image-2025-06-12-at-10.48.321-port.jpg","articleSection":["Deportes"],"inLanguage":"es"},{"@type":"WebPage","@id":"https:\/\/www.caudete.org\/ayuntamiento\/la-piscina-de-verano-abrira-el-proximo-viernes-dia-20-y-tendra-horario-continuado-todos-los-dias\/","url":"https:\/\/www.caudete.org\/ayuntamiento\/la-piscina-de-verano-abrira-el-proximo-viernes-dia-20-y-tendra-horario-continuado-todos-los-dias\/","name":"La PISCINA DE VERANO abrir\u00e1 el pr\u00f3ximo viernes d\u00eda 20 y tendr\u00e1 horario continuado todos los d\u00edas - MI Ayuntamiento de Caudete","isPartOf":{"@id":"https:\/\/www.caudete.org\/ayuntamiento\/#website"},"primaryImageOfPage":{"@id":"https:\/\/www.caudete.org\/ayuntamiento\/la-piscina-de-verano-abrira-el-proximo-viernes-dia-20-y-tendra-horario-continuado-todos-los-dias\/#primaryimage"},"image":{"@id":"https:\/\/www.caudete.org\/ayuntamiento\/la-piscina-de-verano-abrira-el-proximo-viernes-dia-20-y-tendra-horario-continuado-todos-los-dias\/#primaryimage"},"thumbnailUrl":"https:\/\/www.caudete.org\/ayuntamiento\/wp-content\/uploads\/2025\/06\/WhatsApp-Image-2025-06-12-at-10.48.321-port.jpg","datePublished":"2025-06-13T15:02:19+00:00","dateModified":"2025-06-16T08:32:40+00:00","author":{"@id":"https:\/\/www.caudete.org\/ayuntamiento\/#\/schema\/person\/cc646da9133078ee4d8dd47457947253"},"description":"P\u00e1gina Oficial del Ayuntamiento de Caudete (Albacete)","breadcrumb":{"@id":"https:\/\/www.caudete.org\/ayuntamiento\/la-piscina-de-verano-abrira-el-proximo-viernes-dia-20-y-tendra-horario-continuado-todos-los-dias\/#breadcrumb"},"inLanguage":"es","potentialAction":[{"@type":"ReadAction","target":["https:\/\/www.caudete.org\/ayuntamiento\/la-piscina-de-verano-abrira-el-proximo-viernes-dia-20-y-tendra-horario-continuado-todos-los-dias\/"]}]},{"@type":"ImageObject","inLanguage":"es","@id":"https:\/\/www.caudete.org\/ayuntamiento\/la-piscina-de-verano-abrira-el-proximo-viernes-dia-20-y-tendra-horario-continuado-todos-los-dias\/#primaryimage","url":"https:\/\/www.caudete.org\/ayuntamiento\/wp-content\/uploads\/2025\/06\/WhatsApp-Image-2025-06-12-at-10.48.321-port.jpg","contentUrl":"https:\/\/www.caudete.org\/ayuntamiento\/wp-content\/uploads\/2025\/06\/WhatsApp-Image-2025-06-12-at-10.48.321-port.jpg","width":1000,"height":472},{"@type":"BreadcrumbList","@id":"https:\/\/www.caudete.org\/ayuntamiento\/la-piscina-de-verano-abrira-el-proximo-viernes-dia-20-y-tendra-horario-continuado-todos-los-dias\/#breadcrumb","itemListElement":[{"@type":"ListItem","position":1,"name":"Inicio","item":"https:\/\/www.caudete.org\/ayuntamiento\/"},{"@type":"ListItem","position":2,"name":"La PISCINA DE VERANO abrir\u00e1 el pr\u00f3ximo viernes d\u00eda 20 y tendr\u00e1 horario continuado todos los d\u00edas"}]},{"@type":"WebSite","@id":"https:\/\/www.caudete.org\/ayuntamiento\/#website","url":"https:\/\/www.caudete.org\/ayuntamiento\/","name":"MI Ayuntamiento de Caudete","description":"P\u00e1gina Oficial del MI Ayuntamiento de Caudete","potentialAction":[{"@type":"SearchAction","target":{"@type":"EntryPoint","urlTemplate":"https:\/\/www.caudete.org\/ayuntamiento\/?s={search_term_string}"},"query-input":{"@type":"PropertyValueSpecification","valueRequired":true,"valueName":"search_term_string"}}],"inLanguage":"es"},{"@type":"Person","@id":"https:\/\/www.caudete.org\/ayuntamiento\/#\/schema\/person\/cc646da9133078ee4d8dd47457947253","name":"alcalde","image":{"@type":"ImageObject","inLanguage":"es","@id":"https:\/\/secure.gravatar.com\/avatar\/84a817ba065b29ff08d666b215a215f5c79186a645ccb25b14a663d48a130f77?s=96&d=mm&r=g","url":"https:\/\/secure.gravatar.com\/avatar\/84a817ba065b29ff08d666b215a215f5c79186a645ccb25b14a663d48a130f77?s=96&d=mm&r=g","contentUrl":"https:\/\/secure.gravatar.com\/avatar\/84a817ba065b29ff08d666b215a215f5c79186a645ccb25b14a663d48a130f77?s=96&d=mm&r=g","caption":"alcalde"},"url":"https:\/\/www.caudete.org\/ayuntamiento\/author\/alcalde\/"}]}},"_links":{"self":[{"href":"https:\/\/www.caudete.org\/ayuntamiento\/wp-json\/wp\/v2\/posts\/29133","targetHints":{"allow":["GET"]}}],"collection":[{"href":"https:\/\/www.caudete.org\/ayuntamiento\/wp-json\/wp\/v2\/posts"}],"about":[{"href":"https:\/\/www.caudete.org\/ayuntamiento\/wp-json\/wp\/v2\/types\/post"}],"author":[{"embeddable":true,"href":"https:\/\/www.caudete.org\/ayuntamiento\/wp-json\/wp\/v2\/users\/3"}],"replies":[{"embeddable":true,"href":"https:\/\/www.caudete.org\/ayuntamiento\/wp-json\/wp\/v2\/comments?post=29133"}],"version-history":[{"count":6,"href":"https:\/\/www.caudete.org\/ayuntamiento\/wp-json\/wp\/v2\/posts\/29133\/revisions"}],"predecessor-version":[{"id":29155,"href":"https:\/\/www.caudete.org\/ayuntamiento\/wp-json\/wp\/v2\/posts\/29133\/revisions\/29155"}],"wp:featuredmedia":[{"embeddable":true,"href":"https:\/\/www.caudete.org\/ayuntamiento\/wp-json\/wp\/v2\/media\/29153"}],"wp:attachment":[{"href":"https:\/\/www.caudete.org\/ayuntamiento\/wp-json\/wp\/v2\/media?parent=29133"}],"wp:term":[{"taxonomy":"category","embeddable":true,"href":"https:\/\/www.caudete.org\/ayuntamiento\/wp-json\/wp\/v2\/categories?post=29133"},{"taxonomy":"post_tag","embeddable":true,"href":"https:\/\/www.caudete.org\/ayuntamiento\/wp-json\/wp\/v2\/tags?post=29133"}],"curies":[{"name":"wp","href":"https:\/\/api.w.org\/{rel}","templated":true}]}}