{"id":29161,"date":"2025-06-17T08:00:15","date_gmt":"2025-06-17T06:00:15","guid":{"rendered":"https:\/\/www.caudete.org\/ayuntamiento\/?p=29161"},"modified":"2025-06-16T16:40:13","modified_gmt":"2025-06-16T14:40:13","slug":"se-plantan-8-moreras-en-el-merendero-y-11-en-la-zona-de-cesped-de-la-piscina","status":"publish","type":"post","link":"https:\/\/www.caudete.org\/ayuntamiento\/se-plantan-8-moreras-en-el-merendero-y-11-en-la-zona-de-cesped-de-la-piscina\/","title":{"rendered":"Se plantan 8 moreras en el MERENDERO y 11 en la zona de c\u00e9sped de la PISCINA"},"content":{"rendered":"<p style=\"text-align: justify;\">El Alcalde Mois\u00e9s L\u00f3pez y la Concejal de Deportes Pilar Egea visitaban en el d\u00eda de ayer las instalaciones de la Piscina de Verano para comprobar la plantaci\u00f3n de 19 moreras que se realiz\u00f3 hace unos meses con el objetivo de aportar sombras, reduciendo la temperatura de las zonas de descanso de la piscina y as\u00ed mejorar las condiciones de la Piscina de Verano.<\/p>\n<p style=\"text-align: justify;\">Todo ello se ejecuta con recursos propios del Ayuntamiento, dentro del Plan de Mejoras e Inversiones de la Ciudad Deportiva, para dar respuesta a las demandas ciudadana, toda vez que dos esbeltas palmeras sufrieron los efectos del picudo, y la sombra artificial mediante estructura y cableado met\u00e1lico con lona perforada de PVC fue da\u00f1ada irreversiblemente por efectos meteorol\u00f3gicos adversos.<\/p>\n<p style=\"text-align: justify;\">Un total de 8 ejemplares se han ubicado en la zona de merendero, y 11 en la zona de c\u00e9sped de la propia Piscina.<\/p>\n<p style=\"text-align: justify;\">Adem\u00e1s, los trabajos han sido realizados por una empresa local, y se han dise\u00f1ado de forma que en la zona de merendero se genere una sombra entrelazando las ramas de las moreras, para lo que se ha dispuesto de una malla mediante alambres met\u00e1licos, aunque habr\u00e1 que tener algo de paciencia y ver los efectos en al menos dos a\u00f1os, siendo quiz\u00e1 la soluci\u00f3n m\u00e1s sostenible y duradera.<\/p>\n<p><a href=\"https:\/\/www.caudete.org\/ayuntamiento\/wp-content\/uploads\/2025\/06\/moreras-merendero.jpeg\" rel='prettyPhoto'><img fetchpriority=\"high\" decoding=\"async\" class=\"wp-image-29160 size-full aligncenter\" src=\"https:\/\/www.caudete.org\/ayuntamiento\/wp-content\/uploads\/2025\/06\/moreras-merendero.jpeg\" alt=\"\" width=\"1037\" height=\"718\" srcset=\"https:\/\/www.caudete.org\/ayuntamiento\/wp-content\/uploads\/2025\/06\/moreras-merendero.jpeg 1037w, https:\/\/www.caudete.org\/ayuntamiento\/wp-content\/uploads\/2025\/06\/moreras-merendero-578x400.jpeg 578w, https:\/\/www.caudete.org\/ayuntamiento\/wp-content\/uploads\/2025\/06\/moreras-merendero-768x532.jpeg 768w\" sizes=\"(max-width: 1037px) 100vw, 1037px\" \/><\/a><\/p>\n","protected":false},"excerpt":{"rendered":"<p>El Alcalde Mois\u00e9s L\u00f3pez y la Concejal de Deportes Pilar Egea visitaban en el d\u00eda de ayer las instalaciones de la Piscina de Verano para comprobar la plantaci\u00f3n de 19 moreras que se realiz\u00f3 hace unos meses con el objetivo de aportar sombras, reduciendo la temperatura de las zonas de descanso de la piscina y &hellip;<\/p>\n","protected":false},"author":3,"featured_media":29159,"comment_status":"closed","ping_status":"open","sticky":false,"template":"","format":"standard","meta":{"ngg_post_thumbnail":0,"footnotes":""},"categories":[23],"tags":[],"class_list":["post-29161","post","type-post","status-publish","format-standard","has-post-thumbnail","hentry","category-deportes"],"yoast_head":"<!-- This site is optimized with the Yoast SEO plugin v27.5 - https:\/\/yoast.com\/product\/yoast-seo-wordpress\/ -->\n<title>Se plantan 8 moreras en el MERENDERO y 11 en la zona de c\u00e9sped de la PISCINA - MI Ayuntamiento de Caudete<\/title>\n<meta name=\"description\" content=\"P\u00e1gina Oficial del Ayuntamiento de Caudete (Albacete)\" \/>\n<meta name=\"robots\" content=\"index, follow, max-snippet:-1, max-image-preview:large, max-video-preview:-1\" \/>\n<link rel=\"canonical\" href=\"https:\/\/www.caudete.org\/ayuntamiento\/se-plantan-8-moreras-en-el-merendero-y-11-en-la-zona-de-cesped-de-la-piscina\/\" \/>\n<meta property=\"og:locale\" content=\"es_ES\" \/>\n<meta property=\"og:type\" content=\"article\" \/>\n<meta property=\"og:title\" content=\"Se plantan 8 moreras en el MERENDERO y 11 en la zona de c\u00e9sped de la PISCINA - MI Ayuntamiento de Caudete\" \/>\n<meta property=\"og:description\" content=\"P\u00e1gina Oficial del Ayuntamiento de Caudete (Albacete)\" \/>\n<meta property=\"og:url\" content=\"https:\/\/www.caudete.org\/ayuntamiento\/se-plantan-8-moreras-en-el-merendero-y-11-en-la-zona-de-cesped-de-la-piscina\/\" \/>\n<meta property=\"og:site_name\" content=\"MI Ayuntamiento de Caudete\" \/>\n<meta property=\"article:publisher\" content=\"https:\/\/www.facebook.com\/ayuntamientocaudete\/\" \/>\n<meta property=\"article:published_time\" content=\"2025-06-17T06:00:15+00:00\" \/>\n<meta property=\"og:image\" content=\"https:\/\/www.caudete.org\/ayuntamiento\/wp-content\/uploads\/2025\/06\/merendero-pilar-moises.jpeg\" \/>\n\t<meta property=\"og:image:width\" content=\"1600\" \/>\n\t<meta property=\"og:image:height\" content=\"900\" \/>\n\t<meta property=\"og:image:type\" content=\"image\/jpeg\" \/>\n<meta name=\"author\" content=\"alcalde\" \/>\n<meta name=\"twitter:card\" content=\"summary_large_image\" \/>\n<meta name=\"twitter:label1\" content=\"Escrito por\" \/>\n\t<meta name=\"twitter:data1\" content=\"alcalde\" \/>\n\t<meta name=\"twitter:label2\" content=\"Tiempo de lectura\" \/>\n\t<meta name=\"twitter:data2\" content=\"2 minutos\" \/>\n<script type=\"application\/ld+json\" class=\"yoast-schema-graph\">{\"@context\":\"https:\\\/\\\/schema.org\",\"@graph\":[{\"@type\":\"Article\",\"@id\":\"https:\\\/\\\/www.caudete.org\\\/ayuntamiento\\\/se-plantan-8-moreras-en-el-merendero-y-11-en-la-zona-de-cesped-de-la-piscina\\\/#article\",\"isPartOf\":{\"@id\":\"https:\\\/\\\/www.caudete.org\\\/ayuntamiento\\\/se-plantan-8-moreras-en-el-merendero-y-11-en-la-zona-de-cesped-de-la-piscina\\\/\"},\"author\":{\"name\":\"alcalde\",\"@id\":\"https:\\\/\\\/www.caudete.org\\\/ayuntamiento\\\/#\\\/schema\\\/person\\\/cc646da9133078ee4d8dd47457947253\"},\"headline\":\"Se plantan 8 moreras en el MERENDERO y 11 en la zona de c\u00e9sped de la PISCINA\",\"datePublished\":\"2025-06-17T06:00:15+00:00\",\"mainEntityOfPage\":{\"@id\":\"https:\\\/\\\/www.caudete.org\\\/ayuntamiento\\\/se-plantan-8-moreras-en-el-merendero-y-11-en-la-zona-de-cesped-de-la-piscina\\\/\"},\"wordCount\":242,\"image\":{\"@id\":\"https:\\\/\\\/www.caudete.org\\\/ayuntamiento\\\/se-plantan-8-moreras-en-el-merendero-y-11-en-la-zona-de-cesped-de-la-piscina\\\/#primaryimage\"},\"thumbnailUrl\":\"https:\\\/\\\/www.caudete.org\\\/ayuntamiento\\\/wp-content\\\/uploads\\\/2025\\\/06\\\/merendero-pilar-moises.jpeg\",\"articleSection\":[\"Deportes\"],\"inLanguage\":\"es\"},{\"@type\":\"WebPage\",\"@id\":\"https:\\\/\\\/www.caudete.org\\\/ayuntamiento\\\/se-plantan-8-moreras-en-el-merendero-y-11-en-la-zona-de-cesped-de-la-piscina\\\/\",\"url\":\"https:\\\/\\\/www.caudete.org\\\/ayuntamiento\\\/se-plantan-8-moreras-en-el-merendero-y-11-en-la-zona-de-cesped-de-la-piscina\\\/\",\"name\":\"Se plantan 8 moreras en el MERENDERO y 11 en la zona de c\u00e9sped de la PISCINA - MI Ayuntamiento de Caudete\",\"isPartOf\":{\"@id\":\"https:\\\/\\\/www.caudete.org\\\/ayuntamiento\\\/#website\"},\"primaryImageOfPage\":{\"@id\":\"https:\\\/\\\/www.caudete.org\\\/ayuntamiento\\\/se-plantan-8-moreras-en-el-merendero-y-11-en-la-zona-de-cesped-de-la-piscina\\\/#primaryimage\"},\"image\":{\"@id\":\"https:\\\/\\\/www.caudete.org\\\/ayuntamiento\\\/se-plantan-8-moreras-en-el-merendero-y-11-en-la-zona-de-cesped-de-la-piscina\\\/#primaryimage\"},\"thumbnailUrl\":\"https:\\\/\\\/www.caudete.org\\\/ayuntamiento\\\/wp-content\\\/uploads\\\/2025\\\/06\\\/merendero-pilar-moises.jpeg\",\"datePublished\":\"2025-06-17T06:00:15+00:00\",\"author\":{\"@id\":\"https:\\\/\\\/www.caudete.org\\\/ayuntamiento\\\/#\\\/schema\\\/person\\\/cc646da9133078ee4d8dd47457947253\"},\"description\":\"P\u00e1gina Oficial del Ayuntamiento de Caudete (Albacete)\",\"breadcrumb\":{\"@id\":\"https:\\\/\\\/www.caudete.org\\\/ayuntamiento\\\/se-plantan-8-moreras-en-el-merendero-y-11-en-la-zona-de-cesped-de-la-piscina\\\/#breadcrumb\"},\"inLanguage\":\"es\",\"potentialAction\":[{\"@type\":\"ReadAction\",\"target\":[\"https:\\\/\\\/www.caudete.org\\\/ayuntamiento\\\/se-plantan-8-moreras-en-el-merendero-y-11-en-la-zona-de-cesped-de-la-piscina\\\/\"]}]},{\"@type\":\"ImageObject\",\"inLanguage\":\"es\",\"@id\":\"https:\\\/\\\/www.caudete.org\\\/ayuntamiento\\\/se-plantan-8-moreras-en-el-merendero-y-11-en-la-zona-de-cesped-de-la-piscina\\\/#primaryimage\",\"url\":\"https:\\\/\\\/www.caudete.org\\\/ayuntamiento\\\/wp-content\\\/uploads\\\/2025\\\/06\\\/merendero-pilar-moises.jpeg\",\"contentUrl\":\"https:\\\/\\\/www.caudete.org\\\/ayuntamiento\\\/wp-content\\\/uploads\\\/2025\\\/06\\\/merendero-pilar-moises.jpeg\",\"width\":1600,\"height\":900},{\"@type\":\"BreadcrumbList\",\"@id\":\"https:\\\/\\\/www.caudete.org\\\/ayuntamiento\\\/se-plantan-8-moreras-en-el-merendero-y-11-en-la-zona-de-cesped-de-la-piscina\\\/#breadcrumb\",\"itemListElement\":[{\"@type\":\"ListItem\",\"position\":1,\"name\":\"Inicio\",\"item\":\"https:\\\/\\\/www.caudete.org\\\/ayuntamiento\\\/\"},{\"@type\":\"ListItem\",\"position\":2,\"name\":\"Se plantan 8 moreras en el MERENDERO y 11 en la zona de c\u00e9sped de la PISCINA\"}]},{\"@type\":\"WebSite\",\"@id\":\"https:\\\/\\\/www.caudete.org\\\/ayuntamiento\\\/#website\",\"url\":\"https:\\\/\\\/www.caudete.org\\\/ayuntamiento\\\/\",\"name\":\"MI Ayuntamiento de Caudete\",\"description\":\"P\u00e1gina Oficial del MI Ayuntamiento de Caudete\",\"potentialAction\":[{\"@type\":\"SearchAction\",\"target\":{\"@type\":\"EntryPoint\",\"urlTemplate\":\"https:\\\/\\\/www.caudete.org\\\/ayuntamiento\\\/?s={search_term_string}\"},\"query-input\":{\"@type\":\"PropertyValueSpecification\",\"valueRequired\":true,\"valueName\":\"search_term_string\"}}],\"inLanguage\":\"es\"},{\"@type\":\"Person\",\"@id\":\"https:\\\/\\\/www.caudete.org\\\/ayuntamiento\\\/#\\\/schema\\\/person\\\/cc646da9133078ee4d8dd47457947253\",\"name\":\"alcalde\",\"image\":{\"@type\":\"ImageObject\",\"inLanguage\":\"es\",\"@id\":\"https:\\\/\\\/secure.gravatar.com\\\/avatar\\\/84a817ba065b29ff08d666b215a215f5c79186a645ccb25b14a663d48a130f77?s=96&d=mm&r=g\",\"url\":\"https:\\\/\\\/secure.gravatar.com\\\/avatar\\\/84a817ba065b29ff08d666b215a215f5c79186a645ccb25b14a663d48a130f77?s=96&d=mm&r=g\",\"contentUrl\":\"https:\\\/\\\/secure.gravatar.com\\\/avatar\\\/84a817ba065b29ff08d666b215a215f5c79186a645ccb25b14a663d48a130f77?s=96&d=mm&r=g\",\"caption\":\"alcalde\"},\"url\":\"https:\\\/\\\/www.caudete.org\\\/ayuntamiento\\\/author\\\/alcalde\\\/\"}]}<\/script>\n<!-- \/ Yoast SEO plugin. -->","yoast_head_json":{"title":"Se plantan 8 moreras en el MERENDERO y 11 en la zona de c\u00e9sped de la PISCINA - MI Ayuntamiento de Caudete","description":"P\u00e1gina Oficial del Ayuntamiento de Caudete (Albacete)","robots":{"index":"index","follow":"follow","max-snippet":"max-snippet:-1","max-image-preview":"max-image-preview:large","max-video-preview":"max-video-preview:-1"},"canonical":"https:\/\/www.caudete.org\/ayuntamiento\/se-plantan-8-moreras-en-el-merendero-y-11-en-la-zona-de-cesped-de-la-piscina\/","og_locale":"es_ES","og_type":"article","og_title":"Se plantan 8 moreras en el MERENDERO y 11 en la zona de c\u00e9sped de la PISCINA - MI Ayuntamiento de Caudete","og_description":"P\u00e1gina Oficial del Ayuntamiento de Caudete (Albacete)","og_url":"https:\/\/www.caudete.org\/ayuntamiento\/se-plantan-8-moreras-en-el-merendero-y-11-en-la-zona-de-cesped-de-la-piscina\/","og_site_name":"MI Ayuntamiento de Caudete","article_publisher":"https:\/\/www.facebook.com\/ayuntamientocaudete\/","article_published_time":"2025-06-17T06:00:15+00:00","og_image":[{"width":1600,"height":900,"url":"https:\/\/www.caudete.org\/ayuntamiento\/wp-content\/uploads\/2025\/06\/merendero-pilar-moises.jpeg","type":"image\/jpeg"}],"author":"alcalde","twitter_card":"summary_large_image","twitter_misc":{"Escrito por":"alcalde","Tiempo de lectura":"2 minutos"},"schema":{"@context":"https:\/\/schema.org","@graph":[{"@type":"Article","@id":"https:\/\/www.caudete.org\/ayuntamiento\/se-plantan-8-moreras-en-el-merendero-y-11-en-la-zona-de-cesped-de-la-piscina\/#article","isPartOf":{"@id":"https:\/\/www.caudete.org\/ayuntamiento\/se-plantan-8-moreras-en-el-merendero-y-11-en-la-zona-de-cesped-de-la-piscina\/"},"author":{"name":"alcalde","@id":"https:\/\/www.caudete.org\/ayuntamiento\/#\/schema\/person\/cc646da9133078ee4d8dd47457947253"},"headline":"Se plantan 8 moreras en el MERENDERO y 11 en la zona de c\u00e9sped de la PISCINA","datePublished":"2025-06-17T06:00:15+00:00","mainEntityOfPage":{"@id":"https:\/\/www.caudete.org\/ayuntamiento\/se-plantan-8-moreras-en-el-merendero-y-11-en-la-zona-de-cesped-de-la-piscina\/"},"wordCount":242,"image":{"@id":"https:\/\/www.caudete.org\/ayuntamiento\/se-plantan-8-moreras-en-el-merendero-y-11-en-la-zona-de-cesped-de-la-piscina\/#primaryimage"},"thumbnailUrl":"https:\/\/www.caudete.org\/ayuntamiento\/wp-content\/uploads\/2025\/06\/merendero-pilar-moises.jpeg","articleSection":["Deportes"],"inLanguage":"es"},{"@type":"WebPage","@id":"https:\/\/www.caudete.org\/ayuntamiento\/se-plantan-8-moreras-en-el-merendero-y-11-en-la-zona-de-cesped-de-la-piscina\/","url":"https:\/\/www.caudete.org\/ayuntamiento\/se-plantan-8-moreras-en-el-merendero-y-11-en-la-zona-de-cesped-de-la-piscina\/","name":"Se plantan 8 moreras en el MERENDERO y 11 en la zona de c\u00e9sped de la PISCINA - MI Ayuntamiento de Caudete","isPartOf":{"@id":"https:\/\/www.caudete.org\/ayuntamiento\/#website"},"primaryImageOfPage":{"@id":"https:\/\/www.caudete.org\/ayuntamiento\/se-plantan-8-moreras-en-el-merendero-y-11-en-la-zona-de-cesped-de-la-piscina\/#primaryimage"},"image":{"@id":"https:\/\/www.caudete.org\/ayuntamiento\/se-plantan-8-moreras-en-el-merendero-y-11-en-la-zona-de-cesped-de-la-piscina\/#primaryimage"},"thumbnailUrl":"https:\/\/www.caudete.org\/ayuntamiento\/wp-content\/uploads\/2025\/06\/merendero-pilar-moises.jpeg","datePublished":"2025-06-17T06:00:15+00:00","author":{"@id":"https:\/\/www.caudete.org\/ayuntamiento\/#\/schema\/person\/cc646da9133078ee4d8dd47457947253"},"description":"P\u00e1gina Oficial del Ayuntamiento de Caudete (Albacete)","breadcrumb":{"@id":"https:\/\/www.caudete.org\/ayuntamiento\/se-plantan-8-moreras-en-el-merendero-y-11-en-la-zona-de-cesped-de-la-piscina\/#breadcrumb"},"inLanguage":"es","potentialAction":[{"@type":"ReadAction","target":["https:\/\/www.caudete.org\/ayuntamiento\/se-plantan-8-moreras-en-el-merendero-y-11-en-la-zona-de-cesped-de-la-piscina\/"]}]},{"@type":"ImageObject","inLanguage":"es","@id":"https:\/\/www.caudete.org\/ayuntamiento\/se-plantan-8-moreras-en-el-merendero-y-11-en-la-zona-de-cesped-de-la-piscina\/#primaryimage","url":"https:\/\/www.caudete.org\/ayuntamiento\/wp-content\/uploads\/2025\/06\/merendero-pilar-moises.jpeg","contentUrl":"https:\/\/www.caudete.org\/ayuntamiento\/wp-content\/uploads\/2025\/06\/merendero-pilar-moises.jpeg","width":1600,"height":900},{"@type":"BreadcrumbList","@id":"https:\/\/www.caudete.org\/ayuntamiento\/se-plantan-8-moreras-en-el-merendero-y-11-en-la-zona-de-cesped-de-la-piscina\/#breadcrumb","itemListElement":[{"@type":"ListItem","position":1,"name":"Inicio","item":"https:\/\/www.caudete.org\/ayuntamiento\/"},{"@type":"ListItem","position":2,"name":"Se plantan 8 moreras en el MERENDERO y 11 en la zona de c\u00e9sped de la PISCINA"}]},{"@type":"WebSite","@id":"https:\/\/www.caudete.org\/ayuntamiento\/#website","url":"https:\/\/www.caudete.org\/ayuntamiento\/","name":"MI Ayuntamiento de Caudete","description":"P\u00e1gina Oficial del MI Ayuntamiento de Caudete","potentialAction":[{"@type":"SearchAction","target":{"@type":"EntryPoint","urlTemplate":"https:\/\/www.caudete.org\/ayuntamiento\/?s={search_term_string}"},"query-input":{"@type":"PropertyValueSpecification","valueRequired":true,"valueName":"search_term_string"}}],"inLanguage":"es"},{"@type":"Person","@id":"https:\/\/www.caudete.org\/ayuntamiento\/#\/schema\/person\/cc646da9133078ee4d8dd47457947253","name":"alcalde","image":{"@type":"ImageObject","inLanguage":"es","@id":"https:\/\/secure.gravatar.com\/avatar\/84a817ba065b29ff08d666b215a215f5c79186a645ccb25b14a663d48a130f77?s=96&d=mm&r=g","url":"https:\/\/secure.gravatar.com\/avatar\/84a817ba065b29ff08d666b215a215f5c79186a645ccb25b14a663d48a130f77?s=96&d=mm&r=g","contentUrl":"https:\/\/secure.gravatar.com\/avatar\/84a817ba065b29ff08d666b215a215f5c79186a645ccb25b14a663d48a130f77?s=96&d=mm&r=g","caption":"alcalde"},"url":"https:\/\/www.caudete.org\/ayuntamiento\/author\/alcalde\/"}]}},"_links":{"self":[{"href":"https:\/\/www.caudete.org\/ayuntamiento\/wp-json\/wp\/v2\/posts\/29161","targetHints":{"allow":["GET"]}}],"collection":[{"href":"https:\/\/www.caudete.org\/ayuntamiento\/wp-json\/wp\/v2\/posts"}],"about":[{"href":"https:\/\/www.caudete.org\/ayuntamiento\/wp-json\/wp\/v2\/types\/post"}],"author":[{"embeddable":true,"href":"https:\/\/www.caudete.org\/ayuntamiento\/wp-json\/wp\/v2\/users\/3"}],"replies":[{"embeddable":true,"href":"https:\/\/www.caudete.org\/ayuntamiento\/wp-json\/wp\/v2\/comments?post=29161"}],"version-history":[{"count":2,"href":"https:\/\/www.caudete.org\/ayuntamiento\/wp-json\/wp\/v2\/posts\/29161\/revisions"}],"predecessor-version":[{"id":29163,"href":"https:\/\/www.caudete.org\/ayuntamiento\/wp-json\/wp\/v2\/posts\/29161\/revisions\/29163"}],"wp:featuredmedia":[{"embeddable":true,"href":"https:\/\/www.caudete.org\/ayuntamiento\/wp-json\/wp\/v2\/media\/29159"}],"wp:attachment":[{"href":"https:\/\/www.caudete.org\/ayuntamiento\/wp-json\/wp\/v2\/media?parent=29161"}],"wp:term":[{"taxonomy":"category","embeddable":true,"href":"https:\/\/www.caudete.org\/ayuntamiento\/wp-json\/wp\/v2\/categories?post=29161"},{"taxonomy":"post_tag","embeddable":true,"href":"https:\/\/www.caudete.org\/ayuntamiento\/wp-json\/wp\/v2\/tags?post=29161"}],"curies":[{"name":"wp","href":"https:\/\/api.w.org\/{rel}","templated":true}]}}