{"id":29169,"date":"2025-06-18T08:00:16","date_gmt":"2025-06-18T06:00:16","guid":{"rendered":"https:\/\/www.caudete.org\/ayuntamiento\/?p=29169"},"modified":"2025-07-15T09:35:45","modified_gmt":"2025-07-15T07:35:45","slug":"vuelve-el-campamento-digital-este-verano-para-jovenes-entre-9-y-13-anos","status":"publish","type":"post","link":"https:\/\/www.caudete.org\/ayuntamiento\/vuelve-el-campamento-digital-este-verano-para-jovenes-entre-9-y-13-anos\/","title":{"rendered":"Vuelve el CAMPAMENTO DIGITAL este verano para j\u00f3venes entre 9 y 13 a\u00f1os"},"content":{"rendered":"<p style=\"text-align: justify;\" align=\"center\"><a href=\"https:\/\/www.caudete.org\/ayuntamiento\/wp-content\/uploads\/2025\/06\/portada.jpg\" rel='prettyPhoto'><img fetchpriority=\"high\" decoding=\"async\" class=\"alignnone wp-image-29165 size-full\" src=\"https:\/\/www.caudete.org\/ayuntamiento\/wp-content\/uploads\/2025\/06\/portada.jpg\" alt=\"\" width=\"1237\" height=\"312\" srcset=\"https:\/\/www.caudete.org\/ayuntamiento\/wp-content\/uploads\/2025\/06\/portada.jpg 1237w, https:\/\/www.caudete.org\/ayuntamiento\/wp-content\/uploads\/2025\/06\/portada-600x151.jpg 600w, https:\/\/www.caudete.org\/ayuntamiento\/wp-content\/uploads\/2025\/06\/portada-1200x303.jpg 1200w, https:\/\/www.caudete.org\/ayuntamiento\/wp-content\/uploads\/2025\/06\/portada-768x194.jpg 768w\" sizes=\"(max-width: 1237px) 100vw, 1237px\" \/><\/a><\/p>\n<p style=\"text-align: justify;\" align=\"center\"><span style=\"color: #1a1813; font-family: georgia, palatino, serif; font-size: 12pt;\"><span style=\"font-family: Source Serif 4, serif;\"><b><strong><span style=\"color: #000000;\">Vive una Experiencia \u00danica en el Campamento Digital <\/span><\/strong><strong><span style=\"color: #000000;\">de verano<\/span><\/strong><strong><span style=\"color: #000000;\">: Aprendizaje y Diversi\u00f3n<\/span><\/strong> <\/b><\/span><\/span><\/p>\n<p style=\"text-align: justify;\" align=\"justify\"><span style=\"color: #3a3a3a; font-family: georgia, palatino, serif; font-size: 12pt;\"><span style=\"color: #050505;\">La Concejal de Juventud, M\u00aaDolores Requena informa de <\/span><span style=\"color: #050505;\">una <\/span><span style=\"color: #050505;\"><b>nueva edici\u00f3n<\/b><\/span><span style=\"color: #050505;\"> del Campamento Digital 2025,<\/span><\/span><span style=\"color: #3a3a3a; font-family: georgia, palatino, serif; font-size: 12pt;\"><span style=\"color: #050505;\">\u00a0<\/span><span style=\"color: #050505;\">una iniciativa <\/span><span style=\"color: #050505;\"><b>gratuita<\/b><\/span><span style=\"color: #050505;\"> dirigida a <\/span><span style=\"color: #050505;\"><b>j\u00f3venes de entre 9 y 1<\/b><\/span><span style=\"color: #050505;\"><b>3<\/b><\/span><span style=\"color: #050505;\"><b> a\u00f1os<\/b><\/span><span style=\"color: #050505;\">, organizada por la <em>Fundaci\u00f3n Cibervoluntarios<\/em> en colaboraci\u00f3n con <\/span><span style=\"color: #050505;\">Sala Joven.<\/span><br \/>\n<\/span><\/p>\n<p style=\"text-align: justify;\" align=\"justify\"><span style=\"color: #050505; font-family: georgia, palatino, serif; font-size: 12pt;\">Campamento Digital plantea el <b>aprendizaje de forma l\u00fadica e interactiva<\/b>, en la que los participantes deber\u00e1n ir completando etapas y misiones para conseguir logros. <\/span><span style=\"color: #050505; font-family: georgia, palatino, serif; font-size: 12pt;\">De este modo , en cada aventura adquirir\u00e1n nuevas competencias en el uso de Internet y las herramientas digitales de forma<b> \u00fatil, creativa, segura y responsable.<\/b><\/span><\/p>\n<p style=\"text-align: justify;\" align=\"justify\"><span style=\"color: #050505; font-family: georgia, palatino, serif; font-size: 12pt;\">Al finalizar, los j\u00f3venes recibir\u00e1n un <b>certificado DigComp<\/b> , el cual, acredita los conocimientos y competencias adquiridos en la utilizaci\u00f3n de las Tecnolog\u00edas de la Informaci\u00f3n y las Comunicaciones dentro del marco europeo.<\/span><\/p>\n<p style=\"text-align: justify;\" align=\"justify\"><span style=\"color: #454545; font-family: georgia, palatino, serif; font-size: 12pt;\"><span style=\"color: #050505;\"><span lang=\"es-ES\">La actividad <\/span><\/span><span style=\"color: #050505;\"><span lang=\"es-ES\">t<\/span><\/span><span style=\"color: #050505;\"><span lang=\"es-ES\">endr\u00e1 lugar <\/span><\/span><span style=\"color: #050505;\"><span lang=\"es-ES\"><b>del <\/b><\/span><\/span><span style=\"color: #050505;\"><span lang=\"es-ES\"><b>4<\/b><\/span><\/span><span style=\"color: #050505;\"><span lang=\"es-ES\"><b> de <\/b><\/span><\/span><span style=\"color: #050505;\"><span lang=\"es-ES\"><b>agosto <\/b><\/span><\/span><span style=\"color: #050505;\"><span lang=\"es-ES\"><b>al <\/b><\/span><\/span><span style=\"color: #050505;\"><span lang=\"es-ES\"><b>18<\/b><\/span><\/span><span style=\"color: #050505;\"><span lang=\"es-ES\"><b> de <\/b><\/span><\/span><span style=\"color: #050505;\"><span lang=\"es-ES\"><b>agosto <\/b><\/span><\/span><span style=\"color: #050505;\"><span lang=\"es-ES\">de 10:30 a 13:30 horas<\/span><\/span><\/span><\/p>\n<p align=\"justify\">\n<p style=\"text-align: justify;\" align=\"justify\"><span style=\"color: #050505; font-family: georgia, palatino, serif; font-size: 12pt;\">Todas las personas interesadas pueden inscribirse o solicitar m\u00e1s informaci\u00f3n en <\/span><b style=\"color: #050505; font-family: georgia, palatino, serif; font-size: 12pt;\">Sala Joven <\/b>(<span style=\"color: #050505; font-family: georgia, palatino, serif; font-size: 12pt;\">Tel\u00e9fono 96.582.82.84). <\/span><span style=\"color: #454545; font-family: georgia, palatino, serif; font-size: 12pt;\"><span style=\"color: #050505;\"><span lang=\"es-ES\">E<\/span><\/span><span style=\"color: #050505;\"><span lang=\"es-ES\">&#8211; mail: <\/span><\/span><a href=\"mailto:juventud@caudete.org\" target=\"_blank\" rel=\"nofollow\">juventud@caudete.org<\/a> <\/span><\/p>\n<p align=\"justify\">\n<p style=\"text-align: justify;\" align=\"justify\"><span style=\"color: #444444; font-family: georgia, palatino, serif; font-size: 12pt;\"><i><span style=\"color: #050505;\">Este campamento<\/span><span style=\"color: #040404;\"> es una iniciativa impulsada por Fundaci\u00f3n Cibervoluntarios, dentro del Programa de Competencias Digitales para la Infancia, CODI, puesto en marcha por el Ministerio de Juventud e Infancia, financiado por la Uni\u00f3n Europea-Next Generation EU.<\/span><\/i><\/span><\/p>\n<p style=\"text-align: justify;\" align=\"justify\"><span style=\"color: #3a3a3a; font-family: georgia, palatino, serif; font-size: 12pt;\"><i><\/i><br \/>\n<span style=\"color: #000000;\">\u00a1No te pierdas esta oportunidad de aprender y divertirte en el Campamento Digital!<\/span> <\/span><\/p>\n<p align=\"justify\"><a href=\"https:\/\/www.caudete.org\/ayuntamiento\/wp-content\/uploads\/2025\/06\/cam-4.jpg\" rel='prettyPhoto'><img decoding=\"async\" class=\"alignnone wp-image-29166 size-full\" src=\"https:\/\/www.caudete.org\/ayuntamiento\/wp-content\/uploads\/2025\/06\/cam-4.jpg\" alt=\"\" width=\"2245\" height=\"1587\" srcset=\"https:\/\/www.caudete.org\/ayuntamiento\/wp-content\/uploads\/2025\/06\/cam-4.jpg 2245w, https:\/\/www.caudete.org\/ayuntamiento\/wp-content\/uploads\/2025\/06\/cam-4-566x400.jpg 566w, https:\/\/www.caudete.org\/ayuntamiento\/wp-content\/uploads\/2025\/06\/cam-4-1132x800.jpg 1132w, https:\/\/www.caudete.org\/ayuntamiento\/wp-content\/uploads\/2025\/06\/cam-4-768x543.jpg 768w, https:\/\/www.caudete.org\/ayuntamiento\/wp-content\/uploads\/2025\/06\/cam-4-1536x1086.jpg 1536w, https:\/\/www.caudete.org\/ayuntamiento\/wp-content\/uploads\/2025\/06\/cam-4-2048x1448.jpg 2048w\" sizes=\"(max-width: 2245px) 100vw, 2245px\" \/><\/a><\/p>\n","protected":false},"excerpt":{"rendered":"<p>Vive una Experiencia \u00danica en el Campamento Digital de verano: Aprendizaje y Diversi\u00f3n La Concejal de Juventud, M\u00aaDolores Requena informa de una nueva edici\u00f3n del Campamento Digital 2025,\u00a0una iniciativa gratuita dirigida a j\u00f3venes de entre 9 y 13 a\u00f1os, organizada por la Fundaci\u00f3n Cibervoluntarios en colaboraci\u00f3n con Sala Joven. Campamento Digital plantea el aprendizaje de &hellip;<\/p>\n","protected":false},"author":3,"featured_media":29165,"comment_status":"closed","ping_status":"open","sticky":false,"template":"","format":"standard","meta":{"ngg_post_thumbnail":0,"footnotes":""},"categories":[121],"tags":[],"class_list":["post-29169","post","type-post","status-publish","format-standard","has-post-thumbnail","hentry","category-juventud-2"],"yoast_head":"<!-- This site is optimized with the Yoast SEO plugin v27.4 - https:\/\/yoast.com\/product\/yoast-seo-wordpress\/ -->\n<title>Vuelve el CAMPAMENTO DIGITAL este verano para j\u00f3venes entre 9 y 13 a\u00f1os - MI Ayuntamiento de Caudete<\/title>\n<meta name=\"description\" content=\"P\u00e1gina Oficial del Ayuntamiento de Caudete (Albacete)\" \/>\n<meta name=\"robots\" content=\"index, follow, max-snippet:-1, max-image-preview:large, max-video-preview:-1\" \/>\n<link rel=\"canonical\" href=\"https:\/\/www.caudete.org\/ayuntamiento\/vuelve-el-campamento-digital-este-verano-para-jovenes-entre-9-y-13-anos\/\" \/>\n<meta property=\"og:locale\" content=\"es_ES\" \/>\n<meta property=\"og:type\" content=\"article\" \/>\n<meta property=\"og:title\" content=\"Vuelve el CAMPAMENTO DIGITAL este verano para j\u00f3venes entre 9 y 13 a\u00f1os - MI Ayuntamiento de Caudete\" \/>\n<meta property=\"og:description\" content=\"P\u00e1gina Oficial del Ayuntamiento de Caudete (Albacete)\" \/>\n<meta property=\"og:url\" content=\"https:\/\/www.caudete.org\/ayuntamiento\/vuelve-el-campamento-digital-este-verano-para-jovenes-entre-9-y-13-anos\/\" \/>\n<meta property=\"og:site_name\" content=\"MI Ayuntamiento de Caudete\" \/>\n<meta property=\"article:publisher\" content=\"https:\/\/www.facebook.com\/ayuntamientocaudete\/\" \/>\n<meta property=\"article:published_time\" content=\"2025-06-18T06:00:16+00:00\" \/>\n<meta property=\"article:modified_time\" content=\"2025-07-15T07:35:45+00:00\" \/>\n<meta property=\"og:image\" content=\"https:\/\/www.caudete.org\/ayuntamiento\/wp-content\/uploads\/2025\/06\/portada.jpg\" \/>\n\t<meta property=\"og:image:width\" content=\"1237\" \/>\n\t<meta property=\"og:image:height\" content=\"312\" \/>\n\t<meta property=\"og:image:type\" content=\"image\/jpeg\" \/>\n<meta name=\"author\" content=\"alcalde\" \/>\n<meta name=\"twitter:card\" content=\"summary_large_image\" \/>\n<meta name=\"twitter:label1\" content=\"Escrito por\" \/>\n\t<meta name=\"twitter:data1\" content=\"alcalde\" \/>\n\t<meta name=\"twitter:label2\" content=\"Tiempo de lectura\" \/>\n\t<meta name=\"twitter:data2\" content=\"2 minutos\" \/>\n<script type=\"application\/ld+json\" class=\"yoast-schema-graph\">{\"@context\":\"https:\\\/\\\/schema.org\",\"@graph\":[{\"@type\":\"Article\",\"@id\":\"https:\\\/\\\/www.caudete.org\\\/ayuntamiento\\\/vuelve-el-campamento-digital-este-verano-para-jovenes-entre-9-y-13-anos\\\/#article\",\"isPartOf\":{\"@id\":\"https:\\\/\\\/www.caudete.org\\\/ayuntamiento\\\/vuelve-el-campamento-digital-este-verano-para-jovenes-entre-9-y-13-anos\\\/\"},\"author\":{\"name\":\"alcalde\",\"@id\":\"https:\\\/\\\/www.caudete.org\\\/ayuntamiento\\\/#\\\/schema\\\/person\\\/cc646da9133078ee4d8dd47457947253\"},\"headline\":\"Vuelve el CAMPAMENTO DIGITAL este verano para j\u00f3venes entre 9 y 13 a\u00f1os\",\"datePublished\":\"2025-06-18T06:00:16+00:00\",\"dateModified\":\"2025-07-15T07:35:45+00:00\",\"mainEntityOfPage\":{\"@id\":\"https:\\\/\\\/www.caudete.org\\\/ayuntamiento\\\/vuelve-el-campamento-digital-este-verano-para-jovenes-entre-9-y-13-anos\\\/\"},\"wordCount\":244,\"publisher\":{\"@id\":\"https:\\\/\\\/www.caudete.org\\\/ayuntamiento\\\/#organization\"},\"image\":{\"@id\":\"https:\\\/\\\/www.caudete.org\\\/ayuntamiento\\\/vuelve-el-campamento-digital-este-verano-para-jovenes-entre-9-y-13-anos\\\/#primaryimage\"},\"thumbnailUrl\":\"https:\\\/\\\/www.caudete.org\\\/ayuntamiento\\\/wp-content\\\/uploads\\\/2025\\\/06\\\/portada.jpg\",\"articleSection\":[\"Juventud\"],\"inLanguage\":\"es\"},{\"@type\":\"WebPage\",\"@id\":\"https:\\\/\\\/www.caudete.org\\\/ayuntamiento\\\/vuelve-el-campamento-digital-este-verano-para-jovenes-entre-9-y-13-anos\\\/\",\"url\":\"https:\\\/\\\/www.caudete.org\\\/ayuntamiento\\\/vuelve-el-campamento-digital-este-verano-para-jovenes-entre-9-y-13-anos\\\/\",\"name\":\"Vuelve el CAMPAMENTO DIGITAL este verano para j\u00f3venes entre 9 y 13 a\u00f1os - MI Ayuntamiento de Caudete\",\"isPartOf\":{\"@id\":\"https:\\\/\\\/www.caudete.org\\\/ayuntamiento\\\/#website\"},\"primaryImageOfPage\":{\"@id\":\"https:\\\/\\\/www.caudete.org\\\/ayuntamiento\\\/vuelve-el-campamento-digital-este-verano-para-jovenes-entre-9-y-13-anos\\\/#primaryimage\"},\"image\":{\"@id\":\"https:\\\/\\\/www.caudete.org\\\/ayuntamiento\\\/vuelve-el-campamento-digital-este-verano-para-jovenes-entre-9-y-13-anos\\\/#primaryimage\"},\"thumbnailUrl\":\"https:\\\/\\\/www.caudete.org\\\/ayuntamiento\\\/wp-content\\\/uploads\\\/2025\\\/06\\\/portada.jpg\",\"datePublished\":\"2025-06-18T06:00:16+00:00\",\"dateModified\":\"2025-07-15T07:35:45+00:00\",\"description\":\"P\u00e1gina Oficial del Ayuntamiento de Caudete (Albacete)\",\"breadcrumb\":{\"@id\":\"https:\\\/\\\/www.caudete.org\\\/ayuntamiento\\\/vuelve-el-campamento-digital-este-verano-para-jovenes-entre-9-y-13-anos\\\/#breadcrumb\"},\"inLanguage\":\"es\",\"potentialAction\":[{\"@type\":\"ReadAction\",\"target\":[\"https:\\\/\\\/www.caudete.org\\\/ayuntamiento\\\/vuelve-el-campamento-digital-este-verano-para-jovenes-entre-9-y-13-anos\\\/\"]}]},{\"@type\":\"ImageObject\",\"inLanguage\":\"es\",\"@id\":\"https:\\\/\\\/www.caudete.org\\\/ayuntamiento\\\/vuelve-el-campamento-digital-este-verano-para-jovenes-entre-9-y-13-anos\\\/#primaryimage\",\"url\":\"https:\\\/\\\/www.caudete.org\\\/ayuntamiento\\\/wp-content\\\/uploads\\\/2025\\\/06\\\/portada.jpg\",\"contentUrl\":\"https:\\\/\\\/www.caudete.org\\\/ayuntamiento\\\/wp-content\\\/uploads\\\/2025\\\/06\\\/portada.jpg\",\"width\":1237,\"height\":312},{\"@type\":\"BreadcrumbList\",\"@id\":\"https:\\\/\\\/www.caudete.org\\\/ayuntamiento\\\/vuelve-el-campamento-digital-este-verano-para-jovenes-entre-9-y-13-anos\\\/#breadcrumb\",\"itemListElement\":[{\"@type\":\"ListItem\",\"position\":1,\"name\":\"Inicio\",\"item\":\"https:\\\/\\\/www.caudete.org\\\/ayuntamiento\\\/\"},{\"@type\":\"ListItem\",\"position\":2,\"name\":\"Vuelve el CAMPAMENTO DIGITAL este verano para j\u00f3venes entre 9 y 13 a\u00f1os\"}]},{\"@type\":\"WebSite\",\"@id\":\"https:\\\/\\\/www.caudete.org\\\/ayuntamiento\\\/#website\",\"url\":\"https:\\\/\\\/www.caudete.org\\\/ayuntamiento\\\/\",\"name\":\"MI Ayuntamiento de Caudete\",\"description\":\"P\u00e1gina Oficial del MI Ayuntamiento de Caudete\",\"publisher\":{\"@id\":\"https:\\\/\\\/www.caudete.org\\\/ayuntamiento\\\/#organization\"},\"potentialAction\":[{\"@type\":\"SearchAction\",\"target\":{\"@type\":\"EntryPoint\",\"urlTemplate\":\"https:\\\/\\\/www.caudete.org\\\/ayuntamiento\\\/?s={search_term_string}\"},\"query-input\":{\"@type\":\"PropertyValueSpecification\",\"valueRequired\":true,\"valueName\":\"search_term_string\"}}],\"inLanguage\":\"es\"},{\"@type\":\"Organization\",\"@id\":\"https:\\\/\\\/www.caudete.org\\\/ayuntamiento\\\/#organization\",\"name\":\"Ayuntamiento de Caudete\",\"url\":\"https:\\\/\\\/www.caudete.org\\\/ayuntamiento\\\/\",\"logo\":{\"@type\":\"ImageObject\",\"inLanguage\":\"es\",\"@id\":\"https:\\\/\\\/www.caudete.org\\\/ayuntamiento\\\/#\\\/schema\\\/logo\\\/image\\\/\",\"url\":\"https:\\\/\\\/www.caudete.org\\\/ayuntamiento\\\/wp-content\\\/uploads\\\/2020\\\/11\\\/logo_ayuntamiento_caudete.jpg\",\"contentUrl\":\"https:\\\/\\\/www.caudete.org\\\/ayuntamiento\\\/wp-content\\\/uploads\\\/2020\\\/11\\\/logo_ayuntamiento_caudete.jpg\",\"width\":600,\"height\":150,\"caption\":\"Ayuntamiento de Caudete\"},\"image\":{\"@id\":\"https:\\\/\\\/www.caudete.org\\\/ayuntamiento\\\/#\\\/schema\\\/logo\\\/image\\\/\"},\"sameAs\":[\"https:\\\/\\\/www.facebook.com\\\/ayuntamientocaudete\\\/\",\"https:\\\/\\\/www.youtube.com\\\/channel\\\/UC6VztHaooNsGpw-tNoBEFnQ\"]},{\"@type\":\"Person\",\"@id\":\"https:\\\/\\\/www.caudete.org\\\/ayuntamiento\\\/#\\\/schema\\\/person\\\/cc646da9133078ee4d8dd47457947253\",\"name\":\"alcalde\",\"image\":{\"@type\":\"ImageObject\",\"inLanguage\":\"es\",\"@id\":\"https:\\\/\\\/secure.gravatar.com\\\/avatar\\\/84a817ba065b29ff08d666b215a215f5c79186a645ccb25b14a663d48a130f77?s=96&d=mm&r=g\",\"url\":\"https:\\\/\\\/secure.gravatar.com\\\/avatar\\\/84a817ba065b29ff08d666b215a215f5c79186a645ccb25b14a663d48a130f77?s=96&d=mm&r=g\",\"contentUrl\":\"https:\\\/\\\/secure.gravatar.com\\\/avatar\\\/84a817ba065b29ff08d666b215a215f5c79186a645ccb25b14a663d48a130f77?s=96&d=mm&r=g\",\"caption\":\"alcalde\"},\"url\":\"https:\\\/\\\/www.caudete.org\\\/ayuntamiento\\\/author\\\/alcalde\\\/\"}]}<\/script>\n<!-- \/ Yoast SEO plugin. -->","yoast_head_json":{"title":"Vuelve el CAMPAMENTO DIGITAL este verano para j\u00f3venes entre 9 y 13 a\u00f1os - MI Ayuntamiento de Caudete","description":"P\u00e1gina Oficial del Ayuntamiento de Caudete (Albacete)","robots":{"index":"index","follow":"follow","max-snippet":"max-snippet:-1","max-image-preview":"max-image-preview:large","max-video-preview":"max-video-preview:-1"},"canonical":"https:\/\/www.caudete.org\/ayuntamiento\/vuelve-el-campamento-digital-este-verano-para-jovenes-entre-9-y-13-anos\/","og_locale":"es_ES","og_type":"article","og_title":"Vuelve el CAMPAMENTO DIGITAL este verano para j\u00f3venes entre 9 y 13 a\u00f1os - MI Ayuntamiento de Caudete","og_description":"P\u00e1gina Oficial del Ayuntamiento de Caudete (Albacete)","og_url":"https:\/\/www.caudete.org\/ayuntamiento\/vuelve-el-campamento-digital-este-verano-para-jovenes-entre-9-y-13-anos\/","og_site_name":"MI Ayuntamiento de Caudete","article_publisher":"https:\/\/www.facebook.com\/ayuntamientocaudete\/","article_published_time":"2025-06-18T06:00:16+00:00","article_modified_time":"2025-07-15T07:35:45+00:00","og_image":[{"width":1237,"height":312,"url":"https:\/\/www.caudete.org\/ayuntamiento\/wp-content\/uploads\/2025\/06\/portada.jpg","type":"image\/jpeg"}],"author":"alcalde","twitter_card":"summary_large_image","twitter_misc":{"Escrito por":"alcalde","Tiempo de lectura":"2 minutos"},"schema":{"@context":"https:\/\/schema.org","@graph":[{"@type":"Article","@id":"https:\/\/www.caudete.org\/ayuntamiento\/vuelve-el-campamento-digital-este-verano-para-jovenes-entre-9-y-13-anos\/#article","isPartOf":{"@id":"https:\/\/www.caudete.org\/ayuntamiento\/vuelve-el-campamento-digital-este-verano-para-jovenes-entre-9-y-13-anos\/"},"author":{"name":"alcalde","@id":"https:\/\/www.caudete.org\/ayuntamiento\/#\/schema\/person\/cc646da9133078ee4d8dd47457947253"},"headline":"Vuelve el CAMPAMENTO DIGITAL este verano para j\u00f3venes entre 9 y 13 a\u00f1os","datePublished":"2025-06-18T06:00:16+00:00","dateModified":"2025-07-15T07:35:45+00:00","mainEntityOfPage":{"@id":"https:\/\/www.caudete.org\/ayuntamiento\/vuelve-el-campamento-digital-este-verano-para-jovenes-entre-9-y-13-anos\/"},"wordCount":244,"publisher":{"@id":"https:\/\/www.caudete.org\/ayuntamiento\/#organization"},"image":{"@id":"https:\/\/www.caudete.org\/ayuntamiento\/vuelve-el-campamento-digital-este-verano-para-jovenes-entre-9-y-13-anos\/#primaryimage"},"thumbnailUrl":"https:\/\/www.caudete.org\/ayuntamiento\/wp-content\/uploads\/2025\/06\/portada.jpg","articleSection":["Juventud"],"inLanguage":"es"},{"@type":"WebPage","@id":"https:\/\/www.caudete.org\/ayuntamiento\/vuelve-el-campamento-digital-este-verano-para-jovenes-entre-9-y-13-anos\/","url":"https:\/\/www.caudete.org\/ayuntamiento\/vuelve-el-campamento-digital-este-verano-para-jovenes-entre-9-y-13-anos\/","name":"Vuelve el CAMPAMENTO DIGITAL este verano para j\u00f3venes entre 9 y 13 a\u00f1os - MI Ayuntamiento de Caudete","isPartOf":{"@id":"https:\/\/www.caudete.org\/ayuntamiento\/#website"},"primaryImageOfPage":{"@id":"https:\/\/www.caudete.org\/ayuntamiento\/vuelve-el-campamento-digital-este-verano-para-jovenes-entre-9-y-13-anos\/#primaryimage"},"image":{"@id":"https:\/\/www.caudete.org\/ayuntamiento\/vuelve-el-campamento-digital-este-verano-para-jovenes-entre-9-y-13-anos\/#primaryimage"},"thumbnailUrl":"https:\/\/www.caudete.org\/ayuntamiento\/wp-content\/uploads\/2025\/06\/portada.jpg","datePublished":"2025-06-18T06:00:16+00:00","dateModified":"2025-07-15T07:35:45+00:00","description":"P\u00e1gina Oficial del Ayuntamiento de Caudete (Albacete)","breadcrumb":{"@id":"https:\/\/www.caudete.org\/ayuntamiento\/vuelve-el-campamento-digital-este-verano-para-jovenes-entre-9-y-13-anos\/#breadcrumb"},"inLanguage":"es","potentialAction":[{"@type":"ReadAction","target":["https:\/\/www.caudete.org\/ayuntamiento\/vuelve-el-campamento-digital-este-verano-para-jovenes-entre-9-y-13-anos\/"]}]},{"@type":"ImageObject","inLanguage":"es","@id":"https:\/\/www.caudete.org\/ayuntamiento\/vuelve-el-campamento-digital-este-verano-para-jovenes-entre-9-y-13-anos\/#primaryimage","url":"https:\/\/www.caudete.org\/ayuntamiento\/wp-content\/uploads\/2025\/06\/portada.jpg","contentUrl":"https:\/\/www.caudete.org\/ayuntamiento\/wp-content\/uploads\/2025\/06\/portada.jpg","width":1237,"height":312},{"@type":"BreadcrumbList","@id":"https:\/\/www.caudete.org\/ayuntamiento\/vuelve-el-campamento-digital-este-verano-para-jovenes-entre-9-y-13-anos\/#breadcrumb","itemListElement":[{"@type":"ListItem","position":1,"name":"Inicio","item":"https:\/\/www.caudete.org\/ayuntamiento\/"},{"@type":"ListItem","position":2,"name":"Vuelve el CAMPAMENTO DIGITAL este verano para j\u00f3venes entre 9 y 13 a\u00f1os"}]},{"@type":"WebSite","@id":"https:\/\/www.caudete.org\/ayuntamiento\/#website","url":"https:\/\/www.caudete.org\/ayuntamiento\/","name":"MI Ayuntamiento de Caudete","description":"P\u00e1gina Oficial del MI Ayuntamiento de Caudete","publisher":{"@id":"https:\/\/www.caudete.org\/ayuntamiento\/#organization"},"potentialAction":[{"@type":"SearchAction","target":{"@type":"EntryPoint","urlTemplate":"https:\/\/www.caudete.org\/ayuntamiento\/?s={search_term_string}"},"query-input":{"@type":"PropertyValueSpecification","valueRequired":true,"valueName":"search_term_string"}}],"inLanguage":"es"},{"@type":"Organization","@id":"https:\/\/www.caudete.org\/ayuntamiento\/#organization","name":"Ayuntamiento de Caudete","url":"https:\/\/www.caudete.org\/ayuntamiento\/","logo":{"@type":"ImageObject","inLanguage":"es","@id":"https:\/\/www.caudete.org\/ayuntamiento\/#\/schema\/logo\/image\/","url":"https:\/\/www.caudete.org\/ayuntamiento\/wp-content\/uploads\/2020\/11\/logo_ayuntamiento_caudete.jpg","contentUrl":"https:\/\/www.caudete.org\/ayuntamiento\/wp-content\/uploads\/2020\/11\/logo_ayuntamiento_caudete.jpg","width":600,"height":150,"caption":"Ayuntamiento de Caudete"},"image":{"@id":"https:\/\/www.caudete.org\/ayuntamiento\/#\/schema\/logo\/image\/"},"sameAs":["https:\/\/www.facebook.com\/ayuntamientocaudete\/","https:\/\/www.youtube.com\/channel\/UC6VztHaooNsGpw-tNoBEFnQ"]},{"@type":"Person","@id":"https:\/\/www.caudete.org\/ayuntamiento\/#\/schema\/person\/cc646da9133078ee4d8dd47457947253","name":"alcalde","image":{"@type":"ImageObject","inLanguage":"es","@id":"https:\/\/secure.gravatar.com\/avatar\/84a817ba065b29ff08d666b215a215f5c79186a645ccb25b14a663d48a130f77?s=96&d=mm&r=g","url":"https:\/\/secure.gravatar.com\/avatar\/84a817ba065b29ff08d666b215a215f5c79186a645ccb25b14a663d48a130f77?s=96&d=mm&r=g","contentUrl":"https:\/\/secure.gravatar.com\/avatar\/84a817ba065b29ff08d666b215a215f5c79186a645ccb25b14a663d48a130f77?s=96&d=mm&r=g","caption":"alcalde"},"url":"https:\/\/www.caudete.org\/ayuntamiento\/author\/alcalde\/"}]}},"_links":{"self":[{"href":"https:\/\/www.caudete.org\/ayuntamiento\/wp-json\/wp\/v2\/posts\/29169","targetHints":{"allow":["GET"]}}],"collection":[{"href":"https:\/\/www.caudete.org\/ayuntamiento\/wp-json\/wp\/v2\/posts"}],"about":[{"href":"https:\/\/www.caudete.org\/ayuntamiento\/wp-json\/wp\/v2\/types\/post"}],"author":[{"embeddable":true,"href":"https:\/\/www.caudete.org\/ayuntamiento\/wp-json\/wp\/v2\/users\/3"}],"replies":[{"embeddable":true,"href":"https:\/\/www.caudete.org\/ayuntamiento\/wp-json\/wp\/v2\/comments?post=29169"}],"version-history":[{"count":2,"href":"https:\/\/www.caudete.org\/ayuntamiento\/wp-json\/wp\/v2\/posts\/29169\/revisions"}],"predecessor-version":[{"id":29179,"href":"https:\/\/www.caudete.org\/ayuntamiento\/wp-json\/wp\/v2\/posts\/29169\/revisions\/29179"}],"wp:featuredmedia":[{"embeddable":true,"href":"https:\/\/www.caudete.org\/ayuntamiento\/wp-json\/wp\/v2\/media\/29165"}],"wp:attachment":[{"href":"https:\/\/www.caudete.org\/ayuntamiento\/wp-json\/wp\/v2\/media?parent=29169"}],"wp:term":[{"taxonomy":"category","embeddable":true,"href":"https:\/\/www.caudete.org\/ayuntamiento\/wp-json\/wp\/v2\/categories?post=29169"},{"taxonomy":"post_tag","embeddable":true,"href":"https:\/\/www.caudete.org\/ayuntamiento\/wp-json\/wp\/v2\/tags?post=29169"}],"curies":[{"name":"wp","href":"https:\/\/api.w.org\/{rel}","templated":true}]}}