{"id":29394,"date":"2025-06-23T12:00:05","date_gmt":"2025-06-23T10:00:05","guid":{"rendered":"https:\/\/www.caudete.org\/ayuntamiento\/?p=29394"},"modified":"2025-06-30T07:55:34","modified_gmt":"2025-06-30T05:55:34","slug":"la-concejalia-de-sanidad-apoya-el-gran-prix-de-caudete-2025-organizado-por-adica-a-beneficio-de-la-investigacion-sobre-la-diabetes","status":"publish","type":"post","link":"https:\/\/www.caudete.org\/ayuntamiento\/la-concejalia-de-sanidad-apoya-el-gran-prix-de-caudete-2025-organizado-por-adica-a-beneficio-de-la-investigacion-sobre-la-diabetes\/","title":{"rendered":"Gran Prix de Caudete 2025, organizado por ADICA, a beneficio de la investigaci\u00f3n sobre la diabetes"},"content":{"rendered":"<p><span style=\"font-family: georgia, palatino, serif; font-size: 12pt;\">Mar\u00eda Mart\u00ednez Garc\u00eda desde la Concejal\u00eda de Sanidad del Ayuntamiento de Caudete queremos mostrar nuestro total apoyo al <b>Gran Prix 2025<\/b>, organizado por <b>ADICA (Asociaci\u00f3n de Diab\u00e9ticos de Caudete)<\/b>, una cita que une <b>diversi\u00f3n, salud y solidaridad<\/b>.<\/span><\/p>\n<p><span style=\"font-family: georgia, palatino, serif; font-size: 12pt;\">Este evento no solo representa una magn\u00edfica oportunidad para fomentar h\u00e1bitos de vida saludables a trav\u00e9s del deporte y el ocio al aire libre, sino que tiene adem\u00e1s un <b>firme compromiso solidario<\/b>: <b>la recaudaci\u00f3n obtenida se destinar\u00e1 a la investigaci\u00f3n de la enfermedad de la diabetes<\/b>, una causa que afecta a muchas personas y en la que el avance cient\u00edfico es clave para mejorar la calidad de vida de pacientes y familias.<\/span><\/p>\n<p><span style=\"font-family: georgia, palatino, serif; font-size: 12pt;\">Actividades como esta reflejan el esp\u00edritu de Caudete: un pueblo comprometido, alegre y solidario, donde las asociaciones, las familias y los j\u00f3venes se implican para hacer comunidad, cuidarse y ayudar.<\/span><\/p>\n<p><span style=\"font-family: georgia, palatino, serif; font-size: 12pt;\">Desde esta concejal\u00eda <b>animamos a todos los vecinos a participar<\/b>, ya sea formando parte de los equipos, colaborando con la causa o disfrutando como p\u00fablico. Con cada entrada, con cada aplauso, con cada gesto, estaremos aportando salud y esperanza.<\/span><\/p>\n<p><span style=\"font-family: georgia, palatino, serif; font-size: 12pt;\">\u00a1Gracias a ADICA por su incansable labor y a todos los que hac\u00e9is posible este tipo de iniciativas! muy en especial a su presidente Ra\u00fal Esteve Quilez y su directiva. <\/span><\/p>\n<p><span style=\"font-family: georgia, palatino, serif; font-size: 12pt;\"><span style=\"color: #000000;\"><i>Pr\u00f3ximo s\u00e1bado 28 de junio \u00a0<\/i><\/span><strong><span style=\"color: #000000;\"><span style=\"font-family: inherit, serif;\"><i>III Gran Prix<\/i><\/span><\/span><\/strong><span style=\"color: #000000;\"><i>\u00a0en beneficio de la\u00a0<\/i><\/span><span style=\"color: #0000ff;\"><u><a href=\"https:\/\/caudetedigital.com\/la-prestigiosa-doctora-marta-vives-pi-estara-presente-en-el-acto-de-donacion-de-fondos-de-la-asociacion-de-diabeticos-de-caudete-adica\/\" target=\"_blank\" rel=\"noopener nofollow\"><span style=\"color: #1e73be;\"><span style=\"font-family: inherit, serif;\"><i>Asociaci\u00f3n de Diab\u00e9ticos de Caudete (ADICA)<\/i><\/span><\/span><\/a><\/u><\/span><span style=\"color: #000000;\"><i>.<\/i><\/span><\/span><\/p>\n<p><span style=\"font-family: georgia, palatino, serif; font-size: 12pt;\"><span style=\"color: #000000;\"><i>El\u00a0<\/i><\/span><strong><span style=\"color: #000000;\"><span style=\"font-family: inherit, serif;\"><i>Gran Prix Infantil<\/i><\/span><\/span><\/strong><span style=\"color: #000000;\"><i>\u00a0tendr\u00e1 lugar de 19:00 a 20:00 horas, y el\u00a0<\/i><\/span><strong><span style=\"color: #000000;\"><span style=\"font-family: inherit, serif;\"><i>Gran Prix Senior<\/i><\/span><\/span><\/strong><span style=\"color: #000000;\"><i>\u00a0comenzar\u00e1 a las 21:00 horas.<\/i><\/span><\/span><\/p>\n<p>&nbsp;<\/p>\n<p><img fetchpriority=\"high\" decoding=\"async\" class=\"alignnone wp-image-29395 size-full\" src=\"https:\/\/www.caudete.org\/ayuntamiento\/wp-content\/uploads\/2025\/06\/gran-prix-2025-caudete-digital.jpg\" alt=\"\" width=\"1024\" height=\"560\" srcset=\"https:\/\/www.caudete.org\/ayuntamiento\/wp-content\/uploads\/2025\/06\/gran-prix-2025-caudete-digital.jpg 1024w, https:\/\/www.caudete.org\/ayuntamiento\/wp-content\/uploads\/2025\/06\/gran-prix-2025-caudete-digital-960x525.jpg 960w, https:\/\/www.caudete.org\/ayuntamiento\/wp-content\/uploads\/2025\/06\/gran-prix-2025-caudete-digital-350x191.jpg 350w, https:\/\/www.caudete.org\/ayuntamiento\/wp-content\/uploads\/2025\/06\/gran-prix-2025-caudete-digital-768x420.jpg 768w\" sizes=\"(max-width: 1024px) 100vw, 1024px\" \/><\/p>\n","protected":false},"excerpt":{"rendered":"<p>Mar\u00eda Mart\u00ednez Garc\u00eda desde la Concejal\u00eda de Sanidad del Ayuntamiento de Caudete queremos mostrar nuestro total apoyo al Gran Prix 2025, organizado por ADICA (Asociaci\u00f3n de Diab\u00e9ticos de Caudete), una cita que une diversi\u00f3n, salud y solidaridad. Este evento no solo representa una magn\u00edfica oportunidad para fomentar h\u00e1bitos de vida saludables a trav\u00e9s del deporte &hellip;<\/p>\n","protected":false},"author":6,"featured_media":29395,"comment_status":"closed","ping_status":"open","sticky":false,"template":"","format":"standard","meta":{"ngg_post_thumbnail":0,"footnotes":""},"categories":[16],"tags":[],"class_list":["post-29394","post","type-post","status-publish","format-standard","has-post-thumbnail","hentry","category-sanidad"],"yoast_head":"<!-- This site is optimized with the Yoast SEO plugin v27.5 - https:\/\/yoast.com\/product\/yoast-seo-wordpress\/ -->\n<title>Gran Prix de Caudete 2025, organizado por ADICA, a beneficio de la investigaci\u00f3n sobre la diabetes - MI Ayuntamiento de Caudete<\/title>\n<meta name=\"description\" content=\"P\u00e1gina Oficial del Ayuntamiento de Caudete (Albacete)\" \/>\n<meta name=\"robots\" content=\"index, follow, max-snippet:-1, max-image-preview:large, max-video-preview:-1\" \/>\n<link rel=\"canonical\" href=\"https:\/\/www.caudete.org\/ayuntamiento\/la-concejalia-de-sanidad-apoya-el-gran-prix-de-caudete-2025-organizado-por-adica-a-beneficio-de-la-investigacion-sobre-la-diabetes\/\" \/>\n<meta property=\"og:locale\" content=\"es_ES\" \/>\n<meta property=\"og:type\" content=\"article\" \/>\n<meta property=\"og:title\" content=\"Gran Prix de Caudete 2025, organizado por ADICA, a beneficio de la investigaci\u00f3n sobre la diabetes - MI Ayuntamiento de Caudete\" \/>\n<meta property=\"og:description\" content=\"P\u00e1gina Oficial del Ayuntamiento de Caudete (Albacete)\" \/>\n<meta property=\"og:url\" content=\"https:\/\/www.caudete.org\/ayuntamiento\/la-concejalia-de-sanidad-apoya-el-gran-prix-de-caudete-2025-organizado-por-adica-a-beneficio-de-la-investigacion-sobre-la-diabetes\/\" \/>\n<meta property=\"og:site_name\" content=\"MI Ayuntamiento de Caudete\" \/>\n<meta property=\"article:publisher\" content=\"https:\/\/www.facebook.com\/ayuntamientocaudete\/\" \/>\n<meta property=\"article:published_time\" content=\"2025-06-23T10:00:05+00:00\" \/>\n<meta property=\"article:modified_time\" content=\"2025-06-30T05:55:34+00:00\" \/>\n<meta property=\"og:image\" content=\"https:\/\/www.caudete.org\/ayuntamiento\/wp-content\/uploads\/2025\/06\/gran-prix-2025-caudete-digital.jpg\" \/>\n\t<meta property=\"og:image:width\" content=\"1024\" \/>\n\t<meta property=\"og:image:height\" content=\"560\" \/>\n\t<meta property=\"og:image:type\" content=\"image\/jpeg\" \/>\n<meta name=\"author\" content=\"informatica2\" \/>\n<meta name=\"twitter:card\" content=\"summary_large_image\" \/>\n<meta name=\"twitter:label1\" content=\"Escrito por\" \/>\n\t<meta name=\"twitter:data1\" content=\"informatica2\" \/>\n\t<meta name=\"twitter:label2\" content=\"Tiempo de lectura\" \/>\n\t<meta name=\"twitter:data2\" content=\"2 minutos\" \/>\n<script type=\"application\/ld+json\" class=\"yoast-schema-graph\">{\"@context\":\"https:\\\/\\\/schema.org\",\"@graph\":[{\"@type\":\"Article\",\"@id\":\"https:\\\/\\\/www.caudete.org\\\/ayuntamiento\\\/la-concejalia-de-sanidad-apoya-el-gran-prix-de-caudete-2025-organizado-por-adica-a-beneficio-de-la-investigacion-sobre-la-diabetes\\\/#article\",\"isPartOf\":{\"@id\":\"https:\\\/\\\/www.caudete.org\\\/ayuntamiento\\\/la-concejalia-de-sanidad-apoya-el-gran-prix-de-caudete-2025-organizado-por-adica-a-beneficio-de-la-investigacion-sobre-la-diabetes\\\/\"},\"author\":{\"name\":\"informatica2\",\"@id\":\"https:\\\/\\\/www.caudete.org\\\/ayuntamiento\\\/#\\\/schema\\\/person\\\/abfa5ffd5010a14e078c21e6e61b6291\"},\"headline\":\"Gran Prix de Caudete 2025, organizado por ADICA, a beneficio de la investigaci\u00f3n sobre la diabetes\",\"datePublished\":\"2025-06-23T10:00:05+00:00\",\"dateModified\":\"2025-06-30T05:55:34+00:00\",\"mainEntityOfPage\":{\"@id\":\"https:\\\/\\\/www.caudete.org\\\/ayuntamiento\\\/la-concejalia-de-sanidad-apoya-el-gran-prix-de-caudete-2025-organizado-por-adica-a-beneficio-de-la-investigacion-sobre-la-diabetes\\\/\"},\"wordCount\":283,\"image\":{\"@id\":\"https:\\\/\\\/www.caudete.org\\\/ayuntamiento\\\/la-concejalia-de-sanidad-apoya-el-gran-prix-de-caudete-2025-organizado-por-adica-a-beneficio-de-la-investigacion-sobre-la-diabetes\\\/#primaryimage\"},\"thumbnailUrl\":\"https:\\\/\\\/www.caudete.org\\\/ayuntamiento\\\/wp-content\\\/uploads\\\/2025\\\/06\\\/gran-prix-2025-caudete-digital.jpg\",\"articleSection\":[\"Sanidad\"],\"inLanguage\":\"es\"},{\"@type\":\"WebPage\",\"@id\":\"https:\\\/\\\/www.caudete.org\\\/ayuntamiento\\\/la-concejalia-de-sanidad-apoya-el-gran-prix-de-caudete-2025-organizado-por-adica-a-beneficio-de-la-investigacion-sobre-la-diabetes\\\/\",\"url\":\"https:\\\/\\\/www.caudete.org\\\/ayuntamiento\\\/la-concejalia-de-sanidad-apoya-el-gran-prix-de-caudete-2025-organizado-por-adica-a-beneficio-de-la-investigacion-sobre-la-diabetes\\\/\",\"name\":\"Gran Prix de Caudete 2025, organizado por ADICA, a beneficio de la investigaci\u00f3n sobre la diabetes - MI Ayuntamiento de Caudete\",\"isPartOf\":{\"@id\":\"https:\\\/\\\/www.caudete.org\\\/ayuntamiento\\\/#website\"},\"primaryImageOfPage\":{\"@id\":\"https:\\\/\\\/www.caudete.org\\\/ayuntamiento\\\/la-concejalia-de-sanidad-apoya-el-gran-prix-de-caudete-2025-organizado-por-adica-a-beneficio-de-la-investigacion-sobre-la-diabetes\\\/#primaryimage\"},\"image\":{\"@id\":\"https:\\\/\\\/www.caudete.org\\\/ayuntamiento\\\/la-concejalia-de-sanidad-apoya-el-gran-prix-de-caudete-2025-organizado-por-adica-a-beneficio-de-la-investigacion-sobre-la-diabetes\\\/#primaryimage\"},\"thumbnailUrl\":\"https:\\\/\\\/www.caudete.org\\\/ayuntamiento\\\/wp-content\\\/uploads\\\/2025\\\/06\\\/gran-prix-2025-caudete-digital.jpg\",\"datePublished\":\"2025-06-23T10:00:05+00:00\",\"dateModified\":\"2025-06-30T05:55:34+00:00\",\"author\":{\"@id\":\"https:\\\/\\\/www.caudete.org\\\/ayuntamiento\\\/#\\\/schema\\\/person\\\/abfa5ffd5010a14e078c21e6e61b6291\"},\"description\":\"P\u00e1gina Oficial del Ayuntamiento de Caudete (Albacete)\",\"breadcrumb\":{\"@id\":\"https:\\\/\\\/www.caudete.org\\\/ayuntamiento\\\/la-concejalia-de-sanidad-apoya-el-gran-prix-de-caudete-2025-organizado-por-adica-a-beneficio-de-la-investigacion-sobre-la-diabetes\\\/#breadcrumb\"},\"inLanguage\":\"es\",\"potentialAction\":[{\"@type\":\"ReadAction\",\"target\":[\"https:\\\/\\\/www.caudete.org\\\/ayuntamiento\\\/la-concejalia-de-sanidad-apoya-el-gran-prix-de-caudete-2025-organizado-por-adica-a-beneficio-de-la-investigacion-sobre-la-diabetes\\\/\"]}]},{\"@type\":\"ImageObject\",\"inLanguage\":\"es\",\"@id\":\"https:\\\/\\\/www.caudete.org\\\/ayuntamiento\\\/la-concejalia-de-sanidad-apoya-el-gran-prix-de-caudete-2025-organizado-por-adica-a-beneficio-de-la-investigacion-sobre-la-diabetes\\\/#primaryimage\",\"url\":\"https:\\\/\\\/www.caudete.org\\\/ayuntamiento\\\/wp-content\\\/uploads\\\/2025\\\/06\\\/gran-prix-2025-caudete-digital.jpg\",\"contentUrl\":\"https:\\\/\\\/www.caudete.org\\\/ayuntamiento\\\/wp-content\\\/uploads\\\/2025\\\/06\\\/gran-prix-2025-caudete-digital.jpg\",\"width\":1024,\"height\":560},{\"@type\":\"BreadcrumbList\",\"@id\":\"https:\\\/\\\/www.caudete.org\\\/ayuntamiento\\\/la-concejalia-de-sanidad-apoya-el-gran-prix-de-caudete-2025-organizado-por-adica-a-beneficio-de-la-investigacion-sobre-la-diabetes\\\/#breadcrumb\",\"itemListElement\":[{\"@type\":\"ListItem\",\"position\":1,\"name\":\"Inicio\",\"item\":\"https:\\\/\\\/www.caudete.org\\\/ayuntamiento\\\/\"},{\"@type\":\"ListItem\",\"position\":2,\"name\":\"Gran Prix de Caudete 2025, organizado por ADICA, a beneficio de la investigaci\u00f3n sobre la diabetes\"}]},{\"@type\":\"WebSite\",\"@id\":\"https:\\\/\\\/www.caudete.org\\\/ayuntamiento\\\/#website\",\"url\":\"https:\\\/\\\/www.caudete.org\\\/ayuntamiento\\\/\",\"name\":\"MI Ayuntamiento de Caudete\",\"description\":\"P\u00e1gina Oficial del MI Ayuntamiento de Caudete\",\"potentialAction\":[{\"@type\":\"SearchAction\",\"target\":{\"@type\":\"EntryPoint\",\"urlTemplate\":\"https:\\\/\\\/www.caudete.org\\\/ayuntamiento\\\/?s={search_term_string}\"},\"query-input\":{\"@type\":\"PropertyValueSpecification\",\"valueRequired\":true,\"valueName\":\"search_term_string\"}}],\"inLanguage\":\"es\"},{\"@type\":\"Person\",\"@id\":\"https:\\\/\\\/www.caudete.org\\\/ayuntamiento\\\/#\\\/schema\\\/person\\\/abfa5ffd5010a14e078c21e6e61b6291\",\"name\":\"informatica2\",\"image\":{\"@type\":\"ImageObject\",\"inLanguage\":\"es\",\"@id\":\"https:\\\/\\\/secure.gravatar.com\\\/avatar\\\/b089890ff033a3e4d03eec00ecb5a14425217205c513f60ec32ebeaaeb5fa700?s=96&d=mm&r=g\",\"url\":\"https:\\\/\\\/secure.gravatar.com\\\/avatar\\\/b089890ff033a3e4d03eec00ecb5a14425217205c513f60ec32ebeaaeb5fa700?s=96&d=mm&r=g\",\"contentUrl\":\"https:\\\/\\\/secure.gravatar.com\\\/avatar\\\/b089890ff033a3e4d03eec00ecb5a14425217205c513f60ec32ebeaaeb5fa700?s=96&d=mm&r=g\",\"caption\":\"informatica2\"},\"url\":\"https:\\\/\\\/www.caudete.org\\\/ayuntamiento\\\/author\\\/informatica2\\\/\"}]}<\/script>\n<!-- \/ Yoast SEO plugin. -->","yoast_head_json":{"title":"Gran Prix de Caudete 2025, organizado por ADICA, a beneficio de la investigaci\u00f3n sobre la diabetes - MI Ayuntamiento de Caudete","description":"P\u00e1gina Oficial del Ayuntamiento de Caudete (Albacete)","robots":{"index":"index","follow":"follow","max-snippet":"max-snippet:-1","max-image-preview":"max-image-preview:large","max-video-preview":"max-video-preview:-1"},"canonical":"https:\/\/www.caudete.org\/ayuntamiento\/la-concejalia-de-sanidad-apoya-el-gran-prix-de-caudete-2025-organizado-por-adica-a-beneficio-de-la-investigacion-sobre-la-diabetes\/","og_locale":"es_ES","og_type":"article","og_title":"Gran Prix de Caudete 2025, organizado por ADICA, a beneficio de la investigaci\u00f3n sobre la diabetes - MI Ayuntamiento de Caudete","og_description":"P\u00e1gina Oficial del Ayuntamiento de Caudete (Albacete)","og_url":"https:\/\/www.caudete.org\/ayuntamiento\/la-concejalia-de-sanidad-apoya-el-gran-prix-de-caudete-2025-organizado-por-adica-a-beneficio-de-la-investigacion-sobre-la-diabetes\/","og_site_name":"MI Ayuntamiento de Caudete","article_publisher":"https:\/\/www.facebook.com\/ayuntamientocaudete\/","article_published_time":"2025-06-23T10:00:05+00:00","article_modified_time":"2025-06-30T05:55:34+00:00","og_image":[{"width":1024,"height":560,"url":"https:\/\/www.caudete.org\/ayuntamiento\/wp-content\/uploads\/2025\/06\/gran-prix-2025-caudete-digital.jpg","type":"image\/jpeg"}],"author":"informatica2","twitter_card":"summary_large_image","twitter_misc":{"Escrito por":"informatica2","Tiempo de lectura":"2 minutos"},"schema":{"@context":"https:\/\/schema.org","@graph":[{"@type":"Article","@id":"https:\/\/www.caudete.org\/ayuntamiento\/la-concejalia-de-sanidad-apoya-el-gran-prix-de-caudete-2025-organizado-por-adica-a-beneficio-de-la-investigacion-sobre-la-diabetes\/#article","isPartOf":{"@id":"https:\/\/www.caudete.org\/ayuntamiento\/la-concejalia-de-sanidad-apoya-el-gran-prix-de-caudete-2025-organizado-por-adica-a-beneficio-de-la-investigacion-sobre-la-diabetes\/"},"author":{"name":"informatica2","@id":"https:\/\/www.caudete.org\/ayuntamiento\/#\/schema\/person\/abfa5ffd5010a14e078c21e6e61b6291"},"headline":"Gran Prix de Caudete 2025, organizado por ADICA, a beneficio de la investigaci\u00f3n sobre la diabetes","datePublished":"2025-06-23T10:00:05+00:00","dateModified":"2025-06-30T05:55:34+00:00","mainEntityOfPage":{"@id":"https:\/\/www.caudete.org\/ayuntamiento\/la-concejalia-de-sanidad-apoya-el-gran-prix-de-caudete-2025-organizado-por-adica-a-beneficio-de-la-investigacion-sobre-la-diabetes\/"},"wordCount":283,"image":{"@id":"https:\/\/www.caudete.org\/ayuntamiento\/la-concejalia-de-sanidad-apoya-el-gran-prix-de-caudete-2025-organizado-por-adica-a-beneficio-de-la-investigacion-sobre-la-diabetes\/#primaryimage"},"thumbnailUrl":"https:\/\/www.caudete.org\/ayuntamiento\/wp-content\/uploads\/2025\/06\/gran-prix-2025-caudete-digital.jpg","articleSection":["Sanidad"],"inLanguage":"es"},{"@type":"WebPage","@id":"https:\/\/www.caudete.org\/ayuntamiento\/la-concejalia-de-sanidad-apoya-el-gran-prix-de-caudete-2025-organizado-por-adica-a-beneficio-de-la-investigacion-sobre-la-diabetes\/","url":"https:\/\/www.caudete.org\/ayuntamiento\/la-concejalia-de-sanidad-apoya-el-gran-prix-de-caudete-2025-organizado-por-adica-a-beneficio-de-la-investigacion-sobre-la-diabetes\/","name":"Gran Prix de Caudete 2025, organizado por ADICA, a beneficio de la investigaci\u00f3n sobre la diabetes - MI Ayuntamiento de Caudete","isPartOf":{"@id":"https:\/\/www.caudete.org\/ayuntamiento\/#website"},"primaryImageOfPage":{"@id":"https:\/\/www.caudete.org\/ayuntamiento\/la-concejalia-de-sanidad-apoya-el-gran-prix-de-caudete-2025-organizado-por-adica-a-beneficio-de-la-investigacion-sobre-la-diabetes\/#primaryimage"},"image":{"@id":"https:\/\/www.caudete.org\/ayuntamiento\/la-concejalia-de-sanidad-apoya-el-gran-prix-de-caudete-2025-organizado-por-adica-a-beneficio-de-la-investigacion-sobre-la-diabetes\/#primaryimage"},"thumbnailUrl":"https:\/\/www.caudete.org\/ayuntamiento\/wp-content\/uploads\/2025\/06\/gran-prix-2025-caudete-digital.jpg","datePublished":"2025-06-23T10:00:05+00:00","dateModified":"2025-06-30T05:55:34+00:00","author":{"@id":"https:\/\/www.caudete.org\/ayuntamiento\/#\/schema\/person\/abfa5ffd5010a14e078c21e6e61b6291"},"description":"P\u00e1gina Oficial del Ayuntamiento de Caudete (Albacete)","breadcrumb":{"@id":"https:\/\/www.caudete.org\/ayuntamiento\/la-concejalia-de-sanidad-apoya-el-gran-prix-de-caudete-2025-organizado-por-adica-a-beneficio-de-la-investigacion-sobre-la-diabetes\/#breadcrumb"},"inLanguage":"es","potentialAction":[{"@type":"ReadAction","target":["https:\/\/www.caudete.org\/ayuntamiento\/la-concejalia-de-sanidad-apoya-el-gran-prix-de-caudete-2025-organizado-por-adica-a-beneficio-de-la-investigacion-sobre-la-diabetes\/"]}]},{"@type":"ImageObject","inLanguage":"es","@id":"https:\/\/www.caudete.org\/ayuntamiento\/la-concejalia-de-sanidad-apoya-el-gran-prix-de-caudete-2025-organizado-por-adica-a-beneficio-de-la-investigacion-sobre-la-diabetes\/#primaryimage","url":"https:\/\/www.caudete.org\/ayuntamiento\/wp-content\/uploads\/2025\/06\/gran-prix-2025-caudete-digital.jpg","contentUrl":"https:\/\/www.caudete.org\/ayuntamiento\/wp-content\/uploads\/2025\/06\/gran-prix-2025-caudete-digital.jpg","width":1024,"height":560},{"@type":"BreadcrumbList","@id":"https:\/\/www.caudete.org\/ayuntamiento\/la-concejalia-de-sanidad-apoya-el-gran-prix-de-caudete-2025-organizado-por-adica-a-beneficio-de-la-investigacion-sobre-la-diabetes\/#breadcrumb","itemListElement":[{"@type":"ListItem","position":1,"name":"Inicio","item":"https:\/\/www.caudete.org\/ayuntamiento\/"},{"@type":"ListItem","position":2,"name":"Gran Prix de Caudete 2025, organizado por ADICA, a beneficio de la investigaci\u00f3n sobre la diabetes"}]},{"@type":"WebSite","@id":"https:\/\/www.caudete.org\/ayuntamiento\/#website","url":"https:\/\/www.caudete.org\/ayuntamiento\/","name":"MI Ayuntamiento de Caudete","description":"P\u00e1gina Oficial del MI Ayuntamiento de Caudete","potentialAction":[{"@type":"SearchAction","target":{"@type":"EntryPoint","urlTemplate":"https:\/\/www.caudete.org\/ayuntamiento\/?s={search_term_string}"},"query-input":{"@type":"PropertyValueSpecification","valueRequired":true,"valueName":"search_term_string"}}],"inLanguage":"es"},{"@type":"Person","@id":"https:\/\/www.caudete.org\/ayuntamiento\/#\/schema\/person\/abfa5ffd5010a14e078c21e6e61b6291","name":"informatica2","image":{"@type":"ImageObject","inLanguage":"es","@id":"https:\/\/secure.gravatar.com\/avatar\/b089890ff033a3e4d03eec00ecb5a14425217205c513f60ec32ebeaaeb5fa700?s=96&d=mm&r=g","url":"https:\/\/secure.gravatar.com\/avatar\/b089890ff033a3e4d03eec00ecb5a14425217205c513f60ec32ebeaaeb5fa700?s=96&d=mm&r=g","contentUrl":"https:\/\/secure.gravatar.com\/avatar\/b089890ff033a3e4d03eec00ecb5a14425217205c513f60ec32ebeaaeb5fa700?s=96&d=mm&r=g","caption":"informatica2"},"url":"https:\/\/www.caudete.org\/ayuntamiento\/author\/informatica2\/"}]}},"_links":{"self":[{"href":"https:\/\/www.caudete.org\/ayuntamiento\/wp-json\/wp\/v2\/posts\/29394","targetHints":{"allow":["GET"]}}],"collection":[{"href":"https:\/\/www.caudete.org\/ayuntamiento\/wp-json\/wp\/v2\/posts"}],"about":[{"href":"https:\/\/www.caudete.org\/ayuntamiento\/wp-json\/wp\/v2\/types\/post"}],"author":[{"embeddable":true,"href":"https:\/\/www.caudete.org\/ayuntamiento\/wp-json\/wp\/v2\/users\/6"}],"replies":[{"embeddable":true,"href":"https:\/\/www.caudete.org\/ayuntamiento\/wp-json\/wp\/v2\/comments?post=29394"}],"version-history":[{"count":4,"href":"https:\/\/www.caudete.org\/ayuntamiento\/wp-json\/wp\/v2\/posts\/29394\/revisions"}],"predecessor-version":[{"id":29405,"href":"https:\/\/www.caudete.org\/ayuntamiento\/wp-json\/wp\/v2\/posts\/29394\/revisions\/29405"}],"wp:featuredmedia":[{"embeddable":true,"href":"https:\/\/www.caudete.org\/ayuntamiento\/wp-json\/wp\/v2\/media\/29395"}],"wp:attachment":[{"href":"https:\/\/www.caudete.org\/ayuntamiento\/wp-json\/wp\/v2\/media?parent=29394"}],"wp:term":[{"taxonomy":"category","embeddable":true,"href":"https:\/\/www.caudete.org\/ayuntamiento\/wp-json\/wp\/v2\/categories?post=29394"},{"taxonomy":"post_tag","embeddable":true,"href":"https:\/\/www.caudete.org\/ayuntamiento\/wp-json\/wp\/v2\/tags?post=29394"}],"curies":[{"name":"wp","href":"https:\/\/api.w.org\/{rel}","templated":true}]}}