{"id":29406,"date":"2025-06-24T08:00:20","date_gmt":"2025-06-24T06:00:20","guid":{"rendered":"https:\/\/www.caudete.org\/ayuntamiento\/?p=29406"},"modified":"2025-06-24T08:27:55","modified_gmt":"2025-06-24T06:27:55","slug":"dos-talentos-de-caudete-brillan-en-el-as-young-tennis-de-yecla","status":"publish","type":"post","link":"https:\/\/www.caudete.org\/ayuntamiento\/dos-talentos-de-caudete-brillan-en-el-as-young-tennis-de-yecla\/","title":{"rendered":"Dos talentos de Caudete brillan en el &#8220;As Young Tennis&#8221; de Yecla"},"content":{"rendered":"<p>El pasado fin de semana, el Club de Tenis Yecla acogi\u00f3 el prestigioso torneo &#8220;As Young Tennis&#8221;, uno de los eventos m\u00e1s importantes del calendario ten\u00edstico en la Regi\u00f3n de Murcia. En esta destacada competici\u00f3n, dos j\u00f3venes promesas de la <strong>Escuela Municipal de Tenis de Caudete<\/strong> se alzaron con el t\u00edtulo de campeones, demostrando un excepcional nivel y una admirable capacidad de superaci\u00f3n.<\/p>\n<p><strong>Adri\u00e1n Cantos<\/strong> se proclam\u00f3 campe\u00f3n en la categor\u00eda <strong>Infantil Masculino<\/strong>, mientras que <strong>Virginia Almendros<\/strong> consigui\u00f3 la victoria en <strong>Cadete Femenino<\/strong>. Ambos alumnos de la Escuela Municipal de Tenis de Caudete, bajo la supervisi\u00f3n y el apoyo del entrenador de tenis del <strong>Ayuntamiento de Caudete<\/strong>, <strong>Javier S\u00e1nchez Sala<\/strong>, mostraron un talento y una fortaleza mental sobresalientes a lo largo del torneo.<\/p>\n<p>La Concejal de Deportes del Ayuntamiento de Caudete, <strong>Pilar Egea<\/strong>, ha expresado su orgullo por los logros de los j\u00f3venes tenistas. &#8220;Es una enorme satisfacci\u00f3n ver c\u00f3mo nuestros deportistas locales brillan en competiciones de tan alto nivel&#8221;, afirm\u00f3 Pilar Egea. &#8220;Adri\u00e1n y Virginia son un claro ejemplo del esfuerzo y la dedicaci\u00f3n que se impulsa desde nuestra Escuela Municipal de Tenis. Su \u00e9xito nos anima a seguir invirtiendo en el deporte base y a apoyar a nuestros j\u00f3venes talentos&#8221;.<\/p>\n<p>Virginia Almendros protagoniz\u00f3 una remontada \u00e9pica en semifinales ante Nikol Marentes (cabeza de serie n\u00famero 3), a quien venci\u00f3 por 4-6, 6-2 y 12-10 en el s\u00faper tie-break, salvando incluso un punto de partido. En la final, Virginia demostr\u00f3 su superioridad al imponerse a la cabeza de serie n\u00famero 1, Alba Miguel, con un contundente 6-3, 6-2.<\/p>\n<p>Por su parte, Adri\u00e1n Cantos tambi\u00e9n super\u00f3 dif\u00edciles desaf\u00edos. En semifinales, se enfrent\u00f3 a Antoni Ballester (cabeza de serie n\u00famero 3) en un emocionante partido que resolvi\u00f3 con un 6-7, 7-6 y 10-7 en el s\u00faper tie-break. La final no fue menos re\u00f1ida, donde Adri\u00e1n se impuso a Carlos Ferre (cabeza de serie n\u00famero 5) por 3-6, 7-6 y 10-8, logrando una espectacular remontada al ir perdiendo 1-5 en el desempate final.<\/p>\n<p>Estos resultados refuerzan el compromiso de la concejal de deportes, <strong>Pilar Egea<\/strong>, con el desarrollo del deporte en Caudete y ponen de manifiesto el excelente trabajo que se realiza en la Escuela Municipal de Tenis, formando a futuras promesas del tenis.<\/p>\n<p><img fetchpriority=\"high\" decoding=\"async\" class=\"alignnone wp-image-29407 size-full\" src=\"https:\/\/www.caudete.org\/ayuntamiento\/wp-content\/uploads\/2025\/06\/Foto-As-young-tennis.jpg\" alt=\"\" width=\"750\" height=\"1000\" srcset=\"https:\/\/www.caudete.org\/ayuntamiento\/wp-content\/uploads\/2025\/06\/Foto-As-young-tennis.jpg 750w, https:\/\/www.caudete.org\/ayuntamiento\/wp-content\/uploads\/2025\/06\/Foto-As-young-tennis-600x800.jpg 600w, https:\/\/www.caudete.org\/ayuntamiento\/wp-content\/uploads\/2025\/06\/Foto-As-young-tennis-675x900.jpg 675w, https:\/\/www.caudete.org\/ayuntamiento\/wp-content\/uploads\/2025\/06\/Foto-As-young-tennis-165x220.jpg 165w\" sizes=\"(max-width: 750px) 100vw, 750px\" \/><\/p>\n<p><a href=\"https:\/\/www.caudete.org\/ayuntamiento\/wp-content\/uploads\/2025\/06\/WhatsApp-Image-2025-06-24-at-08.22.16-1.jpg\" rel='prettyPhoto'><img decoding=\"async\" class=\"alignnone size-full wp-image-29417\" src=\"https:\/\/www.caudete.org\/ayuntamiento\/wp-content\/uploads\/2025\/06\/WhatsApp-Image-2025-06-24-at-08.22.16-1.jpg\" alt=\"\" width=\"1000\" height=\"662\" srcset=\"https:\/\/www.caudete.org\/ayuntamiento\/wp-content\/uploads\/2025\/06\/WhatsApp-Image-2025-06-24-at-08.22.16-1.jpg 1000w, https:\/\/www.caudete.org\/ayuntamiento\/wp-content\/uploads\/2025\/06\/WhatsApp-Image-2025-06-24-at-08.22.16-1-960x636.jpg 960w, https:\/\/www.caudete.org\/ayuntamiento\/wp-content\/uploads\/2025\/06\/WhatsApp-Image-2025-06-24-at-08.22.16-1-332x220.jpg 332w, https:\/\/www.caudete.org\/ayuntamiento\/wp-content\/uploads\/2025\/06\/WhatsApp-Image-2025-06-24-at-08.22.16-1-768x508.jpg 768w\" sizes=\"(max-width: 1000px) 100vw, 1000px\" \/><\/a> <a href=\"https:\/\/www.caudete.org\/ayuntamiento\/wp-content\/uploads\/2025\/06\/WhatsApp-Image-2025-06-24-at-08.22.16.jpg\" rel='prettyPhoto'><img decoding=\"async\" class=\"alignnone size-full wp-image-29418\" src=\"https:\/\/www.caudete.org\/ayuntamiento\/wp-content\/uploads\/2025\/06\/WhatsApp-Image-2025-06-24-at-08.22.16.jpg\" alt=\"\" width=\"728\" height=\"1100\" srcset=\"https:\/\/www.caudete.org\/ayuntamiento\/wp-content\/uploads\/2025\/06\/WhatsApp-Image-2025-06-24-at-08.22.16.jpg 728w, https:\/\/www.caudete.org\/ayuntamiento\/wp-content\/uploads\/2025\/06\/WhatsApp-Image-2025-06-24-at-08.22.16-529x800.jpg 529w, https:\/\/www.caudete.org\/ayuntamiento\/wp-content\/uploads\/2025\/06\/WhatsApp-Image-2025-06-24-at-08.22.16-596x900.jpg 596w, https:\/\/www.caudete.org\/ayuntamiento\/wp-content\/uploads\/2025\/06\/WhatsApp-Image-2025-06-24-at-08.22.16-146x220.jpg 146w\" sizes=\"(max-width: 728px) 100vw, 728px\" \/><\/a> <a href=\"https:\/\/www.caudete.org\/ayuntamiento\/wp-content\/uploads\/2025\/06\/WhatsApp-Image-2025-06-24-at-08.22.17-1.jpg\" rel='prettyPhoto'><img loading=\"lazy\" decoding=\"async\" class=\"alignnone size-full wp-image-29419\" src=\"https:\/\/www.caudete.org\/ayuntamiento\/wp-content\/uploads\/2025\/06\/WhatsApp-Image-2025-06-24-at-08.22.17-1.jpg\" alt=\"\" width=\"1000\" height=\"1333\" srcset=\"https:\/\/www.caudete.org\/ayuntamiento\/wp-content\/uploads\/2025\/06\/WhatsApp-Image-2025-06-24-at-08.22.17-1.jpg 1000w, https:\/\/www.caudete.org\/ayuntamiento\/wp-content\/uploads\/2025\/06\/WhatsApp-Image-2025-06-24-at-08.22.17-1-600x800.jpg 600w, https:\/\/www.caudete.org\/ayuntamiento\/wp-content\/uploads\/2025\/06\/WhatsApp-Image-2025-06-24-at-08.22.17-1-675x900.jpg 675w, https:\/\/www.caudete.org\/ayuntamiento\/wp-content\/uploads\/2025\/06\/WhatsApp-Image-2025-06-24-at-08.22.17-1-165x220.jpg 165w, https:\/\/www.caudete.org\/ayuntamiento\/wp-content\/uploads\/2025\/06\/WhatsApp-Image-2025-06-24-at-08.22.17-1-768x1024.jpg 768w\" sizes=\"(max-width: 1000px) 100vw, 1000px\" \/><\/a> <a href=\"https:\/\/www.caudete.org\/ayuntamiento\/wp-content\/uploads\/2025\/06\/WhatsApp-Image-2025-06-24-at-08.22.17.jpg\" rel='prettyPhoto'><img loading=\"lazy\" decoding=\"async\" class=\"alignnone size-full wp-image-29420\" src=\"https:\/\/www.caudete.org\/ayuntamiento\/wp-content\/uploads\/2025\/06\/WhatsApp-Image-2025-06-24-at-08.22.17.jpg\" alt=\"\" width=\"995\" height=\"802\" srcset=\"https:\/\/www.caudete.org\/ayuntamiento\/wp-content\/uploads\/2025\/06\/WhatsApp-Image-2025-06-24-at-08.22.17.jpg 995w, https:\/\/www.caudete.org\/ayuntamiento\/wp-content\/uploads\/2025\/06\/WhatsApp-Image-2025-06-24-at-08.22.17-960x774.jpg 960w, https:\/\/www.caudete.org\/ayuntamiento\/wp-content\/uploads\/2025\/06\/WhatsApp-Image-2025-06-24-at-08.22.17-273x220.jpg 273w, https:\/\/www.caudete.org\/ayuntamiento\/wp-content\/uploads\/2025\/06\/WhatsApp-Image-2025-06-24-at-08.22.17-768x619.jpg 768w\" sizes=\"(max-width: 995px) 100vw, 995px\" \/><\/a><\/p>\n","protected":false},"excerpt":{"rendered":"<p>El pasado fin de semana, el Club de Tenis Yecla acogi\u00f3 el prestigioso torneo &#8220;As Young Tennis&#8221;, uno de los eventos m\u00e1s importantes del calendario ten\u00edstico en la Regi\u00f3n de Murcia. En esta destacada competici\u00f3n, dos j\u00f3venes promesas de la Escuela Municipal de Tenis de Caudete se alzaron con el t\u00edtulo de campeones, demostrando un &hellip;<\/p>\n","protected":false},"author":6,"featured_media":29414,"comment_status":"closed","ping_status":"open","sticky":false,"template":"","format":"standard","meta":{"ngg_post_thumbnail":0,"footnotes":""},"categories":[23],"tags":[],"class_list":["post-29406","post","type-post","status-publish","format-standard","has-post-thumbnail","hentry","category-deportes"],"yoast_head":"<!-- This site is optimized with the Yoast SEO plugin v27.5 - https:\/\/yoast.com\/product\/yoast-seo-wordpress\/ -->\n<title>Dos talentos de Caudete brillan en el &quot;As Young Tennis&quot; de Yecla - MI Ayuntamiento de Caudete<\/title>\n<meta name=\"description\" content=\"P\u00e1gina Oficial del Ayuntamiento de Caudete (Albacete)\" \/>\n<meta name=\"robots\" content=\"index, follow, max-snippet:-1, max-image-preview:large, max-video-preview:-1\" \/>\n<link rel=\"canonical\" href=\"https:\/\/www.caudete.org\/ayuntamiento\/dos-talentos-de-caudete-brillan-en-el-as-young-tennis-de-yecla\/\" \/>\n<meta property=\"og:locale\" content=\"es_ES\" \/>\n<meta property=\"og:type\" content=\"article\" \/>\n<meta property=\"og:title\" content=\"Dos talentos de Caudete brillan en el &quot;As Young Tennis&quot; de Yecla - MI Ayuntamiento de Caudete\" \/>\n<meta property=\"og:description\" content=\"P\u00e1gina Oficial del Ayuntamiento de Caudete (Albacete)\" \/>\n<meta property=\"og:url\" content=\"https:\/\/www.caudete.org\/ayuntamiento\/dos-talentos-de-caudete-brillan-en-el-as-young-tennis-de-yecla\/\" \/>\n<meta property=\"og:site_name\" content=\"MI Ayuntamiento de Caudete\" \/>\n<meta property=\"article:publisher\" content=\"https:\/\/www.facebook.com\/ayuntamientocaudete\/\" \/>\n<meta property=\"article:published_time\" content=\"2025-06-24T06:00:20+00:00\" \/>\n<meta property=\"article:modified_time\" content=\"2025-06-24T06:27:55+00:00\" \/>\n<meta property=\"og:image\" content=\"https:\/\/www.caudete.org\/ayuntamiento\/wp-content\/uploads\/2025\/06\/Foto-As-young-tennis-Port-1.jpg\" \/>\n\t<meta property=\"og:image:width\" content=\"742\" \/>\n\t<meta property=\"og:image:height\" content=\"407\" \/>\n\t<meta property=\"og:image:type\" content=\"image\/jpeg\" \/>\n<meta name=\"author\" content=\"informatica2\" \/>\n<meta name=\"twitter:card\" content=\"summary_large_image\" \/>\n<meta name=\"twitter:label1\" content=\"Escrito por\" \/>\n\t<meta name=\"twitter:data1\" content=\"informatica2\" \/>\n\t<meta name=\"twitter:label2\" content=\"Tiempo de lectura\" \/>\n\t<meta name=\"twitter:data2\" content=\"3 minutos\" \/>\n<script type=\"application\/ld+json\" class=\"yoast-schema-graph\">{\"@context\":\"https:\\\/\\\/schema.org\",\"@graph\":[{\"@type\":\"Article\",\"@id\":\"https:\\\/\\\/www.caudete.org\\\/ayuntamiento\\\/dos-talentos-de-caudete-brillan-en-el-as-young-tennis-de-yecla\\\/#article\",\"isPartOf\":{\"@id\":\"https:\\\/\\\/www.caudete.org\\\/ayuntamiento\\\/dos-talentos-de-caudete-brillan-en-el-as-young-tennis-de-yecla\\\/\"},\"author\":{\"name\":\"informatica2\",\"@id\":\"https:\\\/\\\/www.caudete.org\\\/ayuntamiento\\\/#\\\/schema\\\/person\\\/abfa5ffd5010a14e078c21e6e61b6291\"},\"headline\":\"Dos talentos de Caudete brillan en el &#8220;As Young Tennis&#8221; de Yecla\",\"datePublished\":\"2025-06-24T06:00:20+00:00\",\"dateModified\":\"2025-06-24T06:27:55+00:00\",\"mainEntityOfPage\":{\"@id\":\"https:\\\/\\\/www.caudete.org\\\/ayuntamiento\\\/dos-talentos-de-caudete-brillan-en-el-as-young-tennis-de-yecla\\\/\"},\"wordCount\":410,\"image\":{\"@id\":\"https:\\\/\\\/www.caudete.org\\\/ayuntamiento\\\/dos-talentos-de-caudete-brillan-en-el-as-young-tennis-de-yecla\\\/#primaryimage\"},\"thumbnailUrl\":\"https:\\\/\\\/www.caudete.org\\\/ayuntamiento\\\/wp-content\\\/uploads\\\/2025\\\/06\\\/Foto-As-young-tennis-Port-1.jpg\",\"articleSection\":[\"Deportes\"],\"inLanguage\":\"es\"},{\"@type\":\"WebPage\",\"@id\":\"https:\\\/\\\/www.caudete.org\\\/ayuntamiento\\\/dos-talentos-de-caudete-brillan-en-el-as-young-tennis-de-yecla\\\/\",\"url\":\"https:\\\/\\\/www.caudete.org\\\/ayuntamiento\\\/dos-talentos-de-caudete-brillan-en-el-as-young-tennis-de-yecla\\\/\",\"name\":\"Dos talentos de Caudete brillan en el \\\"As Young Tennis\\\" de Yecla - MI Ayuntamiento de Caudete\",\"isPartOf\":{\"@id\":\"https:\\\/\\\/www.caudete.org\\\/ayuntamiento\\\/#website\"},\"primaryImageOfPage\":{\"@id\":\"https:\\\/\\\/www.caudete.org\\\/ayuntamiento\\\/dos-talentos-de-caudete-brillan-en-el-as-young-tennis-de-yecla\\\/#primaryimage\"},\"image\":{\"@id\":\"https:\\\/\\\/www.caudete.org\\\/ayuntamiento\\\/dos-talentos-de-caudete-brillan-en-el-as-young-tennis-de-yecla\\\/#primaryimage\"},\"thumbnailUrl\":\"https:\\\/\\\/www.caudete.org\\\/ayuntamiento\\\/wp-content\\\/uploads\\\/2025\\\/06\\\/Foto-As-young-tennis-Port-1.jpg\",\"datePublished\":\"2025-06-24T06:00:20+00:00\",\"dateModified\":\"2025-06-24T06:27:55+00:00\",\"author\":{\"@id\":\"https:\\\/\\\/www.caudete.org\\\/ayuntamiento\\\/#\\\/schema\\\/person\\\/abfa5ffd5010a14e078c21e6e61b6291\"},\"description\":\"P\u00e1gina Oficial del Ayuntamiento de Caudete (Albacete)\",\"breadcrumb\":{\"@id\":\"https:\\\/\\\/www.caudete.org\\\/ayuntamiento\\\/dos-talentos-de-caudete-brillan-en-el-as-young-tennis-de-yecla\\\/#breadcrumb\"},\"inLanguage\":\"es\",\"potentialAction\":[{\"@type\":\"ReadAction\",\"target\":[\"https:\\\/\\\/www.caudete.org\\\/ayuntamiento\\\/dos-talentos-de-caudete-brillan-en-el-as-young-tennis-de-yecla\\\/\"]}]},{\"@type\":\"ImageObject\",\"inLanguage\":\"es\",\"@id\":\"https:\\\/\\\/www.caudete.org\\\/ayuntamiento\\\/dos-talentos-de-caudete-brillan-en-el-as-young-tennis-de-yecla\\\/#primaryimage\",\"url\":\"https:\\\/\\\/www.caudete.org\\\/ayuntamiento\\\/wp-content\\\/uploads\\\/2025\\\/06\\\/Foto-As-young-tennis-Port-1.jpg\",\"contentUrl\":\"https:\\\/\\\/www.caudete.org\\\/ayuntamiento\\\/wp-content\\\/uploads\\\/2025\\\/06\\\/Foto-As-young-tennis-Port-1.jpg\",\"width\":742,\"height\":407},{\"@type\":\"BreadcrumbList\",\"@id\":\"https:\\\/\\\/www.caudete.org\\\/ayuntamiento\\\/dos-talentos-de-caudete-brillan-en-el-as-young-tennis-de-yecla\\\/#breadcrumb\",\"itemListElement\":[{\"@type\":\"ListItem\",\"position\":1,\"name\":\"Inicio\",\"item\":\"https:\\\/\\\/www.caudete.org\\\/ayuntamiento\\\/\"},{\"@type\":\"ListItem\",\"position\":2,\"name\":\"Dos talentos de Caudete brillan en el &#8220;As Young Tennis&#8221; de Yecla\"}]},{\"@type\":\"WebSite\",\"@id\":\"https:\\\/\\\/www.caudete.org\\\/ayuntamiento\\\/#website\",\"url\":\"https:\\\/\\\/www.caudete.org\\\/ayuntamiento\\\/\",\"name\":\"MI Ayuntamiento de Caudete\",\"description\":\"P\u00e1gina Oficial del MI Ayuntamiento de Caudete\",\"potentialAction\":[{\"@type\":\"SearchAction\",\"target\":{\"@type\":\"EntryPoint\",\"urlTemplate\":\"https:\\\/\\\/www.caudete.org\\\/ayuntamiento\\\/?s={search_term_string}\"},\"query-input\":{\"@type\":\"PropertyValueSpecification\",\"valueRequired\":true,\"valueName\":\"search_term_string\"}}],\"inLanguage\":\"es\"},{\"@type\":\"Person\",\"@id\":\"https:\\\/\\\/www.caudete.org\\\/ayuntamiento\\\/#\\\/schema\\\/person\\\/abfa5ffd5010a14e078c21e6e61b6291\",\"name\":\"informatica2\",\"image\":{\"@type\":\"ImageObject\",\"inLanguage\":\"es\",\"@id\":\"https:\\\/\\\/secure.gravatar.com\\\/avatar\\\/b089890ff033a3e4d03eec00ecb5a14425217205c513f60ec32ebeaaeb5fa700?s=96&d=mm&r=g\",\"url\":\"https:\\\/\\\/secure.gravatar.com\\\/avatar\\\/b089890ff033a3e4d03eec00ecb5a14425217205c513f60ec32ebeaaeb5fa700?s=96&d=mm&r=g\",\"contentUrl\":\"https:\\\/\\\/secure.gravatar.com\\\/avatar\\\/b089890ff033a3e4d03eec00ecb5a14425217205c513f60ec32ebeaaeb5fa700?s=96&d=mm&r=g\",\"caption\":\"informatica2\"},\"url\":\"https:\\\/\\\/www.caudete.org\\\/ayuntamiento\\\/author\\\/informatica2\\\/\"}]}<\/script>\n<!-- \/ Yoast SEO plugin. -->","yoast_head_json":{"title":"Dos talentos de Caudete brillan en el \"As Young Tennis\" de Yecla - MI Ayuntamiento de Caudete","description":"P\u00e1gina Oficial del Ayuntamiento de Caudete (Albacete)","robots":{"index":"index","follow":"follow","max-snippet":"max-snippet:-1","max-image-preview":"max-image-preview:large","max-video-preview":"max-video-preview:-1"},"canonical":"https:\/\/www.caudete.org\/ayuntamiento\/dos-talentos-de-caudete-brillan-en-el-as-young-tennis-de-yecla\/","og_locale":"es_ES","og_type":"article","og_title":"Dos talentos de Caudete brillan en el \"As Young Tennis\" de Yecla - MI Ayuntamiento de Caudete","og_description":"P\u00e1gina Oficial del Ayuntamiento de Caudete (Albacete)","og_url":"https:\/\/www.caudete.org\/ayuntamiento\/dos-talentos-de-caudete-brillan-en-el-as-young-tennis-de-yecla\/","og_site_name":"MI Ayuntamiento de Caudete","article_publisher":"https:\/\/www.facebook.com\/ayuntamientocaudete\/","article_published_time":"2025-06-24T06:00:20+00:00","article_modified_time":"2025-06-24T06:27:55+00:00","og_image":[{"width":742,"height":407,"url":"https:\/\/www.caudete.org\/ayuntamiento\/wp-content\/uploads\/2025\/06\/Foto-As-young-tennis-Port-1.jpg","type":"image\/jpeg"}],"author":"informatica2","twitter_card":"summary_large_image","twitter_misc":{"Escrito por":"informatica2","Tiempo de lectura":"3 minutos"},"schema":{"@context":"https:\/\/schema.org","@graph":[{"@type":"Article","@id":"https:\/\/www.caudete.org\/ayuntamiento\/dos-talentos-de-caudete-brillan-en-el-as-young-tennis-de-yecla\/#article","isPartOf":{"@id":"https:\/\/www.caudete.org\/ayuntamiento\/dos-talentos-de-caudete-brillan-en-el-as-young-tennis-de-yecla\/"},"author":{"name":"informatica2","@id":"https:\/\/www.caudete.org\/ayuntamiento\/#\/schema\/person\/abfa5ffd5010a14e078c21e6e61b6291"},"headline":"Dos talentos de Caudete brillan en el &#8220;As Young Tennis&#8221; de Yecla","datePublished":"2025-06-24T06:00:20+00:00","dateModified":"2025-06-24T06:27:55+00:00","mainEntityOfPage":{"@id":"https:\/\/www.caudete.org\/ayuntamiento\/dos-talentos-de-caudete-brillan-en-el-as-young-tennis-de-yecla\/"},"wordCount":410,"image":{"@id":"https:\/\/www.caudete.org\/ayuntamiento\/dos-talentos-de-caudete-brillan-en-el-as-young-tennis-de-yecla\/#primaryimage"},"thumbnailUrl":"https:\/\/www.caudete.org\/ayuntamiento\/wp-content\/uploads\/2025\/06\/Foto-As-young-tennis-Port-1.jpg","articleSection":["Deportes"],"inLanguage":"es"},{"@type":"WebPage","@id":"https:\/\/www.caudete.org\/ayuntamiento\/dos-talentos-de-caudete-brillan-en-el-as-young-tennis-de-yecla\/","url":"https:\/\/www.caudete.org\/ayuntamiento\/dos-talentos-de-caudete-brillan-en-el-as-young-tennis-de-yecla\/","name":"Dos talentos de Caudete brillan en el \"As Young Tennis\" de Yecla - MI Ayuntamiento de Caudete","isPartOf":{"@id":"https:\/\/www.caudete.org\/ayuntamiento\/#website"},"primaryImageOfPage":{"@id":"https:\/\/www.caudete.org\/ayuntamiento\/dos-talentos-de-caudete-brillan-en-el-as-young-tennis-de-yecla\/#primaryimage"},"image":{"@id":"https:\/\/www.caudete.org\/ayuntamiento\/dos-talentos-de-caudete-brillan-en-el-as-young-tennis-de-yecla\/#primaryimage"},"thumbnailUrl":"https:\/\/www.caudete.org\/ayuntamiento\/wp-content\/uploads\/2025\/06\/Foto-As-young-tennis-Port-1.jpg","datePublished":"2025-06-24T06:00:20+00:00","dateModified":"2025-06-24T06:27:55+00:00","author":{"@id":"https:\/\/www.caudete.org\/ayuntamiento\/#\/schema\/person\/abfa5ffd5010a14e078c21e6e61b6291"},"description":"P\u00e1gina Oficial del Ayuntamiento de Caudete (Albacete)","breadcrumb":{"@id":"https:\/\/www.caudete.org\/ayuntamiento\/dos-talentos-de-caudete-brillan-en-el-as-young-tennis-de-yecla\/#breadcrumb"},"inLanguage":"es","potentialAction":[{"@type":"ReadAction","target":["https:\/\/www.caudete.org\/ayuntamiento\/dos-talentos-de-caudete-brillan-en-el-as-young-tennis-de-yecla\/"]}]},{"@type":"ImageObject","inLanguage":"es","@id":"https:\/\/www.caudete.org\/ayuntamiento\/dos-talentos-de-caudete-brillan-en-el-as-young-tennis-de-yecla\/#primaryimage","url":"https:\/\/www.caudete.org\/ayuntamiento\/wp-content\/uploads\/2025\/06\/Foto-As-young-tennis-Port-1.jpg","contentUrl":"https:\/\/www.caudete.org\/ayuntamiento\/wp-content\/uploads\/2025\/06\/Foto-As-young-tennis-Port-1.jpg","width":742,"height":407},{"@type":"BreadcrumbList","@id":"https:\/\/www.caudete.org\/ayuntamiento\/dos-talentos-de-caudete-brillan-en-el-as-young-tennis-de-yecla\/#breadcrumb","itemListElement":[{"@type":"ListItem","position":1,"name":"Inicio","item":"https:\/\/www.caudete.org\/ayuntamiento\/"},{"@type":"ListItem","position":2,"name":"Dos talentos de Caudete brillan en el &#8220;As Young Tennis&#8221; de Yecla"}]},{"@type":"WebSite","@id":"https:\/\/www.caudete.org\/ayuntamiento\/#website","url":"https:\/\/www.caudete.org\/ayuntamiento\/","name":"MI Ayuntamiento de Caudete","description":"P\u00e1gina Oficial del MI Ayuntamiento de Caudete","potentialAction":[{"@type":"SearchAction","target":{"@type":"EntryPoint","urlTemplate":"https:\/\/www.caudete.org\/ayuntamiento\/?s={search_term_string}"},"query-input":{"@type":"PropertyValueSpecification","valueRequired":true,"valueName":"search_term_string"}}],"inLanguage":"es"},{"@type":"Person","@id":"https:\/\/www.caudete.org\/ayuntamiento\/#\/schema\/person\/abfa5ffd5010a14e078c21e6e61b6291","name":"informatica2","image":{"@type":"ImageObject","inLanguage":"es","@id":"https:\/\/secure.gravatar.com\/avatar\/b089890ff033a3e4d03eec00ecb5a14425217205c513f60ec32ebeaaeb5fa700?s=96&d=mm&r=g","url":"https:\/\/secure.gravatar.com\/avatar\/b089890ff033a3e4d03eec00ecb5a14425217205c513f60ec32ebeaaeb5fa700?s=96&d=mm&r=g","contentUrl":"https:\/\/secure.gravatar.com\/avatar\/b089890ff033a3e4d03eec00ecb5a14425217205c513f60ec32ebeaaeb5fa700?s=96&d=mm&r=g","caption":"informatica2"},"url":"https:\/\/www.caudete.org\/ayuntamiento\/author\/informatica2\/"}]}},"_links":{"self":[{"href":"https:\/\/www.caudete.org\/ayuntamiento\/wp-json\/wp\/v2\/posts\/29406","targetHints":{"allow":["GET"]}}],"collection":[{"href":"https:\/\/www.caudete.org\/ayuntamiento\/wp-json\/wp\/v2\/posts"}],"about":[{"href":"https:\/\/www.caudete.org\/ayuntamiento\/wp-json\/wp\/v2\/types\/post"}],"author":[{"embeddable":true,"href":"https:\/\/www.caudete.org\/ayuntamiento\/wp-json\/wp\/v2\/users\/6"}],"replies":[{"embeddable":true,"href":"https:\/\/www.caudete.org\/ayuntamiento\/wp-json\/wp\/v2\/comments?post=29406"}],"version-history":[{"count":3,"href":"https:\/\/www.caudete.org\/ayuntamiento\/wp-json\/wp\/v2\/posts\/29406\/revisions"}],"predecessor-version":[{"id":29421,"href":"https:\/\/www.caudete.org\/ayuntamiento\/wp-json\/wp\/v2\/posts\/29406\/revisions\/29421"}],"wp:featuredmedia":[{"embeddable":true,"href":"https:\/\/www.caudete.org\/ayuntamiento\/wp-json\/wp\/v2\/media\/29414"}],"wp:attachment":[{"href":"https:\/\/www.caudete.org\/ayuntamiento\/wp-json\/wp\/v2\/media?parent=29406"}],"wp:term":[{"taxonomy":"category","embeddable":true,"href":"https:\/\/www.caudete.org\/ayuntamiento\/wp-json\/wp\/v2\/categories?post=29406"},{"taxonomy":"post_tag","embeddable":true,"href":"https:\/\/www.caudete.org\/ayuntamiento\/wp-json\/wp\/v2\/tags?post=29406"}],"curies":[{"name":"wp","href":"https:\/\/api.w.org\/{rel}","templated":true}]}}