{"id":29444,"date":"2025-07-03T06:40:21","date_gmt":"2025-07-03T04:40:21","guid":{"rendered":"https:\/\/www.caudete.org\/ayuntamiento\/?p=29444"},"modified":"2025-07-03T06:53:05","modified_gmt":"2025-07-03T04:53:05","slug":"el-ayuntamiento-investiga-la-instalacion-y-funcionamiento-del-canon-antigranizo-ante-posibles-infracciones","status":"publish","type":"post","link":"https:\/\/www.caudete.org\/ayuntamiento\/el-ayuntamiento-investiga-la-instalacion-y-funcionamiento-del-canon-antigranizo-ante-posibles-infracciones\/","title":{"rendered":"El Ayuntamiento investiga la instalaci\u00f3n y funcionamiento del Ca\u00f1\u00f3n Antigranizo, ante posibles infracciones"},"content":{"rendered":"<p style=\"text-align: justify;\">El Alcalde Mois\u00e9s L\u00f3pez traslada a los caudetanos que desde el Ayuntamiento <strong>se est\u00e1 investigando la instalaci\u00f3n y funcionamiento de un Ca\u00f1\u00f3n Antigranizo<\/strong> que es objeto de <strong>molestias y malestar entre la ciudadan\u00eda<\/strong>.<\/p>\n<p style=\"text-align: justify;\">Tal y como expone, su <strong>compromiso como Alcalde<\/strong> con los caudetanos, y el <strong>ejercicio transparente de la acci\u00f3n pol\u00edtica<\/strong> justifica la informaci\u00f3n de todo cuanto acontece con este asunto, demostrando la <strong>implicaci\u00f3n pol\u00edtica y t\u00e9cnica<\/strong> en un asunto tan sensible como lo es el uso de un artefacto que adem\u00e1s de generar un ruido elevado, con el consiguiente perjuicio para la salud ambiental y el bienestar ciudadano, puede ser motivo de la modificaci\u00f3n de las condiciones atmosf\u00e9ricas, y por tanto, del ciclo natural del agua.<\/p>\n<p style=\"text-align: justify;\">Adem\u00e1s, es un asunto que de un tiempo a esta parte est\u00e1 siendo <strong>objeto de debate y discusi\u00f3n entre la ciudadan\u00eda<\/strong>, redes sociales, medios de informaci\u00f3n e <strong>incluso en Pleno Municipal<\/strong>, como ocurri\u00f3 el pasado jueves 12 de Junio, cuando hasta en dos ocasiones <strong>se interpel\u00f3 al Concejal de Medio Ambiente<\/strong> por parte de la oposici\u00f3n, a lo que se <strong>ofreci\u00f3 una respuesta somera y subjetiva<\/strong>.<\/p>\n<p style=\"text-align: justify;\">As\u00ed pues, es necesario <strong>resumir de forma cronol\u00f3gica los hechos<\/strong> para poder adoptar una idea de la situaci\u00f3n actual.<\/p>\n<ol>\n<li style=\"text-align: justify;\"><strong>La Unidad del Seprona (PAPRONA)<\/strong> de Almansa recibi\u00f3 varios avisos por la posible utilizaci\u00f3n de ca\u00f1ones antigranizo en el Paraje de &#8220;El Blanco&#8221; ante la amenaza de tormenta, como ocurri\u00f3 en los d\u00edas 3 y 8 de Mayo de 2025, ante lo cual se <strong>levanta denuncia el d\u00eda 8 de Mayo de 2025<\/strong> <strong>bajo el precepto de &#8220;construcci\u00f3n sin autorizaci\u00f3n&#8221;<\/strong> en base al art.183.3 del Decreto Legislativo 1\/2023. Denuncia que es presentada telem\u00e1ticamente en el Ayuntamiento en fecha 12\/05\/2025.<\/li>\n<li style=\"text-align: justify;\">En fecha 11\/05\/2025, <strong>la Alcald\u00eda solicita informaci\u00f3n al Departamento de Medio Ambiente<\/strong>, consciente de la situaci\u00f3n insostenible y de la alarma social generada entre la ciudadan\u00eda, para conocer si hasta la fecha se hab\u00eda realizado alg\u00fan tipo de gesti\u00f3n informativa, inspectora, etc. sobre el ca\u00f1\u00f3n antigranizo; a lo cual se obtiene respuesta negativa al d\u00eda siguiente.<\/li>\n<li style=\"text-align: justify;\">En fecha 15\/05\/2025 <strong>se abre expediente sancionador por posible infracci\u00f3n urban\u00edstica<\/strong> (en concordancia con la denuncia del PAPRONA), solicit\u00e1ndose desde la Secretar\u00eda Municipal los informes siguientes:<\/li>\n<\/ol>\n<ul>\n<li style=\"list-style-type: none;\">\n<ul>\n<li style=\"text-align: justify;\"><span style=\"text-decoration: underline;\"><strong>Urbanismo. Informe sobre existencia o no de licencia urban\u00edstica, y tipo. <\/strong><\/span><\/li>\n<\/ul>\n<\/li>\n<\/ul>\n<p style=\"padding-left: 120px; text-align: justify;\">Se emiten dos informes, uno por el Arquitecto y otro por el Ingeniero T\u00e9cnico.<\/p>\n<p style=\"padding-left: 120px; text-align: justify;\">De ambos se deduce que existen acerca de si la maquina antigranizo est\u00e1 incluida en los actos sujetos a licencia urban\u00edstica de obras, o a los e declaraci\u00f3n responsable o comunicaci\u00f3n previa, lo que se solventar\u00e1 con la consulta a la Consejer\u00eda de Fomento.<\/p>\n<p style=\"padding-left: 120px; text-align: justify;\">Respecto al relativo al otorgamiento de licencia de actividad, bas\u00e1ndose en que las explotaciones agr\u00edcolas no precisan de licencia de actividad municipal para el desarrollo de la actividad, el uso del ca\u00f1\u00f3n antigranizo no precisar\u00eda de licencia de actividad por considerarse instalaci\u00f3n auxiliar.<\/p>\n<p style=\"padding-left: 120px; text-align: justify;\">No obstante, no es motivo de exonerarse del cumplimiento de la normativa en vigor, como la referente a Contaminaci\u00f3n Atmosf\u00e9rica, Ruido, etc.<\/p>\n<p style=\"padding-left: 120px; text-align: justify;\">Se propone la consulta a la Consejer\u00eda de Desarrollo Sostenible, as\u00ed como a la de Agricultura, Ganader\u00eda y Desarrollo Rural.<\/p>\n<p>&nbsp;<\/p>\n<ul>\n<li style=\"list-style-type: none;\">\n<ul>\n<li style=\"text-align: justify;\"><span style=\"text-decoration: underline;\"><strong>Medio Ambiente. Informe sobre normativas y regulaciones ambientales aplicables al uso del ca\u00f1\u00f3n antigranizo.<\/strong><\/span><\/li>\n<\/ul>\n<\/li>\n<\/ul>\n<p style=\"padding-left: 120px; text-align: justify;\">Se emite un \u00fanico informe por el T\u00e9cnico de Medio Ambiente.<\/p>\n<p style=\"padding-left: 120px; text-align: justify;\">Se describen las caracter\u00edsticas t\u00e9cnicas y constructivas del ca\u00f1\u00f3n antigranizo, as\u00ed como la funci\u00f3n, la frecuencia de las explosiones, y los picos m\u00e1ximos de ruido, que a 25m de distancia es de 103&#8217;4 dBA.<\/p>\n<p style=\"padding-left: 120px; text-align: justify;\">Acerca de las afecciones sobre la fauna, se desprende que es valorable por la Consejer\u00eda de Desarrollo Sostenible, al superar las competencias municipales.<\/p>\n<p style=\"padding-left: 120px; text-align: justify;\">Acerca de las autorizaciones administrativas, se establece que el ca\u00f1\u00f3n antigranizo no figura en la Ley 2\/2020, de 7 de febrero de Evaluaci\u00f3n de Impacto Ambiental de Castilla La Mancha; ni en la Ley 21\/2013, de 9 de Diciembre; ni en el Real Decreto 445\/2023, de 13 de junio.<\/p>\n<p style=\"padding-left: 120px; text-align: justify;\">Se remarca que la fase atmosf\u00e9rica del Ciclo Hidrol\u00f3gico solo puede ser modificado artificialmente por la Administraci\u00f3n del Estado o por aquellos a quienes \u00e9sta autorice, tal y como establece el Real Decreto Legislativo 1\/2001, de 20 de julio, y que complementa el Real Decreto 849\/1986, de 11 de abril por el que desarrolla el texto refundido de la Ley de Aguas, aprobado por Real Decreto Legislativo 1\/2001, de 20 de julio.<\/p>\n<p style=\"padding-left: 120px; text-align: justify;\">Se desconoce su la Confederaci\u00f3n Hidrogr\u00e1fica del J\u00facar se ha pronunciado ante consulta o solicitud de autorizaci\u00f3n por parte del promotor, que es el organismo a quien le compete dicha autorizaci\u00f3n.<\/p>\n<p>&nbsp;<\/p>\n<p style=\"text-align: justify;\">Ante todo ello, el Alcalde ha remarcado que <strong>la tramitaci\u00f3n del expediente contin\u00faa<\/strong>, anunciando que <strong>si a criterio jur\u00eddico se considera<\/strong> que la instalaci\u00f3n y uso del ca\u00f1\u00f3n antigranizo puede superar la infracci\u00f3n urban\u00edstica y suponer <strong>infracci\u00f3n medioambiental, desde la parte pol\u00edtica se solicitar\u00e1 la\u00a0 tramitaci\u00f3n del oportuno expediente sancionador as\u00ed como emprender las acciones legales que correspondan<\/strong> ante las administraciones y organismos competentes, con el fin de <strong>salvaguardar el medio natural de Caudete y el bienestar de los caudetanos.<\/strong><\/p>\n","protected":false},"excerpt":{"rendered":"<p>El Alcalde Mois\u00e9s L\u00f3pez traslada a los caudetanos que desde el Ayuntamiento se est\u00e1 investigando la instalaci\u00f3n y funcionamiento de un Ca\u00f1\u00f3n Antigranizo que es objeto de molestias y malestar entre la ciudadan\u00eda. Tal y como expone, su compromiso como Alcalde con los caudetanos, y el ejercicio transparente de la acci\u00f3n pol\u00edtica justifica la informaci\u00f3n &hellip;<\/p>\n","protected":false},"author":3,"featured_media":29445,"comment_status":"closed","ping_status":"open","sticky":false,"template":"","format":"standard","meta":{"ngg_post_thumbnail":0,"footnotes":""},"categories":[48],"tags":[],"class_list":["post-29444","post","type-post","status-publish","format-standard","has-post-thumbnail","hentry","category-urbanismo"],"yoast_head":"<!-- This site is optimized with the Yoast SEO plugin v27.5 - https:\/\/yoast.com\/product\/yoast-seo-wordpress\/ -->\n<title>El Ayuntamiento investiga la instalaci\u00f3n y funcionamiento del Ca\u00f1\u00f3n Antigranizo, ante posibles infracciones - MI Ayuntamiento de Caudete<\/title>\n<meta name=\"description\" content=\"P\u00e1gina Oficial del Ayuntamiento de Caudete (Albacete)\" \/>\n<meta name=\"robots\" content=\"index, follow, max-snippet:-1, max-image-preview:large, max-video-preview:-1\" \/>\n<link rel=\"canonical\" href=\"https:\/\/www.caudete.org\/ayuntamiento\/el-ayuntamiento-investiga-la-instalacion-y-funcionamiento-del-canon-antigranizo-ante-posibles-infracciones\/\" \/>\n<meta property=\"og:locale\" content=\"es_ES\" \/>\n<meta property=\"og:type\" content=\"article\" \/>\n<meta property=\"og:title\" content=\"El Ayuntamiento investiga la instalaci\u00f3n y funcionamiento del Ca\u00f1\u00f3n Antigranizo, ante posibles infracciones - MI Ayuntamiento de Caudete\" \/>\n<meta property=\"og:description\" content=\"P\u00e1gina Oficial del Ayuntamiento de Caudete (Albacete)\" \/>\n<meta property=\"og:url\" content=\"https:\/\/www.caudete.org\/ayuntamiento\/el-ayuntamiento-investiga-la-instalacion-y-funcionamiento-del-canon-antigranizo-ante-posibles-infracciones\/\" \/>\n<meta property=\"og:site_name\" content=\"MI Ayuntamiento de Caudete\" \/>\n<meta property=\"article:publisher\" content=\"https:\/\/www.facebook.com\/ayuntamientocaudete\/\" \/>\n<meta property=\"article:published_time\" content=\"2025-07-03T04:40:21+00:00\" \/>\n<meta property=\"article:modified_time\" content=\"2025-07-03T04:53:05+00:00\" \/>\n<meta property=\"og:image\" content=\"https:\/\/www.caudete.org\/ayuntamiento\/wp-content\/uploads\/2025\/06\/499667174_1099207952233275_8358437372382126695_n.jpg\" \/>\n\t<meta property=\"og:image:width\" content=\"500\" \/>\n\t<meta property=\"og:image:height\" content=\"350\" \/>\n\t<meta property=\"og:image:type\" content=\"image\/jpeg\" \/>\n<meta name=\"author\" content=\"alcalde\" \/>\n<meta name=\"twitter:card\" content=\"summary_large_image\" \/>\n<meta name=\"twitter:label1\" content=\"Escrito por\" \/>\n\t<meta name=\"twitter:data1\" content=\"alcalde\" \/>\n\t<meta name=\"twitter:label2\" content=\"Tiempo de lectura\" \/>\n\t<meta name=\"twitter:data2\" content=\"5 minutos\" \/>\n<script type=\"application\/ld+json\" class=\"yoast-schema-graph\">{\"@context\":\"https:\\\/\\\/schema.org\",\"@graph\":[{\"@type\":\"Article\",\"@id\":\"https:\\\/\\\/www.caudete.org\\\/ayuntamiento\\\/el-ayuntamiento-investiga-la-instalacion-y-funcionamiento-del-canon-antigranizo-ante-posibles-infracciones\\\/#article\",\"isPartOf\":{\"@id\":\"https:\\\/\\\/www.caudete.org\\\/ayuntamiento\\\/el-ayuntamiento-investiga-la-instalacion-y-funcionamiento-del-canon-antigranizo-ante-posibles-infracciones\\\/\"},\"author\":{\"name\":\"alcalde\",\"@id\":\"https:\\\/\\\/www.caudete.org\\\/ayuntamiento\\\/#\\\/schema\\\/person\\\/cc646da9133078ee4d8dd47457947253\"},\"headline\":\"El Ayuntamiento investiga la instalaci\u00f3n y funcionamiento del Ca\u00f1\u00f3n Antigranizo, ante posibles infracciones\",\"datePublished\":\"2025-07-03T04:40:21+00:00\",\"dateModified\":\"2025-07-03T04:53:05+00:00\",\"mainEntityOfPage\":{\"@id\":\"https:\\\/\\\/www.caudete.org\\\/ayuntamiento\\\/el-ayuntamiento-investiga-la-instalacion-y-funcionamiento-del-canon-antigranizo-ante-posibles-infracciones\\\/\"},\"wordCount\":910,\"image\":{\"@id\":\"https:\\\/\\\/www.caudete.org\\\/ayuntamiento\\\/el-ayuntamiento-investiga-la-instalacion-y-funcionamiento-del-canon-antigranizo-ante-posibles-infracciones\\\/#primaryimage\"},\"thumbnailUrl\":\"https:\\\/\\\/www.caudete.org\\\/ayuntamiento\\\/wp-content\\\/uploads\\\/2025\\\/06\\\/499667174_1099207952233275_8358437372382126695_n.jpg\",\"articleSection\":[\"Urbanismo\"],\"inLanguage\":\"es\"},{\"@type\":\"WebPage\",\"@id\":\"https:\\\/\\\/www.caudete.org\\\/ayuntamiento\\\/el-ayuntamiento-investiga-la-instalacion-y-funcionamiento-del-canon-antigranizo-ante-posibles-infracciones\\\/\",\"url\":\"https:\\\/\\\/www.caudete.org\\\/ayuntamiento\\\/el-ayuntamiento-investiga-la-instalacion-y-funcionamiento-del-canon-antigranizo-ante-posibles-infracciones\\\/\",\"name\":\"El Ayuntamiento investiga la instalaci\u00f3n y funcionamiento del Ca\u00f1\u00f3n Antigranizo, ante posibles infracciones - MI Ayuntamiento de Caudete\",\"isPartOf\":{\"@id\":\"https:\\\/\\\/www.caudete.org\\\/ayuntamiento\\\/#website\"},\"primaryImageOfPage\":{\"@id\":\"https:\\\/\\\/www.caudete.org\\\/ayuntamiento\\\/el-ayuntamiento-investiga-la-instalacion-y-funcionamiento-del-canon-antigranizo-ante-posibles-infracciones\\\/#primaryimage\"},\"image\":{\"@id\":\"https:\\\/\\\/www.caudete.org\\\/ayuntamiento\\\/el-ayuntamiento-investiga-la-instalacion-y-funcionamiento-del-canon-antigranizo-ante-posibles-infracciones\\\/#primaryimage\"},\"thumbnailUrl\":\"https:\\\/\\\/www.caudete.org\\\/ayuntamiento\\\/wp-content\\\/uploads\\\/2025\\\/06\\\/499667174_1099207952233275_8358437372382126695_n.jpg\",\"datePublished\":\"2025-07-03T04:40:21+00:00\",\"dateModified\":\"2025-07-03T04:53:05+00:00\",\"author\":{\"@id\":\"https:\\\/\\\/www.caudete.org\\\/ayuntamiento\\\/#\\\/schema\\\/person\\\/cc646da9133078ee4d8dd47457947253\"},\"description\":\"P\u00e1gina Oficial del Ayuntamiento de Caudete (Albacete)\",\"breadcrumb\":{\"@id\":\"https:\\\/\\\/www.caudete.org\\\/ayuntamiento\\\/el-ayuntamiento-investiga-la-instalacion-y-funcionamiento-del-canon-antigranizo-ante-posibles-infracciones\\\/#breadcrumb\"},\"inLanguage\":\"es\",\"potentialAction\":[{\"@type\":\"ReadAction\",\"target\":[\"https:\\\/\\\/www.caudete.org\\\/ayuntamiento\\\/el-ayuntamiento-investiga-la-instalacion-y-funcionamiento-del-canon-antigranizo-ante-posibles-infracciones\\\/\"]}]},{\"@type\":\"ImageObject\",\"inLanguage\":\"es\",\"@id\":\"https:\\\/\\\/www.caudete.org\\\/ayuntamiento\\\/el-ayuntamiento-investiga-la-instalacion-y-funcionamiento-del-canon-antigranizo-ante-posibles-infracciones\\\/#primaryimage\",\"url\":\"https:\\\/\\\/www.caudete.org\\\/ayuntamiento\\\/wp-content\\\/uploads\\\/2025\\\/06\\\/499667174_1099207952233275_8358437372382126695_n.jpg\",\"contentUrl\":\"https:\\\/\\\/www.caudete.org\\\/ayuntamiento\\\/wp-content\\\/uploads\\\/2025\\\/06\\\/499667174_1099207952233275_8358437372382126695_n.jpg\",\"width\":500,\"height\":350},{\"@type\":\"BreadcrumbList\",\"@id\":\"https:\\\/\\\/www.caudete.org\\\/ayuntamiento\\\/el-ayuntamiento-investiga-la-instalacion-y-funcionamiento-del-canon-antigranizo-ante-posibles-infracciones\\\/#breadcrumb\",\"itemListElement\":[{\"@type\":\"ListItem\",\"position\":1,\"name\":\"Inicio\",\"item\":\"https:\\\/\\\/www.caudete.org\\\/ayuntamiento\\\/\"},{\"@type\":\"ListItem\",\"position\":2,\"name\":\"El Ayuntamiento investiga la instalaci\u00f3n y funcionamiento del Ca\u00f1\u00f3n Antigranizo, ante posibles infracciones\"}]},{\"@type\":\"WebSite\",\"@id\":\"https:\\\/\\\/www.caudete.org\\\/ayuntamiento\\\/#website\",\"url\":\"https:\\\/\\\/www.caudete.org\\\/ayuntamiento\\\/\",\"name\":\"MI Ayuntamiento de Caudete\",\"description\":\"P\u00e1gina Oficial del MI Ayuntamiento de Caudete\",\"potentialAction\":[{\"@type\":\"SearchAction\",\"target\":{\"@type\":\"EntryPoint\",\"urlTemplate\":\"https:\\\/\\\/www.caudete.org\\\/ayuntamiento\\\/?s={search_term_string}\"},\"query-input\":{\"@type\":\"PropertyValueSpecification\",\"valueRequired\":true,\"valueName\":\"search_term_string\"}}],\"inLanguage\":\"es\"},{\"@type\":\"Person\",\"@id\":\"https:\\\/\\\/www.caudete.org\\\/ayuntamiento\\\/#\\\/schema\\\/person\\\/cc646da9133078ee4d8dd47457947253\",\"name\":\"alcalde\",\"image\":{\"@type\":\"ImageObject\",\"inLanguage\":\"es\",\"@id\":\"https:\\\/\\\/secure.gravatar.com\\\/avatar\\\/84a817ba065b29ff08d666b215a215f5c79186a645ccb25b14a663d48a130f77?s=96&d=mm&r=g\",\"url\":\"https:\\\/\\\/secure.gravatar.com\\\/avatar\\\/84a817ba065b29ff08d666b215a215f5c79186a645ccb25b14a663d48a130f77?s=96&d=mm&r=g\",\"contentUrl\":\"https:\\\/\\\/secure.gravatar.com\\\/avatar\\\/84a817ba065b29ff08d666b215a215f5c79186a645ccb25b14a663d48a130f77?s=96&d=mm&r=g\",\"caption\":\"alcalde\"},\"url\":\"https:\\\/\\\/www.caudete.org\\\/ayuntamiento\\\/author\\\/alcalde\\\/\"}]}<\/script>\n<!-- \/ Yoast SEO plugin. -->","yoast_head_json":{"title":"El Ayuntamiento investiga la instalaci\u00f3n y funcionamiento del Ca\u00f1\u00f3n Antigranizo, ante posibles infracciones - MI Ayuntamiento de Caudete","description":"P\u00e1gina Oficial del Ayuntamiento de Caudete (Albacete)","robots":{"index":"index","follow":"follow","max-snippet":"max-snippet:-1","max-image-preview":"max-image-preview:large","max-video-preview":"max-video-preview:-1"},"canonical":"https:\/\/www.caudete.org\/ayuntamiento\/el-ayuntamiento-investiga-la-instalacion-y-funcionamiento-del-canon-antigranizo-ante-posibles-infracciones\/","og_locale":"es_ES","og_type":"article","og_title":"El Ayuntamiento investiga la instalaci\u00f3n y funcionamiento del Ca\u00f1\u00f3n Antigranizo, ante posibles infracciones - MI Ayuntamiento de Caudete","og_description":"P\u00e1gina Oficial del Ayuntamiento de Caudete (Albacete)","og_url":"https:\/\/www.caudete.org\/ayuntamiento\/el-ayuntamiento-investiga-la-instalacion-y-funcionamiento-del-canon-antigranizo-ante-posibles-infracciones\/","og_site_name":"MI Ayuntamiento de Caudete","article_publisher":"https:\/\/www.facebook.com\/ayuntamientocaudete\/","article_published_time":"2025-07-03T04:40:21+00:00","article_modified_time":"2025-07-03T04:53:05+00:00","og_image":[{"width":500,"height":350,"url":"https:\/\/www.caudete.org\/ayuntamiento\/wp-content\/uploads\/2025\/06\/499667174_1099207952233275_8358437372382126695_n.jpg","type":"image\/jpeg"}],"author":"alcalde","twitter_card":"summary_large_image","twitter_misc":{"Escrito por":"alcalde","Tiempo de lectura":"5 minutos"},"schema":{"@context":"https:\/\/schema.org","@graph":[{"@type":"Article","@id":"https:\/\/www.caudete.org\/ayuntamiento\/el-ayuntamiento-investiga-la-instalacion-y-funcionamiento-del-canon-antigranizo-ante-posibles-infracciones\/#article","isPartOf":{"@id":"https:\/\/www.caudete.org\/ayuntamiento\/el-ayuntamiento-investiga-la-instalacion-y-funcionamiento-del-canon-antigranizo-ante-posibles-infracciones\/"},"author":{"name":"alcalde","@id":"https:\/\/www.caudete.org\/ayuntamiento\/#\/schema\/person\/cc646da9133078ee4d8dd47457947253"},"headline":"El Ayuntamiento investiga la instalaci\u00f3n y funcionamiento del Ca\u00f1\u00f3n Antigranizo, ante posibles infracciones","datePublished":"2025-07-03T04:40:21+00:00","dateModified":"2025-07-03T04:53:05+00:00","mainEntityOfPage":{"@id":"https:\/\/www.caudete.org\/ayuntamiento\/el-ayuntamiento-investiga-la-instalacion-y-funcionamiento-del-canon-antigranizo-ante-posibles-infracciones\/"},"wordCount":910,"image":{"@id":"https:\/\/www.caudete.org\/ayuntamiento\/el-ayuntamiento-investiga-la-instalacion-y-funcionamiento-del-canon-antigranizo-ante-posibles-infracciones\/#primaryimage"},"thumbnailUrl":"https:\/\/www.caudete.org\/ayuntamiento\/wp-content\/uploads\/2025\/06\/499667174_1099207952233275_8358437372382126695_n.jpg","articleSection":["Urbanismo"],"inLanguage":"es"},{"@type":"WebPage","@id":"https:\/\/www.caudete.org\/ayuntamiento\/el-ayuntamiento-investiga-la-instalacion-y-funcionamiento-del-canon-antigranizo-ante-posibles-infracciones\/","url":"https:\/\/www.caudete.org\/ayuntamiento\/el-ayuntamiento-investiga-la-instalacion-y-funcionamiento-del-canon-antigranizo-ante-posibles-infracciones\/","name":"El Ayuntamiento investiga la instalaci\u00f3n y funcionamiento del Ca\u00f1\u00f3n Antigranizo, ante posibles infracciones - MI Ayuntamiento de Caudete","isPartOf":{"@id":"https:\/\/www.caudete.org\/ayuntamiento\/#website"},"primaryImageOfPage":{"@id":"https:\/\/www.caudete.org\/ayuntamiento\/el-ayuntamiento-investiga-la-instalacion-y-funcionamiento-del-canon-antigranizo-ante-posibles-infracciones\/#primaryimage"},"image":{"@id":"https:\/\/www.caudete.org\/ayuntamiento\/el-ayuntamiento-investiga-la-instalacion-y-funcionamiento-del-canon-antigranizo-ante-posibles-infracciones\/#primaryimage"},"thumbnailUrl":"https:\/\/www.caudete.org\/ayuntamiento\/wp-content\/uploads\/2025\/06\/499667174_1099207952233275_8358437372382126695_n.jpg","datePublished":"2025-07-03T04:40:21+00:00","dateModified":"2025-07-03T04:53:05+00:00","author":{"@id":"https:\/\/www.caudete.org\/ayuntamiento\/#\/schema\/person\/cc646da9133078ee4d8dd47457947253"},"description":"P\u00e1gina Oficial del Ayuntamiento de Caudete (Albacete)","breadcrumb":{"@id":"https:\/\/www.caudete.org\/ayuntamiento\/el-ayuntamiento-investiga-la-instalacion-y-funcionamiento-del-canon-antigranizo-ante-posibles-infracciones\/#breadcrumb"},"inLanguage":"es","potentialAction":[{"@type":"ReadAction","target":["https:\/\/www.caudete.org\/ayuntamiento\/el-ayuntamiento-investiga-la-instalacion-y-funcionamiento-del-canon-antigranizo-ante-posibles-infracciones\/"]}]},{"@type":"ImageObject","inLanguage":"es","@id":"https:\/\/www.caudete.org\/ayuntamiento\/el-ayuntamiento-investiga-la-instalacion-y-funcionamiento-del-canon-antigranizo-ante-posibles-infracciones\/#primaryimage","url":"https:\/\/www.caudete.org\/ayuntamiento\/wp-content\/uploads\/2025\/06\/499667174_1099207952233275_8358437372382126695_n.jpg","contentUrl":"https:\/\/www.caudete.org\/ayuntamiento\/wp-content\/uploads\/2025\/06\/499667174_1099207952233275_8358437372382126695_n.jpg","width":500,"height":350},{"@type":"BreadcrumbList","@id":"https:\/\/www.caudete.org\/ayuntamiento\/el-ayuntamiento-investiga-la-instalacion-y-funcionamiento-del-canon-antigranizo-ante-posibles-infracciones\/#breadcrumb","itemListElement":[{"@type":"ListItem","position":1,"name":"Inicio","item":"https:\/\/www.caudete.org\/ayuntamiento\/"},{"@type":"ListItem","position":2,"name":"El Ayuntamiento investiga la instalaci\u00f3n y funcionamiento del Ca\u00f1\u00f3n Antigranizo, ante posibles infracciones"}]},{"@type":"WebSite","@id":"https:\/\/www.caudete.org\/ayuntamiento\/#website","url":"https:\/\/www.caudete.org\/ayuntamiento\/","name":"MI Ayuntamiento de Caudete","description":"P\u00e1gina Oficial del MI Ayuntamiento de Caudete","potentialAction":[{"@type":"SearchAction","target":{"@type":"EntryPoint","urlTemplate":"https:\/\/www.caudete.org\/ayuntamiento\/?s={search_term_string}"},"query-input":{"@type":"PropertyValueSpecification","valueRequired":true,"valueName":"search_term_string"}}],"inLanguage":"es"},{"@type":"Person","@id":"https:\/\/www.caudete.org\/ayuntamiento\/#\/schema\/person\/cc646da9133078ee4d8dd47457947253","name":"alcalde","image":{"@type":"ImageObject","inLanguage":"es","@id":"https:\/\/secure.gravatar.com\/avatar\/84a817ba065b29ff08d666b215a215f5c79186a645ccb25b14a663d48a130f77?s=96&d=mm&r=g","url":"https:\/\/secure.gravatar.com\/avatar\/84a817ba065b29ff08d666b215a215f5c79186a645ccb25b14a663d48a130f77?s=96&d=mm&r=g","contentUrl":"https:\/\/secure.gravatar.com\/avatar\/84a817ba065b29ff08d666b215a215f5c79186a645ccb25b14a663d48a130f77?s=96&d=mm&r=g","caption":"alcalde"},"url":"https:\/\/www.caudete.org\/ayuntamiento\/author\/alcalde\/"}]}},"_links":{"self":[{"href":"https:\/\/www.caudete.org\/ayuntamiento\/wp-json\/wp\/v2\/posts\/29444","targetHints":{"allow":["GET"]}}],"collection":[{"href":"https:\/\/www.caudete.org\/ayuntamiento\/wp-json\/wp\/v2\/posts"}],"about":[{"href":"https:\/\/www.caudete.org\/ayuntamiento\/wp-json\/wp\/v2\/types\/post"}],"author":[{"embeddable":true,"href":"https:\/\/www.caudete.org\/ayuntamiento\/wp-json\/wp\/v2\/users\/3"}],"replies":[{"embeddable":true,"href":"https:\/\/www.caudete.org\/ayuntamiento\/wp-json\/wp\/v2\/comments?post=29444"}],"version-history":[{"count":3,"href":"https:\/\/www.caudete.org\/ayuntamiento\/wp-json\/wp\/v2\/posts\/29444\/revisions"}],"predecessor-version":[{"id":29530,"href":"https:\/\/www.caudete.org\/ayuntamiento\/wp-json\/wp\/v2\/posts\/29444\/revisions\/29530"}],"wp:featuredmedia":[{"embeddable":true,"href":"https:\/\/www.caudete.org\/ayuntamiento\/wp-json\/wp\/v2\/media\/29445"}],"wp:attachment":[{"href":"https:\/\/www.caudete.org\/ayuntamiento\/wp-json\/wp\/v2\/media?parent=29444"}],"wp:term":[{"taxonomy":"category","embeddable":true,"href":"https:\/\/www.caudete.org\/ayuntamiento\/wp-json\/wp\/v2\/categories?post=29444"},{"taxonomy":"post_tag","embeddable":true,"href":"https:\/\/www.caudete.org\/ayuntamiento\/wp-json\/wp\/v2\/tags?post=29444"}],"curies":[{"name":"wp","href":"https:\/\/api.w.org\/{rel}","templated":true}]}}