{"id":29462,"date":"2025-06-26T14:10:52","date_gmt":"2025-06-26T12:10:52","guid":{"rendered":"https:\/\/www.caudete.org\/ayuntamiento\/?p=29462"},"modified":"2025-06-26T14:34:00","modified_gmt":"2025-06-26T12:34:00","slug":"gran-acogida-de-la-exposicion-fotografica-biodiversidad-de-caudete-de-discite-natura-en-el-molino-de-abajo","status":"publish","type":"post","link":"https:\/\/www.caudete.org\/ayuntamiento\/gran-acogida-de-la-exposicion-fotografica-biodiversidad-de-caudete-de-discite-natura-en-el-molino-de-abajo\/","title":{"rendered":"Gran acogida de la Exposici\u00f3n Fotogr\u00e1fica &#8220;BIODIVERSIDAD DE CAUDETE&#8221; de Discite Natura en el Molino de Abajo"},"content":{"rendered":"<p style=\"text-align: justify;\"><span style=\"font-size: 12pt;\">La exposici\u00f3n fotogr\u00e1fica &#8220;Biodiversidad de Caudete&#8221;, organizada por la Asociaci\u00f3n Discite Natura en colaboraci\u00f3n con la Concejal\u00eda de Turismo del Ayuntamiento de Caudete, ha sido un gran \u00e9xito, recibiendo una c\u00e1lida acogida por parte de la ciudadan\u00eda.<\/span><\/p>\n<p style=\"text-align: justify;\">Inaugurada el pasado 6 de junio, tuvo lugar en el emblem\u00e1tico Molino de Abajo la presentaci\u00f3n de las fotograf\u00edas seleccionadas para representar el patrimonio natural de Caudete. Los asistentes pudieron conocer de la mano de los miembros fundadores de Discite Natura: Alejandro Carpena, Pablo Escudero y Francisco Javier Carpena, las caracter\u00edsticas ambientales que hacen que Caudete albergue una gran biodiversidad, junto con las especies de flora y fauna m\u00e1s singulares, destacando las funciones que cumplen en los ecosistemas y la importancia de conservarlas.<\/p>\n<p style=\"text-align: justify;\">Adem\u00e1s, se di\u00f3 a conocer la labor que se realiza desde Birding Monte Ib\u00e9rico, proyecto formado por diferentes entidades locales de la comarca Monte Ib\u00e9rico-Corredor de Almansa en la provincia de Albacete, para promocionar el turismo ornitol\u00f3gico y de naturaleza en la zona. Gracias a la colaboraci\u00f3n del CEDER Monte Ib\u00e9rico, que proporcionaron material divulgativo, se pudo dar a conocer la idea principal del proyecto.<\/p>\n<p style=\"text-align: justify;\">Durante los d\u00edas 7 y 14 de junio, el Molino permaneci\u00f3 abierto al p\u00fablico con los miembros de Discite Natura presentes para dar a conocer la exposici\u00f3n fotogr\u00e1fica y compartir diferentes aspectos sobre la naturaleza de Caudete con los asistentes. La gran afluencia de visitantes durante ambos d\u00edas mostr\u00f3 el inter\u00e9s y la sensibilidad de la comunidad hacia la conservaci\u00f3n de la naturaleza del municipio.<\/p>\n<p style=\"text-align: justify;\">El d\u00eda 18 de junio, asistieron los alumnos de cuarto de primaria del CEIP Alc\u00e1zar y Serrano, mostrando un gran inter\u00e9s por la informaci\u00f3n compartida por Discite Natura.<\/p>\n<p style=\"text-align: justify;\"><em>\u201cEstamos muy agradecidos por la respuesta del p\u00fablico. Superar los 200 visitantes en una primera exposici\u00f3n es muy alentador. Esto nos anima a seguir trabajando para acercar la naturaleza a todos los vecinos y vecinas de Caudete\u201d<\/em>, han se\u00f1alado desde Discite Natura.<\/p>\n<p style=\"text-align: justify;\">La Concejal\u00eda de Turismo del Ayuntamiento de Caudete y la Asociaci\u00f3n Discite Natura expresan su satisfacci\u00f3n por la excelente acogida de esta iniciativa y su compromiso de seguir promoviendo actividades que acerquen a la ciudadan\u00eda al conocimiento y respeto por la biodiversidad de Caudete.<\/p>\n","protected":false},"excerpt":{"rendered":"<p>La exposici\u00f3n fotogr\u00e1fica &#8220;Biodiversidad de Caudete&#8221;, organizada por la Asociaci\u00f3n Discite Natura en colaboraci\u00f3n con la Concejal\u00eda de Turismo del Ayuntamiento de Caudete, ha sido un gran \u00e9xito, recibiendo una c\u00e1lida acogida por parte de la ciudadan\u00eda. Inaugurada el pasado 6 de junio, tuvo lugar en el emblem\u00e1tico Molino de Abajo la presentaci\u00f3n de las &hellip;<\/p>\n","protected":false},"author":3,"featured_media":29463,"comment_status":"closed","ping_status":"open","sticky":false,"template":"","format":"standard","meta":{"ngg_post_thumbnail":0,"footnotes":""},"categories":[43],"tags":[],"class_list":["post-29462","post","type-post","status-publish","format-standard","has-post-thumbnail","hentry","category-turismo"],"yoast_head":"<!-- This site is optimized with the Yoast SEO plugin v27.5 - https:\/\/yoast.com\/product\/yoast-seo-wordpress\/ -->\n<title>Gran acogida de la Exposici\u00f3n Fotogr\u00e1fica &quot;BIODIVERSIDAD DE CAUDETE&quot; de Discite Natura en el Molino de Abajo - MI Ayuntamiento de Caudete<\/title>\n<meta name=\"description\" content=\"P\u00e1gina Oficial del Ayuntamiento de Caudete (Albacete)\" \/>\n<meta name=\"robots\" content=\"index, follow, max-snippet:-1, max-image-preview:large, max-video-preview:-1\" \/>\n<link rel=\"canonical\" href=\"https:\/\/www.caudete.org\/ayuntamiento\/gran-acogida-de-la-exposicion-fotografica-biodiversidad-de-caudete-de-discite-natura-en-el-molino-de-abajo\/\" \/>\n<meta property=\"og:locale\" content=\"es_ES\" \/>\n<meta property=\"og:type\" content=\"article\" \/>\n<meta property=\"og:title\" content=\"Gran acogida de la Exposici\u00f3n Fotogr\u00e1fica &quot;BIODIVERSIDAD DE CAUDETE&quot; de Discite Natura en el Molino de Abajo - MI Ayuntamiento de Caudete\" \/>\n<meta property=\"og:description\" content=\"P\u00e1gina Oficial del Ayuntamiento de Caudete (Albacete)\" \/>\n<meta property=\"og:url\" content=\"https:\/\/www.caudete.org\/ayuntamiento\/gran-acogida-de-la-exposicion-fotografica-biodiversidad-de-caudete-de-discite-natura-en-el-molino-de-abajo\/\" \/>\n<meta property=\"og:site_name\" content=\"MI Ayuntamiento de Caudete\" \/>\n<meta property=\"article:publisher\" content=\"https:\/\/www.facebook.com\/ayuntamientocaudete\/\" \/>\n<meta property=\"article:published_time\" content=\"2025-06-26T12:10:52+00:00\" \/>\n<meta property=\"article:modified_time\" content=\"2025-06-26T12:34:00+00:00\" \/>\n<meta property=\"og:image\" content=\"https:\/\/www.caudete.org\/ayuntamiento\/wp-content\/uploads\/2025\/06\/WhatsApp-Image-2025-06-26-at-14.08.09-e1750941213955.jpeg\" \/>\n\t<meta property=\"og:image:width\" content=\"1179\" \/>\n\t<meta property=\"og:image:height\" content=\"680\" \/>\n\t<meta property=\"og:image:type\" content=\"image\/jpeg\" \/>\n<meta name=\"author\" content=\"alcalde\" \/>\n<meta name=\"twitter:card\" content=\"summary_large_image\" \/>\n<meta name=\"twitter:label1\" content=\"Escrito por\" \/>\n\t<meta name=\"twitter:data1\" content=\"alcalde\" \/>\n\t<meta name=\"twitter:label2\" content=\"Tiempo de lectura\" \/>\n\t<meta name=\"twitter:data2\" content=\"2 minutos\" \/>\n<script type=\"application\/ld+json\" class=\"yoast-schema-graph\">{\"@context\":\"https:\\\/\\\/schema.org\",\"@graph\":[{\"@type\":\"Article\",\"@id\":\"https:\\\/\\\/www.caudete.org\\\/ayuntamiento\\\/gran-acogida-de-la-exposicion-fotografica-biodiversidad-de-caudete-de-discite-natura-en-el-molino-de-abajo\\\/#article\",\"isPartOf\":{\"@id\":\"https:\\\/\\\/www.caudete.org\\\/ayuntamiento\\\/gran-acogida-de-la-exposicion-fotografica-biodiversidad-de-caudete-de-discite-natura-en-el-molino-de-abajo\\\/\"},\"author\":{\"name\":\"alcalde\",\"@id\":\"https:\\\/\\\/www.caudete.org\\\/ayuntamiento\\\/#\\\/schema\\\/person\\\/cc646da9133078ee4d8dd47457947253\"},\"headline\":\"Gran acogida de la Exposici\u00f3n Fotogr\u00e1fica &#8220;BIODIVERSIDAD DE CAUDETE&#8221; de Discite Natura en el Molino de Abajo\",\"datePublished\":\"2025-06-26T12:10:52+00:00\",\"dateModified\":\"2025-06-26T12:34:00+00:00\",\"mainEntityOfPage\":{\"@id\":\"https:\\\/\\\/www.caudete.org\\\/ayuntamiento\\\/gran-acogida-de-la-exposicion-fotografica-biodiversidad-de-caudete-de-discite-natura-en-el-molino-de-abajo\\\/\"},\"wordCount\":414,\"image\":{\"@id\":\"https:\\\/\\\/www.caudete.org\\\/ayuntamiento\\\/gran-acogida-de-la-exposicion-fotografica-biodiversidad-de-caudete-de-discite-natura-en-el-molino-de-abajo\\\/#primaryimage\"},\"thumbnailUrl\":\"https:\\\/\\\/www.caudete.org\\\/ayuntamiento\\\/wp-content\\\/uploads\\\/2025\\\/06\\\/WhatsApp-Image-2025-06-26-at-14.08.09-e1750941213955.jpeg\",\"articleSection\":[\"Turismo\"],\"inLanguage\":\"es\"},{\"@type\":\"WebPage\",\"@id\":\"https:\\\/\\\/www.caudete.org\\\/ayuntamiento\\\/gran-acogida-de-la-exposicion-fotografica-biodiversidad-de-caudete-de-discite-natura-en-el-molino-de-abajo\\\/\",\"url\":\"https:\\\/\\\/www.caudete.org\\\/ayuntamiento\\\/gran-acogida-de-la-exposicion-fotografica-biodiversidad-de-caudete-de-discite-natura-en-el-molino-de-abajo\\\/\",\"name\":\"Gran acogida de la Exposici\u00f3n Fotogr\u00e1fica \\\"BIODIVERSIDAD DE CAUDETE\\\" de Discite Natura en el Molino de Abajo - MI Ayuntamiento de Caudete\",\"isPartOf\":{\"@id\":\"https:\\\/\\\/www.caudete.org\\\/ayuntamiento\\\/#website\"},\"primaryImageOfPage\":{\"@id\":\"https:\\\/\\\/www.caudete.org\\\/ayuntamiento\\\/gran-acogida-de-la-exposicion-fotografica-biodiversidad-de-caudete-de-discite-natura-en-el-molino-de-abajo\\\/#primaryimage\"},\"image\":{\"@id\":\"https:\\\/\\\/www.caudete.org\\\/ayuntamiento\\\/gran-acogida-de-la-exposicion-fotografica-biodiversidad-de-caudete-de-discite-natura-en-el-molino-de-abajo\\\/#primaryimage\"},\"thumbnailUrl\":\"https:\\\/\\\/www.caudete.org\\\/ayuntamiento\\\/wp-content\\\/uploads\\\/2025\\\/06\\\/WhatsApp-Image-2025-06-26-at-14.08.09-e1750941213955.jpeg\",\"datePublished\":\"2025-06-26T12:10:52+00:00\",\"dateModified\":\"2025-06-26T12:34:00+00:00\",\"author\":{\"@id\":\"https:\\\/\\\/www.caudete.org\\\/ayuntamiento\\\/#\\\/schema\\\/person\\\/cc646da9133078ee4d8dd47457947253\"},\"description\":\"P\u00e1gina Oficial del Ayuntamiento de Caudete (Albacete)\",\"breadcrumb\":{\"@id\":\"https:\\\/\\\/www.caudete.org\\\/ayuntamiento\\\/gran-acogida-de-la-exposicion-fotografica-biodiversidad-de-caudete-de-discite-natura-en-el-molino-de-abajo\\\/#breadcrumb\"},\"inLanguage\":\"es\",\"potentialAction\":[{\"@type\":\"ReadAction\",\"target\":[\"https:\\\/\\\/www.caudete.org\\\/ayuntamiento\\\/gran-acogida-de-la-exposicion-fotografica-biodiversidad-de-caudete-de-discite-natura-en-el-molino-de-abajo\\\/\"]}]},{\"@type\":\"ImageObject\",\"inLanguage\":\"es\",\"@id\":\"https:\\\/\\\/www.caudete.org\\\/ayuntamiento\\\/gran-acogida-de-la-exposicion-fotografica-biodiversidad-de-caudete-de-discite-natura-en-el-molino-de-abajo\\\/#primaryimage\",\"url\":\"https:\\\/\\\/www.caudete.org\\\/ayuntamiento\\\/wp-content\\\/uploads\\\/2025\\\/06\\\/WhatsApp-Image-2025-06-26-at-14.08.09-e1750941213955.jpeg\",\"contentUrl\":\"https:\\\/\\\/www.caudete.org\\\/ayuntamiento\\\/wp-content\\\/uploads\\\/2025\\\/06\\\/WhatsApp-Image-2025-06-26-at-14.08.09-e1750941213955.jpeg\",\"width\":1179,\"height\":680},{\"@type\":\"BreadcrumbList\",\"@id\":\"https:\\\/\\\/www.caudete.org\\\/ayuntamiento\\\/gran-acogida-de-la-exposicion-fotografica-biodiversidad-de-caudete-de-discite-natura-en-el-molino-de-abajo\\\/#breadcrumb\",\"itemListElement\":[{\"@type\":\"ListItem\",\"position\":1,\"name\":\"Inicio\",\"item\":\"https:\\\/\\\/www.caudete.org\\\/ayuntamiento\\\/\"},{\"@type\":\"ListItem\",\"position\":2,\"name\":\"Gran acogida de la Exposici\u00f3n Fotogr\u00e1fica &#8220;BIODIVERSIDAD DE CAUDETE&#8221; de Discite Natura en el Molino de Abajo\"}]},{\"@type\":\"WebSite\",\"@id\":\"https:\\\/\\\/www.caudete.org\\\/ayuntamiento\\\/#website\",\"url\":\"https:\\\/\\\/www.caudete.org\\\/ayuntamiento\\\/\",\"name\":\"MI Ayuntamiento de Caudete\",\"description\":\"P\u00e1gina Oficial del MI Ayuntamiento de Caudete\",\"potentialAction\":[{\"@type\":\"SearchAction\",\"target\":{\"@type\":\"EntryPoint\",\"urlTemplate\":\"https:\\\/\\\/www.caudete.org\\\/ayuntamiento\\\/?s={search_term_string}\"},\"query-input\":{\"@type\":\"PropertyValueSpecification\",\"valueRequired\":true,\"valueName\":\"search_term_string\"}}],\"inLanguage\":\"es\"},{\"@type\":\"Person\",\"@id\":\"https:\\\/\\\/www.caudete.org\\\/ayuntamiento\\\/#\\\/schema\\\/person\\\/cc646da9133078ee4d8dd47457947253\",\"name\":\"alcalde\",\"image\":{\"@type\":\"ImageObject\",\"inLanguage\":\"es\",\"@id\":\"https:\\\/\\\/secure.gravatar.com\\\/avatar\\\/84a817ba065b29ff08d666b215a215f5c79186a645ccb25b14a663d48a130f77?s=96&d=mm&r=g\",\"url\":\"https:\\\/\\\/secure.gravatar.com\\\/avatar\\\/84a817ba065b29ff08d666b215a215f5c79186a645ccb25b14a663d48a130f77?s=96&d=mm&r=g\",\"contentUrl\":\"https:\\\/\\\/secure.gravatar.com\\\/avatar\\\/84a817ba065b29ff08d666b215a215f5c79186a645ccb25b14a663d48a130f77?s=96&d=mm&r=g\",\"caption\":\"alcalde\"},\"url\":\"https:\\\/\\\/www.caudete.org\\\/ayuntamiento\\\/author\\\/alcalde\\\/\"}]}<\/script>\n<!-- \/ Yoast SEO plugin. -->","yoast_head_json":{"title":"Gran acogida de la Exposici\u00f3n Fotogr\u00e1fica \"BIODIVERSIDAD DE CAUDETE\" de Discite Natura en el Molino de Abajo - MI Ayuntamiento de Caudete","description":"P\u00e1gina Oficial del Ayuntamiento de Caudete (Albacete)","robots":{"index":"index","follow":"follow","max-snippet":"max-snippet:-1","max-image-preview":"max-image-preview:large","max-video-preview":"max-video-preview:-1"},"canonical":"https:\/\/www.caudete.org\/ayuntamiento\/gran-acogida-de-la-exposicion-fotografica-biodiversidad-de-caudete-de-discite-natura-en-el-molino-de-abajo\/","og_locale":"es_ES","og_type":"article","og_title":"Gran acogida de la Exposici\u00f3n Fotogr\u00e1fica \"BIODIVERSIDAD DE CAUDETE\" de Discite Natura en el Molino de Abajo - MI Ayuntamiento de Caudete","og_description":"P\u00e1gina Oficial del Ayuntamiento de Caudete (Albacete)","og_url":"https:\/\/www.caudete.org\/ayuntamiento\/gran-acogida-de-la-exposicion-fotografica-biodiversidad-de-caudete-de-discite-natura-en-el-molino-de-abajo\/","og_site_name":"MI Ayuntamiento de Caudete","article_publisher":"https:\/\/www.facebook.com\/ayuntamientocaudete\/","article_published_time":"2025-06-26T12:10:52+00:00","article_modified_time":"2025-06-26T12:34:00+00:00","og_image":[{"width":1179,"height":680,"url":"https:\/\/www.caudete.org\/ayuntamiento\/wp-content\/uploads\/2025\/06\/WhatsApp-Image-2025-06-26-at-14.08.09-e1750941213955.jpeg","type":"image\/jpeg"}],"author":"alcalde","twitter_card":"summary_large_image","twitter_misc":{"Escrito por":"alcalde","Tiempo de lectura":"2 minutos"},"schema":{"@context":"https:\/\/schema.org","@graph":[{"@type":"Article","@id":"https:\/\/www.caudete.org\/ayuntamiento\/gran-acogida-de-la-exposicion-fotografica-biodiversidad-de-caudete-de-discite-natura-en-el-molino-de-abajo\/#article","isPartOf":{"@id":"https:\/\/www.caudete.org\/ayuntamiento\/gran-acogida-de-la-exposicion-fotografica-biodiversidad-de-caudete-de-discite-natura-en-el-molino-de-abajo\/"},"author":{"name":"alcalde","@id":"https:\/\/www.caudete.org\/ayuntamiento\/#\/schema\/person\/cc646da9133078ee4d8dd47457947253"},"headline":"Gran acogida de la Exposici\u00f3n Fotogr\u00e1fica &#8220;BIODIVERSIDAD DE CAUDETE&#8221; de Discite Natura en el Molino de Abajo","datePublished":"2025-06-26T12:10:52+00:00","dateModified":"2025-06-26T12:34:00+00:00","mainEntityOfPage":{"@id":"https:\/\/www.caudete.org\/ayuntamiento\/gran-acogida-de-la-exposicion-fotografica-biodiversidad-de-caudete-de-discite-natura-en-el-molino-de-abajo\/"},"wordCount":414,"image":{"@id":"https:\/\/www.caudete.org\/ayuntamiento\/gran-acogida-de-la-exposicion-fotografica-biodiversidad-de-caudete-de-discite-natura-en-el-molino-de-abajo\/#primaryimage"},"thumbnailUrl":"https:\/\/www.caudete.org\/ayuntamiento\/wp-content\/uploads\/2025\/06\/WhatsApp-Image-2025-06-26-at-14.08.09-e1750941213955.jpeg","articleSection":["Turismo"],"inLanguage":"es"},{"@type":"WebPage","@id":"https:\/\/www.caudete.org\/ayuntamiento\/gran-acogida-de-la-exposicion-fotografica-biodiversidad-de-caudete-de-discite-natura-en-el-molino-de-abajo\/","url":"https:\/\/www.caudete.org\/ayuntamiento\/gran-acogida-de-la-exposicion-fotografica-biodiversidad-de-caudete-de-discite-natura-en-el-molino-de-abajo\/","name":"Gran acogida de la Exposici\u00f3n Fotogr\u00e1fica \"BIODIVERSIDAD DE CAUDETE\" de Discite Natura en el Molino de Abajo - MI Ayuntamiento de Caudete","isPartOf":{"@id":"https:\/\/www.caudete.org\/ayuntamiento\/#website"},"primaryImageOfPage":{"@id":"https:\/\/www.caudete.org\/ayuntamiento\/gran-acogida-de-la-exposicion-fotografica-biodiversidad-de-caudete-de-discite-natura-en-el-molino-de-abajo\/#primaryimage"},"image":{"@id":"https:\/\/www.caudete.org\/ayuntamiento\/gran-acogida-de-la-exposicion-fotografica-biodiversidad-de-caudete-de-discite-natura-en-el-molino-de-abajo\/#primaryimage"},"thumbnailUrl":"https:\/\/www.caudete.org\/ayuntamiento\/wp-content\/uploads\/2025\/06\/WhatsApp-Image-2025-06-26-at-14.08.09-e1750941213955.jpeg","datePublished":"2025-06-26T12:10:52+00:00","dateModified":"2025-06-26T12:34:00+00:00","author":{"@id":"https:\/\/www.caudete.org\/ayuntamiento\/#\/schema\/person\/cc646da9133078ee4d8dd47457947253"},"description":"P\u00e1gina Oficial del Ayuntamiento de Caudete (Albacete)","breadcrumb":{"@id":"https:\/\/www.caudete.org\/ayuntamiento\/gran-acogida-de-la-exposicion-fotografica-biodiversidad-de-caudete-de-discite-natura-en-el-molino-de-abajo\/#breadcrumb"},"inLanguage":"es","potentialAction":[{"@type":"ReadAction","target":["https:\/\/www.caudete.org\/ayuntamiento\/gran-acogida-de-la-exposicion-fotografica-biodiversidad-de-caudete-de-discite-natura-en-el-molino-de-abajo\/"]}]},{"@type":"ImageObject","inLanguage":"es","@id":"https:\/\/www.caudete.org\/ayuntamiento\/gran-acogida-de-la-exposicion-fotografica-biodiversidad-de-caudete-de-discite-natura-en-el-molino-de-abajo\/#primaryimage","url":"https:\/\/www.caudete.org\/ayuntamiento\/wp-content\/uploads\/2025\/06\/WhatsApp-Image-2025-06-26-at-14.08.09-e1750941213955.jpeg","contentUrl":"https:\/\/www.caudete.org\/ayuntamiento\/wp-content\/uploads\/2025\/06\/WhatsApp-Image-2025-06-26-at-14.08.09-e1750941213955.jpeg","width":1179,"height":680},{"@type":"BreadcrumbList","@id":"https:\/\/www.caudete.org\/ayuntamiento\/gran-acogida-de-la-exposicion-fotografica-biodiversidad-de-caudete-de-discite-natura-en-el-molino-de-abajo\/#breadcrumb","itemListElement":[{"@type":"ListItem","position":1,"name":"Inicio","item":"https:\/\/www.caudete.org\/ayuntamiento\/"},{"@type":"ListItem","position":2,"name":"Gran acogida de la Exposici\u00f3n Fotogr\u00e1fica &#8220;BIODIVERSIDAD DE CAUDETE&#8221; de Discite Natura en el Molino de Abajo"}]},{"@type":"WebSite","@id":"https:\/\/www.caudete.org\/ayuntamiento\/#website","url":"https:\/\/www.caudete.org\/ayuntamiento\/","name":"MI Ayuntamiento de Caudete","description":"P\u00e1gina Oficial del MI Ayuntamiento de Caudete","potentialAction":[{"@type":"SearchAction","target":{"@type":"EntryPoint","urlTemplate":"https:\/\/www.caudete.org\/ayuntamiento\/?s={search_term_string}"},"query-input":{"@type":"PropertyValueSpecification","valueRequired":true,"valueName":"search_term_string"}}],"inLanguage":"es"},{"@type":"Person","@id":"https:\/\/www.caudete.org\/ayuntamiento\/#\/schema\/person\/cc646da9133078ee4d8dd47457947253","name":"alcalde","image":{"@type":"ImageObject","inLanguage":"es","@id":"https:\/\/secure.gravatar.com\/avatar\/84a817ba065b29ff08d666b215a215f5c79186a645ccb25b14a663d48a130f77?s=96&d=mm&r=g","url":"https:\/\/secure.gravatar.com\/avatar\/84a817ba065b29ff08d666b215a215f5c79186a645ccb25b14a663d48a130f77?s=96&d=mm&r=g","contentUrl":"https:\/\/secure.gravatar.com\/avatar\/84a817ba065b29ff08d666b215a215f5c79186a645ccb25b14a663d48a130f77?s=96&d=mm&r=g","caption":"alcalde"},"url":"https:\/\/www.caudete.org\/ayuntamiento\/author\/alcalde\/"}]}},"_links":{"self":[{"href":"https:\/\/www.caudete.org\/ayuntamiento\/wp-json\/wp\/v2\/posts\/29462","targetHints":{"allow":["GET"]}}],"collection":[{"href":"https:\/\/www.caudete.org\/ayuntamiento\/wp-json\/wp\/v2\/posts"}],"about":[{"href":"https:\/\/www.caudete.org\/ayuntamiento\/wp-json\/wp\/v2\/types\/post"}],"author":[{"embeddable":true,"href":"https:\/\/www.caudete.org\/ayuntamiento\/wp-json\/wp\/v2\/users\/3"}],"replies":[{"embeddable":true,"href":"https:\/\/www.caudete.org\/ayuntamiento\/wp-json\/wp\/v2\/comments?post=29462"}],"version-history":[{"count":3,"href":"https:\/\/www.caudete.org\/ayuntamiento\/wp-json\/wp\/v2\/posts\/29462\/revisions"}],"predecessor-version":[{"id":29466,"href":"https:\/\/www.caudete.org\/ayuntamiento\/wp-json\/wp\/v2\/posts\/29462\/revisions\/29466"}],"wp:featuredmedia":[{"embeddable":true,"href":"https:\/\/www.caudete.org\/ayuntamiento\/wp-json\/wp\/v2\/media\/29463"}],"wp:attachment":[{"href":"https:\/\/www.caudete.org\/ayuntamiento\/wp-json\/wp\/v2\/media?parent=29462"}],"wp:term":[{"taxonomy":"category","embeddable":true,"href":"https:\/\/www.caudete.org\/ayuntamiento\/wp-json\/wp\/v2\/categories?post=29462"},{"taxonomy":"post_tag","embeddable":true,"href":"https:\/\/www.caudete.org\/ayuntamiento\/wp-json\/wp\/v2\/tags?post=29462"}],"curies":[{"name":"wp","href":"https:\/\/api.w.org\/{rel}","templated":true}]}}