{"id":29483,"date":"2025-06-30T08:17:19","date_gmt":"2025-06-30T06:17:19","guid":{"rendered":"https:\/\/www.caudete.org\/ayuntamiento\/?p=29483"},"modified":"2025-06-30T08:16:22","modified_gmt":"2025-06-30T06:16:22","slug":"el-alcalde-aprueba-la-reparcelacion-de-la-ua-3-del-ptec-como-impulso-para-la-atraccion-de-empresas-e-inversiones","status":"publish","type":"post","link":"https:\/\/www.caudete.org\/ayuntamiento\/el-alcalde-aprueba-la-reparcelacion-de-la-ua-3-del-ptec-como-impulso-para-la-atraccion-de-empresas-e-inversiones\/","title":{"rendered":"El Alcalde aprueba la Reparcelaci\u00f3n de la UA-3 del PTEC como impulso para la atracci\u00f3n de empresas e inversiones"},"content":{"rendered":"<p><a href=\"https:\/\/www.caudete.org\/ayuntamiento\/wp-content\/uploads\/2025\/02\/ptec-caudete.jpg\" rel='prettyPhoto'><img fetchpriority=\"high\" decoding=\"async\" class=\"alignnone wp-image-27396 size-full\" src=\"https:\/\/www.caudete.org\/ayuntamiento\/wp-content\/uploads\/2025\/02\/ptec-caudete.jpg\" alt=\"\" width=\"1156\" height=\"191\" srcset=\"https:\/\/www.caudete.org\/ayuntamiento\/wp-content\/uploads\/2025\/02\/ptec-caudete.jpg 1156w, https:\/\/www.caudete.org\/ayuntamiento\/wp-content\/uploads\/2025\/02\/ptec-caudete-300x50.jpg 300w, https:\/\/www.caudete.org\/ayuntamiento\/wp-content\/uploads\/2025\/02\/ptec-caudete-1024x169.jpg 1024w, https:\/\/www.caudete.org\/ayuntamiento\/wp-content\/uploads\/2025\/02\/ptec-caudete-768x127.jpg 768w\" sizes=\"(max-width: 1156px) 100vw, 1156px\" \/><\/a><\/p>\n<p style=\"text-align: justify;\">A primera hora de esta ma\u00f1ana daban a conocer el Alcalde, Mois\u00e9s L\u00f3pez y la Concejal de Promoci\u00f3n y Desarrollo Econ\u00f3mico, M\u00aa Dolores Requena, la reciente firma del Decreto por el cual queda aprobada la <strong>Reparcelaci\u00f3n voluntaria de la Unidad de Actuaci\u00f3n UA 3 del Parque Tecnol\u00f3gico de Caudete<\/strong>, presentada de oficio por el propio Consistorio como propietario \u00edntegro de los terrenos, y que permitir\u00e1 avanzar en las pol\u00edticas de creaci\u00f3n de suelo industrial y atracci\u00f3n de inversiones para el desarrollo econ\u00f3mico del municipio.<\/p>\n<p style=\"text-align: justify;\">La Resoluci\u00f3n de Alcald\u00eda n\u00ba1643 de fecha 28\/06\/2025 es la que materializa a\u00f1os de gesti\u00f3n y trabajo en esta materia, de la que tan solo resta elevar a escritura p\u00fablica y su posterior inscripci\u00f3n en registro, para que se tenga plena disposici\u00f3n de la reparcelaci\u00f3n efectuada, y con ello, avanzar en la siguiente fase, la de urbanizaci\u00f3n, donde se abren diferentes opciones, y entre las cuales el Gobierno Municipal busca la m\u00e1s efectiva para los intereses municipales.<\/p>\n<p style=\"text-align: justify;\">Ambos Ediles remarcaban la importancia de la acci\u00f3n, que supone un paso m\u00e1s en la pol\u00edtica de creaci\u00f3n de empleo y riqueza mediante la implantaci\u00f3n de industria en el municipio, en un \u00e1rea industrial que es clave por su estrat\u00e9gica ubicaci\u00f3n, y que las proyectadas obras del Corredor Mediterr\u00e1neo y Puerto Seco nos hacen m\u00e1s competitivos para las empresas que buscan suelo en la comarca y en el levante, donde Caudete tiene grandes oportunidades.<\/p>\n<p style=\"text-align: justify;\">Al respecto, manifestaban que la la particularidad de que el 100% del suelo en la UA-3 sea de titularidad municipal, supone unas mayores garant\u00edas en cuanto a facilidad para la tramitaci\u00f3n de todas las gestiones, permitiendo adem\u00e1s poder gestionar en todo momento el suelo disponible.<\/p>\n<p style=\"text-align: justify;\">Destacaban adem\u00e1s que la actual fase, la UA-1, urbanizada hace m\u00e1s de 15 a\u00f1os, recae mayoritariamente en propiedad privada, salvo dos parcelas de titularidad municipal, con la particularidad de ser parcelas de peque\u00f1a superficie, algo que en la actualidad no demandan las empresas interesadas, buscando suelo de mayores proporciones, lo que s\u00ed podr\u00e1 ofrecer la nueva fase UA-3.<\/p>\n<p style=\"text-align: justify;\">As\u00ed las cosas, consideran no solo un proyecto ilusionante y con grandes expectativas, sino que adem\u00e1s es necesario para poder conseguir que Caudete avance en el progreso, en la creaci\u00f3n de riqueza y empleo, y en fijar y atraer poblaci\u00f3n.<\/p>\n<p style=\"text-align: justify;\">Por \u00faltimo, han vuelto a remarcar tanto L\u00f3pez como Requena que el proyecto forma parte de una carrera de fondo, iniciada en la pasada legislatura, y que necesitar\u00e1 del esfuerzo y apoyo de la actual para poder llegar con \u00e9xito al objetivo, para lo que adelantaban, es imprescindible la unidad y firmeza de todos los representantes pol\u00edticos del municipio en un proyecto de presente y futuro como lo es materializar suelo en el que nuevas empresas puedan instalarse.<\/p>\n<p><a href=\"https:\/\/www.caudete.org\/ayuntamiento\/wp-content\/uploads\/2025\/02\/ptec.jpg\" rel='prettyPhoto'><img decoding=\"async\" class=\"alignnone wp-image-27397 size-full\" src=\"https:\/\/www.caudete.org\/ayuntamiento\/wp-content\/uploads\/2025\/02\/ptec.jpg\" alt=\"\" width=\"1618\" height=\"825\" srcset=\"https:\/\/www.caudete.org\/ayuntamiento\/wp-content\/uploads\/2025\/02\/ptec.jpg 1618w, https:\/\/www.caudete.org\/ayuntamiento\/wp-content\/uploads\/2025\/02\/ptec-300x153.jpg 300w, https:\/\/www.caudete.org\/ayuntamiento\/wp-content\/uploads\/2025\/02\/ptec-1024x522.jpg 1024w, https:\/\/www.caudete.org\/ayuntamiento\/wp-content\/uploads\/2025\/02\/ptec-768x392.jpg 768w, https:\/\/www.caudete.org\/ayuntamiento\/wp-content\/uploads\/2025\/02\/ptec-1536x783.jpg 1536w\" sizes=\"(max-width: 1618px) 100vw, 1618px\" \/><\/a><\/p>\n","protected":false},"excerpt":{"rendered":"<p>A primera hora de esta ma\u00f1ana daban a conocer el Alcalde, Mois\u00e9s L\u00f3pez y la Concejal de Promoci\u00f3n y Desarrollo Econ\u00f3mico, M\u00aa Dolores Requena, la reciente firma del Decreto por el cual queda aprobada la Reparcelaci\u00f3n voluntaria de la Unidad de Actuaci\u00f3n UA 3 del Parque Tecnol\u00f3gico de Caudete, presentada de oficio por el propio &hellip;<\/p>\n","protected":false},"author":3,"featured_media":27397,"comment_status":"closed","ping_status":"open","sticky":false,"template":"","format":"standard","meta":{"ngg_post_thumbnail":0,"footnotes":""},"categories":[851],"tags":[],"class_list":["post-29483","post","type-post","status-publish","format-standard","has-post-thumbnail","hentry","category-promocion-y-desarrollo-economico"],"yoast_head":"<!-- This site is optimized with the Yoast SEO plugin v27.4 - https:\/\/yoast.com\/product\/yoast-seo-wordpress\/ -->\n<title>El Alcalde aprueba la Reparcelaci\u00f3n de la UA-3 del PTEC como impulso para la atracci\u00f3n de empresas e inversiones - MI Ayuntamiento de Caudete<\/title>\n<meta name=\"description\" content=\"P\u00e1gina Oficial del Ayuntamiento de Caudete (Albacete)\" \/>\n<meta name=\"robots\" content=\"index, follow, max-snippet:-1, max-image-preview:large, max-video-preview:-1\" \/>\n<link rel=\"canonical\" href=\"https:\/\/www.caudete.org\/ayuntamiento\/el-alcalde-aprueba-la-reparcelacion-de-la-ua-3-del-ptec-como-impulso-para-la-atraccion-de-empresas-e-inversiones\/\" \/>\n<meta property=\"og:locale\" content=\"es_ES\" \/>\n<meta property=\"og:type\" content=\"article\" \/>\n<meta property=\"og:title\" content=\"El Alcalde aprueba la Reparcelaci\u00f3n de la UA-3 del PTEC como impulso para la atracci\u00f3n de empresas e inversiones - MI Ayuntamiento de Caudete\" \/>\n<meta property=\"og:description\" content=\"P\u00e1gina Oficial del Ayuntamiento de Caudete (Albacete)\" \/>\n<meta property=\"og:url\" content=\"https:\/\/www.caudete.org\/ayuntamiento\/el-alcalde-aprueba-la-reparcelacion-de-la-ua-3-del-ptec-como-impulso-para-la-atraccion-de-empresas-e-inversiones\/\" \/>\n<meta property=\"og:site_name\" content=\"MI Ayuntamiento de Caudete\" \/>\n<meta property=\"article:publisher\" content=\"https:\/\/www.facebook.com\/ayuntamientocaudete\/\" \/>\n<meta property=\"article:published_time\" content=\"2025-06-30T06:17:19+00:00\" \/>\n<meta property=\"og:image\" content=\"https:\/\/www.caudete.org\/ayuntamiento\/wp-content\/uploads\/2025\/02\/ptec.jpg\" \/>\n\t<meta property=\"og:image:width\" content=\"1618\" \/>\n\t<meta property=\"og:image:height\" content=\"825\" \/>\n\t<meta property=\"og:image:type\" content=\"image\/jpeg\" \/>\n<meta name=\"author\" content=\"alcalde\" \/>\n<meta name=\"twitter:card\" content=\"summary_large_image\" \/>\n<meta name=\"twitter:label1\" content=\"Escrito por\" \/>\n\t<meta name=\"twitter:data1\" content=\"alcalde\" \/>\n\t<meta name=\"twitter:label2\" content=\"Tiempo de lectura\" \/>\n\t<meta name=\"twitter:data2\" content=\"3 minutos\" \/>\n<script type=\"application\/ld+json\" class=\"yoast-schema-graph\">{\"@context\":\"https:\\\/\\\/schema.org\",\"@graph\":[{\"@type\":\"Article\",\"@id\":\"https:\\\/\\\/www.caudete.org\\\/ayuntamiento\\\/el-alcalde-aprueba-la-reparcelacion-de-la-ua-3-del-ptec-como-impulso-para-la-atraccion-de-empresas-e-inversiones\\\/#article\",\"isPartOf\":{\"@id\":\"https:\\\/\\\/www.caudete.org\\\/ayuntamiento\\\/el-alcalde-aprueba-la-reparcelacion-de-la-ua-3-del-ptec-como-impulso-para-la-atraccion-de-empresas-e-inversiones\\\/\"},\"author\":{\"name\":\"alcalde\",\"@id\":\"https:\\\/\\\/www.caudete.org\\\/ayuntamiento\\\/#\\\/schema\\\/person\\\/cc646da9133078ee4d8dd47457947253\"},\"headline\":\"El Alcalde aprueba la Reparcelaci\u00f3n de la UA-3 del PTEC como impulso para la atracci\u00f3n de empresas e inversiones\",\"datePublished\":\"2025-06-30T06:17:19+00:00\",\"mainEntityOfPage\":{\"@id\":\"https:\\\/\\\/www.caudete.org\\\/ayuntamiento\\\/el-alcalde-aprueba-la-reparcelacion-de-la-ua-3-del-ptec-como-impulso-para-la-atraccion-de-empresas-e-inversiones\\\/\"},\"wordCount\":516,\"publisher\":{\"@id\":\"https:\\\/\\\/www.caudete.org\\\/ayuntamiento\\\/#organization\"},\"image\":{\"@id\":\"https:\\\/\\\/www.caudete.org\\\/ayuntamiento\\\/el-alcalde-aprueba-la-reparcelacion-de-la-ua-3-del-ptec-como-impulso-para-la-atraccion-de-empresas-e-inversiones\\\/#primaryimage\"},\"thumbnailUrl\":\"https:\\\/\\\/www.caudete.org\\\/ayuntamiento\\\/wp-content\\\/uploads\\\/2025\\\/02\\\/ptec.jpg\",\"articleSection\":[\"Promoci\u00f3n y Desarrollo Econ\u00f3mico\"],\"inLanguage\":\"es\"},{\"@type\":\"WebPage\",\"@id\":\"https:\\\/\\\/www.caudete.org\\\/ayuntamiento\\\/el-alcalde-aprueba-la-reparcelacion-de-la-ua-3-del-ptec-como-impulso-para-la-atraccion-de-empresas-e-inversiones\\\/\",\"url\":\"https:\\\/\\\/www.caudete.org\\\/ayuntamiento\\\/el-alcalde-aprueba-la-reparcelacion-de-la-ua-3-del-ptec-como-impulso-para-la-atraccion-de-empresas-e-inversiones\\\/\",\"name\":\"El Alcalde aprueba la Reparcelaci\u00f3n de la UA-3 del PTEC como impulso para la atracci\u00f3n de empresas e inversiones - MI Ayuntamiento de Caudete\",\"isPartOf\":{\"@id\":\"https:\\\/\\\/www.caudete.org\\\/ayuntamiento\\\/#website\"},\"primaryImageOfPage\":{\"@id\":\"https:\\\/\\\/www.caudete.org\\\/ayuntamiento\\\/el-alcalde-aprueba-la-reparcelacion-de-la-ua-3-del-ptec-como-impulso-para-la-atraccion-de-empresas-e-inversiones\\\/#primaryimage\"},\"image\":{\"@id\":\"https:\\\/\\\/www.caudete.org\\\/ayuntamiento\\\/el-alcalde-aprueba-la-reparcelacion-de-la-ua-3-del-ptec-como-impulso-para-la-atraccion-de-empresas-e-inversiones\\\/#primaryimage\"},\"thumbnailUrl\":\"https:\\\/\\\/www.caudete.org\\\/ayuntamiento\\\/wp-content\\\/uploads\\\/2025\\\/02\\\/ptec.jpg\",\"datePublished\":\"2025-06-30T06:17:19+00:00\",\"description\":\"P\u00e1gina Oficial del Ayuntamiento de Caudete (Albacete)\",\"breadcrumb\":{\"@id\":\"https:\\\/\\\/www.caudete.org\\\/ayuntamiento\\\/el-alcalde-aprueba-la-reparcelacion-de-la-ua-3-del-ptec-como-impulso-para-la-atraccion-de-empresas-e-inversiones\\\/#breadcrumb\"},\"inLanguage\":\"es\",\"potentialAction\":[{\"@type\":\"ReadAction\",\"target\":[\"https:\\\/\\\/www.caudete.org\\\/ayuntamiento\\\/el-alcalde-aprueba-la-reparcelacion-de-la-ua-3-del-ptec-como-impulso-para-la-atraccion-de-empresas-e-inversiones\\\/\"]}]},{\"@type\":\"ImageObject\",\"inLanguage\":\"es\",\"@id\":\"https:\\\/\\\/www.caudete.org\\\/ayuntamiento\\\/el-alcalde-aprueba-la-reparcelacion-de-la-ua-3-del-ptec-como-impulso-para-la-atraccion-de-empresas-e-inversiones\\\/#primaryimage\",\"url\":\"https:\\\/\\\/www.caudete.org\\\/ayuntamiento\\\/wp-content\\\/uploads\\\/2025\\\/02\\\/ptec.jpg\",\"contentUrl\":\"https:\\\/\\\/www.caudete.org\\\/ayuntamiento\\\/wp-content\\\/uploads\\\/2025\\\/02\\\/ptec.jpg\",\"width\":1618,\"height\":825},{\"@type\":\"BreadcrumbList\",\"@id\":\"https:\\\/\\\/www.caudete.org\\\/ayuntamiento\\\/el-alcalde-aprueba-la-reparcelacion-de-la-ua-3-del-ptec-como-impulso-para-la-atraccion-de-empresas-e-inversiones\\\/#breadcrumb\",\"itemListElement\":[{\"@type\":\"ListItem\",\"position\":1,\"name\":\"Inicio\",\"item\":\"https:\\\/\\\/www.caudete.org\\\/ayuntamiento\\\/\"},{\"@type\":\"ListItem\",\"position\":2,\"name\":\"El Alcalde aprueba la Reparcelaci\u00f3n de la UA-3 del PTEC como impulso para la atracci\u00f3n de empresas e inversiones\"}]},{\"@type\":\"WebSite\",\"@id\":\"https:\\\/\\\/www.caudete.org\\\/ayuntamiento\\\/#website\",\"url\":\"https:\\\/\\\/www.caudete.org\\\/ayuntamiento\\\/\",\"name\":\"MI Ayuntamiento de Caudete\",\"description\":\"P\u00e1gina Oficial del MI Ayuntamiento de Caudete\",\"publisher\":{\"@id\":\"https:\\\/\\\/www.caudete.org\\\/ayuntamiento\\\/#organization\"},\"potentialAction\":[{\"@type\":\"SearchAction\",\"target\":{\"@type\":\"EntryPoint\",\"urlTemplate\":\"https:\\\/\\\/www.caudete.org\\\/ayuntamiento\\\/?s={search_term_string}\"},\"query-input\":{\"@type\":\"PropertyValueSpecification\",\"valueRequired\":true,\"valueName\":\"search_term_string\"}}],\"inLanguage\":\"es\"},{\"@type\":\"Organization\",\"@id\":\"https:\\\/\\\/www.caudete.org\\\/ayuntamiento\\\/#organization\",\"name\":\"Ayuntamiento de Caudete\",\"url\":\"https:\\\/\\\/www.caudete.org\\\/ayuntamiento\\\/\",\"logo\":{\"@type\":\"ImageObject\",\"inLanguage\":\"es\",\"@id\":\"https:\\\/\\\/www.caudete.org\\\/ayuntamiento\\\/#\\\/schema\\\/logo\\\/image\\\/\",\"url\":\"https:\\\/\\\/www.caudete.org\\\/ayuntamiento\\\/wp-content\\\/uploads\\\/2020\\\/11\\\/logo_ayuntamiento_caudete.jpg\",\"contentUrl\":\"https:\\\/\\\/www.caudete.org\\\/ayuntamiento\\\/wp-content\\\/uploads\\\/2020\\\/11\\\/logo_ayuntamiento_caudete.jpg\",\"width\":600,\"height\":150,\"caption\":\"Ayuntamiento de Caudete\"},\"image\":{\"@id\":\"https:\\\/\\\/www.caudete.org\\\/ayuntamiento\\\/#\\\/schema\\\/logo\\\/image\\\/\"},\"sameAs\":[\"https:\\\/\\\/www.facebook.com\\\/ayuntamientocaudete\\\/\",\"https:\\\/\\\/www.youtube.com\\\/channel\\\/UC6VztHaooNsGpw-tNoBEFnQ\"]},{\"@type\":\"Person\",\"@id\":\"https:\\\/\\\/www.caudete.org\\\/ayuntamiento\\\/#\\\/schema\\\/person\\\/cc646da9133078ee4d8dd47457947253\",\"name\":\"alcalde\",\"image\":{\"@type\":\"ImageObject\",\"inLanguage\":\"es\",\"@id\":\"https:\\\/\\\/secure.gravatar.com\\\/avatar\\\/84a817ba065b29ff08d666b215a215f5c79186a645ccb25b14a663d48a130f77?s=96&d=mm&r=g\",\"url\":\"https:\\\/\\\/secure.gravatar.com\\\/avatar\\\/84a817ba065b29ff08d666b215a215f5c79186a645ccb25b14a663d48a130f77?s=96&d=mm&r=g\",\"contentUrl\":\"https:\\\/\\\/secure.gravatar.com\\\/avatar\\\/84a817ba065b29ff08d666b215a215f5c79186a645ccb25b14a663d48a130f77?s=96&d=mm&r=g\",\"caption\":\"alcalde\"},\"url\":\"https:\\\/\\\/www.caudete.org\\\/ayuntamiento\\\/author\\\/alcalde\\\/\"}]}<\/script>\n<!-- \/ Yoast SEO plugin. -->","yoast_head_json":{"title":"El Alcalde aprueba la Reparcelaci\u00f3n de la UA-3 del PTEC como impulso para la atracci\u00f3n de empresas e inversiones - MI Ayuntamiento de Caudete","description":"P\u00e1gina Oficial del Ayuntamiento de Caudete (Albacete)","robots":{"index":"index","follow":"follow","max-snippet":"max-snippet:-1","max-image-preview":"max-image-preview:large","max-video-preview":"max-video-preview:-1"},"canonical":"https:\/\/www.caudete.org\/ayuntamiento\/el-alcalde-aprueba-la-reparcelacion-de-la-ua-3-del-ptec-como-impulso-para-la-atraccion-de-empresas-e-inversiones\/","og_locale":"es_ES","og_type":"article","og_title":"El Alcalde aprueba la Reparcelaci\u00f3n de la UA-3 del PTEC como impulso para la atracci\u00f3n de empresas e inversiones - MI Ayuntamiento de Caudete","og_description":"P\u00e1gina Oficial del Ayuntamiento de Caudete (Albacete)","og_url":"https:\/\/www.caudete.org\/ayuntamiento\/el-alcalde-aprueba-la-reparcelacion-de-la-ua-3-del-ptec-como-impulso-para-la-atraccion-de-empresas-e-inversiones\/","og_site_name":"MI Ayuntamiento de Caudete","article_publisher":"https:\/\/www.facebook.com\/ayuntamientocaudete\/","article_published_time":"2025-06-30T06:17:19+00:00","og_image":[{"width":1618,"height":825,"url":"https:\/\/www.caudete.org\/ayuntamiento\/wp-content\/uploads\/2025\/02\/ptec.jpg","type":"image\/jpeg"}],"author":"alcalde","twitter_card":"summary_large_image","twitter_misc":{"Escrito por":"alcalde","Tiempo de lectura":"3 minutos"},"schema":{"@context":"https:\/\/schema.org","@graph":[{"@type":"Article","@id":"https:\/\/www.caudete.org\/ayuntamiento\/el-alcalde-aprueba-la-reparcelacion-de-la-ua-3-del-ptec-como-impulso-para-la-atraccion-de-empresas-e-inversiones\/#article","isPartOf":{"@id":"https:\/\/www.caudete.org\/ayuntamiento\/el-alcalde-aprueba-la-reparcelacion-de-la-ua-3-del-ptec-como-impulso-para-la-atraccion-de-empresas-e-inversiones\/"},"author":{"name":"alcalde","@id":"https:\/\/www.caudete.org\/ayuntamiento\/#\/schema\/person\/cc646da9133078ee4d8dd47457947253"},"headline":"El Alcalde aprueba la Reparcelaci\u00f3n de la UA-3 del PTEC como impulso para la atracci\u00f3n de empresas e inversiones","datePublished":"2025-06-30T06:17:19+00:00","mainEntityOfPage":{"@id":"https:\/\/www.caudete.org\/ayuntamiento\/el-alcalde-aprueba-la-reparcelacion-de-la-ua-3-del-ptec-como-impulso-para-la-atraccion-de-empresas-e-inversiones\/"},"wordCount":516,"publisher":{"@id":"https:\/\/www.caudete.org\/ayuntamiento\/#organization"},"image":{"@id":"https:\/\/www.caudete.org\/ayuntamiento\/el-alcalde-aprueba-la-reparcelacion-de-la-ua-3-del-ptec-como-impulso-para-la-atraccion-de-empresas-e-inversiones\/#primaryimage"},"thumbnailUrl":"https:\/\/www.caudete.org\/ayuntamiento\/wp-content\/uploads\/2025\/02\/ptec.jpg","articleSection":["Promoci\u00f3n y Desarrollo Econ\u00f3mico"],"inLanguage":"es"},{"@type":"WebPage","@id":"https:\/\/www.caudete.org\/ayuntamiento\/el-alcalde-aprueba-la-reparcelacion-de-la-ua-3-del-ptec-como-impulso-para-la-atraccion-de-empresas-e-inversiones\/","url":"https:\/\/www.caudete.org\/ayuntamiento\/el-alcalde-aprueba-la-reparcelacion-de-la-ua-3-del-ptec-como-impulso-para-la-atraccion-de-empresas-e-inversiones\/","name":"El Alcalde aprueba la Reparcelaci\u00f3n de la UA-3 del PTEC como impulso para la atracci\u00f3n de empresas e inversiones - MI Ayuntamiento de Caudete","isPartOf":{"@id":"https:\/\/www.caudete.org\/ayuntamiento\/#website"},"primaryImageOfPage":{"@id":"https:\/\/www.caudete.org\/ayuntamiento\/el-alcalde-aprueba-la-reparcelacion-de-la-ua-3-del-ptec-como-impulso-para-la-atraccion-de-empresas-e-inversiones\/#primaryimage"},"image":{"@id":"https:\/\/www.caudete.org\/ayuntamiento\/el-alcalde-aprueba-la-reparcelacion-de-la-ua-3-del-ptec-como-impulso-para-la-atraccion-de-empresas-e-inversiones\/#primaryimage"},"thumbnailUrl":"https:\/\/www.caudete.org\/ayuntamiento\/wp-content\/uploads\/2025\/02\/ptec.jpg","datePublished":"2025-06-30T06:17:19+00:00","description":"P\u00e1gina Oficial del Ayuntamiento de Caudete (Albacete)","breadcrumb":{"@id":"https:\/\/www.caudete.org\/ayuntamiento\/el-alcalde-aprueba-la-reparcelacion-de-la-ua-3-del-ptec-como-impulso-para-la-atraccion-de-empresas-e-inversiones\/#breadcrumb"},"inLanguage":"es","potentialAction":[{"@type":"ReadAction","target":["https:\/\/www.caudete.org\/ayuntamiento\/el-alcalde-aprueba-la-reparcelacion-de-la-ua-3-del-ptec-como-impulso-para-la-atraccion-de-empresas-e-inversiones\/"]}]},{"@type":"ImageObject","inLanguage":"es","@id":"https:\/\/www.caudete.org\/ayuntamiento\/el-alcalde-aprueba-la-reparcelacion-de-la-ua-3-del-ptec-como-impulso-para-la-atraccion-de-empresas-e-inversiones\/#primaryimage","url":"https:\/\/www.caudete.org\/ayuntamiento\/wp-content\/uploads\/2025\/02\/ptec.jpg","contentUrl":"https:\/\/www.caudete.org\/ayuntamiento\/wp-content\/uploads\/2025\/02\/ptec.jpg","width":1618,"height":825},{"@type":"BreadcrumbList","@id":"https:\/\/www.caudete.org\/ayuntamiento\/el-alcalde-aprueba-la-reparcelacion-de-la-ua-3-del-ptec-como-impulso-para-la-atraccion-de-empresas-e-inversiones\/#breadcrumb","itemListElement":[{"@type":"ListItem","position":1,"name":"Inicio","item":"https:\/\/www.caudete.org\/ayuntamiento\/"},{"@type":"ListItem","position":2,"name":"El Alcalde aprueba la Reparcelaci\u00f3n de la UA-3 del PTEC como impulso para la atracci\u00f3n de empresas e inversiones"}]},{"@type":"WebSite","@id":"https:\/\/www.caudete.org\/ayuntamiento\/#website","url":"https:\/\/www.caudete.org\/ayuntamiento\/","name":"MI Ayuntamiento de Caudete","description":"P\u00e1gina Oficial del MI Ayuntamiento de Caudete","publisher":{"@id":"https:\/\/www.caudete.org\/ayuntamiento\/#organization"},"potentialAction":[{"@type":"SearchAction","target":{"@type":"EntryPoint","urlTemplate":"https:\/\/www.caudete.org\/ayuntamiento\/?s={search_term_string}"},"query-input":{"@type":"PropertyValueSpecification","valueRequired":true,"valueName":"search_term_string"}}],"inLanguage":"es"},{"@type":"Organization","@id":"https:\/\/www.caudete.org\/ayuntamiento\/#organization","name":"Ayuntamiento de Caudete","url":"https:\/\/www.caudete.org\/ayuntamiento\/","logo":{"@type":"ImageObject","inLanguage":"es","@id":"https:\/\/www.caudete.org\/ayuntamiento\/#\/schema\/logo\/image\/","url":"https:\/\/www.caudete.org\/ayuntamiento\/wp-content\/uploads\/2020\/11\/logo_ayuntamiento_caudete.jpg","contentUrl":"https:\/\/www.caudete.org\/ayuntamiento\/wp-content\/uploads\/2020\/11\/logo_ayuntamiento_caudete.jpg","width":600,"height":150,"caption":"Ayuntamiento de Caudete"},"image":{"@id":"https:\/\/www.caudete.org\/ayuntamiento\/#\/schema\/logo\/image\/"},"sameAs":["https:\/\/www.facebook.com\/ayuntamientocaudete\/","https:\/\/www.youtube.com\/channel\/UC6VztHaooNsGpw-tNoBEFnQ"]},{"@type":"Person","@id":"https:\/\/www.caudete.org\/ayuntamiento\/#\/schema\/person\/cc646da9133078ee4d8dd47457947253","name":"alcalde","image":{"@type":"ImageObject","inLanguage":"es","@id":"https:\/\/secure.gravatar.com\/avatar\/84a817ba065b29ff08d666b215a215f5c79186a645ccb25b14a663d48a130f77?s=96&d=mm&r=g","url":"https:\/\/secure.gravatar.com\/avatar\/84a817ba065b29ff08d666b215a215f5c79186a645ccb25b14a663d48a130f77?s=96&d=mm&r=g","contentUrl":"https:\/\/secure.gravatar.com\/avatar\/84a817ba065b29ff08d666b215a215f5c79186a645ccb25b14a663d48a130f77?s=96&d=mm&r=g","caption":"alcalde"},"url":"https:\/\/www.caudete.org\/ayuntamiento\/author\/alcalde\/"}]}},"_links":{"self":[{"href":"https:\/\/www.caudete.org\/ayuntamiento\/wp-json\/wp\/v2\/posts\/29483","targetHints":{"allow":["GET"]}}],"collection":[{"href":"https:\/\/www.caudete.org\/ayuntamiento\/wp-json\/wp\/v2\/posts"}],"about":[{"href":"https:\/\/www.caudete.org\/ayuntamiento\/wp-json\/wp\/v2\/types\/post"}],"author":[{"embeddable":true,"href":"https:\/\/www.caudete.org\/ayuntamiento\/wp-json\/wp\/v2\/users\/3"}],"replies":[{"embeddable":true,"href":"https:\/\/www.caudete.org\/ayuntamiento\/wp-json\/wp\/v2\/comments?post=29483"}],"version-history":[{"count":1,"href":"https:\/\/www.caudete.org\/ayuntamiento\/wp-json\/wp\/v2\/posts\/29483\/revisions"}],"predecessor-version":[{"id":29484,"href":"https:\/\/www.caudete.org\/ayuntamiento\/wp-json\/wp\/v2\/posts\/29483\/revisions\/29484"}],"wp:featuredmedia":[{"embeddable":true,"href":"https:\/\/www.caudete.org\/ayuntamiento\/wp-json\/wp\/v2\/media\/27397"}],"wp:attachment":[{"href":"https:\/\/www.caudete.org\/ayuntamiento\/wp-json\/wp\/v2\/media?parent=29483"}],"wp:term":[{"taxonomy":"category","embeddable":true,"href":"https:\/\/www.caudete.org\/ayuntamiento\/wp-json\/wp\/v2\/categories?post=29483"},{"taxonomy":"post_tag","embeddable":true,"href":"https:\/\/www.caudete.org\/ayuntamiento\/wp-json\/wp\/v2\/tags?post=29483"}],"curies":[{"name":"wp","href":"https:\/\/api.w.org\/{rel}","templated":true}]}}