{"id":29485,"date":"2025-06-30T08:03:04","date_gmt":"2025-06-30T06:03:04","guid":{"rendered":"https:\/\/www.caudete.org\/ayuntamiento\/?p=29485"},"modified":"2025-06-30T08:03:26","modified_gmt":"2025-06-30T06:03:26","slug":"se-ultima-el-expediente-por-el-que-15-asociaciones-optan-a-las-subvenciones-de-concurrencia-competitiva-de-2025","status":"publish","type":"post","link":"https:\/\/www.caudete.org\/ayuntamiento\/se-ultima-el-expediente-por-el-que-15-asociaciones-optan-a-las-subvenciones-de-concurrencia-competitiva-de-2025\/","title":{"rendered":"Se ultima el expediente por el que 15 asociaciones optan a las Subvenciones de Concurrencia Competitiva de 2025"},"content":{"rendered":"<p style=\"text-align: justify;\">Un total de 15 asociaciones locales han apostado por las ayudas econ\u00f3micas que convoca el Ayuntamiento en concurrencia competitiva para el presente 2025, tal y como ha anunciado esta ma\u00f1ana el Alcalde Mois\u00e9s L\u00f3pez, junto a la Concejal de Promoci\u00f3n y Desarrollo Econ\u00f3mico M\u00aa Dolores Requena.<\/p>\n<p style=\"text-align: justify;\">Tras quedar aprobadas las bases reguladoras y la convocatoria en el Pleno Ordinario del 10 de Abril, y la apertura del proceso de solicitud que finaliz\u00f3 el pasado d\u00eda 28 de Mayo, en estos momentos el Departamento de Desarrollo Local, encargado de su tramitaci\u00f3n, ultima la documentaci\u00f3n para convocar la Comisi\u00f3n Evaluadora que proceder\u00e1 con la propuesta de concesi\u00f3n y que deber\u00e1 de acordar la Junta de Gobierno, como competente para ello.<\/p>\n<p style=\"text-align: justify;\">Este a\u00f1o, tal y como expresaban han intentado imprimir toda la diligencia posible para tramitar las subvenciones con el objetivo de poder dotar al tejido asociativo caudetano a la mayor brevedad de las ayudas econ\u00f3micas que correspondan, facilitando as\u00ed la ejecuci\u00f3n de sus proyectos con impacto directo para los caudetanos.<\/p>\n<p style=\"text-align: justify;\">Se prevee que sea en la primera quincena de Julio cuando se pueda concluir el expediente, mediante el acuerdo del \u00f3rgano municipal, y as\u00ed, todas las asociaciones de car\u00e1cter Deportivo, Educativo, Juvenil, Cultural o Sociosanitario que han optado al proceso, puedan percibir las ayudas r\u00e1pidamente.<\/p>\n<p style=\"text-align: justify;\">Estas ayudas suponen un enorme papel para la totalidad de asociaciones beneficiarias, y que de hecho marcan para algunas el poder continuar con su actividad y por tanto un apoyo econ\u00f3mico fundamental para el beneficio de todos los caudetanos. Por ello, anima al tejido asociativo local a presentar solicitud a la presente convocatoria.<\/p>\n","protected":false},"excerpt":{"rendered":"<p>Un total de 15 asociaciones locales han apostado por las ayudas econ\u00f3micas que convoca el Ayuntamiento en concurrencia competitiva para el presente 2025, tal y como ha anunciado esta ma\u00f1ana el Alcalde Mois\u00e9s L\u00f3pez, junto a la Concejal de Promoci\u00f3n y Desarrollo Econ\u00f3mico M\u00aa Dolores Requena. Tras quedar aprobadas las bases reguladoras y la convocatoria &hellip;<\/p>\n","protected":false},"author":3,"featured_media":28727,"comment_status":"closed","ping_status":"open","sticky":false,"template":"","format":"standard","meta":{"ngg_post_thumbnail":0,"footnotes":""},"categories":[851],"tags":[],"class_list":["post-29485","post","type-post","status-publish","format-standard","has-post-thumbnail","hentry","category-promocion-y-desarrollo-economico"],"yoast_head":"<!-- This site is optimized with the Yoast SEO plugin v27.4 - https:\/\/yoast.com\/product\/yoast-seo-wordpress\/ -->\n<title>Se ultima el expediente por el que 15 asociaciones optan a las Subvenciones de Concurrencia Competitiva de 2025 - MI Ayuntamiento de Caudete<\/title>\n<meta name=\"description\" content=\"P\u00e1gina Oficial del Ayuntamiento de Caudete (Albacete)\" \/>\n<meta name=\"robots\" content=\"index, follow, max-snippet:-1, max-image-preview:large, max-video-preview:-1\" \/>\n<link rel=\"canonical\" href=\"https:\/\/www.caudete.org\/ayuntamiento\/se-ultima-el-expediente-por-el-que-15-asociaciones-optan-a-las-subvenciones-de-concurrencia-competitiva-de-2025\/\" \/>\n<meta property=\"og:locale\" content=\"es_ES\" \/>\n<meta property=\"og:type\" content=\"article\" \/>\n<meta property=\"og:title\" content=\"Se ultima el expediente por el que 15 asociaciones optan a las Subvenciones de Concurrencia Competitiva de 2025 - MI Ayuntamiento de Caudete\" \/>\n<meta property=\"og:description\" content=\"P\u00e1gina Oficial del Ayuntamiento de Caudete (Albacete)\" \/>\n<meta property=\"og:url\" content=\"https:\/\/www.caudete.org\/ayuntamiento\/se-ultima-el-expediente-por-el-que-15-asociaciones-optan-a-las-subvenciones-de-concurrencia-competitiva-de-2025\/\" \/>\n<meta property=\"og:site_name\" content=\"MI Ayuntamiento de Caudete\" \/>\n<meta property=\"article:publisher\" content=\"https:\/\/www.facebook.com\/ayuntamientocaudete\/\" \/>\n<meta property=\"article:published_time\" content=\"2025-06-30T06:03:04+00:00\" \/>\n<meta property=\"article:modified_time\" content=\"2025-06-30T06:03:26+00:00\" \/>\n<meta property=\"og:image\" content=\"https:\/\/www.caudete.org\/ayuntamiento\/wp-content\/uploads\/2025\/05\/WhatsApp-Image-2025-05-19-at-15.29.46.jpeg\" \/>\n\t<meta property=\"og:image:width\" content=\"2040\" \/>\n\t<meta property=\"og:image:height\" content=\"1530\" \/>\n\t<meta property=\"og:image:type\" content=\"image\/jpeg\" \/>\n<meta name=\"author\" content=\"alcalde\" \/>\n<meta name=\"twitter:card\" content=\"summary_large_image\" \/>\n<meta name=\"twitter:label1\" content=\"Escrito por\" \/>\n\t<meta name=\"twitter:data1\" content=\"alcalde\" \/>\n\t<meta name=\"twitter:label2\" content=\"Tiempo de lectura\" \/>\n\t<meta name=\"twitter:data2\" content=\"2 minutos\" \/>\n<script type=\"application\/ld+json\" class=\"yoast-schema-graph\">{\"@context\":\"https:\\\/\\\/schema.org\",\"@graph\":[{\"@type\":\"Article\",\"@id\":\"https:\\\/\\\/www.caudete.org\\\/ayuntamiento\\\/se-ultima-el-expediente-por-el-que-15-asociaciones-optan-a-las-subvenciones-de-concurrencia-competitiva-de-2025\\\/#article\",\"isPartOf\":{\"@id\":\"https:\\\/\\\/www.caudete.org\\\/ayuntamiento\\\/se-ultima-el-expediente-por-el-que-15-asociaciones-optan-a-las-subvenciones-de-concurrencia-competitiva-de-2025\\\/\"},\"author\":{\"name\":\"alcalde\",\"@id\":\"https:\\\/\\\/www.caudete.org\\\/ayuntamiento\\\/#\\\/schema\\\/person\\\/cc646da9133078ee4d8dd47457947253\"},\"headline\":\"Se ultima el expediente por el que 15 asociaciones optan a las Subvenciones de Concurrencia Competitiva de 2025\",\"datePublished\":\"2025-06-30T06:03:04+00:00\",\"dateModified\":\"2025-06-30T06:03:26+00:00\",\"mainEntityOfPage\":{\"@id\":\"https:\\\/\\\/www.caudete.org\\\/ayuntamiento\\\/se-ultima-el-expediente-por-el-que-15-asociaciones-optan-a-las-subvenciones-de-concurrencia-competitiva-de-2025\\\/\"},\"wordCount\":295,\"publisher\":{\"@id\":\"https:\\\/\\\/www.caudete.org\\\/ayuntamiento\\\/#organization\"},\"image\":{\"@id\":\"https:\\\/\\\/www.caudete.org\\\/ayuntamiento\\\/se-ultima-el-expediente-por-el-que-15-asociaciones-optan-a-las-subvenciones-de-concurrencia-competitiva-de-2025\\\/#primaryimage\"},\"thumbnailUrl\":\"https:\\\/\\\/www.caudete.org\\\/ayuntamiento\\\/wp-content\\\/uploads\\\/2025\\\/05\\\/WhatsApp-Image-2025-05-19-at-15.29.46.jpeg\",\"articleSection\":[\"Promoci\u00f3n y Desarrollo Econ\u00f3mico\"],\"inLanguage\":\"es\"},{\"@type\":\"WebPage\",\"@id\":\"https:\\\/\\\/www.caudete.org\\\/ayuntamiento\\\/se-ultima-el-expediente-por-el-que-15-asociaciones-optan-a-las-subvenciones-de-concurrencia-competitiva-de-2025\\\/\",\"url\":\"https:\\\/\\\/www.caudete.org\\\/ayuntamiento\\\/se-ultima-el-expediente-por-el-que-15-asociaciones-optan-a-las-subvenciones-de-concurrencia-competitiva-de-2025\\\/\",\"name\":\"Se ultima el expediente por el que 15 asociaciones optan a las Subvenciones de Concurrencia Competitiva de 2025 - MI Ayuntamiento de Caudete\",\"isPartOf\":{\"@id\":\"https:\\\/\\\/www.caudete.org\\\/ayuntamiento\\\/#website\"},\"primaryImageOfPage\":{\"@id\":\"https:\\\/\\\/www.caudete.org\\\/ayuntamiento\\\/se-ultima-el-expediente-por-el-que-15-asociaciones-optan-a-las-subvenciones-de-concurrencia-competitiva-de-2025\\\/#primaryimage\"},\"image\":{\"@id\":\"https:\\\/\\\/www.caudete.org\\\/ayuntamiento\\\/se-ultima-el-expediente-por-el-que-15-asociaciones-optan-a-las-subvenciones-de-concurrencia-competitiva-de-2025\\\/#primaryimage\"},\"thumbnailUrl\":\"https:\\\/\\\/www.caudete.org\\\/ayuntamiento\\\/wp-content\\\/uploads\\\/2025\\\/05\\\/WhatsApp-Image-2025-05-19-at-15.29.46.jpeg\",\"datePublished\":\"2025-06-30T06:03:04+00:00\",\"dateModified\":\"2025-06-30T06:03:26+00:00\",\"description\":\"P\u00e1gina Oficial del Ayuntamiento de Caudete (Albacete)\",\"breadcrumb\":{\"@id\":\"https:\\\/\\\/www.caudete.org\\\/ayuntamiento\\\/se-ultima-el-expediente-por-el-que-15-asociaciones-optan-a-las-subvenciones-de-concurrencia-competitiva-de-2025\\\/#breadcrumb\"},\"inLanguage\":\"es\",\"potentialAction\":[{\"@type\":\"ReadAction\",\"target\":[\"https:\\\/\\\/www.caudete.org\\\/ayuntamiento\\\/se-ultima-el-expediente-por-el-que-15-asociaciones-optan-a-las-subvenciones-de-concurrencia-competitiva-de-2025\\\/\"]}]},{\"@type\":\"ImageObject\",\"inLanguage\":\"es\",\"@id\":\"https:\\\/\\\/www.caudete.org\\\/ayuntamiento\\\/se-ultima-el-expediente-por-el-que-15-asociaciones-optan-a-las-subvenciones-de-concurrencia-competitiva-de-2025\\\/#primaryimage\",\"url\":\"https:\\\/\\\/www.caudete.org\\\/ayuntamiento\\\/wp-content\\\/uploads\\\/2025\\\/05\\\/WhatsApp-Image-2025-05-19-at-15.29.46.jpeg\",\"contentUrl\":\"https:\\\/\\\/www.caudete.org\\\/ayuntamiento\\\/wp-content\\\/uploads\\\/2025\\\/05\\\/WhatsApp-Image-2025-05-19-at-15.29.46.jpeg\",\"width\":2040,\"height\":1530},{\"@type\":\"BreadcrumbList\",\"@id\":\"https:\\\/\\\/www.caudete.org\\\/ayuntamiento\\\/se-ultima-el-expediente-por-el-que-15-asociaciones-optan-a-las-subvenciones-de-concurrencia-competitiva-de-2025\\\/#breadcrumb\",\"itemListElement\":[{\"@type\":\"ListItem\",\"position\":1,\"name\":\"Inicio\",\"item\":\"https:\\\/\\\/www.caudete.org\\\/ayuntamiento\\\/\"},{\"@type\":\"ListItem\",\"position\":2,\"name\":\"Se ultima el expediente por el que 15 asociaciones optan a las Subvenciones de Concurrencia Competitiva de 2025\"}]},{\"@type\":\"WebSite\",\"@id\":\"https:\\\/\\\/www.caudete.org\\\/ayuntamiento\\\/#website\",\"url\":\"https:\\\/\\\/www.caudete.org\\\/ayuntamiento\\\/\",\"name\":\"MI Ayuntamiento de Caudete\",\"description\":\"P\u00e1gina Oficial del MI Ayuntamiento de Caudete\",\"publisher\":{\"@id\":\"https:\\\/\\\/www.caudete.org\\\/ayuntamiento\\\/#organization\"},\"potentialAction\":[{\"@type\":\"SearchAction\",\"target\":{\"@type\":\"EntryPoint\",\"urlTemplate\":\"https:\\\/\\\/www.caudete.org\\\/ayuntamiento\\\/?s={search_term_string}\"},\"query-input\":{\"@type\":\"PropertyValueSpecification\",\"valueRequired\":true,\"valueName\":\"search_term_string\"}}],\"inLanguage\":\"es\"},{\"@type\":\"Organization\",\"@id\":\"https:\\\/\\\/www.caudete.org\\\/ayuntamiento\\\/#organization\",\"name\":\"Ayuntamiento de Caudete\",\"url\":\"https:\\\/\\\/www.caudete.org\\\/ayuntamiento\\\/\",\"logo\":{\"@type\":\"ImageObject\",\"inLanguage\":\"es\",\"@id\":\"https:\\\/\\\/www.caudete.org\\\/ayuntamiento\\\/#\\\/schema\\\/logo\\\/image\\\/\",\"url\":\"https:\\\/\\\/www.caudete.org\\\/ayuntamiento\\\/wp-content\\\/uploads\\\/2020\\\/11\\\/logo_ayuntamiento_caudete.jpg\",\"contentUrl\":\"https:\\\/\\\/www.caudete.org\\\/ayuntamiento\\\/wp-content\\\/uploads\\\/2020\\\/11\\\/logo_ayuntamiento_caudete.jpg\",\"width\":600,\"height\":150,\"caption\":\"Ayuntamiento de Caudete\"},\"image\":{\"@id\":\"https:\\\/\\\/www.caudete.org\\\/ayuntamiento\\\/#\\\/schema\\\/logo\\\/image\\\/\"},\"sameAs\":[\"https:\\\/\\\/www.facebook.com\\\/ayuntamientocaudete\\\/\",\"https:\\\/\\\/www.youtube.com\\\/channel\\\/UC6VztHaooNsGpw-tNoBEFnQ\"]},{\"@type\":\"Person\",\"@id\":\"https:\\\/\\\/www.caudete.org\\\/ayuntamiento\\\/#\\\/schema\\\/person\\\/cc646da9133078ee4d8dd47457947253\",\"name\":\"alcalde\",\"image\":{\"@type\":\"ImageObject\",\"inLanguage\":\"es\",\"@id\":\"https:\\\/\\\/secure.gravatar.com\\\/avatar\\\/84a817ba065b29ff08d666b215a215f5c79186a645ccb25b14a663d48a130f77?s=96&d=mm&r=g\",\"url\":\"https:\\\/\\\/secure.gravatar.com\\\/avatar\\\/84a817ba065b29ff08d666b215a215f5c79186a645ccb25b14a663d48a130f77?s=96&d=mm&r=g\",\"contentUrl\":\"https:\\\/\\\/secure.gravatar.com\\\/avatar\\\/84a817ba065b29ff08d666b215a215f5c79186a645ccb25b14a663d48a130f77?s=96&d=mm&r=g\",\"caption\":\"alcalde\"},\"url\":\"https:\\\/\\\/www.caudete.org\\\/ayuntamiento\\\/author\\\/alcalde\\\/\"}]}<\/script>\n<!-- \/ Yoast SEO plugin. -->","yoast_head_json":{"title":"Se ultima el expediente por el que 15 asociaciones optan a las Subvenciones de Concurrencia Competitiva de 2025 - MI Ayuntamiento de Caudete","description":"P\u00e1gina Oficial del Ayuntamiento de Caudete (Albacete)","robots":{"index":"index","follow":"follow","max-snippet":"max-snippet:-1","max-image-preview":"max-image-preview:large","max-video-preview":"max-video-preview:-1"},"canonical":"https:\/\/www.caudete.org\/ayuntamiento\/se-ultima-el-expediente-por-el-que-15-asociaciones-optan-a-las-subvenciones-de-concurrencia-competitiva-de-2025\/","og_locale":"es_ES","og_type":"article","og_title":"Se ultima el expediente por el que 15 asociaciones optan a las Subvenciones de Concurrencia Competitiva de 2025 - MI Ayuntamiento de Caudete","og_description":"P\u00e1gina Oficial del Ayuntamiento de Caudete (Albacete)","og_url":"https:\/\/www.caudete.org\/ayuntamiento\/se-ultima-el-expediente-por-el-que-15-asociaciones-optan-a-las-subvenciones-de-concurrencia-competitiva-de-2025\/","og_site_name":"MI Ayuntamiento de Caudete","article_publisher":"https:\/\/www.facebook.com\/ayuntamientocaudete\/","article_published_time":"2025-06-30T06:03:04+00:00","article_modified_time":"2025-06-30T06:03:26+00:00","og_image":[{"width":2040,"height":1530,"url":"https:\/\/www.caudete.org\/ayuntamiento\/wp-content\/uploads\/2025\/05\/WhatsApp-Image-2025-05-19-at-15.29.46.jpeg","type":"image\/jpeg"}],"author":"alcalde","twitter_card":"summary_large_image","twitter_misc":{"Escrito por":"alcalde","Tiempo de lectura":"2 minutos"},"schema":{"@context":"https:\/\/schema.org","@graph":[{"@type":"Article","@id":"https:\/\/www.caudete.org\/ayuntamiento\/se-ultima-el-expediente-por-el-que-15-asociaciones-optan-a-las-subvenciones-de-concurrencia-competitiva-de-2025\/#article","isPartOf":{"@id":"https:\/\/www.caudete.org\/ayuntamiento\/se-ultima-el-expediente-por-el-que-15-asociaciones-optan-a-las-subvenciones-de-concurrencia-competitiva-de-2025\/"},"author":{"name":"alcalde","@id":"https:\/\/www.caudete.org\/ayuntamiento\/#\/schema\/person\/cc646da9133078ee4d8dd47457947253"},"headline":"Se ultima el expediente por el que 15 asociaciones optan a las Subvenciones de Concurrencia Competitiva de 2025","datePublished":"2025-06-30T06:03:04+00:00","dateModified":"2025-06-30T06:03:26+00:00","mainEntityOfPage":{"@id":"https:\/\/www.caudete.org\/ayuntamiento\/se-ultima-el-expediente-por-el-que-15-asociaciones-optan-a-las-subvenciones-de-concurrencia-competitiva-de-2025\/"},"wordCount":295,"publisher":{"@id":"https:\/\/www.caudete.org\/ayuntamiento\/#organization"},"image":{"@id":"https:\/\/www.caudete.org\/ayuntamiento\/se-ultima-el-expediente-por-el-que-15-asociaciones-optan-a-las-subvenciones-de-concurrencia-competitiva-de-2025\/#primaryimage"},"thumbnailUrl":"https:\/\/www.caudete.org\/ayuntamiento\/wp-content\/uploads\/2025\/05\/WhatsApp-Image-2025-05-19-at-15.29.46.jpeg","articleSection":["Promoci\u00f3n y Desarrollo Econ\u00f3mico"],"inLanguage":"es"},{"@type":"WebPage","@id":"https:\/\/www.caudete.org\/ayuntamiento\/se-ultima-el-expediente-por-el-que-15-asociaciones-optan-a-las-subvenciones-de-concurrencia-competitiva-de-2025\/","url":"https:\/\/www.caudete.org\/ayuntamiento\/se-ultima-el-expediente-por-el-que-15-asociaciones-optan-a-las-subvenciones-de-concurrencia-competitiva-de-2025\/","name":"Se ultima el expediente por el que 15 asociaciones optan a las Subvenciones de Concurrencia Competitiva de 2025 - MI Ayuntamiento de Caudete","isPartOf":{"@id":"https:\/\/www.caudete.org\/ayuntamiento\/#website"},"primaryImageOfPage":{"@id":"https:\/\/www.caudete.org\/ayuntamiento\/se-ultima-el-expediente-por-el-que-15-asociaciones-optan-a-las-subvenciones-de-concurrencia-competitiva-de-2025\/#primaryimage"},"image":{"@id":"https:\/\/www.caudete.org\/ayuntamiento\/se-ultima-el-expediente-por-el-que-15-asociaciones-optan-a-las-subvenciones-de-concurrencia-competitiva-de-2025\/#primaryimage"},"thumbnailUrl":"https:\/\/www.caudete.org\/ayuntamiento\/wp-content\/uploads\/2025\/05\/WhatsApp-Image-2025-05-19-at-15.29.46.jpeg","datePublished":"2025-06-30T06:03:04+00:00","dateModified":"2025-06-30T06:03:26+00:00","description":"P\u00e1gina Oficial del Ayuntamiento de Caudete (Albacete)","breadcrumb":{"@id":"https:\/\/www.caudete.org\/ayuntamiento\/se-ultima-el-expediente-por-el-que-15-asociaciones-optan-a-las-subvenciones-de-concurrencia-competitiva-de-2025\/#breadcrumb"},"inLanguage":"es","potentialAction":[{"@type":"ReadAction","target":["https:\/\/www.caudete.org\/ayuntamiento\/se-ultima-el-expediente-por-el-que-15-asociaciones-optan-a-las-subvenciones-de-concurrencia-competitiva-de-2025\/"]}]},{"@type":"ImageObject","inLanguage":"es","@id":"https:\/\/www.caudete.org\/ayuntamiento\/se-ultima-el-expediente-por-el-que-15-asociaciones-optan-a-las-subvenciones-de-concurrencia-competitiva-de-2025\/#primaryimage","url":"https:\/\/www.caudete.org\/ayuntamiento\/wp-content\/uploads\/2025\/05\/WhatsApp-Image-2025-05-19-at-15.29.46.jpeg","contentUrl":"https:\/\/www.caudete.org\/ayuntamiento\/wp-content\/uploads\/2025\/05\/WhatsApp-Image-2025-05-19-at-15.29.46.jpeg","width":2040,"height":1530},{"@type":"BreadcrumbList","@id":"https:\/\/www.caudete.org\/ayuntamiento\/se-ultima-el-expediente-por-el-que-15-asociaciones-optan-a-las-subvenciones-de-concurrencia-competitiva-de-2025\/#breadcrumb","itemListElement":[{"@type":"ListItem","position":1,"name":"Inicio","item":"https:\/\/www.caudete.org\/ayuntamiento\/"},{"@type":"ListItem","position":2,"name":"Se ultima el expediente por el que 15 asociaciones optan a las Subvenciones de Concurrencia Competitiva de 2025"}]},{"@type":"WebSite","@id":"https:\/\/www.caudete.org\/ayuntamiento\/#website","url":"https:\/\/www.caudete.org\/ayuntamiento\/","name":"MI Ayuntamiento de Caudete","description":"P\u00e1gina Oficial del MI Ayuntamiento de Caudete","publisher":{"@id":"https:\/\/www.caudete.org\/ayuntamiento\/#organization"},"potentialAction":[{"@type":"SearchAction","target":{"@type":"EntryPoint","urlTemplate":"https:\/\/www.caudete.org\/ayuntamiento\/?s={search_term_string}"},"query-input":{"@type":"PropertyValueSpecification","valueRequired":true,"valueName":"search_term_string"}}],"inLanguage":"es"},{"@type":"Organization","@id":"https:\/\/www.caudete.org\/ayuntamiento\/#organization","name":"Ayuntamiento de Caudete","url":"https:\/\/www.caudete.org\/ayuntamiento\/","logo":{"@type":"ImageObject","inLanguage":"es","@id":"https:\/\/www.caudete.org\/ayuntamiento\/#\/schema\/logo\/image\/","url":"https:\/\/www.caudete.org\/ayuntamiento\/wp-content\/uploads\/2020\/11\/logo_ayuntamiento_caudete.jpg","contentUrl":"https:\/\/www.caudete.org\/ayuntamiento\/wp-content\/uploads\/2020\/11\/logo_ayuntamiento_caudete.jpg","width":600,"height":150,"caption":"Ayuntamiento de Caudete"},"image":{"@id":"https:\/\/www.caudete.org\/ayuntamiento\/#\/schema\/logo\/image\/"},"sameAs":["https:\/\/www.facebook.com\/ayuntamientocaudete\/","https:\/\/www.youtube.com\/channel\/UC6VztHaooNsGpw-tNoBEFnQ"]},{"@type":"Person","@id":"https:\/\/www.caudete.org\/ayuntamiento\/#\/schema\/person\/cc646da9133078ee4d8dd47457947253","name":"alcalde","image":{"@type":"ImageObject","inLanguage":"es","@id":"https:\/\/secure.gravatar.com\/avatar\/84a817ba065b29ff08d666b215a215f5c79186a645ccb25b14a663d48a130f77?s=96&d=mm&r=g","url":"https:\/\/secure.gravatar.com\/avatar\/84a817ba065b29ff08d666b215a215f5c79186a645ccb25b14a663d48a130f77?s=96&d=mm&r=g","contentUrl":"https:\/\/secure.gravatar.com\/avatar\/84a817ba065b29ff08d666b215a215f5c79186a645ccb25b14a663d48a130f77?s=96&d=mm&r=g","caption":"alcalde"},"url":"https:\/\/www.caudete.org\/ayuntamiento\/author\/alcalde\/"}]}},"_links":{"self":[{"href":"https:\/\/www.caudete.org\/ayuntamiento\/wp-json\/wp\/v2\/posts\/29485","targetHints":{"allow":["GET"]}}],"collection":[{"href":"https:\/\/www.caudete.org\/ayuntamiento\/wp-json\/wp\/v2\/posts"}],"about":[{"href":"https:\/\/www.caudete.org\/ayuntamiento\/wp-json\/wp\/v2\/types\/post"}],"author":[{"embeddable":true,"href":"https:\/\/www.caudete.org\/ayuntamiento\/wp-json\/wp\/v2\/users\/3"}],"replies":[{"embeddable":true,"href":"https:\/\/www.caudete.org\/ayuntamiento\/wp-json\/wp\/v2\/comments?post=29485"}],"version-history":[{"count":1,"href":"https:\/\/www.caudete.org\/ayuntamiento\/wp-json\/wp\/v2\/posts\/29485\/revisions"}],"predecessor-version":[{"id":29486,"href":"https:\/\/www.caudete.org\/ayuntamiento\/wp-json\/wp\/v2\/posts\/29485\/revisions\/29486"}],"wp:featuredmedia":[{"embeddable":true,"href":"https:\/\/www.caudete.org\/ayuntamiento\/wp-json\/wp\/v2\/media\/28727"}],"wp:attachment":[{"href":"https:\/\/www.caudete.org\/ayuntamiento\/wp-json\/wp\/v2\/media?parent=29485"}],"wp:term":[{"taxonomy":"category","embeddable":true,"href":"https:\/\/www.caudete.org\/ayuntamiento\/wp-json\/wp\/v2\/categories?post=29485"},{"taxonomy":"post_tag","embeddable":true,"href":"https:\/\/www.caudete.org\/ayuntamiento\/wp-json\/wp\/v2\/tags?post=29485"}],"curies":[{"name":"wp","href":"https:\/\/api.w.org\/{rel}","templated":true}]}}