{"id":29487,"date":"2025-06-30T08:15:37","date_gmt":"2025-06-30T06:15:37","guid":{"rendered":"https:\/\/www.caudete.org\/ayuntamiento\/?p=29487"},"modified":"2025-06-30T08:15:37","modified_gmt":"2025-06-30T06:15:37","slug":"el-proximo-jueves-se-celebrara-el-consejo-escolar-municipal-para-abordar-el-calendario-del-curso-25-25","status":"publish","type":"post","link":"https:\/\/www.caudete.org\/ayuntamiento\/el-proximo-jueves-se-celebrara-el-consejo-escolar-municipal-para-abordar-el-calendario-del-curso-25-25\/","title":{"rendered":"El pr\u00f3ximo jueves se celebrar\u00e1 el CONSEJO ESCOLAR MUNICIPAL para abordar el calendario del curso 25\/25"},"content":{"rendered":"<p style=\"text-align: justify;\">La Concejal de Educaci\u00f3n, Manuela Gonz\u00e1lez, ha informado de la pr\u00f3xima celebraci\u00f3n del Consejo Escolar Municipal, en cumplimiento de los plazos establecidos para la convocatoria de dicho \u00f3rgano colegiado, para el pr\u00f3ximo jueves d\u00eda 3 de Julio, a las 09.00h, en el Sal\u00f3n de Plenos con arreglo al siguiente Orden del D\u00eda:<\/p>\n<p style=\"text-align: justify;\">1\u00ba.- MODIFICACI\u00d3N CALENDARIO ESCOLAR CURSO 2025\/2026.<br \/>\n2\u00ba.- RUEGOS Y PREGUNTAS.<\/p>\n<p style=\"text-align: justify;\">Es habitual en estas fechas la celebraci\u00f3n de dicho Consejo con el fin de analizar y debatir el calendario escolar del pr\u00f3ximo curso recientemente aprobado por la Consejer\u00eda de Educaci\u00f3n, y en su caso, formular a la Delegaci\u00f3n Provincial las modificaciones oportunas que consensue el \u00f3rgano local.<\/p>\n<p style=\"text-align: justify;\">A este respecto cabe destacar que el inicio del curso escolar est\u00e1 previsto para el lunes d\u00eda 8 de Septiembre, lo que a nuestro municipio le afecta de forma considerable por encontrarnos en ese momento inmersos en plena celebraci\u00f3n de las Fiestas Patronales.<\/p>\n<p>&nbsp;<\/p>\n<p>&nbsp;<\/p>\n<p>&nbsp;<\/p>\n","protected":false},"excerpt":{"rendered":"<p>La Concejal de Educaci\u00f3n, Manuela Gonz\u00e1lez, ha informado de la pr\u00f3xima celebraci\u00f3n del Consejo Escolar Municipal, en cumplimiento de los plazos establecidos para la convocatoria de dicho \u00f3rgano colegiado, para el pr\u00f3ximo jueves d\u00eda 3 de Julio, a las 09.00h, en el Sal\u00f3n de Plenos con arreglo al siguiente Orden del D\u00eda: 1\u00ba.- MODIFICACI\u00d3N CALENDARIO &hellip;<\/p>\n","protected":false},"author":3,"featured_media":15228,"comment_status":"closed","ping_status":"open","sticky":false,"template":"","format":"standard","meta":{"ngg_post_thumbnail":0,"footnotes":""},"categories":[25],"tags":[],"class_list":["post-29487","post","type-post","status-publish","format-standard","has-post-thumbnail","hentry","category-educacion"],"yoast_head":"<!-- This site is optimized with the Yoast SEO plugin v27.4 - https:\/\/yoast.com\/product\/yoast-seo-wordpress\/ -->\n<title>El pr\u00f3ximo jueves se celebrar\u00e1 el CONSEJO ESCOLAR MUNICIPAL para abordar el calendario del curso 25\/25 - MI Ayuntamiento de Caudete<\/title>\n<meta name=\"description\" content=\"P\u00e1gina Oficial del Ayuntamiento de Caudete (Albacete)\" \/>\n<meta name=\"robots\" content=\"index, follow, max-snippet:-1, max-image-preview:large, max-video-preview:-1\" \/>\n<link rel=\"canonical\" href=\"https:\/\/www.caudete.org\/ayuntamiento\/el-proximo-jueves-se-celebrara-el-consejo-escolar-municipal-para-abordar-el-calendario-del-curso-25-25\/\" \/>\n<meta property=\"og:locale\" content=\"es_ES\" \/>\n<meta property=\"og:type\" content=\"article\" \/>\n<meta property=\"og:title\" content=\"El pr\u00f3ximo jueves se celebrar\u00e1 el CONSEJO ESCOLAR MUNICIPAL para abordar el calendario del curso 25\/25 - MI Ayuntamiento de Caudete\" \/>\n<meta property=\"og:description\" content=\"P\u00e1gina Oficial del Ayuntamiento de Caudete (Albacete)\" \/>\n<meta property=\"og:url\" content=\"https:\/\/www.caudete.org\/ayuntamiento\/el-proximo-jueves-se-celebrara-el-consejo-escolar-municipal-para-abordar-el-calendario-del-curso-25-25\/\" \/>\n<meta property=\"og:site_name\" content=\"MI Ayuntamiento de Caudete\" \/>\n<meta property=\"article:publisher\" content=\"https:\/\/www.facebook.com\/ayuntamientocaudete\/\" \/>\n<meta property=\"article:published_time\" content=\"2025-06-30T06:15:37+00:00\" \/>\n<meta property=\"og:image\" content=\"https:\/\/www.caudete.org\/ayuntamiento\/wp-content\/uploads\/2021\/06\/Consejo-Escolar-Municipal-WEB.jpg\" \/>\n\t<meta property=\"og:image:width\" content=\"864\" \/>\n\t<meta property=\"og:image:height\" content=\"380\" \/>\n\t<meta property=\"og:image:type\" content=\"image\/jpeg\" \/>\n<meta name=\"author\" content=\"alcalde\" \/>\n<meta name=\"twitter:card\" content=\"summary_large_image\" \/>\n<meta name=\"twitter:label1\" content=\"Escrito por\" \/>\n\t<meta name=\"twitter:data1\" content=\"alcalde\" \/>\n\t<meta name=\"twitter:label2\" content=\"Tiempo de lectura\" \/>\n\t<meta name=\"twitter:data2\" content=\"1 minuto\" \/>\n<script type=\"application\/ld+json\" class=\"yoast-schema-graph\">{\"@context\":\"https:\\\/\\\/schema.org\",\"@graph\":[{\"@type\":\"Article\",\"@id\":\"https:\\\/\\\/www.caudete.org\\\/ayuntamiento\\\/el-proximo-jueves-se-celebrara-el-consejo-escolar-municipal-para-abordar-el-calendario-del-curso-25-25\\\/#article\",\"isPartOf\":{\"@id\":\"https:\\\/\\\/www.caudete.org\\\/ayuntamiento\\\/el-proximo-jueves-se-celebrara-el-consejo-escolar-municipal-para-abordar-el-calendario-del-curso-25-25\\\/\"},\"author\":{\"name\":\"alcalde\",\"@id\":\"https:\\\/\\\/www.caudete.org\\\/ayuntamiento\\\/#\\\/schema\\\/person\\\/cc646da9133078ee4d8dd47457947253\"},\"headline\":\"El pr\u00f3ximo jueves se celebrar\u00e1 el CONSEJO ESCOLAR MUNICIPAL para abordar el calendario del curso 25\\\/25\",\"datePublished\":\"2025-06-30T06:15:37+00:00\",\"mainEntityOfPage\":{\"@id\":\"https:\\\/\\\/www.caudete.org\\\/ayuntamiento\\\/el-proximo-jueves-se-celebrara-el-consejo-escolar-municipal-para-abordar-el-calendario-del-curso-25-25\\\/\"},\"wordCount\":184,\"publisher\":{\"@id\":\"https:\\\/\\\/www.caudete.org\\\/ayuntamiento\\\/#organization\"},\"image\":{\"@id\":\"https:\\\/\\\/www.caudete.org\\\/ayuntamiento\\\/el-proximo-jueves-se-celebrara-el-consejo-escolar-municipal-para-abordar-el-calendario-del-curso-25-25\\\/#primaryimage\"},\"thumbnailUrl\":\"https:\\\/\\\/www.caudete.org\\\/ayuntamiento\\\/wp-content\\\/uploads\\\/2021\\\/06\\\/Consejo-Escolar-Municipal-WEB.jpg\",\"articleSection\":[\"Educaci\u00f3n\"],\"inLanguage\":\"es\"},{\"@type\":\"WebPage\",\"@id\":\"https:\\\/\\\/www.caudete.org\\\/ayuntamiento\\\/el-proximo-jueves-se-celebrara-el-consejo-escolar-municipal-para-abordar-el-calendario-del-curso-25-25\\\/\",\"url\":\"https:\\\/\\\/www.caudete.org\\\/ayuntamiento\\\/el-proximo-jueves-se-celebrara-el-consejo-escolar-municipal-para-abordar-el-calendario-del-curso-25-25\\\/\",\"name\":\"El pr\u00f3ximo jueves se celebrar\u00e1 el CONSEJO ESCOLAR MUNICIPAL para abordar el calendario del curso 25\\\/25 - MI Ayuntamiento de Caudete\",\"isPartOf\":{\"@id\":\"https:\\\/\\\/www.caudete.org\\\/ayuntamiento\\\/#website\"},\"primaryImageOfPage\":{\"@id\":\"https:\\\/\\\/www.caudete.org\\\/ayuntamiento\\\/el-proximo-jueves-se-celebrara-el-consejo-escolar-municipal-para-abordar-el-calendario-del-curso-25-25\\\/#primaryimage\"},\"image\":{\"@id\":\"https:\\\/\\\/www.caudete.org\\\/ayuntamiento\\\/el-proximo-jueves-se-celebrara-el-consejo-escolar-municipal-para-abordar-el-calendario-del-curso-25-25\\\/#primaryimage\"},\"thumbnailUrl\":\"https:\\\/\\\/www.caudete.org\\\/ayuntamiento\\\/wp-content\\\/uploads\\\/2021\\\/06\\\/Consejo-Escolar-Municipal-WEB.jpg\",\"datePublished\":\"2025-06-30T06:15:37+00:00\",\"description\":\"P\u00e1gina Oficial del Ayuntamiento de Caudete (Albacete)\",\"breadcrumb\":{\"@id\":\"https:\\\/\\\/www.caudete.org\\\/ayuntamiento\\\/el-proximo-jueves-se-celebrara-el-consejo-escolar-municipal-para-abordar-el-calendario-del-curso-25-25\\\/#breadcrumb\"},\"inLanguage\":\"es\",\"potentialAction\":[{\"@type\":\"ReadAction\",\"target\":[\"https:\\\/\\\/www.caudete.org\\\/ayuntamiento\\\/el-proximo-jueves-se-celebrara-el-consejo-escolar-municipal-para-abordar-el-calendario-del-curso-25-25\\\/\"]}]},{\"@type\":\"ImageObject\",\"inLanguage\":\"es\",\"@id\":\"https:\\\/\\\/www.caudete.org\\\/ayuntamiento\\\/el-proximo-jueves-se-celebrara-el-consejo-escolar-municipal-para-abordar-el-calendario-del-curso-25-25\\\/#primaryimage\",\"url\":\"https:\\\/\\\/www.caudete.org\\\/ayuntamiento\\\/wp-content\\\/uploads\\\/2021\\\/06\\\/Consejo-Escolar-Municipal-WEB.jpg\",\"contentUrl\":\"https:\\\/\\\/www.caudete.org\\\/ayuntamiento\\\/wp-content\\\/uploads\\\/2021\\\/06\\\/Consejo-Escolar-Municipal-WEB.jpg\",\"width\":864,\"height\":380},{\"@type\":\"BreadcrumbList\",\"@id\":\"https:\\\/\\\/www.caudete.org\\\/ayuntamiento\\\/el-proximo-jueves-se-celebrara-el-consejo-escolar-municipal-para-abordar-el-calendario-del-curso-25-25\\\/#breadcrumb\",\"itemListElement\":[{\"@type\":\"ListItem\",\"position\":1,\"name\":\"Inicio\",\"item\":\"https:\\\/\\\/www.caudete.org\\\/ayuntamiento\\\/\"},{\"@type\":\"ListItem\",\"position\":2,\"name\":\"El pr\u00f3ximo jueves se celebrar\u00e1 el CONSEJO ESCOLAR MUNICIPAL para abordar el calendario del curso 25\\\/25\"}]},{\"@type\":\"WebSite\",\"@id\":\"https:\\\/\\\/www.caudete.org\\\/ayuntamiento\\\/#website\",\"url\":\"https:\\\/\\\/www.caudete.org\\\/ayuntamiento\\\/\",\"name\":\"MI Ayuntamiento de Caudete\",\"description\":\"P\u00e1gina Oficial del MI Ayuntamiento de Caudete\",\"publisher\":{\"@id\":\"https:\\\/\\\/www.caudete.org\\\/ayuntamiento\\\/#organization\"},\"potentialAction\":[{\"@type\":\"SearchAction\",\"target\":{\"@type\":\"EntryPoint\",\"urlTemplate\":\"https:\\\/\\\/www.caudete.org\\\/ayuntamiento\\\/?s={search_term_string}\"},\"query-input\":{\"@type\":\"PropertyValueSpecification\",\"valueRequired\":true,\"valueName\":\"search_term_string\"}}],\"inLanguage\":\"es\"},{\"@type\":\"Organization\",\"@id\":\"https:\\\/\\\/www.caudete.org\\\/ayuntamiento\\\/#organization\",\"name\":\"Ayuntamiento de Caudete\",\"url\":\"https:\\\/\\\/www.caudete.org\\\/ayuntamiento\\\/\",\"logo\":{\"@type\":\"ImageObject\",\"inLanguage\":\"es\",\"@id\":\"https:\\\/\\\/www.caudete.org\\\/ayuntamiento\\\/#\\\/schema\\\/logo\\\/image\\\/\",\"url\":\"https:\\\/\\\/www.caudete.org\\\/ayuntamiento\\\/wp-content\\\/uploads\\\/2020\\\/11\\\/logo_ayuntamiento_caudete.jpg\",\"contentUrl\":\"https:\\\/\\\/www.caudete.org\\\/ayuntamiento\\\/wp-content\\\/uploads\\\/2020\\\/11\\\/logo_ayuntamiento_caudete.jpg\",\"width\":600,\"height\":150,\"caption\":\"Ayuntamiento de Caudete\"},\"image\":{\"@id\":\"https:\\\/\\\/www.caudete.org\\\/ayuntamiento\\\/#\\\/schema\\\/logo\\\/image\\\/\"},\"sameAs\":[\"https:\\\/\\\/www.facebook.com\\\/ayuntamientocaudete\\\/\",\"https:\\\/\\\/www.youtube.com\\\/channel\\\/UC6VztHaooNsGpw-tNoBEFnQ\"]},{\"@type\":\"Person\",\"@id\":\"https:\\\/\\\/www.caudete.org\\\/ayuntamiento\\\/#\\\/schema\\\/person\\\/cc646da9133078ee4d8dd47457947253\",\"name\":\"alcalde\",\"image\":{\"@type\":\"ImageObject\",\"inLanguage\":\"es\",\"@id\":\"https:\\\/\\\/secure.gravatar.com\\\/avatar\\\/84a817ba065b29ff08d666b215a215f5c79186a645ccb25b14a663d48a130f77?s=96&d=mm&r=g\",\"url\":\"https:\\\/\\\/secure.gravatar.com\\\/avatar\\\/84a817ba065b29ff08d666b215a215f5c79186a645ccb25b14a663d48a130f77?s=96&d=mm&r=g\",\"contentUrl\":\"https:\\\/\\\/secure.gravatar.com\\\/avatar\\\/84a817ba065b29ff08d666b215a215f5c79186a645ccb25b14a663d48a130f77?s=96&d=mm&r=g\",\"caption\":\"alcalde\"},\"url\":\"https:\\\/\\\/www.caudete.org\\\/ayuntamiento\\\/author\\\/alcalde\\\/\"}]}<\/script>\n<!-- \/ Yoast SEO plugin. -->","yoast_head_json":{"title":"El pr\u00f3ximo jueves se celebrar\u00e1 el CONSEJO ESCOLAR MUNICIPAL para abordar el calendario del curso 25\/25 - MI Ayuntamiento de Caudete","description":"P\u00e1gina Oficial del Ayuntamiento de Caudete (Albacete)","robots":{"index":"index","follow":"follow","max-snippet":"max-snippet:-1","max-image-preview":"max-image-preview:large","max-video-preview":"max-video-preview:-1"},"canonical":"https:\/\/www.caudete.org\/ayuntamiento\/el-proximo-jueves-se-celebrara-el-consejo-escolar-municipal-para-abordar-el-calendario-del-curso-25-25\/","og_locale":"es_ES","og_type":"article","og_title":"El pr\u00f3ximo jueves se celebrar\u00e1 el CONSEJO ESCOLAR MUNICIPAL para abordar el calendario del curso 25\/25 - MI Ayuntamiento de Caudete","og_description":"P\u00e1gina Oficial del Ayuntamiento de Caudete (Albacete)","og_url":"https:\/\/www.caudete.org\/ayuntamiento\/el-proximo-jueves-se-celebrara-el-consejo-escolar-municipal-para-abordar-el-calendario-del-curso-25-25\/","og_site_name":"MI Ayuntamiento de Caudete","article_publisher":"https:\/\/www.facebook.com\/ayuntamientocaudete\/","article_published_time":"2025-06-30T06:15:37+00:00","og_image":[{"width":864,"height":380,"url":"https:\/\/www.caudete.org\/ayuntamiento\/wp-content\/uploads\/2021\/06\/Consejo-Escolar-Municipal-WEB.jpg","type":"image\/jpeg"}],"author":"alcalde","twitter_card":"summary_large_image","twitter_misc":{"Escrito por":"alcalde","Tiempo de lectura":"1 minuto"},"schema":{"@context":"https:\/\/schema.org","@graph":[{"@type":"Article","@id":"https:\/\/www.caudete.org\/ayuntamiento\/el-proximo-jueves-se-celebrara-el-consejo-escolar-municipal-para-abordar-el-calendario-del-curso-25-25\/#article","isPartOf":{"@id":"https:\/\/www.caudete.org\/ayuntamiento\/el-proximo-jueves-se-celebrara-el-consejo-escolar-municipal-para-abordar-el-calendario-del-curso-25-25\/"},"author":{"name":"alcalde","@id":"https:\/\/www.caudete.org\/ayuntamiento\/#\/schema\/person\/cc646da9133078ee4d8dd47457947253"},"headline":"El pr\u00f3ximo jueves se celebrar\u00e1 el CONSEJO ESCOLAR MUNICIPAL para abordar el calendario del curso 25\/25","datePublished":"2025-06-30T06:15:37+00:00","mainEntityOfPage":{"@id":"https:\/\/www.caudete.org\/ayuntamiento\/el-proximo-jueves-se-celebrara-el-consejo-escolar-municipal-para-abordar-el-calendario-del-curso-25-25\/"},"wordCount":184,"publisher":{"@id":"https:\/\/www.caudete.org\/ayuntamiento\/#organization"},"image":{"@id":"https:\/\/www.caudete.org\/ayuntamiento\/el-proximo-jueves-se-celebrara-el-consejo-escolar-municipal-para-abordar-el-calendario-del-curso-25-25\/#primaryimage"},"thumbnailUrl":"https:\/\/www.caudete.org\/ayuntamiento\/wp-content\/uploads\/2021\/06\/Consejo-Escolar-Municipal-WEB.jpg","articleSection":["Educaci\u00f3n"],"inLanguage":"es"},{"@type":"WebPage","@id":"https:\/\/www.caudete.org\/ayuntamiento\/el-proximo-jueves-se-celebrara-el-consejo-escolar-municipal-para-abordar-el-calendario-del-curso-25-25\/","url":"https:\/\/www.caudete.org\/ayuntamiento\/el-proximo-jueves-se-celebrara-el-consejo-escolar-municipal-para-abordar-el-calendario-del-curso-25-25\/","name":"El pr\u00f3ximo jueves se celebrar\u00e1 el CONSEJO ESCOLAR MUNICIPAL para abordar el calendario del curso 25\/25 - MI Ayuntamiento de Caudete","isPartOf":{"@id":"https:\/\/www.caudete.org\/ayuntamiento\/#website"},"primaryImageOfPage":{"@id":"https:\/\/www.caudete.org\/ayuntamiento\/el-proximo-jueves-se-celebrara-el-consejo-escolar-municipal-para-abordar-el-calendario-del-curso-25-25\/#primaryimage"},"image":{"@id":"https:\/\/www.caudete.org\/ayuntamiento\/el-proximo-jueves-se-celebrara-el-consejo-escolar-municipal-para-abordar-el-calendario-del-curso-25-25\/#primaryimage"},"thumbnailUrl":"https:\/\/www.caudete.org\/ayuntamiento\/wp-content\/uploads\/2021\/06\/Consejo-Escolar-Municipal-WEB.jpg","datePublished":"2025-06-30T06:15:37+00:00","description":"P\u00e1gina Oficial del Ayuntamiento de Caudete (Albacete)","breadcrumb":{"@id":"https:\/\/www.caudete.org\/ayuntamiento\/el-proximo-jueves-se-celebrara-el-consejo-escolar-municipal-para-abordar-el-calendario-del-curso-25-25\/#breadcrumb"},"inLanguage":"es","potentialAction":[{"@type":"ReadAction","target":["https:\/\/www.caudete.org\/ayuntamiento\/el-proximo-jueves-se-celebrara-el-consejo-escolar-municipal-para-abordar-el-calendario-del-curso-25-25\/"]}]},{"@type":"ImageObject","inLanguage":"es","@id":"https:\/\/www.caudete.org\/ayuntamiento\/el-proximo-jueves-se-celebrara-el-consejo-escolar-municipal-para-abordar-el-calendario-del-curso-25-25\/#primaryimage","url":"https:\/\/www.caudete.org\/ayuntamiento\/wp-content\/uploads\/2021\/06\/Consejo-Escolar-Municipal-WEB.jpg","contentUrl":"https:\/\/www.caudete.org\/ayuntamiento\/wp-content\/uploads\/2021\/06\/Consejo-Escolar-Municipal-WEB.jpg","width":864,"height":380},{"@type":"BreadcrumbList","@id":"https:\/\/www.caudete.org\/ayuntamiento\/el-proximo-jueves-se-celebrara-el-consejo-escolar-municipal-para-abordar-el-calendario-del-curso-25-25\/#breadcrumb","itemListElement":[{"@type":"ListItem","position":1,"name":"Inicio","item":"https:\/\/www.caudete.org\/ayuntamiento\/"},{"@type":"ListItem","position":2,"name":"El pr\u00f3ximo jueves se celebrar\u00e1 el CONSEJO ESCOLAR MUNICIPAL para abordar el calendario del curso 25\/25"}]},{"@type":"WebSite","@id":"https:\/\/www.caudete.org\/ayuntamiento\/#website","url":"https:\/\/www.caudete.org\/ayuntamiento\/","name":"MI Ayuntamiento de Caudete","description":"P\u00e1gina Oficial del MI Ayuntamiento de Caudete","publisher":{"@id":"https:\/\/www.caudete.org\/ayuntamiento\/#organization"},"potentialAction":[{"@type":"SearchAction","target":{"@type":"EntryPoint","urlTemplate":"https:\/\/www.caudete.org\/ayuntamiento\/?s={search_term_string}"},"query-input":{"@type":"PropertyValueSpecification","valueRequired":true,"valueName":"search_term_string"}}],"inLanguage":"es"},{"@type":"Organization","@id":"https:\/\/www.caudete.org\/ayuntamiento\/#organization","name":"Ayuntamiento de Caudete","url":"https:\/\/www.caudete.org\/ayuntamiento\/","logo":{"@type":"ImageObject","inLanguage":"es","@id":"https:\/\/www.caudete.org\/ayuntamiento\/#\/schema\/logo\/image\/","url":"https:\/\/www.caudete.org\/ayuntamiento\/wp-content\/uploads\/2020\/11\/logo_ayuntamiento_caudete.jpg","contentUrl":"https:\/\/www.caudete.org\/ayuntamiento\/wp-content\/uploads\/2020\/11\/logo_ayuntamiento_caudete.jpg","width":600,"height":150,"caption":"Ayuntamiento de Caudete"},"image":{"@id":"https:\/\/www.caudete.org\/ayuntamiento\/#\/schema\/logo\/image\/"},"sameAs":["https:\/\/www.facebook.com\/ayuntamientocaudete\/","https:\/\/www.youtube.com\/channel\/UC6VztHaooNsGpw-tNoBEFnQ"]},{"@type":"Person","@id":"https:\/\/www.caudete.org\/ayuntamiento\/#\/schema\/person\/cc646da9133078ee4d8dd47457947253","name":"alcalde","image":{"@type":"ImageObject","inLanguage":"es","@id":"https:\/\/secure.gravatar.com\/avatar\/84a817ba065b29ff08d666b215a215f5c79186a645ccb25b14a663d48a130f77?s=96&d=mm&r=g","url":"https:\/\/secure.gravatar.com\/avatar\/84a817ba065b29ff08d666b215a215f5c79186a645ccb25b14a663d48a130f77?s=96&d=mm&r=g","contentUrl":"https:\/\/secure.gravatar.com\/avatar\/84a817ba065b29ff08d666b215a215f5c79186a645ccb25b14a663d48a130f77?s=96&d=mm&r=g","caption":"alcalde"},"url":"https:\/\/www.caudete.org\/ayuntamiento\/author\/alcalde\/"}]}},"_links":{"self":[{"href":"https:\/\/www.caudete.org\/ayuntamiento\/wp-json\/wp\/v2\/posts\/29487","targetHints":{"allow":["GET"]}}],"collection":[{"href":"https:\/\/www.caudete.org\/ayuntamiento\/wp-json\/wp\/v2\/posts"}],"about":[{"href":"https:\/\/www.caudete.org\/ayuntamiento\/wp-json\/wp\/v2\/types\/post"}],"author":[{"embeddable":true,"href":"https:\/\/www.caudete.org\/ayuntamiento\/wp-json\/wp\/v2\/users\/3"}],"replies":[{"embeddable":true,"href":"https:\/\/www.caudete.org\/ayuntamiento\/wp-json\/wp\/v2\/comments?post=29487"}],"version-history":[{"count":1,"href":"https:\/\/www.caudete.org\/ayuntamiento\/wp-json\/wp\/v2\/posts\/29487\/revisions"}],"predecessor-version":[{"id":29488,"href":"https:\/\/www.caudete.org\/ayuntamiento\/wp-json\/wp\/v2\/posts\/29487\/revisions\/29488"}],"wp:featuredmedia":[{"embeddable":true,"href":"https:\/\/www.caudete.org\/ayuntamiento\/wp-json\/wp\/v2\/media\/15228"}],"wp:attachment":[{"href":"https:\/\/www.caudete.org\/ayuntamiento\/wp-json\/wp\/v2\/media?parent=29487"}],"wp:term":[{"taxonomy":"category","embeddable":true,"href":"https:\/\/www.caudete.org\/ayuntamiento\/wp-json\/wp\/v2\/categories?post=29487"},{"taxonomy":"post_tag","embeddable":true,"href":"https:\/\/www.caudete.org\/ayuntamiento\/wp-json\/wp\/v2\/tags?post=29487"}],"curies":[{"name":"wp","href":"https:\/\/api.w.org\/{rel}","templated":true}]}}