{"id":29509,"date":"2025-07-01T09:46:15","date_gmt":"2025-07-01T07:46:15","guid":{"rendered":"https:\/\/www.caudete.org\/ayuntamiento\/?p=29509"},"modified":"2025-07-01T09:46:15","modified_gmt":"2025-07-01T07:46:15","slug":"un-bando-municipal-recuerda-el-deber-a-cumplir-para-guaridas-y-sedes-festeras-tanto-nuevas-como-existentes","status":"publish","type":"post","link":"https:\/\/www.caudete.org\/ayuntamiento\/un-bando-municipal-recuerda-el-deber-a-cumplir-para-guaridas-y-sedes-festeras-tanto-nuevas-como-existentes\/","title":{"rendered":"Un BANDO MUNICIPAL recuerda el deber a cumplir para Guaridas y Sedes Festeras, tanto nuevas como existentes"},"content":{"rendered":"<p style=\"text-align: justify;\">El Alcalde, Mois\u00e9s L\u00f3pez, ante la proximidad de las Fiestas Patronales de Moros y Cristianos, y teniendo en cuenta que las Guaridas y Sedes Festeras forman parte de una parte especial e indirecta a su vez de las Fiestas, ha publicado un nuevo <strong>Bando Municipal,<\/strong> publicado en el Tabl\u00f3n de Edictos Municipal en relaci\u00f3n con las actividades de <strong>guaridas y sedes festeras<\/strong>.<\/p>\n<p style=\"text-align: justify;\">En el mismo establece que, se debe de proceder a la actualizaci\u00f3n de la informaci\u00f3n y documentaci\u00f3n de cada guarida y sede festera de nuestra localidad, o su alta en su caso, al objeto de dar cumplimiento a lo estipulado en la Ordenanza Municipal Reguladora de las \u201cGuaridas\u201d del Municipio de Caudete (Albacete), (publicada en el BOP n\u00ba 20, de fecha 19 de febrero de 2014) y en la Ordenanza Municipal Reguladora de las \u201cSedes Festeras\u201d del Municipio de Caudete (Albacete), (publicada en el BOP n\u00ba 14, de fecha 5 de febrero de 2014).<\/p>\n<p>&nbsp;<\/p>\n<table style=\"height: 216px; width: 100%; border-collapse: collapse; background-color: #4148c;\">\n<tbody>\n<tr style=\"height: 24px;\">\n<td style=\"width: 48.4991%; height: 24px; text-align: center;\"><strong>GUARIDAS<\/strong><\/td>\n<td style=\"width: 1.50086%; text-align: center;\"><strong>\u00a0<\/strong><\/td>\n<td style=\"width: 50%; height: 24px; text-align: center;\"><strong>SEDES FESTERAS<\/strong><\/td>\n<\/tr>\n<tr style=\"height: 72px;\">\n<td style=\"width: 48.4991%; height: 72px; text-align: justify;\"><strong>Obligatoria la inscripci\u00f3n<\/strong> en el registro de municipal, a solicitud de la persona interesada. Dicha inscripci\u00f3n <strong>deber\u00e1 ser renovada anualmente<\/strong> a efectos de su validez<\/td>\n<td style=\"width: 1.50086%; text-align: justify;\"><strong>\u00a0<\/strong><\/td>\n<td style=\"width: 50%; height: 72px; text-align: justify;\"><strong>Obligatoria la inscripci\u00f3n<\/strong> en el registro de municipal, a solicitud de la persona interesada. Dicha inscripci\u00f3n <strong>deber\u00e1 ser renovada anualmente<\/strong> a efectos de su validez<\/td>\n<\/tr>\n<tr style=\"height: 96px;\">\n<td style=\"width: 48.4991%; height: 96px; text-align: justify;\">La <strong>declaraci\u00f3n responsable<\/strong> permitir\u00e1 el desarrollo de la actividad de guarida a que se refiere y deber\u00e1 ser <strong>presentada, al menos, con un mes de antelaci\u00f3n<\/strong> al inicio de la actividad<\/td>\n<td style=\"width: 1.50086%; text-align: justify;\"><\/td>\n<td style=\"width: 50%; height: 96px; text-align: justify;\">La <strong>declaraci\u00f3n responsable<\/strong> permitir\u00e1 el desarrollo de la actividad de guarida a que se refiere y deber\u00e1 ser <strong>presentada, al menos, con un mes de antelaci\u00f3n<\/strong> al inicio de la actividad<\/td>\n<\/tr>\n<tr style=\"height: 24px;\">\n<td style=\"width: 48.4991%; height: 24px; text-align: justify;\"><strong>Necesaria la actualizaci\u00f3n de los interesados de cada guarida<\/strong> a fin de asegurar que los datos existentes en el Ayuntamiento se ajustan a la realidad, <strong>dando de baja a aquellos que ya no formen parte<\/strong> de cada guarida<\/td>\n<td style=\"width: 1.50086%; text-align: justify;\"><strong>\u00a0<\/strong><\/td>\n<td style=\"width: 50%; height: 24px; text-align: justify;\">&#8212;&#8212;&#8212;&#8212;&#8212;&#8212;&#8212;&#8212;&#8212;&#8212;&#8212;&#8212;&#8212;&#8212;&#8212;&#8212;&#8212;&#8212;&#8212;&#8212;&#8212;&#8212;&#8212;&#8212;&#8212;&#8212;&#8212;&#8212;&#8212;&#8212;&#8212;&#8212;<\/td>\n<\/tr>\n<\/tbody>\n<\/table>\n<p>&nbsp;<\/p>\n<p>&nbsp;<\/p>\n<p>&nbsp;<\/p>\n<p><a href=\"https:\/\/caudete.sedipualba.es\/tablondeanuncios\/anuncio.aspx?id=63988\" target=\"_blank\" rel=\"nofollow\">ACCESO AL TABL\u00d3N DE ANUNCIOS<\/a><\/p>\n<p><a href=\"https:\/\/www.caudete.org\/ayuntamiento\/wp-content\/uploads\/2025\/07\/BANDO-GUARIDAS-Y-SEDES-1.jpg\" rel='prettyPhoto'><img fetchpriority=\"high\" decoding=\"async\" class=\"alignnone wp-image-29511 size-full\" src=\"https:\/\/www.caudete.org\/ayuntamiento\/wp-content\/uploads\/2025\/07\/BANDO-GUARIDAS-Y-SEDES-1.jpg\" alt=\"\" width=\"483\" height=\"687\" srcset=\"https:\/\/www.caudete.org\/ayuntamiento\/wp-content\/uploads\/2025\/07\/BANDO-GUARIDAS-Y-SEDES-1.jpg 483w, https:\/\/www.caudete.org\/ayuntamiento\/wp-content\/uploads\/2025\/07\/BANDO-GUARIDAS-Y-SEDES-1-155x220.jpg 155w\" sizes=\"(max-width: 483px) 100vw, 483px\" \/><\/a> <a href=\"https:\/\/www.caudete.org\/ayuntamiento\/wp-content\/uploads\/2025\/07\/BANDO-GUARIDAS-Y-SEDES-2.jpg\" rel='prettyPhoto'><img decoding=\"async\" class=\"alignnone wp-image-29512 size-full\" src=\"https:\/\/www.caudete.org\/ayuntamiento\/wp-content\/uploads\/2025\/07\/BANDO-GUARIDAS-Y-SEDES-2.jpg\" alt=\"\" width=\"487\" height=\"690\" srcset=\"https:\/\/www.caudete.org\/ayuntamiento\/wp-content\/uploads\/2025\/07\/BANDO-GUARIDAS-Y-SEDES-2.jpg 487w, https:\/\/www.caudete.org\/ayuntamiento\/wp-content\/uploads\/2025\/07\/BANDO-GUARIDAS-Y-SEDES-2-155x220.jpg 155w\" sizes=\"(max-width: 487px) 100vw, 487px\" \/><\/a><\/p>\n","protected":false},"excerpt":{"rendered":"<p>El Alcalde, Mois\u00e9s L\u00f3pez, ante la proximidad de las Fiestas Patronales de Moros y Cristianos, y teniendo en cuenta que las Guaridas y Sedes Festeras forman parte de una parte especial e indirecta a su vez de las Fiestas, ha publicado un nuevo Bando Municipal, publicado en el Tabl\u00f3n de Edictos Municipal en relaci\u00f3n con &hellip;<\/p>\n","protected":false},"author":3,"featured_media":25862,"comment_status":"closed","ping_status":"open","sticky":false,"template":"","format":"standard","meta":{"ngg_post_thumbnail":0,"footnotes":""},"categories":[48],"tags":[],"class_list":["post-29509","post","type-post","status-publish","format-standard","has-post-thumbnail","hentry","category-urbanismo"],"yoast_head":"<!-- This site is optimized with the Yoast SEO plugin v27.5 - https:\/\/yoast.com\/product\/yoast-seo-wordpress\/ -->\n<title>Un BANDO MUNICIPAL recuerda el deber a cumplir para Guaridas y Sedes Festeras, tanto nuevas como existentes - MI Ayuntamiento de Caudete<\/title>\n<meta name=\"description\" content=\"P\u00e1gina Oficial del Ayuntamiento de Caudete (Albacete)\" \/>\n<meta name=\"robots\" content=\"index, follow, max-snippet:-1, max-image-preview:large, max-video-preview:-1\" \/>\n<link rel=\"canonical\" href=\"https:\/\/www.caudete.org\/ayuntamiento\/un-bando-municipal-recuerda-el-deber-a-cumplir-para-guaridas-y-sedes-festeras-tanto-nuevas-como-existentes\/\" \/>\n<meta property=\"og:locale\" content=\"es_ES\" \/>\n<meta property=\"og:type\" content=\"article\" \/>\n<meta property=\"og:title\" content=\"Un BANDO MUNICIPAL recuerda el deber a cumplir para Guaridas y Sedes Festeras, tanto nuevas como existentes - MI Ayuntamiento de Caudete\" \/>\n<meta property=\"og:description\" content=\"P\u00e1gina Oficial del Ayuntamiento de Caudete (Albacete)\" \/>\n<meta property=\"og:url\" content=\"https:\/\/www.caudete.org\/ayuntamiento\/un-bando-municipal-recuerda-el-deber-a-cumplir-para-guaridas-y-sedes-festeras-tanto-nuevas-como-existentes\/\" \/>\n<meta property=\"og:site_name\" content=\"MI Ayuntamiento de Caudete\" \/>\n<meta property=\"article:publisher\" content=\"https:\/\/www.facebook.com\/ayuntamientocaudete\/\" \/>\n<meta property=\"article:published_time\" content=\"2025-07-01T07:46:15+00:00\" \/>\n<meta property=\"og:image\" content=\"https:\/\/www.caudete.org\/ayuntamiento\/wp-content\/uploads\/2024\/08\/IMG_6136.jpg\" \/>\n\t<meta property=\"og:image:width\" content=\"1600\" \/>\n\t<meta property=\"og:image:height\" content=\"1067\" \/>\n\t<meta property=\"og:image:type\" content=\"image\/jpeg\" \/>\n<meta name=\"author\" content=\"alcalde\" \/>\n<meta name=\"twitter:card\" content=\"summary_large_image\" \/>\n<meta name=\"twitter:label1\" content=\"Escrito por\" \/>\n\t<meta name=\"twitter:data1\" content=\"alcalde\" \/>\n\t<meta name=\"twitter:label2\" content=\"Tiempo de lectura\" \/>\n\t<meta name=\"twitter:data2\" content=\"3 minutos\" \/>\n<script type=\"application\/ld+json\" class=\"yoast-schema-graph\">{\"@context\":\"https:\\\/\\\/schema.org\",\"@graph\":[{\"@type\":\"Article\",\"@id\":\"https:\\\/\\\/www.caudete.org\\\/ayuntamiento\\\/un-bando-municipal-recuerda-el-deber-a-cumplir-para-guaridas-y-sedes-festeras-tanto-nuevas-como-existentes\\\/#article\",\"isPartOf\":{\"@id\":\"https:\\\/\\\/www.caudete.org\\\/ayuntamiento\\\/un-bando-municipal-recuerda-el-deber-a-cumplir-para-guaridas-y-sedes-festeras-tanto-nuevas-como-existentes\\\/\"},\"author\":{\"name\":\"alcalde\",\"@id\":\"https:\\\/\\\/www.caudete.org\\\/ayuntamiento\\\/#\\\/schema\\\/person\\\/cc646da9133078ee4d8dd47457947253\"},\"headline\":\"Un BANDO MUNICIPAL recuerda el deber a cumplir para Guaridas y Sedes Festeras, tanto nuevas como existentes\",\"datePublished\":\"2025-07-01T07:46:15+00:00\",\"mainEntityOfPage\":{\"@id\":\"https:\\\/\\\/www.caudete.org\\\/ayuntamiento\\\/un-bando-municipal-recuerda-el-deber-a-cumplir-para-guaridas-y-sedes-festeras-tanto-nuevas-como-existentes\\\/\"},\"wordCount\":347,\"image\":{\"@id\":\"https:\\\/\\\/www.caudete.org\\\/ayuntamiento\\\/un-bando-municipal-recuerda-el-deber-a-cumplir-para-guaridas-y-sedes-festeras-tanto-nuevas-como-existentes\\\/#primaryimage\"},\"thumbnailUrl\":\"https:\\\/\\\/www.caudete.org\\\/ayuntamiento\\\/wp-content\\\/uploads\\\/2024\\\/08\\\/IMG_6136.jpg\",\"articleSection\":[\"Urbanismo\"],\"inLanguage\":\"es\"},{\"@type\":\"WebPage\",\"@id\":\"https:\\\/\\\/www.caudete.org\\\/ayuntamiento\\\/un-bando-municipal-recuerda-el-deber-a-cumplir-para-guaridas-y-sedes-festeras-tanto-nuevas-como-existentes\\\/\",\"url\":\"https:\\\/\\\/www.caudete.org\\\/ayuntamiento\\\/un-bando-municipal-recuerda-el-deber-a-cumplir-para-guaridas-y-sedes-festeras-tanto-nuevas-como-existentes\\\/\",\"name\":\"Un BANDO MUNICIPAL recuerda el deber a cumplir para Guaridas y Sedes Festeras, tanto nuevas como existentes - MI Ayuntamiento de Caudete\",\"isPartOf\":{\"@id\":\"https:\\\/\\\/www.caudete.org\\\/ayuntamiento\\\/#website\"},\"primaryImageOfPage\":{\"@id\":\"https:\\\/\\\/www.caudete.org\\\/ayuntamiento\\\/un-bando-municipal-recuerda-el-deber-a-cumplir-para-guaridas-y-sedes-festeras-tanto-nuevas-como-existentes\\\/#primaryimage\"},\"image\":{\"@id\":\"https:\\\/\\\/www.caudete.org\\\/ayuntamiento\\\/un-bando-municipal-recuerda-el-deber-a-cumplir-para-guaridas-y-sedes-festeras-tanto-nuevas-como-existentes\\\/#primaryimage\"},\"thumbnailUrl\":\"https:\\\/\\\/www.caudete.org\\\/ayuntamiento\\\/wp-content\\\/uploads\\\/2024\\\/08\\\/IMG_6136.jpg\",\"datePublished\":\"2025-07-01T07:46:15+00:00\",\"author\":{\"@id\":\"https:\\\/\\\/www.caudete.org\\\/ayuntamiento\\\/#\\\/schema\\\/person\\\/cc646da9133078ee4d8dd47457947253\"},\"description\":\"P\u00e1gina Oficial del Ayuntamiento de Caudete (Albacete)\",\"breadcrumb\":{\"@id\":\"https:\\\/\\\/www.caudete.org\\\/ayuntamiento\\\/un-bando-municipal-recuerda-el-deber-a-cumplir-para-guaridas-y-sedes-festeras-tanto-nuevas-como-existentes\\\/#breadcrumb\"},\"inLanguage\":\"es\",\"potentialAction\":[{\"@type\":\"ReadAction\",\"target\":[\"https:\\\/\\\/www.caudete.org\\\/ayuntamiento\\\/un-bando-municipal-recuerda-el-deber-a-cumplir-para-guaridas-y-sedes-festeras-tanto-nuevas-como-existentes\\\/\"]}]},{\"@type\":\"ImageObject\",\"inLanguage\":\"es\",\"@id\":\"https:\\\/\\\/www.caudete.org\\\/ayuntamiento\\\/un-bando-municipal-recuerda-el-deber-a-cumplir-para-guaridas-y-sedes-festeras-tanto-nuevas-como-existentes\\\/#primaryimage\",\"url\":\"https:\\\/\\\/www.caudete.org\\\/ayuntamiento\\\/wp-content\\\/uploads\\\/2024\\\/08\\\/IMG_6136.jpg\",\"contentUrl\":\"https:\\\/\\\/www.caudete.org\\\/ayuntamiento\\\/wp-content\\\/uploads\\\/2024\\\/08\\\/IMG_6136.jpg\",\"width\":1600,\"height\":1067},{\"@type\":\"BreadcrumbList\",\"@id\":\"https:\\\/\\\/www.caudete.org\\\/ayuntamiento\\\/un-bando-municipal-recuerda-el-deber-a-cumplir-para-guaridas-y-sedes-festeras-tanto-nuevas-como-existentes\\\/#breadcrumb\",\"itemListElement\":[{\"@type\":\"ListItem\",\"position\":1,\"name\":\"Inicio\",\"item\":\"https:\\\/\\\/www.caudete.org\\\/ayuntamiento\\\/\"},{\"@type\":\"ListItem\",\"position\":2,\"name\":\"Un BANDO MUNICIPAL recuerda el deber a cumplir para Guaridas y Sedes Festeras, tanto nuevas como existentes\"}]},{\"@type\":\"WebSite\",\"@id\":\"https:\\\/\\\/www.caudete.org\\\/ayuntamiento\\\/#website\",\"url\":\"https:\\\/\\\/www.caudete.org\\\/ayuntamiento\\\/\",\"name\":\"MI Ayuntamiento de Caudete\",\"description\":\"P\u00e1gina Oficial del MI Ayuntamiento de Caudete\",\"potentialAction\":[{\"@type\":\"SearchAction\",\"target\":{\"@type\":\"EntryPoint\",\"urlTemplate\":\"https:\\\/\\\/www.caudete.org\\\/ayuntamiento\\\/?s={search_term_string}\"},\"query-input\":{\"@type\":\"PropertyValueSpecification\",\"valueRequired\":true,\"valueName\":\"search_term_string\"}}],\"inLanguage\":\"es\"},{\"@type\":\"Person\",\"@id\":\"https:\\\/\\\/www.caudete.org\\\/ayuntamiento\\\/#\\\/schema\\\/person\\\/cc646da9133078ee4d8dd47457947253\",\"name\":\"alcalde\",\"image\":{\"@type\":\"ImageObject\",\"inLanguage\":\"es\",\"@id\":\"https:\\\/\\\/secure.gravatar.com\\\/avatar\\\/84a817ba065b29ff08d666b215a215f5c79186a645ccb25b14a663d48a130f77?s=96&d=mm&r=g\",\"url\":\"https:\\\/\\\/secure.gravatar.com\\\/avatar\\\/84a817ba065b29ff08d666b215a215f5c79186a645ccb25b14a663d48a130f77?s=96&d=mm&r=g\",\"contentUrl\":\"https:\\\/\\\/secure.gravatar.com\\\/avatar\\\/84a817ba065b29ff08d666b215a215f5c79186a645ccb25b14a663d48a130f77?s=96&d=mm&r=g\",\"caption\":\"alcalde\"},\"url\":\"https:\\\/\\\/www.caudete.org\\\/ayuntamiento\\\/author\\\/alcalde\\\/\"}]}<\/script>\n<!-- \/ Yoast SEO plugin. -->","yoast_head_json":{"title":"Un BANDO MUNICIPAL recuerda el deber a cumplir para Guaridas y Sedes Festeras, tanto nuevas como existentes - MI Ayuntamiento de Caudete","description":"P\u00e1gina Oficial del Ayuntamiento de Caudete (Albacete)","robots":{"index":"index","follow":"follow","max-snippet":"max-snippet:-1","max-image-preview":"max-image-preview:large","max-video-preview":"max-video-preview:-1"},"canonical":"https:\/\/www.caudete.org\/ayuntamiento\/un-bando-municipal-recuerda-el-deber-a-cumplir-para-guaridas-y-sedes-festeras-tanto-nuevas-como-existentes\/","og_locale":"es_ES","og_type":"article","og_title":"Un BANDO MUNICIPAL recuerda el deber a cumplir para Guaridas y Sedes Festeras, tanto nuevas como existentes - MI Ayuntamiento de Caudete","og_description":"P\u00e1gina Oficial del Ayuntamiento de Caudete (Albacete)","og_url":"https:\/\/www.caudete.org\/ayuntamiento\/un-bando-municipal-recuerda-el-deber-a-cumplir-para-guaridas-y-sedes-festeras-tanto-nuevas-como-existentes\/","og_site_name":"MI Ayuntamiento de Caudete","article_publisher":"https:\/\/www.facebook.com\/ayuntamientocaudete\/","article_published_time":"2025-07-01T07:46:15+00:00","og_image":[{"width":1600,"height":1067,"url":"https:\/\/www.caudete.org\/ayuntamiento\/wp-content\/uploads\/2024\/08\/IMG_6136.jpg","type":"image\/jpeg"}],"author":"alcalde","twitter_card":"summary_large_image","twitter_misc":{"Escrito por":"alcalde","Tiempo de lectura":"3 minutos"},"schema":{"@context":"https:\/\/schema.org","@graph":[{"@type":"Article","@id":"https:\/\/www.caudete.org\/ayuntamiento\/un-bando-municipal-recuerda-el-deber-a-cumplir-para-guaridas-y-sedes-festeras-tanto-nuevas-como-existentes\/#article","isPartOf":{"@id":"https:\/\/www.caudete.org\/ayuntamiento\/un-bando-municipal-recuerda-el-deber-a-cumplir-para-guaridas-y-sedes-festeras-tanto-nuevas-como-existentes\/"},"author":{"name":"alcalde","@id":"https:\/\/www.caudete.org\/ayuntamiento\/#\/schema\/person\/cc646da9133078ee4d8dd47457947253"},"headline":"Un BANDO MUNICIPAL recuerda el deber a cumplir para Guaridas y Sedes Festeras, tanto nuevas como existentes","datePublished":"2025-07-01T07:46:15+00:00","mainEntityOfPage":{"@id":"https:\/\/www.caudete.org\/ayuntamiento\/un-bando-municipal-recuerda-el-deber-a-cumplir-para-guaridas-y-sedes-festeras-tanto-nuevas-como-existentes\/"},"wordCount":347,"image":{"@id":"https:\/\/www.caudete.org\/ayuntamiento\/un-bando-municipal-recuerda-el-deber-a-cumplir-para-guaridas-y-sedes-festeras-tanto-nuevas-como-existentes\/#primaryimage"},"thumbnailUrl":"https:\/\/www.caudete.org\/ayuntamiento\/wp-content\/uploads\/2024\/08\/IMG_6136.jpg","articleSection":["Urbanismo"],"inLanguage":"es"},{"@type":"WebPage","@id":"https:\/\/www.caudete.org\/ayuntamiento\/un-bando-municipal-recuerda-el-deber-a-cumplir-para-guaridas-y-sedes-festeras-tanto-nuevas-como-existentes\/","url":"https:\/\/www.caudete.org\/ayuntamiento\/un-bando-municipal-recuerda-el-deber-a-cumplir-para-guaridas-y-sedes-festeras-tanto-nuevas-como-existentes\/","name":"Un BANDO MUNICIPAL recuerda el deber a cumplir para Guaridas y Sedes Festeras, tanto nuevas como existentes - MI Ayuntamiento de Caudete","isPartOf":{"@id":"https:\/\/www.caudete.org\/ayuntamiento\/#website"},"primaryImageOfPage":{"@id":"https:\/\/www.caudete.org\/ayuntamiento\/un-bando-municipal-recuerda-el-deber-a-cumplir-para-guaridas-y-sedes-festeras-tanto-nuevas-como-existentes\/#primaryimage"},"image":{"@id":"https:\/\/www.caudete.org\/ayuntamiento\/un-bando-municipal-recuerda-el-deber-a-cumplir-para-guaridas-y-sedes-festeras-tanto-nuevas-como-existentes\/#primaryimage"},"thumbnailUrl":"https:\/\/www.caudete.org\/ayuntamiento\/wp-content\/uploads\/2024\/08\/IMG_6136.jpg","datePublished":"2025-07-01T07:46:15+00:00","author":{"@id":"https:\/\/www.caudete.org\/ayuntamiento\/#\/schema\/person\/cc646da9133078ee4d8dd47457947253"},"description":"P\u00e1gina Oficial del Ayuntamiento de Caudete (Albacete)","breadcrumb":{"@id":"https:\/\/www.caudete.org\/ayuntamiento\/un-bando-municipal-recuerda-el-deber-a-cumplir-para-guaridas-y-sedes-festeras-tanto-nuevas-como-existentes\/#breadcrumb"},"inLanguage":"es","potentialAction":[{"@type":"ReadAction","target":["https:\/\/www.caudete.org\/ayuntamiento\/un-bando-municipal-recuerda-el-deber-a-cumplir-para-guaridas-y-sedes-festeras-tanto-nuevas-como-existentes\/"]}]},{"@type":"ImageObject","inLanguage":"es","@id":"https:\/\/www.caudete.org\/ayuntamiento\/un-bando-municipal-recuerda-el-deber-a-cumplir-para-guaridas-y-sedes-festeras-tanto-nuevas-como-existentes\/#primaryimage","url":"https:\/\/www.caudete.org\/ayuntamiento\/wp-content\/uploads\/2024\/08\/IMG_6136.jpg","contentUrl":"https:\/\/www.caudete.org\/ayuntamiento\/wp-content\/uploads\/2024\/08\/IMG_6136.jpg","width":1600,"height":1067},{"@type":"BreadcrumbList","@id":"https:\/\/www.caudete.org\/ayuntamiento\/un-bando-municipal-recuerda-el-deber-a-cumplir-para-guaridas-y-sedes-festeras-tanto-nuevas-como-existentes\/#breadcrumb","itemListElement":[{"@type":"ListItem","position":1,"name":"Inicio","item":"https:\/\/www.caudete.org\/ayuntamiento\/"},{"@type":"ListItem","position":2,"name":"Un BANDO MUNICIPAL recuerda el deber a cumplir para Guaridas y Sedes Festeras, tanto nuevas como existentes"}]},{"@type":"WebSite","@id":"https:\/\/www.caudete.org\/ayuntamiento\/#website","url":"https:\/\/www.caudete.org\/ayuntamiento\/","name":"MI Ayuntamiento de Caudete","description":"P\u00e1gina Oficial del MI Ayuntamiento de Caudete","potentialAction":[{"@type":"SearchAction","target":{"@type":"EntryPoint","urlTemplate":"https:\/\/www.caudete.org\/ayuntamiento\/?s={search_term_string}"},"query-input":{"@type":"PropertyValueSpecification","valueRequired":true,"valueName":"search_term_string"}}],"inLanguage":"es"},{"@type":"Person","@id":"https:\/\/www.caudete.org\/ayuntamiento\/#\/schema\/person\/cc646da9133078ee4d8dd47457947253","name":"alcalde","image":{"@type":"ImageObject","inLanguage":"es","@id":"https:\/\/secure.gravatar.com\/avatar\/84a817ba065b29ff08d666b215a215f5c79186a645ccb25b14a663d48a130f77?s=96&d=mm&r=g","url":"https:\/\/secure.gravatar.com\/avatar\/84a817ba065b29ff08d666b215a215f5c79186a645ccb25b14a663d48a130f77?s=96&d=mm&r=g","contentUrl":"https:\/\/secure.gravatar.com\/avatar\/84a817ba065b29ff08d666b215a215f5c79186a645ccb25b14a663d48a130f77?s=96&d=mm&r=g","caption":"alcalde"},"url":"https:\/\/www.caudete.org\/ayuntamiento\/author\/alcalde\/"}]}},"_links":{"self":[{"href":"https:\/\/www.caudete.org\/ayuntamiento\/wp-json\/wp\/v2\/posts\/29509","targetHints":{"allow":["GET"]}}],"collection":[{"href":"https:\/\/www.caudete.org\/ayuntamiento\/wp-json\/wp\/v2\/posts"}],"about":[{"href":"https:\/\/www.caudete.org\/ayuntamiento\/wp-json\/wp\/v2\/types\/post"}],"author":[{"embeddable":true,"href":"https:\/\/www.caudete.org\/ayuntamiento\/wp-json\/wp\/v2\/users\/3"}],"replies":[{"embeddable":true,"href":"https:\/\/www.caudete.org\/ayuntamiento\/wp-json\/wp\/v2\/comments?post=29509"}],"version-history":[{"count":1,"href":"https:\/\/www.caudete.org\/ayuntamiento\/wp-json\/wp\/v2\/posts\/29509\/revisions"}],"predecessor-version":[{"id":29520,"href":"https:\/\/www.caudete.org\/ayuntamiento\/wp-json\/wp\/v2\/posts\/29509\/revisions\/29520"}],"wp:featuredmedia":[{"embeddable":true,"href":"https:\/\/www.caudete.org\/ayuntamiento\/wp-json\/wp\/v2\/media\/25862"}],"wp:attachment":[{"href":"https:\/\/www.caudete.org\/ayuntamiento\/wp-json\/wp\/v2\/media?parent=29509"}],"wp:term":[{"taxonomy":"category","embeddable":true,"href":"https:\/\/www.caudete.org\/ayuntamiento\/wp-json\/wp\/v2\/categories?post=29509"},{"taxonomy":"post_tag","embeddable":true,"href":"https:\/\/www.caudete.org\/ayuntamiento\/wp-json\/wp\/v2\/tags?post=29509"}],"curies":[{"name":"wp","href":"https:\/\/api.w.org\/{rel}","templated":true}]}}