{"id":29531,"date":"2025-07-03T06:36:49","date_gmt":"2025-07-03T04:36:49","guid":{"rendered":"https:\/\/www.caudete.org\/ayuntamiento\/?p=29531"},"modified":"2025-07-03T06:36:49","modified_gmt":"2025-07-03T04:36:49","slug":"el-gobierno-municipal-presente-en-la-graduacion-de-113-alumnos-de-4oeso-y-ciclos-del-ies-pintor-rafael-requena","status":"publish","type":"post","link":"https:\/\/www.caudete.org\/ayuntamiento\/el-gobierno-municipal-presente-en-la-graduacion-de-113-alumnos-de-4oeso-y-ciclos-del-ies-pintor-rafael-requena\/","title":{"rendered":"El Gobierno Municipal presente en la graduaci\u00f3n de 113 alumnos de 4\u00baESO y Ciclos del IES &#8220;Pintor Rafael Requena&#8221;"},"content":{"rendered":"<p style=\"text-align: justify;\">El pasado viernes el IES Pintor Rafael Requena celebraba un nuevo acto de Graduaci\u00f3n del presente curso escolar 2024\/2025, donde en esta ocasi\u00f3n los protagonistas eran los alumnos de 4\u00baESO y los de Ciclos Formativos.<\/p>\n<p style=\"text-align: justify;\">Invitados por el Director del Centro, el Alcalde Mois\u00e9s L\u00f3pez asist\u00eda al acto en representaci\u00f3n del Gobierno Municipal, y de la Corporaci\u00f3n, al que le acompa\u00f1aron las Concejales de Educaci\u00f3n Manoli Gonz\u00e1lez, y Pilar Egea que en dicho acto representaba al AMPA.<\/p>\n<p style=\"text-align: justify;\">Fueron 113 los alumnos graduados, de entre los cuales el Consistorio entregaba 2 reconocimientos a la excelencia acad\u00e9mica con una Cierva, una Acuarela y una gratificaci\u00f3n econ\u00f3mica.<\/p>\n<p><a href=\"https:\/\/www.caudete.org\/ayuntamiento\/wp-content\/uploads\/2025\/07\/WhatsApp-Image-2025-06-28-at-00.11.03.jpeg\" rel='prettyPhoto'><img fetchpriority=\"high\" decoding=\"async\" class=\"alignnone wp-image-29532 size-full\" src=\"https:\/\/www.caudete.org\/ayuntamiento\/wp-content\/uploads\/2025\/07\/WhatsApp-Image-2025-06-28-at-00.11.03.jpeg\" alt=\"\" width=\"2040\" height=\"920\" srcset=\"https:\/\/www.caudete.org\/ayuntamiento\/wp-content\/uploads\/2025\/07\/WhatsApp-Image-2025-06-28-at-00.11.03.jpeg 2040w, https:\/\/www.caudete.org\/ayuntamiento\/wp-content\/uploads\/2025\/07\/WhatsApp-Image-2025-06-28-at-00.11.03-960x433.jpeg 960w, https:\/\/www.caudete.org\/ayuntamiento\/wp-content\/uploads\/2025\/07\/WhatsApp-Image-2025-06-28-at-00.11.03-1200x541.jpeg 1200w, https:\/\/www.caudete.org\/ayuntamiento\/wp-content\/uploads\/2025\/07\/WhatsApp-Image-2025-06-28-at-00.11.03-350x158.jpeg 350w, https:\/\/www.caudete.org\/ayuntamiento\/wp-content\/uploads\/2025\/07\/WhatsApp-Image-2025-06-28-at-00.11.03-768x346.jpeg 768w, https:\/\/www.caudete.org\/ayuntamiento\/wp-content\/uploads\/2025\/07\/WhatsApp-Image-2025-06-28-at-00.11.03-1536x693.jpeg 1536w\" sizes=\"(max-width: 2040px) 100vw, 2040px\" \/><\/a><\/p>\n<p style=\"text-align: justify;\">Un acto emotivo, cargado de recuerdos, que puso de relieve el esfuerzo y el \u00e9xito de los alumnos que tras esta etapa, unos optar\u00e1n por la continuaci\u00f3n acad\u00e9mica y otros por abrirse hueco en el mundo laboral, para quienes tanto Alcalde como Concejal tuvieron palabras de felicitaci\u00f3n y \u00e1nimo. Igualmente, el Alcalde quiso destacar la gran labor realizada por 4 alumnos de Ciclos que han prestado sus horas formativas de pr\u00e1cticas laborales en diferentes Departamentos Municipales, adquiriendo la visi\u00f3n del servicio p\u00fablico.<\/p>\n<p><a href=\"https:\/\/www.caudete.org\/ayuntamiento\/wp-content\/uploads\/2025\/07\/WhatsApp-Image-2025-06-28-at-00.11.03-1.jpeg\" rel='prettyPhoto'><img decoding=\"async\" class=\"alignnone wp-image-29533 size-full\" src=\"https:\/\/www.caudete.org\/ayuntamiento\/wp-content\/uploads\/2025\/07\/WhatsApp-Image-2025-06-28-at-00.11.03-1.jpeg\" alt=\"\" width=\"2040\" height=\"920\" srcset=\"https:\/\/www.caudete.org\/ayuntamiento\/wp-content\/uploads\/2025\/07\/WhatsApp-Image-2025-06-28-at-00.11.03-1.jpeg 2040w, https:\/\/www.caudete.org\/ayuntamiento\/wp-content\/uploads\/2025\/07\/WhatsApp-Image-2025-06-28-at-00.11.03-1-960x433.jpeg 960w, https:\/\/www.caudete.org\/ayuntamiento\/wp-content\/uploads\/2025\/07\/WhatsApp-Image-2025-06-28-at-00.11.03-1-1200x541.jpeg 1200w, https:\/\/www.caudete.org\/ayuntamiento\/wp-content\/uploads\/2025\/07\/WhatsApp-Image-2025-06-28-at-00.11.03-1-350x158.jpeg 350w, https:\/\/www.caudete.org\/ayuntamiento\/wp-content\/uploads\/2025\/07\/WhatsApp-Image-2025-06-28-at-00.11.03-1-768x346.jpeg 768w, https:\/\/www.caudete.org\/ayuntamiento\/wp-content\/uploads\/2025\/07\/WhatsApp-Image-2025-06-28-at-00.11.03-1-1536x693.jpeg 1536w\" sizes=\"(max-width: 2040px) 100vw, 2040px\" \/><\/a><\/p>\n<p>&nbsp;<\/p>\n","protected":false},"excerpt":{"rendered":"<p>El pasado viernes el IES Pintor Rafael Requena celebraba un nuevo acto de Graduaci\u00f3n del presente curso escolar 2024\/2025, donde en esta ocasi\u00f3n los protagonistas eran los alumnos de 4\u00baESO y los de Ciclos Formativos. Invitados por el Director del Centro, el Alcalde Mois\u00e9s L\u00f3pez asist\u00eda al acto en representaci\u00f3n del Gobierno Municipal, y de &hellip;<\/p>\n","protected":false},"author":3,"featured_media":29532,"comment_status":"closed","ping_status":"open","sticky":false,"template":"","format":"standard","meta":{"ngg_post_thumbnail":0,"footnotes":""},"categories":[25],"tags":[],"class_list":["post-29531","post","type-post","status-publish","format-standard","has-post-thumbnail","hentry","category-educacion"],"yoast_head":"<!-- This site is optimized with the Yoast SEO plugin v27.4 - https:\/\/yoast.com\/product\/yoast-seo-wordpress\/ -->\n<title>El Gobierno Municipal presente en la graduaci\u00f3n de 113 alumnos de 4\u00baESO y Ciclos del IES &quot;Pintor Rafael Requena&quot; - MI Ayuntamiento de Caudete<\/title>\n<meta name=\"description\" content=\"P\u00e1gina Oficial del Ayuntamiento de Caudete (Albacete)\" \/>\n<meta name=\"robots\" content=\"index, follow, max-snippet:-1, max-image-preview:large, max-video-preview:-1\" \/>\n<link rel=\"canonical\" href=\"https:\/\/www.caudete.org\/ayuntamiento\/el-gobierno-municipal-presente-en-la-graduacion-de-113-alumnos-de-4oeso-y-ciclos-del-ies-pintor-rafael-requena\/\" \/>\n<meta property=\"og:locale\" content=\"es_ES\" \/>\n<meta property=\"og:type\" content=\"article\" \/>\n<meta property=\"og:title\" content=\"El Gobierno Municipal presente en la graduaci\u00f3n de 113 alumnos de 4\u00baESO y Ciclos del IES &quot;Pintor Rafael Requena&quot; - MI Ayuntamiento de Caudete\" \/>\n<meta property=\"og:description\" content=\"P\u00e1gina Oficial del Ayuntamiento de Caudete (Albacete)\" \/>\n<meta property=\"og:url\" content=\"https:\/\/www.caudete.org\/ayuntamiento\/el-gobierno-municipal-presente-en-la-graduacion-de-113-alumnos-de-4oeso-y-ciclos-del-ies-pintor-rafael-requena\/\" \/>\n<meta property=\"og:site_name\" content=\"MI Ayuntamiento de Caudete\" \/>\n<meta property=\"article:publisher\" content=\"https:\/\/www.facebook.com\/ayuntamientocaudete\/\" \/>\n<meta property=\"article:published_time\" content=\"2025-07-03T04:36:49+00:00\" \/>\n<meta property=\"og:image\" content=\"https:\/\/www.caudete.org\/ayuntamiento\/wp-content\/uploads\/2025\/07\/WhatsApp-Image-2025-06-28-at-00.11.03.jpeg\" \/>\n\t<meta property=\"og:image:width\" content=\"2040\" \/>\n\t<meta property=\"og:image:height\" content=\"920\" \/>\n\t<meta property=\"og:image:type\" content=\"image\/jpeg\" \/>\n<meta name=\"author\" content=\"alcalde\" \/>\n<meta name=\"twitter:card\" content=\"summary_large_image\" \/>\n<meta name=\"twitter:label1\" content=\"Escrito por\" \/>\n\t<meta name=\"twitter:data1\" content=\"alcalde\" \/>\n\t<meta name=\"twitter:label2\" content=\"Tiempo de lectura\" \/>\n\t<meta name=\"twitter:data2\" content=\"2 minutos\" \/>\n<script type=\"application\/ld+json\" class=\"yoast-schema-graph\">{\"@context\":\"https:\\\/\\\/schema.org\",\"@graph\":[{\"@type\":\"Article\",\"@id\":\"https:\\\/\\\/www.caudete.org\\\/ayuntamiento\\\/el-gobierno-municipal-presente-en-la-graduacion-de-113-alumnos-de-4oeso-y-ciclos-del-ies-pintor-rafael-requena\\\/#article\",\"isPartOf\":{\"@id\":\"https:\\\/\\\/www.caudete.org\\\/ayuntamiento\\\/el-gobierno-municipal-presente-en-la-graduacion-de-113-alumnos-de-4oeso-y-ciclos-del-ies-pintor-rafael-requena\\\/\"},\"author\":{\"name\":\"alcalde\",\"@id\":\"https:\\\/\\\/www.caudete.org\\\/ayuntamiento\\\/#\\\/schema\\\/person\\\/cc646da9133078ee4d8dd47457947253\"},\"headline\":\"El Gobierno Municipal presente en la graduaci\u00f3n de 113 alumnos de 4\u00baESO y Ciclos del IES &#8220;Pintor Rafael Requena&#8221;\",\"datePublished\":\"2025-07-03T04:36:49+00:00\",\"mainEntityOfPage\":{\"@id\":\"https:\\\/\\\/www.caudete.org\\\/ayuntamiento\\\/el-gobierno-municipal-presente-en-la-graduacion-de-113-alumnos-de-4oeso-y-ciclos-del-ies-pintor-rafael-requena\\\/\"},\"wordCount\":222,\"publisher\":{\"@id\":\"https:\\\/\\\/www.caudete.org\\\/ayuntamiento\\\/#organization\"},\"image\":{\"@id\":\"https:\\\/\\\/www.caudete.org\\\/ayuntamiento\\\/el-gobierno-municipal-presente-en-la-graduacion-de-113-alumnos-de-4oeso-y-ciclos-del-ies-pintor-rafael-requena\\\/#primaryimage\"},\"thumbnailUrl\":\"https:\\\/\\\/www.caudete.org\\\/ayuntamiento\\\/wp-content\\\/uploads\\\/2025\\\/07\\\/WhatsApp-Image-2025-06-28-at-00.11.03.jpeg\",\"articleSection\":[\"Educaci\u00f3n\"],\"inLanguage\":\"es\"},{\"@type\":\"WebPage\",\"@id\":\"https:\\\/\\\/www.caudete.org\\\/ayuntamiento\\\/el-gobierno-municipal-presente-en-la-graduacion-de-113-alumnos-de-4oeso-y-ciclos-del-ies-pintor-rafael-requena\\\/\",\"url\":\"https:\\\/\\\/www.caudete.org\\\/ayuntamiento\\\/el-gobierno-municipal-presente-en-la-graduacion-de-113-alumnos-de-4oeso-y-ciclos-del-ies-pintor-rafael-requena\\\/\",\"name\":\"El Gobierno Municipal presente en la graduaci\u00f3n de 113 alumnos de 4\u00baESO y Ciclos del IES \\\"Pintor Rafael Requena\\\" - MI Ayuntamiento de Caudete\",\"isPartOf\":{\"@id\":\"https:\\\/\\\/www.caudete.org\\\/ayuntamiento\\\/#website\"},\"primaryImageOfPage\":{\"@id\":\"https:\\\/\\\/www.caudete.org\\\/ayuntamiento\\\/el-gobierno-municipal-presente-en-la-graduacion-de-113-alumnos-de-4oeso-y-ciclos-del-ies-pintor-rafael-requena\\\/#primaryimage\"},\"image\":{\"@id\":\"https:\\\/\\\/www.caudete.org\\\/ayuntamiento\\\/el-gobierno-municipal-presente-en-la-graduacion-de-113-alumnos-de-4oeso-y-ciclos-del-ies-pintor-rafael-requena\\\/#primaryimage\"},\"thumbnailUrl\":\"https:\\\/\\\/www.caudete.org\\\/ayuntamiento\\\/wp-content\\\/uploads\\\/2025\\\/07\\\/WhatsApp-Image-2025-06-28-at-00.11.03.jpeg\",\"datePublished\":\"2025-07-03T04:36:49+00:00\",\"description\":\"P\u00e1gina Oficial del Ayuntamiento de Caudete (Albacete)\",\"breadcrumb\":{\"@id\":\"https:\\\/\\\/www.caudete.org\\\/ayuntamiento\\\/el-gobierno-municipal-presente-en-la-graduacion-de-113-alumnos-de-4oeso-y-ciclos-del-ies-pintor-rafael-requena\\\/#breadcrumb\"},\"inLanguage\":\"es\",\"potentialAction\":[{\"@type\":\"ReadAction\",\"target\":[\"https:\\\/\\\/www.caudete.org\\\/ayuntamiento\\\/el-gobierno-municipal-presente-en-la-graduacion-de-113-alumnos-de-4oeso-y-ciclos-del-ies-pintor-rafael-requena\\\/\"]}]},{\"@type\":\"ImageObject\",\"inLanguage\":\"es\",\"@id\":\"https:\\\/\\\/www.caudete.org\\\/ayuntamiento\\\/el-gobierno-municipal-presente-en-la-graduacion-de-113-alumnos-de-4oeso-y-ciclos-del-ies-pintor-rafael-requena\\\/#primaryimage\",\"url\":\"https:\\\/\\\/www.caudete.org\\\/ayuntamiento\\\/wp-content\\\/uploads\\\/2025\\\/07\\\/WhatsApp-Image-2025-06-28-at-00.11.03.jpeg\",\"contentUrl\":\"https:\\\/\\\/www.caudete.org\\\/ayuntamiento\\\/wp-content\\\/uploads\\\/2025\\\/07\\\/WhatsApp-Image-2025-06-28-at-00.11.03.jpeg\",\"width\":2040,\"height\":920},{\"@type\":\"BreadcrumbList\",\"@id\":\"https:\\\/\\\/www.caudete.org\\\/ayuntamiento\\\/el-gobierno-municipal-presente-en-la-graduacion-de-113-alumnos-de-4oeso-y-ciclos-del-ies-pintor-rafael-requena\\\/#breadcrumb\",\"itemListElement\":[{\"@type\":\"ListItem\",\"position\":1,\"name\":\"Inicio\",\"item\":\"https:\\\/\\\/www.caudete.org\\\/ayuntamiento\\\/\"},{\"@type\":\"ListItem\",\"position\":2,\"name\":\"El Gobierno Municipal presente en la graduaci\u00f3n de 113 alumnos de 4\u00baESO y Ciclos del IES &#8220;Pintor Rafael Requena&#8221;\"}]},{\"@type\":\"WebSite\",\"@id\":\"https:\\\/\\\/www.caudete.org\\\/ayuntamiento\\\/#website\",\"url\":\"https:\\\/\\\/www.caudete.org\\\/ayuntamiento\\\/\",\"name\":\"MI Ayuntamiento de Caudete\",\"description\":\"P\u00e1gina Oficial del MI Ayuntamiento de Caudete\",\"publisher\":{\"@id\":\"https:\\\/\\\/www.caudete.org\\\/ayuntamiento\\\/#organization\"},\"potentialAction\":[{\"@type\":\"SearchAction\",\"target\":{\"@type\":\"EntryPoint\",\"urlTemplate\":\"https:\\\/\\\/www.caudete.org\\\/ayuntamiento\\\/?s={search_term_string}\"},\"query-input\":{\"@type\":\"PropertyValueSpecification\",\"valueRequired\":true,\"valueName\":\"search_term_string\"}}],\"inLanguage\":\"es\"},{\"@type\":\"Organization\",\"@id\":\"https:\\\/\\\/www.caudete.org\\\/ayuntamiento\\\/#organization\",\"name\":\"Ayuntamiento de Caudete\",\"url\":\"https:\\\/\\\/www.caudete.org\\\/ayuntamiento\\\/\",\"logo\":{\"@type\":\"ImageObject\",\"inLanguage\":\"es\",\"@id\":\"https:\\\/\\\/www.caudete.org\\\/ayuntamiento\\\/#\\\/schema\\\/logo\\\/image\\\/\",\"url\":\"https:\\\/\\\/www.caudete.org\\\/ayuntamiento\\\/wp-content\\\/uploads\\\/2020\\\/11\\\/logo_ayuntamiento_caudete.jpg\",\"contentUrl\":\"https:\\\/\\\/www.caudete.org\\\/ayuntamiento\\\/wp-content\\\/uploads\\\/2020\\\/11\\\/logo_ayuntamiento_caudete.jpg\",\"width\":600,\"height\":150,\"caption\":\"Ayuntamiento de Caudete\"},\"image\":{\"@id\":\"https:\\\/\\\/www.caudete.org\\\/ayuntamiento\\\/#\\\/schema\\\/logo\\\/image\\\/\"},\"sameAs\":[\"https:\\\/\\\/www.facebook.com\\\/ayuntamientocaudete\\\/\",\"https:\\\/\\\/www.youtube.com\\\/channel\\\/UC6VztHaooNsGpw-tNoBEFnQ\"]},{\"@type\":\"Person\",\"@id\":\"https:\\\/\\\/www.caudete.org\\\/ayuntamiento\\\/#\\\/schema\\\/person\\\/cc646da9133078ee4d8dd47457947253\",\"name\":\"alcalde\",\"image\":{\"@type\":\"ImageObject\",\"inLanguage\":\"es\",\"@id\":\"https:\\\/\\\/secure.gravatar.com\\\/avatar\\\/84a817ba065b29ff08d666b215a215f5c79186a645ccb25b14a663d48a130f77?s=96&d=mm&r=g\",\"url\":\"https:\\\/\\\/secure.gravatar.com\\\/avatar\\\/84a817ba065b29ff08d666b215a215f5c79186a645ccb25b14a663d48a130f77?s=96&d=mm&r=g\",\"contentUrl\":\"https:\\\/\\\/secure.gravatar.com\\\/avatar\\\/84a817ba065b29ff08d666b215a215f5c79186a645ccb25b14a663d48a130f77?s=96&d=mm&r=g\",\"caption\":\"alcalde\"},\"url\":\"https:\\\/\\\/www.caudete.org\\\/ayuntamiento\\\/author\\\/alcalde\\\/\"}]}<\/script>\n<!-- \/ Yoast SEO plugin. -->","yoast_head_json":{"title":"El Gobierno Municipal presente en la graduaci\u00f3n de 113 alumnos de 4\u00baESO y Ciclos del IES \"Pintor Rafael Requena\" - MI Ayuntamiento de Caudete","description":"P\u00e1gina Oficial del Ayuntamiento de Caudete (Albacete)","robots":{"index":"index","follow":"follow","max-snippet":"max-snippet:-1","max-image-preview":"max-image-preview:large","max-video-preview":"max-video-preview:-1"},"canonical":"https:\/\/www.caudete.org\/ayuntamiento\/el-gobierno-municipal-presente-en-la-graduacion-de-113-alumnos-de-4oeso-y-ciclos-del-ies-pintor-rafael-requena\/","og_locale":"es_ES","og_type":"article","og_title":"El Gobierno Municipal presente en la graduaci\u00f3n de 113 alumnos de 4\u00baESO y Ciclos del IES \"Pintor Rafael Requena\" - MI Ayuntamiento de Caudete","og_description":"P\u00e1gina Oficial del Ayuntamiento de Caudete (Albacete)","og_url":"https:\/\/www.caudete.org\/ayuntamiento\/el-gobierno-municipal-presente-en-la-graduacion-de-113-alumnos-de-4oeso-y-ciclos-del-ies-pintor-rafael-requena\/","og_site_name":"MI Ayuntamiento de Caudete","article_publisher":"https:\/\/www.facebook.com\/ayuntamientocaudete\/","article_published_time":"2025-07-03T04:36:49+00:00","og_image":[{"width":2040,"height":920,"url":"https:\/\/www.caudete.org\/ayuntamiento\/wp-content\/uploads\/2025\/07\/WhatsApp-Image-2025-06-28-at-00.11.03.jpeg","type":"image\/jpeg"}],"author":"alcalde","twitter_card":"summary_large_image","twitter_misc":{"Escrito por":"alcalde","Tiempo de lectura":"2 minutos"},"schema":{"@context":"https:\/\/schema.org","@graph":[{"@type":"Article","@id":"https:\/\/www.caudete.org\/ayuntamiento\/el-gobierno-municipal-presente-en-la-graduacion-de-113-alumnos-de-4oeso-y-ciclos-del-ies-pintor-rafael-requena\/#article","isPartOf":{"@id":"https:\/\/www.caudete.org\/ayuntamiento\/el-gobierno-municipal-presente-en-la-graduacion-de-113-alumnos-de-4oeso-y-ciclos-del-ies-pintor-rafael-requena\/"},"author":{"name":"alcalde","@id":"https:\/\/www.caudete.org\/ayuntamiento\/#\/schema\/person\/cc646da9133078ee4d8dd47457947253"},"headline":"El Gobierno Municipal presente en la graduaci\u00f3n de 113 alumnos de 4\u00baESO y Ciclos del IES &#8220;Pintor Rafael Requena&#8221;","datePublished":"2025-07-03T04:36:49+00:00","mainEntityOfPage":{"@id":"https:\/\/www.caudete.org\/ayuntamiento\/el-gobierno-municipal-presente-en-la-graduacion-de-113-alumnos-de-4oeso-y-ciclos-del-ies-pintor-rafael-requena\/"},"wordCount":222,"publisher":{"@id":"https:\/\/www.caudete.org\/ayuntamiento\/#organization"},"image":{"@id":"https:\/\/www.caudete.org\/ayuntamiento\/el-gobierno-municipal-presente-en-la-graduacion-de-113-alumnos-de-4oeso-y-ciclos-del-ies-pintor-rafael-requena\/#primaryimage"},"thumbnailUrl":"https:\/\/www.caudete.org\/ayuntamiento\/wp-content\/uploads\/2025\/07\/WhatsApp-Image-2025-06-28-at-00.11.03.jpeg","articleSection":["Educaci\u00f3n"],"inLanguage":"es"},{"@type":"WebPage","@id":"https:\/\/www.caudete.org\/ayuntamiento\/el-gobierno-municipal-presente-en-la-graduacion-de-113-alumnos-de-4oeso-y-ciclos-del-ies-pintor-rafael-requena\/","url":"https:\/\/www.caudete.org\/ayuntamiento\/el-gobierno-municipal-presente-en-la-graduacion-de-113-alumnos-de-4oeso-y-ciclos-del-ies-pintor-rafael-requena\/","name":"El Gobierno Municipal presente en la graduaci\u00f3n de 113 alumnos de 4\u00baESO y Ciclos del IES \"Pintor Rafael Requena\" - MI Ayuntamiento de Caudete","isPartOf":{"@id":"https:\/\/www.caudete.org\/ayuntamiento\/#website"},"primaryImageOfPage":{"@id":"https:\/\/www.caudete.org\/ayuntamiento\/el-gobierno-municipal-presente-en-la-graduacion-de-113-alumnos-de-4oeso-y-ciclos-del-ies-pintor-rafael-requena\/#primaryimage"},"image":{"@id":"https:\/\/www.caudete.org\/ayuntamiento\/el-gobierno-municipal-presente-en-la-graduacion-de-113-alumnos-de-4oeso-y-ciclos-del-ies-pintor-rafael-requena\/#primaryimage"},"thumbnailUrl":"https:\/\/www.caudete.org\/ayuntamiento\/wp-content\/uploads\/2025\/07\/WhatsApp-Image-2025-06-28-at-00.11.03.jpeg","datePublished":"2025-07-03T04:36:49+00:00","description":"P\u00e1gina Oficial del Ayuntamiento de Caudete (Albacete)","breadcrumb":{"@id":"https:\/\/www.caudete.org\/ayuntamiento\/el-gobierno-municipal-presente-en-la-graduacion-de-113-alumnos-de-4oeso-y-ciclos-del-ies-pintor-rafael-requena\/#breadcrumb"},"inLanguage":"es","potentialAction":[{"@type":"ReadAction","target":["https:\/\/www.caudete.org\/ayuntamiento\/el-gobierno-municipal-presente-en-la-graduacion-de-113-alumnos-de-4oeso-y-ciclos-del-ies-pintor-rafael-requena\/"]}]},{"@type":"ImageObject","inLanguage":"es","@id":"https:\/\/www.caudete.org\/ayuntamiento\/el-gobierno-municipal-presente-en-la-graduacion-de-113-alumnos-de-4oeso-y-ciclos-del-ies-pintor-rafael-requena\/#primaryimage","url":"https:\/\/www.caudete.org\/ayuntamiento\/wp-content\/uploads\/2025\/07\/WhatsApp-Image-2025-06-28-at-00.11.03.jpeg","contentUrl":"https:\/\/www.caudete.org\/ayuntamiento\/wp-content\/uploads\/2025\/07\/WhatsApp-Image-2025-06-28-at-00.11.03.jpeg","width":2040,"height":920},{"@type":"BreadcrumbList","@id":"https:\/\/www.caudete.org\/ayuntamiento\/el-gobierno-municipal-presente-en-la-graduacion-de-113-alumnos-de-4oeso-y-ciclos-del-ies-pintor-rafael-requena\/#breadcrumb","itemListElement":[{"@type":"ListItem","position":1,"name":"Inicio","item":"https:\/\/www.caudete.org\/ayuntamiento\/"},{"@type":"ListItem","position":2,"name":"El Gobierno Municipal presente en la graduaci\u00f3n de 113 alumnos de 4\u00baESO y Ciclos del IES &#8220;Pintor Rafael Requena&#8221;"}]},{"@type":"WebSite","@id":"https:\/\/www.caudete.org\/ayuntamiento\/#website","url":"https:\/\/www.caudete.org\/ayuntamiento\/","name":"MI Ayuntamiento de Caudete","description":"P\u00e1gina Oficial del MI Ayuntamiento de Caudete","publisher":{"@id":"https:\/\/www.caudete.org\/ayuntamiento\/#organization"},"potentialAction":[{"@type":"SearchAction","target":{"@type":"EntryPoint","urlTemplate":"https:\/\/www.caudete.org\/ayuntamiento\/?s={search_term_string}"},"query-input":{"@type":"PropertyValueSpecification","valueRequired":true,"valueName":"search_term_string"}}],"inLanguage":"es"},{"@type":"Organization","@id":"https:\/\/www.caudete.org\/ayuntamiento\/#organization","name":"Ayuntamiento de Caudete","url":"https:\/\/www.caudete.org\/ayuntamiento\/","logo":{"@type":"ImageObject","inLanguage":"es","@id":"https:\/\/www.caudete.org\/ayuntamiento\/#\/schema\/logo\/image\/","url":"https:\/\/www.caudete.org\/ayuntamiento\/wp-content\/uploads\/2020\/11\/logo_ayuntamiento_caudete.jpg","contentUrl":"https:\/\/www.caudete.org\/ayuntamiento\/wp-content\/uploads\/2020\/11\/logo_ayuntamiento_caudete.jpg","width":600,"height":150,"caption":"Ayuntamiento de Caudete"},"image":{"@id":"https:\/\/www.caudete.org\/ayuntamiento\/#\/schema\/logo\/image\/"},"sameAs":["https:\/\/www.facebook.com\/ayuntamientocaudete\/","https:\/\/www.youtube.com\/channel\/UC6VztHaooNsGpw-tNoBEFnQ"]},{"@type":"Person","@id":"https:\/\/www.caudete.org\/ayuntamiento\/#\/schema\/person\/cc646da9133078ee4d8dd47457947253","name":"alcalde","image":{"@type":"ImageObject","inLanguage":"es","@id":"https:\/\/secure.gravatar.com\/avatar\/84a817ba065b29ff08d666b215a215f5c79186a645ccb25b14a663d48a130f77?s=96&d=mm&r=g","url":"https:\/\/secure.gravatar.com\/avatar\/84a817ba065b29ff08d666b215a215f5c79186a645ccb25b14a663d48a130f77?s=96&d=mm&r=g","contentUrl":"https:\/\/secure.gravatar.com\/avatar\/84a817ba065b29ff08d666b215a215f5c79186a645ccb25b14a663d48a130f77?s=96&d=mm&r=g","caption":"alcalde"},"url":"https:\/\/www.caudete.org\/ayuntamiento\/author\/alcalde\/"}]}},"_links":{"self":[{"href":"https:\/\/www.caudete.org\/ayuntamiento\/wp-json\/wp\/v2\/posts\/29531","targetHints":{"allow":["GET"]}}],"collection":[{"href":"https:\/\/www.caudete.org\/ayuntamiento\/wp-json\/wp\/v2\/posts"}],"about":[{"href":"https:\/\/www.caudete.org\/ayuntamiento\/wp-json\/wp\/v2\/types\/post"}],"author":[{"embeddable":true,"href":"https:\/\/www.caudete.org\/ayuntamiento\/wp-json\/wp\/v2\/users\/3"}],"replies":[{"embeddable":true,"href":"https:\/\/www.caudete.org\/ayuntamiento\/wp-json\/wp\/v2\/comments?post=29531"}],"version-history":[{"count":1,"href":"https:\/\/www.caudete.org\/ayuntamiento\/wp-json\/wp\/v2\/posts\/29531\/revisions"}],"predecessor-version":[{"id":29535,"href":"https:\/\/www.caudete.org\/ayuntamiento\/wp-json\/wp\/v2\/posts\/29531\/revisions\/29535"}],"wp:featuredmedia":[{"embeddable":true,"href":"https:\/\/www.caudete.org\/ayuntamiento\/wp-json\/wp\/v2\/media\/29532"}],"wp:attachment":[{"href":"https:\/\/www.caudete.org\/ayuntamiento\/wp-json\/wp\/v2\/media?parent=29531"}],"wp:term":[{"taxonomy":"category","embeddable":true,"href":"https:\/\/www.caudete.org\/ayuntamiento\/wp-json\/wp\/v2\/categories?post=29531"},{"taxonomy":"post_tag","embeddable":true,"href":"https:\/\/www.caudete.org\/ayuntamiento\/wp-json\/wp\/v2\/tags?post=29531"}],"curies":[{"name":"wp","href":"https:\/\/api.w.org\/{rel}","templated":true}]}}