{"id":29536,"date":"2025-07-03T06:50:39","date_gmt":"2025-07-03T04:50:39","guid":{"rendered":"https:\/\/www.caudete.org\/ayuntamiento\/?p=29536"},"modified":"2025-07-03T06:50:39","modified_gmt":"2025-07-03T04:50:39","slug":"emotiva-graduacion-de-4oeso-del-amor-de-dios-a-la-que-asistio-el-alcalde-y-varios-concejales","status":"publish","type":"post","link":"https:\/\/www.caudete.org\/ayuntamiento\/emotiva-graduacion-de-4oeso-del-amor-de-dios-a-la-que-asistio-el-alcalde-y-varios-concejales\/","title":{"rendered":"Emotiva Graduaci\u00f3n de 4\u00baESO del Amor de Dios, a la que asisti\u00f3 el Alcalde y varios Concejales"},"content":{"rendered":"<p style=\"text-align: justify;\">El pasado mi\u00e9rcoles, 18 de junio, tuvo lugar la Graduaci\u00f3n de 4\u00b0de ESO del &#8220;Amor de Dios&#8221;, evento al que asisti\u00f3 el Alcalde, Mois\u00e9s L\u00f3pez, y las Concejales Manoli Gonz\u00e1lez, Pilar Egea y M\u00aa Dolores Requena, en representaci\u00f3n del Gobierno Municipal, a invitaci\u00f3n de los graduandos de aquella tarde.<\/p>\n<p style=\"text-align: justify;\">Una tarde de fiesta, felicidad y satisfacci\u00f3n en la que la lluvia hizo acto de presencia, por lo que la tradicional Misa de campa\u00f1a se realiz\u00f3 en el interior del Colegio, dentro de la Capilla, celebrando sin problema alguno el acto en s\u00ed de graduaci\u00f3n en el exterior del Centro, tal y como estaba dispuesto.<\/p>\n<p style=\"text-align: justify;\">El Alcalde acept\u00f3 igualmente la invitaci\u00f3n a dirigirles unas palabras a los asistentes donde manifest\u00f3 que \u201c<em>quer\u00edamos estar con los j\u00f3venes, ser part\u00edcipes de su alegr\u00eda, y poder felicitarles por todo lo conseguido; adem\u00e1s de mostrar nuestro apoyo tanto al Ampa, como Equipo Directivo y Comunidad Educativa de este Centro Concertado de la localidad, con arraigo e historia<\/em>\u201c.<\/p>\n<p style=\"text-align: justify;\">Adem\u00e1s, hizo incapi\u00e9 en un aspecto muy importante para el centro &#8220;<em>no sab\u00e9is la suerte que ten\u00e9is de que vuestros padres optaran por que vuestra educaci\u00f3n fuese en este Colegio, pues en \u00e9l adem\u00e1s de vuestra formaci\u00f3n acad\u00e9mica, os hab\u00e9is forjado en unos valores y principios que la sociedad est\u00e1 borrando y ocultando, y donde estoy seguro que vuestro lema de decid la verdad y haced el bien os acompa\u00f1ar\u00e1 siempre<\/em>&#8220;.<\/p>\n<p style=\"text-align: justify;\">El acto, organizado con todo detalle, fue una celebraci\u00f3n emotiva donde los j\u00f3venes estuvieron acompa\u00f1ados de sus padres y hermanos, recogiendo su orla y birrete, y reconocidos tambi\u00e9n los mejores expedientes por parte de la Direcci\u00f3n del Centro.<\/p>\n<p style=\"text-align: justify;\">Tanto la Directora del Centro, como la Jefa de Estudios, Tutora y Presidente del Ampa, tuvieron unas bonitas y sentidas palabras para este grupo de j\u00f3venes que, en su mayor\u00eda dejan el Colegio tras m\u00e1s de 10 a\u00f1os (13 para unos pocos), con el horizonte puesto en definir una etapa decisiva de sus estudios a partir del pr\u00f3ximo curso, entre Ciclos Formativos y Bachiller.<\/p>\n<p><a href=\"https:\/\/www.caudete.org\/ayuntamiento\/wp-content\/uploads\/2025\/07\/510792475_4078150452461627_2834012073355049828_n.jpg\" rel='prettyPhoto'><img fetchpriority=\"high\" decoding=\"async\" class=\"wp-image-29537 size-full aligncenter\" src=\"https:\/\/www.caudete.org\/ayuntamiento\/wp-content\/uploads\/2025\/07\/510792475_4078150452461627_2834012073355049828_n.jpg\" alt=\"\" width=\"1079\" height=\"607\" srcset=\"https:\/\/www.caudete.org\/ayuntamiento\/wp-content\/uploads\/2025\/07\/510792475_4078150452461627_2834012073355049828_n.jpg 1079w, https:\/\/www.caudete.org\/ayuntamiento\/wp-content\/uploads\/2025\/07\/510792475_4078150452461627_2834012073355049828_n-960x540.jpg 960w, https:\/\/www.caudete.org\/ayuntamiento\/wp-content\/uploads\/2025\/07\/510792475_4078150452461627_2834012073355049828_n-350x197.jpg 350w, https:\/\/www.caudete.org\/ayuntamiento\/wp-content\/uploads\/2025\/07\/510792475_4078150452461627_2834012073355049828_n-768x432.jpg 768w\" sizes=\"(max-width: 1079px) 100vw, 1079px\" \/><\/a> <a href=\"https:\/\/www.caudete.org\/ayuntamiento\/wp-content\/uploads\/2025\/07\/510481968_4078150449128294_2527047226193507577_n.jpg\" rel='prettyPhoto'><img decoding=\"async\" class=\"wp-image-29538 size-full aligncenter\" src=\"https:\/\/www.caudete.org\/ayuntamiento\/wp-content\/uploads\/2025\/07\/510481968_4078150449128294_2527047226193507577_n.jpg\" alt=\"\" width=\"809\" height=\"607\" srcset=\"https:\/\/www.caudete.org\/ayuntamiento\/wp-content\/uploads\/2025\/07\/510481968_4078150449128294_2527047226193507577_n.jpg 809w, https:\/\/www.caudete.org\/ayuntamiento\/wp-content\/uploads\/2025\/07\/510481968_4078150449128294_2527047226193507577_n-293x220.jpg 293w, https:\/\/www.caudete.org\/ayuntamiento\/wp-content\/uploads\/2025\/07\/510481968_4078150449128294_2527047226193507577_n-768x576.jpg 768w\" sizes=\"(max-width: 809px) 100vw, 809px\" \/><\/a><\/p>\n","protected":false},"excerpt":{"rendered":"<p>El pasado mi\u00e9rcoles, 18 de junio, tuvo lugar la Graduaci\u00f3n de 4\u00b0de ESO del &#8220;Amor de Dios&#8221;, evento al que asisti\u00f3 el Alcalde, Mois\u00e9s L\u00f3pez, y las Concejales Manoli Gonz\u00e1lez, Pilar Egea y M\u00aa Dolores Requena, en representaci\u00f3n del Gobierno Municipal, a invitaci\u00f3n de los graduandos de aquella tarde. Una tarde de fiesta, felicidad y &hellip;<\/p>\n","protected":false},"author":3,"featured_media":29537,"comment_status":"closed","ping_status":"open","sticky":false,"template":"","format":"standard","meta":{"ngg_post_thumbnail":0,"footnotes":""},"categories":[25],"tags":[],"class_list":["post-29536","post","type-post","status-publish","format-standard","has-post-thumbnail","hentry","category-educacion"],"yoast_head":"<!-- This site is optimized with the Yoast SEO plugin v27.4 - https:\/\/yoast.com\/product\/yoast-seo-wordpress\/ -->\n<title>Emotiva Graduaci\u00f3n de 4\u00baESO del Amor de Dios, a la que asisti\u00f3 el Alcalde y varios Concejales - MI Ayuntamiento de Caudete<\/title>\n<meta name=\"description\" content=\"P\u00e1gina Oficial del Ayuntamiento de Caudete (Albacete)\" \/>\n<meta name=\"robots\" content=\"index, follow, max-snippet:-1, max-image-preview:large, max-video-preview:-1\" \/>\n<link rel=\"canonical\" href=\"https:\/\/www.caudete.org\/ayuntamiento\/emotiva-graduacion-de-4oeso-del-amor-de-dios-a-la-que-asistio-el-alcalde-y-varios-concejales\/\" \/>\n<meta property=\"og:locale\" content=\"es_ES\" \/>\n<meta property=\"og:type\" content=\"article\" \/>\n<meta property=\"og:title\" content=\"Emotiva Graduaci\u00f3n de 4\u00baESO del Amor de Dios, a la que asisti\u00f3 el Alcalde y varios Concejales - MI Ayuntamiento de Caudete\" \/>\n<meta property=\"og:description\" content=\"P\u00e1gina Oficial del Ayuntamiento de Caudete (Albacete)\" \/>\n<meta property=\"og:url\" content=\"https:\/\/www.caudete.org\/ayuntamiento\/emotiva-graduacion-de-4oeso-del-amor-de-dios-a-la-que-asistio-el-alcalde-y-varios-concejales\/\" \/>\n<meta property=\"og:site_name\" content=\"MI Ayuntamiento de Caudete\" \/>\n<meta property=\"article:publisher\" content=\"https:\/\/www.facebook.com\/ayuntamientocaudete\/\" \/>\n<meta property=\"article:published_time\" content=\"2025-07-03T04:50:39+00:00\" \/>\n<meta property=\"og:image\" content=\"https:\/\/www.caudete.org\/ayuntamiento\/wp-content\/uploads\/2025\/07\/510792475_4078150452461627_2834012073355049828_n.jpg\" \/>\n\t<meta property=\"og:image:width\" content=\"1079\" \/>\n\t<meta property=\"og:image:height\" content=\"607\" \/>\n\t<meta property=\"og:image:type\" content=\"image\/jpeg\" \/>\n<meta name=\"author\" content=\"alcalde\" \/>\n<meta name=\"twitter:card\" content=\"summary_large_image\" \/>\n<meta name=\"twitter:label1\" content=\"Escrito por\" \/>\n\t<meta name=\"twitter:data1\" content=\"alcalde\" \/>\n\t<meta name=\"twitter:label2\" content=\"Tiempo de lectura\" \/>\n\t<meta name=\"twitter:data2\" content=\"3 minutos\" \/>\n<script type=\"application\/ld+json\" class=\"yoast-schema-graph\">{\"@context\":\"https:\\\/\\\/schema.org\",\"@graph\":[{\"@type\":\"Article\",\"@id\":\"https:\\\/\\\/www.caudete.org\\\/ayuntamiento\\\/emotiva-graduacion-de-4oeso-del-amor-de-dios-a-la-que-asistio-el-alcalde-y-varios-concejales\\\/#article\",\"isPartOf\":{\"@id\":\"https:\\\/\\\/www.caudete.org\\\/ayuntamiento\\\/emotiva-graduacion-de-4oeso-del-amor-de-dios-a-la-que-asistio-el-alcalde-y-varios-concejales\\\/\"},\"author\":{\"name\":\"alcalde\",\"@id\":\"https:\\\/\\\/www.caudete.org\\\/ayuntamiento\\\/#\\\/schema\\\/person\\\/cc646da9133078ee4d8dd47457947253\"},\"headline\":\"Emotiva Graduaci\u00f3n de 4\u00baESO del Amor de Dios, a la que asisti\u00f3 el Alcalde y varios Concejales\",\"datePublished\":\"2025-07-03T04:50:39+00:00\",\"mainEntityOfPage\":{\"@id\":\"https:\\\/\\\/www.caudete.org\\\/ayuntamiento\\\/emotiva-graduacion-de-4oeso-del-amor-de-dios-a-la-que-asistio-el-alcalde-y-varios-concejales\\\/\"},\"wordCount\":385,\"publisher\":{\"@id\":\"https:\\\/\\\/www.caudete.org\\\/ayuntamiento\\\/#organization\"},\"image\":{\"@id\":\"https:\\\/\\\/www.caudete.org\\\/ayuntamiento\\\/emotiva-graduacion-de-4oeso-del-amor-de-dios-a-la-que-asistio-el-alcalde-y-varios-concejales\\\/#primaryimage\"},\"thumbnailUrl\":\"https:\\\/\\\/www.caudete.org\\\/ayuntamiento\\\/wp-content\\\/uploads\\\/2025\\\/07\\\/510792475_4078150452461627_2834012073355049828_n.jpg\",\"articleSection\":[\"Educaci\u00f3n\"],\"inLanguage\":\"es\"},{\"@type\":\"WebPage\",\"@id\":\"https:\\\/\\\/www.caudete.org\\\/ayuntamiento\\\/emotiva-graduacion-de-4oeso-del-amor-de-dios-a-la-que-asistio-el-alcalde-y-varios-concejales\\\/\",\"url\":\"https:\\\/\\\/www.caudete.org\\\/ayuntamiento\\\/emotiva-graduacion-de-4oeso-del-amor-de-dios-a-la-que-asistio-el-alcalde-y-varios-concejales\\\/\",\"name\":\"Emotiva Graduaci\u00f3n de 4\u00baESO del Amor de Dios, a la que asisti\u00f3 el Alcalde y varios Concejales - MI Ayuntamiento de Caudete\",\"isPartOf\":{\"@id\":\"https:\\\/\\\/www.caudete.org\\\/ayuntamiento\\\/#website\"},\"primaryImageOfPage\":{\"@id\":\"https:\\\/\\\/www.caudete.org\\\/ayuntamiento\\\/emotiva-graduacion-de-4oeso-del-amor-de-dios-a-la-que-asistio-el-alcalde-y-varios-concejales\\\/#primaryimage\"},\"image\":{\"@id\":\"https:\\\/\\\/www.caudete.org\\\/ayuntamiento\\\/emotiva-graduacion-de-4oeso-del-amor-de-dios-a-la-que-asistio-el-alcalde-y-varios-concejales\\\/#primaryimage\"},\"thumbnailUrl\":\"https:\\\/\\\/www.caudete.org\\\/ayuntamiento\\\/wp-content\\\/uploads\\\/2025\\\/07\\\/510792475_4078150452461627_2834012073355049828_n.jpg\",\"datePublished\":\"2025-07-03T04:50:39+00:00\",\"description\":\"P\u00e1gina Oficial del Ayuntamiento de Caudete (Albacete)\",\"breadcrumb\":{\"@id\":\"https:\\\/\\\/www.caudete.org\\\/ayuntamiento\\\/emotiva-graduacion-de-4oeso-del-amor-de-dios-a-la-que-asistio-el-alcalde-y-varios-concejales\\\/#breadcrumb\"},\"inLanguage\":\"es\",\"potentialAction\":[{\"@type\":\"ReadAction\",\"target\":[\"https:\\\/\\\/www.caudete.org\\\/ayuntamiento\\\/emotiva-graduacion-de-4oeso-del-amor-de-dios-a-la-que-asistio-el-alcalde-y-varios-concejales\\\/\"]}]},{\"@type\":\"ImageObject\",\"inLanguage\":\"es\",\"@id\":\"https:\\\/\\\/www.caudete.org\\\/ayuntamiento\\\/emotiva-graduacion-de-4oeso-del-amor-de-dios-a-la-que-asistio-el-alcalde-y-varios-concejales\\\/#primaryimage\",\"url\":\"https:\\\/\\\/www.caudete.org\\\/ayuntamiento\\\/wp-content\\\/uploads\\\/2025\\\/07\\\/510792475_4078150452461627_2834012073355049828_n.jpg\",\"contentUrl\":\"https:\\\/\\\/www.caudete.org\\\/ayuntamiento\\\/wp-content\\\/uploads\\\/2025\\\/07\\\/510792475_4078150452461627_2834012073355049828_n.jpg\",\"width\":1079,\"height\":607},{\"@type\":\"BreadcrumbList\",\"@id\":\"https:\\\/\\\/www.caudete.org\\\/ayuntamiento\\\/emotiva-graduacion-de-4oeso-del-amor-de-dios-a-la-que-asistio-el-alcalde-y-varios-concejales\\\/#breadcrumb\",\"itemListElement\":[{\"@type\":\"ListItem\",\"position\":1,\"name\":\"Inicio\",\"item\":\"https:\\\/\\\/www.caudete.org\\\/ayuntamiento\\\/\"},{\"@type\":\"ListItem\",\"position\":2,\"name\":\"Emotiva Graduaci\u00f3n de 4\u00baESO del Amor de Dios, a la que asisti\u00f3 el Alcalde y varios Concejales\"}]},{\"@type\":\"WebSite\",\"@id\":\"https:\\\/\\\/www.caudete.org\\\/ayuntamiento\\\/#website\",\"url\":\"https:\\\/\\\/www.caudete.org\\\/ayuntamiento\\\/\",\"name\":\"MI Ayuntamiento de Caudete\",\"description\":\"P\u00e1gina Oficial del MI Ayuntamiento de Caudete\",\"publisher\":{\"@id\":\"https:\\\/\\\/www.caudete.org\\\/ayuntamiento\\\/#organization\"},\"potentialAction\":[{\"@type\":\"SearchAction\",\"target\":{\"@type\":\"EntryPoint\",\"urlTemplate\":\"https:\\\/\\\/www.caudete.org\\\/ayuntamiento\\\/?s={search_term_string}\"},\"query-input\":{\"@type\":\"PropertyValueSpecification\",\"valueRequired\":true,\"valueName\":\"search_term_string\"}}],\"inLanguage\":\"es\"},{\"@type\":\"Organization\",\"@id\":\"https:\\\/\\\/www.caudete.org\\\/ayuntamiento\\\/#organization\",\"name\":\"Ayuntamiento de Caudete\",\"url\":\"https:\\\/\\\/www.caudete.org\\\/ayuntamiento\\\/\",\"logo\":{\"@type\":\"ImageObject\",\"inLanguage\":\"es\",\"@id\":\"https:\\\/\\\/www.caudete.org\\\/ayuntamiento\\\/#\\\/schema\\\/logo\\\/image\\\/\",\"url\":\"https:\\\/\\\/www.caudete.org\\\/ayuntamiento\\\/wp-content\\\/uploads\\\/2020\\\/11\\\/logo_ayuntamiento_caudete.jpg\",\"contentUrl\":\"https:\\\/\\\/www.caudete.org\\\/ayuntamiento\\\/wp-content\\\/uploads\\\/2020\\\/11\\\/logo_ayuntamiento_caudete.jpg\",\"width\":600,\"height\":150,\"caption\":\"Ayuntamiento de Caudete\"},\"image\":{\"@id\":\"https:\\\/\\\/www.caudete.org\\\/ayuntamiento\\\/#\\\/schema\\\/logo\\\/image\\\/\"},\"sameAs\":[\"https:\\\/\\\/www.facebook.com\\\/ayuntamientocaudete\\\/\",\"https:\\\/\\\/www.youtube.com\\\/channel\\\/UC6VztHaooNsGpw-tNoBEFnQ\"]},{\"@type\":\"Person\",\"@id\":\"https:\\\/\\\/www.caudete.org\\\/ayuntamiento\\\/#\\\/schema\\\/person\\\/cc646da9133078ee4d8dd47457947253\",\"name\":\"alcalde\",\"image\":{\"@type\":\"ImageObject\",\"inLanguage\":\"es\",\"@id\":\"https:\\\/\\\/secure.gravatar.com\\\/avatar\\\/84a817ba065b29ff08d666b215a215f5c79186a645ccb25b14a663d48a130f77?s=96&d=mm&r=g\",\"url\":\"https:\\\/\\\/secure.gravatar.com\\\/avatar\\\/84a817ba065b29ff08d666b215a215f5c79186a645ccb25b14a663d48a130f77?s=96&d=mm&r=g\",\"contentUrl\":\"https:\\\/\\\/secure.gravatar.com\\\/avatar\\\/84a817ba065b29ff08d666b215a215f5c79186a645ccb25b14a663d48a130f77?s=96&d=mm&r=g\",\"caption\":\"alcalde\"},\"url\":\"https:\\\/\\\/www.caudete.org\\\/ayuntamiento\\\/author\\\/alcalde\\\/\"}]}<\/script>\n<!-- \/ Yoast SEO plugin. -->","yoast_head_json":{"title":"Emotiva Graduaci\u00f3n de 4\u00baESO del Amor de Dios, a la que asisti\u00f3 el Alcalde y varios Concejales - MI Ayuntamiento de Caudete","description":"P\u00e1gina Oficial del Ayuntamiento de Caudete (Albacete)","robots":{"index":"index","follow":"follow","max-snippet":"max-snippet:-1","max-image-preview":"max-image-preview:large","max-video-preview":"max-video-preview:-1"},"canonical":"https:\/\/www.caudete.org\/ayuntamiento\/emotiva-graduacion-de-4oeso-del-amor-de-dios-a-la-que-asistio-el-alcalde-y-varios-concejales\/","og_locale":"es_ES","og_type":"article","og_title":"Emotiva Graduaci\u00f3n de 4\u00baESO del Amor de Dios, a la que asisti\u00f3 el Alcalde y varios Concejales - MI Ayuntamiento de Caudete","og_description":"P\u00e1gina Oficial del Ayuntamiento de Caudete (Albacete)","og_url":"https:\/\/www.caudete.org\/ayuntamiento\/emotiva-graduacion-de-4oeso-del-amor-de-dios-a-la-que-asistio-el-alcalde-y-varios-concejales\/","og_site_name":"MI Ayuntamiento de Caudete","article_publisher":"https:\/\/www.facebook.com\/ayuntamientocaudete\/","article_published_time":"2025-07-03T04:50:39+00:00","og_image":[{"width":1079,"height":607,"url":"https:\/\/www.caudete.org\/ayuntamiento\/wp-content\/uploads\/2025\/07\/510792475_4078150452461627_2834012073355049828_n.jpg","type":"image\/jpeg"}],"author":"alcalde","twitter_card":"summary_large_image","twitter_misc":{"Escrito por":"alcalde","Tiempo de lectura":"3 minutos"},"schema":{"@context":"https:\/\/schema.org","@graph":[{"@type":"Article","@id":"https:\/\/www.caudete.org\/ayuntamiento\/emotiva-graduacion-de-4oeso-del-amor-de-dios-a-la-que-asistio-el-alcalde-y-varios-concejales\/#article","isPartOf":{"@id":"https:\/\/www.caudete.org\/ayuntamiento\/emotiva-graduacion-de-4oeso-del-amor-de-dios-a-la-que-asistio-el-alcalde-y-varios-concejales\/"},"author":{"name":"alcalde","@id":"https:\/\/www.caudete.org\/ayuntamiento\/#\/schema\/person\/cc646da9133078ee4d8dd47457947253"},"headline":"Emotiva Graduaci\u00f3n de 4\u00baESO del Amor de Dios, a la que asisti\u00f3 el Alcalde y varios Concejales","datePublished":"2025-07-03T04:50:39+00:00","mainEntityOfPage":{"@id":"https:\/\/www.caudete.org\/ayuntamiento\/emotiva-graduacion-de-4oeso-del-amor-de-dios-a-la-que-asistio-el-alcalde-y-varios-concejales\/"},"wordCount":385,"publisher":{"@id":"https:\/\/www.caudete.org\/ayuntamiento\/#organization"},"image":{"@id":"https:\/\/www.caudete.org\/ayuntamiento\/emotiva-graduacion-de-4oeso-del-amor-de-dios-a-la-que-asistio-el-alcalde-y-varios-concejales\/#primaryimage"},"thumbnailUrl":"https:\/\/www.caudete.org\/ayuntamiento\/wp-content\/uploads\/2025\/07\/510792475_4078150452461627_2834012073355049828_n.jpg","articleSection":["Educaci\u00f3n"],"inLanguage":"es"},{"@type":"WebPage","@id":"https:\/\/www.caudete.org\/ayuntamiento\/emotiva-graduacion-de-4oeso-del-amor-de-dios-a-la-que-asistio-el-alcalde-y-varios-concejales\/","url":"https:\/\/www.caudete.org\/ayuntamiento\/emotiva-graduacion-de-4oeso-del-amor-de-dios-a-la-que-asistio-el-alcalde-y-varios-concejales\/","name":"Emotiva Graduaci\u00f3n de 4\u00baESO del Amor de Dios, a la que asisti\u00f3 el Alcalde y varios Concejales - MI Ayuntamiento de Caudete","isPartOf":{"@id":"https:\/\/www.caudete.org\/ayuntamiento\/#website"},"primaryImageOfPage":{"@id":"https:\/\/www.caudete.org\/ayuntamiento\/emotiva-graduacion-de-4oeso-del-amor-de-dios-a-la-que-asistio-el-alcalde-y-varios-concejales\/#primaryimage"},"image":{"@id":"https:\/\/www.caudete.org\/ayuntamiento\/emotiva-graduacion-de-4oeso-del-amor-de-dios-a-la-que-asistio-el-alcalde-y-varios-concejales\/#primaryimage"},"thumbnailUrl":"https:\/\/www.caudete.org\/ayuntamiento\/wp-content\/uploads\/2025\/07\/510792475_4078150452461627_2834012073355049828_n.jpg","datePublished":"2025-07-03T04:50:39+00:00","description":"P\u00e1gina Oficial del Ayuntamiento de Caudete (Albacete)","breadcrumb":{"@id":"https:\/\/www.caudete.org\/ayuntamiento\/emotiva-graduacion-de-4oeso-del-amor-de-dios-a-la-que-asistio-el-alcalde-y-varios-concejales\/#breadcrumb"},"inLanguage":"es","potentialAction":[{"@type":"ReadAction","target":["https:\/\/www.caudete.org\/ayuntamiento\/emotiva-graduacion-de-4oeso-del-amor-de-dios-a-la-que-asistio-el-alcalde-y-varios-concejales\/"]}]},{"@type":"ImageObject","inLanguage":"es","@id":"https:\/\/www.caudete.org\/ayuntamiento\/emotiva-graduacion-de-4oeso-del-amor-de-dios-a-la-que-asistio-el-alcalde-y-varios-concejales\/#primaryimage","url":"https:\/\/www.caudete.org\/ayuntamiento\/wp-content\/uploads\/2025\/07\/510792475_4078150452461627_2834012073355049828_n.jpg","contentUrl":"https:\/\/www.caudete.org\/ayuntamiento\/wp-content\/uploads\/2025\/07\/510792475_4078150452461627_2834012073355049828_n.jpg","width":1079,"height":607},{"@type":"BreadcrumbList","@id":"https:\/\/www.caudete.org\/ayuntamiento\/emotiva-graduacion-de-4oeso-del-amor-de-dios-a-la-que-asistio-el-alcalde-y-varios-concejales\/#breadcrumb","itemListElement":[{"@type":"ListItem","position":1,"name":"Inicio","item":"https:\/\/www.caudete.org\/ayuntamiento\/"},{"@type":"ListItem","position":2,"name":"Emotiva Graduaci\u00f3n de 4\u00baESO del Amor de Dios, a la que asisti\u00f3 el Alcalde y varios Concejales"}]},{"@type":"WebSite","@id":"https:\/\/www.caudete.org\/ayuntamiento\/#website","url":"https:\/\/www.caudete.org\/ayuntamiento\/","name":"MI Ayuntamiento de Caudete","description":"P\u00e1gina Oficial del MI Ayuntamiento de Caudete","publisher":{"@id":"https:\/\/www.caudete.org\/ayuntamiento\/#organization"},"potentialAction":[{"@type":"SearchAction","target":{"@type":"EntryPoint","urlTemplate":"https:\/\/www.caudete.org\/ayuntamiento\/?s={search_term_string}"},"query-input":{"@type":"PropertyValueSpecification","valueRequired":true,"valueName":"search_term_string"}}],"inLanguage":"es"},{"@type":"Organization","@id":"https:\/\/www.caudete.org\/ayuntamiento\/#organization","name":"Ayuntamiento de Caudete","url":"https:\/\/www.caudete.org\/ayuntamiento\/","logo":{"@type":"ImageObject","inLanguage":"es","@id":"https:\/\/www.caudete.org\/ayuntamiento\/#\/schema\/logo\/image\/","url":"https:\/\/www.caudete.org\/ayuntamiento\/wp-content\/uploads\/2020\/11\/logo_ayuntamiento_caudete.jpg","contentUrl":"https:\/\/www.caudete.org\/ayuntamiento\/wp-content\/uploads\/2020\/11\/logo_ayuntamiento_caudete.jpg","width":600,"height":150,"caption":"Ayuntamiento de Caudete"},"image":{"@id":"https:\/\/www.caudete.org\/ayuntamiento\/#\/schema\/logo\/image\/"},"sameAs":["https:\/\/www.facebook.com\/ayuntamientocaudete\/","https:\/\/www.youtube.com\/channel\/UC6VztHaooNsGpw-tNoBEFnQ"]},{"@type":"Person","@id":"https:\/\/www.caudete.org\/ayuntamiento\/#\/schema\/person\/cc646da9133078ee4d8dd47457947253","name":"alcalde","image":{"@type":"ImageObject","inLanguage":"es","@id":"https:\/\/secure.gravatar.com\/avatar\/84a817ba065b29ff08d666b215a215f5c79186a645ccb25b14a663d48a130f77?s=96&d=mm&r=g","url":"https:\/\/secure.gravatar.com\/avatar\/84a817ba065b29ff08d666b215a215f5c79186a645ccb25b14a663d48a130f77?s=96&d=mm&r=g","contentUrl":"https:\/\/secure.gravatar.com\/avatar\/84a817ba065b29ff08d666b215a215f5c79186a645ccb25b14a663d48a130f77?s=96&d=mm&r=g","caption":"alcalde"},"url":"https:\/\/www.caudete.org\/ayuntamiento\/author\/alcalde\/"}]}},"_links":{"self":[{"href":"https:\/\/www.caudete.org\/ayuntamiento\/wp-json\/wp\/v2\/posts\/29536","targetHints":{"allow":["GET"]}}],"collection":[{"href":"https:\/\/www.caudete.org\/ayuntamiento\/wp-json\/wp\/v2\/posts"}],"about":[{"href":"https:\/\/www.caudete.org\/ayuntamiento\/wp-json\/wp\/v2\/types\/post"}],"author":[{"embeddable":true,"href":"https:\/\/www.caudete.org\/ayuntamiento\/wp-json\/wp\/v2\/users\/3"}],"replies":[{"embeddable":true,"href":"https:\/\/www.caudete.org\/ayuntamiento\/wp-json\/wp\/v2\/comments?post=29536"}],"version-history":[{"count":1,"href":"https:\/\/www.caudete.org\/ayuntamiento\/wp-json\/wp\/v2\/posts\/29536\/revisions"}],"predecessor-version":[{"id":29539,"href":"https:\/\/www.caudete.org\/ayuntamiento\/wp-json\/wp\/v2\/posts\/29536\/revisions\/29539"}],"wp:featuredmedia":[{"embeddable":true,"href":"https:\/\/www.caudete.org\/ayuntamiento\/wp-json\/wp\/v2\/media\/29537"}],"wp:attachment":[{"href":"https:\/\/www.caudete.org\/ayuntamiento\/wp-json\/wp\/v2\/media?parent=29536"}],"wp:term":[{"taxonomy":"category","embeddable":true,"href":"https:\/\/www.caudete.org\/ayuntamiento\/wp-json\/wp\/v2\/categories?post=29536"},{"taxonomy":"post_tag","embeddable":true,"href":"https:\/\/www.caudete.org\/ayuntamiento\/wp-json\/wp\/v2\/tags?post=29536"}],"curies":[{"name":"wp","href":"https:\/\/api.w.org\/{rel}","templated":true}]}}