{"id":29566,"date":"2025-07-07T12:30:33","date_gmt":"2025-07-07T10:30:33","guid":{"rendered":"https:\/\/www.caudete.org\/ayuntamiento\/?p=29566"},"modified":"2025-07-10T14:07:24","modified_gmt":"2025-07-10T12:07:24","slug":"la-atleta-caudetana-cristina-asensio-brilla-con-un-quinto-puesto-en-el-campeonato-de-espana-sub-18","status":"publish","type":"post","link":"https:\/\/www.caudete.org\/ayuntamiento\/la-atleta-caudetana-cristina-asensio-brilla-con-un-quinto-puesto-en-el-campeonato-de-espana-sub-18\/","title":{"rendered":"La atleta caudetana Cristina Asensio brilla con un quinto puesto en el Campeonato de Espa\u00f1a Sub-18"},"content":{"rendered":"<p class=\"western\" style=\"text-align: justify;\" align=\"justify\"><span style=\"font-family: georgia, palatino, serif; font-size: 12pt;\">La concejal de Deportes, Pilar Egea, ha felicitado a la atleta de las Escuelas Deportivas Municipales de Atletismo de Caudete, <b>Cristina Asensio Pastor<\/b>, por su excelente quinto puesto en los Campeonatos de Espa\u00f1a Sub-18, consolid\u00e1ndose como una de las grandes promesas del atletismo nacional.<\/span><\/p>\n<p class=\"western\" style=\"text-align: justify;\" align=\"justify\"><span style=\"font-family: georgia, palatino, serif; font-size: 12pt;\">Cristina Asensio ha tenido una participaci\u00f3n destacada en dos eventos clave del calendario atl\u00e9tico. El <b>21 de junio<\/b>, represent\u00f3 a Castilla-La Mancha en los Campeonatos de Espa\u00f1a por Federaciones Auton\u00f3micas, celebrados en Palafrugell (Gerona). En esta competici\u00f3n, donde se reunieron las campeonas auton\u00f3micas, Cristina logr\u00f3 un meritorio quinto puesto en la prueba de los 100 metros lisos. Su buen desempe\u00f1o se extendi\u00f3 tambi\u00e9n a la prueba de relevos 4&#215;100 mixto, donde junto a sus compa\u00f1eros de selecci\u00f3n, repiti\u00f3 la quinta posici\u00f3n.<\/span><\/p>\n<p class=\"western\" style=\"text-align: justify;\" align=\"justify\"><span style=\"font-family: georgia, palatino, serif; font-size: 12pt;\">Posteriormente, los d\u00edas <b>5 y 6 de julio<\/b>, Asensio compiti\u00f3 en los Campeonatos de Espa\u00f1a Individual Sub-18 en Castell\u00f3n, enfrent\u00e1ndose a los mejores atletas del pa\u00eds. Su principal objetivo era superar las rondas eliminatorias y alcanzar las semifinales para posicionarse entre las atletas de \u00e9lite espa\u00f1olas. El s\u00e1bado, Cristina cumpli\u00f3 con creces en la prueba de los 100 metros, finalizando octava en su semifinal y asegurando un puesto entre las 16 mejores de la clasificaci\u00f3n general. En las eliminatorias de los 200 metros, una prueba que se ajusta mejor a sus cualidades, consigui\u00f3 una brillante segunda posici\u00f3n.<\/span><\/p>\n<p class=\"western\" style=\"text-align: justify;\" align=\"justify\"><span style=\"font-family: georgia, palatino, serif; font-size: 12pt;\">El domingo, en la fase final de los 200 metros, Cristina Asensio volvi\u00f3 a demostrar su potencial, quedando segunda en su semifinal y accediendo de forma magistral a la final del campeonato. En esta \u00faltima prueba, luch\u00f3 por las medallas, logrando un magn\u00edfico quinto puesto que confirma su gran proyecci\u00f3n y la sit\u00faa entre las figuras emergentes del atletismo espa\u00f1ol.<\/span><\/p>\n<p class=\"western\" style=\"text-align: justify;\" align=\"justify\"><span style=\"font-family: georgia, palatino, serif; font-size: 12pt;\">Con estos resultados, Cristina Asensio cierra una temporada de ensue\u00f1o en la que tambi\u00e9n se ha proclamado <b>campeona provincial y regional en las pruebas de 100m., 200m., 400m. y relevos 4x100m.<\/b> La concejal Pilar Egea ha destacado el compromiso, el esfuerzo y el talento de la joven atleta, augur\u00e1ndole un futuro prometedor en el deporte.<\/span><\/p>\n<p align=\"justify\"><span style=\"font-size: 12pt;\"><img fetchpriority=\"high\" decoding=\"async\" class=\"alignnone wp-image-29568 size-full\" src=\"https:\/\/www.caudete.org\/ayuntamiento\/wp-content\/uploads\/2025\/07\/4978-port.jpg\" alt=\"\" width=\"748\" height=\"526\" srcset=\"https:\/\/www.caudete.org\/ayuntamiento\/wp-content\/uploads\/2025\/07\/4978-port.jpg 748w, https:\/\/www.caudete.org\/ayuntamiento\/wp-content\/uploads\/2025\/07\/4978-port-313x220.jpg 313w\" sizes=\"(max-width: 748px) 100vw, 748px\" \/><\/span><\/p>\n<p align=\"justify\"><span style=\"font-size: 12pt;\"><img decoding=\"async\" class=\"alignnone wp-image-29570 size-full\" src=\"https:\/\/www.caudete.org\/ayuntamiento\/wp-content\/uploads\/2025\/07\/IMG-20241020-WA0056.jpg\" alt=\"\" width=\"1000\" height=\"1068\" srcset=\"https:\/\/www.caudete.org\/ayuntamiento\/wp-content\/uploads\/2025\/07\/IMG-20241020-WA0056.jpg 1000w, https:\/\/www.caudete.org\/ayuntamiento\/wp-content\/uploads\/2025\/07\/IMG-20241020-WA0056-749x800.jpg 749w, https:\/\/www.caudete.org\/ayuntamiento\/wp-content\/uploads\/2025\/07\/IMG-20241020-WA0056-843x900.jpg 843w, https:\/\/www.caudete.org\/ayuntamiento\/wp-content\/uploads\/2025\/07\/IMG-20241020-WA0056-206x220.jpg 206w, https:\/\/www.caudete.org\/ayuntamiento\/wp-content\/uploads\/2025\/07\/IMG-20241020-WA0056-768x820.jpg 768w\" sizes=\"(max-width: 1000px) 100vw, 1000px\" \/><\/span><\/p>\n","protected":false},"excerpt":{"rendered":"<p>La concejal de Deportes, Pilar Egea, ha felicitado a la atleta de las Escuelas Deportivas Municipales de Atletismo de Caudete, Cristina Asensio Pastor, por su excelente quinto puesto en los Campeonatos de Espa\u00f1a Sub-18, consolid\u00e1ndose como una de las grandes promesas del atletismo nacional. Cristina Asensio ha tenido una participaci\u00f3n destacada en dos eventos clave &hellip;<\/p>\n","protected":false},"author":6,"featured_media":29571,"comment_status":"closed","ping_status":"open","sticky":false,"template":"","format":"standard","meta":{"ngg_post_thumbnail":0,"footnotes":""},"categories":[23],"tags":[],"class_list":["post-29566","post","type-post","status-publish","format-standard","has-post-thumbnail","hentry","category-deportes"],"yoast_head":"<!-- This site is optimized with the Yoast SEO plugin v27.5 - https:\/\/yoast.com\/product\/yoast-seo-wordpress\/ -->\n<title>La atleta caudetana Cristina Asensio brilla con un quinto puesto en el Campeonato de Espa\u00f1a Sub-18 - MI Ayuntamiento de Caudete<\/title>\n<meta name=\"description\" content=\"P\u00e1gina Oficial del Ayuntamiento de Caudete (Albacete)\" \/>\n<meta name=\"robots\" content=\"index, follow, max-snippet:-1, max-image-preview:large, max-video-preview:-1\" \/>\n<link rel=\"canonical\" href=\"https:\/\/www.caudete.org\/ayuntamiento\/la-atleta-caudetana-cristina-asensio-brilla-con-un-quinto-puesto-en-el-campeonato-de-espana-sub-18\/\" \/>\n<meta property=\"og:locale\" content=\"es_ES\" \/>\n<meta property=\"og:type\" content=\"article\" \/>\n<meta property=\"og:title\" content=\"La atleta caudetana Cristina Asensio brilla con un quinto puesto en el Campeonato de Espa\u00f1a Sub-18 - MI Ayuntamiento de Caudete\" \/>\n<meta property=\"og:description\" content=\"P\u00e1gina Oficial del Ayuntamiento de Caudete (Albacete)\" \/>\n<meta property=\"og:url\" content=\"https:\/\/www.caudete.org\/ayuntamiento\/la-atleta-caudetana-cristina-asensio-brilla-con-un-quinto-puesto-en-el-campeonato-de-espana-sub-18\/\" \/>\n<meta property=\"og:site_name\" content=\"MI Ayuntamiento de Caudete\" \/>\n<meta property=\"article:publisher\" content=\"https:\/\/www.facebook.com\/ayuntamientocaudete\/\" \/>\n<meta property=\"article:published_time\" content=\"2025-07-07T10:30:33+00:00\" \/>\n<meta property=\"article:modified_time\" content=\"2025-07-10T12:07:24+00:00\" \/>\n<meta property=\"og:image\" content=\"https:\/\/www.caudete.org\/ayuntamiento\/wp-content\/uploads\/2025\/07\/IMG-20241006-WA0018-port.jpg\" \/>\n\t<meta property=\"og:image:width\" content=\"1000\" \/>\n\t<meta property=\"og:image:height\" content=\"615\" \/>\n\t<meta property=\"og:image:type\" content=\"image\/jpeg\" \/>\n<meta name=\"author\" content=\"informatica2\" \/>\n<meta name=\"twitter:card\" content=\"summary_large_image\" \/>\n<meta name=\"twitter:label1\" content=\"Escrito por\" \/>\n\t<meta name=\"twitter:data1\" content=\"informatica2\" \/>\n\t<meta name=\"twitter:label2\" content=\"Tiempo de lectura\" \/>\n\t<meta name=\"twitter:data2\" content=\"3 minutos\" \/>\n<script type=\"application\/ld+json\" class=\"yoast-schema-graph\">{\"@context\":\"https:\\\/\\\/schema.org\",\"@graph\":[{\"@type\":\"Article\",\"@id\":\"https:\\\/\\\/www.caudete.org\\\/ayuntamiento\\\/la-atleta-caudetana-cristina-asensio-brilla-con-un-quinto-puesto-en-el-campeonato-de-espana-sub-18\\\/#article\",\"isPartOf\":{\"@id\":\"https:\\\/\\\/www.caudete.org\\\/ayuntamiento\\\/la-atleta-caudetana-cristina-asensio-brilla-con-un-quinto-puesto-en-el-campeonato-de-espana-sub-18\\\/\"},\"author\":{\"name\":\"informatica2\",\"@id\":\"https:\\\/\\\/www.caudete.org\\\/ayuntamiento\\\/#\\\/schema\\\/person\\\/abfa5ffd5010a14e078c21e6e61b6291\"},\"headline\":\"La atleta caudetana Cristina Asensio brilla con un quinto puesto en el Campeonato de Espa\u00f1a Sub-18\",\"datePublished\":\"2025-07-07T10:30:33+00:00\",\"dateModified\":\"2025-07-10T12:07:24+00:00\",\"mainEntityOfPage\":{\"@id\":\"https:\\\/\\\/www.caudete.org\\\/ayuntamiento\\\/la-atleta-caudetana-cristina-asensio-brilla-con-un-quinto-puesto-en-el-campeonato-de-espana-sub-18\\\/\"},\"wordCount\":376,\"publisher\":{\"@id\":\"https:\\\/\\\/www.caudete.org\\\/ayuntamiento\\\/#organization\"},\"image\":{\"@id\":\"https:\\\/\\\/www.caudete.org\\\/ayuntamiento\\\/la-atleta-caudetana-cristina-asensio-brilla-con-un-quinto-puesto-en-el-campeonato-de-espana-sub-18\\\/#primaryimage\"},\"thumbnailUrl\":\"https:\\\/\\\/www.caudete.org\\\/ayuntamiento\\\/wp-content\\\/uploads\\\/2025\\\/07\\\/IMG-20241006-WA0018-port.jpg\",\"articleSection\":[\"Deportes\"],\"inLanguage\":\"es\"},{\"@type\":\"WebPage\",\"@id\":\"https:\\\/\\\/www.caudete.org\\\/ayuntamiento\\\/la-atleta-caudetana-cristina-asensio-brilla-con-un-quinto-puesto-en-el-campeonato-de-espana-sub-18\\\/\",\"url\":\"https:\\\/\\\/www.caudete.org\\\/ayuntamiento\\\/la-atleta-caudetana-cristina-asensio-brilla-con-un-quinto-puesto-en-el-campeonato-de-espana-sub-18\\\/\",\"name\":\"La atleta caudetana Cristina Asensio brilla con un quinto puesto en el Campeonato de Espa\u00f1a Sub-18 - MI Ayuntamiento de Caudete\",\"isPartOf\":{\"@id\":\"https:\\\/\\\/www.caudete.org\\\/ayuntamiento\\\/#website\"},\"primaryImageOfPage\":{\"@id\":\"https:\\\/\\\/www.caudete.org\\\/ayuntamiento\\\/la-atleta-caudetana-cristina-asensio-brilla-con-un-quinto-puesto-en-el-campeonato-de-espana-sub-18\\\/#primaryimage\"},\"image\":{\"@id\":\"https:\\\/\\\/www.caudete.org\\\/ayuntamiento\\\/la-atleta-caudetana-cristina-asensio-brilla-con-un-quinto-puesto-en-el-campeonato-de-espana-sub-18\\\/#primaryimage\"},\"thumbnailUrl\":\"https:\\\/\\\/www.caudete.org\\\/ayuntamiento\\\/wp-content\\\/uploads\\\/2025\\\/07\\\/IMG-20241006-WA0018-port.jpg\",\"datePublished\":\"2025-07-07T10:30:33+00:00\",\"dateModified\":\"2025-07-10T12:07:24+00:00\",\"description\":\"P\u00e1gina Oficial del Ayuntamiento de Caudete (Albacete)\",\"breadcrumb\":{\"@id\":\"https:\\\/\\\/www.caudete.org\\\/ayuntamiento\\\/la-atleta-caudetana-cristina-asensio-brilla-con-un-quinto-puesto-en-el-campeonato-de-espana-sub-18\\\/#breadcrumb\"},\"inLanguage\":\"es\",\"potentialAction\":[{\"@type\":\"ReadAction\",\"target\":[\"https:\\\/\\\/www.caudete.org\\\/ayuntamiento\\\/la-atleta-caudetana-cristina-asensio-brilla-con-un-quinto-puesto-en-el-campeonato-de-espana-sub-18\\\/\"]}]},{\"@type\":\"ImageObject\",\"inLanguage\":\"es\",\"@id\":\"https:\\\/\\\/www.caudete.org\\\/ayuntamiento\\\/la-atleta-caudetana-cristina-asensio-brilla-con-un-quinto-puesto-en-el-campeonato-de-espana-sub-18\\\/#primaryimage\",\"url\":\"https:\\\/\\\/www.caudete.org\\\/ayuntamiento\\\/wp-content\\\/uploads\\\/2025\\\/07\\\/IMG-20241006-WA0018-port.jpg\",\"contentUrl\":\"https:\\\/\\\/www.caudete.org\\\/ayuntamiento\\\/wp-content\\\/uploads\\\/2025\\\/07\\\/IMG-20241006-WA0018-port.jpg\",\"width\":1000,\"height\":615},{\"@type\":\"BreadcrumbList\",\"@id\":\"https:\\\/\\\/www.caudete.org\\\/ayuntamiento\\\/la-atleta-caudetana-cristina-asensio-brilla-con-un-quinto-puesto-en-el-campeonato-de-espana-sub-18\\\/#breadcrumb\",\"itemListElement\":[{\"@type\":\"ListItem\",\"position\":1,\"name\":\"Inicio\",\"item\":\"https:\\\/\\\/www.caudete.org\\\/ayuntamiento\\\/\"},{\"@type\":\"ListItem\",\"position\":2,\"name\":\"La atleta caudetana Cristina Asensio brilla con un quinto puesto en el Campeonato de Espa\u00f1a Sub-18\"}]},{\"@type\":\"WebSite\",\"@id\":\"https:\\\/\\\/www.caudete.org\\\/ayuntamiento\\\/#website\",\"url\":\"https:\\\/\\\/www.caudete.org\\\/ayuntamiento\\\/\",\"name\":\"MI Ayuntamiento de Caudete\",\"description\":\"P\u00e1gina Oficial del MI Ayuntamiento de Caudete\",\"publisher\":{\"@id\":\"https:\\\/\\\/www.caudete.org\\\/ayuntamiento\\\/#organization\"},\"potentialAction\":[{\"@type\":\"SearchAction\",\"target\":{\"@type\":\"EntryPoint\",\"urlTemplate\":\"https:\\\/\\\/www.caudete.org\\\/ayuntamiento\\\/?s={search_term_string}\"},\"query-input\":{\"@type\":\"PropertyValueSpecification\",\"valueRequired\":true,\"valueName\":\"search_term_string\"}}],\"inLanguage\":\"es\"},{\"@type\":\"Organization\",\"@id\":\"https:\\\/\\\/www.caudete.org\\\/ayuntamiento\\\/#organization\",\"name\":\"Ayuntamiento de Caudete\",\"url\":\"https:\\\/\\\/www.caudete.org\\\/ayuntamiento\\\/\",\"logo\":{\"@type\":\"ImageObject\",\"inLanguage\":\"es\",\"@id\":\"https:\\\/\\\/www.caudete.org\\\/ayuntamiento\\\/#\\\/schema\\\/logo\\\/image\\\/\",\"url\":\"https:\\\/\\\/www.caudete.org\\\/ayuntamiento\\\/wp-content\\\/uploads\\\/2020\\\/11\\\/logo_ayuntamiento_caudete.jpg\",\"contentUrl\":\"https:\\\/\\\/www.caudete.org\\\/ayuntamiento\\\/wp-content\\\/uploads\\\/2020\\\/11\\\/logo_ayuntamiento_caudete.jpg\",\"width\":600,\"height\":150,\"caption\":\"Ayuntamiento de Caudete\"},\"image\":{\"@id\":\"https:\\\/\\\/www.caudete.org\\\/ayuntamiento\\\/#\\\/schema\\\/logo\\\/image\\\/\"},\"sameAs\":[\"https:\\\/\\\/www.facebook.com\\\/ayuntamientocaudete\\\/\",\"https:\\\/\\\/www.youtube.com\\\/channel\\\/UC6VztHaooNsGpw-tNoBEFnQ\"]},{\"@type\":\"Person\",\"@id\":\"https:\\\/\\\/www.caudete.org\\\/ayuntamiento\\\/#\\\/schema\\\/person\\\/abfa5ffd5010a14e078c21e6e61b6291\",\"name\":\"informatica2\",\"image\":{\"@type\":\"ImageObject\",\"inLanguage\":\"es\",\"@id\":\"https:\\\/\\\/secure.gravatar.com\\\/avatar\\\/b089890ff033a3e4d03eec00ecb5a14425217205c513f60ec32ebeaaeb5fa700?s=96&d=mm&r=g\",\"url\":\"https:\\\/\\\/secure.gravatar.com\\\/avatar\\\/b089890ff033a3e4d03eec00ecb5a14425217205c513f60ec32ebeaaeb5fa700?s=96&d=mm&r=g\",\"contentUrl\":\"https:\\\/\\\/secure.gravatar.com\\\/avatar\\\/b089890ff033a3e4d03eec00ecb5a14425217205c513f60ec32ebeaaeb5fa700?s=96&d=mm&r=g\",\"caption\":\"informatica2\"},\"url\":\"https:\\\/\\\/www.caudete.org\\\/ayuntamiento\\\/author\\\/informatica2\\\/\"}]}<\/script>\n<!-- \/ Yoast SEO plugin. -->","yoast_head_json":{"title":"La atleta caudetana Cristina Asensio brilla con un quinto puesto en el Campeonato de Espa\u00f1a Sub-18 - MI Ayuntamiento de Caudete","description":"P\u00e1gina Oficial del Ayuntamiento de Caudete (Albacete)","robots":{"index":"index","follow":"follow","max-snippet":"max-snippet:-1","max-image-preview":"max-image-preview:large","max-video-preview":"max-video-preview:-1"},"canonical":"https:\/\/www.caudete.org\/ayuntamiento\/la-atleta-caudetana-cristina-asensio-brilla-con-un-quinto-puesto-en-el-campeonato-de-espana-sub-18\/","og_locale":"es_ES","og_type":"article","og_title":"La atleta caudetana Cristina Asensio brilla con un quinto puesto en el Campeonato de Espa\u00f1a Sub-18 - MI Ayuntamiento de Caudete","og_description":"P\u00e1gina Oficial del Ayuntamiento de Caudete (Albacete)","og_url":"https:\/\/www.caudete.org\/ayuntamiento\/la-atleta-caudetana-cristina-asensio-brilla-con-un-quinto-puesto-en-el-campeonato-de-espana-sub-18\/","og_site_name":"MI Ayuntamiento de Caudete","article_publisher":"https:\/\/www.facebook.com\/ayuntamientocaudete\/","article_published_time":"2025-07-07T10:30:33+00:00","article_modified_time":"2025-07-10T12:07:24+00:00","og_image":[{"width":1000,"height":615,"url":"https:\/\/www.caudete.org\/ayuntamiento\/wp-content\/uploads\/2025\/07\/IMG-20241006-WA0018-port.jpg","type":"image\/jpeg"}],"author":"informatica2","twitter_card":"summary_large_image","twitter_misc":{"Escrito por":"informatica2","Tiempo de lectura":"3 minutos"},"schema":{"@context":"https:\/\/schema.org","@graph":[{"@type":"Article","@id":"https:\/\/www.caudete.org\/ayuntamiento\/la-atleta-caudetana-cristina-asensio-brilla-con-un-quinto-puesto-en-el-campeonato-de-espana-sub-18\/#article","isPartOf":{"@id":"https:\/\/www.caudete.org\/ayuntamiento\/la-atleta-caudetana-cristina-asensio-brilla-con-un-quinto-puesto-en-el-campeonato-de-espana-sub-18\/"},"author":{"name":"informatica2","@id":"https:\/\/www.caudete.org\/ayuntamiento\/#\/schema\/person\/abfa5ffd5010a14e078c21e6e61b6291"},"headline":"La atleta caudetana Cristina Asensio brilla con un quinto puesto en el Campeonato de Espa\u00f1a Sub-18","datePublished":"2025-07-07T10:30:33+00:00","dateModified":"2025-07-10T12:07:24+00:00","mainEntityOfPage":{"@id":"https:\/\/www.caudete.org\/ayuntamiento\/la-atleta-caudetana-cristina-asensio-brilla-con-un-quinto-puesto-en-el-campeonato-de-espana-sub-18\/"},"wordCount":376,"publisher":{"@id":"https:\/\/www.caudete.org\/ayuntamiento\/#organization"},"image":{"@id":"https:\/\/www.caudete.org\/ayuntamiento\/la-atleta-caudetana-cristina-asensio-brilla-con-un-quinto-puesto-en-el-campeonato-de-espana-sub-18\/#primaryimage"},"thumbnailUrl":"https:\/\/www.caudete.org\/ayuntamiento\/wp-content\/uploads\/2025\/07\/IMG-20241006-WA0018-port.jpg","articleSection":["Deportes"],"inLanguage":"es"},{"@type":"WebPage","@id":"https:\/\/www.caudete.org\/ayuntamiento\/la-atleta-caudetana-cristina-asensio-brilla-con-un-quinto-puesto-en-el-campeonato-de-espana-sub-18\/","url":"https:\/\/www.caudete.org\/ayuntamiento\/la-atleta-caudetana-cristina-asensio-brilla-con-un-quinto-puesto-en-el-campeonato-de-espana-sub-18\/","name":"La atleta caudetana Cristina Asensio brilla con un quinto puesto en el Campeonato de Espa\u00f1a Sub-18 - MI Ayuntamiento de Caudete","isPartOf":{"@id":"https:\/\/www.caudete.org\/ayuntamiento\/#website"},"primaryImageOfPage":{"@id":"https:\/\/www.caudete.org\/ayuntamiento\/la-atleta-caudetana-cristina-asensio-brilla-con-un-quinto-puesto-en-el-campeonato-de-espana-sub-18\/#primaryimage"},"image":{"@id":"https:\/\/www.caudete.org\/ayuntamiento\/la-atleta-caudetana-cristina-asensio-brilla-con-un-quinto-puesto-en-el-campeonato-de-espana-sub-18\/#primaryimage"},"thumbnailUrl":"https:\/\/www.caudete.org\/ayuntamiento\/wp-content\/uploads\/2025\/07\/IMG-20241006-WA0018-port.jpg","datePublished":"2025-07-07T10:30:33+00:00","dateModified":"2025-07-10T12:07:24+00:00","description":"P\u00e1gina Oficial del Ayuntamiento de Caudete (Albacete)","breadcrumb":{"@id":"https:\/\/www.caudete.org\/ayuntamiento\/la-atleta-caudetana-cristina-asensio-brilla-con-un-quinto-puesto-en-el-campeonato-de-espana-sub-18\/#breadcrumb"},"inLanguage":"es","potentialAction":[{"@type":"ReadAction","target":["https:\/\/www.caudete.org\/ayuntamiento\/la-atleta-caudetana-cristina-asensio-brilla-con-un-quinto-puesto-en-el-campeonato-de-espana-sub-18\/"]}]},{"@type":"ImageObject","inLanguage":"es","@id":"https:\/\/www.caudete.org\/ayuntamiento\/la-atleta-caudetana-cristina-asensio-brilla-con-un-quinto-puesto-en-el-campeonato-de-espana-sub-18\/#primaryimage","url":"https:\/\/www.caudete.org\/ayuntamiento\/wp-content\/uploads\/2025\/07\/IMG-20241006-WA0018-port.jpg","contentUrl":"https:\/\/www.caudete.org\/ayuntamiento\/wp-content\/uploads\/2025\/07\/IMG-20241006-WA0018-port.jpg","width":1000,"height":615},{"@type":"BreadcrumbList","@id":"https:\/\/www.caudete.org\/ayuntamiento\/la-atleta-caudetana-cristina-asensio-brilla-con-un-quinto-puesto-en-el-campeonato-de-espana-sub-18\/#breadcrumb","itemListElement":[{"@type":"ListItem","position":1,"name":"Inicio","item":"https:\/\/www.caudete.org\/ayuntamiento\/"},{"@type":"ListItem","position":2,"name":"La atleta caudetana Cristina Asensio brilla con un quinto puesto en el Campeonato de Espa\u00f1a Sub-18"}]},{"@type":"WebSite","@id":"https:\/\/www.caudete.org\/ayuntamiento\/#website","url":"https:\/\/www.caudete.org\/ayuntamiento\/","name":"MI Ayuntamiento de Caudete","description":"P\u00e1gina Oficial del MI Ayuntamiento de Caudete","publisher":{"@id":"https:\/\/www.caudete.org\/ayuntamiento\/#organization"},"potentialAction":[{"@type":"SearchAction","target":{"@type":"EntryPoint","urlTemplate":"https:\/\/www.caudete.org\/ayuntamiento\/?s={search_term_string}"},"query-input":{"@type":"PropertyValueSpecification","valueRequired":true,"valueName":"search_term_string"}}],"inLanguage":"es"},{"@type":"Organization","@id":"https:\/\/www.caudete.org\/ayuntamiento\/#organization","name":"Ayuntamiento de Caudete","url":"https:\/\/www.caudete.org\/ayuntamiento\/","logo":{"@type":"ImageObject","inLanguage":"es","@id":"https:\/\/www.caudete.org\/ayuntamiento\/#\/schema\/logo\/image\/","url":"https:\/\/www.caudete.org\/ayuntamiento\/wp-content\/uploads\/2020\/11\/logo_ayuntamiento_caudete.jpg","contentUrl":"https:\/\/www.caudete.org\/ayuntamiento\/wp-content\/uploads\/2020\/11\/logo_ayuntamiento_caudete.jpg","width":600,"height":150,"caption":"Ayuntamiento de Caudete"},"image":{"@id":"https:\/\/www.caudete.org\/ayuntamiento\/#\/schema\/logo\/image\/"},"sameAs":["https:\/\/www.facebook.com\/ayuntamientocaudete\/","https:\/\/www.youtube.com\/channel\/UC6VztHaooNsGpw-tNoBEFnQ"]},{"@type":"Person","@id":"https:\/\/www.caudete.org\/ayuntamiento\/#\/schema\/person\/abfa5ffd5010a14e078c21e6e61b6291","name":"informatica2","image":{"@type":"ImageObject","inLanguage":"es","@id":"https:\/\/secure.gravatar.com\/avatar\/b089890ff033a3e4d03eec00ecb5a14425217205c513f60ec32ebeaaeb5fa700?s=96&d=mm&r=g","url":"https:\/\/secure.gravatar.com\/avatar\/b089890ff033a3e4d03eec00ecb5a14425217205c513f60ec32ebeaaeb5fa700?s=96&d=mm&r=g","contentUrl":"https:\/\/secure.gravatar.com\/avatar\/b089890ff033a3e4d03eec00ecb5a14425217205c513f60ec32ebeaaeb5fa700?s=96&d=mm&r=g","caption":"informatica2"},"url":"https:\/\/www.caudete.org\/ayuntamiento\/author\/informatica2\/"}]}},"_links":{"self":[{"href":"https:\/\/www.caudete.org\/ayuntamiento\/wp-json\/wp\/v2\/posts\/29566","targetHints":{"allow":["GET"]}}],"collection":[{"href":"https:\/\/www.caudete.org\/ayuntamiento\/wp-json\/wp\/v2\/posts"}],"about":[{"href":"https:\/\/www.caudete.org\/ayuntamiento\/wp-json\/wp\/v2\/types\/post"}],"author":[{"embeddable":true,"href":"https:\/\/www.caudete.org\/ayuntamiento\/wp-json\/wp\/v2\/users\/6"}],"replies":[{"embeddable":true,"href":"https:\/\/www.caudete.org\/ayuntamiento\/wp-json\/wp\/v2\/comments?post=29566"}],"version-history":[{"count":6,"href":"https:\/\/www.caudete.org\/ayuntamiento\/wp-json\/wp\/v2\/posts\/29566\/revisions"}],"predecessor-version":[{"id":29617,"href":"https:\/\/www.caudete.org\/ayuntamiento\/wp-json\/wp\/v2\/posts\/29566\/revisions\/29617"}],"wp:featuredmedia":[{"embeddable":true,"href":"https:\/\/www.caudete.org\/ayuntamiento\/wp-json\/wp\/v2\/media\/29571"}],"wp:attachment":[{"href":"https:\/\/www.caudete.org\/ayuntamiento\/wp-json\/wp\/v2\/media?parent=29566"}],"wp:term":[{"taxonomy":"category","embeddable":true,"href":"https:\/\/www.caudete.org\/ayuntamiento\/wp-json\/wp\/v2\/categories?post=29566"},{"taxonomy":"post_tag","embeddable":true,"href":"https:\/\/www.caudete.org\/ayuntamiento\/wp-json\/wp\/v2\/tags?post=29566"}],"curies":[{"name":"wp","href":"https:\/\/api.w.org\/{rel}","templated":true}]}}