{"id":29605,"date":"2025-07-09T08:39:23","date_gmt":"2025-07-09T06:39:23","guid":{"rendered":"https:\/\/www.caudete.org\/ayuntamiento\/?p=29605"},"modified":"2025-07-10T13:47:31","modified_gmt":"2025-07-10T11:47:31","slug":"caudete-propone-a-la-jccm-el-11-de-septiembre-para-el-inicio-del-curso-escolar-a-educacion","status":"publish","type":"post","link":"https:\/\/www.caudete.org\/ayuntamiento\/caudete-propone-a-la-jccm-el-11-de-septiembre-para-el-inicio-del-curso-escolar-a-educacion\/","title":{"rendered":"Caudete propone a la JCCM el 11 de septiembre para el inicio del curso escolar a educaci\u00f3n"},"content":{"rendered":"<p style=\"text-align: justify;\" align=\"justify\"><span style=\"font-family: Georgia, serif; font-size: 12pt;\">La Concejal de Educaci\u00f3n, M\u00aa Manuela Gonz\u00e1lez, ha informado sobre el transcurso del Consejo Escolar Municipal celebrado el d\u00eda 3 de julio a las 10h en el Sal\u00f3n de Plenos, el cual ha analizado y debatido el Calendario Escolar establecido por la Consejer\u00eda de Educaci\u00f3n para el pr\u00f3ximo curso 2025\/2026, sobre el que se ha acordado proponer una serie de cambios a la Delegaci\u00f3n Provincial, con el objetivo de mejorar y adaptar el mismo.<\/span><\/p>\n<p style=\"text-align: justify;\" align=\"justify\"><span style=\"font-family: Georgia, serif; font-size: 12pt;\"><u><b>Situaci\u00f3n de partida<\/b><\/u><\/span><\/p>\n<p style=\"text-align: justify;\" align=\"justify\"><span style=\"font-family: Georgia, serif; font-size: 12pt;\">Oficialmente y para toda Castilla La Mancha, este a\u00f1o el curso escolar comienza el 8 de septiembre, que en el caso de Caudete, siendo festivo local, supondr\u00eda dar inicio las clases el d\u00eda 9 de Septiembre.<\/span><\/p>\n<p style=\"text-align: justify;\" align=\"justify\"><span style=\"font-family: Georgia, serif; font-size: 12pt;\"><u><b>Propuesta adoptada por el Consejo Municipal Escolar<\/b><\/u><\/span><\/p>\n<p style=\"text-align: justify;\" align=\"justify\"><span style=\"font-family: Georgia, serif; font-size: 12pt;\">Se solicita comenzar el curso escolar el d\u00eda 11 de Septiembre, haciendo uso de los d\u00edas no lectivos de libre disposici\u00f3n, la llamada \u201csemana blanca\u201d que recaen en los d\u00edas 16 y 17 de Febrero de 2026, para que as\u00ed los d\u00edas 9 y 10 de septiembre de 2025 propios de las Fiestas Patronales de nuestra localidad pasen a ser no lectivos. <\/span><\/p>\n<p style=\"text-align: justify;\" align=\"justify\"><span style=\"font-family: Georgia, serif; font-size: 12pt;\"><u><b>\u00bfQu\u00e9 otros d\u00edas no lectivos tendr\u00e1 el curso 2026-26?<\/b><\/u><\/span><\/p>\n<p style=\"text-align: justify;\" align=\"justify\"><span style=\"font-family: Georgia, serif; font-size: 12pt;\">A ello cabr\u00eda sumar los festivos locales del 2026,(pendientes de aprobar por el pleno), de los cuales solo le repercutir\u00eda el 13 de abril de 2026, Pascua de San Vicente, ya que el 8 de septiembre de 2026 queda fuera del calendario escolar 2025-26.<\/span><\/p>\n<p style=\"text-align: justify;\" align=\"justify\"><span style=\"font-family: Georgia, serif; font-size: 12pt;\">Los Festivos Laborales, para el curso 2025\/2026 quedan como siguen:<\/span><\/p>\n<p style=\"text-align: justify;\" align=\"justify\"><span style=\"font-size: 12pt;\"><span style=\"font-family: Georgia, serif;\">12 de octubre, Fiesta Nacional de Espa\u00f1a.<br \/>\n<\/span><span style=\"font-family: Georgia, serif;\">1 de noviembre, Todos los Santos.<br \/>\n<\/span><span style=\"font-family: Georgia, serif;\">6 de diciembre, D\u00eda de la Constituci\u00f3n.<br \/>\n<\/span><span style=\"font-family: Georgia, serif;\">8 de diciembre, Inmaculada Concepci\u00f3n.<br \/>\n<\/span><span style=\"font-family: Georgia, serif;\">25 de diciembre, Navidad.<br \/>\n<\/span><span style=\"font-family: Georgia, serif;\">1 de enero, A\u00f1o Nuevo.<br \/>\n<\/span><span style=\"font-family: Georgia, serif;\">6 de enero, Epifan\u00eda del Se\u00f1or.<br \/>\n<\/span><span style=\"font-family: Georgia, serif;\">2 de abril Jueves Santo.<br \/>\n<\/span><span style=\"font-family: Georgia, serif;\">3 de abril, Viernes Santo.<br \/>\n<\/span><span style=\"font-family: Georgia, serif;\">1 de mayo, D\u00eda del Trabajo.<br \/>\n<\/span><span style=\"font-family: Georgia, serif;\">31 de mayo, D\u00eda de la Comunidad Aut\u00f3noma.<br \/>\n<\/span><span style=\"font-family: Georgia, serif;\">4 de junio, Corpus Christi.<\/span><\/span><\/p>\n<p style=\"text-align: justify;\" align=\"justify\"><span style=\"font-family: Georgia, serif; font-size: 12pt;\">Los periodos festivos con descanso lectivo corresponden a:<\/span><\/p>\n<p style=\"text-align: justify;\" align=\"justify\"><span style=\"font-size: 12pt;\"><span style=\"font-family: Georgia, serif;\">Descanso de Navidad, del 22 de Diciembre al 6de Enero.<br \/>\n<\/span><span style=\"font-family: Georgia, serif;\">D\u00eda Ense\u00f1anza, 14 Noviembre.<br \/>\n<\/span><span style=\"font-family: Georgia, serif;\">Descanso de Semana Santa, del 30 de Marzo al 6 de Abril.<\/span><\/span><\/p>\n<p style=\"text-align: justify;\" align=\"justify\"><span style=\"font-family: Georgia, serif; font-size: 12pt;\"><u><b>\u00bfCuando sabremos definitivamente el Calendario Escolar para Caudete?<\/b><\/u><\/span><\/p>\n<p style=\"text-align: justify;\" align=\"justify\"><span style=\"font-family: Georgia, serif; font-size: 12pt;\">Ahora tan solo queda el pronunciamiento de la Delegaci\u00f3n Provincial de Educaci\u00f3n sobre la propuesta acordada por el Consejo Escolar Municipal, y en su caso sobre el acuerdo que adopte el Pleno con los Festivos Locales de 2026, para oficializar el pr\u00f3ximo curso escolar en cuanto a d\u00edas no lectivos; respuesta que obtendremos antes del inicio del Curso Escolar.<\/span><\/p>\n<p style=\"text-align: justify;\" align=\"justify\"><span style=\"font-family: Georgia, serif; font-size: 12pt;\"><u><b>Malestar y reivindicaci\u00f3n del Consejo Escolar Municipal ante la Delegaci\u00f3n de Educaci\u00f3n<\/b><\/u><\/span><\/p>\n<p style=\"text-align: justify;\" align=\"justify\"><span style=\"font-family: Georgia, serif; font-size: 12pt;\">Asimismo, la Concejal pone en conocimiento de la Delegaci\u00f3n de Educaci\u00f3n, y por medio del presente escrito a los caudetanos, del malestar generalizado de los miembros asistentes al Consejo Escolar del municipio, en cuanto al inicio de las fechas del curso escolar, ya que coinciden siempre con nuestras Fiestas Patronales.<\/span><\/p>\n<p style=\"text-align: justify;\" align=\"justify\"><span style=\"font-size: 12pt;\"><span style=\"font-family: Georgia, serif;\">Sabiendo de antemano que la mayor\u00eda de los alumnos no asistir\u00e1n a clase los d\u00edas 9 y 10 de septiembre, por existir un gran arraigo festero en Caudete, casi siempre esta localidad tiene que renunciar a los d\u00edas de libre disposici\u00f3n de Carnaval, aunque a su vez, es consciente de la <\/span><span style=\"font-family: Georgia, serif;\">necesidad de disponer de estos d\u00edas de descanso por parte del alumnado, por lo que cada vez resulta m\u00e1s dif\u00edcil consensuar un acuerdo entre docentes y familias.<\/span><\/span><\/p>\n<p style=\"text-align: justify;\" align=\"justify\"><span style=\"font-family: Georgia, serif; font-size: 12pt;\">Por tal motivo, trasladan el ruego de que para futuras elaboraciones de calendarios escolares se tenga en cuenta que en muchas localidades de nuestra Comunidad Aut\u00f3noma es festivo local el d\u00eda 8 de septiembre, por lo tambi\u00e9n ha solicitado que las fechas de inicio del curso escolar se produzcan salvado el citado d\u00eda, o por lo menos se permita una flexibilizaci\u00f3n en el inicio y la finalizaci\u00f3n del curso escolar (se puede comenzar alg\u00fan d\u00eda despu\u00e9s del marcado en el calendario escolar y por tanto, se retrase igualmente la finalizaci\u00f3n).<\/span><\/p>\n<p style=\"text-align: justify;\" align=\"center\"><span style=\"font-family: Georgia, serif; font-size: 12pt;\"><b>M.\u00aa MANUELA GONZ\u00c1LEZ SOLERA<\/b><\/span><\/p>\n<p style=\"text-align: justify;\" align=\"center\"><span style=\"font-family: Georgia, serif; font-size: 12pt;\"><b>CONCEJAL DE EDUCACI\u00d3N, CULTURA Y M\u00daSICA<\/b><\/span><\/p>\n<p style=\"text-align: justify;\" align=\"center\"><span style=\"font-family: Georgia, serif; font-size: 12pt;\">Caudete, 9 de Julio de 2025<\/span><\/p>\n","protected":false},"excerpt":{"rendered":"<p>La Concejal de Educaci\u00f3n, M\u00aa Manuela Gonz\u00e1lez, ha informado sobre el transcurso del Consejo Escolar Municipal celebrado el d\u00eda 3 de julio a las 10h en el Sal\u00f3n de Plenos, el cual ha analizado y debatido el Calendario Escolar establecido por la Consejer\u00eda de Educaci\u00f3n para el pr\u00f3ximo curso 2025\/2026, sobre el que se ha &hellip;<\/p>\n","protected":false},"author":6,"featured_media":29606,"comment_status":"closed","ping_status":"open","sticky":false,"template":"","format":"standard","meta":{"ngg_post_thumbnail":0,"footnotes":""},"categories":[25],"tags":[],"class_list":["post-29605","post","type-post","status-publish","format-standard","has-post-thumbnail","hentry","category-educacion"],"yoast_head":"<!-- This site is optimized with the Yoast SEO plugin v27.4 - https:\/\/yoast.com\/product\/yoast-seo-wordpress\/ -->\n<title>Caudete propone a la JCCM el 11 de septiembre para el inicio del curso escolar a educaci\u00f3n - MI Ayuntamiento de Caudete<\/title>\n<meta name=\"description\" content=\"P\u00e1gina Oficial del Ayuntamiento de Caudete (Albacete)\" \/>\n<meta name=\"robots\" content=\"index, follow, max-snippet:-1, max-image-preview:large, max-video-preview:-1\" \/>\n<link rel=\"canonical\" href=\"https:\/\/www.caudete.org\/ayuntamiento\/caudete-propone-a-la-jccm-el-11-de-septiembre-para-el-inicio-del-curso-escolar-a-educacion\/\" \/>\n<meta property=\"og:locale\" content=\"es_ES\" \/>\n<meta property=\"og:type\" content=\"article\" \/>\n<meta property=\"og:title\" content=\"Caudete propone a la JCCM el 11 de septiembre para el inicio del curso escolar a educaci\u00f3n - MI Ayuntamiento de Caudete\" \/>\n<meta property=\"og:description\" content=\"P\u00e1gina Oficial del Ayuntamiento de Caudete (Albacete)\" \/>\n<meta property=\"og:url\" content=\"https:\/\/www.caudete.org\/ayuntamiento\/caudete-propone-a-la-jccm-el-11-de-septiembre-para-el-inicio-del-curso-escolar-a-educacion\/\" \/>\n<meta property=\"og:site_name\" content=\"MI Ayuntamiento de Caudete\" \/>\n<meta property=\"article:publisher\" content=\"https:\/\/www.facebook.com\/ayuntamientocaudete\/\" \/>\n<meta property=\"article:published_time\" content=\"2025-07-09T06:39:23+00:00\" \/>\n<meta property=\"article:modified_time\" content=\"2025-07-10T11:47:31+00:00\" \/>\n<meta property=\"og:image\" content=\"https:\/\/www.caudete.org\/ayuntamiento\/wp-content\/uploads\/2025\/07\/calendario_escolar_caudete_digital.jpg\" \/>\n\t<meta property=\"og:image:width\" content=\"800\" \/>\n\t<meta property=\"og:image:height\" content=\"363\" \/>\n\t<meta property=\"og:image:type\" content=\"image\/jpeg\" \/>\n<meta name=\"author\" content=\"informatica2\" \/>\n<meta name=\"twitter:card\" content=\"summary_large_image\" \/>\n<meta name=\"twitter:label1\" content=\"Escrito por\" \/>\n\t<meta name=\"twitter:data1\" content=\"informatica2\" \/>\n\t<meta name=\"twitter:label2\" content=\"Tiempo de lectura\" \/>\n\t<meta name=\"twitter:data2\" content=\"4 minutos\" \/>\n<script type=\"application\/ld+json\" class=\"yoast-schema-graph\">{\"@context\":\"https:\\\/\\\/schema.org\",\"@graph\":[{\"@type\":\"Article\",\"@id\":\"https:\\\/\\\/www.caudete.org\\\/ayuntamiento\\\/caudete-propone-a-la-jccm-el-11-de-septiembre-para-el-inicio-del-curso-escolar-a-educacion\\\/#article\",\"isPartOf\":{\"@id\":\"https:\\\/\\\/www.caudete.org\\\/ayuntamiento\\\/caudete-propone-a-la-jccm-el-11-de-septiembre-para-el-inicio-del-curso-escolar-a-educacion\\\/\"},\"author\":{\"name\":\"informatica2\",\"@id\":\"https:\\\/\\\/www.caudete.org\\\/ayuntamiento\\\/#\\\/schema\\\/person\\\/abfa5ffd5010a14e078c21e6e61b6291\"},\"headline\":\"Caudete propone a la JCCM el 11 de septiembre para el inicio del curso escolar a educaci\u00f3n\",\"datePublished\":\"2025-07-09T06:39:23+00:00\",\"dateModified\":\"2025-07-10T11:47:31+00:00\",\"mainEntityOfPage\":{\"@id\":\"https:\\\/\\\/www.caudete.org\\\/ayuntamiento\\\/caudete-propone-a-la-jccm-el-11-de-septiembre-para-el-inicio-del-curso-escolar-a-educacion\\\/\"},\"wordCount\":702,\"publisher\":{\"@id\":\"https:\\\/\\\/www.caudete.org\\\/ayuntamiento\\\/#organization\"},\"image\":{\"@id\":\"https:\\\/\\\/www.caudete.org\\\/ayuntamiento\\\/caudete-propone-a-la-jccm-el-11-de-septiembre-para-el-inicio-del-curso-escolar-a-educacion\\\/#primaryimage\"},\"thumbnailUrl\":\"https:\\\/\\\/www.caudete.org\\\/ayuntamiento\\\/wp-content\\\/uploads\\\/2025\\\/07\\\/calendario_escolar_caudete_digital.jpg\",\"articleSection\":[\"Educaci\u00f3n\"],\"inLanguage\":\"es\"},{\"@type\":\"WebPage\",\"@id\":\"https:\\\/\\\/www.caudete.org\\\/ayuntamiento\\\/caudete-propone-a-la-jccm-el-11-de-septiembre-para-el-inicio-del-curso-escolar-a-educacion\\\/\",\"url\":\"https:\\\/\\\/www.caudete.org\\\/ayuntamiento\\\/caudete-propone-a-la-jccm-el-11-de-septiembre-para-el-inicio-del-curso-escolar-a-educacion\\\/\",\"name\":\"Caudete propone a la JCCM el 11 de septiembre para el inicio del curso escolar a educaci\u00f3n - MI Ayuntamiento de Caudete\",\"isPartOf\":{\"@id\":\"https:\\\/\\\/www.caudete.org\\\/ayuntamiento\\\/#website\"},\"primaryImageOfPage\":{\"@id\":\"https:\\\/\\\/www.caudete.org\\\/ayuntamiento\\\/caudete-propone-a-la-jccm-el-11-de-septiembre-para-el-inicio-del-curso-escolar-a-educacion\\\/#primaryimage\"},\"image\":{\"@id\":\"https:\\\/\\\/www.caudete.org\\\/ayuntamiento\\\/caudete-propone-a-la-jccm-el-11-de-septiembre-para-el-inicio-del-curso-escolar-a-educacion\\\/#primaryimage\"},\"thumbnailUrl\":\"https:\\\/\\\/www.caudete.org\\\/ayuntamiento\\\/wp-content\\\/uploads\\\/2025\\\/07\\\/calendario_escolar_caudete_digital.jpg\",\"datePublished\":\"2025-07-09T06:39:23+00:00\",\"dateModified\":\"2025-07-10T11:47:31+00:00\",\"description\":\"P\u00e1gina Oficial del Ayuntamiento de Caudete (Albacete)\",\"breadcrumb\":{\"@id\":\"https:\\\/\\\/www.caudete.org\\\/ayuntamiento\\\/caudete-propone-a-la-jccm-el-11-de-septiembre-para-el-inicio-del-curso-escolar-a-educacion\\\/#breadcrumb\"},\"inLanguage\":\"es\",\"potentialAction\":[{\"@type\":\"ReadAction\",\"target\":[\"https:\\\/\\\/www.caudete.org\\\/ayuntamiento\\\/caudete-propone-a-la-jccm-el-11-de-septiembre-para-el-inicio-del-curso-escolar-a-educacion\\\/\"]}]},{\"@type\":\"ImageObject\",\"inLanguage\":\"es\",\"@id\":\"https:\\\/\\\/www.caudete.org\\\/ayuntamiento\\\/caudete-propone-a-la-jccm-el-11-de-septiembre-para-el-inicio-del-curso-escolar-a-educacion\\\/#primaryimage\",\"url\":\"https:\\\/\\\/www.caudete.org\\\/ayuntamiento\\\/wp-content\\\/uploads\\\/2025\\\/07\\\/calendario_escolar_caudete_digital.jpg\",\"contentUrl\":\"https:\\\/\\\/www.caudete.org\\\/ayuntamiento\\\/wp-content\\\/uploads\\\/2025\\\/07\\\/calendario_escolar_caudete_digital.jpg\",\"width\":800,\"height\":363},{\"@type\":\"BreadcrumbList\",\"@id\":\"https:\\\/\\\/www.caudete.org\\\/ayuntamiento\\\/caudete-propone-a-la-jccm-el-11-de-septiembre-para-el-inicio-del-curso-escolar-a-educacion\\\/#breadcrumb\",\"itemListElement\":[{\"@type\":\"ListItem\",\"position\":1,\"name\":\"Inicio\",\"item\":\"https:\\\/\\\/www.caudete.org\\\/ayuntamiento\\\/\"},{\"@type\":\"ListItem\",\"position\":2,\"name\":\"Caudete propone a la JCCM el 11 de septiembre para el inicio del curso escolar a educaci\u00f3n\"}]},{\"@type\":\"WebSite\",\"@id\":\"https:\\\/\\\/www.caudete.org\\\/ayuntamiento\\\/#website\",\"url\":\"https:\\\/\\\/www.caudete.org\\\/ayuntamiento\\\/\",\"name\":\"MI Ayuntamiento de Caudete\",\"description\":\"P\u00e1gina Oficial del MI Ayuntamiento de Caudete\",\"publisher\":{\"@id\":\"https:\\\/\\\/www.caudete.org\\\/ayuntamiento\\\/#organization\"},\"potentialAction\":[{\"@type\":\"SearchAction\",\"target\":{\"@type\":\"EntryPoint\",\"urlTemplate\":\"https:\\\/\\\/www.caudete.org\\\/ayuntamiento\\\/?s={search_term_string}\"},\"query-input\":{\"@type\":\"PropertyValueSpecification\",\"valueRequired\":true,\"valueName\":\"search_term_string\"}}],\"inLanguage\":\"es\"},{\"@type\":\"Organization\",\"@id\":\"https:\\\/\\\/www.caudete.org\\\/ayuntamiento\\\/#organization\",\"name\":\"Ayuntamiento de Caudete\",\"url\":\"https:\\\/\\\/www.caudete.org\\\/ayuntamiento\\\/\",\"logo\":{\"@type\":\"ImageObject\",\"inLanguage\":\"es\",\"@id\":\"https:\\\/\\\/www.caudete.org\\\/ayuntamiento\\\/#\\\/schema\\\/logo\\\/image\\\/\",\"url\":\"https:\\\/\\\/www.caudete.org\\\/ayuntamiento\\\/wp-content\\\/uploads\\\/2020\\\/11\\\/logo_ayuntamiento_caudete.jpg\",\"contentUrl\":\"https:\\\/\\\/www.caudete.org\\\/ayuntamiento\\\/wp-content\\\/uploads\\\/2020\\\/11\\\/logo_ayuntamiento_caudete.jpg\",\"width\":600,\"height\":150,\"caption\":\"Ayuntamiento de Caudete\"},\"image\":{\"@id\":\"https:\\\/\\\/www.caudete.org\\\/ayuntamiento\\\/#\\\/schema\\\/logo\\\/image\\\/\"},\"sameAs\":[\"https:\\\/\\\/www.facebook.com\\\/ayuntamientocaudete\\\/\",\"https:\\\/\\\/www.youtube.com\\\/channel\\\/UC6VztHaooNsGpw-tNoBEFnQ\"]},{\"@type\":\"Person\",\"@id\":\"https:\\\/\\\/www.caudete.org\\\/ayuntamiento\\\/#\\\/schema\\\/person\\\/abfa5ffd5010a14e078c21e6e61b6291\",\"name\":\"informatica2\",\"image\":{\"@type\":\"ImageObject\",\"inLanguage\":\"es\",\"@id\":\"https:\\\/\\\/secure.gravatar.com\\\/avatar\\\/b089890ff033a3e4d03eec00ecb5a14425217205c513f60ec32ebeaaeb5fa700?s=96&d=mm&r=g\",\"url\":\"https:\\\/\\\/secure.gravatar.com\\\/avatar\\\/b089890ff033a3e4d03eec00ecb5a14425217205c513f60ec32ebeaaeb5fa700?s=96&d=mm&r=g\",\"contentUrl\":\"https:\\\/\\\/secure.gravatar.com\\\/avatar\\\/b089890ff033a3e4d03eec00ecb5a14425217205c513f60ec32ebeaaeb5fa700?s=96&d=mm&r=g\",\"caption\":\"informatica2\"},\"url\":\"https:\\\/\\\/www.caudete.org\\\/ayuntamiento\\\/author\\\/informatica2\\\/\"}]}<\/script>\n<!-- \/ Yoast SEO plugin. -->","yoast_head_json":{"title":"Caudete propone a la JCCM el 11 de septiembre para el inicio del curso escolar a educaci\u00f3n - MI Ayuntamiento de Caudete","description":"P\u00e1gina Oficial del Ayuntamiento de Caudete (Albacete)","robots":{"index":"index","follow":"follow","max-snippet":"max-snippet:-1","max-image-preview":"max-image-preview:large","max-video-preview":"max-video-preview:-1"},"canonical":"https:\/\/www.caudete.org\/ayuntamiento\/caudete-propone-a-la-jccm-el-11-de-septiembre-para-el-inicio-del-curso-escolar-a-educacion\/","og_locale":"es_ES","og_type":"article","og_title":"Caudete propone a la JCCM el 11 de septiembre para el inicio del curso escolar a educaci\u00f3n - MI Ayuntamiento de Caudete","og_description":"P\u00e1gina Oficial del Ayuntamiento de Caudete (Albacete)","og_url":"https:\/\/www.caudete.org\/ayuntamiento\/caudete-propone-a-la-jccm-el-11-de-septiembre-para-el-inicio-del-curso-escolar-a-educacion\/","og_site_name":"MI Ayuntamiento de Caudete","article_publisher":"https:\/\/www.facebook.com\/ayuntamientocaudete\/","article_published_time":"2025-07-09T06:39:23+00:00","article_modified_time":"2025-07-10T11:47:31+00:00","og_image":[{"width":800,"height":363,"url":"https:\/\/www.caudete.org\/ayuntamiento\/wp-content\/uploads\/2025\/07\/calendario_escolar_caudete_digital.jpg","type":"image\/jpeg"}],"author":"informatica2","twitter_card":"summary_large_image","twitter_misc":{"Escrito por":"informatica2","Tiempo de lectura":"4 minutos"},"schema":{"@context":"https:\/\/schema.org","@graph":[{"@type":"Article","@id":"https:\/\/www.caudete.org\/ayuntamiento\/caudete-propone-a-la-jccm-el-11-de-septiembre-para-el-inicio-del-curso-escolar-a-educacion\/#article","isPartOf":{"@id":"https:\/\/www.caudete.org\/ayuntamiento\/caudete-propone-a-la-jccm-el-11-de-septiembre-para-el-inicio-del-curso-escolar-a-educacion\/"},"author":{"name":"informatica2","@id":"https:\/\/www.caudete.org\/ayuntamiento\/#\/schema\/person\/abfa5ffd5010a14e078c21e6e61b6291"},"headline":"Caudete propone a la JCCM el 11 de septiembre para el inicio del curso escolar a educaci\u00f3n","datePublished":"2025-07-09T06:39:23+00:00","dateModified":"2025-07-10T11:47:31+00:00","mainEntityOfPage":{"@id":"https:\/\/www.caudete.org\/ayuntamiento\/caudete-propone-a-la-jccm-el-11-de-septiembre-para-el-inicio-del-curso-escolar-a-educacion\/"},"wordCount":702,"publisher":{"@id":"https:\/\/www.caudete.org\/ayuntamiento\/#organization"},"image":{"@id":"https:\/\/www.caudete.org\/ayuntamiento\/caudete-propone-a-la-jccm-el-11-de-septiembre-para-el-inicio-del-curso-escolar-a-educacion\/#primaryimage"},"thumbnailUrl":"https:\/\/www.caudete.org\/ayuntamiento\/wp-content\/uploads\/2025\/07\/calendario_escolar_caudete_digital.jpg","articleSection":["Educaci\u00f3n"],"inLanguage":"es"},{"@type":"WebPage","@id":"https:\/\/www.caudete.org\/ayuntamiento\/caudete-propone-a-la-jccm-el-11-de-septiembre-para-el-inicio-del-curso-escolar-a-educacion\/","url":"https:\/\/www.caudete.org\/ayuntamiento\/caudete-propone-a-la-jccm-el-11-de-septiembre-para-el-inicio-del-curso-escolar-a-educacion\/","name":"Caudete propone a la JCCM el 11 de septiembre para el inicio del curso escolar a educaci\u00f3n - MI Ayuntamiento de Caudete","isPartOf":{"@id":"https:\/\/www.caudete.org\/ayuntamiento\/#website"},"primaryImageOfPage":{"@id":"https:\/\/www.caudete.org\/ayuntamiento\/caudete-propone-a-la-jccm-el-11-de-septiembre-para-el-inicio-del-curso-escolar-a-educacion\/#primaryimage"},"image":{"@id":"https:\/\/www.caudete.org\/ayuntamiento\/caudete-propone-a-la-jccm-el-11-de-septiembre-para-el-inicio-del-curso-escolar-a-educacion\/#primaryimage"},"thumbnailUrl":"https:\/\/www.caudete.org\/ayuntamiento\/wp-content\/uploads\/2025\/07\/calendario_escolar_caudete_digital.jpg","datePublished":"2025-07-09T06:39:23+00:00","dateModified":"2025-07-10T11:47:31+00:00","description":"P\u00e1gina Oficial del Ayuntamiento de Caudete (Albacete)","breadcrumb":{"@id":"https:\/\/www.caudete.org\/ayuntamiento\/caudete-propone-a-la-jccm-el-11-de-septiembre-para-el-inicio-del-curso-escolar-a-educacion\/#breadcrumb"},"inLanguage":"es","potentialAction":[{"@type":"ReadAction","target":["https:\/\/www.caudete.org\/ayuntamiento\/caudete-propone-a-la-jccm-el-11-de-septiembre-para-el-inicio-del-curso-escolar-a-educacion\/"]}]},{"@type":"ImageObject","inLanguage":"es","@id":"https:\/\/www.caudete.org\/ayuntamiento\/caudete-propone-a-la-jccm-el-11-de-septiembre-para-el-inicio-del-curso-escolar-a-educacion\/#primaryimage","url":"https:\/\/www.caudete.org\/ayuntamiento\/wp-content\/uploads\/2025\/07\/calendario_escolar_caudete_digital.jpg","contentUrl":"https:\/\/www.caudete.org\/ayuntamiento\/wp-content\/uploads\/2025\/07\/calendario_escolar_caudete_digital.jpg","width":800,"height":363},{"@type":"BreadcrumbList","@id":"https:\/\/www.caudete.org\/ayuntamiento\/caudete-propone-a-la-jccm-el-11-de-septiembre-para-el-inicio-del-curso-escolar-a-educacion\/#breadcrumb","itemListElement":[{"@type":"ListItem","position":1,"name":"Inicio","item":"https:\/\/www.caudete.org\/ayuntamiento\/"},{"@type":"ListItem","position":2,"name":"Caudete propone a la JCCM el 11 de septiembre para el inicio del curso escolar a educaci\u00f3n"}]},{"@type":"WebSite","@id":"https:\/\/www.caudete.org\/ayuntamiento\/#website","url":"https:\/\/www.caudete.org\/ayuntamiento\/","name":"MI Ayuntamiento de Caudete","description":"P\u00e1gina Oficial del MI Ayuntamiento de Caudete","publisher":{"@id":"https:\/\/www.caudete.org\/ayuntamiento\/#organization"},"potentialAction":[{"@type":"SearchAction","target":{"@type":"EntryPoint","urlTemplate":"https:\/\/www.caudete.org\/ayuntamiento\/?s={search_term_string}"},"query-input":{"@type":"PropertyValueSpecification","valueRequired":true,"valueName":"search_term_string"}}],"inLanguage":"es"},{"@type":"Organization","@id":"https:\/\/www.caudete.org\/ayuntamiento\/#organization","name":"Ayuntamiento de Caudete","url":"https:\/\/www.caudete.org\/ayuntamiento\/","logo":{"@type":"ImageObject","inLanguage":"es","@id":"https:\/\/www.caudete.org\/ayuntamiento\/#\/schema\/logo\/image\/","url":"https:\/\/www.caudete.org\/ayuntamiento\/wp-content\/uploads\/2020\/11\/logo_ayuntamiento_caudete.jpg","contentUrl":"https:\/\/www.caudete.org\/ayuntamiento\/wp-content\/uploads\/2020\/11\/logo_ayuntamiento_caudete.jpg","width":600,"height":150,"caption":"Ayuntamiento de Caudete"},"image":{"@id":"https:\/\/www.caudete.org\/ayuntamiento\/#\/schema\/logo\/image\/"},"sameAs":["https:\/\/www.facebook.com\/ayuntamientocaudete\/","https:\/\/www.youtube.com\/channel\/UC6VztHaooNsGpw-tNoBEFnQ"]},{"@type":"Person","@id":"https:\/\/www.caudete.org\/ayuntamiento\/#\/schema\/person\/abfa5ffd5010a14e078c21e6e61b6291","name":"informatica2","image":{"@type":"ImageObject","inLanguage":"es","@id":"https:\/\/secure.gravatar.com\/avatar\/b089890ff033a3e4d03eec00ecb5a14425217205c513f60ec32ebeaaeb5fa700?s=96&d=mm&r=g","url":"https:\/\/secure.gravatar.com\/avatar\/b089890ff033a3e4d03eec00ecb5a14425217205c513f60ec32ebeaaeb5fa700?s=96&d=mm&r=g","contentUrl":"https:\/\/secure.gravatar.com\/avatar\/b089890ff033a3e4d03eec00ecb5a14425217205c513f60ec32ebeaaeb5fa700?s=96&d=mm&r=g","caption":"informatica2"},"url":"https:\/\/www.caudete.org\/ayuntamiento\/author\/informatica2\/"}]}},"_links":{"self":[{"href":"https:\/\/www.caudete.org\/ayuntamiento\/wp-json\/wp\/v2\/posts\/29605","targetHints":{"allow":["GET"]}}],"collection":[{"href":"https:\/\/www.caudete.org\/ayuntamiento\/wp-json\/wp\/v2\/posts"}],"about":[{"href":"https:\/\/www.caudete.org\/ayuntamiento\/wp-json\/wp\/v2\/types\/post"}],"author":[{"embeddable":true,"href":"https:\/\/www.caudete.org\/ayuntamiento\/wp-json\/wp\/v2\/users\/6"}],"replies":[{"embeddable":true,"href":"https:\/\/www.caudete.org\/ayuntamiento\/wp-json\/wp\/v2\/comments?post=29605"}],"version-history":[{"count":6,"href":"https:\/\/www.caudete.org\/ayuntamiento\/wp-json\/wp\/v2\/posts\/29605\/revisions"}],"predecessor-version":[{"id":29698,"href":"https:\/\/www.caudete.org\/ayuntamiento\/wp-json\/wp\/v2\/posts\/29605\/revisions\/29698"}],"wp:featuredmedia":[{"embeddable":true,"href":"https:\/\/www.caudete.org\/ayuntamiento\/wp-json\/wp\/v2\/media\/29606"}],"wp:attachment":[{"href":"https:\/\/www.caudete.org\/ayuntamiento\/wp-json\/wp\/v2\/media?parent=29605"}],"wp:term":[{"taxonomy":"category","embeddable":true,"href":"https:\/\/www.caudete.org\/ayuntamiento\/wp-json\/wp\/v2\/categories?post=29605"},{"taxonomy":"post_tag","embeddable":true,"href":"https:\/\/www.caudete.org\/ayuntamiento\/wp-json\/wp\/v2\/tags?post=29605"}],"curies":[{"name":"wp","href":"https:\/\/api.w.org\/{rel}","templated":true}]}}