{"id":29634,"date":"2025-07-09T10:50:50","date_gmt":"2025-07-09T08:50:50","guid":{"rendered":"https:\/\/www.caudete.org\/ayuntamiento\/?p=29634"},"modified":"2025-07-10T14:24:17","modified_gmt":"2025-07-10T12:24:17","slug":"refuerzo-de-los-tratamientos-en-las-zonas-con-avisos-recientes","status":"publish","type":"post","link":"https:\/\/www.caudete.org\/ayuntamiento\/refuerzo-de-los-tratamientos-en-las-zonas-con-avisos-recientes\/","title":{"rendered":"Refuerzo de los tratamientos en las zonas con avisos recientes"},"content":{"rendered":"<p style=\"text-align: justify;\" data-start=\"236\" data-end=\"562\"><span style=\"font-size: 12pt;\">Desde la <strong data-start=\"245\" data-end=\"277\">Concejal\u00eda de Medio Ambiente<\/strong> informamos a la ciudadan\u00eda que, en el marco del \u201cServicio de Gesti\u00f3n de Plagas\u201d contratado por la Diputaci\u00f3n de Albacete, la empresa especializada <strong data-start=\"425\" data-end=\"443\">LOK\u00cdMICA, S.A.<\/strong> llevar\u00e1 a cabo un nuevo tratamiento contra cucarachas en nuestro municipio el pr\u00f3ximo <strong data-start=\"530\" data-end=\"561\">jueves, 10 de julio de 2025<\/strong>.<\/span><\/p>\n<p style=\"text-align: justify;\" data-start=\"564\" data-end=\"1019\"><span style=\"font-size: 12pt;\">Este a\u00f1o, los tratamientos se adelantaron respecto a ejercicios anteriores con el objetivo de mejorar el control de la poblaci\u00f3n de estos insectos. Gracias a un <strong data-start=\"725\" data-end=\"783\">estudio previo realizado por los operarios municipales<\/strong>, se identificaron los focos m\u00e1s activos, permitiendo una intervenci\u00f3n m\u00e1s precisa. Como resultado, <strong data-start=\"883\" data-end=\"967\">los avisos vecinales han disminuido considerablemente respecto a a\u00f1os anteriores<\/strong>, lo que demuestra una mayor eficacia en el control.<\/span><\/p>\n<p style=\"text-align: justify;\" data-start=\"1021\" data-end=\"1170\"><span style=\"font-size: 12pt;\">Ante nuevos avisos recibidos en los \u00faltimos d\u00edas, adem\u00e1s de reforzar la <strong data-start=\"1093\" data-end=\"1119\">calle Miguel Hern\u00e1ndez<\/strong>, se actuar\u00e1 especialmente en las siguientes zonas:<\/span><\/p>\n<p style=\"text-align: justify;\"><span style=\"font-size: 12pt;\"><strong data-start=\"1174\" data-end=\"1201\">\u00a0 \u00a0 \u00a0\u2022 C\/ Poeta Evaristo Ba\u00f1\u00f3n<br \/>\n<\/strong><strong data-start=\"1206\" data-end=\"1236\">\u00a0 \u00a0 \u00a0\u2022 C\/ Corona de Arag\u00f3n, 28-30<br \/>\n<\/strong><strong data-start=\"1241\" data-end=\"1269\">\u00a0 \u00a0 \u00a0\u2022 Avda. de la Libertad, 61<br \/>\n<\/strong><strong data-start=\"1274\" data-end=\"1302\">\u00a0 \u00a0 \u00a0\u2022 C\/ Juan \u00c1ngel Amor\u00f3s, 22<br \/>\n<\/strong><strong data-start=\"1307\" data-end=\"1339\">\u00a0 \u00a0 \u00a0\u2022 Centro Vicente Lillo (aseos)<br \/>\n<\/strong><strong data-start=\"1344\" data-end=\"1394\">\u00a0 \u00a0 \u00a0\u2022 Instalaciones de la Polic\u00eda Local (C\/ Mercado)<\/strong><\/span><\/p>\n<p style=\"text-align: justify;\" data-start=\"1396\" data-end=\"1512\"><span style=\"font-size: 12pt;\">Estas zonas ser\u00e1n <strong data-start=\"1414\" data-end=\"1466\">revisadas y tratadas el mismo jueves 10 de julio<\/strong> por los t\u00e9cnicos de la empresa adjudicataria.<\/span><\/p>\n<p style=\"text-align: justify;\" data-start=\"1514\" data-end=\"1864\"><span style=\"font-size: 12pt;\">Desde la Concejal\u00eda de Medio Ambiente seguimos trabajando para <strong data-start=\"1577\" data-end=\"1695\">garantizar la salubridad, la prevenci\u00f3n de plagas urbanas y el bienestar de todos los vecinos y vecinas de Caudete<\/strong>. Agradecemos la colaboraci\u00f3n ciudadana en la detecci\u00f3n de incidencias y recordamos que pueden seguir comunicando cualquier anomal\u00eda a trav\u00e9s de los canales municipales.<\/span><\/p>\n<p style=\"text-align: justify;\" data-start=\"1866\" data-end=\"1941\"><span style=\"font-size: 12pt;\"><strong data-start=\"1866\" data-end=\"1898\">Francisco Jos\u00e9 Castell\u00f3 Castell\u00f3<br \/>\nConcejal\u00eda de Medio Ambiente<\/strong><\/span><br data-start=\"1898\" data-end=\"1901\" \/><span style=\"font-size: 12pt;\"><strong data-start=\"1901\" data-end=\"1928\">Ayuntamiento de Caudete<\/strong><\/span><br data-start=\"1928\" data-end=\"1931\" \/><span style=\"font-size: 12pt;\">Julio 2025<\/span><\/p>\n","protected":false},"excerpt":{"rendered":"<p>Desde la Concejal\u00eda de Medio Ambiente informamos a la ciudadan\u00eda que, en el marco del \u201cServicio de Gesti\u00f3n de Plagas\u201d contratado por la Diputaci\u00f3n de Albacete, la empresa especializada LOK\u00cdMICA, S.A. llevar\u00e1 a cabo un nuevo tratamiento contra cucarachas en nuestro municipio el pr\u00f3ximo jueves, 10 de julio de 2025. Este a\u00f1o, los tratamientos se &hellip;<\/p>\n","protected":false},"author":7,"featured_media":29636,"comment_status":"closed","ping_status":"open","sticky":false,"template":"","format":"standard","meta":{"ngg_post_thumbnail":0,"footnotes":""},"categories":[29],"tags":[],"class_list":["post-29634","post","type-post","status-publish","format-standard","has-post-thumbnail","hentry","category-medio-ambiente"],"yoast_head":"<!-- This site is optimized with the Yoast SEO plugin v27.5 - https:\/\/yoast.com\/product\/yoast-seo-wordpress\/ -->\n<title>Refuerzo de los tratamientos en las zonas con avisos recientes - MI Ayuntamiento de Caudete<\/title>\n<meta name=\"description\" content=\"P\u00e1gina Oficial del Ayuntamiento de Caudete (Albacete)\" \/>\n<meta name=\"robots\" content=\"index, follow, max-snippet:-1, max-image-preview:large, max-video-preview:-1\" \/>\n<link rel=\"canonical\" href=\"https:\/\/www.caudete.org\/ayuntamiento\/refuerzo-de-los-tratamientos-en-las-zonas-con-avisos-recientes\/\" \/>\n<meta property=\"og:locale\" content=\"es_ES\" \/>\n<meta property=\"og:type\" content=\"article\" \/>\n<meta property=\"og:title\" content=\"Refuerzo de los tratamientos en las zonas con avisos recientes - MI Ayuntamiento de Caudete\" \/>\n<meta property=\"og:description\" content=\"P\u00e1gina Oficial del Ayuntamiento de Caudete (Albacete)\" \/>\n<meta property=\"og:url\" content=\"https:\/\/www.caudete.org\/ayuntamiento\/refuerzo-de-los-tratamientos-en-las-zonas-con-avisos-recientes\/\" \/>\n<meta property=\"og:site_name\" content=\"MI Ayuntamiento de Caudete\" \/>\n<meta property=\"article:publisher\" content=\"https:\/\/www.facebook.com\/ayuntamientocaudete\/\" \/>\n<meta property=\"article:published_time\" content=\"2025-07-09T08:50:50+00:00\" \/>\n<meta property=\"article:modified_time\" content=\"2025-07-10T12:24:17+00:00\" \/>\n<meta property=\"og:image\" content=\"https:\/\/www.caudete.org\/ayuntamiento\/wp-content\/uploads\/2025\/07\/225ba0e6-067a-43a0-827e-d9654886b74d-e1752058160752.jpg\" \/>\n\t<meta property=\"og:image:width\" content=\"1600\" \/>\n\t<meta property=\"og:image:height\" content=\"696\" \/>\n\t<meta property=\"og:image:type\" content=\"image\/jpeg\" \/>\n<meta name=\"author\" content=\"ConceMediosComunicacion\" \/>\n<meta name=\"twitter:card\" content=\"summary_large_image\" \/>\n<meta name=\"twitter:label1\" content=\"Escrito por\" \/>\n\t<meta name=\"twitter:data1\" content=\"ConceMediosComunicacion\" \/>\n\t<meta name=\"twitter:label2\" content=\"Tiempo de lectura\" \/>\n\t<meta name=\"twitter:data2\" content=\"2 minutos\" \/>\n<script type=\"application\/ld+json\" class=\"yoast-schema-graph\">{\"@context\":\"https:\\\/\\\/schema.org\",\"@graph\":[{\"@type\":\"Article\",\"@id\":\"https:\\\/\\\/www.caudete.org\\\/ayuntamiento\\\/refuerzo-de-los-tratamientos-en-las-zonas-con-avisos-recientes\\\/#article\",\"isPartOf\":{\"@id\":\"https:\\\/\\\/www.caudete.org\\\/ayuntamiento\\\/refuerzo-de-los-tratamientos-en-las-zonas-con-avisos-recientes\\\/\"},\"author\":{\"name\":\"ConceMediosComunicacion\",\"@id\":\"https:\\\/\\\/www.caudete.org\\\/ayuntamiento\\\/#\\\/schema\\\/person\\\/20dfe238fe5ee9d5f5e69267aa623e05\"},\"headline\":\"Refuerzo de los tratamientos en las zonas con avisos recientes\",\"datePublished\":\"2025-07-09T08:50:50+00:00\",\"dateModified\":\"2025-07-10T12:24:17+00:00\",\"mainEntityOfPage\":{\"@id\":\"https:\\\/\\\/www.caudete.org\\\/ayuntamiento\\\/refuerzo-de-los-tratamientos-en-las-zonas-con-avisos-recientes\\\/\"},\"wordCount\":283,\"image\":{\"@id\":\"https:\\\/\\\/www.caudete.org\\\/ayuntamiento\\\/refuerzo-de-los-tratamientos-en-las-zonas-con-avisos-recientes\\\/#primaryimage\"},\"thumbnailUrl\":\"https:\\\/\\\/www.caudete.org\\\/ayuntamiento\\\/wp-content\\\/uploads\\\/2025\\\/07\\\/225ba0e6-067a-43a0-827e-d9654886b74d-e1752058160752.jpg\",\"articleSection\":[\"Medio Ambiente\"],\"inLanguage\":\"es\"},{\"@type\":\"WebPage\",\"@id\":\"https:\\\/\\\/www.caudete.org\\\/ayuntamiento\\\/refuerzo-de-los-tratamientos-en-las-zonas-con-avisos-recientes\\\/\",\"url\":\"https:\\\/\\\/www.caudete.org\\\/ayuntamiento\\\/refuerzo-de-los-tratamientos-en-las-zonas-con-avisos-recientes\\\/\",\"name\":\"Refuerzo de los tratamientos en las zonas con avisos recientes - MI Ayuntamiento de Caudete\",\"isPartOf\":{\"@id\":\"https:\\\/\\\/www.caudete.org\\\/ayuntamiento\\\/#website\"},\"primaryImageOfPage\":{\"@id\":\"https:\\\/\\\/www.caudete.org\\\/ayuntamiento\\\/refuerzo-de-los-tratamientos-en-las-zonas-con-avisos-recientes\\\/#primaryimage\"},\"image\":{\"@id\":\"https:\\\/\\\/www.caudete.org\\\/ayuntamiento\\\/refuerzo-de-los-tratamientos-en-las-zonas-con-avisos-recientes\\\/#primaryimage\"},\"thumbnailUrl\":\"https:\\\/\\\/www.caudete.org\\\/ayuntamiento\\\/wp-content\\\/uploads\\\/2025\\\/07\\\/225ba0e6-067a-43a0-827e-d9654886b74d-e1752058160752.jpg\",\"datePublished\":\"2025-07-09T08:50:50+00:00\",\"dateModified\":\"2025-07-10T12:24:17+00:00\",\"author\":{\"@id\":\"https:\\\/\\\/www.caudete.org\\\/ayuntamiento\\\/#\\\/schema\\\/person\\\/20dfe238fe5ee9d5f5e69267aa623e05\"},\"description\":\"P\u00e1gina Oficial del Ayuntamiento de Caudete (Albacete)\",\"breadcrumb\":{\"@id\":\"https:\\\/\\\/www.caudete.org\\\/ayuntamiento\\\/refuerzo-de-los-tratamientos-en-las-zonas-con-avisos-recientes\\\/#breadcrumb\"},\"inLanguage\":\"es\",\"potentialAction\":[{\"@type\":\"ReadAction\",\"target\":[\"https:\\\/\\\/www.caudete.org\\\/ayuntamiento\\\/refuerzo-de-los-tratamientos-en-las-zonas-con-avisos-recientes\\\/\"]}]},{\"@type\":\"ImageObject\",\"inLanguage\":\"es\",\"@id\":\"https:\\\/\\\/www.caudete.org\\\/ayuntamiento\\\/refuerzo-de-los-tratamientos-en-las-zonas-con-avisos-recientes\\\/#primaryimage\",\"url\":\"https:\\\/\\\/www.caudete.org\\\/ayuntamiento\\\/wp-content\\\/uploads\\\/2025\\\/07\\\/225ba0e6-067a-43a0-827e-d9654886b74d-e1752058160752.jpg\",\"contentUrl\":\"https:\\\/\\\/www.caudete.org\\\/ayuntamiento\\\/wp-content\\\/uploads\\\/2025\\\/07\\\/225ba0e6-067a-43a0-827e-d9654886b74d-e1752058160752.jpg\",\"width\":1600,\"height\":696},{\"@type\":\"BreadcrumbList\",\"@id\":\"https:\\\/\\\/www.caudete.org\\\/ayuntamiento\\\/refuerzo-de-los-tratamientos-en-las-zonas-con-avisos-recientes\\\/#breadcrumb\",\"itemListElement\":[{\"@type\":\"ListItem\",\"position\":1,\"name\":\"Inicio\",\"item\":\"https:\\\/\\\/www.caudete.org\\\/ayuntamiento\\\/\"},{\"@type\":\"ListItem\",\"position\":2,\"name\":\"Refuerzo de los tratamientos en las zonas con avisos recientes\"}]},{\"@type\":\"WebSite\",\"@id\":\"https:\\\/\\\/www.caudete.org\\\/ayuntamiento\\\/#website\",\"url\":\"https:\\\/\\\/www.caudete.org\\\/ayuntamiento\\\/\",\"name\":\"MI Ayuntamiento de Caudete\",\"description\":\"P\u00e1gina Oficial del MI Ayuntamiento de Caudete\",\"potentialAction\":[{\"@type\":\"SearchAction\",\"target\":{\"@type\":\"EntryPoint\",\"urlTemplate\":\"https:\\\/\\\/www.caudete.org\\\/ayuntamiento\\\/?s={search_term_string}\"},\"query-input\":{\"@type\":\"PropertyValueSpecification\",\"valueRequired\":true,\"valueName\":\"search_term_string\"}}],\"inLanguage\":\"es\"},{\"@type\":\"Person\",\"@id\":\"https:\\\/\\\/www.caudete.org\\\/ayuntamiento\\\/#\\\/schema\\\/person\\\/20dfe238fe5ee9d5f5e69267aa623e05\",\"name\":\"ConceMediosComunicacion\",\"image\":{\"@type\":\"ImageObject\",\"inLanguage\":\"es\",\"@id\":\"https:\\\/\\\/secure.gravatar.com\\\/avatar\\\/9d162043ba1cd4ab14413e29fdb3655bfccde37e65ca99013604f8d2a19c636d?s=96&d=mm&r=g\",\"url\":\"https:\\\/\\\/secure.gravatar.com\\\/avatar\\\/9d162043ba1cd4ab14413e29fdb3655bfccde37e65ca99013604f8d2a19c636d?s=96&d=mm&r=g\",\"contentUrl\":\"https:\\\/\\\/secure.gravatar.com\\\/avatar\\\/9d162043ba1cd4ab14413e29fdb3655bfccde37e65ca99013604f8d2a19c636d?s=96&d=mm&r=g\",\"caption\":\"ConceMediosComunicacion\"},\"url\":\"https:\\\/\\\/www.caudete.org\\\/ayuntamiento\\\/author\\\/concemedioscomunicacion\\\/\"}]}<\/script>\n<!-- \/ Yoast SEO plugin. -->","yoast_head_json":{"title":"Refuerzo de los tratamientos en las zonas con avisos recientes - MI Ayuntamiento de Caudete","description":"P\u00e1gina Oficial del Ayuntamiento de Caudete (Albacete)","robots":{"index":"index","follow":"follow","max-snippet":"max-snippet:-1","max-image-preview":"max-image-preview:large","max-video-preview":"max-video-preview:-1"},"canonical":"https:\/\/www.caudete.org\/ayuntamiento\/refuerzo-de-los-tratamientos-en-las-zonas-con-avisos-recientes\/","og_locale":"es_ES","og_type":"article","og_title":"Refuerzo de los tratamientos en las zonas con avisos recientes - MI Ayuntamiento de Caudete","og_description":"P\u00e1gina Oficial del Ayuntamiento de Caudete (Albacete)","og_url":"https:\/\/www.caudete.org\/ayuntamiento\/refuerzo-de-los-tratamientos-en-las-zonas-con-avisos-recientes\/","og_site_name":"MI Ayuntamiento de Caudete","article_publisher":"https:\/\/www.facebook.com\/ayuntamientocaudete\/","article_published_time":"2025-07-09T08:50:50+00:00","article_modified_time":"2025-07-10T12:24:17+00:00","og_image":[{"width":1600,"height":696,"url":"https:\/\/www.caudete.org\/ayuntamiento\/wp-content\/uploads\/2025\/07\/225ba0e6-067a-43a0-827e-d9654886b74d-e1752058160752.jpg","type":"image\/jpeg"}],"author":"ConceMediosComunicacion","twitter_card":"summary_large_image","twitter_misc":{"Escrito por":"ConceMediosComunicacion","Tiempo de lectura":"2 minutos"},"schema":{"@context":"https:\/\/schema.org","@graph":[{"@type":"Article","@id":"https:\/\/www.caudete.org\/ayuntamiento\/refuerzo-de-los-tratamientos-en-las-zonas-con-avisos-recientes\/#article","isPartOf":{"@id":"https:\/\/www.caudete.org\/ayuntamiento\/refuerzo-de-los-tratamientos-en-las-zonas-con-avisos-recientes\/"},"author":{"name":"ConceMediosComunicacion","@id":"https:\/\/www.caudete.org\/ayuntamiento\/#\/schema\/person\/20dfe238fe5ee9d5f5e69267aa623e05"},"headline":"Refuerzo de los tratamientos en las zonas con avisos recientes","datePublished":"2025-07-09T08:50:50+00:00","dateModified":"2025-07-10T12:24:17+00:00","mainEntityOfPage":{"@id":"https:\/\/www.caudete.org\/ayuntamiento\/refuerzo-de-los-tratamientos-en-las-zonas-con-avisos-recientes\/"},"wordCount":283,"image":{"@id":"https:\/\/www.caudete.org\/ayuntamiento\/refuerzo-de-los-tratamientos-en-las-zonas-con-avisos-recientes\/#primaryimage"},"thumbnailUrl":"https:\/\/www.caudete.org\/ayuntamiento\/wp-content\/uploads\/2025\/07\/225ba0e6-067a-43a0-827e-d9654886b74d-e1752058160752.jpg","articleSection":["Medio Ambiente"],"inLanguage":"es"},{"@type":"WebPage","@id":"https:\/\/www.caudete.org\/ayuntamiento\/refuerzo-de-los-tratamientos-en-las-zonas-con-avisos-recientes\/","url":"https:\/\/www.caudete.org\/ayuntamiento\/refuerzo-de-los-tratamientos-en-las-zonas-con-avisos-recientes\/","name":"Refuerzo de los tratamientos en las zonas con avisos recientes - MI Ayuntamiento de Caudete","isPartOf":{"@id":"https:\/\/www.caudete.org\/ayuntamiento\/#website"},"primaryImageOfPage":{"@id":"https:\/\/www.caudete.org\/ayuntamiento\/refuerzo-de-los-tratamientos-en-las-zonas-con-avisos-recientes\/#primaryimage"},"image":{"@id":"https:\/\/www.caudete.org\/ayuntamiento\/refuerzo-de-los-tratamientos-en-las-zonas-con-avisos-recientes\/#primaryimage"},"thumbnailUrl":"https:\/\/www.caudete.org\/ayuntamiento\/wp-content\/uploads\/2025\/07\/225ba0e6-067a-43a0-827e-d9654886b74d-e1752058160752.jpg","datePublished":"2025-07-09T08:50:50+00:00","dateModified":"2025-07-10T12:24:17+00:00","author":{"@id":"https:\/\/www.caudete.org\/ayuntamiento\/#\/schema\/person\/20dfe238fe5ee9d5f5e69267aa623e05"},"description":"P\u00e1gina Oficial del Ayuntamiento de Caudete (Albacete)","breadcrumb":{"@id":"https:\/\/www.caudete.org\/ayuntamiento\/refuerzo-de-los-tratamientos-en-las-zonas-con-avisos-recientes\/#breadcrumb"},"inLanguage":"es","potentialAction":[{"@type":"ReadAction","target":["https:\/\/www.caudete.org\/ayuntamiento\/refuerzo-de-los-tratamientos-en-las-zonas-con-avisos-recientes\/"]}]},{"@type":"ImageObject","inLanguage":"es","@id":"https:\/\/www.caudete.org\/ayuntamiento\/refuerzo-de-los-tratamientos-en-las-zonas-con-avisos-recientes\/#primaryimage","url":"https:\/\/www.caudete.org\/ayuntamiento\/wp-content\/uploads\/2025\/07\/225ba0e6-067a-43a0-827e-d9654886b74d-e1752058160752.jpg","contentUrl":"https:\/\/www.caudete.org\/ayuntamiento\/wp-content\/uploads\/2025\/07\/225ba0e6-067a-43a0-827e-d9654886b74d-e1752058160752.jpg","width":1600,"height":696},{"@type":"BreadcrumbList","@id":"https:\/\/www.caudete.org\/ayuntamiento\/refuerzo-de-los-tratamientos-en-las-zonas-con-avisos-recientes\/#breadcrumb","itemListElement":[{"@type":"ListItem","position":1,"name":"Inicio","item":"https:\/\/www.caudete.org\/ayuntamiento\/"},{"@type":"ListItem","position":2,"name":"Refuerzo de los tratamientos en las zonas con avisos recientes"}]},{"@type":"WebSite","@id":"https:\/\/www.caudete.org\/ayuntamiento\/#website","url":"https:\/\/www.caudete.org\/ayuntamiento\/","name":"MI Ayuntamiento de Caudete","description":"P\u00e1gina Oficial del MI Ayuntamiento de Caudete","potentialAction":[{"@type":"SearchAction","target":{"@type":"EntryPoint","urlTemplate":"https:\/\/www.caudete.org\/ayuntamiento\/?s={search_term_string}"},"query-input":{"@type":"PropertyValueSpecification","valueRequired":true,"valueName":"search_term_string"}}],"inLanguage":"es"},{"@type":"Person","@id":"https:\/\/www.caudete.org\/ayuntamiento\/#\/schema\/person\/20dfe238fe5ee9d5f5e69267aa623e05","name":"ConceMediosComunicacion","image":{"@type":"ImageObject","inLanguage":"es","@id":"https:\/\/secure.gravatar.com\/avatar\/9d162043ba1cd4ab14413e29fdb3655bfccde37e65ca99013604f8d2a19c636d?s=96&d=mm&r=g","url":"https:\/\/secure.gravatar.com\/avatar\/9d162043ba1cd4ab14413e29fdb3655bfccde37e65ca99013604f8d2a19c636d?s=96&d=mm&r=g","contentUrl":"https:\/\/secure.gravatar.com\/avatar\/9d162043ba1cd4ab14413e29fdb3655bfccde37e65ca99013604f8d2a19c636d?s=96&d=mm&r=g","caption":"ConceMediosComunicacion"},"url":"https:\/\/www.caudete.org\/ayuntamiento\/author\/concemedioscomunicacion\/"}]}},"_links":{"self":[{"href":"https:\/\/www.caudete.org\/ayuntamiento\/wp-json\/wp\/v2\/posts\/29634","targetHints":{"allow":["GET"]}}],"collection":[{"href":"https:\/\/www.caudete.org\/ayuntamiento\/wp-json\/wp\/v2\/posts"}],"about":[{"href":"https:\/\/www.caudete.org\/ayuntamiento\/wp-json\/wp\/v2\/types\/post"}],"author":[{"embeddable":true,"href":"https:\/\/www.caudete.org\/ayuntamiento\/wp-json\/wp\/v2\/users\/7"}],"replies":[{"embeddable":true,"href":"https:\/\/www.caudete.org\/ayuntamiento\/wp-json\/wp\/v2\/comments?post=29634"}],"version-history":[{"count":7,"href":"https:\/\/www.caudete.org\/ayuntamiento\/wp-json\/wp\/v2\/posts\/29634\/revisions"}],"predecessor-version":[{"id":29709,"href":"https:\/\/www.caudete.org\/ayuntamiento\/wp-json\/wp\/v2\/posts\/29634\/revisions\/29709"}],"wp:featuredmedia":[{"embeddable":true,"href":"https:\/\/www.caudete.org\/ayuntamiento\/wp-json\/wp\/v2\/media\/29636"}],"wp:attachment":[{"href":"https:\/\/www.caudete.org\/ayuntamiento\/wp-json\/wp\/v2\/media?parent=29634"}],"wp:term":[{"taxonomy":"category","embeddable":true,"href":"https:\/\/www.caudete.org\/ayuntamiento\/wp-json\/wp\/v2\/categories?post=29634"},{"taxonomy":"post_tag","embeddable":true,"href":"https:\/\/www.caudete.org\/ayuntamiento\/wp-json\/wp\/v2\/tags?post=29634"}],"curies":[{"name":"wp","href":"https:\/\/api.w.org\/{rel}","templated":true}]}}