{"id":29720,"date":"2025-07-11T08:27:18","date_gmt":"2025-07-11T06:27:18","guid":{"rendered":"https:\/\/www.caudete.org\/ayuntamiento\/?p=29720"},"modified":"2025-07-11T12:10:23","modified_gmt":"2025-07-11T10:10:23","slug":"la-brigada-de-obras-y-el-gobierno-municipal-agradecen-a-javier-ribera-su-trabajo-con-motivo-de-su-jubilacion","status":"publish","type":"post","link":"https:\/\/www.caudete.org\/ayuntamiento\/la-brigada-de-obras-y-el-gobierno-municipal-agradecen-a-javier-ribera-su-trabajo-con-motivo-de-su-jubilacion\/","title":{"rendered":"La brigada de obras y el gobierno municipal agradecen a Javier Ribera su trabajo con motivo de su jubilaci\u00f3n"},"content":{"rendered":"<p align=\"justify\"><span style=\"font-family: georgia, palatino, serif; font-size: 12pt;\"><span style=\"color: #000000;\">La pasada semana, bajo los \u00faltimos d\u00edas de gesti\u00f3n en la Alcald\u00eda de Mois\u00e9s L\u00f3pez, el despacho del entonces primer Edil volv\u00eda a ser lugar de encuentro y cita para un peque\u00f1o acto emotivo de agradecimiento, reconocimiento y homenaje. Y esta vez, el protagonista era un miembro de la Brigada de Obras.<\/span><\/span><\/p>\n<p align=\"justify\"><span style=\"font-family: georgia, palatino, serif; font-size: 12pt;\"><span style=\"color: #000000;\">El Pe\u00f3n Javier Ribera, personal laboral del Ayuntamiento, tras alcanzar la edad de jubilaci\u00f3n, ces\u00f3 hace unas semanas en el cargo, motivo por el cual sus compa\u00f1eros junto a su Concejal y entonces Alcalde, y la Edil de Recursos Humanos (entre otros), le realizaban un peque\u00f1o acto en compa\u00f1\u00eda de su mujer; a quien le desearon toda la felicidad y vitalidad en esta nueva etapa merecida.<\/span><\/span><\/p>\n<p align=\"center\"><strong><span style=\"font-family: georgia, palatino, serif;\"><span style=\"font-size: medium;\"><span style=\"color: #000000;\">M\u00aa Pilar Egea Serrano<br \/>\n<\/span><\/span><\/span><\/strong><strong><span style=\"font-family: georgia, palatino, serif;\"><span style=\"font-size: medium;\"><span style=\"color: #000000;\">Concejal de RRHH, Emergencias y Deportes<\/span><\/span><\/span><\/strong><\/p>\n<p style=\"text-align: left;\" align=\"center\"><img fetchpriority=\"high\" decoding=\"async\" class=\"alignnone wp-image-29721 size-full\" src=\"https:\/\/www.caudete.org\/ayuntamiento\/wp-content\/uploads\/2025\/07\/n2-port.jpg\" alt=\"\" width=\"1000\" height=\"488\" srcset=\"https:\/\/www.caudete.org\/ayuntamiento\/wp-content\/uploads\/2025\/07\/n2-port.jpg 1000w, https:\/\/www.caudete.org\/ayuntamiento\/wp-content\/uploads\/2025\/07\/n2-port-960x468.jpg 960w, https:\/\/www.caudete.org\/ayuntamiento\/wp-content\/uploads\/2025\/07\/n2-port-350x171.jpg 350w, https:\/\/www.caudete.org\/ayuntamiento\/wp-content\/uploads\/2025\/07\/n2-port-768x375.jpg 768w\" sizes=\"(max-width: 1000px) 100vw, 1000px\" \/><\/p>\n<p style=\"text-align: left;\" align=\"center\">\n","protected":false},"excerpt":{"rendered":"<p>La pasada semana, bajo los \u00faltimos d\u00edas de gesti\u00f3n en la Alcald\u00eda de Mois\u00e9s L\u00f3pez, el despacho del entonces primer Edil volv\u00eda a ser lugar de encuentro y cita para un peque\u00f1o acto emotivo de agradecimiento, reconocimiento y homenaje. Y esta vez, el protagonista era un miembro de la Brigada de Obras. El Pe\u00f3n Javier &hellip;<\/p>\n","protected":false},"author":6,"featured_media":29722,"comment_status":"closed","ping_status":"open","sticky":false,"template":"","format":"standard","meta":{"ngg_post_thumbnail":0,"footnotes":""},"categories":[33],"tags":[],"class_list":["post-29720","post","type-post","status-publish","format-standard","has-post-thumbnail","hentry","category-recursos-humanos"],"yoast_head":"<!-- This site is optimized with the Yoast SEO plugin v27.5 - https:\/\/yoast.com\/product\/yoast-seo-wordpress\/ -->\n<title>La brigada de obras y el gobierno municipal agradecen a Javier Ribera su trabajo con motivo de su jubilaci\u00f3n - MI Ayuntamiento de Caudete<\/title>\n<meta name=\"description\" content=\"P\u00e1gina Oficial del Ayuntamiento de Caudete (Albacete)\" \/>\n<meta name=\"robots\" content=\"index, follow, max-snippet:-1, max-image-preview:large, max-video-preview:-1\" \/>\n<link rel=\"canonical\" href=\"https:\/\/www.caudete.org\/ayuntamiento\/la-brigada-de-obras-y-el-gobierno-municipal-agradecen-a-javier-ribera-su-trabajo-con-motivo-de-su-jubilacion\/\" \/>\n<meta property=\"og:locale\" content=\"es_ES\" \/>\n<meta property=\"og:type\" content=\"article\" \/>\n<meta property=\"og:title\" content=\"La brigada de obras y el gobierno municipal agradecen a Javier Ribera su trabajo con motivo de su jubilaci\u00f3n - MI Ayuntamiento de Caudete\" \/>\n<meta property=\"og:description\" content=\"P\u00e1gina Oficial del Ayuntamiento de Caudete (Albacete)\" \/>\n<meta property=\"og:url\" content=\"https:\/\/www.caudete.org\/ayuntamiento\/la-brigada-de-obras-y-el-gobierno-municipal-agradecen-a-javier-ribera-su-trabajo-con-motivo-de-su-jubilacion\/\" \/>\n<meta property=\"og:site_name\" content=\"MI Ayuntamiento de Caudete\" \/>\n<meta property=\"article:publisher\" content=\"https:\/\/www.facebook.com\/ayuntamientocaudete\/\" \/>\n<meta property=\"article:published_time\" content=\"2025-07-11T06:27:18+00:00\" \/>\n<meta property=\"article:modified_time\" content=\"2025-07-11T10:10:23+00:00\" \/>\n<meta property=\"og:image\" content=\"https:\/\/www.caudete.org\/ayuntamiento\/wp-content\/uploads\/2025\/07\/n1.jpg\" \/>\n\t<meta property=\"og:image:width\" content=\"1000\" \/>\n\t<meta property=\"og:image:height\" content=\"750\" \/>\n\t<meta property=\"og:image:type\" content=\"image\/jpeg\" \/>\n<meta name=\"author\" content=\"informatica2\" \/>\n<meta name=\"twitter:card\" content=\"summary_large_image\" \/>\n<meta name=\"twitter:label1\" content=\"Escrito por\" \/>\n\t<meta name=\"twitter:data1\" content=\"informatica2\" \/>\n\t<meta name=\"twitter:label2\" content=\"Tiempo de lectura\" \/>\n\t<meta name=\"twitter:data2\" content=\"1 minuto\" \/>\n<script type=\"application\/ld+json\" class=\"yoast-schema-graph\">{\"@context\":\"https:\\\/\\\/schema.org\",\"@graph\":[{\"@type\":\"Article\",\"@id\":\"https:\\\/\\\/www.caudete.org\\\/ayuntamiento\\\/la-brigada-de-obras-y-el-gobierno-municipal-agradecen-a-javier-ribera-su-trabajo-con-motivo-de-su-jubilacion\\\/#article\",\"isPartOf\":{\"@id\":\"https:\\\/\\\/www.caudete.org\\\/ayuntamiento\\\/la-brigada-de-obras-y-el-gobierno-municipal-agradecen-a-javier-ribera-su-trabajo-con-motivo-de-su-jubilacion\\\/\"},\"author\":{\"name\":\"informatica2\",\"@id\":\"https:\\\/\\\/www.caudete.org\\\/ayuntamiento\\\/#\\\/schema\\\/person\\\/abfa5ffd5010a14e078c21e6e61b6291\"},\"headline\":\"La brigada de obras y el gobierno municipal agradecen a Javier Ribera su trabajo con motivo de su jubilaci\u00f3n\",\"datePublished\":\"2025-07-11T06:27:18+00:00\",\"dateModified\":\"2025-07-11T10:10:23+00:00\",\"mainEntityOfPage\":{\"@id\":\"https:\\\/\\\/www.caudete.org\\\/ayuntamiento\\\/la-brigada-de-obras-y-el-gobierno-municipal-agradecen-a-javier-ribera-su-trabajo-con-motivo-de-su-jubilacion\\\/\"},\"wordCount\":160,\"image\":{\"@id\":\"https:\\\/\\\/www.caudete.org\\\/ayuntamiento\\\/la-brigada-de-obras-y-el-gobierno-municipal-agradecen-a-javier-ribera-su-trabajo-con-motivo-de-su-jubilacion\\\/#primaryimage\"},\"thumbnailUrl\":\"https:\\\/\\\/www.caudete.org\\\/ayuntamiento\\\/wp-content\\\/uploads\\\/2025\\\/07\\\/n1.jpg\",\"articleSection\":[\"Recursos Humanos\"],\"inLanguage\":\"es\"},{\"@type\":\"WebPage\",\"@id\":\"https:\\\/\\\/www.caudete.org\\\/ayuntamiento\\\/la-brigada-de-obras-y-el-gobierno-municipal-agradecen-a-javier-ribera-su-trabajo-con-motivo-de-su-jubilacion\\\/\",\"url\":\"https:\\\/\\\/www.caudete.org\\\/ayuntamiento\\\/la-brigada-de-obras-y-el-gobierno-municipal-agradecen-a-javier-ribera-su-trabajo-con-motivo-de-su-jubilacion\\\/\",\"name\":\"La brigada de obras y el gobierno municipal agradecen a Javier Ribera su trabajo con motivo de su jubilaci\u00f3n - MI Ayuntamiento de Caudete\",\"isPartOf\":{\"@id\":\"https:\\\/\\\/www.caudete.org\\\/ayuntamiento\\\/#website\"},\"primaryImageOfPage\":{\"@id\":\"https:\\\/\\\/www.caudete.org\\\/ayuntamiento\\\/la-brigada-de-obras-y-el-gobierno-municipal-agradecen-a-javier-ribera-su-trabajo-con-motivo-de-su-jubilacion\\\/#primaryimage\"},\"image\":{\"@id\":\"https:\\\/\\\/www.caudete.org\\\/ayuntamiento\\\/la-brigada-de-obras-y-el-gobierno-municipal-agradecen-a-javier-ribera-su-trabajo-con-motivo-de-su-jubilacion\\\/#primaryimage\"},\"thumbnailUrl\":\"https:\\\/\\\/www.caudete.org\\\/ayuntamiento\\\/wp-content\\\/uploads\\\/2025\\\/07\\\/n1.jpg\",\"datePublished\":\"2025-07-11T06:27:18+00:00\",\"dateModified\":\"2025-07-11T10:10:23+00:00\",\"author\":{\"@id\":\"https:\\\/\\\/www.caudete.org\\\/ayuntamiento\\\/#\\\/schema\\\/person\\\/abfa5ffd5010a14e078c21e6e61b6291\"},\"description\":\"P\u00e1gina Oficial del Ayuntamiento de Caudete (Albacete)\",\"breadcrumb\":{\"@id\":\"https:\\\/\\\/www.caudete.org\\\/ayuntamiento\\\/la-brigada-de-obras-y-el-gobierno-municipal-agradecen-a-javier-ribera-su-trabajo-con-motivo-de-su-jubilacion\\\/#breadcrumb\"},\"inLanguage\":\"es\",\"potentialAction\":[{\"@type\":\"ReadAction\",\"target\":[\"https:\\\/\\\/www.caudete.org\\\/ayuntamiento\\\/la-brigada-de-obras-y-el-gobierno-municipal-agradecen-a-javier-ribera-su-trabajo-con-motivo-de-su-jubilacion\\\/\"]}]},{\"@type\":\"ImageObject\",\"inLanguage\":\"es\",\"@id\":\"https:\\\/\\\/www.caudete.org\\\/ayuntamiento\\\/la-brigada-de-obras-y-el-gobierno-municipal-agradecen-a-javier-ribera-su-trabajo-con-motivo-de-su-jubilacion\\\/#primaryimage\",\"url\":\"https:\\\/\\\/www.caudete.org\\\/ayuntamiento\\\/wp-content\\\/uploads\\\/2025\\\/07\\\/n1.jpg\",\"contentUrl\":\"https:\\\/\\\/www.caudete.org\\\/ayuntamiento\\\/wp-content\\\/uploads\\\/2025\\\/07\\\/n1.jpg\",\"width\":1000,\"height\":750},{\"@type\":\"BreadcrumbList\",\"@id\":\"https:\\\/\\\/www.caudete.org\\\/ayuntamiento\\\/la-brigada-de-obras-y-el-gobierno-municipal-agradecen-a-javier-ribera-su-trabajo-con-motivo-de-su-jubilacion\\\/#breadcrumb\",\"itemListElement\":[{\"@type\":\"ListItem\",\"position\":1,\"name\":\"Inicio\",\"item\":\"https:\\\/\\\/www.caudete.org\\\/ayuntamiento\\\/\"},{\"@type\":\"ListItem\",\"position\":2,\"name\":\"La brigada de obras y el gobierno municipal agradecen a Javier Ribera su trabajo con motivo de su jubilaci\u00f3n\"}]},{\"@type\":\"WebSite\",\"@id\":\"https:\\\/\\\/www.caudete.org\\\/ayuntamiento\\\/#website\",\"url\":\"https:\\\/\\\/www.caudete.org\\\/ayuntamiento\\\/\",\"name\":\"MI Ayuntamiento de Caudete\",\"description\":\"P\u00e1gina Oficial del MI Ayuntamiento de Caudete\",\"potentialAction\":[{\"@type\":\"SearchAction\",\"target\":{\"@type\":\"EntryPoint\",\"urlTemplate\":\"https:\\\/\\\/www.caudete.org\\\/ayuntamiento\\\/?s={search_term_string}\"},\"query-input\":{\"@type\":\"PropertyValueSpecification\",\"valueRequired\":true,\"valueName\":\"search_term_string\"}}],\"inLanguage\":\"es\"},{\"@type\":\"Person\",\"@id\":\"https:\\\/\\\/www.caudete.org\\\/ayuntamiento\\\/#\\\/schema\\\/person\\\/abfa5ffd5010a14e078c21e6e61b6291\",\"name\":\"informatica2\",\"image\":{\"@type\":\"ImageObject\",\"inLanguage\":\"es\",\"@id\":\"https:\\\/\\\/secure.gravatar.com\\\/avatar\\\/b089890ff033a3e4d03eec00ecb5a14425217205c513f60ec32ebeaaeb5fa700?s=96&d=mm&r=g\",\"url\":\"https:\\\/\\\/secure.gravatar.com\\\/avatar\\\/b089890ff033a3e4d03eec00ecb5a14425217205c513f60ec32ebeaaeb5fa700?s=96&d=mm&r=g\",\"contentUrl\":\"https:\\\/\\\/secure.gravatar.com\\\/avatar\\\/b089890ff033a3e4d03eec00ecb5a14425217205c513f60ec32ebeaaeb5fa700?s=96&d=mm&r=g\",\"caption\":\"informatica2\"},\"url\":\"https:\\\/\\\/www.caudete.org\\\/ayuntamiento\\\/author\\\/informatica2\\\/\"}]}<\/script>\n<!-- \/ Yoast SEO plugin. -->","yoast_head_json":{"title":"La brigada de obras y el gobierno municipal agradecen a Javier Ribera su trabajo con motivo de su jubilaci\u00f3n - MI Ayuntamiento de Caudete","description":"P\u00e1gina Oficial del Ayuntamiento de Caudete (Albacete)","robots":{"index":"index","follow":"follow","max-snippet":"max-snippet:-1","max-image-preview":"max-image-preview:large","max-video-preview":"max-video-preview:-1"},"canonical":"https:\/\/www.caudete.org\/ayuntamiento\/la-brigada-de-obras-y-el-gobierno-municipal-agradecen-a-javier-ribera-su-trabajo-con-motivo-de-su-jubilacion\/","og_locale":"es_ES","og_type":"article","og_title":"La brigada de obras y el gobierno municipal agradecen a Javier Ribera su trabajo con motivo de su jubilaci\u00f3n - MI Ayuntamiento de Caudete","og_description":"P\u00e1gina Oficial del Ayuntamiento de Caudete (Albacete)","og_url":"https:\/\/www.caudete.org\/ayuntamiento\/la-brigada-de-obras-y-el-gobierno-municipal-agradecen-a-javier-ribera-su-trabajo-con-motivo-de-su-jubilacion\/","og_site_name":"MI Ayuntamiento de Caudete","article_publisher":"https:\/\/www.facebook.com\/ayuntamientocaudete\/","article_published_time":"2025-07-11T06:27:18+00:00","article_modified_time":"2025-07-11T10:10:23+00:00","og_image":[{"width":1000,"height":750,"url":"https:\/\/www.caudete.org\/ayuntamiento\/wp-content\/uploads\/2025\/07\/n1.jpg","type":"image\/jpeg"}],"author":"informatica2","twitter_card":"summary_large_image","twitter_misc":{"Escrito por":"informatica2","Tiempo de lectura":"1 minuto"},"schema":{"@context":"https:\/\/schema.org","@graph":[{"@type":"Article","@id":"https:\/\/www.caudete.org\/ayuntamiento\/la-brigada-de-obras-y-el-gobierno-municipal-agradecen-a-javier-ribera-su-trabajo-con-motivo-de-su-jubilacion\/#article","isPartOf":{"@id":"https:\/\/www.caudete.org\/ayuntamiento\/la-brigada-de-obras-y-el-gobierno-municipal-agradecen-a-javier-ribera-su-trabajo-con-motivo-de-su-jubilacion\/"},"author":{"name":"informatica2","@id":"https:\/\/www.caudete.org\/ayuntamiento\/#\/schema\/person\/abfa5ffd5010a14e078c21e6e61b6291"},"headline":"La brigada de obras y el gobierno municipal agradecen a Javier Ribera su trabajo con motivo de su jubilaci\u00f3n","datePublished":"2025-07-11T06:27:18+00:00","dateModified":"2025-07-11T10:10:23+00:00","mainEntityOfPage":{"@id":"https:\/\/www.caudete.org\/ayuntamiento\/la-brigada-de-obras-y-el-gobierno-municipal-agradecen-a-javier-ribera-su-trabajo-con-motivo-de-su-jubilacion\/"},"wordCount":160,"image":{"@id":"https:\/\/www.caudete.org\/ayuntamiento\/la-brigada-de-obras-y-el-gobierno-municipal-agradecen-a-javier-ribera-su-trabajo-con-motivo-de-su-jubilacion\/#primaryimage"},"thumbnailUrl":"https:\/\/www.caudete.org\/ayuntamiento\/wp-content\/uploads\/2025\/07\/n1.jpg","articleSection":["Recursos Humanos"],"inLanguage":"es"},{"@type":"WebPage","@id":"https:\/\/www.caudete.org\/ayuntamiento\/la-brigada-de-obras-y-el-gobierno-municipal-agradecen-a-javier-ribera-su-trabajo-con-motivo-de-su-jubilacion\/","url":"https:\/\/www.caudete.org\/ayuntamiento\/la-brigada-de-obras-y-el-gobierno-municipal-agradecen-a-javier-ribera-su-trabajo-con-motivo-de-su-jubilacion\/","name":"La brigada de obras y el gobierno municipal agradecen a Javier Ribera su trabajo con motivo de su jubilaci\u00f3n - MI Ayuntamiento de Caudete","isPartOf":{"@id":"https:\/\/www.caudete.org\/ayuntamiento\/#website"},"primaryImageOfPage":{"@id":"https:\/\/www.caudete.org\/ayuntamiento\/la-brigada-de-obras-y-el-gobierno-municipal-agradecen-a-javier-ribera-su-trabajo-con-motivo-de-su-jubilacion\/#primaryimage"},"image":{"@id":"https:\/\/www.caudete.org\/ayuntamiento\/la-brigada-de-obras-y-el-gobierno-municipal-agradecen-a-javier-ribera-su-trabajo-con-motivo-de-su-jubilacion\/#primaryimage"},"thumbnailUrl":"https:\/\/www.caudete.org\/ayuntamiento\/wp-content\/uploads\/2025\/07\/n1.jpg","datePublished":"2025-07-11T06:27:18+00:00","dateModified":"2025-07-11T10:10:23+00:00","author":{"@id":"https:\/\/www.caudete.org\/ayuntamiento\/#\/schema\/person\/abfa5ffd5010a14e078c21e6e61b6291"},"description":"P\u00e1gina Oficial del Ayuntamiento de Caudete (Albacete)","breadcrumb":{"@id":"https:\/\/www.caudete.org\/ayuntamiento\/la-brigada-de-obras-y-el-gobierno-municipal-agradecen-a-javier-ribera-su-trabajo-con-motivo-de-su-jubilacion\/#breadcrumb"},"inLanguage":"es","potentialAction":[{"@type":"ReadAction","target":["https:\/\/www.caudete.org\/ayuntamiento\/la-brigada-de-obras-y-el-gobierno-municipal-agradecen-a-javier-ribera-su-trabajo-con-motivo-de-su-jubilacion\/"]}]},{"@type":"ImageObject","inLanguage":"es","@id":"https:\/\/www.caudete.org\/ayuntamiento\/la-brigada-de-obras-y-el-gobierno-municipal-agradecen-a-javier-ribera-su-trabajo-con-motivo-de-su-jubilacion\/#primaryimage","url":"https:\/\/www.caudete.org\/ayuntamiento\/wp-content\/uploads\/2025\/07\/n1.jpg","contentUrl":"https:\/\/www.caudete.org\/ayuntamiento\/wp-content\/uploads\/2025\/07\/n1.jpg","width":1000,"height":750},{"@type":"BreadcrumbList","@id":"https:\/\/www.caudete.org\/ayuntamiento\/la-brigada-de-obras-y-el-gobierno-municipal-agradecen-a-javier-ribera-su-trabajo-con-motivo-de-su-jubilacion\/#breadcrumb","itemListElement":[{"@type":"ListItem","position":1,"name":"Inicio","item":"https:\/\/www.caudete.org\/ayuntamiento\/"},{"@type":"ListItem","position":2,"name":"La brigada de obras y el gobierno municipal agradecen a Javier Ribera su trabajo con motivo de su jubilaci\u00f3n"}]},{"@type":"WebSite","@id":"https:\/\/www.caudete.org\/ayuntamiento\/#website","url":"https:\/\/www.caudete.org\/ayuntamiento\/","name":"MI Ayuntamiento de Caudete","description":"P\u00e1gina Oficial del MI Ayuntamiento de Caudete","potentialAction":[{"@type":"SearchAction","target":{"@type":"EntryPoint","urlTemplate":"https:\/\/www.caudete.org\/ayuntamiento\/?s={search_term_string}"},"query-input":{"@type":"PropertyValueSpecification","valueRequired":true,"valueName":"search_term_string"}}],"inLanguage":"es"},{"@type":"Person","@id":"https:\/\/www.caudete.org\/ayuntamiento\/#\/schema\/person\/abfa5ffd5010a14e078c21e6e61b6291","name":"informatica2","image":{"@type":"ImageObject","inLanguage":"es","@id":"https:\/\/secure.gravatar.com\/avatar\/b089890ff033a3e4d03eec00ecb5a14425217205c513f60ec32ebeaaeb5fa700?s=96&d=mm&r=g","url":"https:\/\/secure.gravatar.com\/avatar\/b089890ff033a3e4d03eec00ecb5a14425217205c513f60ec32ebeaaeb5fa700?s=96&d=mm&r=g","contentUrl":"https:\/\/secure.gravatar.com\/avatar\/b089890ff033a3e4d03eec00ecb5a14425217205c513f60ec32ebeaaeb5fa700?s=96&d=mm&r=g","caption":"informatica2"},"url":"https:\/\/www.caudete.org\/ayuntamiento\/author\/informatica2\/"}]}},"_links":{"self":[{"href":"https:\/\/www.caudete.org\/ayuntamiento\/wp-json\/wp\/v2\/posts\/29720","targetHints":{"allow":["GET"]}}],"collection":[{"href":"https:\/\/www.caudete.org\/ayuntamiento\/wp-json\/wp\/v2\/posts"}],"about":[{"href":"https:\/\/www.caudete.org\/ayuntamiento\/wp-json\/wp\/v2\/types\/post"}],"author":[{"embeddable":true,"href":"https:\/\/www.caudete.org\/ayuntamiento\/wp-json\/wp\/v2\/users\/6"}],"replies":[{"embeddable":true,"href":"https:\/\/www.caudete.org\/ayuntamiento\/wp-json\/wp\/v2\/comments?post=29720"}],"version-history":[{"count":3,"href":"https:\/\/www.caudete.org\/ayuntamiento\/wp-json\/wp\/v2\/posts\/29720\/revisions"}],"predecessor-version":[{"id":29737,"href":"https:\/\/www.caudete.org\/ayuntamiento\/wp-json\/wp\/v2\/posts\/29720\/revisions\/29737"}],"wp:featuredmedia":[{"embeddable":true,"href":"https:\/\/www.caudete.org\/ayuntamiento\/wp-json\/wp\/v2\/media\/29722"}],"wp:attachment":[{"href":"https:\/\/www.caudete.org\/ayuntamiento\/wp-json\/wp\/v2\/media?parent=29720"}],"wp:term":[{"taxonomy":"category","embeddable":true,"href":"https:\/\/www.caudete.org\/ayuntamiento\/wp-json\/wp\/v2\/categories?post=29720"},{"taxonomy":"post_tag","embeddable":true,"href":"https:\/\/www.caudete.org\/ayuntamiento\/wp-json\/wp\/v2\/tags?post=29720"}],"curies":[{"name":"wp","href":"https:\/\/api.w.org\/{rel}","templated":true}]}}