{"id":29765,"date":"2025-07-15T08:38:28","date_gmt":"2025-07-15T06:38:28","guid":{"rendered":"https:\/\/www.caudete.org\/ayuntamiento\/?p=29765"},"modified":"2025-07-15T10:53:39","modified_gmt":"2025-07-15T08:53:39","slug":"caudete-turismo-colabora-en-la-renovacion-de-la-senaletica-del-camino-del-camino-de-santiago-en-el-casco-urbano","status":"publish","type":"post","link":"https:\/\/www.caudete.org\/ayuntamiento\/caudete-turismo-colabora-en-la-renovacion-de-la-senaletica-del-camino-del-camino-de-santiago-en-el-casco-urbano\/","title":{"rendered":"Caudete Turismo colabora en la renovaci\u00f3n de la se\u00f1al\u00e9tica del Camino de Santiago en el casco urbano"},"content":{"rendered":"<p style=\"text-align: justify;\" align=\"justify\"><span style=\"color: #000000;\"><span style=\"font-family: Arial, sans-serif;\"><span style=\"font-size: medium;\">Diego Cuenca Concejal de Turismo ha trasladado que hace tan solo unas semanas ha tenido lugar la renovaci\u00f3n de tres puntos destinado a dar informaci\u00f3n sobre Caudete a los peregrinos que hacen el Camino de Santiago. <\/span><\/span><\/span><\/p>\n<p style=\"text-align: justify;\" align=\"justify\"><span style=\"color: #000000;\"><span style=\"font-family: Arial, sans-serif;\"><span style=\"font-size: medium;\">Estos puntos informativos est\u00e1n ubicados en la Bas\u00edlica-Santuario de la Virgen de Gracia, el paraje de La Cruz y en el Barrio de San Francisco, espacios emblem\u00e1ticos de Caudete dentro de los caminos jacobeos por nuestra localidad: Camino de La Lana y Camino del Sureste. <\/span><\/span><\/span><\/p>\n<p style=\"text-align: justify;\" align=\"justify\"><span style=\"color: #000000;\"><span style=\"font-family: Arial, sans-serif;\"><span style=\"font-size: medium;\">Respetan el formato original implantado hace m\u00e1s de 10 a\u00f1os, por lo que la estructura soporte es la misma, actuando tan solo en el panel gr\u00e1fico. En forma de atril o panel vertical, la finalidad de estos puntos es proveer al peregrino de informaci\u00f3n tanto de \u00e1mbito general como en el aspecto monumental y tur\u00edstico. <\/span><\/span><\/span><\/p>\n<p style=\"text-align: justify;\" align=\"justify\"><span style=\"color: #000000;\"><span style=\"font-family: Arial, sans-serif;\"><span style=\"font-size: medium;\">El proyecto original de se\u00f1alizaci\u00f3n de los Caminos de Santiago en nuestra comarca corri\u00f3 a cargo del Ceder Monte Ib\u00e9rico-Corredor de Almansa en el a\u00f1o 2012. Esta nueva se\u00f1al\u00e9tica. ha sido sufragada por la Asociaci\u00f3n de Amigos del Camino de Santiago en Caudete y la Concejal\u00eda de Turismo del M.I. Ayuntamiento, con aproximadamente<\/span><\/span><\/span><\/p>\n<p align=\"center\"><strong><span style=\"color: #000000;\"><span style=\"font-family: Arial, sans-serif;\"><span style=\"font-size: medium;\">Diego Cuenca Olivares<br \/>\n<\/span><\/span><\/span><span style=\"color: #000000;\"><span style=\"font-family: Arial, sans-serif;\"><span style=\"font-size: medium;\">Concejal de Turismo, Patrimonio, Comercio y Participaci\u00f3n Ciudadana<\/span><\/span><\/span><\/strong><\/p>\n<p style=\"text-align: left;\" align=\"center\"><a href=\"https:\/\/www.caudete.org\/ayuntamiento\/wp-content\/uploads\/2025\/07\/SENALETICA-1.jpg\" rel='prettyPhoto'><img fetchpriority=\"high\" decoding=\"async\" class=\"alignnone wp-image-29766 size-full\" src=\"https:\/\/www.caudete.org\/ayuntamiento\/wp-content\/uploads\/2025\/07\/SENALETICA-1.jpg\" alt=\"\" width=\"1000\" height=\"667\" srcset=\"https:\/\/www.caudete.org\/ayuntamiento\/wp-content\/uploads\/2025\/07\/SENALETICA-1.jpg 1000w, https:\/\/www.caudete.org\/ayuntamiento\/wp-content\/uploads\/2025\/07\/SENALETICA-1-960x640.jpg 960w, https:\/\/www.caudete.org\/ayuntamiento\/wp-content\/uploads\/2025\/07\/SENALETICA-1-330x220.jpg 330w, https:\/\/www.caudete.org\/ayuntamiento\/wp-content\/uploads\/2025\/07\/SENALETICA-1-768x512.jpg 768w\" sizes=\"(max-width: 1000px) 100vw, 1000px\" \/><\/a> <a href=\"https:\/\/www.caudete.org\/ayuntamiento\/wp-content\/uploads\/2025\/07\/SENALETICA-2.jpg\" rel='prettyPhoto'><img decoding=\"async\" class=\"alignnone wp-image-29767 size-full\" src=\"https:\/\/www.caudete.org\/ayuntamiento\/wp-content\/uploads\/2025\/07\/SENALETICA-2.jpg\" alt=\"\" width=\"1000\" height=\"667\" srcset=\"https:\/\/www.caudete.org\/ayuntamiento\/wp-content\/uploads\/2025\/07\/SENALETICA-2.jpg 1000w, https:\/\/www.caudete.org\/ayuntamiento\/wp-content\/uploads\/2025\/07\/SENALETICA-2-960x640.jpg 960w, https:\/\/www.caudete.org\/ayuntamiento\/wp-content\/uploads\/2025\/07\/SENALETICA-2-330x220.jpg 330w, https:\/\/www.caudete.org\/ayuntamiento\/wp-content\/uploads\/2025\/07\/SENALETICA-2-768x512.jpg 768w\" sizes=\"(max-width: 1000px) 100vw, 1000px\" \/><\/a><\/p>\n","protected":false},"excerpt":{"rendered":"<p>Diego Cuenca Concejal de Turismo ha trasladado que hace tan solo unas semanas ha tenido lugar la renovaci\u00f3n de tres puntos destinado a dar informaci\u00f3n sobre Caudete a los peregrinos que hacen el Camino de Santiago. Estos puntos informativos est\u00e1n ubicados en la Bas\u00edlica-Santuario de la Virgen de Gracia, el paraje de La Cruz y &hellip;<\/p>\n","protected":false},"author":6,"featured_media":29769,"comment_status":"closed","ping_status":"open","sticky":false,"template":"","format":"standard","meta":{"ngg_post_thumbnail":0,"footnotes":""},"categories":[43],"tags":[],"class_list":["post-29765","post","type-post","status-publish","format-standard","has-post-thumbnail","hentry","category-turismo"],"yoast_head":"<!-- This site is optimized with the Yoast SEO plugin v27.5 - https:\/\/yoast.com\/product\/yoast-seo-wordpress\/ -->\n<title>Caudete Turismo colabora en la renovaci\u00f3n de la se\u00f1al\u00e9tica del Camino de Santiago en el casco urbano - MI Ayuntamiento de Caudete<\/title>\n<meta name=\"description\" content=\"P\u00e1gina Oficial del Ayuntamiento de Caudete (Albacete)\" \/>\n<meta name=\"robots\" content=\"index, follow, max-snippet:-1, max-image-preview:large, max-video-preview:-1\" \/>\n<link rel=\"canonical\" href=\"https:\/\/www.caudete.org\/ayuntamiento\/caudete-turismo-colabora-en-la-renovacion-de-la-senaletica-del-camino-del-camino-de-santiago-en-el-casco-urbano\/\" \/>\n<meta property=\"og:locale\" content=\"es_ES\" \/>\n<meta property=\"og:type\" content=\"article\" \/>\n<meta property=\"og:title\" content=\"Caudete Turismo colabora en la renovaci\u00f3n de la se\u00f1al\u00e9tica del Camino de Santiago en el casco urbano - MI Ayuntamiento de Caudete\" \/>\n<meta property=\"og:description\" content=\"P\u00e1gina Oficial del Ayuntamiento de Caudete (Albacete)\" \/>\n<meta property=\"og:url\" content=\"https:\/\/www.caudete.org\/ayuntamiento\/caudete-turismo-colabora-en-la-renovacion-de-la-senaletica-del-camino-del-camino-de-santiago-en-el-casco-urbano\/\" \/>\n<meta property=\"og:site_name\" content=\"MI Ayuntamiento de Caudete\" \/>\n<meta property=\"article:publisher\" content=\"https:\/\/www.facebook.com\/ayuntamientocaudete\/\" \/>\n<meta property=\"article:published_time\" content=\"2025-07-15T06:38:28+00:00\" \/>\n<meta property=\"article:modified_time\" content=\"2025-07-15T08:53:39+00:00\" \/>\n<meta property=\"og:image\" content=\"https:\/\/www.caudete.org\/ayuntamiento\/wp-content\/uploads\/2025\/07\/Portada.jpg\" \/>\n\t<meta property=\"og:image:width\" content=\"1000\" \/>\n\t<meta property=\"og:image:height\" content=\"436\" \/>\n\t<meta property=\"og:image:type\" content=\"image\/jpeg\" \/>\n<meta name=\"author\" content=\"informatica2\" \/>\n<meta name=\"twitter:card\" content=\"summary_large_image\" \/>\n<meta name=\"twitter:label1\" content=\"Escrito por\" \/>\n\t<meta name=\"twitter:data1\" content=\"informatica2\" \/>\n\t<meta name=\"twitter:label2\" content=\"Tiempo de lectura\" \/>\n\t<meta name=\"twitter:data2\" content=\"2 minutos\" \/>\n<script type=\"application\/ld+json\" class=\"yoast-schema-graph\">{\"@context\":\"https:\\\/\\\/schema.org\",\"@graph\":[{\"@type\":\"Article\",\"@id\":\"https:\\\/\\\/www.caudete.org\\\/ayuntamiento\\\/caudete-turismo-colabora-en-la-renovacion-de-la-senaletica-del-camino-del-camino-de-santiago-en-el-casco-urbano\\\/#article\",\"isPartOf\":{\"@id\":\"https:\\\/\\\/www.caudete.org\\\/ayuntamiento\\\/caudete-turismo-colabora-en-la-renovacion-de-la-senaletica-del-camino-del-camino-de-santiago-en-el-casco-urbano\\\/\"},\"author\":{\"name\":\"informatica2\",\"@id\":\"https:\\\/\\\/www.caudete.org\\\/ayuntamiento\\\/#\\\/schema\\\/person\\\/abfa5ffd5010a14e078c21e6e61b6291\"},\"headline\":\"Caudete Turismo colabora en la renovaci\u00f3n de la se\u00f1al\u00e9tica del Camino de Santiago en el casco urbano\",\"datePublished\":\"2025-07-15T06:38:28+00:00\",\"dateModified\":\"2025-07-15T08:53:39+00:00\",\"mainEntityOfPage\":{\"@id\":\"https:\\\/\\\/www.caudete.org\\\/ayuntamiento\\\/caudete-turismo-colabora-en-la-renovacion-de-la-senaletica-del-camino-del-camino-de-santiago-en-el-casco-urbano\\\/\"},\"wordCount\":238,\"image\":{\"@id\":\"https:\\\/\\\/www.caudete.org\\\/ayuntamiento\\\/caudete-turismo-colabora-en-la-renovacion-de-la-senaletica-del-camino-del-camino-de-santiago-en-el-casco-urbano\\\/#primaryimage\"},\"thumbnailUrl\":\"https:\\\/\\\/www.caudete.org\\\/ayuntamiento\\\/wp-content\\\/uploads\\\/2025\\\/07\\\/Portada.jpg\",\"articleSection\":[\"Turismo\"],\"inLanguage\":\"es\"},{\"@type\":\"WebPage\",\"@id\":\"https:\\\/\\\/www.caudete.org\\\/ayuntamiento\\\/caudete-turismo-colabora-en-la-renovacion-de-la-senaletica-del-camino-del-camino-de-santiago-en-el-casco-urbano\\\/\",\"url\":\"https:\\\/\\\/www.caudete.org\\\/ayuntamiento\\\/caudete-turismo-colabora-en-la-renovacion-de-la-senaletica-del-camino-del-camino-de-santiago-en-el-casco-urbano\\\/\",\"name\":\"Caudete Turismo colabora en la renovaci\u00f3n de la se\u00f1al\u00e9tica del Camino de Santiago en el casco urbano - MI Ayuntamiento de Caudete\",\"isPartOf\":{\"@id\":\"https:\\\/\\\/www.caudete.org\\\/ayuntamiento\\\/#website\"},\"primaryImageOfPage\":{\"@id\":\"https:\\\/\\\/www.caudete.org\\\/ayuntamiento\\\/caudete-turismo-colabora-en-la-renovacion-de-la-senaletica-del-camino-del-camino-de-santiago-en-el-casco-urbano\\\/#primaryimage\"},\"image\":{\"@id\":\"https:\\\/\\\/www.caudete.org\\\/ayuntamiento\\\/caudete-turismo-colabora-en-la-renovacion-de-la-senaletica-del-camino-del-camino-de-santiago-en-el-casco-urbano\\\/#primaryimage\"},\"thumbnailUrl\":\"https:\\\/\\\/www.caudete.org\\\/ayuntamiento\\\/wp-content\\\/uploads\\\/2025\\\/07\\\/Portada.jpg\",\"datePublished\":\"2025-07-15T06:38:28+00:00\",\"dateModified\":\"2025-07-15T08:53:39+00:00\",\"author\":{\"@id\":\"https:\\\/\\\/www.caudete.org\\\/ayuntamiento\\\/#\\\/schema\\\/person\\\/abfa5ffd5010a14e078c21e6e61b6291\"},\"description\":\"P\u00e1gina Oficial del Ayuntamiento de Caudete (Albacete)\",\"breadcrumb\":{\"@id\":\"https:\\\/\\\/www.caudete.org\\\/ayuntamiento\\\/caudete-turismo-colabora-en-la-renovacion-de-la-senaletica-del-camino-del-camino-de-santiago-en-el-casco-urbano\\\/#breadcrumb\"},\"inLanguage\":\"es\",\"potentialAction\":[{\"@type\":\"ReadAction\",\"target\":[\"https:\\\/\\\/www.caudete.org\\\/ayuntamiento\\\/caudete-turismo-colabora-en-la-renovacion-de-la-senaletica-del-camino-del-camino-de-santiago-en-el-casco-urbano\\\/\"]}]},{\"@type\":\"ImageObject\",\"inLanguage\":\"es\",\"@id\":\"https:\\\/\\\/www.caudete.org\\\/ayuntamiento\\\/caudete-turismo-colabora-en-la-renovacion-de-la-senaletica-del-camino-del-camino-de-santiago-en-el-casco-urbano\\\/#primaryimage\",\"url\":\"https:\\\/\\\/www.caudete.org\\\/ayuntamiento\\\/wp-content\\\/uploads\\\/2025\\\/07\\\/Portada.jpg\",\"contentUrl\":\"https:\\\/\\\/www.caudete.org\\\/ayuntamiento\\\/wp-content\\\/uploads\\\/2025\\\/07\\\/Portada.jpg\",\"width\":1000,\"height\":436},{\"@type\":\"BreadcrumbList\",\"@id\":\"https:\\\/\\\/www.caudete.org\\\/ayuntamiento\\\/caudete-turismo-colabora-en-la-renovacion-de-la-senaletica-del-camino-del-camino-de-santiago-en-el-casco-urbano\\\/#breadcrumb\",\"itemListElement\":[{\"@type\":\"ListItem\",\"position\":1,\"name\":\"Inicio\",\"item\":\"https:\\\/\\\/www.caudete.org\\\/ayuntamiento\\\/\"},{\"@type\":\"ListItem\",\"position\":2,\"name\":\"Caudete Turismo colabora en la renovaci\u00f3n de la se\u00f1al\u00e9tica del Camino de Santiago en el casco urbano\"}]},{\"@type\":\"WebSite\",\"@id\":\"https:\\\/\\\/www.caudete.org\\\/ayuntamiento\\\/#website\",\"url\":\"https:\\\/\\\/www.caudete.org\\\/ayuntamiento\\\/\",\"name\":\"MI Ayuntamiento de Caudete\",\"description\":\"P\u00e1gina Oficial del MI Ayuntamiento de Caudete\",\"potentialAction\":[{\"@type\":\"SearchAction\",\"target\":{\"@type\":\"EntryPoint\",\"urlTemplate\":\"https:\\\/\\\/www.caudete.org\\\/ayuntamiento\\\/?s={search_term_string}\"},\"query-input\":{\"@type\":\"PropertyValueSpecification\",\"valueRequired\":true,\"valueName\":\"search_term_string\"}}],\"inLanguage\":\"es\"},{\"@type\":\"Person\",\"@id\":\"https:\\\/\\\/www.caudete.org\\\/ayuntamiento\\\/#\\\/schema\\\/person\\\/abfa5ffd5010a14e078c21e6e61b6291\",\"name\":\"informatica2\",\"image\":{\"@type\":\"ImageObject\",\"inLanguage\":\"es\",\"@id\":\"https:\\\/\\\/secure.gravatar.com\\\/avatar\\\/b089890ff033a3e4d03eec00ecb5a14425217205c513f60ec32ebeaaeb5fa700?s=96&d=mm&r=g\",\"url\":\"https:\\\/\\\/secure.gravatar.com\\\/avatar\\\/b089890ff033a3e4d03eec00ecb5a14425217205c513f60ec32ebeaaeb5fa700?s=96&d=mm&r=g\",\"contentUrl\":\"https:\\\/\\\/secure.gravatar.com\\\/avatar\\\/b089890ff033a3e4d03eec00ecb5a14425217205c513f60ec32ebeaaeb5fa700?s=96&d=mm&r=g\",\"caption\":\"informatica2\"},\"url\":\"https:\\\/\\\/www.caudete.org\\\/ayuntamiento\\\/author\\\/informatica2\\\/\"}]}<\/script>\n<!-- \/ Yoast SEO plugin. -->","yoast_head_json":{"title":"Caudete Turismo colabora en la renovaci\u00f3n de la se\u00f1al\u00e9tica del Camino de Santiago en el casco urbano - MI Ayuntamiento de Caudete","description":"P\u00e1gina Oficial del Ayuntamiento de Caudete (Albacete)","robots":{"index":"index","follow":"follow","max-snippet":"max-snippet:-1","max-image-preview":"max-image-preview:large","max-video-preview":"max-video-preview:-1"},"canonical":"https:\/\/www.caudete.org\/ayuntamiento\/caudete-turismo-colabora-en-la-renovacion-de-la-senaletica-del-camino-del-camino-de-santiago-en-el-casco-urbano\/","og_locale":"es_ES","og_type":"article","og_title":"Caudete Turismo colabora en la renovaci\u00f3n de la se\u00f1al\u00e9tica del Camino de Santiago en el casco urbano - MI Ayuntamiento de Caudete","og_description":"P\u00e1gina Oficial del Ayuntamiento de Caudete (Albacete)","og_url":"https:\/\/www.caudete.org\/ayuntamiento\/caudete-turismo-colabora-en-la-renovacion-de-la-senaletica-del-camino-del-camino-de-santiago-en-el-casco-urbano\/","og_site_name":"MI Ayuntamiento de Caudete","article_publisher":"https:\/\/www.facebook.com\/ayuntamientocaudete\/","article_published_time":"2025-07-15T06:38:28+00:00","article_modified_time":"2025-07-15T08:53:39+00:00","og_image":[{"width":1000,"height":436,"url":"https:\/\/www.caudete.org\/ayuntamiento\/wp-content\/uploads\/2025\/07\/Portada.jpg","type":"image\/jpeg"}],"author":"informatica2","twitter_card":"summary_large_image","twitter_misc":{"Escrito por":"informatica2","Tiempo de lectura":"2 minutos"},"schema":{"@context":"https:\/\/schema.org","@graph":[{"@type":"Article","@id":"https:\/\/www.caudete.org\/ayuntamiento\/caudete-turismo-colabora-en-la-renovacion-de-la-senaletica-del-camino-del-camino-de-santiago-en-el-casco-urbano\/#article","isPartOf":{"@id":"https:\/\/www.caudete.org\/ayuntamiento\/caudete-turismo-colabora-en-la-renovacion-de-la-senaletica-del-camino-del-camino-de-santiago-en-el-casco-urbano\/"},"author":{"name":"informatica2","@id":"https:\/\/www.caudete.org\/ayuntamiento\/#\/schema\/person\/abfa5ffd5010a14e078c21e6e61b6291"},"headline":"Caudete Turismo colabora en la renovaci\u00f3n de la se\u00f1al\u00e9tica del Camino de Santiago en el casco urbano","datePublished":"2025-07-15T06:38:28+00:00","dateModified":"2025-07-15T08:53:39+00:00","mainEntityOfPage":{"@id":"https:\/\/www.caudete.org\/ayuntamiento\/caudete-turismo-colabora-en-la-renovacion-de-la-senaletica-del-camino-del-camino-de-santiago-en-el-casco-urbano\/"},"wordCount":238,"image":{"@id":"https:\/\/www.caudete.org\/ayuntamiento\/caudete-turismo-colabora-en-la-renovacion-de-la-senaletica-del-camino-del-camino-de-santiago-en-el-casco-urbano\/#primaryimage"},"thumbnailUrl":"https:\/\/www.caudete.org\/ayuntamiento\/wp-content\/uploads\/2025\/07\/Portada.jpg","articleSection":["Turismo"],"inLanguage":"es"},{"@type":"WebPage","@id":"https:\/\/www.caudete.org\/ayuntamiento\/caudete-turismo-colabora-en-la-renovacion-de-la-senaletica-del-camino-del-camino-de-santiago-en-el-casco-urbano\/","url":"https:\/\/www.caudete.org\/ayuntamiento\/caudete-turismo-colabora-en-la-renovacion-de-la-senaletica-del-camino-del-camino-de-santiago-en-el-casco-urbano\/","name":"Caudete Turismo colabora en la renovaci\u00f3n de la se\u00f1al\u00e9tica del Camino de Santiago en el casco urbano - MI Ayuntamiento de Caudete","isPartOf":{"@id":"https:\/\/www.caudete.org\/ayuntamiento\/#website"},"primaryImageOfPage":{"@id":"https:\/\/www.caudete.org\/ayuntamiento\/caudete-turismo-colabora-en-la-renovacion-de-la-senaletica-del-camino-del-camino-de-santiago-en-el-casco-urbano\/#primaryimage"},"image":{"@id":"https:\/\/www.caudete.org\/ayuntamiento\/caudete-turismo-colabora-en-la-renovacion-de-la-senaletica-del-camino-del-camino-de-santiago-en-el-casco-urbano\/#primaryimage"},"thumbnailUrl":"https:\/\/www.caudete.org\/ayuntamiento\/wp-content\/uploads\/2025\/07\/Portada.jpg","datePublished":"2025-07-15T06:38:28+00:00","dateModified":"2025-07-15T08:53:39+00:00","author":{"@id":"https:\/\/www.caudete.org\/ayuntamiento\/#\/schema\/person\/abfa5ffd5010a14e078c21e6e61b6291"},"description":"P\u00e1gina Oficial del Ayuntamiento de Caudete (Albacete)","breadcrumb":{"@id":"https:\/\/www.caudete.org\/ayuntamiento\/caudete-turismo-colabora-en-la-renovacion-de-la-senaletica-del-camino-del-camino-de-santiago-en-el-casco-urbano\/#breadcrumb"},"inLanguage":"es","potentialAction":[{"@type":"ReadAction","target":["https:\/\/www.caudete.org\/ayuntamiento\/caudete-turismo-colabora-en-la-renovacion-de-la-senaletica-del-camino-del-camino-de-santiago-en-el-casco-urbano\/"]}]},{"@type":"ImageObject","inLanguage":"es","@id":"https:\/\/www.caudete.org\/ayuntamiento\/caudete-turismo-colabora-en-la-renovacion-de-la-senaletica-del-camino-del-camino-de-santiago-en-el-casco-urbano\/#primaryimage","url":"https:\/\/www.caudete.org\/ayuntamiento\/wp-content\/uploads\/2025\/07\/Portada.jpg","contentUrl":"https:\/\/www.caudete.org\/ayuntamiento\/wp-content\/uploads\/2025\/07\/Portada.jpg","width":1000,"height":436},{"@type":"BreadcrumbList","@id":"https:\/\/www.caudete.org\/ayuntamiento\/caudete-turismo-colabora-en-la-renovacion-de-la-senaletica-del-camino-del-camino-de-santiago-en-el-casco-urbano\/#breadcrumb","itemListElement":[{"@type":"ListItem","position":1,"name":"Inicio","item":"https:\/\/www.caudete.org\/ayuntamiento\/"},{"@type":"ListItem","position":2,"name":"Caudete Turismo colabora en la renovaci\u00f3n de la se\u00f1al\u00e9tica del Camino de Santiago en el casco urbano"}]},{"@type":"WebSite","@id":"https:\/\/www.caudete.org\/ayuntamiento\/#website","url":"https:\/\/www.caudete.org\/ayuntamiento\/","name":"MI Ayuntamiento de Caudete","description":"P\u00e1gina Oficial del MI Ayuntamiento de Caudete","potentialAction":[{"@type":"SearchAction","target":{"@type":"EntryPoint","urlTemplate":"https:\/\/www.caudete.org\/ayuntamiento\/?s={search_term_string}"},"query-input":{"@type":"PropertyValueSpecification","valueRequired":true,"valueName":"search_term_string"}}],"inLanguage":"es"},{"@type":"Person","@id":"https:\/\/www.caudete.org\/ayuntamiento\/#\/schema\/person\/abfa5ffd5010a14e078c21e6e61b6291","name":"informatica2","image":{"@type":"ImageObject","inLanguage":"es","@id":"https:\/\/secure.gravatar.com\/avatar\/b089890ff033a3e4d03eec00ecb5a14425217205c513f60ec32ebeaaeb5fa700?s=96&d=mm&r=g","url":"https:\/\/secure.gravatar.com\/avatar\/b089890ff033a3e4d03eec00ecb5a14425217205c513f60ec32ebeaaeb5fa700?s=96&d=mm&r=g","contentUrl":"https:\/\/secure.gravatar.com\/avatar\/b089890ff033a3e4d03eec00ecb5a14425217205c513f60ec32ebeaaeb5fa700?s=96&d=mm&r=g","caption":"informatica2"},"url":"https:\/\/www.caudete.org\/ayuntamiento\/author\/informatica2\/"}]}},"_links":{"self":[{"href":"https:\/\/www.caudete.org\/ayuntamiento\/wp-json\/wp\/v2\/posts\/29765","targetHints":{"allow":["GET"]}}],"collection":[{"href":"https:\/\/www.caudete.org\/ayuntamiento\/wp-json\/wp\/v2\/posts"}],"about":[{"href":"https:\/\/www.caudete.org\/ayuntamiento\/wp-json\/wp\/v2\/types\/post"}],"author":[{"embeddable":true,"href":"https:\/\/www.caudete.org\/ayuntamiento\/wp-json\/wp\/v2\/users\/6"}],"replies":[{"embeddable":true,"href":"https:\/\/www.caudete.org\/ayuntamiento\/wp-json\/wp\/v2\/comments?post=29765"}],"version-history":[{"count":3,"href":"https:\/\/www.caudete.org\/ayuntamiento\/wp-json\/wp\/v2\/posts\/29765\/revisions"}],"predecessor-version":[{"id":29793,"href":"https:\/\/www.caudete.org\/ayuntamiento\/wp-json\/wp\/v2\/posts\/29765\/revisions\/29793"}],"wp:featuredmedia":[{"embeddable":true,"href":"https:\/\/www.caudete.org\/ayuntamiento\/wp-json\/wp\/v2\/media\/29769"}],"wp:attachment":[{"href":"https:\/\/www.caudete.org\/ayuntamiento\/wp-json\/wp\/v2\/media?parent=29765"}],"wp:term":[{"taxonomy":"category","embeddable":true,"href":"https:\/\/www.caudete.org\/ayuntamiento\/wp-json\/wp\/v2\/categories?post=29765"},{"taxonomy":"post_tag","embeddable":true,"href":"https:\/\/www.caudete.org\/ayuntamiento\/wp-json\/wp\/v2\/tags?post=29765"}],"curies":[{"name":"wp","href":"https:\/\/api.w.org\/{rel}","templated":true}]}}