{"id":29773,"date":"2025-07-15T09:19:53","date_gmt":"2025-07-15T07:19:53","guid":{"rendered":"https:\/\/www.caudete.org\/ayuntamiento\/?p=29773"},"modified":"2025-07-15T12:04:12","modified_gmt":"2025-07-15T10:04:12","slug":"eugenio-y-soriano-ganan-las-plazas-de-oficial-de-2a-tras-un-proceso-selectivo","status":"publish","type":"post","link":"https:\/\/www.caudete.org\/ayuntamiento\/eugenio-y-soriano-ganan-las-plazas-de-oficial-de-2a-tras-un-proceso-selectivo\/","title":{"rendered":"Eugenio y Soriano, ganan las plazas de oficial de 2\u00aa tras un proceso selectivo"},"content":{"rendered":"<p style=\"text-align: justify;\">Hace unos d\u00edas, el Sal\u00f3n de Plenos daba la bienvenida a la plantilla municipal a dos compa\u00f1eros de la Brigada de Obras. Dos antiguos compa\u00f1eros que tras un proceso selectivo adquieren su plaza como personal laboral en el puesto de Oficial de 2\u00aa.<\/p>\n<p style=\"text-align: justify;\">Eugenio del Valle, empleado municipal desde hace m\u00e1s de 20 a\u00f1os como laboral dentro de la propia Brigada de Obras, ha coseguido ascender y mejorar en su puesto tras alzarse con la plaza ofertada mediante el proceso de promoci\u00f3n interna en la Oferta Publica de Empleo de 2020.<\/p>\n<p style=\"text-align: justify;\">Por otro lado, Manuel Soriano, empleado municipal en situaci\u00f3n de interinidad, obten\u00eda su plaza a finales de 2024 tras ganar el proceso selectivo por turno libre del puesto de Oficial de 2\u00aa en calidad de laboral, igualmente perteneciente a la Oferta de Empleo P\u00fablico del a\u00f1o 2020.<\/p>\n<p style=\"text-align: justify;\">El acto se desarroll\u00f3 en compa\u00f1\u00eda de todos los integrantes de la Brigada de Obras, y encabezado por el entonces Alcalde Mois\u00e9s L\u00f3pez, que junto a la Concejal de RRHH Pilar Egea y la T\u00e9cnico del Departamento de Obras Mariola Juan y otros Concejales del Gobierno Municipal, fueron testigos del acto de bienvenida dado a estos dos compa\u00f1eros, a los que felicitaron por su ascenso laboral y obtenci\u00f3n de la plaza en un proceso que ha requerido esfuerzo y dedicaci\u00f3n por parte de los aspirantes.<\/p>\n<p style=\"text-align: justify;\">Tanto el Alcalde como la Concejal, recordaron la ejecuci\u00f3n de los diferentes compromisos adquiridos en materia de personal a lo largo de los a\u00f1os, con el visto bueno de los representantes de los trabajadores en la Mesa General de Negociaci\u00f3n, y la proyecci\u00f3n de aquellos que han ido surgiendo y son necesarios acometer.<\/p>\n<p style=\"text-align: justify;\">Especial hincapi\u00e9 en seguir permitiendo la promoci\u00f3n interna como medio de mejora de las condiciones laborales de los empleados municipales, as\u00ed como la ampliaci\u00f3n de la plantilla en aquellos departamentos que es escasa para prestar los servicios con garant\u00edas y calidad.<\/p>\n<p style=\"text-align: center;\" align=\"center\"><strong>M.\u00aa Pilar Egea Serrano<br \/>\n<\/strong><strong>Concejal de RRHH, Emergencias y Deportes<\/strong><\/p>\n<p style=\"text-align: left;\" align=\"center\"><img fetchpriority=\"high\" decoding=\"async\" class=\"alignnone wp-image-29775 size-full\" src=\"https:\/\/www.caudete.org\/ayuntamiento\/wp-content\/uploads\/2025\/07\/EUGENIO.jpg\" alt=\"\" width=\"1000\" height=\"563\" srcset=\"https:\/\/www.caudete.org\/ayuntamiento\/wp-content\/uploads\/2025\/07\/EUGENIO.jpg 1000w, https:\/\/www.caudete.org\/ayuntamiento\/wp-content\/uploads\/2025\/07\/EUGENIO-960x540.jpg 960w, https:\/\/www.caudete.org\/ayuntamiento\/wp-content\/uploads\/2025\/07\/EUGENIO-350x197.jpg 350w, https:\/\/www.caudete.org\/ayuntamiento\/wp-content\/uploads\/2025\/07\/EUGENIO-768x432.jpg 768w\" sizes=\"(max-width: 1000px) 100vw, 1000px\" \/><img decoding=\"async\" class=\"alignnone wp-image-29776 size-full\" src=\"https:\/\/www.caudete.org\/ayuntamiento\/wp-content\/uploads\/2025\/07\/SORIANO.jpg\" alt=\"\" width=\"1000\" height=\"563\" srcset=\"https:\/\/www.caudete.org\/ayuntamiento\/wp-content\/uploads\/2025\/07\/SORIANO.jpg 1000w, https:\/\/www.caudete.org\/ayuntamiento\/wp-content\/uploads\/2025\/07\/SORIANO-960x540.jpg 960w, https:\/\/www.caudete.org\/ayuntamiento\/wp-content\/uploads\/2025\/07\/SORIANO-350x197.jpg 350w, https:\/\/www.caudete.org\/ayuntamiento\/wp-content\/uploads\/2025\/07\/SORIANO-768x432.jpg 768w\" sizes=\"(max-width: 1000px) 100vw, 1000px\" \/><img decoding=\"async\" class=\"alignnone wp-image-29774 size-full\" src=\"https:\/\/www.caudete.org\/ayuntamiento\/wp-content\/uploads\/2025\/07\/EUGENIO-Y-SORIANO-GRUPO.jpg\" alt=\"\" width=\"1000\" height=\"563\" srcset=\"https:\/\/www.caudete.org\/ayuntamiento\/wp-content\/uploads\/2025\/07\/EUGENIO-Y-SORIANO-GRUPO.jpg 1000w, https:\/\/www.caudete.org\/ayuntamiento\/wp-content\/uploads\/2025\/07\/EUGENIO-Y-SORIANO-GRUPO-960x540.jpg 960w, https:\/\/www.caudete.org\/ayuntamiento\/wp-content\/uploads\/2025\/07\/EUGENIO-Y-SORIANO-GRUPO-350x197.jpg 350w, https:\/\/www.caudete.org\/ayuntamiento\/wp-content\/uploads\/2025\/07\/EUGENIO-Y-SORIANO-GRUPO-768x432.jpg 768w\" sizes=\"(max-width: 1000px) 100vw, 1000px\" \/><\/p>\n","protected":false},"excerpt":{"rendered":"<p>Hace unos d\u00edas, el Sal\u00f3n de Plenos daba la bienvenida a la plantilla municipal a dos compa\u00f1eros de la Brigada de Obras. Dos antiguos compa\u00f1eros que tras un proceso selectivo adquieren su plaza como personal laboral en el puesto de Oficial de 2\u00aa. Eugenio del Valle, empleado municipal desde hace m\u00e1s de 20 a\u00f1os como &hellip;<\/p>\n","protected":false},"author":6,"featured_media":29774,"comment_status":"closed","ping_status":"open","sticky":false,"template":"","format":"standard","meta":{"ngg_post_thumbnail":0,"footnotes":""},"categories":[33],"tags":[],"class_list":["post-29773","post","type-post","status-publish","format-standard","has-post-thumbnail","hentry","category-recursos-humanos"],"yoast_head":"<!-- This site is optimized with the Yoast SEO plugin v27.5 - https:\/\/yoast.com\/product\/yoast-seo-wordpress\/ -->\n<title>Eugenio y Soriano, ganan las plazas de oficial de 2\u00aa tras un proceso selectivo - MI Ayuntamiento de Caudete<\/title>\n<meta name=\"description\" content=\"P\u00e1gina Oficial del Ayuntamiento de Caudete (Albacete)\" \/>\n<meta name=\"robots\" content=\"index, follow, max-snippet:-1, max-image-preview:large, max-video-preview:-1\" \/>\n<link rel=\"canonical\" href=\"https:\/\/www.caudete.org\/ayuntamiento\/eugenio-y-soriano-ganan-las-plazas-de-oficial-de-2a-tras-un-proceso-selectivo\/\" \/>\n<meta property=\"og:locale\" content=\"es_ES\" \/>\n<meta property=\"og:type\" content=\"article\" \/>\n<meta property=\"og:title\" content=\"Eugenio y Soriano, ganan las plazas de oficial de 2\u00aa tras un proceso selectivo - MI Ayuntamiento de Caudete\" \/>\n<meta property=\"og:description\" content=\"P\u00e1gina Oficial del Ayuntamiento de Caudete (Albacete)\" \/>\n<meta property=\"og:url\" content=\"https:\/\/www.caudete.org\/ayuntamiento\/eugenio-y-soriano-ganan-las-plazas-de-oficial-de-2a-tras-un-proceso-selectivo\/\" \/>\n<meta property=\"og:site_name\" content=\"MI Ayuntamiento de Caudete\" \/>\n<meta property=\"article:publisher\" content=\"https:\/\/www.facebook.com\/ayuntamientocaudete\/\" \/>\n<meta property=\"article:published_time\" content=\"2025-07-15T07:19:53+00:00\" \/>\n<meta property=\"article:modified_time\" content=\"2025-07-15T10:04:12+00:00\" \/>\n<meta property=\"og:image\" content=\"https:\/\/www.caudete.org\/ayuntamiento\/wp-content\/uploads\/2025\/07\/EUGENIO-Y-SORIANO-GRUPO.jpg\" \/>\n\t<meta property=\"og:image:width\" content=\"1000\" \/>\n\t<meta property=\"og:image:height\" content=\"563\" \/>\n\t<meta property=\"og:image:type\" content=\"image\/jpeg\" \/>\n<meta name=\"author\" content=\"informatica2\" \/>\n<meta name=\"twitter:card\" content=\"summary_large_image\" \/>\n<meta name=\"twitter:label1\" content=\"Escrito por\" \/>\n\t<meta name=\"twitter:data1\" content=\"informatica2\" \/>\n\t<meta name=\"twitter:label2\" content=\"Tiempo de lectura\" \/>\n\t<meta name=\"twitter:data2\" content=\"3 minutos\" \/>\n<script type=\"application\/ld+json\" class=\"yoast-schema-graph\">{\"@context\":\"https:\\\/\\\/schema.org\",\"@graph\":[{\"@type\":\"Article\",\"@id\":\"https:\\\/\\\/www.caudete.org\\\/ayuntamiento\\\/eugenio-y-soriano-ganan-las-plazas-de-oficial-de-2a-tras-un-proceso-selectivo\\\/#article\",\"isPartOf\":{\"@id\":\"https:\\\/\\\/www.caudete.org\\\/ayuntamiento\\\/eugenio-y-soriano-ganan-las-plazas-de-oficial-de-2a-tras-un-proceso-selectivo\\\/\"},\"author\":{\"name\":\"informatica2\",\"@id\":\"https:\\\/\\\/www.caudete.org\\\/ayuntamiento\\\/#\\\/schema\\\/person\\\/abfa5ffd5010a14e078c21e6e61b6291\"},\"headline\":\"Eugenio y Soriano, ganan las plazas de oficial de 2\u00aa tras un proceso selectivo\",\"datePublished\":\"2025-07-15T07:19:53+00:00\",\"dateModified\":\"2025-07-15T10:04:12+00:00\",\"mainEntityOfPage\":{\"@id\":\"https:\\\/\\\/www.caudete.org\\\/ayuntamiento\\\/eugenio-y-soriano-ganan-las-plazas-de-oficial-de-2a-tras-un-proceso-selectivo\\\/\"},\"wordCount\":359,\"image\":{\"@id\":\"https:\\\/\\\/www.caudete.org\\\/ayuntamiento\\\/eugenio-y-soriano-ganan-las-plazas-de-oficial-de-2a-tras-un-proceso-selectivo\\\/#primaryimage\"},\"thumbnailUrl\":\"https:\\\/\\\/www.caudete.org\\\/ayuntamiento\\\/wp-content\\\/uploads\\\/2025\\\/07\\\/EUGENIO-Y-SORIANO-GRUPO.jpg\",\"articleSection\":[\"Recursos Humanos\"],\"inLanguage\":\"es\"},{\"@type\":\"WebPage\",\"@id\":\"https:\\\/\\\/www.caudete.org\\\/ayuntamiento\\\/eugenio-y-soriano-ganan-las-plazas-de-oficial-de-2a-tras-un-proceso-selectivo\\\/\",\"url\":\"https:\\\/\\\/www.caudete.org\\\/ayuntamiento\\\/eugenio-y-soriano-ganan-las-plazas-de-oficial-de-2a-tras-un-proceso-selectivo\\\/\",\"name\":\"Eugenio y Soriano, ganan las plazas de oficial de 2\u00aa tras un proceso selectivo - MI Ayuntamiento de Caudete\",\"isPartOf\":{\"@id\":\"https:\\\/\\\/www.caudete.org\\\/ayuntamiento\\\/#website\"},\"primaryImageOfPage\":{\"@id\":\"https:\\\/\\\/www.caudete.org\\\/ayuntamiento\\\/eugenio-y-soriano-ganan-las-plazas-de-oficial-de-2a-tras-un-proceso-selectivo\\\/#primaryimage\"},\"image\":{\"@id\":\"https:\\\/\\\/www.caudete.org\\\/ayuntamiento\\\/eugenio-y-soriano-ganan-las-plazas-de-oficial-de-2a-tras-un-proceso-selectivo\\\/#primaryimage\"},\"thumbnailUrl\":\"https:\\\/\\\/www.caudete.org\\\/ayuntamiento\\\/wp-content\\\/uploads\\\/2025\\\/07\\\/EUGENIO-Y-SORIANO-GRUPO.jpg\",\"datePublished\":\"2025-07-15T07:19:53+00:00\",\"dateModified\":\"2025-07-15T10:04:12+00:00\",\"author\":{\"@id\":\"https:\\\/\\\/www.caudete.org\\\/ayuntamiento\\\/#\\\/schema\\\/person\\\/abfa5ffd5010a14e078c21e6e61b6291\"},\"description\":\"P\u00e1gina Oficial del Ayuntamiento de Caudete (Albacete)\",\"breadcrumb\":{\"@id\":\"https:\\\/\\\/www.caudete.org\\\/ayuntamiento\\\/eugenio-y-soriano-ganan-las-plazas-de-oficial-de-2a-tras-un-proceso-selectivo\\\/#breadcrumb\"},\"inLanguage\":\"es\",\"potentialAction\":[{\"@type\":\"ReadAction\",\"target\":[\"https:\\\/\\\/www.caudete.org\\\/ayuntamiento\\\/eugenio-y-soriano-ganan-las-plazas-de-oficial-de-2a-tras-un-proceso-selectivo\\\/\"]}]},{\"@type\":\"ImageObject\",\"inLanguage\":\"es\",\"@id\":\"https:\\\/\\\/www.caudete.org\\\/ayuntamiento\\\/eugenio-y-soriano-ganan-las-plazas-de-oficial-de-2a-tras-un-proceso-selectivo\\\/#primaryimage\",\"url\":\"https:\\\/\\\/www.caudete.org\\\/ayuntamiento\\\/wp-content\\\/uploads\\\/2025\\\/07\\\/EUGENIO-Y-SORIANO-GRUPO.jpg\",\"contentUrl\":\"https:\\\/\\\/www.caudete.org\\\/ayuntamiento\\\/wp-content\\\/uploads\\\/2025\\\/07\\\/EUGENIO-Y-SORIANO-GRUPO.jpg\",\"width\":1000,\"height\":563},{\"@type\":\"BreadcrumbList\",\"@id\":\"https:\\\/\\\/www.caudete.org\\\/ayuntamiento\\\/eugenio-y-soriano-ganan-las-plazas-de-oficial-de-2a-tras-un-proceso-selectivo\\\/#breadcrumb\",\"itemListElement\":[{\"@type\":\"ListItem\",\"position\":1,\"name\":\"Inicio\",\"item\":\"https:\\\/\\\/www.caudete.org\\\/ayuntamiento\\\/\"},{\"@type\":\"ListItem\",\"position\":2,\"name\":\"Eugenio y Soriano, ganan las plazas de oficial de 2\u00aa tras un proceso selectivo\"}]},{\"@type\":\"WebSite\",\"@id\":\"https:\\\/\\\/www.caudete.org\\\/ayuntamiento\\\/#website\",\"url\":\"https:\\\/\\\/www.caudete.org\\\/ayuntamiento\\\/\",\"name\":\"MI Ayuntamiento de Caudete\",\"description\":\"P\u00e1gina Oficial del MI Ayuntamiento de Caudete\",\"potentialAction\":[{\"@type\":\"SearchAction\",\"target\":{\"@type\":\"EntryPoint\",\"urlTemplate\":\"https:\\\/\\\/www.caudete.org\\\/ayuntamiento\\\/?s={search_term_string}\"},\"query-input\":{\"@type\":\"PropertyValueSpecification\",\"valueRequired\":true,\"valueName\":\"search_term_string\"}}],\"inLanguage\":\"es\"},{\"@type\":\"Person\",\"@id\":\"https:\\\/\\\/www.caudete.org\\\/ayuntamiento\\\/#\\\/schema\\\/person\\\/abfa5ffd5010a14e078c21e6e61b6291\",\"name\":\"informatica2\",\"image\":{\"@type\":\"ImageObject\",\"inLanguage\":\"es\",\"@id\":\"https:\\\/\\\/secure.gravatar.com\\\/avatar\\\/b089890ff033a3e4d03eec00ecb5a14425217205c513f60ec32ebeaaeb5fa700?s=96&d=mm&r=g\",\"url\":\"https:\\\/\\\/secure.gravatar.com\\\/avatar\\\/b089890ff033a3e4d03eec00ecb5a14425217205c513f60ec32ebeaaeb5fa700?s=96&d=mm&r=g\",\"contentUrl\":\"https:\\\/\\\/secure.gravatar.com\\\/avatar\\\/b089890ff033a3e4d03eec00ecb5a14425217205c513f60ec32ebeaaeb5fa700?s=96&d=mm&r=g\",\"caption\":\"informatica2\"},\"url\":\"https:\\\/\\\/www.caudete.org\\\/ayuntamiento\\\/author\\\/informatica2\\\/\"}]}<\/script>\n<!-- \/ Yoast SEO plugin. -->","yoast_head_json":{"title":"Eugenio y Soriano, ganan las plazas de oficial de 2\u00aa tras un proceso selectivo - MI Ayuntamiento de Caudete","description":"P\u00e1gina Oficial del Ayuntamiento de Caudete (Albacete)","robots":{"index":"index","follow":"follow","max-snippet":"max-snippet:-1","max-image-preview":"max-image-preview:large","max-video-preview":"max-video-preview:-1"},"canonical":"https:\/\/www.caudete.org\/ayuntamiento\/eugenio-y-soriano-ganan-las-plazas-de-oficial-de-2a-tras-un-proceso-selectivo\/","og_locale":"es_ES","og_type":"article","og_title":"Eugenio y Soriano, ganan las plazas de oficial de 2\u00aa tras un proceso selectivo - MI Ayuntamiento de Caudete","og_description":"P\u00e1gina Oficial del Ayuntamiento de Caudete (Albacete)","og_url":"https:\/\/www.caudete.org\/ayuntamiento\/eugenio-y-soriano-ganan-las-plazas-de-oficial-de-2a-tras-un-proceso-selectivo\/","og_site_name":"MI Ayuntamiento de Caudete","article_publisher":"https:\/\/www.facebook.com\/ayuntamientocaudete\/","article_published_time":"2025-07-15T07:19:53+00:00","article_modified_time":"2025-07-15T10:04:12+00:00","og_image":[{"width":1000,"height":563,"url":"https:\/\/www.caudete.org\/ayuntamiento\/wp-content\/uploads\/2025\/07\/EUGENIO-Y-SORIANO-GRUPO.jpg","type":"image\/jpeg"}],"author":"informatica2","twitter_card":"summary_large_image","twitter_misc":{"Escrito por":"informatica2","Tiempo de lectura":"3 minutos"},"schema":{"@context":"https:\/\/schema.org","@graph":[{"@type":"Article","@id":"https:\/\/www.caudete.org\/ayuntamiento\/eugenio-y-soriano-ganan-las-plazas-de-oficial-de-2a-tras-un-proceso-selectivo\/#article","isPartOf":{"@id":"https:\/\/www.caudete.org\/ayuntamiento\/eugenio-y-soriano-ganan-las-plazas-de-oficial-de-2a-tras-un-proceso-selectivo\/"},"author":{"name":"informatica2","@id":"https:\/\/www.caudete.org\/ayuntamiento\/#\/schema\/person\/abfa5ffd5010a14e078c21e6e61b6291"},"headline":"Eugenio y Soriano, ganan las plazas de oficial de 2\u00aa tras un proceso selectivo","datePublished":"2025-07-15T07:19:53+00:00","dateModified":"2025-07-15T10:04:12+00:00","mainEntityOfPage":{"@id":"https:\/\/www.caudete.org\/ayuntamiento\/eugenio-y-soriano-ganan-las-plazas-de-oficial-de-2a-tras-un-proceso-selectivo\/"},"wordCount":359,"image":{"@id":"https:\/\/www.caudete.org\/ayuntamiento\/eugenio-y-soriano-ganan-las-plazas-de-oficial-de-2a-tras-un-proceso-selectivo\/#primaryimage"},"thumbnailUrl":"https:\/\/www.caudete.org\/ayuntamiento\/wp-content\/uploads\/2025\/07\/EUGENIO-Y-SORIANO-GRUPO.jpg","articleSection":["Recursos Humanos"],"inLanguage":"es"},{"@type":"WebPage","@id":"https:\/\/www.caudete.org\/ayuntamiento\/eugenio-y-soriano-ganan-las-plazas-de-oficial-de-2a-tras-un-proceso-selectivo\/","url":"https:\/\/www.caudete.org\/ayuntamiento\/eugenio-y-soriano-ganan-las-plazas-de-oficial-de-2a-tras-un-proceso-selectivo\/","name":"Eugenio y Soriano, ganan las plazas de oficial de 2\u00aa tras un proceso selectivo - MI Ayuntamiento de Caudete","isPartOf":{"@id":"https:\/\/www.caudete.org\/ayuntamiento\/#website"},"primaryImageOfPage":{"@id":"https:\/\/www.caudete.org\/ayuntamiento\/eugenio-y-soriano-ganan-las-plazas-de-oficial-de-2a-tras-un-proceso-selectivo\/#primaryimage"},"image":{"@id":"https:\/\/www.caudete.org\/ayuntamiento\/eugenio-y-soriano-ganan-las-plazas-de-oficial-de-2a-tras-un-proceso-selectivo\/#primaryimage"},"thumbnailUrl":"https:\/\/www.caudete.org\/ayuntamiento\/wp-content\/uploads\/2025\/07\/EUGENIO-Y-SORIANO-GRUPO.jpg","datePublished":"2025-07-15T07:19:53+00:00","dateModified":"2025-07-15T10:04:12+00:00","author":{"@id":"https:\/\/www.caudete.org\/ayuntamiento\/#\/schema\/person\/abfa5ffd5010a14e078c21e6e61b6291"},"description":"P\u00e1gina Oficial del Ayuntamiento de Caudete (Albacete)","breadcrumb":{"@id":"https:\/\/www.caudete.org\/ayuntamiento\/eugenio-y-soriano-ganan-las-plazas-de-oficial-de-2a-tras-un-proceso-selectivo\/#breadcrumb"},"inLanguage":"es","potentialAction":[{"@type":"ReadAction","target":["https:\/\/www.caudete.org\/ayuntamiento\/eugenio-y-soriano-ganan-las-plazas-de-oficial-de-2a-tras-un-proceso-selectivo\/"]}]},{"@type":"ImageObject","inLanguage":"es","@id":"https:\/\/www.caudete.org\/ayuntamiento\/eugenio-y-soriano-ganan-las-plazas-de-oficial-de-2a-tras-un-proceso-selectivo\/#primaryimage","url":"https:\/\/www.caudete.org\/ayuntamiento\/wp-content\/uploads\/2025\/07\/EUGENIO-Y-SORIANO-GRUPO.jpg","contentUrl":"https:\/\/www.caudete.org\/ayuntamiento\/wp-content\/uploads\/2025\/07\/EUGENIO-Y-SORIANO-GRUPO.jpg","width":1000,"height":563},{"@type":"BreadcrumbList","@id":"https:\/\/www.caudete.org\/ayuntamiento\/eugenio-y-soriano-ganan-las-plazas-de-oficial-de-2a-tras-un-proceso-selectivo\/#breadcrumb","itemListElement":[{"@type":"ListItem","position":1,"name":"Inicio","item":"https:\/\/www.caudete.org\/ayuntamiento\/"},{"@type":"ListItem","position":2,"name":"Eugenio y Soriano, ganan las plazas de oficial de 2\u00aa tras un proceso selectivo"}]},{"@type":"WebSite","@id":"https:\/\/www.caudete.org\/ayuntamiento\/#website","url":"https:\/\/www.caudete.org\/ayuntamiento\/","name":"MI Ayuntamiento de Caudete","description":"P\u00e1gina Oficial del MI Ayuntamiento de Caudete","potentialAction":[{"@type":"SearchAction","target":{"@type":"EntryPoint","urlTemplate":"https:\/\/www.caudete.org\/ayuntamiento\/?s={search_term_string}"},"query-input":{"@type":"PropertyValueSpecification","valueRequired":true,"valueName":"search_term_string"}}],"inLanguage":"es"},{"@type":"Person","@id":"https:\/\/www.caudete.org\/ayuntamiento\/#\/schema\/person\/abfa5ffd5010a14e078c21e6e61b6291","name":"informatica2","image":{"@type":"ImageObject","inLanguage":"es","@id":"https:\/\/secure.gravatar.com\/avatar\/b089890ff033a3e4d03eec00ecb5a14425217205c513f60ec32ebeaaeb5fa700?s=96&d=mm&r=g","url":"https:\/\/secure.gravatar.com\/avatar\/b089890ff033a3e4d03eec00ecb5a14425217205c513f60ec32ebeaaeb5fa700?s=96&d=mm&r=g","contentUrl":"https:\/\/secure.gravatar.com\/avatar\/b089890ff033a3e4d03eec00ecb5a14425217205c513f60ec32ebeaaeb5fa700?s=96&d=mm&r=g","caption":"informatica2"},"url":"https:\/\/www.caudete.org\/ayuntamiento\/author\/informatica2\/"}]}},"_links":{"self":[{"href":"https:\/\/www.caudete.org\/ayuntamiento\/wp-json\/wp\/v2\/posts\/29773","targetHints":{"allow":["GET"]}}],"collection":[{"href":"https:\/\/www.caudete.org\/ayuntamiento\/wp-json\/wp\/v2\/posts"}],"about":[{"href":"https:\/\/www.caudete.org\/ayuntamiento\/wp-json\/wp\/v2\/types\/post"}],"author":[{"embeddable":true,"href":"https:\/\/www.caudete.org\/ayuntamiento\/wp-json\/wp\/v2\/users\/6"}],"replies":[{"embeddable":true,"href":"https:\/\/www.caudete.org\/ayuntamiento\/wp-json\/wp\/v2\/comments?post=29773"}],"version-history":[{"count":3,"href":"https:\/\/www.caudete.org\/ayuntamiento\/wp-json\/wp\/v2\/posts\/29773\/revisions"}],"predecessor-version":[{"id":29795,"href":"https:\/\/www.caudete.org\/ayuntamiento\/wp-json\/wp\/v2\/posts\/29773\/revisions\/29795"}],"wp:featuredmedia":[{"embeddable":true,"href":"https:\/\/www.caudete.org\/ayuntamiento\/wp-json\/wp\/v2\/media\/29774"}],"wp:attachment":[{"href":"https:\/\/www.caudete.org\/ayuntamiento\/wp-json\/wp\/v2\/media?parent=29773"}],"wp:term":[{"taxonomy":"category","embeddable":true,"href":"https:\/\/www.caudete.org\/ayuntamiento\/wp-json\/wp\/v2\/categories?post=29773"},{"taxonomy":"post_tag","embeddable":true,"href":"https:\/\/www.caudete.org\/ayuntamiento\/wp-json\/wp\/v2\/tags?post=29773"}],"curies":[{"name":"wp","href":"https:\/\/api.w.org\/{rel}","templated":true}]}}