{"id":29779,"date":"2025-07-16T08:00:00","date_gmt":"2025-07-16T06:00:00","guid":{"rendered":"https:\/\/www.caudete.org\/ayuntamiento\/?p=29779"},"modified":"2025-08-06T14:19:41","modified_gmt":"2025-08-06T12:19:41","slug":"el-14-de-agosto-caudete-acogera-el-festival-astronomico-de-la-comarca-monte-iberico-corredor-de-almansa","status":"publish","type":"post","link":"https:\/\/www.caudete.org\/ayuntamiento\/el-14-de-agosto-caudete-acogera-el-festival-astronomico-de-la-comarca-monte-iberico-corredor-de-almansa\/","title":{"rendered":"El 14 de Agosto Caudete acoger\u00e1 el Festival Astron\u00f3mico de la Comarca Monte Ib\u00e9rico-Corredor de Almansa"},"content":{"rendered":"<p align=\"justify\"><a href=\"https:\/\/www.caudete.org\/ayuntamiento\/wp-content\/uploads\/2025\/07\/estrellas-cartel-2.jpg\" rel='prettyPhoto'><img fetchpriority=\"high\" decoding=\"async\" class=\"alignnone wp-image-29789 size-full\" src=\"https:\/\/www.caudete.org\/ayuntamiento\/wp-content\/uploads\/2025\/07\/estrellas-cartel-2.jpg\" alt=\"\" width=\"1000\" height=\"1000\" srcset=\"https:\/\/www.caudete.org\/ayuntamiento\/wp-content\/uploads\/2025\/07\/estrellas-cartel-2.jpg 1000w, https:\/\/www.caudete.org\/ayuntamiento\/wp-content\/uploads\/2025\/07\/estrellas-cartel-2-800x800.jpg 800w, https:\/\/www.caudete.org\/ayuntamiento\/wp-content\/uploads\/2025\/07\/estrellas-cartel-2-900x900.jpg 900w, https:\/\/www.caudete.org\/ayuntamiento\/wp-content\/uploads\/2025\/07\/estrellas-cartel-2-220x220.jpg 220w, https:\/\/www.caudete.org\/ayuntamiento\/wp-content\/uploads\/2025\/07\/estrellas-cartel-2-768x768.jpg 768w, https:\/\/www.caudete.org\/ayuntamiento\/wp-content\/uploads\/2025\/07\/estrellas-cartel-2-60x60.jpg 60w\" sizes=\"(max-width: 1000px) 100vw, 1000px\" \/><\/a><\/p>\n<p style=\"text-align: justify;\" align=\"justify\"><span style=\"color: #000000; font-size: 12pt; font-family: georgia, palatino, serif;\">El Grupo de Desarrollo Rural Monte Ib\u00e9rico-Corredor de Almansa organiza, junto a ocho de sus municipios, el \u201cPrimer Festival Astron\u00f3mico\u201d de la Comarca, tal y como ha informado el Concejal de Turismo Diego Cuenca. Estas veladas astron\u00f3micas tendr\u00e1n lugar entre el 26 de julio y el 29 de agosto. <\/span><\/p>\n<p style=\"text-align: justify;\" align=\"justify\"><span style=\"color: #000000; font-size: 12pt; font-family: georgia, palatino, serif;\">Nuestra comarca forma parte del selecto grupo de Destinos Tur\u00edsticos Starlight desde 2024, gracias a una iniciativa promovida y financiada por Diputaci\u00f3n Provincial de Albacete. <\/span><\/p>\n<p style=\"text-align: justify;\" align=\"left\"><span style=\"color: #000000; font-size: 12pt; font-family: georgia, palatino, serif;\">Ser\u00e1 el 14 de agosto cuando la Concejal\u00eda de Turismo del Ayuntamiento de Caudete celebre su velada astron\u00f3mica en el punto Startlight ubicado en la explanada del albergue de la Toconera, en pleno espacio natural de La Toconera, un lugar excelente para contemplar las estrellas sin contaminaci\u00f3n lum\u00ednica. <\/span><\/p>\n<p style=\"text-align: justify;\" align=\"left\"><span style=\"color: #000000; font-size: 12pt; font-family: georgia, palatino, serif;\">Los destinos tur\u00edsticos Starlight son aquellos lugares reconocidos por la calidad de su cielo nocturno y la posibilidad de organizar actividades relacionadas con la observaci\u00f3n de las estrellas y la astronom\u00eda. La certificaci\u00f3n Starlight se otorga a destinos que cumplen con ciertos criterios relacionados con la preservaci\u00f3n del cielo oscuro, la calidad del aire, la protecci\u00f3n del entorno natural y la promoci\u00f3n de actividades de turismo astron\u00f3mico.<\/span><\/p>\n<p align=\"center\"><strong><span style=\"color: #000000;\"><span style=\"font-family: Arial, sans-serif;\"><span style=\"font-size: medium;\">Diego Cuenca Olivares<br \/>\n<\/span><\/span><\/span><span style=\"color: #000000;\"><span style=\"font-family: Arial, sans-serif;\"><span style=\"font-size: medium;\">Concejal de Turismo, Patrimonio, Comercio y Participaci\u00f3n Ciudadana<\/span><\/span><\/span><\/strong><\/p>\n<p style=\"text-align: left;\" align=\"center\"><img decoding=\"async\" class=\"alignnone wp-image-29784 size-full\" src=\"https:\/\/www.caudete.org\/ayuntamiento\/wp-content\/uploads\/2025\/07\/estrellas-1.jpg\" alt=\"\" width=\"1000\" height=\"1333\" srcset=\"https:\/\/www.caudete.org\/ayuntamiento\/wp-content\/uploads\/2025\/07\/estrellas-1.jpg 1000w, https:\/\/www.caudete.org\/ayuntamiento\/wp-content\/uploads\/2025\/07\/estrellas-1-600x800.jpg 600w, https:\/\/www.caudete.org\/ayuntamiento\/wp-content\/uploads\/2025\/07\/estrellas-1-675x900.jpg 675w, https:\/\/www.caudete.org\/ayuntamiento\/wp-content\/uploads\/2025\/07\/estrellas-1-165x220.jpg 165w, https:\/\/www.caudete.org\/ayuntamiento\/wp-content\/uploads\/2025\/07\/estrellas-1-768x1024.jpg 768w\" sizes=\"(max-width: 1000px) 100vw, 1000px\" \/> <img decoding=\"async\" class=\"alignnone wp-image-29785 size-full\" src=\"https:\/\/www.caudete.org\/ayuntamiento\/wp-content\/uploads\/2025\/07\/estrellas-2.jpg\" alt=\"\" width=\"1000\" height=\"1333\" srcset=\"https:\/\/www.caudete.org\/ayuntamiento\/wp-content\/uploads\/2025\/07\/estrellas-2.jpg 1000w, https:\/\/www.caudete.org\/ayuntamiento\/wp-content\/uploads\/2025\/07\/estrellas-2-600x800.jpg 600w, https:\/\/www.caudete.org\/ayuntamiento\/wp-content\/uploads\/2025\/07\/estrellas-2-675x900.jpg 675w, https:\/\/www.caudete.org\/ayuntamiento\/wp-content\/uploads\/2025\/07\/estrellas-2-165x220.jpg 165w, https:\/\/www.caudete.org\/ayuntamiento\/wp-content\/uploads\/2025\/07\/estrellas-2-768x1024.jpg 768w\" sizes=\"(max-width: 1000px) 100vw, 1000px\" \/> <a href=\"https:\/\/www.caudete.org\/ayuntamiento\/wp-content\/uploads\/2025\/07\/estrellas-mancomunidad.jpg\" rel='prettyPhoto'><img loading=\"lazy\" decoding=\"async\" class=\"alignnone wp-image-29786 size-full\" src=\"https:\/\/www.caudete.org\/ayuntamiento\/wp-content\/uploads\/2025\/07\/estrellas-mancomunidad.jpg\" alt=\"\" width=\"1000\" height=\"1415\" srcset=\"https:\/\/www.caudete.org\/ayuntamiento\/wp-content\/uploads\/2025\/07\/estrellas-mancomunidad.jpg 1000w, https:\/\/www.caudete.org\/ayuntamiento\/wp-content\/uploads\/2025\/07\/estrellas-mancomunidad-565x800.jpg 565w, https:\/\/www.caudete.org\/ayuntamiento\/wp-content\/uploads\/2025\/07\/estrellas-mancomunidad-636x900.jpg 636w, https:\/\/www.caudete.org\/ayuntamiento\/wp-content\/uploads\/2025\/07\/estrellas-mancomunidad-155x220.jpg 155w, https:\/\/www.caudete.org\/ayuntamiento\/wp-content\/uploads\/2025\/07\/estrellas-mancomunidad-768x1087.jpg 768w\" sizes=\"(max-width: 1000px) 100vw, 1000px\" \/><\/a><\/p>\n","protected":false},"excerpt":{"rendered":"<p>El Grupo de Desarrollo Rural Monte Ib\u00e9rico-Corredor de Almansa organiza, junto a ocho de sus municipios, el \u201cPrimer Festival Astron\u00f3mico\u201d de la Comarca, tal y como ha informado el Concejal de Turismo Diego Cuenca. Estas veladas astron\u00f3micas tendr\u00e1n lugar entre el 26 de julio y el 29 de agosto. Nuestra comarca forma parte del selecto &hellip;<\/p>\n","protected":false},"author":6,"featured_media":29782,"comment_status":"closed","ping_status":"open","sticky":false,"template":"","format":"standard","meta":{"ngg_post_thumbnail":0,"footnotes":""},"categories":[43],"tags":[],"class_list":["post-29779","post","type-post","status-publish","format-standard","has-post-thumbnail","hentry","category-turismo"],"yoast_head":"<!-- This site is optimized with the Yoast SEO plugin v27.5 - https:\/\/yoast.com\/product\/yoast-seo-wordpress\/ -->\n<title>El 14 de Agosto Caudete acoger\u00e1 el Festival Astron\u00f3mico de la Comarca Monte Ib\u00e9rico-Corredor de Almansa - MI Ayuntamiento de Caudete<\/title>\n<meta name=\"description\" content=\"P\u00e1gina Oficial del Ayuntamiento de Caudete (Albacete)\" \/>\n<meta name=\"robots\" content=\"index, follow, max-snippet:-1, max-image-preview:large, max-video-preview:-1\" \/>\n<link rel=\"canonical\" href=\"https:\/\/www.caudete.org\/ayuntamiento\/el-14-de-agosto-caudete-acogera-el-festival-astronomico-de-la-comarca-monte-iberico-corredor-de-almansa\/\" \/>\n<meta property=\"og:locale\" content=\"es_ES\" \/>\n<meta property=\"og:type\" content=\"article\" \/>\n<meta property=\"og:title\" content=\"El 14 de Agosto Caudete acoger\u00e1 el Festival Astron\u00f3mico de la Comarca Monte Ib\u00e9rico-Corredor de Almansa - MI Ayuntamiento de Caudete\" \/>\n<meta property=\"og:description\" content=\"P\u00e1gina Oficial del Ayuntamiento de Caudete (Albacete)\" \/>\n<meta property=\"og:url\" content=\"https:\/\/www.caudete.org\/ayuntamiento\/el-14-de-agosto-caudete-acogera-el-festival-astronomico-de-la-comarca-monte-iberico-corredor-de-almansa\/\" \/>\n<meta property=\"og:site_name\" content=\"MI Ayuntamiento de Caudete\" \/>\n<meta property=\"article:publisher\" content=\"https:\/\/www.facebook.com\/ayuntamientocaudete\/\" \/>\n<meta property=\"article:published_time\" content=\"2025-07-16T06:00:00+00:00\" \/>\n<meta property=\"article:modified_time\" content=\"2025-08-06T12:19:41+00:00\" \/>\n<meta property=\"og:image\" content=\"https:\/\/www.caudete.org\/ayuntamiento\/wp-content\/uploads\/2025\/07\/estrellas-cartel-port.jpg\" \/>\n\t<meta property=\"og:image:width\" content=\"1000\" \/>\n\t<meta property=\"og:image:height\" content=\"419\" \/>\n\t<meta property=\"og:image:type\" content=\"image\/jpeg\" \/>\n<meta name=\"author\" content=\"informatica2\" \/>\n<meta name=\"twitter:card\" content=\"summary_large_image\" \/>\n<meta name=\"twitter:label1\" content=\"Escrito por\" \/>\n\t<meta name=\"twitter:data1\" content=\"informatica2\" \/>\n\t<meta name=\"twitter:label2\" content=\"Tiempo de lectura\" \/>\n\t<meta name=\"twitter:data2\" content=\"2 minutos\" \/>\n<script type=\"application\/ld+json\" class=\"yoast-schema-graph\">{\"@context\":\"https:\\\/\\\/schema.org\",\"@graph\":[{\"@type\":\"Article\",\"@id\":\"https:\\\/\\\/www.caudete.org\\\/ayuntamiento\\\/el-14-de-agosto-caudete-acogera-el-festival-astronomico-de-la-comarca-monte-iberico-corredor-de-almansa\\\/#article\",\"isPartOf\":{\"@id\":\"https:\\\/\\\/www.caudete.org\\\/ayuntamiento\\\/el-14-de-agosto-caudete-acogera-el-festival-astronomico-de-la-comarca-monte-iberico-corredor-de-almansa\\\/\"},\"author\":{\"name\":\"informatica2\",\"@id\":\"https:\\\/\\\/www.caudete.org\\\/ayuntamiento\\\/#\\\/schema\\\/person\\\/abfa5ffd5010a14e078c21e6e61b6291\"},\"headline\":\"El 14 de Agosto Caudete acoger\u00e1 el Festival Astron\u00f3mico de la Comarca Monte Ib\u00e9rico-Corredor de Almansa\",\"datePublished\":\"2025-07-16T06:00:00+00:00\",\"dateModified\":\"2025-08-06T12:19:41+00:00\",\"mainEntityOfPage\":{\"@id\":\"https:\\\/\\\/www.caudete.org\\\/ayuntamiento\\\/el-14-de-agosto-caudete-acogera-el-festival-astronomico-de-la-comarca-monte-iberico-corredor-de-almansa\\\/\"},\"wordCount\":232,\"image\":{\"@id\":\"https:\\\/\\\/www.caudete.org\\\/ayuntamiento\\\/el-14-de-agosto-caudete-acogera-el-festival-astronomico-de-la-comarca-monte-iberico-corredor-de-almansa\\\/#primaryimage\"},\"thumbnailUrl\":\"https:\\\/\\\/www.caudete.org\\\/ayuntamiento\\\/wp-content\\\/uploads\\\/2025\\\/07\\\/estrellas-cartel-port.jpg\",\"articleSection\":[\"Turismo\"],\"inLanguage\":\"es\"},{\"@type\":\"WebPage\",\"@id\":\"https:\\\/\\\/www.caudete.org\\\/ayuntamiento\\\/el-14-de-agosto-caudete-acogera-el-festival-astronomico-de-la-comarca-monte-iberico-corredor-de-almansa\\\/\",\"url\":\"https:\\\/\\\/www.caudete.org\\\/ayuntamiento\\\/el-14-de-agosto-caudete-acogera-el-festival-astronomico-de-la-comarca-monte-iberico-corredor-de-almansa\\\/\",\"name\":\"El 14 de Agosto Caudete acoger\u00e1 el Festival Astron\u00f3mico de la Comarca Monte Ib\u00e9rico-Corredor de Almansa - MI Ayuntamiento de Caudete\",\"isPartOf\":{\"@id\":\"https:\\\/\\\/www.caudete.org\\\/ayuntamiento\\\/#website\"},\"primaryImageOfPage\":{\"@id\":\"https:\\\/\\\/www.caudete.org\\\/ayuntamiento\\\/el-14-de-agosto-caudete-acogera-el-festival-astronomico-de-la-comarca-monte-iberico-corredor-de-almansa\\\/#primaryimage\"},\"image\":{\"@id\":\"https:\\\/\\\/www.caudete.org\\\/ayuntamiento\\\/el-14-de-agosto-caudete-acogera-el-festival-astronomico-de-la-comarca-monte-iberico-corredor-de-almansa\\\/#primaryimage\"},\"thumbnailUrl\":\"https:\\\/\\\/www.caudete.org\\\/ayuntamiento\\\/wp-content\\\/uploads\\\/2025\\\/07\\\/estrellas-cartel-port.jpg\",\"datePublished\":\"2025-07-16T06:00:00+00:00\",\"dateModified\":\"2025-08-06T12:19:41+00:00\",\"author\":{\"@id\":\"https:\\\/\\\/www.caudete.org\\\/ayuntamiento\\\/#\\\/schema\\\/person\\\/abfa5ffd5010a14e078c21e6e61b6291\"},\"description\":\"P\u00e1gina Oficial del Ayuntamiento de Caudete (Albacete)\",\"breadcrumb\":{\"@id\":\"https:\\\/\\\/www.caudete.org\\\/ayuntamiento\\\/el-14-de-agosto-caudete-acogera-el-festival-astronomico-de-la-comarca-monte-iberico-corredor-de-almansa\\\/#breadcrumb\"},\"inLanguage\":\"es\",\"potentialAction\":[{\"@type\":\"ReadAction\",\"target\":[\"https:\\\/\\\/www.caudete.org\\\/ayuntamiento\\\/el-14-de-agosto-caudete-acogera-el-festival-astronomico-de-la-comarca-monte-iberico-corredor-de-almansa\\\/\"]}]},{\"@type\":\"ImageObject\",\"inLanguage\":\"es\",\"@id\":\"https:\\\/\\\/www.caudete.org\\\/ayuntamiento\\\/el-14-de-agosto-caudete-acogera-el-festival-astronomico-de-la-comarca-monte-iberico-corredor-de-almansa\\\/#primaryimage\",\"url\":\"https:\\\/\\\/www.caudete.org\\\/ayuntamiento\\\/wp-content\\\/uploads\\\/2025\\\/07\\\/estrellas-cartel-port.jpg\",\"contentUrl\":\"https:\\\/\\\/www.caudete.org\\\/ayuntamiento\\\/wp-content\\\/uploads\\\/2025\\\/07\\\/estrellas-cartel-port.jpg\",\"width\":1000,\"height\":419},{\"@type\":\"BreadcrumbList\",\"@id\":\"https:\\\/\\\/www.caudete.org\\\/ayuntamiento\\\/el-14-de-agosto-caudete-acogera-el-festival-astronomico-de-la-comarca-monte-iberico-corredor-de-almansa\\\/#breadcrumb\",\"itemListElement\":[{\"@type\":\"ListItem\",\"position\":1,\"name\":\"Inicio\",\"item\":\"https:\\\/\\\/www.caudete.org\\\/ayuntamiento\\\/\"},{\"@type\":\"ListItem\",\"position\":2,\"name\":\"El 14 de Agosto Caudete acoger\u00e1 el Festival Astron\u00f3mico de la Comarca Monte Ib\u00e9rico-Corredor de Almansa\"}]},{\"@type\":\"WebSite\",\"@id\":\"https:\\\/\\\/www.caudete.org\\\/ayuntamiento\\\/#website\",\"url\":\"https:\\\/\\\/www.caudete.org\\\/ayuntamiento\\\/\",\"name\":\"MI Ayuntamiento de Caudete\",\"description\":\"P\u00e1gina Oficial del MI Ayuntamiento de Caudete\",\"potentialAction\":[{\"@type\":\"SearchAction\",\"target\":{\"@type\":\"EntryPoint\",\"urlTemplate\":\"https:\\\/\\\/www.caudete.org\\\/ayuntamiento\\\/?s={search_term_string}\"},\"query-input\":{\"@type\":\"PropertyValueSpecification\",\"valueRequired\":true,\"valueName\":\"search_term_string\"}}],\"inLanguage\":\"es\"},{\"@type\":\"Person\",\"@id\":\"https:\\\/\\\/www.caudete.org\\\/ayuntamiento\\\/#\\\/schema\\\/person\\\/abfa5ffd5010a14e078c21e6e61b6291\",\"name\":\"informatica2\",\"image\":{\"@type\":\"ImageObject\",\"inLanguage\":\"es\",\"@id\":\"https:\\\/\\\/secure.gravatar.com\\\/avatar\\\/b089890ff033a3e4d03eec00ecb5a14425217205c513f60ec32ebeaaeb5fa700?s=96&d=mm&r=g\",\"url\":\"https:\\\/\\\/secure.gravatar.com\\\/avatar\\\/b089890ff033a3e4d03eec00ecb5a14425217205c513f60ec32ebeaaeb5fa700?s=96&d=mm&r=g\",\"contentUrl\":\"https:\\\/\\\/secure.gravatar.com\\\/avatar\\\/b089890ff033a3e4d03eec00ecb5a14425217205c513f60ec32ebeaaeb5fa700?s=96&d=mm&r=g\",\"caption\":\"informatica2\"},\"url\":\"https:\\\/\\\/www.caudete.org\\\/ayuntamiento\\\/author\\\/informatica2\\\/\"}]}<\/script>\n<!-- \/ Yoast SEO plugin. -->","yoast_head_json":{"title":"El 14 de Agosto Caudete acoger\u00e1 el Festival Astron\u00f3mico de la Comarca Monte Ib\u00e9rico-Corredor de Almansa - MI Ayuntamiento de Caudete","description":"P\u00e1gina Oficial del Ayuntamiento de Caudete (Albacete)","robots":{"index":"index","follow":"follow","max-snippet":"max-snippet:-1","max-image-preview":"max-image-preview:large","max-video-preview":"max-video-preview:-1"},"canonical":"https:\/\/www.caudete.org\/ayuntamiento\/el-14-de-agosto-caudete-acogera-el-festival-astronomico-de-la-comarca-monte-iberico-corredor-de-almansa\/","og_locale":"es_ES","og_type":"article","og_title":"El 14 de Agosto Caudete acoger\u00e1 el Festival Astron\u00f3mico de la Comarca Monte Ib\u00e9rico-Corredor de Almansa - MI Ayuntamiento de Caudete","og_description":"P\u00e1gina Oficial del Ayuntamiento de Caudete (Albacete)","og_url":"https:\/\/www.caudete.org\/ayuntamiento\/el-14-de-agosto-caudete-acogera-el-festival-astronomico-de-la-comarca-monte-iberico-corredor-de-almansa\/","og_site_name":"MI Ayuntamiento de Caudete","article_publisher":"https:\/\/www.facebook.com\/ayuntamientocaudete\/","article_published_time":"2025-07-16T06:00:00+00:00","article_modified_time":"2025-08-06T12:19:41+00:00","og_image":[{"width":1000,"height":419,"url":"https:\/\/www.caudete.org\/ayuntamiento\/wp-content\/uploads\/2025\/07\/estrellas-cartel-port.jpg","type":"image\/jpeg"}],"author":"informatica2","twitter_card":"summary_large_image","twitter_misc":{"Escrito por":"informatica2","Tiempo de lectura":"2 minutos"},"schema":{"@context":"https:\/\/schema.org","@graph":[{"@type":"Article","@id":"https:\/\/www.caudete.org\/ayuntamiento\/el-14-de-agosto-caudete-acogera-el-festival-astronomico-de-la-comarca-monte-iberico-corredor-de-almansa\/#article","isPartOf":{"@id":"https:\/\/www.caudete.org\/ayuntamiento\/el-14-de-agosto-caudete-acogera-el-festival-astronomico-de-la-comarca-monte-iberico-corredor-de-almansa\/"},"author":{"name":"informatica2","@id":"https:\/\/www.caudete.org\/ayuntamiento\/#\/schema\/person\/abfa5ffd5010a14e078c21e6e61b6291"},"headline":"El 14 de Agosto Caudete acoger\u00e1 el Festival Astron\u00f3mico de la Comarca Monte Ib\u00e9rico-Corredor de Almansa","datePublished":"2025-07-16T06:00:00+00:00","dateModified":"2025-08-06T12:19:41+00:00","mainEntityOfPage":{"@id":"https:\/\/www.caudete.org\/ayuntamiento\/el-14-de-agosto-caudete-acogera-el-festival-astronomico-de-la-comarca-monte-iberico-corredor-de-almansa\/"},"wordCount":232,"image":{"@id":"https:\/\/www.caudete.org\/ayuntamiento\/el-14-de-agosto-caudete-acogera-el-festival-astronomico-de-la-comarca-monte-iberico-corredor-de-almansa\/#primaryimage"},"thumbnailUrl":"https:\/\/www.caudete.org\/ayuntamiento\/wp-content\/uploads\/2025\/07\/estrellas-cartel-port.jpg","articleSection":["Turismo"],"inLanguage":"es"},{"@type":"WebPage","@id":"https:\/\/www.caudete.org\/ayuntamiento\/el-14-de-agosto-caudete-acogera-el-festival-astronomico-de-la-comarca-monte-iberico-corredor-de-almansa\/","url":"https:\/\/www.caudete.org\/ayuntamiento\/el-14-de-agosto-caudete-acogera-el-festival-astronomico-de-la-comarca-monte-iberico-corredor-de-almansa\/","name":"El 14 de Agosto Caudete acoger\u00e1 el Festival Astron\u00f3mico de la Comarca Monte Ib\u00e9rico-Corredor de Almansa - MI Ayuntamiento de Caudete","isPartOf":{"@id":"https:\/\/www.caudete.org\/ayuntamiento\/#website"},"primaryImageOfPage":{"@id":"https:\/\/www.caudete.org\/ayuntamiento\/el-14-de-agosto-caudete-acogera-el-festival-astronomico-de-la-comarca-monte-iberico-corredor-de-almansa\/#primaryimage"},"image":{"@id":"https:\/\/www.caudete.org\/ayuntamiento\/el-14-de-agosto-caudete-acogera-el-festival-astronomico-de-la-comarca-monte-iberico-corredor-de-almansa\/#primaryimage"},"thumbnailUrl":"https:\/\/www.caudete.org\/ayuntamiento\/wp-content\/uploads\/2025\/07\/estrellas-cartel-port.jpg","datePublished":"2025-07-16T06:00:00+00:00","dateModified":"2025-08-06T12:19:41+00:00","author":{"@id":"https:\/\/www.caudete.org\/ayuntamiento\/#\/schema\/person\/abfa5ffd5010a14e078c21e6e61b6291"},"description":"P\u00e1gina Oficial del Ayuntamiento de Caudete (Albacete)","breadcrumb":{"@id":"https:\/\/www.caudete.org\/ayuntamiento\/el-14-de-agosto-caudete-acogera-el-festival-astronomico-de-la-comarca-monte-iberico-corredor-de-almansa\/#breadcrumb"},"inLanguage":"es","potentialAction":[{"@type":"ReadAction","target":["https:\/\/www.caudete.org\/ayuntamiento\/el-14-de-agosto-caudete-acogera-el-festival-astronomico-de-la-comarca-monte-iberico-corredor-de-almansa\/"]}]},{"@type":"ImageObject","inLanguage":"es","@id":"https:\/\/www.caudete.org\/ayuntamiento\/el-14-de-agosto-caudete-acogera-el-festival-astronomico-de-la-comarca-monte-iberico-corredor-de-almansa\/#primaryimage","url":"https:\/\/www.caudete.org\/ayuntamiento\/wp-content\/uploads\/2025\/07\/estrellas-cartel-port.jpg","contentUrl":"https:\/\/www.caudete.org\/ayuntamiento\/wp-content\/uploads\/2025\/07\/estrellas-cartel-port.jpg","width":1000,"height":419},{"@type":"BreadcrumbList","@id":"https:\/\/www.caudete.org\/ayuntamiento\/el-14-de-agosto-caudete-acogera-el-festival-astronomico-de-la-comarca-monte-iberico-corredor-de-almansa\/#breadcrumb","itemListElement":[{"@type":"ListItem","position":1,"name":"Inicio","item":"https:\/\/www.caudete.org\/ayuntamiento\/"},{"@type":"ListItem","position":2,"name":"El 14 de Agosto Caudete acoger\u00e1 el Festival Astron\u00f3mico de la Comarca Monte Ib\u00e9rico-Corredor de Almansa"}]},{"@type":"WebSite","@id":"https:\/\/www.caudete.org\/ayuntamiento\/#website","url":"https:\/\/www.caudete.org\/ayuntamiento\/","name":"MI Ayuntamiento de Caudete","description":"P\u00e1gina Oficial del MI Ayuntamiento de Caudete","potentialAction":[{"@type":"SearchAction","target":{"@type":"EntryPoint","urlTemplate":"https:\/\/www.caudete.org\/ayuntamiento\/?s={search_term_string}"},"query-input":{"@type":"PropertyValueSpecification","valueRequired":true,"valueName":"search_term_string"}}],"inLanguage":"es"},{"@type":"Person","@id":"https:\/\/www.caudete.org\/ayuntamiento\/#\/schema\/person\/abfa5ffd5010a14e078c21e6e61b6291","name":"informatica2","image":{"@type":"ImageObject","inLanguage":"es","@id":"https:\/\/secure.gravatar.com\/avatar\/b089890ff033a3e4d03eec00ecb5a14425217205c513f60ec32ebeaaeb5fa700?s=96&d=mm&r=g","url":"https:\/\/secure.gravatar.com\/avatar\/b089890ff033a3e4d03eec00ecb5a14425217205c513f60ec32ebeaaeb5fa700?s=96&d=mm&r=g","contentUrl":"https:\/\/secure.gravatar.com\/avatar\/b089890ff033a3e4d03eec00ecb5a14425217205c513f60ec32ebeaaeb5fa700?s=96&d=mm&r=g","caption":"informatica2"},"url":"https:\/\/www.caudete.org\/ayuntamiento\/author\/informatica2\/"}]}},"_links":{"self":[{"href":"https:\/\/www.caudete.org\/ayuntamiento\/wp-json\/wp\/v2\/posts\/29779","targetHints":{"allow":["GET"]}}],"collection":[{"href":"https:\/\/www.caudete.org\/ayuntamiento\/wp-json\/wp\/v2\/posts"}],"about":[{"href":"https:\/\/www.caudete.org\/ayuntamiento\/wp-json\/wp\/v2\/types\/post"}],"author":[{"embeddable":true,"href":"https:\/\/www.caudete.org\/ayuntamiento\/wp-json\/wp\/v2\/users\/6"}],"replies":[{"embeddable":true,"href":"https:\/\/www.caudete.org\/ayuntamiento\/wp-json\/wp\/v2\/comments?post=29779"}],"version-history":[{"count":4,"href":"https:\/\/www.caudete.org\/ayuntamiento\/wp-json\/wp\/v2\/posts\/29779\/revisions"}],"predecessor-version":[{"id":29791,"href":"https:\/\/www.caudete.org\/ayuntamiento\/wp-json\/wp\/v2\/posts\/29779\/revisions\/29791"}],"wp:featuredmedia":[{"embeddable":true,"href":"https:\/\/www.caudete.org\/ayuntamiento\/wp-json\/wp\/v2\/media\/29782"}],"wp:attachment":[{"href":"https:\/\/www.caudete.org\/ayuntamiento\/wp-json\/wp\/v2\/media?parent=29779"}],"wp:term":[{"taxonomy":"category","embeddable":true,"href":"https:\/\/www.caudete.org\/ayuntamiento\/wp-json\/wp\/v2\/categories?post=29779"},{"taxonomy":"post_tag","embeddable":true,"href":"https:\/\/www.caudete.org\/ayuntamiento\/wp-json\/wp\/v2\/tags?post=29779"}],"curies":[{"name":"wp","href":"https:\/\/api.w.org\/{rel}","templated":true}]}}