{"id":29796,"date":"2025-07-15T13:14:30","date_gmt":"2025-07-15T11:14:30","guid":{"rendered":"https:\/\/www.caudete.org\/ayuntamiento\/?p=29796"},"modified":"2025-07-15T13:15:38","modified_gmt":"2025-07-15T11:15:38","slug":"el-ayuntamiento-reforzara-las-medidas-de-prevencion-en-parcelas-rusticas-proximas-al-nucleo-urbano","status":"publish","type":"post","link":"https:\/\/www.caudete.org\/ayuntamiento\/el-ayuntamiento-reforzara-las-medidas-de-prevencion-en-parcelas-rusticas-proximas-al-nucleo-urbano\/","title":{"rendered":"El Ayuntamiento reforzara las medidas de prevenci\u00f3n en parcelas r\u00fasticas pr\u00f3ximas al n\u00facleo urbano"},"content":{"rendered":"<p>La limpieza y el mantenimiento de parcelas es esencial para prevenir riesgos como incendios, especialmente en \u00e9pocas de altas temperaturas. Aunque la normativa actual obliga \u00fanicamente al desbroce de parcelas urbanas, las fincas r\u00fasticas cercanas al casco urbano tambi\u00e9n pueden suponer un peligro si no se mantienen adecuadamente.<\/p>\n<p>Este hecho qued\u00f3 evidenciado en la tarde de ayer, cuando, sobre las 19:30 horas, se origin\u00f3 un incendio en una parcela r\u00fastica colindante con el Camino del Palacio y la parte trasera de la calle Col\u00f3n, en Caudete. La propiedad, perteneciente a una fundaci\u00f3n, al encontrarse en suelo r\u00fastico no estaba sujeta a la obligatoriedad de limpieza.<\/p>\n<p>Las llamas se propagaron r\u00e1pidamente: primero arrasaron varias parcelas yermas, despu\u00e9s un terreno con olivos y, finalmente, alcanzaron otra propiedad, quemando el seto del vallado. En esta \u00faltima hab\u00eda personas en su interior, que tuvieron que ser asistidas para evacuar a uno de los ocupantes debido a la densidad del humo y al avance del fuego.<\/p>\n<p>La alarma fue dada por los vecinos, que colaboraron en los primeros momentos. Al lugar acudieron de inmediato dos dotaciones de bomberos, agentes medioambientales, Polic\u00eda Local, Guardia Civil y Protecci\u00f3n Civil. Tambi\u00e9n se personaron el concejal de Obras y el jefe de Protecci\u00f3n Civil para coordinar y supervisar la situaci\u00f3n. El incendio qued\u00f3 extinguido sobre las 22:30 horas y, afortunadamente, no hubo que lamentar da\u00f1os personales.<\/p>\n<p>A ra\u00edz de este suceso, desde la Concejal\u00eda de Medio Ambiente del Ayuntamiento de Caudete se ha decidido ampliar la lista de desbroces preventivos para incluir tambi\u00e9n las parcelas r\u00fasticas pr\u00f3ximas al n\u00facleo urbano, reforzando as\u00ed la seguridad de los vecinos y minimizando riesgos en caso de futuros incendios.<\/p>\n<p>El Ayuntamiento de Caudete agradece la r\u00e1pida respuesta de los vecinos y de todos los servicios de emergencia que intervinieron para controlar la situaci\u00f3n<\/p>\n<p><a href=\"https:\/\/www.caudete.org\/ayuntamiento\/wp-content\/uploads\/2025\/07\/c31ea0ad-c415-45c0-bcf2-b73938194213.jpg\" rel='prettyPhoto'><img fetchpriority=\"high\" decoding=\"async\" class=\"alignnone size-full wp-image-29800\" src=\"https:\/\/www.caudete.org\/ayuntamiento\/wp-content\/uploads\/2025\/07\/c31ea0ad-c415-45c0-bcf2-b73938194213.jpg\" alt=\"\" width=\"1000\" height=\"750\" srcset=\"https:\/\/www.caudete.org\/ayuntamiento\/wp-content\/uploads\/2025\/07\/c31ea0ad-c415-45c0-bcf2-b73938194213.jpg 1000w, https:\/\/www.caudete.org\/ayuntamiento\/wp-content\/uploads\/2025\/07\/c31ea0ad-c415-45c0-bcf2-b73938194213-960x720.jpg 960w, https:\/\/www.caudete.org\/ayuntamiento\/wp-content\/uploads\/2025\/07\/c31ea0ad-c415-45c0-bcf2-b73938194213-293x220.jpg 293w, https:\/\/www.caudete.org\/ayuntamiento\/wp-content\/uploads\/2025\/07\/c31ea0ad-c415-45c0-bcf2-b73938194213-768x576.jpg 768w\" sizes=\"(max-width: 1000px) 100vw, 1000px\" \/><\/a><a href=\"https:\/\/www.caudete.org\/ayuntamiento\/wp-content\/uploads\/2025\/07\/ee361a8f-d338-4b51-bec3-0581f86dd2d4.jpg\" rel='prettyPhoto'><img decoding=\"async\" class=\"alignnone size-full wp-image-29801\" src=\"https:\/\/www.caudete.org\/ayuntamiento\/wp-content\/uploads\/2025\/07\/ee361a8f-d338-4b51-bec3-0581f86dd2d4.jpg\" alt=\"\" width=\"1000\" height=\"750\" srcset=\"https:\/\/www.caudete.org\/ayuntamiento\/wp-content\/uploads\/2025\/07\/ee361a8f-d338-4b51-bec3-0581f86dd2d4.jpg 1000w, https:\/\/www.caudete.org\/ayuntamiento\/wp-content\/uploads\/2025\/07\/ee361a8f-d338-4b51-bec3-0581f86dd2d4-960x720.jpg 960w, https:\/\/www.caudete.org\/ayuntamiento\/wp-content\/uploads\/2025\/07\/ee361a8f-d338-4b51-bec3-0581f86dd2d4-293x220.jpg 293w, https:\/\/www.caudete.org\/ayuntamiento\/wp-content\/uploads\/2025\/07\/ee361a8f-d338-4b51-bec3-0581f86dd2d4-768x576.jpg 768w\" sizes=\"(max-width: 1000px) 100vw, 1000px\" \/><\/a><a href=\"https:\/\/www.caudete.org\/ayuntamiento\/wp-content\/uploads\/2025\/07\/96ab41b8-972e-43d5-af6c-ddd7d0fdddf5.jpg\" rel='prettyPhoto'><img decoding=\"async\" class=\"alignnone size-full wp-image-29802\" src=\"https:\/\/www.caudete.org\/ayuntamiento\/wp-content\/uploads\/2025\/07\/96ab41b8-972e-43d5-af6c-ddd7d0fdddf5.jpg\" alt=\"\" width=\"750\" height=\"1000\" srcset=\"https:\/\/www.caudete.org\/ayuntamiento\/wp-content\/uploads\/2025\/07\/96ab41b8-972e-43d5-af6c-ddd7d0fdddf5.jpg 750w, https:\/\/www.caudete.org\/ayuntamiento\/wp-content\/uploads\/2025\/07\/96ab41b8-972e-43d5-af6c-ddd7d0fdddf5-600x800.jpg 600w, https:\/\/www.caudete.org\/ayuntamiento\/wp-content\/uploads\/2025\/07\/96ab41b8-972e-43d5-af6c-ddd7d0fdddf5-675x900.jpg 675w, https:\/\/www.caudete.org\/ayuntamiento\/wp-content\/uploads\/2025\/07\/96ab41b8-972e-43d5-af6c-ddd7d0fdddf5-165x220.jpg 165w\" sizes=\"(max-width: 750px) 100vw, 750px\" \/><\/a> <a href=\"https:\/\/www.caudete.org\/ayuntamiento\/wp-content\/uploads\/2025\/07\/3225f6f7-4aa6-4a4d-9b61-12fb74003070.jpg\" rel='prettyPhoto'><img loading=\"lazy\" decoding=\"async\" class=\"alignnone size-full wp-image-29803\" src=\"https:\/\/www.caudete.org\/ayuntamiento\/wp-content\/uploads\/2025\/07\/3225f6f7-4aa6-4a4d-9b61-12fb74003070.jpg\" alt=\"\" width=\"750\" height=\"1000\" srcset=\"https:\/\/www.caudete.org\/ayuntamiento\/wp-content\/uploads\/2025\/07\/3225f6f7-4aa6-4a4d-9b61-12fb74003070.jpg 750w, https:\/\/www.caudete.org\/ayuntamiento\/wp-content\/uploads\/2025\/07\/3225f6f7-4aa6-4a4d-9b61-12fb74003070-600x800.jpg 600w, https:\/\/www.caudete.org\/ayuntamiento\/wp-content\/uploads\/2025\/07\/3225f6f7-4aa6-4a4d-9b61-12fb74003070-675x900.jpg 675w, https:\/\/www.caudete.org\/ayuntamiento\/wp-content\/uploads\/2025\/07\/3225f6f7-4aa6-4a4d-9b61-12fb74003070-165x220.jpg 165w\" sizes=\"(max-width: 750px) 100vw, 750px\" \/><\/a> <a href=\"https:\/\/www.caudete.org\/ayuntamiento\/wp-content\/uploads\/2025\/07\/9293f57d-b5fd-4522-bc4b-0a15c8ca6d1b.jpg\" rel='prettyPhoto'><img loading=\"lazy\" decoding=\"async\" class=\"alignnone size-full wp-image-29804\" src=\"https:\/\/www.caudete.org\/ayuntamiento\/wp-content\/uploads\/2025\/07\/9293f57d-b5fd-4522-bc4b-0a15c8ca6d1b.jpg\" alt=\"\" width=\"1000\" height=\"750\" srcset=\"https:\/\/www.caudete.org\/ayuntamiento\/wp-content\/uploads\/2025\/07\/9293f57d-b5fd-4522-bc4b-0a15c8ca6d1b.jpg 1000w, https:\/\/www.caudete.org\/ayuntamiento\/wp-content\/uploads\/2025\/07\/9293f57d-b5fd-4522-bc4b-0a15c8ca6d1b-960x720.jpg 960w, https:\/\/www.caudete.org\/ayuntamiento\/wp-content\/uploads\/2025\/07\/9293f57d-b5fd-4522-bc4b-0a15c8ca6d1b-293x220.jpg 293w, https:\/\/www.caudete.org\/ayuntamiento\/wp-content\/uploads\/2025\/07\/9293f57d-b5fd-4522-bc4b-0a15c8ca6d1b-768x576.jpg 768w\" sizes=\"(max-width: 1000px) 100vw, 1000px\" \/><\/a> <a href=\"https:\/\/www.caudete.org\/ayuntamiento\/wp-content\/uploads\/2025\/07\/b207b638-b345-4784-b00f-6c8411a72bac.jpg\" rel='prettyPhoto'><img loading=\"lazy\" decoding=\"async\" class=\"alignnone size-full wp-image-29805\" src=\"https:\/\/www.caudete.org\/ayuntamiento\/wp-content\/uploads\/2025\/07\/b207b638-b345-4784-b00f-6c8411a72bac.jpg\" alt=\"\" width=\"750\" height=\"1000\" srcset=\"https:\/\/www.caudete.org\/ayuntamiento\/wp-content\/uploads\/2025\/07\/b207b638-b345-4784-b00f-6c8411a72bac.jpg 750w, https:\/\/www.caudete.org\/ayuntamiento\/wp-content\/uploads\/2025\/07\/b207b638-b345-4784-b00f-6c8411a72bac-600x800.jpg 600w, https:\/\/www.caudete.org\/ayuntamiento\/wp-content\/uploads\/2025\/07\/b207b638-b345-4784-b00f-6c8411a72bac-675x900.jpg 675w, https:\/\/www.caudete.org\/ayuntamiento\/wp-content\/uploads\/2025\/07\/b207b638-b345-4784-b00f-6c8411a72bac-165x220.jpg 165w\" sizes=\"(max-width: 750px) 100vw, 750px\" \/><\/a> <a href=\"https:\/\/www.caudete.org\/ayuntamiento\/wp-content\/uploads\/2025\/07\/c9d7e8cf-a5ba-445e-8227-a6fd16d30562.jpg\" rel='prettyPhoto'><img loading=\"lazy\" decoding=\"async\" class=\"alignnone size-full wp-image-29806\" src=\"https:\/\/www.caudete.org\/ayuntamiento\/wp-content\/uploads\/2025\/07\/c9d7e8cf-a5ba-445e-8227-a6fd16d30562.jpg\" alt=\"\" width=\"1000\" height=\"750\" srcset=\"https:\/\/www.caudete.org\/ayuntamiento\/wp-content\/uploads\/2025\/07\/c9d7e8cf-a5ba-445e-8227-a6fd16d30562.jpg 1000w, https:\/\/www.caudete.org\/ayuntamiento\/wp-content\/uploads\/2025\/07\/c9d7e8cf-a5ba-445e-8227-a6fd16d30562-960x720.jpg 960w, https:\/\/www.caudete.org\/ayuntamiento\/wp-content\/uploads\/2025\/07\/c9d7e8cf-a5ba-445e-8227-a6fd16d30562-293x220.jpg 293w, https:\/\/www.caudete.org\/ayuntamiento\/wp-content\/uploads\/2025\/07\/c9d7e8cf-a5ba-445e-8227-a6fd16d30562-768x576.jpg 768w\" sizes=\"(max-width: 1000px) 100vw, 1000px\" \/><\/a><\/p>\n<p style=\"text-align: center;\"><strong>M.I. <\/strong><strong>Ayuntamiento de Caudete<\/strong><br \/>\n<strong>Concejal\u00eda de Medio Ambiente<\/strong><br \/>\n<strong>Francisco Jos\u00e9 Castell\u00f3<\/strong><\/p>\n","protected":false},"excerpt":{"rendered":"<p>La limpieza y el mantenimiento de parcelas es esencial para prevenir riesgos como incendios, especialmente en \u00e9pocas de altas temperaturas. Aunque la normativa actual obliga \u00fanicamente al desbroce de parcelas urbanas, las fincas r\u00fasticas cercanas al casco urbano tambi\u00e9n pueden suponer un peligro si no se mantienen adecuadamente. Este hecho qued\u00f3 evidenciado en la tarde &hellip;<\/p>\n","protected":false},"author":5,"featured_media":29798,"comment_status":"closed","ping_status":"open","sticky":false,"template":"","format":"standard","meta":{"ngg_post_thumbnail":0,"footnotes":""},"categories":[29],"tags":[],"class_list":["post-29796","post","type-post","status-publish","format-standard","has-post-thumbnail","hentry","category-medio-ambiente"],"yoast_head":"<!-- This site is optimized with the Yoast SEO plugin v27.5 - https:\/\/yoast.com\/product\/yoast-seo-wordpress\/ -->\n<title>El Ayuntamiento reforzara las medidas de prevenci\u00f3n en parcelas r\u00fasticas pr\u00f3ximas al n\u00facleo urbano - MI Ayuntamiento de Caudete<\/title>\n<meta name=\"description\" content=\"P\u00e1gina Oficial del Ayuntamiento de Caudete (Albacete)\" \/>\n<meta name=\"robots\" content=\"index, follow, max-snippet:-1, max-image-preview:large, max-video-preview:-1\" \/>\n<link rel=\"canonical\" href=\"https:\/\/www.caudete.org\/ayuntamiento\/el-ayuntamiento-reforzara-las-medidas-de-prevencion-en-parcelas-rusticas-proximas-al-nucleo-urbano\/\" \/>\n<meta property=\"og:locale\" content=\"es_ES\" \/>\n<meta property=\"og:type\" content=\"article\" \/>\n<meta property=\"og:title\" content=\"El Ayuntamiento reforzara las medidas de prevenci\u00f3n en parcelas r\u00fasticas pr\u00f3ximas al n\u00facleo urbano - MI Ayuntamiento de Caudete\" \/>\n<meta property=\"og:description\" content=\"P\u00e1gina Oficial del Ayuntamiento de Caudete (Albacete)\" \/>\n<meta property=\"og:url\" content=\"https:\/\/www.caudete.org\/ayuntamiento\/el-ayuntamiento-reforzara-las-medidas-de-prevencion-en-parcelas-rusticas-proximas-al-nucleo-urbano\/\" \/>\n<meta property=\"og:site_name\" content=\"MI Ayuntamiento de Caudete\" \/>\n<meta property=\"article:publisher\" content=\"https:\/\/www.facebook.com\/ayuntamientocaudete\/\" \/>\n<meta property=\"article:published_time\" content=\"2025-07-15T11:14:30+00:00\" \/>\n<meta property=\"article:modified_time\" content=\"2025-07-15T11:15:38+00:00\" \/>\n<meta property=\"og:image\" content=\"https:\/\/www.caudete.org\/ayuntamiento\/wp-content\/uploads\/2025\/07\/41ad2cb4-f4a7-41cc-9d58-1d92b2872c04.jpg\" \/>\n\t<meta property=\"og:image:width\" content=\"1000\" \/>\n\t<meta property=\"og:image:height\" content=\"750\" \/>\n\t<meta property=\"og:image:type\" content=\"image\/jpeg\" \/>\n<meta name=\"author\" content=\"Dpto Informatica MI Ayuntamiento de Caudete\" \/>\n<meta name=\"twitter:card\" content=\"summary_large_image\" \/>\n<meta name=\"twitter:label1\" content=\"Escrito por\" \/>\n\t<meta name=\"twitter:data1\" content=\"Dpto Informatica MI Ayuntamiento de Caudete\" \/>\n\t<meta name=\"twitter:label2\" content=\"Tiempo de lectura\" \/>\n\t<meta name=\"twitter:data2\" content=\"4 minutos\" \/>\n<script type=\"application\/ld+json\" class=\"yoast-schema-graph\">{\"@context\":\"https:\\\/\\\/schema.org\",\"@graph\":[{\"@type\":\"Article\",\"@id\":\"https:\\\/\\\/www.caudete.org\\\/ayuntamiento\\\/el-ayuntamiento-reforzara-las-medidas-de-prevencion-en-parcelas-rusticas-proximas-al-nucleo-urbano\\\/#article\",\"isPartOf\":{\"@id\":\"https:\\\/\\\/www.caudete.org\\\/ayuntamiento\\\/el-ayuntamiento-reforzara-las-medidas-de-prevencion-en-parcelas-rusticas-proximas-al-nucleo-urbano\\\/\"},\"author\":{\"name\":\"Dpto Informatica MI Ayuntamiento de Caudete\",\"@id\":\"https:\\\/\\\/www.caudete.org\\\/ayuntamiento\\\/#\\\/schema\\\/person\\\/4b9eab41761957db9b1bf9c418d1ef46\"},\"headline\":\"El Ayuntamiento reforzara las medidas de prevenci\u00f3n en parcelas r\u00fasticas pr\u00f3ximas al n\u00facleo urbano\",\"datePublished\":\"2025-07-15T11:14:30+00:00\",\"dateModified\":\"2025-07-15T11:15:38+00:00\",\"mainEntityOfPage\":{\"@id\":\"https:\\\/\\\/www.caudete.org\\\/ayuntamiento\\\/el-ayuntamiento-reforzara-las-medidas-de-prevencion-en-parcelas-rusticas-proximas-al-nucleo-urbano\\\/\"},\"wordCount\":352,\"image\":{\"@id\":\"https:\\\/\\\/www.caudete.org\\\/ayuntamiento\\\/el-ayuntamiento-reforzara-las-medidas-de-prevencion-en-parcelas-rusticas-proximas-al-nucleo-urbano\\\/#primaryimage\"},\"thumbnailUrl\":\"https:\\\/\\\/www.caudete.org\\\/ayuntamiento\\\/wp-content\\\/uploads\\\/2025\\\/07\\\/41ad2cb4-f4a7-41cc-9d58-1d92b2872c04.jpg\",\"articleSection\":[\"Medio Ambiente\"],\"inLanguage\":\"es\"},{\"@type\":\"WebPage\",\"@id\":\"https:\\\/\\\/www.caudete.org\\\/ayuntamiento\\\/el-ayuntamiento-reforzara-las-medidas-de-prevencion-en-parcelas-rusticas-proximas-al-nucleo-urbano\\\/\",\"url\":\"https:\\\/\\\/www.caudete.org\\\/ayuntamiento\\\/el-ayuntamiento-reforzara-las-medidas-de-prevencion-en-parcelas-rusticas-proximas-al-nucleo-urbano\\\/\",\"name\":\"El Ayuntamiento reforzara las medidas de prevenci\u00f3n en parcelas r\u00fasticas pr\u00f3ximas al n\u00facleo urbano - MI Ayuntamiento de Caudete\",\"isPartOf\":{\"@id\":\"https:\\\/\\\/www.caudete.org\\\/ayuntamiento\\\/#website\"},\"primaryImageOfPage\":{\"@id\":\"https:\\\/\\\/www.caudete.org\\\/ayuntamiento\\\/el-ayuntamiento-reforzara-las-medidas-de-prevencion-en-parcelas-rusticas-proximas-al-nucleo-urbano\\\/#primaryimage\"},\"image\":{\"@id\":\"https:\\\/\\\/www.caudete.org\\\/ayuntamiento\\\/el-ayuntamiento-reforzara-las-medidas-de-prevencion-en-parcelas-rusticas-proximas-al-nucleo-urbano\\\/#primaryimage\"},\"thumbnailUrl\":\"https:\\\/\\\/www.caudete.org\\\/ayuntamiento\\\/wp-content\\\/uploads\\\/2025\\\/07\\\/41ad2cb4-f4a7-41cc-9d58-1d92b2872c04.jpg\",\"datePublished\":\"2025-07-15T11:14:30+00:00\",\"dateModified\":\"2025-07-15T11:15:38+00:00\",\"author\":{\"@id\":\"https:\\\/\\\/www.caudete.org\\\/ayuntamiento\\\/#\\\/schema\\\/person\\\/4b9eab41761957db9b1bf9c418d1ef46\"},\"description\":\"P\u00e1gina Oficial del Ayuntamiento de Caudete (Albacete)\",\"breadcrumb\":{\"@id\":\"https:\\\/\\\/www.caudete.org\\\/ayuntamiento\\\/el-ayuntamiento-reforzara-las-medidas-de-prevencion-en-parcelas-rusticas-proximas-al-nucleo-urbano\\\/#breadcrumb\"},\"inLanguage\":\"es\",\"potentialAction\":[{\"@type\":\"ReadAction\",\"target\":[\"https:\\\/\\\/www.caudete.org\\\/ayuntamiento\\\/el-ayuntamiento-reforzara-las-medidas-de-prevencion-en-parcelas-rusticas-proximas-al-nucleo-urbano\\\/\"]}]},{\"@type\":\"ImageObject\",\"inLanguage\":\"es\",\"@id\":\"https:\\\/\\\/www.caudete.org\\\/ayuntamiento\\\/el-ayuntamiento-reforzara-las-medidas-de-prevencion-en-parcelas-rusticas-proximas-al-nucleo-urbano\\\/#primaryimage\",\"url\":\"https:\\\/\\\/www.caudete.org\\\/ayuntamiento\\\/wp-content\\\/uploads\\\/2025\\\/07\\\/41ad2cb4-f4a7-41cc-9d58-1d92b2872c04.jpg\",\"contentUrl\":\"https:\\\/\\\/www.caudete.org\\\/ayuntamiento\\\/wp-content\\\/uploads\\\/2025\\\/07\\\/41ad2cb4-f4a7-41cc-9d58-1d92b2872c04.jpg\",\"width\":1000,\"height\":750},{\"@type\":\"BreadcrumbList\",\"@id\":\"https:\\\/\\\/www.caudete.org\\\/ayuntamiento\\\/el-ayuntamiento-reforzara-las-medidas-de-prevencion-en-parcelas-rusticas-proximas-al-nucleo-urbano\\\/#breadcrumb\",\"itemListElement\":[{\"@type\":\"ListItem\",\"position\":1,\"name\":\"Inicio\",\"item\":\"https:\\\/\\\/www.caudete.org\\\/ayuntamiento\\\/\"},{\"@type\":\"ListItem\",\"position\":2,\"name\":\"El Ayuntamiento reforzara las medidas de prevenci\u00f3n en parcelas r\u00fasticas pr\u00f3ximas al n\u00facleo urbano\"}]},{\"@type\":\"WebSite\",\"@id\":\"https:\\\/\\\/www.caudete.org\\\/ayuntamiento\\\/#website\",\"url\":\"https:\\\/\\\/www.caudete.org\\\/ayuntamiento\\\/\",\"name\":\"MI Ayuntamiento de Caudete\",\"description\":\"P\u00e1gina Oficial del MI Ayuntamiento de Caudete\",\"potentialAction\":[{\"@type\":\"SearchAction\",\"target\":{\"@type\":\"EntryPoint\",\"urlTemplate\":\"https:\\\/\\\/www.caudete.org\\\/ayuntamiento\\\/?s={search_term_string}\"},\"query-input\":{\"@type\":\"PropertyValueSpecification\",\"valueRequired\":true,\"valueName\":\"search_term_string\"}}],\"inLanguage\":\"es\"},{\"@type\":\"Person\",\"@id\":\"https:\\\/\\\/www.caudete.org\\\/ayuntamiento\\\/#\\\/schema\\\/person\\\/4b9eab41761957db9b1bf9c418d1ef46\",\"name\":\"Dpto Informatica MI Ayuntamiento de Caudete\",\"image\":{\"@type\":\"ImageObject\",\"inLanguage\":\"es\",\"@id\":\"https:\\\/\\\/secure.gravatar.com\\\/avatar\\\/ac0321ee4a0a83e82a253e7b2d348ef539e2c8fe16d06b600bde04de1b364fa7?s=96&d=mm&r=g\",\"url\":\"https:\\\/\\\/secure.gravatar.com\\\/avatar\\\/ac0321ee4a0a83e82a253e7b2d348ef539e2c8fe16d06b600bde04de1b364fa7?s=96&d=mm&r=g\",\"contentUrl\":\"https:\\\/\\\/secure.gravatar.com\\\/avatar\\\/ac0321ee4a0a83e82a253e7b2d348ef539e2c8fe16d06b600bde04de1b364fa7?s=96&d=mm&r=g\",\"caption\":\"Dpto Informatica MI Ayuntamiento de Caudete\"},\"url\":\"https:\\\/\\\/www.caudete.org\\\/ayuntamiento\\\/author\\\/informatica\\\/\"}]}<\/script>\n<!-- \/ Yoast SEO plugin. -->","yoast_head_json":{"title":"El Ayuntamiento reforzara las medidas de prevenci\u00f3n en parcelas r\u00fasticas pr\u00f3ximas al n\u00facleo urbano - MI Ayuntamiento de Caudete","description":"P\u00e1gina Oficial del Ayuntamiento de Caudete (Albacete)","robots":{"index":"index","follow":"follow","max-snippet":"max-snippet:-1","max-image-preview":"max-image-preview:large","max-video-preview":"max-video-preview:-1"},"canonical":"https:\/\/www.caudete.org\/ayuntamiento\/el-ayuntamiento-reforzara-las-medidas-de-prevencion-en-parcelas-rusticas-proximas-al-nucleo-urbano\/","og_locale":"es_ES","og_type":"article","og_title":"El Ayuntamiento reforzara las medidas de prevenci\u00f3n en parcelas r\u00fasticas pr\u00f3ximas al n\u00facleo urbano - MI Ayuntamiento de Caudete","og_description":"P\u00e1gina Oficial del Ayuntamiento de Caudete (Albacete)","og_url":"https:\/\/www.caudete.org\/ayuntamiento\/el-ayuntamiento-reforzara-las-medidas-de-prevencion-en-parcelas-rusticas-proximas-al-nucleo-urbano\/","og_site_name":"MI Ayuntamiento de Caudete","article_publisher":"https:\/\/www.facebook.com\/ayuntamientocaudete\/","article_published_time":"2025-07-15T11:14:30+00:00","article_modified_time":"2025-07-15T11:15:38+00:00","og_image":[{"width":1000,"height":750,"url":"https:\/\/www.caudete.org\/ayuntamiento\/wp-content\/uploads\/2025\/07\/41ad2cb4-f4a7-41cc-9d58-1d92b2872c04.jpg","type":"image\/jpeg"}],"author":"Dpto Informatica MI Ayuntamiento de Caudete","twitter_card":"summary_large_image","twitter_misc":{"Escrito por":"Dpto Informatica MI Ayuntamiento de Caudete","Tiempo de lectura":"4 minutos"},"schema":{"@context":"https:\/\/schema.org","@graph":[{"@type":"Article","@id":"https:\/\/www.caudete.org\/ayuntamiento\/el-ayuntamiento-reforzara-las-medidas-de-prevencion-en-parcelas-rusticas-proximas-al-nucleo-urbano\/#article","isPartOf":{"@id":"https:\/\/www.caudete.org\/ayuntamiento\/el-ayuntamiento-reforzara-las-medidas-de-prevencion-en-parcelas-rusticas-proximas-al-nucleo-urbano\/"},"author":{"name":"Dpto Informatica MI Ayuntamiento de Caudete","@id":"https:\/\/www.caudete.org\/ayuntamiento\/#\/schema\/person\/4b9eab41761957db9b1bf9c418d1ef46"},"headline":"El Ayuntamiento reforzara las medidas de prevenci\u00f3n en parcelas r\u00fasticas pr\u00f3ximas al n\u00facleo urbano","datePublished":"2025-07-15T11:14:30+00:00","dateModified":"2025-07-15T11:15:38+00:00","mainEntityOfPage":{"@id":"https:\/\/www.caudete.org\/ayuntamiento\/el-ayuntamiento-reforzara-las-medidas-de-prevencion-en-parcelas-rusticas-proximas-al-nucleo-urbano\/"},"wordCount":352,"image":{"@id":"https:\/\/www.caudete.org\/ayuntamiento\/el-ayuntamiento-reforzara-las-medidas-de-prevencion-en-parcelas-rusticas-proximas-al-nucleo-urbano\/#primaryimage"},"thumbnailUrl":"https:\/\/www.caudete.org\/ayuntamiento\/wp-content\/uploads\/2025\/07\/41ad2cb4-f4a7-41cc-9d58-1d92b2872c04.jpg","articleSection":["Medio Ambiente"],"inLanguage":"es"},{"@type":"WebPage","@id":"https:\/\/www.caudete.org\/ayuntamiento\/el-ayuntamiento-reforzara-las-medidas-de-prevencion-en-parcelas-rusticas-proximas-al-nucleo-urbano\/","url":"https:\/\/www.caudete.org\/ayuntamiento\/el-ayuntamiento-reforzara-las-medidas-de-prevencion-en-parcelas-rusticas-proximas-al-nucleo-urbano\/","name":"El Ayuntamiento reforzara las medidas de prevenci\u00f3n en parcelas r\u00fasticas pr\u00f3ximas al n\u00facleo urbano - MI Ayuntamiento de Caudete","isPartOf":{"@id":"https:\/\/www.caudete.org\/ayuntamiento\/#website"},"primaryImageOfPage":{"@id":"https:\/\/www.caudete.org\/ayuntamiento\/el-ayuntamiento-reforzara-las-medidas-de-prevencion-en-parcelas-rusticas-proximas-al-nucleo-urbano\/#primaryimage"},"image":{"@id":"https:\/\/www.caudete.org\/ayuntamiento\/el-ayuntamiento-reforzara-las-medidas-de-prevencion-en-parcelas-rusticas-proximas-al-nucleo-urbano\/#primaryimage"},"thumbnailUrl":"https:\/\/www.caudete.org\/ayuntamiento\/wp-content\/uploads\/2025\/07\/41ad2cb4-f4a7-41cc-9d58-1d92b2872c04.jpg","datePublished":"2025-07-15T11:14:30+00:00","dateModified":"2025-07-15T11:15:38+00:00","author":{"@id":"https:\/\/www.caudete.org\/ayuntamiento\/#\/schema\/person\/4b9eab41761957db9b1bf9c418d1ef46"},"description":"P\u00e1gina Oficial del Ayuntamiento de Caudete (Albacete)","breadcrumb":{"@id":"https:\/\/www.caudete.org\/ayuntamiento\/el-ayuntamiento-reforzara-las-medidas-de-prevencion-en-parcelas-rusticas-proximas-al-nucleo-urbano\/#breadcrumb"},"inLanguage":"es","potentialAction":[{"@type":"ReadAction","target":["https:\/\/www.caudete.org\/ayuntamiento\/el-ayuntamiento-reforzara-las-medidas-de-prevencion-en-parcelas-rusticas-proximas-al-nucleo-urbano\/"]}]},{"@type":"ImageObject","inLanguage":"es","@id":"https:\/\/www.caudete.org\/ayuntamiento\/el-ayuntamiento-reforzara-las-medidas-de-prevencion-en-parcelas-rusticas-proximas-al-nucleo-urbano\/#primaryimage","url":"https:\/\/www.caudete.org\/ayuntamiento\/wp-content\/uploads\/2025\/07\/41ad2cb4-f4a7-41cc-9d58-1d92b2872c04.jpg","contentUrl":"https:\/\/www.caudete.org\/ayuntamiento\/wp-content\/uploads\/2025\/07\/41ad2cb4-f4a7-41cc-9d58-1d92b2872c04.jpg","width":1000,"height":750},{"@type":"BreadcrumbList","@id":"https:\/\/www.caudete.org\/ayuntamiento\/el-ayuntamiento-reforzara-las-medidas-de-prevencion-en-parcelas-rusticas-proximas-al-nucleo-urbano\/#breadcrumb","itemListElement":[{"@type":"ListItem","position":1,"name":"Inicio","item":"https:\/\/www.caudete.org\/ayuntamiento\/"},{"@type":"ListItem","position":2,"name":"El Ayuntamiento reforzara las medidas de prevenci\u00f3n en parcelas r\u00fasticas pr\u00f3ximas al n\u00facleo urbano"}]},{"@type":"WebSite","@id":"https:\/\/www.caudete.org\/ayuntamiento\/#website","url":"https:\/\/www.caudete.org\/ayuntamiento\/","name":"MI Ayuntamiento de Caudete","description":"P\u00e1gina Oficial del MI Ayuntamiento de Caudete","potentialAction":[{"@type":"SearchAction","target":{"@type":"EntryPoint","urlTemplate":"https:\/\/www.caudete.org\/ayuntamiento\/?s={search_term_string}"},"query-input":{"@type":"PropertyValueSpecification","valueRequired":true,"valueName":"search_term_string"}}],"inLanguage":"es"},{"@type":"Person","@id":"https:\/\/www.caudete.org\/ayuntamiento\/#\/schema\/person\/4b9eab41761957db9b1bf9c418d1ef46","name":"Dpto Informatica MI Ayuntamiento de Caudete","image":{"@type":"ImageObject","inLanguage":"es","@id":"https:\/\/secure.gravatar.com\/avatar\/ac0321ee4a0a83e82a253e7b2d348ef539e2c8fe16d06b600bde04de1b364fa7?s=96&d=mm&r=g","url":"https:\/\/secure.gravatar.com\/avatar\/ac0321ee4a0a83e82a253e7b2d348ef539e2c8fe16d06b600bde04de1b364fa7?s=96&d=mm&r=g","contentUrl":"https:\/\/secure.gravatar.com\/avatar\/ac0321ee4a0a83e82a253e7b2d348ef539e2c8fe16d06b600bde04de1b364fa7?s=96&d=mm&r=g","caption":"Dpto Informatica MI Ayuntamiento de Caudete"},"url":"https:\/\/www.caudete.org\/ayuntamiento\/author\/informatica\/"}]}},"_links":{"self":[{"href":"https:\/\/www.caudete.org\/ayuntamiento\/wp-json\/wp\/v2\/posts\/29796","targetHints":{"allow":["GET"]}}],"collection":[{"href":"https:\/\/www.caudete.org\/ayuntamiento\/wp-json\/wp\/v2\/posts"}],"about":[{"href":"https:\/\/www.caudete.org\/ayuntamiento\/wp-json\/wp\/v2\/types\/post"}],"author":[{"embeddable":true,"href":"https:\/\/www.caudete.org\/ayuntamiento\/wp-json\/wp\/v2\/users\/5"}],"replies":[{"embeddable":true,"href":"https:\/\/www.caudete.org\/ayuntamiento\/wp-json\/wp\/v2\/comments?post=29796"}],"version-history":[{"count":5,"href":"https:\/\/www.caudete.org\/ayuntamiento\/wp-json\/wp\/v2\/posts\/29796\/revisions"}],"predecessor-version":[{"id":29809,"href":"https:\/\/www.caudete.org\/ayuntamiento\/wp-json\/wp\/v2\/posts\/29796\/revisions\/29809"}],"wp:featuredmedia":[{"embeddable":true,"href":"https:\/\/www.caudete.org\/ayuntamiento\/wp-json\/wp\/v2\/media\/29798"}],"wp:attachment":[{"href":"https:\/\/www.caudete.org\/ayuntamiento\/wp-json\/wp\/v2\/media?parent=29796"}],"wp:term":[{"taxonomy":"category","embeddable":true,"href":"https:\/\/www.caudete.org\/ayuntamiento\/wp-json\/wp\/v2\/categories?post=29796"},{"taxonomy":"post_tag","embeddable":true,"href":"https:\/\/www.caudete.org\/ayuntamiento\/wp-json\/wp\/v2\/tags?post=29796"}],"curies":[{"name":"wp","href":"https:\/\/api.w.org\/{rel}","templated":true}]}}