{"id":29876,"date":"2025-07-21T12:30:42","date_gmt":"2025-07-21T10:30:42","guid":{"rendered":"https:\/\/www.caudete.org\/ayuntamiento\/?p=29876"},"modified":"2025-07-22T09:07:44","modified_gmt":"2025-07-22T07:07:44","slug":"desarrollo-local-programa-apoyo-activo-al-empleo-2024-2025-2026","status":"publish","type":"post","link":"https:\/\/www.caudete.org\/ayuntamiento\/desarrollo-local-programa-apoyo-activo-al-empleo-2024-2025-2026\/","title":{"rendered":"Desarrollo Local \u2013 Programa Apoyo Activo al Empleo 2024-2025\/2026"},"content":{"rendered":"<p style=\"text-align: justify;\" align=\"justify\"><span style=\"color: #000000; font-family: georgia, palatino, serif;\"><span style=\"font-size: medium;\">La Concejal\u00eda\u00a0de Promoci\u00f3n y Desarrollo Econ\u00f3mico informa que el pasado jueves 17 de julio se iniciaba la incorporaci\u00f3n de participantes seleccionados para trabajar en el Plan de Empleo 2024-2025\/2026.<\/span><\/span><\/p>\n<p style=\"text-align: justify;\" align=\"justify\"><span style=\"color: #000000; font-family: georgia, palatino, serif;\"><span style=\"font-size: medium;\">45 personas han sido seleccionadas para contratos de 6 meses, y 1 coordinadora, que apoyar\u00e1 en la gesti\u00f3n del programa, estar\u00e1 contratada durante 9 meses. Los proyectos del Programa de Apoyo Activo al Empleo permitir\u00e1n a los participantes realizar labores en diversas \u00e1reas municipales tales como apoyo en conserjer\u00eda y control de accesos a edificios e instalaciones p\u00fablicas, embellecimiento de zonas ajardinadas, obras y gesti\u00f3n administrativa.<\/span><\/span><\/p>\n<p style=\"text-align: justify;\" align=\"justify\"><span style=\"color: #000000; font-family: georgia, palatino, serif;\"><span style=\"font-size: medium;\">Los proyectos son los siguientes: <\/span><\/span><\/p>\n<p style=\"text-align: justify;\" align=\"justify\"><span style=\"font-family: georgia, palatino, serif;\"><span style=\"color: #000000;\"><span style=\"font-size: medium;\">PROYECTO APOYO TAREAS CONTROL ACCESO EDIFICIOS P\u00daBLICOS<br \/>\n<\/span><\/span><span style=\"color: #000000;\"><span style=\"font-size: medium;\">PROYECTO APOYO SERVICIOS ADMINISTRATIVOS MUNICIPALES<br \/>\n<\/span><\/span><span style=\"color: #000000;\"><span style=\"font-size: medium;\">PROYECTO APOYO SERVICIOS MEDIOAMBIENTALES<br \/>\n<\/span><\/span><span style=\"color: #000000;\"><span style=\"font-size: medium;\">PROYECTO APOYO SERVICIOS OBRAS E INFRAESTRUCTURAS<\/span><\/span><\/span><\/p>\n<p style=\"text-align: justify;\" align=\"justify\"><span style=\"color: #000000; font-family: georgia, palatino, serif;\"><span style=\"font-size: medium;\">14 de las personas seleccionadas realizar\u00e1n una formaci\u00f3n prevista en el marco del programa y se incorporar\u00e1n a partir de enero de 2026.<\/span><\/span><\/p>\n<p style=\"text-align: justify;\" align=\"justify\"><span style=\"color: #000000; font-family: georgia, palatino, serif;\"><span style=\"font-size: medium;\">La finalidad de estas subvenciones consiste en crear oportunidades de inserci\u00f3n en el mercado laboral, mediante la formaci\u00f3n y la contrataci\u00f3n de las personas desempleadas, as\u00ed como actualizar o renovar sus competencias profesionales y prevenir las situaciones de exclusi\u00f3n social, posibilitando realizar con ellas acciones de orientaci\u00f3n laboral y de formaci\u00f3n profesional en el \u00e1mbito laboral. <\/span><\/span><\/p>\n<p style=\"text-align: justify;\" align=\"justify\"><span style=\"color: #000000; font-family: georgia, palatino, serif;\"><span style=\"font-size: medium;\">Los contratos realizados son objeto de cofinanciaci\u00f3n por el Programa del Fondo Social Europeo Plus (FSE+) de Castilla-La Mancha 2021-2027, con un porcentaje de cofinanciaci\u00f3n del 85 % de los costes totales subvencionables.<\/span><\/span><\/p>\n<p style=\"text-align: center;\" align=\"justify\"><span style=\"font-family: georgia, palatino, serif;\"><strong>M\u00aa Dolores Requena Azor\u00edn<br \/>\n<\/strong><strong>Concejal de Promoci\u00f3n y Desarrollo Econ\u00f3mico<\/strong><\/span><\/p>\n<p align=\"justify\"><img fetchpriority=\"high\" decoding=\"async\" class=\"alignnone wp-image-29878 size-full\" src=\"https:\/\/www.caudete.org\/ayuntamiento\/wp-content\/uploads\/2025\/07\/Logotipos-Fondos-Estructurales.gif\" alt=\"\" width=\"1128\" height=\"150\" \/><\/p>\n","protected":false},"excerpt":{"rendered":"<p>La Concejal\u00eda\u00a0de Promoci\u00f3n y Desarrollo Econ\u00f3mico informa que el pasado jueves 17 de julio se iniciaba la incorporaci\u00f3n de participantes seleccionados para trabajar en el Plan de Empleo 2024-2025\/2026. 45 personas han sido seleccionadas para contratos de 6 meses, y 1 coordinadora, que apoyar\u00e1 en la gesti\u00f3n del programa, estar\u00e1 contratada durante 9 meses. Los &hellip;<\/p>\n","protected":false},"author":6,"featured_media":29893,"comment_status":"closed","ping_status":"open","sticky":false,"template":"","format":"standard","meta":{"ngg_post_thumbnail":0,"footnotes":""},"categories":[851],"tags":[],"class_list":["post-29876","post","type-post","status-publish","format-standard","has-post-thumbnail","hentry","category-promocion-y-desarrollo-economico"],"yoast_head":"<!-- This site is optimized with the Yoast SEO plugin v27.4 - https:\/\/yoast.com\/product\/yoast-seo-wordpress\/ -->\n<title>Desarrollo Local \u2013 Programa Apoyo Activo al Empleo 2024-2025\/2026 - MI Ayuntamiento de Caudete<\/title>\n<meta name=\"description\" content=\"P\u00e1gina Oficial del Ayuntamiento de Caudete (Albacete)\" \/>\n<meta name=\"robots\" content=\"index, follow, max-snippet:-1, max-image-preview:large, max-video-preview:-1\" \/>\n<link rel=\"canonical\" href=\"https:\/\/www.caudete.org\/ayuntamiento\/desarrollo-local-programa-apoyo-activo-al-empleo-2024-2025-2026\/\" \/>\n<meta property=\"og:locale\" content=\"es_ES\" \/>\n<meta property=\"og:type\" content=\"article\" \/>\n<meta property=\"og:title\" content=\"Desarrollo Local \u2013 Programa Apoyo Activo al Empleo 2024-2025\/2026 - MI Ayuntamiento de Caudete\" \/>\n<meta property=\"og:description\" content=\"P\u00e1gina Oficial del Ayuntamiento de Caudete (Albacete)\" \/>\n<meta property=\"og:url\" content=\"https:\/\/www.caudete.org\/ayuntamiento\/desarrollo-local-programa-apoyo-activo-al-empleo-2024-2025-2026\/\" \/>\n<meta property=\"og:site_name\" content=\"MI Ayuntamiento de Caudete\" \/>\n<meta property=\"article:publisher\" content=\"https:\/\/www.facebook.com\/ayuntamientocaudete\/\" \/>\n<meta property=\"article:published_time\" content=\"2025-07-21T10:30:42+00:00\" \/>\n<meta property=\"article:modified_time\" content=\"2025-07-22T07:07:44+00:00\" \/>\n<meta property=\"og:image\" content=\"https:\/\/www.caudete.org\/ayuntamiento\/wp-content\/uploads\/2025\/07\/Logotipos-Fondos-Estructurales-v2-1.jpg\" \/>\n\t<meta property=\"og:image:width\" content=\"1128\" \/>\n\t<meta property=\"og:image:height\" content=\"500\" \/>\n\t<meta property=\"og:image:type\" content=\"image\/jpeg\" \/>\n<meta name=\"author\" content=\"informatica2\" \/>\n<meta name=\"twitter:card\" content=\"summary_large_image\" \/>\n<meta name=\"twitter:label1\" content=\"Escrito por\" \/>\n\t<meta name=\"twitter:data1\" content=\"informatica2\" \/>\n\t<meta name=\"twitter:label2\" content=\"Tiempo de lectura\" \/>\n\t<meta name=\"twitter:data2\" content=\"2 minutos\" \/>\n<script type=\"application\/ld+json\" class=\"yoast-schema-graph\">{\"@context\":\"https:\\\/\\\/schema.org\",\"@graph\":[{\"@type\":\"Article\",\"@id\":\"https:\\\/\\\/www.caudete.org\\\/ayuntamiento\\\/desarrollo-local-programa-apoyo-activo-al-empleo-2024-2025-2026\\\/#article\",\"isPartOf\":{\"@id\":\"https:\\\/\\\/www.caudete.org\\\/ayuntamiento\\\/desarrollo-local-programa-apoyo-activo-al-empleo-2024-2025-2026\\\/\"},\"author\":{\"name\":\"informatica2\",\"@id\":\"https:\\\/\\\/www.caudete.org\\\/ayuntamiento\\\/#\\\/schema\\\/person\\\/abfa5ffd5010a14e078c21e6e61b6291\"},\"headline\":\"Desarrollo Local \u2013 Programa Apoyo Activo al Empleo 2024-2025\\\/2026\",\"datePublished\":\"2025-07-21T10:30:42+00:00\",\"dateModified\":\"2025-07-22T07:07:44+00:00\",\"mainEntityOfPage\":{\"@id\":\"https:\\\/\\\/www.caudete.org\\\/ayuntamiento\\\/desarrollo-local-programa-apoyo-activo-al-empleo-2024-2025-2026\\\/\"},\"wordCount\":268,\"publisher\":{\"@id\":\"https:\\\/\\\/www.caudete.org\\\/ayuntamiento\\\/#organization\"},\"image\":{\"@id\":\"https:\\\/\\\/www.caudete.org\\\/ayuntamiento\\\/desarrollo-local-programa-apoyo-activo-al-empleo-2024-2025-2026\\\/#primaryimage\"},\"thumbnailUrl\":\"https:\\\/\\\/www.caudete.org\\\/ayuntamiento\\\/wp-content\\\/uploads\\\/2025\\\/07\\\/Logotipos-Fondos-Estructurales-v2-1.jpg\",\"articleSection\":[\"Promoci\u00f3n y Desarrollo Econ\u00f3mico\"],\"inLanguage\":\"es\"},{\"@type\":\"WebPage\",\"@id\":\"https:\\\/\\\/www.caudete.org\\\/ayuntamiento\\\/desarrollo-local-programa-apoyo-activo-al-empleo-2024-2025-2026\\\/\",\"url\":\"https:\\\/\\\/www.caudete.org\\\/ayuntamiento\\\/desarrollo-local-programa-apoyo-activo-al-empleo-2024-2025-2026\\\/\",\"name\":\"Desarrollo Local \u2013 Programa Apoyo Activo al Empleo 2024-2025\\\/2026 - MI Ayuntamiento de Caudete\",\"isPartOf\":{\"@id\":\"https:\\\/\\\/www.caudete.org\\\/ayuntamiento\\\/#website\"},\"primaryImageOfPage\":{\"@id\":\"https:\\\/\\\/www.caudete.org\\\/ayuntamiento\\\/desarrollo-local-programa-apoyo-activo-al-empleo-2024-2025-2026\\\/#primaryimage\"},\"image\":{\"@id\":\"https:\\\/\\\/www.caudete.org\\\/ayuntamiento\\\/desarrollo-local-programa-apoyo-activo-al-empleo-2024-2025-2026\\\/#primaryimage\"},\"thumbnailUrl\":\"https:\\\/\\\/www.caudete.org\\\/ayuntamiento\\\/wp-content\\\/uploads\\\/2025\\\/07\\\/Logotipos-Fondos-Estructurales-v2-1.jpg\",\"datePublished\":\"2025-07-21T10:30:42+00:00\",\"dateModified\":\"2025-07-22T07:07:44+00:00\",\"description\":\"P\u00e1gina Oficial del Ayuntamiento de Caudete (Albacete)\",\"breadcrumb\":{\"@id\":\"https:\\\/\\\/www.caudete.org\\\/ayuntamiento\\\/desarrollo-local-programa-apoyo-activo-al-empleo-2024-2025-2026\\\/#breadcrumb\"},\"inLanguage\":\"es\",\"potentialAction\":[{\"@type\":\"ReadAction\",\"target\":[\"https:\\\/\\\/www.caudete.org\\\/ayuntamiento\\\/desarrollo-local-programa-apoyo-activo-al-empleo-2024-2025-2026\\\/\"]}]},{\"@type\":\"ImageObject\",\"inLanguage\":\"es\",\"@id\":\"https:\\\/\\\/www.caudete.org\\\/ayuntamiento\\\/desarrollo-local-programa-apoyo-activo-al-empleo-2024-2025-2026\\\/#primaryimage\",\"url\":\"https:\\\/\\\/www.caudete.org\\\/ayuntamiento\\\/wp-content\\\/uploads\\\/2025\\\/07\\\/Logotipos-Fondos-Estructurales-v2-1.jpg\",\"contentUrl\":\"https:\\\/\\\/www.caudete.org\\\/ayuntamiento\\\/wp-content\\\/uploads\\\/2025\\\/07\\\/Logotipos-Fondos-Estructurales-v2-1.jpg\",\"width\":1128,\"height\":500},{\"@type\":\"BreadcrumbList\",\"@id\":\"https:\\\/\\\/www.caudete.org\\\/ayuntamiento\\\/desarrollo-local-programa-apoyo-activo-al-empleo-2024-2025-2026\\\/#breadcrumb\",\"itemListElement\":[{\"@type\":\"ListItem\",\"position\":1,\"name\":\"Inicio\",\"item\":\"https:\\\/\\\/www.caudete.org\\\/ayuntamiento\\\/\"},{\"@type\":\"ListItem\",\"position\":2,\"name\":\"Desarrollo Local \u2013 Programa Apoyo Activo al Empleo 2024-2025\\\/2026\"}]},{\"@type\":\"WebSite\",\"@id\":\"https:\\\/\\\/www.caudete.org\\\/ayuntamiento\\\/#website\",\"url\":\"https:\\\/\\\/www.caudete.org\\\/ayuntamiento\\\/\",\"name\":\"MI Ayuntamiento de Caudete\",\"description\":\"P\u00e1gina Oficial del MI Ayuntamiento de Caudete\",\"publisher\":{\"@id\":\"https:\\\/\\\/www.caudete.org\\\/ayuntamiento\\\/#organization\"},\"potentialAction\":[{\"@type\":\"SearchAction\",\"target\":{\"@type\":\"EntryPoint\",\"urlTemplate\":\"https:\\\/\\\/www.caudete.org\\\/ayuntamiento\\\/?s={search_term_string}\"},\"query-input\":{\"@type\":\"PropertyValueSpecification\",\"valueRequired\":true,\"valueName\":\"search_term_string\"}}],\"inLanguage\":\"es\"},{\"@type\":\"Organization\",\"@id\":\"https:\\\/\\\/www.caudete.org\\\/ayuntamiento\\\/#organization\",\"name\":\"Ayuntamiento de Caudete\",\"url\":\"https:\\\/\\\/www.caudete.org\\\/ayuntamiento\\\/\",\"logo\":{\"@type\":\"ImageObject\",\"inLanguage\":\"es\",\"@id\":\"https:\\\/\\\/www.caudete.org\\\/ayuntamiento\\\/#\\\/schema\\\/logo\\\/image\\\/\",\"url\":\"https:\\\/\\\/www.caudete.org\\\/ayuntamiento\\\/wp-content\\\/uploads\\\/2020\\\/11\\\/logo_ayuntamiento_caudete.jpg\",\"contentUrl\":\"https:\\\/\\\/www.caudete.org\\\/ayuntamiento\\\/wp-content\\\/uploads\\\/2020\\\/11\\\/logo_ayuntamiento_caudete.jpg\",\"width\":600,\"height\":150,\"caption\":\"Ayuntamiento de Caudete\"},\"image\":{\"@id\":\"https:\\\/\\\/www.caudete.org\\\/ayuntamiento\\\/#\\\/schema\\\/logo\\\/image\\\/\"},\"sameAs\":[\"https:\\\/\\\/www.facebook.com\\\/ayuntamientocaudete\\\/\",\"https:\\\/\\\/www.youtube.com\\\/channel\\\/UC6VztHaooNsGpw-tNoBEFnQ\"]},{\"@type\":\"Person\",\"@id\":\"https:\\\/\\\/www.caudete.org\\\/ayuntamiento\\\/#\\\/schema\\\/person\\\/abfa5ffd5010a14e078c21e6e61b6291\",\"name\":\"informatica2\",\"image\":{\"@type\":\"ImageObject\",\"inLanguage\":\"es\",\"@id\":\"https:\\\/\\\/secure.gravatar.com\\\/avatar\\\/b089890ff033a3e4d03eec00ecb5a14425217205c513f60ec32ebeaaeb5fa700?s=96&d=mm&r=g\",\"url\":\"https:\\\/\\\/secure.gravatar.com\\\/avatar\\\/b089890ff033a3e4d03eec00ecb5a14425217205c513f60ec32ebeaaeb5fa700?s=96&d=mm&r=g\",\"contentUrl\":\"https:\\\/\\\/secure.gravatar.com\\\/avatar\\\/b089890ff033a3e4d03eec00ecb5a14425217205c513f60ec32ebeaaeb5fa700?s=96&d=mm&r=g\",\"caption\":\"informatica2\"},\"url\":\"https:\\\/\\\/www.caudete.org\\\/ayuntamiento\\\/author\\\/informatica2\\\/\"}]}<\/script>\n<!-- \/ Yoast SEO plugin. -->","yoast_head_json":{"title":"Desarrollo Local \u2013 Programa Apoyo Activo al Empleo 2024-2025\/2026 - MI Ayuntamiento de Caudete","description":"P\u00e1gina Oficial del Ayuntamiento de Caudete (Albacete)","robots":{"index":"index","follow":"follow","max-snippet":"max-snippet:-1","max-image-preview":"max-image-preview:large","max-video-preview":"max-video-preview:-1"},"canonical":"https:\/\/www.caudete.org\/ayuntamiento\/desarrollo-local-programa-apoyo-activo-al-empleo-2024-2025-2026\/","og_locale":"es_ES","og_type":"article","og_title":"Desarrollo Local \u2013 Programa Apoyo Activo al Empleo 2024-2025\/2026 - MI Ayuntamiento de Caudete","og_description":"P\u00e1gina Oficial del Ayuntamiento de Caudete (Albacete)","og_url":"https:\/\/www.caudete.org\/ayuntamiento\/desarrollo-local-programa-apoyo-activo-al-empleo-2024-2025-2026\/","og_site_name":"MI Ayuntamiento de Caudete","article_publisher":"https:\/\/www.facebook.com\/ayuntamientocaudete\/","article_published_time":"2025-07-21T10:30:42+00:00","article_modified_time":"2025-07-22T07:07:44+00:00","og_image":[{"width":1128,"height":500,"url":"https:\/\/www.caudete.org\/ayuntamiento\/wp-content\/uploads\/2025\/07\/Logotipos-Fondos-Estructurales-v2-1.jpg","type":"image\/jpeg"}],"author":"informatica2","twitter_card":"summary_large_image","twitter_misc":{"Escrito por":"informatica2","Tiempo de lectura":"2 minutos"},"schema":{"@context":"https:\/\/schema.org","@graph":[{"@type":"Article","@id":"https:\/\/www.caudete.org\/ayuntamiento\/desarrollo-local-programa-apoyo-activo-al-empleo-2024-2025-2026\/#article","isPartOf":{"@id":"https:\/\/www.caudete.org\/ayuntamiento\/desarrollo-local-programa-apoyo-activo-al-empleo-2024-2025-2026\/"},"author":{"name":"informatica2","@id":"https:\/\/www.caudete.org\/ayuntamiento\/#\/schema\/person\/abfa5ffd5010a14e078c21e6e61b6291"},"headline":"Desarrollo Local \u2013 Programa Apoyo Activo al Empleo 2024-2025\/2026","datePublished":"2025-07-21T10:30:42+00:00","dateModified":"2025-07-22T07:07:44+00:00","mainEntityOfPage":{"@id":"https:\/\/www.caudete.org\/ayuntamiento\/desarrollo-local-programa-apoyo-activo-al-empleo-2024-2025-2026\/"},"wordCount":268,"publisher":{"@id":"https:\/\/www.caudete.org\/ayuntamiento\/#organization"},"image":{"@id":"https:\/\/www.caudete.org\/ayuntamiento\/desarrollo-local-programa-apoyo-activo-al-empleo-2024-2025-2026\/#primaryimage"},"thumbnailUrl":"https:\/\/www.caudete.org\/ayuntamiento\/wp-content\/uploads\/2025\/07\/Logotipos-Fondos-Estructurales-v2-1.jpg","articleSection":["Promoci\u00f3n y Desarrollo Econ\u00f3mico"],"inLanguage":"es"},{"@type":"WebPage","@id":"https:\/\/www.caudete.org\/ayuntamiento\/desarrollo-local-programa-apoyo-activo-al-empleo-2024-2025-2026\/","url":"https:\/\/www.caudete.org\/ayuntamiento\/desarrollo-local-programa-apoyo-activo-al-empleo-2024-2025-2026\/","name":"Desarrollo Local \u2013 Programa Apoyo Activo al Empleo 2024-2025\/2026 - MI Ayuntamiento de Caudete","isPartOf":{"@id":"https:\/\/www.caudete.org\/ayuntamiento\/#website"},"primaryImageOfPage":{"@id":"https:\/\/www.caudete.org\/ayuntamiento\/desarrollo-local-programa-apoyo-activo-al-empleo-2024-2025-2026\/#primaryimage"},"image":{"@id":"https:\/\/www.caudete.org\/ayuntamiento\/desarrollo-local-programa-apoyo-activo-al-empleo-2024-2025-2026\/#primaryimage"},"thumbnailUrl":"https:\/\/www.caudete.org\/ayuntamiento\/wp-content\/uploads\/2025\/07\/Logotipos-Fondos-Estructurales-v2-1.jpg","datePublished":"2025-07-21T10:30:42+00:00","dateModified":"2025-07-22T07:07:44+00:00","description":"P\u00e1gina Oficial del Ayuntamiento de Caudete (Albacete)","breadcrumb":{"@id":"https:\/\/www.caudete.org\/ayuntamiento\/desarrollo-local-programa-apoyo-activo-al-empleo-2024-2025-2026\/#breadcrumb"},"inLanguage":"es","potentialAction":[{"@type":"ReadAction","target":["https:\/\/www.caudete.org\/ayuntamiento\/desarrollo-local-programa-apoyo-activo-al-empleo-2024-2025-2026\/"]}]},{"@type":"ImageObject","inLanguage":"es","@id":"https:\/\/www.caudete.org\/ayuntamiento\/desarrollo-local-programa-apoyo-activo-al-empleo-2024-2025-2026\/#primaryimage","url":"https:\/\/www.caudete.org\/ayuntamiento\/wp-content\/uploads\/2025\/07\/Logotipos-Fondos-Estructurales-v2-1.jpg","contentUrl":"https:\/\/www.caudete.org\/ayuntamiento\/wp-content\/uploads\/2025\/07\/Logotipos-Fondos-Estructurales-v2-1.jpg","width":1128,"height":500},{"@type":"BreadcrumbList","@id":"https:\/\/www.caudete.org\/ayuntamiento\/desarrollo-local-programa-apoyo-activo-al-empleo-2024-2025-2026\/#breadcrumb","itemListElement":[{"@type":"ListItem","position":1,"name":"Inicio","item":"https:\/\/www.caudete.org\/ayuntamiento\/"},{"@type":"ListItem","position":2,"name":"Desarrollo Local \u2013 Programa Apoyo Activo al Empleo 2024-2025\/2026"}]},{"@type":"WebSite","@id":"https:\/\/www.caudete.org\/ayuntamiento\/#website","url":"https:\/\/www.caudete.org\/ayuntamiento\/","name":"MI Ayuntamiento de Caudete","description":"P\u00e1gina Oficial del MI Ayuntamiento de Caudete","publisher":{"@id":"https:\/\/www.caudete.org\/ayuntamiento\/#organization"},"potentialAction":[{"@type":"SearchAction","target":{"@type":"EntryPoint","urlTemplate":"https:\/\/www.caudete.org\/ayuntamiento\/?s={search_term_string}"},"query-input":{"@type":"PropertyValueSpecification","valueRequired":true,"valueName":"search_term_string"}}],"inLanguage":"es"},{"@type":"Organization","@id":"https:\/\/www.caudete.org\/ayuntamiento\/#organization","name":"Ayuntamiento de Caudete","url":"https:\/\/www.caudete.org\/ayuntamiento\/","logo":{"@type":"ImageObject","inLanguage":"es","@id":"https:\/\/www.caudete.org\/ayuntamiento\/#\/schema\/logo\/image\/","url":"https:\/\/www.caudete.org\/ayuntamiento\/wp-content\/uploads\/2020\/11\/logo_ayuntamiento_caudete.jpg","contentUrl":"https:\/\/www.caudete.org\/ayuntamiento\/wp-content\/uploads\/2020\/11\/logo_ayuntamiento_caudete.jpg","width":600,"height":150,"caption":"Ayuntamiento de Caudete"},"image":{"@id":"https:\/\/www.caudete.org\/ayuntamiento\/#\/schema\/logo\/image\/"},"sameAs":["https:\/\/www.facebook.com\/ayuntamientocaudete\/","https:\/\/www.youtube.com\/channel\/UC6VztHaooNsGpw-tNoBEFnQ"]},{"@type":"Person","@id":"https:\/\/www.caudete.org\/ayuntamiento\/#\/schema\/person\/abfa5ffd5010a14e078c21e6e61b6291","name":"informatica2","image":{"@type":"ImageObject","inLanguage":"es","@id":"https:\/\/secure.gravatar.com\/avatar\/b089890ff033a3e4d03eec00ecb5a14425217205c513f60ec32ebeaaeb5fa700?s=96&d=mm&r=g","url":"https:\/\/secure.gravatar.com\/avatar\/b089890ff033a3e4d03eec00ecb5a14425217205c513f60ec32ebeaaeb5fa700?s=96&d=mm&r=g","contentUrl":"https:\/\/secure.gravatar.com\/avatar\/b089890ff033a3e4d03eec00ecb5a14425217205c513f60ec32ebeaaeb5fa700?s=96&d=mm&r=g","caption":"informatica2"},"url":"https:\/\/www.caudete.org\/ayuntamiento\/author\/informatica2\/"}]}},"_links":{"self":[{"href":"https:\/\/www.caudete.org\/ayuntamiento\/wp-json\/wp\/v2\/posts\/29876","targetHints":{"allow":["GET"]}}],"collection":[{"href":"https:\/\/www.caudete.org\/ayuntamiento\/wp-json\/wp\/v2\/posts"}],"about":[{"href":"https:\/\/www.caudete.org\/ayuntamiento\/wp-json\/wp\/v2\/types\/post"}],"author":[{"embeddable":true,"href":"https:\/\/www.caudete.org\/ayuntamiento\/wp-json\/wp\/v2\/users\/6"}],"replies":[{"embeddable":true,"href":"https:\/\/www.caudete.org\/ayuntamiento\/wp-json\/wp\/v2\/comments?post=29876"}],"version-history":[{"count":5,"href":"https:\/\/www.caudete.org\/ayuntamiento\/wp-json\/wp\/v2\/posts\/29876\/revisions"}],"predecessor-version":[{"id":29891,"href":"https:\/\/www.caudete.org\/ayuntamiento\/wp-json\/wp\/v2\/posts\/29876\/revisions\/29891"}],"wp:featuredmedia":[{"embeddable":true,"href":"https:\/\/www.caudete.org\/ayuntamiento\/wp-json\/wp\/v2\/media\/29893"}],"wp:attachment":[{"href":"https:\/\/www.caudete.org\/ayuntamiento\/wp-json\/wp\/v2\/media?parent=29876"}],"wp:term":[{"taxonomy":"category","embeddable":true,"href":"https:\/\/www.caudete.org\/ayuntamiento\/wp-json\/wp\/v2\/categories?post=29876"},{"taxonomy":"post_tag","embeddable":true,"href":"https:\/\/www.caudete.org\/ayuntamiento\/wp-json\/wp\/v2\/tags?post=29876"}],"curies":[{"name":"wp","href":"https:\/\/api.w.org\/{rel}","templated":true}]}}