{"id":29904,"date":"2025-07-23T08:22:34","date_gmt":"2025-07-23T06:22:34","guid":{"rendered":"https:\/\/www.caudete.org\/ayuntamiento\/?p=29904"},"modified":"2025-07-23T12:22:02","modified_gmt":"2025-07-23T10:22:02","slug":"erasmus-fp-en-el-curso-2024-2025","status":"publish","type":"post","link":"https:\/\/www.caudete.org\/ayuntamiento\/erasmus-fp-en-el-curso-2024-2025\/","title":{"rendered":"Actividades finales del consorcio local de centros de FP de Caudete proyecto Erasmus+  2023-2025"},"content":{"rendered":"<p style=\"text-align: justify;\" align=\"justify\"><span style=\"font-family: Liberation Serif, serif;\"><span style=\"font-size: medium;\">La concejal\u00eda de Promoci\u00f3n y Desarrollo Econ\u00f3mico, responsable de proyectos europeos del Ayuntamiento de Caudete informa de las actividades desarrolladas en el proyecto Erasmus+ FP en el curso 2024-2025, correspondientes al proyecto 2023-2025 del consorcio de centros que cuenta con Acreditaci\u00f3n Erasmus en el municipio.<\/span><\/span><\/p>\n<p style=\"text-align: justify;\" align=\"justify\"><span style=\"font-family: Liberation Serif, serif;\"><span style=\"font-size: medium;\">Por un lado, tres j\u00f3venes reci\u00e9n titulados del centro Meser Center Formaci\u00f3n, que cursaron el Certificado de Profesionalidad en Dinamizaci\u00f3n de Actividades de Tiempo Libre Educativo Infantil y Juvenil realizaron pr\u00e1cticas en asociaciones sin \u00e1nimo de lucro de Italia y Eslovenia que trabajan con j\u00f3venes en proyectos de voluntariado europeo, colaborando en la organizaci\u00f3n y desarrollo de actividades, lo que les permiti\u00f3 mejorar sus competencias profesionales, ling\u00fc\u00edsticas, culturales y personales.<\/span><\/span><\/p>\n<p style=\"text-align: justify;\" align=\"justify\"><span style=\"font-family: Liberation Serif, serif;\"><span style=\"font-size: medium;\">Asimismo, dos profesoras del IES Pintor Rafael Requena, participaron en actividades de formaci\u00f3n en la administraci\u00f3n educativa irlandesa <span lang=\"en-GB\">Cavan and Monaghan Education and Training Board, que incluyeron reuniones con los equipos directivos, visita a instalaciones, interacci\u00f3n con alumnado y profesorado<\/span><span style=\"color: #333333;\"><span lang=\"en-GB\">, conocimiento de itinerarios formativos y f\u00f3rmulas de compaginar la docencia en el aula y la pr\u00e1ctica en empresas. <\/span><\/span><span style=\"color: #333333;\"><span lang=\"en-GB\">La experiencia permiti\u00f3 <\/span><\/span><span style=\"color: #333333;\"><span lang=\"en-GB\">al personal participante <\/span><\/span><span style=\"color: #333333;\"><span lang=\"en-GB\">conocer <\/span><\/span><span style=\"color: #333333;\"><span lang=\"en-GB\">un sistema de<\/span><\/span><span style=\"color: #333333;\"><span lang=\"en-GB\"> formaci\u00f3n profesional en <\/span><\/span><span style=\"color: #333333;\"><span lang=\"en-GB\">el<\/span><\/span><span style=\"color: #333333;\"><span lang=\"en-GB\"> que abunda <\/span><\/span><span style=\"color: #333333;\"><span lang=\"en-GB\">la<\/span><\/span><span style=\"color: #333333;\"><span lang=\"en-GB\"> versatilidad, la personalizaci\u00f3n, <\/span><\/span><span style=\"color: #333333;\"><span lang=\"en-GB\">la orientaci\u00f3n y<\/span><\/span><span style=\"color: #333333;\"><span lang=\"en-GB\"> el acompa\u00f1amiento al alum<\/span><\/span><span style=\"color: #333333;\"><span lang=\"en-GB\">na<\/span><\/span><span style=\"color: #333333;\"><span lang=\"en-GB\">do y la flexibilidad, con resultados de alta empleabilidad.<\/span><\/span><\/span><\/span><\/p>\n<p style=\"text-align: center;\" align=\"justify\"><strong>Mar\u00eda Dolores Requena Azor\u00edn<br \/>\nConcejala de <span style=\"color: black;\">Promoci\u00f3n y Desarrollo Econ\u00f3mico<\/span><\/strong><\/p>\n<p align=\"justify\"><img fetchpriority=\"high\" decoding=\"async\" class=\"alignnone wp-image-29915 size-full\" src=\"https:\/\/www.caudete.org\/ayuntamiento\/wp-content\/uploads\/2025\/07\/centro_ES.jpg\" alt=\"\" width=\"1000\" height=\"211\" srcset=\"https:\/\/www.caudete.org\/ayuntamiento\/wp-content\/uploads\/2025\/07\/centro_ES.jpg 1000w, https:\/\/www.caudete.org\/ayuntamiento\/wp-content\/uploads\/2025\/07\/centro_ES-960x203.jpg 960w, https:\/\/www.caudete.org\/ayuntamiento\/wp-content\/uploads\/2025\/07\/centro_ES-350x74.jpg 350w, https:\/\/www.caudete.org\/ayuntamiento\/wp-content\/uploads\/2025\/07\/centro_ES-768x162.jpg 768w\" sizes=\"(max-width: 1000px) 100vw, 1000px\" \/><\/p>\n<p align=\"justify\"><img decoding=\"async\" class=\"alignnone wp-image-29906 size-full\" src=\"https:\/\/www.caudete.org\/ayuntamiento\/wp-content\/uploads\/2025\/07\/es_cofinanciado_por_la_union_europea_pos_2.png\" alt=\"\" width=\"1000\" height=\"210\" srcset=\"https:\/\/www.caudete.org\/ayuntamiento\/wp-content\/uploads\/2025\/07\/es_cofinanciado_por_la_union_europea_pos_2.png 1000w, https:\/\/www.caudete.org\/ayuntamiento\/wp-content\/uploads\/2025\/07\/es_cofinanciado_por_la_union_europea_pos_2-960x202.png 960w, https:\/\/www.caudete.org\/ayuntamiento\/wp-content\/uploads\/2025\/07\/es_cofinanciado_por_la_union_europea_pos_2-350x74.png 350w, https:\/\/www.caudete.org\/ayuntamiento\/wp-content\/uploads\/2025\/07\/es_cofinanciado_por_la_union_europea_pos_2-768x161.png 768w\" sizes=\"(max-width: 1000px) 100vw, 1000px\" \/><\/p>\n<p align=\"justify\"><img decoding=\"async\" class=\"alignnone wp-image-29912 size-full\" src=\"https:\/\/www.caudete.org\/ayuntamiento\/wp-content\/uploads\/2025\/07\/PHOTO-2025-04-01-22-28-05.jpg\" alt=\"\" width=\"1000\" height=\"1333\" srcset=\"https:\/\/www.caudete.org\/ayuntamiento\/wp-content\/uploads\/2025\/07\/PHOTO-2025-04-01-22-28-05.jpg 1000w, https:\/\/www.caudete.org\/ayuntamiento\/wp-content\/uploads\/2025\/07\/PHOTO-2025-04-01-22-28-05-600x800.jpg 600w, https:\/\/www.caudete.org\/ayuntamiento\/wp-content\/uploads\/2025\/07\/PHOTO-2025-04-01-22-28-05-675x900.jpg 675w, https:\/\/www.caudete.org\/ayuntamiento\/wp-content\/uploads\/2025\/07\/PHOTO-2025-04-01-22-28-05-165x220.jpg 165w, https:\/\/www.caudete.org\/ayuntamiento\/wp-content\/uploads\/2025\/07\/PHOTO-2025-04-01-22-28-05-768x1024.jpg 768w\" sizes=\"(max-width: 1000px) 100vw, 1000px\" \/><img loading=\"lazy\" decoding=\"async\" class=\"alignnone wp-image-29908 size-full\" src=\"https:\/\/www.caudete.org\/ayuntamiento\/wp-content\/uploads\/2025\/07\/PHOTO-2025-03-25-08-46-04.jpg\" alt=\"\" width=\"1000\" height=\"750\" srcset=\"https:\/\/www.caudete.org\/ayuntamiento\/wp-content\/uploads\/2025\/07\/PHOTO-2025-03-25-08-46-04.jpg 1000w, https:\/\/www.caudete.org\/ayuntamiento\/wp-content\/uploads\/2025\/07\/PHOTO-2025-03-25-08-46-04-960x720.jpg 960w, https:\/\/www.caudete.org\/ayuntamiento\/wp-content\/uploads\/2025\/07\/PHOTO-2025-03-25-08-46-04-293x220.jpg 293w, https:\/\/www.caudete.org\/ayuntamiento\/wp-content\/uploads\/2025\/07\/PHOTO-2025-03-25-08-46-04-768x576.jpg 768w\" sizes=\"(max-width: 1000px) 100vw, 1000px\" \/> <img loading=\"lazy\" decoding=\"async\" class=\"alignnone wp-image-29909 size-full\" src=\"https:\/\/www.caudete.org\/ayuntamiento\/wp-content\/uploads\/2025\/07\/PHOTO-2025-04-01-11-39-49.jpg\" alt=\"\" width=\"1000\" height=\"1329\" srcset=\"https:\/\/www.caudete.org\/ayuntamiento\/wp-content\/uploads\/2025\/07\/PHOTO-2025-04-01-11-39-49.jpg 1000w, https:\/\/www.caudete.org\/ayuntamiento\/wp-content\/uploads\/2025\/07\/PHOTO-2025-04-01-11-39-49-602x800.jpg 602w, https:\/\/www.caudete.org\/ayuntamiento\/wp-content\/uploads\/2025\/07\/PHOTO-2025-04-01-11-39-49-677x900.jpg 677w, https:\/\/www.caudete.org\/ayuntamiento\/wp-content\/uploads\/2025\/07\/PHOTO-2025-04-01-11-39-49-166x220.jpg 166w, https:\/\/www.caudete.org\/ayuntamiento\/wp-content\/uploads\/2025\/07\/PHOTO-2025-04-01-11-39-49-768x1021.jpg 768w\" sizes=\"(max-width: 1000px) 100vw, 1000px\" \/> <img loading=\"lazy\" decoding=\"async\" class=\"alignnone wp-image-29910 size-full\" src=\"https:\/\/www.caudete.org\/ayuntamiento\/wp-content\/uploads\/2025\/07\/PHOTO-2025-04-01-12-26-42.jpg\" alt=\"\" width=\"1000\" height=\"753\" srcset=\"https:\/\/www.caudete.org\/ayuntamiento\/wp-content\/uploads\/2025\/07\/PHOTO-2025-04-01-12-26-42.jpg 1000w, https:\/\/www.caudete.org\/ayuntamiento\/wp-content\/uploads\/2025\/07\/PHOTO-2025-04-01-12-26-42-960x723.jpg 960w, https:\/\/www.caudete.org\/ayuntamiento\/wp-content\/uploads\/2025\/07\/PHOTO-2025-04-01-12-26-42-292x220.jpg 292w, https:\/\/www.caudete.org\/ayuntamiento\/wp-content\/uploads\/2025\/07\/PHOTO-2025-04-01-12-26-42-768x578.jpg 768w\" sizes=\"(max-width: 1000px) 100vw, 1000px\" \/> <img loading=\"lazy\" decoding=\"async\" class=\"alignnone wp-image-29911 size-full\" src=\"https:\/\/www.caudete.org\/ayuntamiento\/wp-content\/uploads\/2025\/07\/PHOTO-2025-04-01-16-39-17.jpg\" alt=\"\" width=\"1000\" height=\"1333\" srcset=\"https:\/\/www.caudete.org\/ayuntamiento\/wp-content\/uploads\/2025\/07\/PHOTO-2025-04-01-16-39-17.jpg 1000w, https:\/\/www.caudete.org\/ayuntamiento\/wp-content\/uploads\/2025\/07\/PHOTO-2025-04-01-16-39-17-600x800.jpg 600w, https:\/\/www.caudete.org\/ayuntamiento\/wp-content\/uploads\/2025\/07\/PHOTO-2025-04-01-16-39-17-675x900.jpg 675w, https:\/\/www.caudete.org\/ayuntamiento\/wp-content\/uploads\/2025\/07\/PHOTO-2025-04-01-16-39-17-165x220.jpg 165w, https:\/\/www.caudete.org\/ayuntamiento\/wp-content\/uploads\/2025\/07\/PHOTO-2025-04-01-16-39-17-768x1024.jpg 768w\" sizes=\"(max-width: 1000px) 100vw, 1000px\" \/><\/p>\n<p align=\"justify\">\n","protected":false},"excerpt":{"rendered":"<p>La concejal\u00eda de Promoci\u00f3n y Desarrollo Econ\u00f3mico, responsable de proyectos europeos del Ayuntamiento de Caudete informa de las actividades desarrolladas en el proyecto Erasmus+ FP en el curso 2024-2025, correspondientes al proyecto 2023-2025 del consorcio de centros que cuenta con Acreditaci\u00f3n Erasmus en el municipio. Por un lado, tres j\u00f3venes reci\u00e9n titulados del centro Meser &hellip;<\/p>\n","protected":false},"author":6,"featured_media":29913,"comment_status":"closed","ping_status":"open","sticky":false,"template":"","format":"standard","meta":{"ngg_post_thumbnail":0,"footnotes":""},"categories":[851],"tags":[],"class_list":["post-29904","post","type-post","status-publish","format-standard","has-post-thumbnail","hentry","category-promocion-y-desarrollo-economico"],"yoast_head":"<!-- This site is optimized with the Yoast SEO plugin v27.4 - https:\/\/yoast.com\/product\/yoast-seo-wordpress\/ -->\n<title>Actividades finales del consorcio local de centros de FP de Caudete proyecto Erasmus+ 2023-2025 - MI Ayuntamiento de Caudete<\/title>\n<meta name=\"description\" content=\"P\u00e1gina Oficial del Ayuntamiento de Caudete (Albacete)\" \/>\n<meta name=\"robots\" content=\"index, follow, max-snippet:-1, max-image-preview:large, max-video-preview:-1\" \/>\n<link rel=\"canonical\" href=\"https:\/\/www.caudete.org\/ayuntamiento\/erasmus-fp-en-el-curso-2024-2025\/\" \/>\n<meta property=\"og:locale\" content=\"es_ES\" \/>\n<meta property=\"og:type\" content=\"article\" \/>\n<meta property=\"og:title\" content=\"Actividades finales del consorcio local de centros de FP de Caudete proyecto Erasmus+ 2023-2025 - MI Ayuntamiento de Caudete\" \/>\n<meta property=\"og:description\" content=\"P\u00e1gina Oficial del Ayuntamiento de Caudete (Albacete)\" \/>\n<meta property=\"og:url\" content=\"https:\/\/www.caudete.org\/ayuntamiento\/erasmus-fp-en-el-curso-2024-2025\/\" \/>\n<meta property=\"og:site_name\" content=\"MI Ayuntamiento de Caudete\" \/>\n<meta property=\"article:publisher\" content=\"https:\/\/www.facebook.com\/ayuntamientocaudete\/\" \/>\n<meta property=\"article:published_time\" content=\"2025-07-23T06:22:34+00:00\" \/>\n<meta property=\"article:modified_time\" content=\"2025-07-23T10:22:02+00:00\" \/>\n<meta property=\"og:image\" content=\"https:\/\/www.caudete.org\/ayuntamiento\/wp-content\/uploads\/2025\/07\/PHOTO-2025-02-19-18-08-33-port.jpg\" \/>\n\t<meta property=\"og:image:width\" content=\"1000\" \/>\n\t<meta property=\"og:image:height\" content=\"492\" \/>\n\t<meta property=\"og:image:type\" content=\"image\/jpeg\" \/>\n<meta name=\"author\" content=\"informatica2\" \/>\n<meta name=\"twitter:card\" content=\"summary_large_image\" \/>\n<meta name=\"twitter:label1\" content=\"Escrito por\" \/>\n\t<meta name=\"twitter:data1\" content=\"informatica2\" \/>\n\t<meta name=\"twitter:label2\" content=\"Tiempo de lectura\" \/>\n\t<meta name=\"twitter:data2\" content=\"3 minutos\" \/>\n<script type=\"application\/ld+json\" class=\"yoast-schema-graph\">{\"@context\":\"https:\\\/\\\/schema.org\",\"@graph\":[{\"@type\":\"Article\",\"@id\":\"https:\\\/\\\/www.caudete.org\\\/ayuntamiento\\\/erasmus-fp-en-el-curso-2024-2025\\\/#article\",\"isPartOf\":{\"@id\":\"https:\\\/\\\/www.caudete.org\\\/ayuntamiento\\\/erasmus-fp-en-el-curso-2024-2025\\\/\"},\"author\":{\"name\":\"informatica2\",\"@id\":\"https:\\\/\\\/www.caudete.org\\\/ayuntamiento\\\/#\\\/schema\\\/person\\\/abfa5ffd5010a14e078c21e6e61b6291\"},\"headline\":\"Actividades finales del consorcio local de centros de FP de Caudete proyecto Erasmus+ 2023-2025\",\"datePublished\":\"2025-07-23T06:22:34+00:00\",\"dateModified\":\"2025-07-23T10:22:02+00:00\",\"mainEntityOfPage\":{\"@id\":\"https:\\\/\\\/www.caudete.org\\\/ayuntamiento\\\/erasmus-fp-en-el-curso-2024-2025\\\/\"},\"wordCount\":259,\"publisher\":{\"@id\":\"https:\\\/\\\/www.caudete.org\\\/ayuntamiento\\\/#organization\"},\"image\":{\"@id\":\"https:\\\/\\\/www.caudete.org\\\/ayuntamiento\\\/erasmus-fp-en-el-curso-2024-2025\\\/#primaryimage\"},\"thumbnailUrl\":\"https:\\\/\\\/www.caudete.org\\\/ayuntamiento\\\/wp-content\\\/uploads\\\/2025\\\/07\\\/PHOTO-2025-02-19-18-08-33-port.jpg\",\"articleSection\":[\"Promoci\u00f3n y Desarrollo Econ\u00f3mico\"],\"inLanguage\":\"es\"},{\"@type\":\"WebPage\",\"@id\":\"https:\\\/\\\/www.caudete.org\\\/ayuntamiento\\\/erasmus-fp-en-el-curso-2024-2025\\\/\",\"url\":\"https:\\\/\\\/www.caudete.org\\\/ayuntamiento\\\/erasmus-fp-en-el-curso-2024-2025\\\/\",\"name\":\"Actividades finales del consorcio local de centros de FP de Caudete proyecto Erasmus+ 2023-2025 - MI Ayuntamiento de Caudete\",\"isPartOf\":{\"@id\":\"https:\\\/\\\/www.caudete.org\\\/ayuntamiento\\\/#website\"},\"primaryImageOfPage\":{\"@id\":\"https:\\\/\\\/www.caudete.org\\\/ayuntamiento\\\/erasmus-fp-en-el-curso-2024-2025\\\/#primaryimage\"},\"image\":{\"@id\":\"https:\\\/\\\/www.caudete.org\\\/ayuntamiento\\\/erasmus-fp-en-el-curso-2024-2025\\\/#primaryimage\"},\"thumbnailUrl\":\"https:\\\/\\\/www.caudete.org\\\/ayuntamiento\\\/wp-content\\\/uploads\\\/2025\\\/07\\\/PHOTO-2025-02-19-18-08-33-port.jpg\",\"datePublished\":\"2025-07-23T06:22:34+00:00\",\"dateModified\":\"2025-07-23T10:22:02+00:00\",\"description\":\"P\u00e1gina Oficial del Ayuntamiento de Caudete (Albacete)\",\"breadcrumb\":{\"@id\":\"https:\\\/\\\/www.caudete.org\\\/ayuntamiento\\\/erasmus-fp-en-el-curso-2024-2025\\\/#breadcrumb\"},\"inLanguage\":\"es\",\"potentialAction\":[{\"@type\":\"ReadAction\",\"target\":[\"https:\\\/\\\/www.caudete.org\\\/ayuntamiento\\\/erasmus-fp-en-el-curso-2024-2025\\\/\"]}]},{\"@type\":\"ImageObject\",\"inLanguage\":\"es\",\"@id\":\"https:\\\/\\\/www.caudete.org\\\/ayuntamiento\\\/erasmus-fp-en-el-curso-2024-2025\\\/#primaryimage\",\"url\":\"https:\\\/\\\/www.caudete.org\\\/ayuntamiento\\\/wp-content\\\/uploads\\\/2025\\\/07\\\/PHOTO-2025-02-19-18-08-33-port.jpg\",\"contentUrl\":\"https:\\\/\\\/www.caudete.org\\\/ayuntamiento\\\/wp-content\\\/uploads\\\/2025\\\/07\\\/PHOTO-2025-02-19-18-08-33-port.jpg\",\"width\":1000,\"height\":492},{\"@type\":\"BreadcrumbList\",\"@id\":\"https:\\\/\\\/www.caudete.org\\\/ayuntamiento\\\/erasmus-fp-en-el-curso-2024-2025\\\/#breadcrumb\",\"itemListElement\":[{\"@type\":\"ListItem\",\"position\":1,\"name\":\"Inicio\",\"item\":\"https:\\\/\\\/www.caudete.org\\\/ayuntamiento\\\/\"},{\"@type\":\"ListItem\",\"position\":2,\"name\":\"Actividades finales del consorcio local de centros de FP de Caudete proyecto Erasmus+ 2023-2025\"}]},{\"@type\":\"WebSite\",\"@id\":\"https:\\\/\\\/www.caudete.org\\\/ayuntamiento\\\/#website\",\"url\":\"https:\\\/\\\/www.caudete.org\\\/ayuntamiento\\\/\",\"name\":\"MI Ayuntamiento de Caudete\",\"description\":\"P\u00e1gina Oficial del MI Ayuntamiento de Caudete\",\"publisher\":{\"@id\":\"https:\\\/\\\/www.caudete.org\\\/ayuntamiento\\\/#organization\"},\"potentialAction\":[{\"@type\":\"SearchAction\",\"target\":{\"@type\":\"EntryPoint\",\"urlTemplate\":\"https:\\\/\\\/www.caudete.org\\\/ayuntamiento\\\/?s={search_term_string}\"},\"query-input\":{\"@type\":\"PropertyValueSpecification\",\"valueRequired\":true,\"valueName\":\"search_term_string\"}}],\"inLanguage\":\"es\"},{\"@type\":\"Organization\",\"@id\":\"https:\\\/\\\/www.caudete.org\\\/ayuntamiento\\\/#organization\",\"name\":\"Ayuntamiento de Caudete\",\"url\":\"https:\\\/\\\/www.caudete.org\\\/ayuntamiento\\\/\",\"logo\":{\"@type\":\"ImageObject\",\"inLanguage\":\"es\",\"@id\":\"https:\\\/\\\/www.caudete.org\\\/ayuntamiento\\\/#\\\/schema\\\/logo\\\/image\\\/\",\"url\":\"https:\\\/\\\/www.caudete.org\\\/ayuntamiento\\\/wp-content\\\/uploads\\\/2020\\\/11\\\/logo_ayuntamiento_caudete.jpg\",\"contentUrl\":\"https:\\\/\\\/www.caudete.org\\\/ayuntamiento\\\/wp-content\\\/uploads\\\/2020\\\/11\\\/logo_ayuntamiento_caudete.jpg\",\"width\":600,\"height\":150,\"caption\":\"Ayuntamiento de Caudete\"},\"image\":{\"@id\":\"https:\\\/\\\/www.caudete.org\\\/ayuntamiento\\\/#\\\/schema\\\/logo\\\/image\\\/\"},\"sameAs\":[\"https:\\\/\\\/www.facebook.com\\\/ayuntamientocaudete\\\/\",\"https:\\\/\\\/www.youtube.com\\\/channel\\\/UC6VztHaooNsGpw-tNoBEFnQ\"]},{\"@type\":\"Person\",\"@id\":\"https:\\\/\\\/www.caudete.org\\\/ayuntamiento\\\/#\\\/schema\\\/person\\\/abfa5ffd5010a14e078c21e6e61b6291\",\"name\":\"informatica2\",\"image\":{\"@type\":\"ImageObject\",\"inLanguage\":\"es\",\"@id\":\"https:\\\/\\\/secure.gravatar.com\\\/avatar\\\/b089890ff033a3e4d03eec00ecb5a14425217205c513f60ec32ebeaaeb5fa700?s=96&d=mm&r=g\",\"url\":\"https:\\\/\\\/secure.gravatar.com\\\/avatar\\\/b089890ff033a3e4d03eec00ecb5a14425217205c513f60ec32ebeaaeb5fa700?s=96&d=mm&r=g\",\"contentUrl\":\"https:\\\/\\\/secure.gravatar.com\\\/avatar\\\/b089890ff033a3e4d03eec00ecb5a14425217205c513f60ec32ebeaaeb5fa700?s=96&d=mm&r=g\",\"caption\":\"informatica2\"},\"url\":\"https:\\\/\\\/www.caudete.org\\\/ayuntamiento\\\/author\\\/informatica2\\\/\"}]}<\/script>\n<!-- \/ Yoast SEO plugin. -->","yoast_head_json":{"title":"Actividades finales del consorcio local de centros de FP de Caudete proyecto Erasmus+ 2023-2025 - MI Ayuntamiento de Caudete","description":"P\u00e1gina Oficial del Ayuntamiento de Caudete (Albacete)","robots":{"index":"index","follow":"follow","max-snippet":"max-snippet:-1","max-image-preview":"max-image-preview:large","max-video-preview":"max-video-preview:-1"},"canonical":"https:\/\/www.caudete.org\/ayuntamiento\/erasmus-fp-en-el-curso-2024-2025\/","og_locale":"es_ES","og_type":"article","og_title":"Actividades finales del consorcio local de centros de FP de Caudete proyecto Erasmus+ 2023-2025 - MI Ayuntamiento de Caudete","og_description":"P\u00e1gina Oficial del Ayuntamiento de Caudete (Albacete)","og_url":"https:\/\/www.caudete.org\/ayuntamiento\/erasmus-fp-en-el-curso-2024-2025\/","og_site_name":"MI Ayuntamiento de Caudete","article_publisher":"https:\/\/www.facebook.com\/ayuntamientocaudete\/","article_published_time":"2025-07-23T06:22:34+00:00","article_modified_time":"2025-07-23T10:22:02+00:00","og_image":[{"width":1000,"height":492,"url":"https:\/\/www.caudete.org\/ayuntamiento\/wp-content\/uploads\/2025\/07\/PHOTO-2025-02-19-18-08-33-port.jpg","type":"image\/jpeg"}],"author":"informatica2","twitter_card":"summary_large_image","twitter_misc":{"Escrito por":"informatica2","Tiempo de lectura":"3 minutos"},"schema":{"@context":"https:\/\/schema.org","@graph":[{"@type":"Article","@id":"https:\/\/www.caudete.org\/ayuntamiento\/erasmus-fp-en-el-curso-2024-2025\/#article","isPartOf":{"@id":"https:\/\/www.caudete.org\/ayuntamiento\/erasmus-fp-en-el-curso-2024-2025\/"},"author":{"name":"informatica2","@id":"https:\/\/www.caudete.org\/ayuntamiento\/#\/schema\/person\/abfa5ffd5010a14e078c21e6e61b6291"},"headline":"Actividades finales del consorcio local de centros de FP de Caudete proyecto Erasmus+ 2023-2025","datePublished":"2025-07-23T06:22:34+00:00","dateModified":"2025-07-23T10:22:02+00:00","mainEntityOfPage":{"@id":"https:\/\/www.caudete.org\/ayuntamiento\/erasmus-fp-en-el-curso-2024-2025\/"},"wordCount":259,"publisher":{"@id":"https:\/\/www.caudete.org\/ayuntamiento\/#organization"},"image":{"@id":"https:\/\/www.caudete.org\/ayuntamiento\/erasmus-fp-en-el-curso-2024-2025\/#primaryimage"},"thumbnailUrl":"https:\/\/www.caudete.org\/ayuntamiento\/wp-content\/uploads\/2025\/07\/PHOTO-2025-02-19-18-08-33-port.jpg","articleSection":["Promoci\u00f3n y Desarrollo Econ\u00f3mico"],"inLanguage":"es"},{"@type":"WebPage","@id":"https:\/\/www.caudete.org\/ayuntamiento\/erasmus-fp-en-el-curso-2024-2025\/","url":"https:\/\/www.caudete.org\/ayuntamiento\/erasmus-fp-en-el-curso-2024-2025\/","name":"Actividades finales del consorcio local de centros de FP de Caudete proyecto Erasmus+ 2023-2025 - MI Ayuntamiento de Caudete","isPartOf":{"@id":"https:\/\/www.caudete.org\/ayuntamiento\/#website"},"primaryImageOfPage":{"@id":"https:\/\/www.caudete.org\/ayuntamiento\/erasmus-fp-en-el-curso-2024-2025\/#primaryimage"},"image":{"@id":"https:\/\/www.caudete.org\/ayuntamiento\/erasmus-fp-en-el-curso-2024-2025\/#primaryimage"},"thumbnailUrl":"https:\/\/www.caudete.org\/ayuntamiento\/wp-content\/uploads\/2025\/07\/PHOTO-2025-02-19-18-08-33-port.jpg","datePublished":"2025-07-23T06:22:34+00:00","dateModified":"2025-07-23T10:22:02+00:00","description":"P\u00e1gina Oficial del Ayuntamiento de Caudete (Albacete)","breadcrumb":{"@id":"https:\/\/www.caudete.org\/ayuntamiento\/erasmus-fp-en-el-curso-2024-2025\/#breadcrumb"},"inLanguage":"es","potentialAction":[{"@type":"ReadAction","target":["https:\/\/www.caudete.org\/ayuntamiento\/erasmus-fp-en-el-curso-2024-2025\/"]}]},{"@type":"ImageObject","inLanguage":"es","@id":"https:\/\/www.caudete.org\/ayuntamiento\/erasmus-fp-en-el-curso-2024-2025\/#primaryimage","url":"https:\/\/www.caudete.org\/ayuntamiento\/wp-content\/uploads\/2025\/07\/PHOTO-2025-02-19-18-08-33-port.jpg","contentUrl":"https:\/\/www.caudete.org\/ayuntamiento\/wp-content\/uploads\/2025\/07\/PHOTO-2025-02-19-18-08-33-port.jpg","width":1000,"height":492},{"@type":"BreadcrumbList","@id":"https:\/\/www.caudete.org\/ayuntamiento\/erasmus-fp-en-el-curso-2024-2025\/#breadcrumb","itemListElement":[{"@type":"ListItem","position":1,"name":"Inicio","item":"https:\/\/www.caudete.org\/ayuntamiento\/"},{"@type":"ListItem","position":2,"name":"Actividades finales del consorcio local de centros de FP de Caudete proyecto Erasmus+ 2023-2025"}]},{"@type":"WebSite","@id":"https:\/\/www.caudete.org\/ayuntamiento\/#website","url":"https:\/\/www.caudete.org\/ayuntamiento\/","name":"MI Ayuntamiento de Caudete","description":"P\u00e1gina Oficial del MI Ayuntamiento de Caudete","publisher":{"@id":"https:\/\/www.caudete.org\/ayuntamiento\/#organization"},"potentialAction":[{"@type":"SearchAction","target":{"@type":"EntryPoint","urlTemplate":"https:\/\/www.caudete.org\/ayuntamiento\/?s={search_term_string}"},"query-input":{"@type":"PropertyValueSpecification","valueRequired":true,"valueName":"search_term_string"}}],"inLanguage":"es"},{"@type":"Organization","@id":"https:\/\/www.caudete.org\/ayuntamiento\/#organization","name":"Ayuntamiento de Caudete","url":"https:\/\/www.caudete.org\/ayuntamiento\/","logo":{"@type":"ImageObject","inLanguage":"es","@id":"https:\/\/www.caudete.org\/ayuntamiento\/#\/schema\/logo\/image\/","url":"https:\/\/www.caudete.org\/ayuntamiento\/wp-content\/uploads\/2020\/11\/logo_ayuntamiento_caudete.jpg","contentUrl":"https:\/\/www.caudete.org\/ayuntamiento\/wp-content\/uploads\/2020\/11\/logo_ayuntamiento_caudete.jpg","width":600,"height":150,"caption":"Ayuntamiento de Caudete"},"image":{"@id":"https:\/\/www.caudete.org\/ayuntamiento\/#\/schema\/logo\/image\/"},"sameAs":["https:\/\/www.facebook.com\/ayuntamientocaudete\/","https:\/\/www.youtube.com\/channel\/UC6VztHaooNsGpw-tNoBEFnQ"]},{"@type":"Person","@id":"https:\/\/www.caudete.org\/ayuntamiento\/#\/schema\/person\/abfa5ffd5010a14e078c21e6e61b6291","name":"informatica2","image":{"@type":"ImageObject","inLanguage":"es","@id":"https:\/\/secure.gravatar.com\/avatar\/b089890ff033a3e4d03eec00ecb5a14425217205c513f60ec32ebeaaeb5fa700?s=96&d=mm&r=g","url":"https:\/\/secure.gravatar.com\/avatar\/b089890ff033a3e4d03eec00ecb5a14425217205c513f60ec32ebeaaeb5fa700?s=96&d=mm&r=g","contentUrl":"https:\/\/secure.gravatar.com\/avatar\/b089890ff033a3e4d03eec00ecb5a14425217205c513f60ec32ebeaaeb5fa700?s=96&d=mm&r=g","caption":"informatica2"},"url":"https:\/\/www.caudete.org\/ayuntamiento\/author\/informatica2\/"}]}},"_links":{"self":[{"href":"https:\/\/www.caudete.org\/ayuntamiento\/wp-json\/wp\/v2\/posts\/29904","targetHints":{"allow":["GET"]}}],"collection":[{"href":"https:\/\/www.caudete.org\/ayuntamiento\/wp-json\/wp\/v2\/posts"}],"about":[{"href":"https:\/\/www.caudete.org\/ayuntamiento\/wp-json\/wp\/v2\/types\/post"}],"author":[{"embeddable":true,"href":"https:\/\/www.caudete.org\/ayuntamiento\/wp-json\/wp\/v2\/users\/6"}],"replies":[{"embeddable":true,"href":"https:\/\/www.caudete.org\/ayuntamiento\/wp-json\/wp\/v2\/comments?post=29904"}],"version-history":[{"count":3,"href":"https:\/\/www.caudete.org\/ayuntamiento\/wp-json\/wp\/v2\/posts\/29904\/revisions"}],"predecessor-version":[{"id":29918,"href":"https:\/\/www.caudete.org\/ayuntamiento\/wp-json\/wp\/v2\/posts\/29904\/revisions\/29918"}],"wp:featuredmedia":[{"embeddable":true,"href":"https:\/\/www.caudete.org\/ayuntamiento\/wp-json\/wp\/v2\/media\/29913"}],"wp:attachment":[{"href":"https:\/\/www.caudete.org\/ayuntamiento\/wp-json\/wp\/v2\/media?parent=29904"}],"wp:term":[{"taxonomy":"category","embeddable":true,"href":"https:\/\/www.caudete.org\/ayuntamiento\/wp-json\/wp\/v2\/categories?post=29904"},{"taxonomy":"post_tag","embeddable":true,"href":"https:\/\/www.caudete.org\/ayuntamiento\/wp-json\/wp\/v2\/tags?post=29904"}],"curies":[{"name":"wp","href":"https:\/\/api.w.org\/{rel}","templated":true}]}}