{"id":29982,"date":"2025-07-28T12:26:25","date_gmt":"2025-07-28T10:26:25","guid":{"rendered":"https:\/\/www.caudete.org\/ayuntamiento\/?p=29982"},"modified":"2025-07-29T07:56:24","modified_gmt":"2025-07-29T05:56:24","slug":"ampliacion-del-horario-del-ecoparque-a-los-domingos","status":"publish","type":"post","link":"https:\/\/www.caudete.org\/ayuntamiento\/ampliacion-del-horario-del-ecoparque-a-los-domingos\/","title":{"rendered":"Ampliaci\u00f3n del horario del Ecoparque a los domingos"},"content":{"rendered":"<p style=\"text-align: justify;\" data-start=\"256\" data-end=\"476\">Desde la Concejal\u00eda de Medio Ambiente del M.I Ayuntamiento de Caudete informamos que, a partir de agosto, el <strong data-start=\"386\" data-end=\"453\">Ecoparque municipal ampliar\u00e1 su servicio tambi\u00e9n a los domingos<\/strong>, en horario de ma\u00f1ana.<\/p>\n<p style=\"text-align: justify;\" data-start=\"478\" data-end=\"754\">Esta medida se enmarca dentro del compromiso de esta Concejal\u00eda por <strong data-start=\"546\" data-end=\"596\">facilitar a los vecinos el acceso al Ecoparque<\/strong> y <strong data-start=\"599\" data-end=\"637\">reducir los vertidos incontrolados<\/strong> en nuestro t\u00e9rmino municipal, ofreciendo m\u00e1s opciones para la correcta gesti\u00f3n de residuos especiales y voluminosos.<\/p>\n<p style=\"text-align: justify;\" data-start=\"756\" data-end=\"1067\">Este servicio, al igual que la <strong data-start=\"787\" data-end=\"825\">recogida de residuos domiciliarios<\/strong>, la <strong data-start=\"830\" data-end=\"880\">recogida de enseres a domicilio previa llamada<\/strong>, la <strong data-start=\"885\" data-end=\"929\">recogida de cart\u00f3n a grandes productores<\/strong> y la <strong data-start=\"935\" data-end=\"954\">limpieza viaria<\/strong>, <strong data-start=\"956\" data-end=\"995\">est\u00e1 incluido en la tasa de basuras<\/strong>, por lo que <strong data-start=\"1008\" data-end=\"1066\">no supondr\u00e1 ning\u00fan coste adicional para los ciudadanos<\/strong>.<\/p>\n<p style=\"text-align: justify;\" data-start=\"1069\" data-end=\"1409\">Adem\u00e1s, queremos destacar que <strong data-start=\"1099\" data-end=\"1170\">Caudete es una de las poblaciones donde menos se paga por esta tasa<\/strong> en comparaci\u00f3n con municipios de la provincia de <strong data-start=\"1220\" data-end=\"1232\">Albacete<\/strong>, as\u00ed como del entorno de <strong data-start=\"1258\" data-end=\"1279\">Alicante y Murcia<\/strong>. Como ejemplo, en <strong data-start=\"1298\" data-end=\"1309\">Almansa<\/strong> se pagan <strong data-start=\"1319\" data-end=\"1340\">109 euros anuales<\/strong>, frente a los <strong data-start=\"1355\" data-end=\"1367\">65 euros<\/strong> que actualmente se abonan en <strong data-start=\"1397\" data-end=\"1408\">Caudete<\/strong>.<\/p>\n<p style=\"text-align: justify;\" data-start=\"1411\" data-end=\"1873\">Es importante tener en cuenta que esta ampliaci\u00f3n de horario implicar\u00e1 la necesidad de asignar al servicio del Ecoparque <strong data-start=\"1532\" data-end=\"1594\">a un operario que ya forma parte de la plantilla municipal<\/strong>. Este trabajador deber\u00e1 cubrir las <strong data-start=\"1630\" data-end=\"1653\">4 horas dominicales<\/strong>, que al tratarse de jornada festiva, computar\u00e1n como <strong data-start=\"1707\" data-end=\"1728\">8 horas efectivas<\/strong> dentro de su jornada semanal. Esto supondr\u00e1, por tanto, <strong data-start=\"1785\" data-end=\"1872\">una reducci\u00f3n de horas disponibles para otras tareas de limpieza en el casco urbano<\/strong>.<\/p>\n<p style=\"text-align: justify;\" data-start=\"1875\" data-end=\"2202\">Desde el Departamento de Medio Ambiente somos plenamente conscientes de que <strong data-start=\"1951\" data-end=\"1989\">todos los servicios son necesarios<\/strong> y de que <strong data-start=\"1999\" data-end=\"2033\">los recursos son muy limitados<\/strong>. Por ello, esta medida se aplicar\u00e1 <strong data-start=\"2069\" data-end=\"2095\">de forma no definitiva<\/strong>, y ser\u00e1 evaluada peri\u00f3dicamente con el objetivo de adaptarla a las <strong data-start=\"2163\" data-end=\"2201\">necesidades reales de la poblaci\u00f3n<\/strong>.<\/p>\n<p style=\"text-align: justify;\" data-start=\"2204\" data-end=\"2354\">Agradecemos la colaboraci\u00f3n y el compromiso de todos los vecinos de Caudete con el cuidado del entorno y el uso responsable de los servicios p\u00fablicos.<\/p>\n<p style=\"text-align: center;\" data-start=\"2356\" data-end=\"2418\"><strong data-start=\"2356\" data-end=\"2388\">Francisco Jos\u00e9 Castell\u00f3 <\/strong><\/p>\n<p style=\"text-align: center;\" data-start=\"2356\" data-end=\"2418\"><strong data-start=\"2356\" data-end=\"2388\">Concejal\u00eda de Medio Ambiente<\/strong><br data-start=\"2388\" data-end=\"2391\" \/><strong data-start=\"2391\" data-end=\"2418\">Ayuntamiento de Caudete<\/strong><\/p>\n","protected":false},"excerpt":{"rendered":"<p>Desde la Concejal\u00eda de Medio Ambiente del M.I Ayuntamiento de Caudete informamos que, a partir de agosto, el Ecoparque municipal ampliar\u00e1 su servicio tambi\u00e9n a los domingos, en horario de ma\u00f1ana. Esta medida se enmarca dentro del compromiso de esta Concejal\u00eda por facilitar a los vecinos el acceso al Ecoparque y reducir los vertidos incontrolados &hellip;<\/p>\n","protected":false},"author":7,"featured_media":29986,"comment_status":"closed","ping_status":"open","sticky":false,"template":"","format":"standard","meta":{"ngg_post_thumbnail":0,"footnotes":""},"categories":[29],"tags":[],"class_list":["post-29982","post","type-post","status-publish","format-standard","has-post-thumbnail","hentry","category-medio-ambiente"],"yoast_head":"<!-- This site is optimized with the Yoast SEO plugin v27.5 - https:\/\/yoast.com\/product\/yoast-seo-wordpress\/ -->\n<title>Ampliaci\u00f3n del horario del Ecoparque a los domingos - MI Ayuntamiento de Caudete<\/title>\n<meta name=\"description\" content=\"P\u00e1gina Oficial del Ayuntamiento de Caudete (Albacete)\" \/>\n<meta name=\"robots\" content=\"index, follow, max-snippet:-1, max-image-preview:large, max-video-preview:-1\" \/>\n<link rel=\"canonical\" href=\"https:\/\/www.caudete.org\/ayuntamiento\/ampliacion-del-horario-del-ecoparque-a-los-domingos\/\" \/>\n<meta property=\"og:locale\" content=\"es_ES\" \/>\n<meta property=\"og:type\" content=\"article\" \/>\n<meta property=\"og:title\" content=\"Ampliaci\u00f3n del horario del Ecoparque a los domingos - MI Ayuntamiento de Caudete\" \/>\n<meta property=\"og:description\" content=\"P\u00e1gina Oficial del Ayuntamiento de Caudete (Albacete)\" \/>\n<meta property=\"og:url\" content=\"https:\/\/www.caudete.org\/ayuntamiento\/ampliacion-del-horario-del-ecoparque-a-los-domingos\/\" \/>\n<meta property=\"og:site_name\" content=\"MI Ayuntamiento de Caudete\" \/>\n<meta property=\"article:publisher\" content=\"https:\/\/www.facebook.com\/ayuntamientocaudete\/\" \/>\n<meta property=\"article:published_time\" content=\"2025-07-28T10:26:25+00:00\" \/>\n<meta property=\"article:modified_time\" content=\"2025-07-29T05:56:24+00:00\" \/>\n<meta property=\"og:image\" content=\"https:\/\/www.caudete.org\/ayuntamiento\/wp-content\/uploads\/2025\/07\/foto-ecoparque.png\" \/>\n\t<meta property=\"og:image:width\" content=\"1163\" \/>\n\t<meta property=\"og:image:height\" content=\"761\" \/>\n\t<meta property=\"og:image:type\" content=\"image\/png\" \/>\n<meta name=\"author\" content=\"ConceMediosComunicacion\" \/>\n<meta name=\"twitter:card\" content=\"summary_large_image\" \/>\n<meta name=\"twitter:label1\" content=\"Escrito por\" \/>\n\t<meta name=\"twitter:data1\" content=\"ConceMediosComunicacion\" \/>\n\t<meta name=\"twitter:label2\" content=\"Tiempo de lectura\" \/>\n\t<meta name=\"twitter:data2\" content=\"2 minutos\" \/>\n<script type=\"application\/ld+json\" class=\"yoast-schema-graph\">{\"@context\":\"https:\\\/\\\/schema.org\",\"@graph\":[{\"@type\":\"Article\",\"@id\":\"https:\\\/\\\/www.caudete.org\\\/ayuntamiento\\\/ampliacion-del-horario-del-ecoparque-a-los-domingos\\\/#article\",\"isPartOf\":{\"@id\":\"https:\\\/\\\/www.caudete.org\\\/ayuntamiento\\\/ampliacion-del-horario-del-ecoparque-a-los-domingos\\\/\"},\"author\":{\"name\":\"ConceMediosComunicacion\",\"@id\":\"https:\\\/\\\/www.caudete.org\\\/ayuntamiento\\\/#\\\/schema\\\/person\\\/20dfe238fe5ee9d5f5e69267aa623e05\"},\"headline\":\"Ampliaci\u00f3n del horario del Ecoparque a los domingos\",\"datePublished\":\"2025-07-28T10:26:25+00:00\",\"dateModified\":\"2025-07-29T05:56:24+00:00\",\"mainEntityOfPage\":{\"@id\":\"https:\\\/\\\/www.caudete.org\\\/ayuntamiento\\\/ampliacion-del-horario-del-ecoparque-a-los-domingos\\\/\"},\"wordCount\":354,\"image\":{\"@id\":\"https:\\\/\\\/www.caudete.org\\\/ayuntamiento\\\/ampliacion-del-horario-del-ecoparque-a-los-domingos\\\/#primaryimage\"},\"thumbnailUrl\":\"https:\\\/\\\/www.caudete.org\\\/ayuntamiento\\\/wp-content\\\/uploads\\\/2025\\\/07\\\/foto-ecoparque.png\",\"articleSection\":[\"Medio Ambiente\"],\"inLanguage\":\"es\"},{\"@type\":\"WebPage\",\"@id\":\"https:\\\/\\\/www.caudete.org\\\/ayuntamiento\\\/ampliacion-del-horario-del-ecoparque-a-los-domingos\\\/\",\"url\":\"https:\\\/\\\/www.caudete.org\\\/ayuntamiento\\\/ampliacion-del-horario-del-ecoparque-a-los-domingos\\\/\",\"name\":\"Ampliaci\u00f3n del horario del Ecoparque a los domingos - MI Ayuntamiento de Caudete\",\"isPartOf\":{\"@id\":\"https:\\\/\\\/www.caudete.org\\\/ayuntamiento\\\/#website\"},\"primaryImageOfPage\":{\"@id\":\"https:\\\/\\\/www.caudete.org\\\/ayuntamiento\\\/ampliacion-del-horario-del-ecoparque-a-los-domingos\\\/#primaryimage\"},\"image\":{\"@id\":\"https:\\\/\\\/www.caudete.org\\\/ayuntamiento\\\/ampliacion-del-horario-del-ecoparque-a-los-domingos\\\/#primaryimage\"},\"thumbnailUrl\":\"https:\\\/\\\/www.caudete.org\\\/ayuntamiento\\\/wp-content\\\/uploads\\\/2025\\\/07\\\/foto-ecoparque.png\",\"datePublished\":\"2025-07-28T10:26:25+00:00\",\"dateModified\":\"2025-07-29T05:56:24+00:00\",\"author\":{\"@id\":\"https:\\\/\\\/www.caudete.org\\\/ayuntamiento\\\/#\\\/schema\\\/person\\\/20dfe238fe5ee9d5f5e69267aa623e05\"},\"description\":\"P\u00e1gina Oficial del Ayuntamiento de Caudete (Albacete)\",\"breadcrumb\":{\"@id\":\"https:\\\/\\\/www.caudete.org\\\/ayuntamiento\\\/ampliacion-del-horario-del-ecoparque-a-los-domingos\\\/#breadcrumb\"},\"inLanguage\":\"es\",\"potentialAction\":[{\"@type\":\"ReadAction\",\"target\":[\"https:\\\/\\\/www.caudete.org\\\/ayuntamiento\\\/ampliacion-del-horario-del-ecoparque-a-los-domingos\\\/\"]}]},{\"@type\":\"ImageObject\",\"inLanguage\":\"es\",\"@id\":\"https:\\\/\\\/www.caudete.org\\\/ayuntamiento\\\/ampliacion-del-horario-del-ecoparque-a-los-domingos\\\/#primaryimage\",\"url\":\"https:\\\/\\\/www.caudete.org\\\/ayuntamiento\\\/wp-content\\\/uploads\\\/2025\\\/07\\\/foto-ecoparque.png\",\"contentUrl\":\"https:\\\/\\\/www.caudete.org\\\/ayuntamiento\\\/wp-content\\\/uploads\\\/2025\\\/07\\\/foto-ecoparque.png\",\"width\":1163,\"height\":761},{\"@type\":\"BreadcrumbList\",\"@id\":\"https:\\\/\\\/www.caudete.org\\\/ayuntamiento\\\/ampliacion-del-horario-del-ecoparque-a-los-domingos\\\/#breadcrumb\",\"itemListElement\":[{\"@type\":\"ListItem\",\"position\":1,\"name\":\"Inicio\",\"item\":\"https:\\\/\\\/www.caudete.org\\\/ayuntamiento\\\/\"},{\"@type\":\"ListItem\",\"position\":2,\"name\":\"Ampliaci\u00f3n del horario del Ecoparque a los domingos\"}]},{\"@type\":\"WebSite\",\"@id\":\"https:\\\/\\\/www.caudete.org\\\/ayuntamiento\\\/#website\",\"url\":\"https:\\\/\\\/www.caudete.org\\\/ayuntamiento\\\/\",\"name\":\"MI Ayuntamiento de Caudete\",\"description\":\"P\u00e1gina Oficial del MI Ayuntamiento de Caudete\",\"potentialAction\":[{\"@type\":\"SearchAction\",\"target\":{\"@type\":\"EntryPoint\",\"urlTemplate\":\"https:\\\/\\\/www.caudete.org\\\/ayuntamiento\\\/?s={search_term_string}\"},\"query-input\":{\"@type\":\"PropertyValueSpecification\",\"valueRequired\":true,\"valueName\":\"search_term_string\"}}],\"inLanguage\":\"es\"},{\"@type\":\"Person\",\"@id\":\"https:\\\/\\\/www.caudete.org\\\/ayuntamiento\\\/#\\\/schema\\\/person\\\/20dfe238fe5ee9d5f5e69267aa623e05\",\"name\":\"ConceMediosComunicacion\",\"image\":{\"@type\":\"ImageObject\",\"inLanguage\":\"es\",\"@id\":\"https:\\\/\\\/secure.gravatar.com\\\/avatar\\\/9d162043ba1cd4ab14413e29fdb3655bfccde37e65ca99013604f8d2a19c636d?s=96&d=mm&r=g\",\"url\":\"https:\\\/\\\/secure.gravatar.com\\\/avatar\\\/9d162043ba1cd4ab14413e29fdb3655bfccde37e65ca99013604f8d2a19c636d?s=96&d=mm&r=g\",\"contentUrl\":\"https:\\\/\\\/secure.gravatar.com\\\/avatar\\\/9d162043ba1cd4ab14413e29fdb3655bfccde37e65ca99013604f8d2a19c636d?s=96&d=mm&r=g\",\"caption\":\"ConceMediosComunicacion\"},\"url\":\"https:\\\/\\\/www.caudete.org\\\/ayuntamiento\\\/author\\\/concemedioscomunicacion\\\/\"}]}<\/script>\n<!-- \/ Yoast SEO plugin. -->","yoast_head_json":{"title":"Ampliaci\u00f3n del horario del Ecoparque a los domingos - MI Ayuntamiento de Caudete","description":"P\u00e1gina Oficial del Ayuntamiento de Caudete (Albacete)","robots":{"index":"index","follow":"follow","max-snippet":"max-snippet:-1","max-image-preview":"max-image-preview:large","max-video-preview":"max-video-preview:-1"},"canonical":"https:\/\/www.caudete.org\/ayuntamiento\/ampliacion-del-horario-del-ecoparque-a-los-domingos\/","og_locale":"es_ES","og_type":"article","og_title":"Ampliaci\u00f3n del horario del Ecoparque a los domingos - MI Ayuntamiento de Caudete","og_description":"P\u00e1gina Oficial del Ayuntamiento de Caudete (Albacete)","og_url":"https:\/\/www.caudete.org\/ayuntamiento\/ampliacion-del-horario-del-ecoparque-a-los-domingos\/","og_site_name":"MI Ayuntamiento de Caudete","article_publisher":"https:\/\/www.facebook.com\/ayuntamientocaudete\/","article_published_time":"2025-07-28T10:26:25+00:00","article_modified_time":"2025-07-29T05:56:24+00:00","og_image":[{"width":1163,"height":761,"url":"https:\/\/www.caudete.org\/ayuntamiento\/wp-content\/uploads\/2025\/07\/foto-ecoparque.png","type":"image\/png"}],"author":"ConceMediosComunicacion","twitter_card":"summary_large_image","twitter_misc":{"Escrito por":"ConceMediosComunicacion","Tiempo de lectura":"2 minutos"},"schema":{"@context":"https:\/\/schema.org","@graph":[{"@type":"Article","@id":"https:\/\/www.caudete.org\/ayuntamiento\/ampliacion-del-horario-del-ecoparque-a-los-domingos\/#article","isPartOf":{"@id":"https:\/\/www.caudete.org\/ayuntamiento\/ampliacion-del-horario-del-ecoparque-a-los-domingos\/"},"author":{"name":"ConceMediosComunicacion","@id":"https:\/\/www.caudete.org\/ayuntamiento\/#\/schema\/person\/20dfe238fe5ee9d5f5e69267aa623e05"},"headline":"Ampliaci\u00f3n del horario del Ecoparque a los domingos","datePublished":"2025-07-28T10:26:25+00:00","dateModified":"2025-07-29T05:56:24+00:00","mainEntityOfPage":{"@id":"https:\/\/www.caudete.org\/ayuntamiento\/ampliacion-del-horario-del-ecoparque-a-los-domingos\/"},"wordCount":354,"image":{"@id":"https:\/\/www.caudete.org\/ayuntamiento\/ampliacion-del-horario-del-ecoparque-a-los-domingos\/#primaryimage"},"thumbnailUrl":"https:\/\/www.caudete.org\/ayuntamiento\/wp-content\/uploads\/2025\/07\/foto-ecoparque.png","articleSection":["Medio Ambiente"],"inLanguage":"es"},{"@type":"WebPage","@id":"https:\/\/www.caudete.org\/ayuntamiento\/ampliacion-del-horario-del-ecoparque-a-los-domingos\/","url":"https:\/\/www.caudete.org\/ayuntamiento\/ampliacion-del-horario-del-ecoparque-a-los-domingos\/","name":"Ampliaci\u00f3n del horario del Ecoparque a los domingos - MI Ayuntamiento de Caudete","isPartOf":{"@id":"https:\/\/www.caudete.org\/ayuntamiento\/#website"},"primaryImageOfPage":{"@id":"https:\/\/www.caudete.org\/ayuntamiento\/ampliacion-del-horario-del-ecoparque-a-los-domingos\/#primaryimage"},"image":{"@id":"https:\/\/www.caudete.org\/ayuntamiento\/ampliacion-del-horario-del-ecoparque-a-los-domingos\/#primaryimage"},"thumbnailUrl":"https:\/\/www.caudete.org\/ayuntamiento\/wp-content\/uploads\/2025\/07\/foto-ecoparque.png","datePublished":"2025-07-28T10:26:25+00:00","dateModified":"2025-07-29T05:56:24+00:00","author":{"@id":"https:\/\/www.caudete.org\/ayuntamiento\/#\/schema\/person\/20dfe238fe5ee9d5f5e69267aa623e05"},"description":"P\u00e1gina Oficial del Ayuntamiento de Caudete (Albacete)","breadcrumb":{"@id":"https:\/\/www.caudete.org\/ayuntamiento\/ampliacion-del-horario-del-ecoparque-a-los-domingos\/#breadcrumb"},"inLanguage":"es","potentialAction":[{"@type":"ReadAction","target":["https:\/\/www.caudete.org\/ayuntamiento\/ampliacion-del-horario-del-ecoparque-a-los-domingos\/"]}]},{"@type":"ImageObject","inLanguage":"es","@id":"https:\/\/www.caudete.org\/ayuntamiento\/ampliacion-del-horario-del-ecoparque-a-los-domingos\/#primaryimage","url":"https:\/\/www.caudete.org\/ayuntamiento\/wp-content\/uploads\/2025\/07\/foto-ecoparque.png","contentUrl":"https:\/\/www.caudete.org\/ayuntamiento\/wp-content\/uploads\/2025\/07\/foto-ecoparque.png","width":1163,"height":761},{"@type":"BreadcrumbList","@id":"https:\/\/www.caudete.org\/ayuntamiento\/ampliacion-del-horario-del-ecoparque-a-los-domingos\/#breadcrumb","itemListElement":[{"@type":"ListItem","position":1,"name":"Inicio","item":"https:\/\/www.caudete.org\/ayuntamiento\/"},{"@type":"ListItem","position":2,"name":"Ampliaci\u00f3n del horario del Ecoparque a los domingos"}]},{"@type":"WebSite","@id":"https:\/\/www.caudete.org\/ayuntamiento\/#website","url":"https:\/\/www.caudete.org\/ayuntamiento\/","name":"MI Ayuntamiento de Caudete","description":"P\u00e1gina Oficial del MI Ayuntamiento de Caudete","potentialAction":[{"@type":"SearchAction","target":{"@type":"EntryPoint","urlTemplate":"https:\/\/www.caudete.org\/ayuntamiento\/?s={search_term_string}"},"query-input":{"@type":"PropertyValueSpecification","valueRequired":true,"valueName":"search_term_string"}}],"inLanguage":"es"},{"@type":"Person","@id":"https:\/\/www.caudete.org\/ayuntamiento\/#\/schema\/person\/20dfe238fe5ee9d5f5e69267aa623e05","name":"ConceMediosComunicacion","image":{"@type":"ImageObject","inLanguage":"es","@id":"https:\/\/secure.gravatar.com\/avatar\/9d162043ba1cd4ab14413e29fdb3655bfccde37e65ca99013604f8d2a19c636d?s=96&d=mm&r=g","url":"https:\/\/secure.gravatar.com\/avatar\/9d162043ba1cd4ab14413e29fdb3655bfccde37e65ca99013604f8d2a19c636d?s=96&d=mm&r=g","contentUrl":"https:\/\/secure.gravatar.com\/avatar\/9d162043ba1cd4ab14413e29fdb3655bfccde37e65ca99013604f8d2a19c636d?s=96&d=mm&r=g","caption":"ConceMediosComunicacion"},"url":"https:\/\/www.caudete.org\/ayuntamiento\/author\/concemedioscomunicacion\/"}]}},"_links":{"self":[{"href":"https:\/\/www.caudete.org\/ayuntamiento\/wp-json\/wp\/v2\/posts\/29982","targetHints":{"allow":["GET"]}}],"collection":[{"href":"https:\/\/www.caudete.org\/ayuntamiento\/wp-json\/wp\/v2\/posts"}],"about":[{"href":"https:\/\/www.caudete.org\/ayuntamiento\/wp-json\/wp\/v2\/types\/post"}],"author":[{"embeddable":true,"href":"https:\/\/www.caudete.org\/ayuntamiento\/wp-json\/wp\/v2\/users\/7"}],"replies":[{"embeddable":true,"href":"https:\/\/www.caudete.org\/ayuntamiento\/wp-json\/wp\/v2\/comments?post=29982"}],"version-history":[{"count":4,"href":"https:\/\/www.caudete.org\/ayuntamiento\/wp-json\/wp\/v2\/posts\/29982\/revisions"}],"predecessor-version":[{"id":29992,"href":"https:\/\/www.caudete.org\/ayuntamiento\/wp-json\/wp\/v2\/posts\/29982\/revisions\/29992"}],"wp:featuredmedia":[{"embeddable":true,"href":"https:\/\/www.caudete.org\/ayuntamiento\/wp-json\/wp\/v2\/media\/29986"}],"wp:attachment":[{"href":"https:\/\/www.caudete.org\/ayuntamiento\/wp-json\/wp\/v2\/media?parent=29982"}],"wp:term":[{"taxonomy":"category","embeddable":true,"href":"https:\/\/www.caudete.org\/ayuntamiento\/wp-json\/wp\/v2\/categories?post=29982"},{"taxonomy":"post_tag","embeddable":true,"href":"https:\/\/www.caudete.org\/ayuntamiento\/wp-json\/wp\/v2\/tags?post=29982"}],"curies":[{"name":"wp","href":"https:\/\/api.w.org\/{rel}","templated":true}]}}